{"id":4447,"date":"2022-01-06T22:09:02","date_gmt":"2022-01-06T22:09:02","guid":{"rendered":"https:\/\/blogs.futura-sciences.com\/luminet\/?p=4447"},"modified":"2022-03-29T15:44:15","modified_gmt":"2022-03-29T15:44:15","slug":"letoile-de-la-nativite-legende-mystique-conjonction-planetaire-ou-comete-1-2","status":"publish","type":"post","link":"https:\/\/blogs.futura-sciences.com\/luminet\/2022\/01\/06\/letoile-de-la-nativite-legende-mystique-conjonction-planetaire-ou-comete-1-2\/","title":{"rendered":"L\u2019\u00e9toile de la Nativit\u00e9 : l\u00e9gende mystique, conjonction plan\u00e9taire ou com\u00e8te ? (1\/2)"},"content":{"rendered":"<p style=\"text-align: justify\">Comme vous le savez, l\u2019\u00e9toile de Bethl\u00e9em, ou \u00e9toile de la Nativit\u00e9, est le signe qui, dans la tradition chr\u00e9tienne, a annonc\u00e9 \u00e0 des mages orientaux la naissance de J\u00e9sus et les a guid\u00e9s vers Bethl\u00e9em pour rendre hommage au Messie annonc\u00e9 par les Proph\u00e9ties. L\u2019Epiphanie, le 6 janvier, c\u00e9l\u00e8bre pr\u00e9cis\u00e9ment le jour de l\u2019Adoration des Mages, sc\u00e8ne r\u00e9elle ou fictive qui a au moins l\u2019immense m\u00e9rite d\u2019avoir suscit\u00e9 de nombreux chefs-d\u2019\u0153uvre de l\u2019histoire de l\u2019art. Notons cependant que, sur les quatre \u00e9vangiles dit canoniques, seul celui de Matthieu (chap. II, versets 1-10) \u00e9voque l\u2019\u00e9toile et la visite des Mages.<\/p>\n<figure id=\"attachment_4449\" aria-describedby=\"caption-attachment-4449\" style=\"width: 1130px\" class=\"wp-caption aligncenter\"><a href=\"https:\/\/blogs.futura-sciences.com\/luminet\/wp-content\/uploads\/sites\/2\/2022\/01\/E\u0301vangile-selon-Matthieu-Codex-Harleianus-9-minuscule-447-Gregory-Aland-XVe-sie\u0300cle-British-Library.jpg\" rel=\"lightbox[4447]\"><img loading=\"lazy\" decoding=\"async\" class=\"size-full wp-image-4449\" src=\"https:\/\/blogs.futura-sciences.com\/luminet\/wp-content\/uploads\/sites\/2\/2022\/01\/E\u0301vangile-selon-Matthieu-Codex-Harleianus-9-minuscule-447-Gregory-Aland-XVe-sie\u0300cle-British-Library.jpg\" alt=\"\" width=\"1130\" height=\"1500\" srcset=\"https:\/\/blogs.futura-sciences.com\/luminet\/wp-content\/uploads\/sites\/2\/2022\/01\/E\u0301vangile-selon-Matthieu-Codex-Harleianus-9-minuscule-447-Gregory-Aland-XVe-sie\u0300cle-British-Library.jpg 1130w, https:\/\/blogs.futura-sciences.com\/luminet\/wp-content\/uploads\/sites\/2\/2022\/01\/E\u0301vangile-selon-Matthieu-Codex-Harleianus-9-minuscule-447-Gregory-Aland-XVe-sie\u0300cle-British-Library-339x450.jpg 339w, https:\/\/blogs.futura-sciences.com\/luminet\/wp-content\/uploads\/sites\/2\/2022\/01\/E\u0301vangile-selon-Matthieu-Codex-Harleianus-9-minuscule-447-Gregory-Aland-XVe-sie\u0300cle-British-Library-771x1024.jpg 771w, https:\/\/blogs.futura-sciences.com\/luminet\/wp-content\/uploads\/sites\/2\/2022\/01\/E\u0301vangile-selon-Matthieu-Codex-Harleianus-9-minuscule-447-Gregory-Aland-XVe-sie\u0300cle-British-Library-768x1019.jpg 768w\" sizes=\"auto, (max-width: 1130px) 100vw, 1130px\" \/><\/a><figcaption id=\"caption-attachment-4449\" class=\"wp-caption-text\">E\u0301vangile selon Matthieu, Codex Harleianus 9, minuscule 447 (Gregory-Aland), XVe sie\u0300cle, British Library.<\/figcaption><\/figure>\n<p style=\"text-align: justify\">La nature de l\u2019\u00e9toile de la Nativit\u00e9 a fait l\u2019objet d\u2019innombrables sp\u00e9culations au cours des si\u00e8cles. Les propositions d\u2019explications vont du <strong>pur miracle<\/strong> \u00e0 la <strong>fable pieuse<\/strong>, en passant par les tentatives de conf\u00e9rer une base rationnelle au r\u00e9cit de Mathieu par le biais d\u2019un <strong>\u00e9v\u00e9nement astronomique r\u00e9el<\/strong>. Vous ne serez pas \u00e9tonn\u00e9 si je m\u2019en tiens ici aux hypoth\u00e8ses astronomiques, malgr\u00e9 une petite surprise que je vous r\u00e9serve pour la toute fin\u2026 Compte tenu de l\u2019ampleur du sujet et de la riche iconographie, je s\u00e9pare cet article en deux billets distincts. J\u2019y fais un r\u00e9sum\u00e9 de plusieurs de mes textes diss\u00e9min\u00e9s \u00e7\u00e0 et l\u00e0 dans mes \u00e9crits pass\u00e9s, fond\u00e9s comme toujours sur une documentation rigoureuse et des recherches effectu\u00e9es par quelques \u00e9minents coll\u00e8gues en histoire des sciences.<\/p>\n<p style=\"text-align: justify\">Il y a essentiellement trois sortes\u00a0d\u2019\u00e9v\u00e9nements c\u00e9lestes suffisamment spectaculaires pour faire office de candidats\u00a0:<\/p>\n<ul style=\"text-align: justify\">\n<li>une conjonction exceptionnelle de plan\u00e8tes,<\/li>\n<li>l\u2019arriv\u00e9e d\u2019une com\u00e8te brillante,<\/li>\n<li>l\u2019apparition d\u2019une \u00e9toile nouvelle (fin explosive d\u2019une \u00e9toile en nova ou supernova)<\/li>\n<\/ul>\n<figure id=\"attachment_4451\" aria-describedby=\"caption-attachment-4451\" style=\"width: 250px\" class=\"wp-caption alignright\"><a href=\"https:\/\/blogs.futura-sciences.com\/luminet\/wp-content\/uploads\/sites\/2\/2022\/01\/AstroChine-JMBB.jpg\" rel=\"lightbox[4447]\"><img loading=\"lazy\" decoding=\"async\" class=\" wp-image-4451\" src=\"https:\/\/blogs.futura-sciences.com\/luminet\/wp-content\/uploads\/sites\/2\/2022\/01\/AstroChine-JMBB.jpg\" alt=\"\" width=\"250\" height=\"331\" srcset=\"https:\/\/blogs.futura-sciences.com\/luminet\/wp-content\/uploads\/sites\/2\/2022\/01\/AstroChine-JMBB.jpg 1093w, https:\/\/blogs.futura-sciences.com\/luminet\/wp-content\/uploads\/sites\/2\/2022\/01\/AstroChine-JMBB-340x450.jpg 340w, https:\/\/blogs.futura-sciences.com\/luminet\/wp-content\/uploads\/sites\/2\/2022\/01\/AstroChine-JMBB-773x1024.jpg 773w, https:\/\/blogs.futura-sciences.com\/luminet\/wp-content\/uploads\/sites\/2\/2022\/01\/AstroChine-JMBB-768x1017.jpg 768w\" sizes=\"auto, (max-width: 250px) 100vw, 250px\" \/><\/a><figcaption id=\"caption-attachment-4451\" class=\"wp-caption-text\">Lire l&#8217;excellent et tr\u00e8s document\u00e9 ouvrage de mon coll\u00e8gue et ami Jean-Marc Bonnet-Bidaud sur 4000 ans d&#8217;astronomie chinoise.<\/figcaption><\/figure>\n<p style=\"text-align: justify\">Eliminons d\u2019embl\u00e9e la troisi\u00e8me hypoth\u00e8se, malgr\u00e9 quelques articles ayant tent\u00e9 de la soutenir. Les \u00ab\u00a0\u00e9toiles nouvelles\u00a0\u00bb, dont l\u2019\u00e9clat peut en effet augmenter au point de devenir visibles \u00e0 l\u2019\u0153il nu durant quelques jours, quelques semaines ou quelques mois, ont \u00e9t\u00e9 soigneusement consign\u00e9es durant plus de deux mill\u00e9naires dans les <strong><a href=\"http:\/\/www.astrosurf.com\/quasar95\/exposes\/astronomie_chinoise.pdf\">annales d\u2019astronomie d\u2019Extr\u00eame-Orient<\/a><\/strong> (Chine, Cor\u00e9e, Japon). Or, aucune mention d\u2019une telle apparition durant la p\u00e9riode suppos\u00e9e de la naissance de J\u00e9sus ne ressort de la compilation de ces annales.<\/p>\n<p style=\"text-align: justify\">Consacrons donc ce premier billet \u00e0 l\u2019hypoth\u00e8se d\u2019une rare conjonction plan\u00e9taire. C\u2019est ma pr\u00e9f\u00e9r\u00e9e pour la bonne (et tr\u00e8s subjective !) raison qu\u2019elle a \u00e9t\u00e9 avanc\u00e9e pour la premi\u00e8re fois par mon astronome pr\u00e9f\u00e9r\u00e9 : le g\u00e9nial <strong><a href=\"https:\/\/fr.wikipedia.org\/wiki\/Johannes_Kepler\">Johannes Kepler<\/a><\/strong>, auquel j&#8217;ai consacr\u00e9 deux romans historiques et maints articles\u00a0 ! Elle a aussi l\u2019avantage d\u2019\u00eatre associ\u00e9e de curieuse mani\u00e8re \u00e0 l\u2019apparition d\u2019une \u00e9toile nouvelle survenue un an plus tard.<\/p>\n<figure id=\"attachment_1068\" aria-describedby=\"caption-attachment-1068\" style=\"width: 191px\" class=\"wp-caption aligncenter\"><a href=\"https:\/\/blogs.futura-sciences.com\/luminet\/wp-content\/uploads\/sites\/2\/2014\/10\/GalileeOeil.jpg\" rel=\"lightbox[4447]\"><img loading=\"lazy\" decoding=\"async\" class=\"wp-image-1068 \" src=\"https:\/\/blogs.futura-sciences.com\/luminet\/wp-content\/uploads\/sites\/2\/2014\/10\/GalileeOeil.jpg\" alt=\"\" width=\"191\" height=\"307\" \/><\/a><figcaption id=\"caption-attachment-1068\" class=\"wp-caption-text\">Les paragraphes qui suivent sont d\u00e9velopp\u00e9s dans ce roman publi\u00e9 en 2009, troisi\u00e8me volume de ma s\u00e9rie des &#8220;B\u00e2tisseurs du Ciel&#8221;. Disponible \u00e9galement en Livre de poche.<\/figcaption><\/figure>\n<figure id=\"attachment_4452\" aria-describedby=\"caption-attachment-4452\" style=\"width: 220px\" class=\"wp-caption alignleft\"><a href=\"https:\/\/blogs.futura-sciences.com\/luminet\/wp-content\/uploads\/sites\/2\/2022\/01\/kepler.gif\" rel=\"lightbox[4447]\"><img loading=\"lazy\" decoding=\"async\" class=\" wp-image-4452\" src=\"https:\/\/blogs.futura-sciences.com\/luminet\/wp-content\/uploads\/sites\/2\/2022\/01\/kepler.gif\" alt=\"\" width=\"220\" height=\"280\" \/><\/a><figcaption id=\"caption-attachment-4452\" class=\"wp-caption-text\">Kepler, math\u00e9maticien imp\u00e9rial<\/figcaption><\/figure>\n<p style=\"text-align: justify\">Nous sommes en 1604. Depuis la mort de Tycho Brahe trois ann\u00e9es auparavant, Johann Kepler a pris sa succession comme math\u00e9maticien et astrologue imp\u00e9rial aupr\u00e8s de Rodolphe II de Habsbourg, \u00e0 Prague. Il travaille d\u2019arrache-pied sur les donn\u00e9es de son d\u00e9funt ma\u00eetre pour accoucher les lois des mouvement plan\u00e9taires, qu\u2019il ne finalisera que des ann\u00e9es plus tard dans son <em>Astronomia Nova <\/em>puis son <em>Harmonices Mundi<\/em>.<\/p>\n<figure id=\"attachment_4453\" aria-describedby=\"caption-attachment-4453\" style=\"width: 190px\" class=\"wp-caption alignright\"><a href=\"https:\/\/blogs.futura-sciences.com\/luminet\/wp-content\/uploads\/sites\/2\/2022\/01\/SN1604.gif\" rel=\"lightbox[4447]\"><img loading=\"lazy\" decoding=\"async\" class=\"size-full wp-image-4453\" src=\"https:\/\/blogs.futura-sciences.com\/luminet\/wp-content\/uploads\/sites\/2\/2022\/01\/SN1604.gif\" alt=\"\" width=\"190\" height=\"127\" \/><\/a><figcaption id=\"caption-attachment-4453\" class=\"wp-caption-text\">La Nova Stella de 1604 repr\u00e9sent\u00e9e dans l&#8217;Epitom\u00e9 de l&#8217;Astronomie Copernicienne publi\u00e9e par Kepler entre 1618 et 1621<\/figcaption><\/figure>\n<p style=\"text-align: justify\">C\u2019est alors qu\u2019\u00e0 l\u2019automne une \u00e9toile nouvelle, une \u00abNova Stella\u00a0\u00bb selon la terminologie de l\u2019\u00e9poque, surgit dans la constellation d\u2019Ophiucus, \u00e0 l\u2019\u00e9poque nomm\u00e9e Serpentaire. Elle va rester visible \u00e0 l\u2019\u0153il nu pr\u00e8s d\u2019une ann\u00e9e, si bien que des dizaines d\u2019astronomes \u00e0 travers l\u2019Europe peuvent suivre son \u00e9volution.<\/p>\n<p style=\"text-align: justify\">Mais, de par sa position aupr\u00e8s de l\u2019empereur, Kepler est le plus sollicit\u00e9 de tous. De toutes les universit\u00e9s du vieux monde on lui \u00e9crit pour lui faire part de ses propres observations et de ses interpr\u00e9tations. On vient le voir, on le questionne, on est inquiet. Les demandes les plus pressantes viennent du palais imp\u00e9rial : la cour l\u2019accable de demandes d\u2019horoscopes personnels, de pr\u00e9dictions sur le destin des royaumes et de l\u2019empire. Tous veulent conna\u00eetre la traduction de ce message divin, qui semble vouloir s\u2019inscrire dans un contexte bien particulier. Un an plus t\u00f4t en effet, en 1603, a eu lieu dans le ciel une conjonction plan\u00e9taire exceptionnellement rare entre Jupiter, Saturne et Mars. Ce \u00ab trigone flamboyant \u00bb avait d\u00e9j\u00e0 suscit\u00e9 toutes sortes de pr\u00e9dictions, telles que la conversion des Indiens d&#8217;Am\u00e9rique, une \u00e9migration g\u00e9n\u00e9ralis\u00e9e vers le Nouveau Monde, la chute de l&#8217;Islam ou encore et comme toujours dans ces cas-l\u00e0, le retour du Christ&#8230;<!--more--><\/p>\n<p style=\"text-align: justify\">Les conjonctions des deux plan\u00e8tes sup\u00e9rieures Jupiter et Saturne faisaient depuis longtemps l&#8217;objet d&#8217;\u00e9tudes et continueront \u00e0 le faire, voir par exemple <strong><a href=\"https:\/\/obermundat.org\/personnages\/268-discours-astronomique-et-astrologique-des-gandes-conjonctions-de-1642-et-2020\">l&#8217;article de Jacques Mertzeisen<\/a><\/strong> relatif aux travaux de l&#8217;astronome et astrologue Remus Quietanus en 1642.\u00a0 Mais trois en rajoutant Mars, cela devient tout \u00e0 fait exceptionnel!<\/p>\n<p style=\"text-align: justify\">L\u2019apparition de la <em>Stella Nova<\/em>, surgissant un an apr\u00e8s le trigone flamboyant, de plus dans la m\u00eame r\u00e9gion c\u00e9leste, rajoute \u00e0 la stupeur et fait craindre le pire. Un certain <a href=\"https:\/\/fr.wikipedia.org\/wiki\/Albin_Moller\">Albinus Mollerus<\/a>, astrologue allemand de grande r\u00e9putation, proph\u00e9tise : \u00ab <em>Cette \u00e9toile prodigieuse\u00a0nous pr\u00e9sage de bien plus terribles calamit\u00e9s qu\u2019une simple com\u00e8te, car elle surpasse en grandeur toutes les plan\u00e8tes connues, et n\u2019a pas \u00e9t\u00e9 observ\u00e9e par les savants depuis le commencement du monde. Elle annonce de grands changements dans la religion, puis une catastrophe sans pr\u00e9c\u00e9dent qui doit atteindre les calvinistes, la guerre turque, de terribles conflits entre les princes. Des s\u00e9ditions, des assassinats, des incendies nous menacent et sont \u00e0 notre porte.\u00a0\u00bb<\/em><\/p>\n<figure id=\"attachment_4454\" aria-describedby=\"caption-attachment-4454\" style=\"width: 1203px\" class=\"wp-caption alignright\"><a href=\"https:\/\/blogs.futura-sciences.com\/luminet\/wp-content\/uploads\/sites\/2\/2022\/01\/AlbinMoller.jpg\" rel=\"lightbox[4447]\"><img loading=\"lazy\" decoding=\"async\" class=\"size-full wp-image-4454\" src=\"https:\/\/blogs.futura-sciences.com\/luminet\/wp-content\/uploads\/sites\/2\/2022\/01\/AlbinMoller.jpg\" alt=\"\" width=\"1203\" height=\"1305\" srcset=\"https:\/\/blogs.futura-sciences.com\/luminet\/wp-content\/uploads\/sites\/2\/2022\/01\/AlbinMoller.jpg 1203w, https:\/\/blogs.futura-sciences.com\/luminet\/wp-content\/uploads\/sites\/2\/2022\/01\/AlbinMoller-415x450.jpg 415w, https:\/\/blogs.futura-sciences.com\/luminet\/wp-content\/uploads\/sites\/2\/2022\/01\/AlbinMoller-944x1024.jpg 944w, https:\/\/blogs.futura-sciences.com\/luminet\/wp-content\/uploads\/sites\/2\/2022\/01\/AlbinMoller-768x833.jpg 768w\" sizes=\"auto, (max-width: 1203px) 100vw, 1203px\" \/><\/a><figcaption id=\"caption-attachment-4454\" class=\"wp-caption-text\">Portrait d&#8217;Albin Moller (1541-1618)<\/figcaption><\/figure>\n<p style=\"text-align: justify\">D\u00e8s lors, dans les \u00e9glises, le peuple se confond en pri\u00e8res et en p\u00e9nitences. Kepler est tr\u00e8s agac\u00e9 par ces d\u00e9bordements. S\u2019il accepte d\u2019\u00e9mettre quelques opinions, il refuse de faire la moindre proph\u00e9tie. Il croyait au message divin, certes, mais se juge indigne de l\u2019interpr\u00e9ter. S\u2019appuyant sur le premier ouvrage de Tycho sur la fameuse <em>Stella Nova<\/em> de 1572, vieux donc d\u2019une trentaine d\u2019ann\u00e9es, il se contente dans un premier temps d\u2019affirmer que les \u00e9toiles nouvelles, tout comme les com\u00e8tes, n\u2019ont que valeur d\u2019avertissement du ciel, mais point d\u2019annonce d\u2019\u00e9v\u00e9nements \u00e0 venir. Et il a de la chance car cette ann\u00e9e-l\u00e0, il n\u2019y a ni plus ni moins de guerres, pestes, meurtres, tremblements de terre ou inondations que les ann\u00e9es pr\u00e9c\u00e9dentes. Peut-\u00eatre m\u00eame un peu moins\u2026<\/p>\n<figure id=\"attachment_4455\" aria-describedby=\"caption-attachment-4455\" style=\"width: 550px\" class=\"wp-caption aligncenter\"><a href=\"https:\/\/blogs.futura-sciences.com\/luminet\/wp-content\/uploads\/sites\/2\/2022\/01\/Kepler-Rodolphe.jpg\" rel=\"lightbox[4447]\"><img loading=\"lazy\" decoding=\"async\" class=\"size-full wp-image-4455\" src=\"https:\/\/blogs.futura-sciences.com\/luminet\/wp-content\/uploads\/sites\/2\/2022\/01\/Kepler-Rodolphe.jpg\" alt=\"\" width=\"550\" height=\"417\" srcset=\"https:\/\/blogs.futura-sciences.com\/luminet\/wp-content\/uploads\/sites\/2\/2022\/01\/Kepler-Rodolphe.jpg 550w, https:\/\/blogs.futura-sciences.com\/luminet\/wp-content\/uploads\/sites\/2\/2022\/01\/Kepler-Rodolphe-450x341.jpg 450w\" sizes=\"auto, (max-width: 550px) 100vw, 550px\" \/><\/a><figcaption id=\"caption-attachment-4455\" class=\"wp-caption-text\">Kepler, convoqu\u00e9 par l&#8217;empereur Rodolphe II, est somm\u00e9 de r\u00e9soudre l&#8217;\u00e9nigme de l&#8217;\u00e9toile nouvelle. Gravure anonyme.<\/figcaption><\/figure>\n<p style=\"text-align: justify\">Lorsque l\u2019\u00e9toile nouvelle dispara\u00eet enfin en octobre 1605, l\u2019empereur convoque Kepler et l\u2019interroge sur une possible r\u00e9currence de tels \u00e9v\u00e9nements. Kepler se met \u00e0 la t\u00e2che en maugr\u00e9ant. Mais la remarque de l\u2019empereur fait secr\u00e8tement son chemin dans sa pens\u00e9e, toujours port\u00e9e vers l\u2019hypoth\u00e8se et les rapports harmoniques&#8230; <em>\u00ab\u00a0Doit-on tenir pour fortuite ou pour intentionnelle la co\u00efncidence chronologique et spatiale de cette \u00e9toile avec la Grande Conjonction\u00a0?\u00a0\u00bb,<\/em> se demande-t-il en endossant pour une fois le r\u00f4le officiel d\u2019astrologue que lui a assign\u00e9 son employeur.<\/p>\n<p style=\"text-align: justify\">Astrologue \u00e0 rebours toutefois car, plut\u00f4t que de proph\u00e9tiser sur les temps futurs, il plonge dans la nuit des si\u00e8cles pass\u00e9s\u2026\u00a0 Et si l\u2019\u00e9toile des Mages avait aussi \u00e9t\u00e9 une \u00e9toile nouvelle, similaire \u00e0 celle qu\u2019il venait d\u2019observer, annonc\u00e9e un an auparavant par un trigone flamboyant\u00a0?<\/p>\n<p style=\"text-align: justify\">Il se souvient alors de la th\u00e8se de son contemporain <a href=\"https:\/\/en.wikipedia.org\/wiki\/Laurentius_Suslyga\">Laurence Suslyga,<\/a> un j\u00e9suite polonais qui assure que le Christ serait n\u00e9 cinq ans avant la date jusqu\u2019ici admise par l\u2019Eglise et \u00e9tablie en l\u2019an 525 par le moine scythe Denys le Petit. Or, Kepler calcule qu&#8217;une conjonction en \u00ab trigone flamboyant \u00bb des trois plan\u00e8tes sup\u00e9rieures ob\u00e9it \u00e0 un cycle de 804 ans. Ce cycle pourrait-il ponctuer les grandes phases de l\u2019histoire ? Apr\u00e8s tout, 1604 marque l\u2019apog\u00e9e du r\u00e8gne de Rodolphe, l\u2019an 800 le couronnement de Charlemagne et la naissance du Saint-Empire romain germanique. Encore un saut en arri\u00e8re et nous voici en l\u2019an 5 avant l\u2019\u00e8re chr\u00e9tienne\u2026 La date doit logiquement avoir trait \u00e0 la conception du Christ\u2026 Et Kepler fait la relation entre la nova de 1604, suppos\u00e9e d\u00e9couler du trigone de 1603, et l\u2019\u00e9toile des rois Mages suivant le trigone de l\u2019ann\u00e9e pr\u00e9c\u00e9dente.<\/p>\n<figure id=\"attachment_4456\" aria-describedby=\"caption-attachment-4456\" style=\"width: 638px\" class=\"wp-caption aligncenter\"><a href=\"https:\/\/blogs.futura-sciences.com\/luminet\/wp-content\/uploads\/sites\/2\/2022\/01\/Exait-chronologieDeStella-Nova.jpg\" rel=\"lightbox[4447]\"><img loading=\"lazy\" decoding=\"async\" class=\"size-full wp-image-4456\" src=\"https:\/\/blogs.futura-sciences.com\/luminet\/wp-content\/uploads\/sites\/2\/2022\/01\/Exait-chronologieDeStella-Nova.jpg\" alt=\"\" width=\"638\" height=\"500\" srcset=\"https:\/\/blogs.futura-sciences.com\/luminet\/wp-content\/uploads\/sites\/2\/2022\/01\/Exait-chronologieDeStella-Nova.jpg 638w, https:\/\/blogs.futura-sciences.com\/luminet\/wp-content\/uploads\/sites\/2\/2022\/01\/Exait-chronologieDeStella-Nova-450x353.jpg 450w\" sizes=\"auto, (max-width: 638px) 100vw, 638px\" \/><\/a><figcaption id=\"caption-attachment-4456\" class=\"wp-caption-text\">Chronologie du trigone flamboyant pr\u00e9sent\u00e9e par Kepler p. 29 de son trait\u00e9 De Stella Nova<\/figcaption><\/figure>\n<figure id=\"attachment_4457\" aria-describedby=\"caption-attachment-4457\" style=\"width: 499px\" class=\"wp-caption aligncenter\"><a href=\"https:\/\/blogs.futura-sciences.com\/luminet\/wp-content\/uploads\/sites\/2\/2022\/01\/Kepler_Drawing_of_SN_1604.png\" rel=\"lightbox[4447]\"><img loading=\"lazy\" decoding=\"async\" class=\"size-full wp-image-4457\" src=\"https:\/\/blogs.futura-sciences.com\/luminet\/wp-content\/uploads\/sites\/2\/2022\/01\/Kepler_Drawing_of_SN_1604.png\" alt=\"\" width=\"499\" height=\"754\" srcset=\"https:\/\/blogs.futura-sciences.com\/luminet\/wp-content\/uploads\/sites\/2\/2022\/01\/Kepler_Drawing_of_SN_1604.png 499w, https:\/\/blogs.futura-sciences.com\/luminet\/wp-content\/uploads\/sites\/2\/2022\/01\/Kepler_Drawing_of_SN_1604-298x450.png 298w\" sizes=\"auto, (max-width: 499px) 100vw, 499px\" \/><\/a><figcaption id=\"caption-attachment-4457\" class=\"wp-caption-text\">Superbe dessin de Kepler repr\u00e9sentant la position de la Nova Stella de 1604 (indiqu\u00e9e par la lettre N ) dans le pied de la constellation du Serpentaire, rebaptis\u00e9e plus tard Ophiucus.<\/figcaption><\/figure>\n<p style=\"text-align: justify\">Malgr\u00e9 sa superbe gravure, son <em>De stella nova in pede serpentarii<\/em>, rapidement \u00e9crit et publi\u00e9 en 1606, n\u2019apporte pas grand-chose \u00e0 l\u2019astronomie. Mais son appendice intitul\u00e9 <em>La For\u00eat Chronologique<\/em>, consacr\u00e9 \u00e0 la chronologie de J\u00e9sus, est un petit chef-d\u2019\u0153uvre de r\u00e9flexion philosophique sur la marche de l\u2019Histoire. Tout comme Tycho avait eu son \u00e9toile, sa nova de 1572, Kepler a d\u00e9sormais la sienne. Il peut prendre son envol, comme d\u00e9livr\u00e9 du pesant fant\u00f4me de son mentor.<\/p>\n<figure id=\"attachment_4458\" aria-describedby=\"caption-attachment-4458\" style=\"width: 738px\" class=\"wp-caption aligncenter\"><a href=\"https:\/\/blogs.futura-sciences.com\/luminet\/wp-content\/uploads\/sites\/2\/2022\/01\/Statue-Tycho-Kepler.jpg\" rel=\"lightbox[4447]\"><img loading=\"lazy\" decoding=\"async\" class=\"size-full wp-image-4458\" src=\"https:\/\/blogs.futura-sciences.com\/luminet\/wp-content\/uploads\/sites\/2\/2022\/01\/Statue-Tycho-Kepler.jpg\" alt=\"\" width=\"738\" height=\"1074\" srcset=\"https:\/\/blogs.futura-sciences.com\/luminet\/wp-content\/uploads\/sites\/2\/2022\/01\/Statue-Tycho-Kepler.jpg 738w, https:\/\/blogs.futura-sciences.com\/luminet\/wp-content\/uploads\/sites\/2\/2022\/01\/Statue-Tycho-Kepler-309x450.jpg 309w, https:\/\/blogs.futura-sciences.com\/luminet\/wp-content\/uploads\/sites\/2\/2022\/01\/Statue-Tycho-Kepler-704x1024.jpg 704w\" sizes=\"auto, (max-width: 738px) 100vw, 738px\" \/><\/a><figcaption id=\"caption-attachment-4458\" class=\"wp-caption-text\">Tycho Brahe, arpenteur du ciel arm\u00e9 d&#8217;un compas, et Kepler, math\u00e9maticien de g\u00e9nie arm\u00e9 de son seul esprit, r\u00e9unis dans cette statue de la ville de Prague.<\/figcaption><\/figure>\n<p style=\"text-align: justify\">Kepler d\u00e9veloppera plus tard ses arguments dans <em>De Vero Anno<\/em> (1614). Le plus \u00e9tonnant dans cette histoire, alors qu\u2019il n\u2019y a bien entendu aucun rapport possible entre une conjonction plan\u00e9taire et l\u2019explosion d\u2019une \u00e9toile en nova ou supernova, c\u2019est que Kepler avait vu juste pour de fausses raisons. L\u2019\u00e9glise acceptera plus tard cette chronologie, mais par une analyse purement historique, et sans bouleverser pour autant la chronologie classique de Denys le Petit sur laquelle se fonde encore notre calendrier. En effet, selon les annales de l&#8217;\u00e9poque, J\u00e9sus serait n\u00e9 \u00e0 la fin du r\u00e8gne d\u2019H\u00e9rode. Or, d\u2019apr\u00e8s l\u2019historien juif Flavius Jos\u00e8phe, ce roi mourut peu apr\u00e8s une \u00e9clipse de Lune survenue le 13 mars de l\u2019an 4 avant notre \u00e8re, \u00e9clipse qui fut visible \u00e0 J\u00e9rusalem. Dans cette hypoth\u00e8se, J\u00e9sus serait donc n\u00e9 au printemps de l\u2019an 4 avant \u00ab son \u00bb \u00e8re, soit un an apr\u00e8s le trigone plan\u00e9taire annon\u00e7ant aux rois Mages la prochaine venue du Messie&#8230;<\/p>\n<figure id=\"attachment_4460\" aria-describedby=\"caption-attachment-4460\" style=\"width: 510px\" class=\"wp-caption aligncenter\"><a href=\"https:\/\/blogs.futura-sciences.com\/luminet\/wp-content\/uploads\/sites\/2\/2022\/01\/Kepler_-De-vero-Anno_-title-page..jpg\" rel=\"lightbox[4447]\"><img loading=\"lazy\" decoding=\"async\" class=\"size-full wp-image-4460\" src=\"https:\/\/blogs.futura-sciences.com\/luminet\/wp-content\/uploads\/sites\/2\/2022\/01\/Kepler_-De-vero-Anno_-title-page..jpg\" alt=\"\" width=\"510\" height=\"700\" srcset=\"https:\/\/blogs.futura-sciences.com\/luminet\/wp-content\/uploads\/sites\/2\/2022\/01\/Kepler_-De-vero-Anno_-title-page..jpg 510w, https:\/\/blogs.futura-sciences.com\/luminet\/wp-content\/uploads\/sites\/2\/2022\/01\/Kepler_-De-vero-Anno_-title-page.-328x450.jpg 328w\" sizes=\"auto, (max-width: 510px) 100vw, 510px\" \/><\/a><figcaption id=\"caption-attachment-4460\" class=\"wp-caption-text\">Page de titre de De Vero Anno (1614)<\/figcaption><\/figure>\n<p style=\"text-align: justify\">Mon second billet sera consacr\u00e9 \u00e0 l\u2019hypoth\u00e8se de la com\u00e8te, si splendidement figur\u00e9e dans la fresque de la Nativit\u00e9 de Giotto.<\/p>\n<figure id=\"attachment_4462\" aria-describedby=\"caption-attachment-4462\" style=\"width: 603px\" class=\"wp-caption aligncenter\"><a href=\"https:\/\/blogs.futura-sciences.com\/luminet\/wp-content\/uploads\/sites\/2\/2022\/01\/140_MatthiasStomStomer1600-52I_thumb1.jpg\" rel=\"lightbox[4447]\"><img loading=\"lazy\" decoding=\"async\" class=\"size-full wp-image-4462\" src=\"https:\/\/blogs.futura-sciences.com\/luminet\/wp-content\/uploads\/sites\/2\/2022\/01\/140_MatthiasStomStomer1600-52I_thumb1.jpg\" alt=\"\" width=\"603\" height=\"779\" srcset=\"https:\/\/blogs.futura-sciences.com\/luminet\/wp-content\/uploads\/sites\/2\/2022\/01\/140_MatthiasStomStomer1600-52I_thumb1.jpg 603w, https:\/\/blogs.futura-sciences.com\/luminet\/wp-content\/uploads\/sites\/2\/2022\/01\/140_MatthiasStomStomer1600-52I_thumb1-348x450.jpg 348w\" sizes=\"auto, (max-width: 603px) 100vw, 603px\" \/><\/a><figcaption id=\"caption-attachment-4462\" class=\"wp-caption-text\">Une Adoration des Mages peinte en 1600 par un contemporain de Kepler, le peu connu Mathias Stomer. Remarquez la repr\u00e9sentation classique de l&#8217;\u00e9toile \u00e0 six rayons.<\/figcaption><\/figure>\n<!-- AddThis Advanced Settings generic via filter on the_content --><!-- AddThis Share Buttons generic via filter on the_content -->","protected":false},"excerpt":{"rendered":"<p>Comme vous le savez, l\u2019\u00e9toile de Bethl\u00e9em, ou \u00e9toile de la Nativit\u00e9, est le signe qui, dans la tradition chr\u00e9tienne, a annonc\u00e9 \u00e0 des mages orientaux la naissance de J\u00e9sus et les a guid\u00e9s vers Bethl\u00e9em pour rendre hommage au Messie annonc\u00e9 par les Proph\u00e9ties. L\u2019Epiphanie, le 6 janvier, c\u00e9l\u00e8bre pr\u00e9cis\u00e9ment le jour de l\u2019Adoration &hellip; <a href=\"https:\/\/blogs.futura-sciences.com\/luminet\/2022\/01\/06\/letoile-de-la-nativite-legende-mystique-conjonction-planetaire-ou-comete-1-2\/\" class=\"more-link\">Continuer la lecture de <span class=\"screen-reader-text\">L\u2019\u00e9toile de la Nativit\u00e9 : l\u00e9gende mystique, conjonction plan\u00e9taire ou com\u00e8te ? (1\/2)<\/span>  <span class=\"meta-nav\">&rarr;<\/span><\/a><!-- AddThis Advanced Settings generic via filter on get_the_excerpt --><!-- AddThis Share Buttons generic via filter on get_the_excerpt --><\/p>\n","protected":false},"author":2,"featured_media":4448,"comment_status":"open","ping_status":"open","sticky":false,"template":"","format":"standard","meta":{"footnotes":"","_links_to":"","_links_to_target":""},"categories":[58,14,5],"tags":[695,690,691,694,688,693,689,692],"class_list":["post-4447","post","type-post","status-publish","format-standard","has-post-thumbnail","hentry","category-astronomie","category-histoire-des-sciences-sciences","category-litterature","tag-albinus-morellus","tag-etoile-de-bethleem","tag-johann-kepler","tag-laurence-suslyga","tag-nativite","tag-nova-de-1604","tag-rois-mages","tag-trigone-flamboyant"],"yoast_head":"<!-- This site is optimized with the Yoast SEO plugin v24.1 - https:\/\/yoast.com\/wordpress\/plugins\/seo\/ -->\n<title>L\u2019\u00e9toile de la Nativit\u00e9 : l\u00e9gende mystique, conjonction plan\u00e9taire ou com\u00e8te ? (1\/2), par Jean-Pierre Luminet<\/title>\n<meta name=\"robots\" content=\"index, follow, max-snippet:-1, max-image-preview:large, max-video-preview:-1\" \/>\n<link rel=\"canonical\" href=\"https:\/\/blogs.futura-sciences.com\/luminet\/2022\/01\/06\/letoile-de-la-nativite-legende-mystique-conjonction-planetaire-ou-comete-1-2\/\" \/>\n<meta property=\"og:locale\" content=\"fr_FR\" \/>\n<meta property=\"og:type\" content=\"article\" \/>\n<meta property=\"og:title\" content=\"L\u2019\u00e9toile de la Nativit\u00e9 : l\u00e9gende mystique, conjonction plan\u00e9taire ou com\u00e8te ? (1\/2), par Jean-Pierre Luminet\" \/>\n<meta property=\"og:description\" content=\"Comme vous le savez, l\u2019\u00e9toile de Bethl\u00e9em, ou \u00e9toile de la Nativit\u00e9, est le signe qui, dans la tradition chr\u00e9tienne, a annonc\u00e9 \u00e0 des mages orientaux la naissance de J\u00e9sus et les a guid\u00e9s vers Bethl\u00e9em pour rendre hommage au Messie annonc\u00e9 par les Proph\u00e9ties. L\u2019Epiphanie, le 6 janvier, c\u00e9l\u00e8bre pr\u00e9cis\u00e9ment le jour de l\u2019Adoration &hellip; Continuer la lecture de L\u2019\u00e9toile de la Nativit\u00e9 : l\u00e9gende mystique, conjonction plan\u00e9taire ou com\u00e8te ? (1\/2) &rarr;\" \/>\n<meta property=\"og:url\" content=\"https:\/\/blogs.futura-sciences.com\/luminet\/2022\/01\/06\/letoile-de-la-nativite-legende-mystique-conjonction-planetaire-ou-comete-1-2\/\" \/>\n<meta property=\"og:site_name\" content=\"LUMINESCIENCES : le blog de Jean-Pierre LUMINET, astrophysicien\" \/>\n<meta property=\"article:published_time\" content=\"2022-01-06T22:09:02+00:00\" \/>\n<meta property=\"article:modified_time\" content=\"2022-03-29T15:44:15+00:00\" \/>\n<meta property=\"og:image\" content=\"https:\/\/blogs.futura-sciences.com\/luminet\/wp-content\/uploads\/sites\/2\/2022\/01\/Three_Magi_mosaic_-_SantApollinare_Nuovo_-_Ravenna_2016-scaled.jpg\" \/>\n\t<meta property=\"og:image:width\" content=\"2560\" \/>\n\t<meta property=\"og:image:height\" content=\"1557\" \/>\n\t<meta property=\"og:image:type\" content=\"image\/jpeg\" \/>\n<meta name=\"author\" content=\"Jean-Pierre LUMINET\" \/>\n<meta name=\"twitter:card\" content=\"summary_large_image\" \/>\n<meta name=\"twitter:label1\" content=\"\u00c9crit par\" \/>\n\t<meta name=\"twitter:data1\" content=\"Jean-Pierre LUMINET\" \/>\n\t<meta name=\"twitter:label2\" content=\"Dur\u00e9e de lecture estim\u00e9e\" \/>\n\t<meta name=\"twitter:data2\" content=\"11 minutes\" \/>\n<script type=\"application\/ld+json\" class=\"yoast-schema-graph\">{\"@context\":\"https:\/\/schema.org\",\"@graph\":[{\"@type\":\"WebPage\",\"@id\":\"https:\/\/blogs.futura-sciences.com\/luminet\/2022\/01\/06\/letoile-de-la-nativite-legende-mystique-conjonction-planetaire-ou-comete-1-2\/\",\"url\":\"https:\/\/blogs.futura-sciences.com\/luminet\/2022\/01\/06\/letoile-de-la-nativite-legende-mystique-conjonction-planetaire-ou-comete-1-2\/\",\"name\":\"L\u2019\u00e9toile de la Nativit\u00e9 : l\u00e9gende mystique, conjonction plan\u00e9taire ou com\u00e8te ? (1\/2), par Jean-Pierre Luminet\",\"isPartOf\":{\"@id\":\"https:\/\/blogs.futura-sciences.com\/luminet\/#website\"},\"primaryImageOfPage\":{\"@id\":\"https:\/\/blogs.futura-sciences.com\/luminet\/2022\/01\/06\/letoile-de-la-nativite-legende-mystique-conjonction-planetaire-ou-comete-1-2\/#primaryimage\"},\"image\":{\"@id\":\"https:\/\/blogs.futura-sciences.com\/luminet\/2022\/01\/06\/letoile-de-la-nativite-legende-mystique-conjonction-planetaire-ou-comete-1-2\/#primaryimage\"},\"thumbnailUrl\":\"https:\/\/blogs.futura-sciences.com\/luminet\/wp-content\/uploads\/sites\/2\/2022\/01\/Three_Magi_mosaic_-_SantApollinare_Nuovo_-_Ravenna_2016-scaled.jpg\",\"datePublished\":\"2022-01-06T22:09:02+00:00\",\"dateModified\":\"2022-03-29T15:44:15+00:00\",\"author\":{\"@id\":\"https:\/\/blogs.futura-sciences.com\/luminet\/#\/schema\/person\/d61f577b54398f0ecee81e140e7643cb\"},\"inLanguage\":\"fr-FR\",\"potentialAction\":[{\"@type\":\"ReadAction\",\"target\":[\"https:\/\/blogs.futura-sciences.com\/luminet\/2022\/01\/06\/letoile-de-la-nativite-legende-mystique-conjonction-planetaire-ou-comete-1-2\/\"]}]},{\"@type\":\"ImageObject\",\"inLanguage\":\"fr-FR\",\"@id\":\"https:\/\/blogs.futura-sciences.com\/luminet\/2022\/01\/06\/letoile-de-la-nativite-legende-mystique-conjonction-planetaire-ou-comete-1-2\/#primaryimage\",\"url\":\"https:\/\/blogs.futura-sciences.com\/luminet\/wp-content\/uploads\/sites\/2\/2022\/01\/Three_Magi_mosaic_-_SantApollinare_Nuovo_-_Ravenna_2016-scaled.jpg\",\"contentUrl\":\"https:\/\/blogs.futura-sciences.com\/luminet\/wp-content\/uploads\/sites\/2\/2022\/01\/Three_Magi_mosaic_-_SantApollinare_Nuovo_-_Ravenna_2016-scaled.jpg\",\"width\":2560,\"height\":1557},{\"@type\":\"WebSite\",\"@id\":\"https:\/\/blogs.futura-sciences.com\/luminet\/#website\",\"url\":\"https:\/\/blogs.futura-sciences.com\/luminet\/\",\"name\":\"LUMINESCIENCES : le blog de Jean-Pierre LUMINET, astrophysicien\",\"description\":\"J\u2019eus le vertige et je pleurai car mes yeux avaient vu cet objet secret et conjectural dont les hommes usurpent le nom, mais qu\u2019aucun homme n\u2019a regard\u00e9 : l\u2019inconcevable univers.  Jorge Luis Borges, L\u2019Aleph (1949)\",\"potentialAction\":[{\"@type\":\"SearchAction\",\"target\":{\"@type\":\"EntryPoint\",\"urlTemplate\":\"https:\/\/blogs.futura-sciences.com\/luminet\/?s={search_term_string}\"},\"query-input\":{\"@type\":\"PropertyValueSpecification\",\"valueRequired\":true,\"valueName\":\"search_term_string\"}}],\"inLanguage\":\"fr-FR\"},{\"@type\":\"Person\",\"@id\":\"https:\/\/blogs.futura-sciences.com\/luminet\/#\/schema\/person\/d61f577b54398f0ecee81e140e7643cb\",\"name\":\"Jean-Pierre LUMINET\",\"image\":{\"@type\":\"ImageObject\",\"inLanguage\":\"fr-FR\",\"@id\":\"https:\/\/blogs.futura-sciences.com\/luminet\/#\/schema\/person\/image\/\",\"url\":\"https:\/\/secure.gravatar.com\/avatar\/a6d27645b8081b2f766677414e6a83e1?s=96&d=mm&r=g\",\"contentUrl\":\"https:\/\/secure.gravatar.com\/avatar\/a6d27645b8081b2f766677414e6a83e1?s=96&d=mm&r=g\",\"caption\":\"Jean-Pierre LUMINET\"},\"url\":\"https:\/\/blogs.futura-sciences.com\/luminet\/author\/jpluminet\/\"}]}<\/script>\n<!-- \/ Yoast SEO plugin. -->","yoast_head_json":{"title":"L\u2019\u00e9toile de la Nativit\u00e9 : l\u00e9gende mystique, conjonction plan\u00e9taire ou com\u00e8te ? (1\/2), par Jean-Pierre Luminet","robots":{"index":"index","follow":"follow","max-snippet":"max-snippet:-1","max-image-preview":"max-image-preview:large","max-video-preview":"max-video-preview:-1"},"canonical":"https:\/\/blogs.futura-sciences.com\/luminet\/2022\/01\/06\/letoile-de-la-nativite-legende-mystique-conjonction-planetaire-ou-comete-1-2\/","og_locale":"fr_FR","og_type":"article","og_title":"L\u2019\u00e9toile de la Nativit\u00e9 : l\u00e9gende mystique, conjonction plan\u00e9taire ou com\u00e8te ? (1\/2), par Jean-Pierre Luminet","og_description":"Comme vous le savez, l\u2019\u00e9toile de Bethl\u00e9em, ou \u00e9toile de la Nativit\u00e9, est le signe qui, dans la tradition chr\u00e9tienne, a annonc\u00e9 \u00e0 des mages orientaux la naissance de J\u00e9sus et les a guid\u00e9s vers Bethl\u00e9em pour rendre hommage au Messie annonc\u00e9 par les Proph\u00e9ties. L\u2019Epiphanie, le 6 janvier, c\u00e9l\u00e8bre pr\u00e9cis\u00e9ment le jour de l\u2019Adoration &hellip; Continuer la lecture de L\u2019\u00e9toile de la Nativit\u00e9 : l\u00e9gende mystique, conjonction plan\u00e9taire ou com\u00e8te ? (1\/2) &rarr;","og_url":"https:\/\/blogs.futura-sciences.com\/luminet\/2022\/01\/06\/letoile-de-la-nativite-legende-mystique-conjonction-planetaire-ou-comete-1-2\/","og_site_name":"LUMINESCIENCES : le blog de Jean-Pierre LUMINET, astrophysicien","article_published_time":"2022-01-06T22:09:02+00:00","article_modified_time":"2022-03-29T15:44:15+00:00","og_image":[{"width":2560,"height":1557,"url":"https:\/\/blogs.futura-sciences.com\/luminet\/wp-content\/uploads\/sites\/2\/2022\/01\/Three_Magi_mosaic_-_SantApollinare_Nuovo_-_Ravenna_2016-scaled.jpg","type":"image\/jpeg"}],"author":"Jean-Pierre LUMINET","twitter_card":"summary_large_image","twitter_misc":{"\u00c9crit par":"Jean-Pierre LUMINET","Dur\u00e9e de lecture estim\u00e9e":"11 minutes"},"schema":{"@context":"https:\/\/schema.org","@graph":[{"@type":"WebPage","@id":"https:\/\/blogs.futura-sciences.com\/luminet\/2022\/01\/06\/letoile-de-la-nativite-legende-mystique-conjonction-planetaire-ou-comete-1-2\/","url":"https:\/\/blogs.futura-sciences.com\/luminet\/2022\/01\/06\/letoile-de-la-nativite-legende-mystique-conjonction-planetaire-ou-comete-1-2\/","name":"L\u2019\u00e9toile de la Nativit\u00e9 : l\u00e9gende mystique, conjonction plan\u00e9taire ou com\u00e8te ? (1\/2), par Jean-Pierre Luminet","isPartOf":{"@id":"https:\/\/blogs.futura-sciences.com\/luminet\/#website"},"primaryImageOfPage":{"@id":"https:\/\/blogs.futura-sciences.com\/luminet\/2022\/01\/06\/letoile-de-la-nativite-legende-mystique-conjonction-planetaire-ou-comete-1-2\/#primaryimage"},"image":{"@id":"https:\/\/blogs.futura-sciences.com\/luminet\/2022\/01\/06\/letoile-de-la-nativite-legende-mystique-conjonction-planetaire-ou-comete-1-2\/#primaryimage"},"thumbnailUrl":"https:\/\/blogs.futura-sciences.com\/luminet\/wp-content\/uploads\/sites\/2\/2022\/01\/Three_Magi_mosaic_-_SantApollinare_Nuovo_-_Ravenna_2016-scaled.jpg","datePublished":"2022-01-06T22:09:02+00:00","dateModified":"2022-03-29T15:44:15+00:00","author":{"@id":"https:\/\/blogs.futura-sciences.com\/luminet\/#\/schema\/person\/d61f577b54398f0ecee81e140e7643cb"},"inLanguage":"fr-FR","potentialAction":[{"@type":"ReadAction","target":["https:\/\/blogs.futura-sciences.com\/luminet\/2022\/01\/06\/letoile-de-la-nativite-legende-mystique-conjonction-planetaire-ou-comete-1-2\/"]}]},{"@type":"ImageObject","inLanguage":"fr-FR","@id":"https:\/\/blogs.futura-sciences.com\/luminet\/2022\/01\/06\/letoile-de-la-nativite-legende-mystique-conjonction-planetaire-ou-comete-1-2\/#primaryimage","url":"https:\/\/blogs.futura-sciences.com\/luminet\/wp-content\/uploads\/sites\/2\/2022\/01\/Three_Magi_mosaic_-_SantApollinare_Nuovo_-_Ravenna_2016-scaled.jpg","contentUrl":"https:\/\/blogs.futura-sciences.com\/luminet\/wp-content\/uploads\/sites\/2\/2022\/01\/Three_Magi_mosaic_-_SantApollinare_Nuovo_-_Ravenna_2016-scaled.jpg","width":2560,"height":1557},{"@type":"WebSite","@id":"https:\/\/blogs.futura-sciences.com\/luminet\/#website","url":"https:\/\/blogs.futura-sciences.com\/luminet\/","name":"LUMINESCIENCES : le blog de Jean-Pierre LUMINET, astrophysicien","description":"J\u2019eus le vertige et je pleurai car mes yeux avaient vu cet objet secret et conjectural dont les hommes usurpent le nom, mais qu\u2019aucun homme n\u2019a regard\u00e9 : l\u2019inconcevable univers.  Jorge Luis Borges, L\u2019Aleph (1949)","potentialAction":[{"@type":"SearchAction","target":{"@type":"EntryPoint","urlTemplate":"https:\/\/blogs.futura-sciences.com\/luminet\/?s={search_term_string}"},"query-input":{"@type":"PropertyValueSpecification","valueRequired":true,"valueName":"search_term_string"}}],"inLanguage":"fr-FR"},{"@type":"Person","@id":"https:\/\/blogs.futura-sciences.com\/luminet\/#\/schema\/person\/d61f577b54398f0ecee81e140e7643cb","name":"Jean-Pierre LUMINET","image":{"@type":"ImageObject","inLanguage":"fr-FR","@id":"https:\/\/blogs.futura-sciences.com\/luminet\/#\/schema\/person\/image\/","url":"https:\/\/secure.gravatar.com\/avatar\/a6d27645b8081b2f766677414e6a83e1?s=96&d=mm&r=g","contentUrl":"https:\/\/secure.gravatar.com\/avatar\/a6d27645b8081b2f766677414e6a83e1?s=96&d=mm&r=g","caption":"Jean-Pierre LUMINET"},"url":"https:\/\/blogs.futura-sciences.com\/luminet\/author\/jpluminet\/"}]}},"_links":{"self":[{"href":"https:\/\/blogs.futura-sciences.com\/luminet\/wp-json\/wp\/v2\/posts\/4447","targetHints":{"allow":["GET"]}}],"collection":[{"href":"https:\/\/blogs.futura-sciences.com\/luminet\/wp-json\/wp\/v2\/posts"}],"about":[{"href":"https:\/\/blogs.futura-sciences.com\/luminet\/wp-json\/wp\/v2\/types\/post"}],"author":[{"embeddable":true,"href":"https:\/\/blogs.futura-sciences.com\/luminet\/wp-json\/wp\/v2\/users\/2"}],"replies":[{"embeddable":true,"href":"https:\/\/blogs.futura-sciences.com\/luminet\/wp-json\/wp\/v2\/comments?post=4447"}],"version-history":[{"count":7,"href":"https:\/\/blogs.futura-sciences.com\/luminet\/wp-json\/wp\/v2\/posts\/4447\/revisions"}],"predecessor-version":[{"id":4466,"href":"https:\/\/blogs.futura-sciences.com\/luminet\/wp-json\/wp\/v2\/posts\/4447\/revisions\/4466"}],"wp:featuredmedia":[{"embeddable":true,"href":"https:\/\/blogs.futura-sciences.com\/luminet\/wp-json\/wp\/v2\/media\/4448"}],"wp:attachment":[{"href":"https:\/\/blogs.futura-sciences.com\/luminet\/wp-json\/wp\/v2\/media?parent=4447"}],"wp:term":[{"taxonomy":"category","embeddable":true,"href":"https:\/\/blogs.futura-sciences.com\/luminet\/wp-json\/wp\/v2\/categories?post=4447"},{"taxonomy":"post_tag","embeddable":true,"href":"https:\/\/blogs.futura-sciences.com\/luminet\/wp-json\/wp\/v2\/tags?post=4447"}],"curies":[{"name":"wp","href":"https:\/\/api.w.org\/{rel}","templated":true}]}}