{"id":3783,"date":"2020-02-17T16:15:01","date_gmt":"2020-02-17T16:15:01","guid":{"rendered":"https:\/\/blogs.futura-sciences.com\/luminet\/?p=3783"},"modified":"2020-07-21T23:35:26","modified_gmt":"2020-07-21T23:35:26","slug":"hommage-a-giordano-bruno-livresse-de-linfini","status":"publish","type":"post","link":"https:\/\/blogs.futura-sciences.com\/luminet\/2020\/02\/17\/hommage-a-giordano-bruno-livresse-de-linfini\/","title":{"rendered":"Hommage \u00e0 Giordano Bruno : l&#8217;ivresse de l&#8217;infini"},"content":{"rendered":"<p style=\"text-align: justify\">Le 17 f\u00e9vrier 1600, Giordano Bruno est br\u00fbl\u00e9 vif \u00e0 Rome par l&#8217;Inquisition : la libert\u00e9 d\u2019esprit face \u00e0 la pens\u00e9e unique. L&#8217;article qui suit lui rend hommage. Je le reprends d&#8217;une de mes publications parue en mai 2007 dans la Revue Europe n\u00b0937.<\/p>\n<h3 style=\"text-align: justify\"><strong>Bruno et Galil\u00e9e au regard de l&#8217;infini<\/strong><\/h3>\n<p style=\"text-align: justify\"><em>\u00ab\u00a0Qui est l\u00e0\u00a0? Ah tr\u00e8s bien\u00a0: faites entrer l\u2019infini\u00a0\u00bb<br \/>\n<\/em><em>Louis Aragon, Une vague de r\u00eaves (1924)<\/em><\/p>\n<p style=\"text-align: justify\">Une des questions les plus anciennes \u00e0 propos de l\u2019univers est de savoir quelle est son \u00e9tendue. Est-il fini ou infini\u00a0? Il va de soi que la question n\u2019est pas seulement d\u2019ordre scientifique, mais qu\u2019elle a suscit\u00e9\u00a0nombre de d\u00e9bats philosophiques et th\u00e9ologiques. Selon les \u00e9poques et les cultures, la r\u00e9ponse a oscill\u00e9, telle une valse h\u00e9sitante, entre ces deux visions radicalement oppos\u00e9es du monde. On ne peut analyser les positions respectives de Giordano Bruno et de Galileo Galilei face \u00e0 cette question sans remonter aux sources m\u00eames de la pens\u00e9e cosmologique occidentale.<\/p>\n<figure id=\"attachment_3786\" aria-describedby=\"caption-attachment-3786\" style=\"width: 152px\" class=\"wp-caption alignright\"><a href=\"https:\/\/blogs.futura-sciences.com\/luminet\/wp-content\/uploads\/sites\/2\/2020\/02\/Anaximander.jpg\" rel=\"lightbox[3783]\"><img loading=\"lazy\" decoding=\"async\" class=\" wp-image-3786\" src=\"https:\/\/blogs.futura-sciences.com\/luminet\/wp-content\/uploads\/sites\/2\/2020\/02\/Anaximander.jpg\" alt=\"\" width=\"152\" height=\"284\" srcset=\"https:\/\/blogs.futura-sciences.com\/luminet\/wp-content\/uploads\/sites\/2\/2020\/02\/Anaximander.jpg 282w, https:\/\/blogs.futura-sciences.com\/luminet\/wp-content\/uploads\/sites\/2\/2020\/02\/Anaximander-241x450.jpg 241w\" sizes=\"auto, (max-width: 152px) 100vw, 152px\" \/><\/a><figcaption id=\"caption-attachment-3786\" class=\"wp-caption-text\">D\u00e9tail de la fresque de Rapha\u00ebl &#8220;L&#8217;\u00e9cole d&#8217;Ath\u00e8nes&#8221;, cens\u00e9 repr\u00e9senter Anaximandre de Milet.<\/figcaption><\/figure>\n<p style=\"text-align: justify\">D\u00e8s le VI<sup>e<\/sup>\u00a0si\u00e8cle avant notre \u00e8re, dans la Gr\u00e8ce antique, les premi\u00e8res \u00e9coles de savants et de philosophes, dites \u00abpr\u00e9socratiques\u00a0\u00bb, tentent chacune \u00e0 leur fa\u00e7on d\u2019expliquer rationnellement le \u00abmonde\u00a0\u00bb, c\u2019est-\u00e0-dire l\u2019ensemble form\u00e9 par la Terre et les astres con\u00e7u comme un syst\u00e8me organis\u00e9. Pour Anaximandre, de l\u2019\u00e9cole de Milet, le monde mat\u00e9riel o\u00f9 se d\u00e9roulent les ph\u00e9nom\u00e8nes accessibles \u00e0 nos investigations est n\u00e9cessairement fini. Il est toutefois plong\u00e9 dans un milieu qui l\u2019englobe, l\u2019<em>apeiron<\/em>, correspondant \u00e0 ce que nous consid\u00e9rons aujourd\u2019hui comme l\u2019espace. Ce terme signifie \u00e0 la fois infini (illimit\u00e9 et \u00e9ternel) et ind\u00e9fini (ind\u00e9termin\u00e9). Pour son contemporain Thal\u00e8s, le milieu universel est constitu\u00e9 d\u2019eau et le monde est une bulle h\u00e9misph\u00e9rique flottant au sein de cette masse liquide infinie. On retrouve cette conception intuitive d\u2019un monde mat\u00e9riel fini baignant dans un espace-r\u00e9ceptacle infini chez d\u2019autres penseurs : H\u00e9raclite, Emp\u00e9docle, les sto\u00efciens notamment, qui ajoutent l\u2019id\u00e9e d\u2019un monde en pulsation, passant par des phases de d\u00e9flagrations et d\u2019explosions p\u00e9riodiques.<\/p>\n<figure id=\"attachment_3787\" aria-describedby=\"caption-attachment-3787\" style=\"width: 132px\" class=\"wp-caption alignleft\"><a href=\"https:\/\/blogs.futura-sciences.com\/luminet\/wp-content\/uploads\/sites\/2\/2020\/02\/democritus.jpg\" rel=\"lightbox[3783]\"><img loading=\"lazy\" decoding=\"async\" class=\" wp-image-3787\" src=\"https:\/\/blogs.futura-sciences.com\/luminet\/wp-content\/uploads\/sites\/2\/2020\/02\/democritus.jpg\" alt=\"\" width=\"132\" height=\"174\" \/><\/a><figcaption id=\"caption-attachment-3787\" class=\"wp-caption-text\">Buste de D\u00e9mocrite<\/figcaption><\/figure>\n<p style=\"text-align: justify\">L\u2019atomisme, fond\u00e9 au V<sup>e<\/sup> si\u00e8cle par Leucippe et D\u00e9mocrite, pr\u00f4ne une tout autre version de l\u2019infini cosmique. Il soutient que l\u2019univers est construit \u00e0 partir de deux \u00e9l\u00e9ments primordiaux\u00a0: les atomes et le vide. Indivisibles et ins\u00e9cables (<em>atomos<\/em> signifie \u00ab\u00a0qui ne peut \u00eatre divis\u00e9\u00a0\u00bb), les atomes existent de toute \u00e9ternit\u00e9, ne diff\u00e9rant que par leur taille et leur forme. Ils sont en nombre infini. Tous les corps r\u00e9sultent de la coalescence d\u2019atomes en mouvement; le nombre de combinaisons \u00e9tant infini, il en d\u00e9coule que les corps c\u00e9lestes sont eux-m\u00eames en nombre infini\u00a0: c\u2019est la th\u00e8se de la pluralit\u00e9 des mondes. La formation des mondes se produit dans un r\u00e9ceptacle sans bornes : le vide (<em>kenon<\/em>). Cet \u00ab\u00a0espace\u00a0\u00bb n\u2019a d\u2019autre propri\u00e9t\u00e9 que d\u2019\u00eatre infini, de sorte que la mati\u00e8re n\u2019influe pas sur lui\u00a0: il est absolu, donn\u00e9 <em>a priori<\/em>.<\/p>\n<figure id=\"attachment_3791\" aria-describedby=\"caption-attachment-3791\" style=\"width: 801px\" class=\"wp-caption aligncenter\"><a href=\"https:\/\/blogs.futura-sciences.com\/luminet\/wp-content\/uploads\/sites\/2\/2020\/02\/Cosmos-atomiste.jpg\" rel=\"lightbox[3783]\"><img loading=\"lazy\" decoding=\"async\" class=\"size-full wp-image-3791\" src=\"https:\/\/blogs.futura-sciences.com\/luminet\/wp-content\/uploads\/sites\/2\/2020\/02\/Cosmos-atomiste.jpg\" alt=\"\" width=\"801\" height=\"529\" srcset=\"https:\/\/blogs.futura-sciences.com\/luminet\/wp-content\/uploads\/sites\/2\/2020\/02\/Cosmos-atomiste.jpg 801w, https:\/\/blogs.futura-sciences.com\/luminet\/wp-content\/uploads\/sites\/2\/2020\/02\/Cosmos-atomiste-450x297.jpg 450w, https:\/\/blogs.futura-sciences.com\/luminet\/wp-content\/uploads\/sites\/2\/2020\/02\/Cosmos-atomiste-768x507.jpg 768w\" sizes=\"auto, (max-width: 801px) 100vw, 801px\" \/><\/a><figcaption id=\"caption-attachment-3791\" class=\"wp-caption-text\">Sch\u00e9ma du cosmos atomiste<\/figcaption><\/figure>\n<figure id=\"attachment_3788\" aria-describedby=\"caption-attachment-3788\" style=\"width: 189px\" class=\"wp-caption alignright\"><a href=\"https:\/\/blogs.futura-sciences.com\/luminet\/wp-content\/uploads\/sites\/2\/2020\/02\/Anaxagoras_Lebiedzki_Rahl.jpg\" rel=\"lightbox[3783]\"><img loading=\"lazy\" decoding=\"async\" class=\" wp-image-3788\" src=\"https:\/\/blogs.futura-sciences.com\/luminet\/wp-content\/uploads\/sites\/2\/2020\/02\/Anaxagoras_Lebiedzki_Rahl.jpg\" alt=\"\" width=\"189\" height=\"252\" srcset=\"https:\/\/blogs.futura-sciences.com\/luminet\/wp-content\/uploads\/sites\/2\/2020\/02\/Anaxagoras_Lebiedzki_Rahl.jpg 563w, https:\/\/blogs.futura-sciences.com\/luminet\/wp-content\/uploads\/sites\/2\/2020\/02\/Anaxagoras_Lebiedzki_Rahl-338x450.jpg 338w\" sizes=\"auto, (max-width: 189px) 100vw, 189px\" \/><\/a><figcaption id=\"caption-attachment-3788\" class=\"wp-caption-text\">D\u00e9tail d&#8217;une fresque de l&#8217;Universit\u00e9 Nationale d&#8217;Ath\u00e8nes repr\u00e9sentant Anaxagore. Artiste : Eduard Lebiedzki, d&#8217;apr\u00e8s un dessin de Carl Rahl (vers 1888).<\/figcaption><\/figure>\n<p style=\"text-align: justify\">La philosophie atomiste est fermement critiqu\u00e9e par Socrate, Platon et Aristote. De plus, en affirmant que l\u2019univers n\u2019est pas gouvern\u00e9 par les dieux, mais par de la mati\u00e8re \u00e9l\u00e9mentaire et du vide, elle entre in\u00e9vitablement en conflit avec les autorit\u00e9s religieuses. Au IV<sup>e<\/sup>\u00a0si\u00e8cle avant notre \u00e8re, Anaxagore de Clazom\u00e8nes est le premier savant de l\u2019histoire \u00e0 \u00eatre accus\u00e9 d\u2019impi\u00e9t\u00e9 \u2013 en quelque sorte le malheureux pr\u00e9curseur de Bruno et Galil\u00e9e; toutefois, d\u00e9fendu par des amis puissants (P\u00e9ricl\u00e8s\u00a0!), il est acquitt\u00e9 et peut s\u2019enfuir loin de l\u2019hostilit\u00e9 d\u2019Ath\u00e8nes. Gr\u00e2ce \u00e0 ses deux plus illustres porte-parole, \u00c9picure (341-270 av. J.-C.) \u2013 qui fonde la premi\u00e8re \u00e9cole admettant des femmes pour \u00e9tudiantes \u2013, et Lucr\u00e8ce (I<sup>er<\/sup>\u00a0si\u00e8cle av. J.-C.), auteur d\u2019un magnifique po\u00e8me cosmologique, <em>De la nature des choses<\/em>, l\u2019atomisme n\u2019en demeure pas moins florissant jusqu\u2019\u00e0 l\u2019av\u00e8nement du christianisme.<\/p>\n<figure id=\"attachment_3789\" aria-describedby=\"caption-attachment-3789\" style=\"width: 354px\" class=\"wp-caption aligncenter\"><a href=\"https:\/\/blogs.futura-sciences.com\/luminet\/wp-content\/uploads\/sites\/2\/2020\/02\/Lucrece-De-rerum-natura.jpg\" rel=\"lightbox[3783]\"><img loading=\"lazy\" decoding=\"async\" class=\"size-full wp-image-3789\" src=\"https:\/\/blogs.futura-sciences.com\/luminet\/wp-content\/uploads\/sites\/2\/2020\/02\/Lucrece-De-rerum-natura.jpg\" alt=\"\" width=\"354\" height=\"285\" \/><\/a><figcaption id=\"caption-attachment-3789\" class=\"wp-caption-text\">Une \u00e9dition anglaise du po\u00e8me de Lucr\u00e8ce<\/figcaption><\/figure>\n<p style=\"text-align: justify\">Parm\u00e9nide, au V<sup>e<\/sup> si\u00e8cle avant notre \u00e8re, est peut-\u00eatre le premier repr\u00e9sentant du finitisme cosmologique. Selon lui, le Monde, image de l\u2019Etre Parfait, est pareil \u00e0 une \u00ab\u00a0balle bien ronde\u00a0\u00bb et poss\u00e8de n\u00e9cessairement des limites. Dans <em>Le Tim\u00e9e<\/em>, Platon (428-347) introduit un terme sp\u00e9cifique, <em>khora<\/em>, pour d\u00e9signer l\u2019\u00e9tendue ou espace en tant que r\u00e9ceptacle de la mati\u00e8re, et d\u00e9fini par elle. Il le consid\u00e8re comme fini, clos par une sph\u00e8re ultime contenant les \u00e9toiles. De la m\u00eame fa\u00e7on, Aristote (384-322) pr\u00f4ne une Terre fixe au centre d\u2019un monde fini, circonscrit par la sph\u00e8re qui contient tous les corps de l\u2019univers. Mais cette sph\u00e8re ext\u00e9rieure n\u2019est \u00ab\u00a0nulle part\u00a0\u00bb, puisque au-del\u00e0 il n\u2019y a rien, ni vide ni \u00e9tendue.<\/p>\n<figure id=\"attachment_3792\" aria-describedby=\"caption-attachment-3792\" style=\"width: 485px\" class=\"wp-caption aligncenter\"><a href=\"https:\/\/blogs.futura-sciences.com\/luminet\/wp-content\/uploads\/sites\/2\/2020\/02\/Platon-et-Aristote-de\u0301tail.jpg\" rel=\"lightbox[3783]\"><img loading=\"lazy\" decoding=\"async\" class=\"size-full wp-image-3792\" src=\"https:\/\/blogs.futura-sciences.com\/luminet\/wp-content\/uploads\/sites\/2\/2020\/02\/Platon-et-Aristote-de\u0301tail.jpg\" alt=\"\" width=\"485\" height=\"709\" srcset=\"https:\/\/blogs.futura-sciences.com\/luminet\/wp-content\/uploads\/sites\/2\/2020\/02\/Platon-et-Aristote-de\u0301tail.jpg 485w, https:\/\/blogs.futura-sciences.com\/luminet\/wp-content\/uploads\/sites\/2\/2020\/02\/Platon-et-Aristote-de\u0301tail-308x450.jpg 308w\" sizes=\"auto, (max-width: 485px) 100vw, 485px\" \/><\/a><figcaption id=\"caption-attachment-3792\" class=\"wp-caption-text\">Platon et Aristote au centre de la fresque de Rapha\u00ebl, &#8220;l&#8217;Ecole d&#8217;Ath\u00e8nes&#8221; (1511)<\/figcaption><\/figure>\n<p style=\"text-align: justify\">Il existe ainsi, dans l\u2019Antiquit\u00e9 grecque, trois grandes \u00e9coles de pens\u00e9e cosmologique. L\u2019une, qui rassemble les mil\u00e9siens, les sto\u00efciens,\u00a0etc., fait la distinction entre le monde physique (l\u2019univers mat\u00e9riel) et l\u2019espace\u00a0: l\u2019univers est consid\u00e9r\u00e9 comme un \u00eelot de mati\u00e8re fini plong\u00e9 dans un espace extracosmique infini et sans propri\u00e9t\u00e9, qui l\u2019englobe et le contient. Les deux autres, atomiste et aristot\u00e9licienne, consid\u00e8rent que l\u2019existence m\u00eame de l\u2019espace d\u00e9coule de l\u2019existence des corps; le monde physique et l\u2019espace co\u00efncident; ils sont infinis pour les atomistes, finis pour les aristot\u00e9liciens.<\/p>\n<figure id=\"attachment_3790\" aria-describedby=\"caption-attachment-3790\" style=\"width: 843px\" class=\"wp-caption aligncenter\"><a href=\"https:\/\/blogs.futura-sciences.com\/luminet\/wp-content\/uploads\/sites\/2\/2020\/02\/Cosmos-stoicien.jpg\" rel=\"lightbox[3783]\"><img loading=\"lazy\" decoding=\"async\" class=\"size-full wp-image-3790\" src=\"https:\/\/blogs.futura-sciences.com\/luminet\/wp-content\/uploads\/sites\/2\/2020\/02\/Cosmos-stoicien.jpg\" alt=\"\" width=\"843\" height=\"558\" srcset=\"https:\/\/blogs.futura-sciences.com\/luminet\/wp-content\/uploads\/sites\/2\/2020\/02\/Cosmos-stoicien.jpg 843w, https:\/\/blogs.futura-sciences.com\/luminet\/wp-content\/uploads\/sites\/2\/2020\/02\/Cosmos-stoicien-450x298.jpg 450w, https:\/\/blogs.futura-sciences.com\/luminet\/wp-content\/uploads\/sites\/2\/2020\/02\/Cosmos-stoicien-768x508.jpg 768w\" sizes=\"auto, (max-width: 843px) 100vw, 843px\" \/><\/a><figcaption id=\"caption-attachment-3790\" class=\"wp-caption-text\">La conception sto\u00efcienne du cosmos<\/figcaption><\/figure>\n<p style=\"text-align: justify\">Les premiers th\u00e9ologiens du christianisme ne s\u2019y trompent pas\u00a0: ils rejettent violemment la philosophie atomiste, qui est mat\u00e9rialiste, mais aussi la doctrine aristot\u00e9licienne, qui implique un temps \u00e9ternel et un univers non cr\u00e9\u00e9. Les mod\u00e8les cosmologiques du Haut Moyen-\u00c2ge reviennent aux conceptions archa\u00efques des mil\u00e9siens, \u00e0 savoir un cosmos fini baignant dans le vide, \u00e0 la distinction pr\u00e8s que le cosmos rev\u00eat maintenant la forme d\u2019un tabernacle, ou celle d\u2019un c\u0153ur\u00a0!<\/p>\n<figure id=\"attachment_3793\" aria-describedby=\"caption-attachment-3793\" style=\"width: 563px\" class=\"wp-caption aligncenter\"><a href=\"https:\/\/blogs.futura-sciences.com\/luminet\/wp-content\/uploads\/sites\/2\/2020\/02\/cosmas_tabernacle.jpg\" rel=\"lightbox[3783]\"><img loading=\"lazy\" decoding=\"async\" class=\"size-full wp-image-3793\" src=\"https:\/\/blogs.futura-sciences.com\/luminet\/wp-content\/uploads\/sites\/2\/2020\/02\/cosmas_tabernacle.jpg\" alt=\"\" width=\"563\" height=\"389\" srcset=\"https:\/\/blogs.futura-sciences.com\/luminet\/wp-content\/uploads\/sites\/2\/2020\/02\/cosmas_tabernacle.jpg 563w, https:\/\/blogs.futura-sciences.com\/luminet\/wp-content\/uploads\/sites\/2\/2020\/02\/cosmas_tabernacle-450x311.jpg 450w\" sizes=\"auto, (max-width: 563px) 100vw, 563px\" \/><\/a><figcaption id=\"caption-attachment-3793\" class=\"wp-caption-text\">L&#8217;univers en forme de tabernacle, selon le moine byzantin Cosmas Indicopleustes<\/figcaption><\/figure>\n<p style=\"text-align: justify\">La cosmologie d\u2019Aristote, perfectionn\u00e9e par l\u2019astronomie de Claude Ptol\u00e9m\u00e9e (vers 150 de l\u2019\u00e8re chr\u00e9tienne), est toutefois r\u00e9introduite en Occident au XI<sup>e<\/sup>\u00a0si\u00e8cle, gr\u00e2ce aux traductions et aux commentaires arabes, et am\u00e9nag\u00e9e pour satisfaire aux exigences des th\u00e9ologiens. Notamment, ce qui se situe au-del\u00e0 de la derni\u00e8re sph\u00e8re mat\u00e9rielle du monde acquiert le statut d\u2019espace, sinon physique, du moins \u00e9th\u00e9r\u00e9 ou spirituel. Baptis\u00e9 \u00abEmpyr\u00e9e\u00a0\u00bb, il est consid\u00e9r\u00e9 comme le lieu de r\u00e9sidence de Dieu, des anges et des saints. Ce cosmos m\u00e9di\u00e9val aristot\u00e9lo-chr\u00e9tien, si bien illustr\u00e9 par <em>La divine com\u00e9die<\/em> de Dante, est non seulement fini et centr\u00e9 sur la Terre fixe, mais il est tr\u00e8s petit\u00a0: la distance de la Terre \u00e0 la sph\u00e8re des \u00e9toiles fixes est estim\u00e9e \u00e0 20\u00a0000\u00a0rayons terrestres, de sorte que le paradis, \u00e0 sa fronti\u00e8re, est raisonnablement accessible aux \u00e2mes des d\u00e9funts. Le chr\u00e9tien trouve naturellement sa place au centre de cette construction.<\/p>\n<figure id=\"attachment_3794\" aria-describedby=\"caption-attachment-3794\" style=\"width: 2048px\" class=\"wp-caption aligncenter\"><a href=\"https:\/\/blogs.futura-sciences.com\/luminet\/wp-content\/uploads\/sites\/2\/2020\/02\/SystApianus.gif\" rel=\"lightbox[3783]\"><img loading=\"lazy\" decoding=\"async\" class=\"size-full wp-image-3794\" src=\"https:\/\/blogs.futura-sciences.com\/luminet\/wp-content\/uploads\/sites\/2\/2020\/02\/SystApianus.gif\" alt=\"\" width=\"2048\" height=\"2100\" \/><\/a><figcaption id=\"caption-attachment-3794\" class=\"wp-caption-text\">Syst\u00e8me du monde m\u00e9di\u00e9val dans la Cosmographie d&#8217;Apianus)<\/figcaption><\/figure>\n<p style=\"text-align: justify\">Si ce mod\u00e8le d\u2019univers s\u2019impose rapidement, il n\u2019emp\u00eache pas la r\u00e9surgence d\u2019id\u00e9es atomistes. Apr\u00e8s la red\u00e9couverte du manuscrit de Lucr\u00e8ce, le cardinal allemand Nicolas de Cues (1401-1464) plaide en faveur de l\u2019infinit\u00e9 de l\u2019Univers, de la pluralit\u00e9 des mondes habit\u00e9s et du mouvement de la Terre dans son <em>Trait\u00e9 de la Docte Ignorance<\/em> (vers 1440). Mais son argumentation reste principalement m\u00e9taphysique\u00a0: l\u2019univers est infini parce qu\u2019il est l\u2019\u0153uvre de Dieu, lequel ne saurait \u00eatre limit\u00e9 dans ses \u0153uvres.<\/p>\n<figure id=\"attachment_3796\" aria-describedby=\"caption-attachment-3796\" style=\"width: 421px\" class=\"wp-caption aligncenter\"><a href=\"https:\/\/blogs.futura-sciences.com\/luminet\/wp-content\/uploads\/sites\/2\/2020\/02\/Cuse-docta-ignorantia.jpg\" rel=\"lightbox[3783]\"><img loading=\"lazy\" decoding=\"async\" class=\"size-full wp-image-3796\" src=\"https:\/\/blogs.futura-sciences.com\/luminet\/wp-content\/uploads\/sites\/2\/2020\/02\/Cuse-docta-ignorantia.jpg\" alt=\"\" width=\"421\" height=\"283\" \/><\/a><figcaption id=\"caption-attachment-3796\" class=\"wp-caption-text\">La docte ignorance, de Nicolas de Cuse<\/figcaption><\/figure>\n<p style=\"text-align: justify\">Un si\u00e8cle plus tard, le chanoine polonais Nicolas Copernic (1473-1543) r\u00e9introduit l\u2019h\u00e9liocentrisme, vieille hypoth\u00e8se d\u00e9j\u00e0 formul\u00e9e au III<sup>e<\/sup> si\u00e8cle avant notre \u00e8re par Aristarque de Samos mais rest\u00e9e en sommeil, malgr\u00e9 la tentative de Nicolas de Cues. Son <em>De Revolutionibus<\/em> (1543) pose les hypoth\u00e8ses que la Terre n\u2019est pas le centre de l\u2019Univers\u00a0; que toutes les sph\u00e8res tournent autour du Soleil, centre de l\u2019Univers\u00a0; que tout mouvement c\u00e9leste est produit par le mouvement de la Terre et non par celui du firmament\u00a0; que la Terre effectue une rotation compl\u00e8te autour de ses p\u00f4les en un jour et une r\u00e9volution compl\u00e8te autour du Soleil dans le plan de l\u2019\u00e9cliptique en une ann\u00e9e.<\/p>\n<p style=\"text-align: justify\">Copernic conserve toutefois la conception aristot\u00e9licienne d&#8217;un univers fini, enclos \u00e0 l&#8217;int\u00e9rieur de la sph\u00e8re des \u00e9toiles fixes. Il le d\u00e9clare seulement immense, et renvoie la balle aux philosophes. N\u00e9anmoins, l\u2019h\u00e9liocentrisme porte en germe une r\u00e9volution fondamentale : tant que l&#8217;univers \u00e9tait en rotation autour de la Terre fixe, il \u00e9tait difficile d&#8217;imaginer qu&#8217;il puisse \u00eatre infini. La difficult\u00e9 dispara\u00eet d\u00e8s qu&#8217;il est reconnu que le mouvement apparent du ciel est d\u00fb au mouvement terrestre. En outre, Copernic \u00e9largit le Monde m\u00e9di\u00e9val. Son mod\u00e8le est 2000 fois plus grand que celui de Ptol\u00e9m\u00e9e\u00a0: il constitue un tout petit pas vers l&#8217;infini, mais en est encore loin \u2026<\/p>\n<figure id=\"attachment_3797\" aria-describedby=\"caption-attachment-3797\" style=\"width: 397px\" class=\"wp-caption aligncenter\"><a href=\"https:\/\/blogs.futura-sciences.com\/luminet\/wp-content\/uploads\/sites\/2\/2020\/02\/copernicus-diag.jpg\" rel=\"lightbox[3783]\"><img loading=\"lazy\" decoding=\"async\" class=\"size-full wp-image-3797\" src=\"https:\/\/blogs.futura-sciences.com\/luminet\/wp-content\/uploads\/sites\/2\/2020\/02\/copernicus-diag.jpg\" alt=\"\" width=\"397\" height=\"400\" srcset=\"https:\/\/blogs.futura-sciences.com\/luminet\/wp-content\/uploads\/sites\/2\/2020\/02\/copernicus-diag.jpg 397w, https:\/\/blogs.futura-sciences.com\/luminet\/wp-content\/uploads\/sites\/2\/2020\/02\/copernicus-diag-150x150.jpg 150w\" sizes=\"auto, (max-width: 397px) 100vw, 397px\" \/><\/a><figcaption id=\"caption-attachment-3797\" class=\"wp-caption-text\">Le syst\u00e8me de Copernic, dans le De Revolutionibus de 1543<\/figcaption><\/figure>\n<p style=\"text-align: justify\">En 1572, une \u00ab\u00a0\u00e9toile nouvelle\u00a0\u00bb<a href=\"#_ftn1\" name=\"_ftnref1\">[1]<\/a> observ\u00e9e par l\u2019astronome danois Tycho Brahe (1546-1601) fournit un premier \u00e9l\u00e9ment observationnel propre \u00e0 acc\u00e9l\u00e9rer la chute de la cosmologie aristot\u00e9licienne. C&#8217;est en effet dans la sph\u00e8re des \u00e9toiles fixes qu&#8217;elle appara\u00eet, c\u2019est-\u00e0-dire dans le Monde supra-lunaire jusqu&#8217;alors r\u00e9put\u00e9 immuable.<\/p>\n<p style=\"text-align: justify\">D\u00e8s 1576, Thomas Digges, l\u2019un des plus habiles observateurs de son temps et leader des coperniciens anglais, d\u00e9mant\u00e8le la sph\u00e8re des fixes et en \u00e9parpille les \u00e9toiles dans l&#8217;espace infini. Son manifeste, <em>A Perfit Description of the Caelestial Orbes <\/em>(1576), contient un sch\u00e9ma h\u00e9liocentrique montrant explicitement, pour la premi\u00e8re fois dans l\u2019histoire, des \u00e9toiles non plus fix\u00e9es sur une couche mince, \u00e0 la surface de la derni\u00e8re sph\u00e8re du monde, mais diss\u00e9min\u00e9es \u00e0 l\u2019infini. Ce nouveau mod\u00e8le fait brutalement passer du monde clos des Anciens \u00e0 un univers, sinon infini, du moins extr\u00eamement vaste, peupl\u00e9 d\u2019\u00e9toiles innombrables qui sont autant de soleils. Toutefois, Digges ne propose pas de conception v\u00e9ritablement physique de l\u2019espace infini. Pour lui, le ciel et ses \u00e9toiles constituent toujours l&#8217;Empyr\u00e9e, la demeure de Dieu, et, \u00e0 ce titre, n&#8217;appartiennent pas vraiment \u00e0 notre monde sensible.<\/p>\n<figure id=\"attachment_3798\" aria-describedby=\"caption-attachment-3798\" style=\"width: 2040px\" class=\"wp-caption aligncenter\"><a href=\"https:\/\/blogs.futura-sciences.com\/luminet\/wp-content\/uploads\/sites\/2\/2020\/02\/Syst-Digges.gif\" rel=\"lightbox[3783]\"><img loading=\"lazy\" decoding=\"async\" class=\"size-full wp-image-3798\" src=\"https:\/\/blogs.futura-sciences.com\/luminet\/wp-content\/uploads\/sites\/2\/2020\/02\/Syst-Digges.gif\" alt=\"\" width=\"2040\" height=\"2100\" \/><\/a><figcaption id=\"caption-attachment-3798\" class=\"wp-caption-text\">Syst\u00e8me du monde de Digges (1576)<\/figcaption><\/figure>\n<h4 style=\"text-align: justify\">Giordano Bruno, ou l&#8217;ivresse de l&#8217;infini<\/h4>\n<p style=\"text-align: justify\">La vraie rupture \u00e9pist\u00e9mologique est d\u00e9clench\u00e9e par deux philosophes italiens. En 1587, Francesco Patrizi (1529-1597) fait para\u00eetre <em>De l\u2019espace physique et math\u00e9matique<a href=\"#_ftn2\" name=\"_ftnref2\"><strong>[2]<\/strong><\/a><\/em>, o\u00f9 il \u00e9met l\u2019id\u00e9e r\u00e9volutionnaire que le v\u00e9ritable objet de la g\u00e9om\u00e9trie est l\u2019espace en tant que tel, et non les figures, comme on le consid\u00e9rait depuis Euclide. Patrizi inaugure un nouveau concept d\u2019espace physique homog\u00e8ne et infini, ob\u00e9issant \u00e0 des lois math\u00e9matiques \u2013 donc accessible \u00e0 l\u2019entendement.<\/p>\n<p style=\"text-align: justify\">Mais c&#8217;est surtout \u00e0 son contemporain Giordano Bruno (1548-1600) que doit \u00eatre attribu\u00e9e la paternit\u00e9 de la cosmologie infinitiste. <!--more--><a href=\"https:\/\/blogs.futura-sciences.com\/luminet\/wp-content\/uploads\/sites\/2\/2020\/02\/Bruno-1.gif\" rel=\"lightbox[3783]\"><img loading=\"lazy\" decoding=\"async\" class=\"alignright size-full wp-image-3799\" src=\"https:\/\/blogs.futura-sciences.com\/luminet\/wp-content\/uploads\/sites\/2\/2020\/02\/Bruno-1.gif\" alt=\"\" width=\"201\" height=\"285\" \/><\/a>\u00ab\u00a0Voici alors appara\u00eetre l&#8217;homme qui a franchi les airs, travers\u00e9 le ciel, parcouru les \u00e9toiles, outrepass\u00e9 les limites du monde, dissip\u00e9 les murailles imaginaires des sph\u00e8res &#8211; du premier, du huiti\u00e8me, du neuvi\u00e8me, du dixi\u00e8me rang ou davantage &#8211; postul\u00e9es par de vains calculs math\u00e9matiques ou par une aveugle et vulgaire philosophie (&#8230;). C&#8217;est lui qui, avec les clefs de sa comp\u00e9tence, a ouvert par ses recherches ceux des clo\u00eetres de la v\u00e9rit\u00e9 auxquels nous ne pouvons avoir acc\u00e8s. Il a mis \u00e0 nu la nature, que des voiles enveloppaient ; il a donn\u00e9 des yeux aux taupes et rendu la lumi\u00e8re aux aveugles. (&#8230;) Nous le savons : il n&#8217;y a qu&#8217;un ciel, une immense r\u00e9gion \u00e9th\u00e9r\u00e9e o\u00f9 les magnifiques foyers lumineux conservent les distances qui les s\u00e9parent au profit de la vie perp\u00e9tuelle et de sa r\u00e9partition.\u00a0\u00bb Ainsi le bouillant Bruno se pr\u00e9sente-t-il lui-m\u00eame dans <em>Le Souper des Cendres<\/em>, publi\u00e9 en 1584.<\/p>\n<p style=\"text-align: justify\"><a href=\"https:\/\/blogs.futura-sciences.com\/luminet\/wp-content\/uploads\/sites\/2\/2020\/02\/Bruno-Frontispice-Infinito.jpg\" rel=\"lightbox[3783]\"><img loading=\"lazy\" decoding=\"async\" class=\"alignleft wp-image-3800\" src=\"https:\/\/blogs.futura-sciences.com\/luminet\/wp-content\/uploads\/sites\/2\/2020\/02\/Bruno-Frontispice-Infinito.jpg\" alt=\"\" width=\"233\" height=\"343\" srcset=\"https:\/\/blogs.futura-sciences.com\/luminet\/wp-content\/uploads\/sites\/2\/2020\/02\/Bruno-Frontispice-Infinito.jpg 1055w, https:\/\/blogs.futura-sciences.com\/luminet\/wp-content\/uploads\/sites\/2\/2020\/02\/Bruno-Frontispice-Infinito-306x450.jpg 306w, https:\/\/blogs.futura-sciences.com\/luminet\/wp-content\/uploads\/sites\/2\/2020\/02\/Bruno-Frontispice-Infinito-696x1024.jpg 696w, https:\/\/blogs.futura-sciences.com\/luminet\/wp-content\/uploads\/sites\/2\/2020\/02\/Bruno-Frontispice-Infinito-768x1130.jpg 768w, https:\/\/blogs.futura-sciences.com\/luminet\/wp-content\/uploads\/sites\/2\/2020\/02\/Bruno-Frontispice-Infinito-1044x1536.jpg 1044w\" sizes=\"auto, (max-width: 233px) 100vw, 233px\" \/><\/a>Il consacre au sujet de nombreux ouvrages. Le livre premier de son <em>De immenso<\/em> est enti\u00e8rement consacr\u00e9 \u00e0 une d\u00e9finition logique de l\u2019espace infini. Dans <em>De l&#8217;infini, de l&#8217;univers et des mondes<\/em>, il critique violemment le syst\u00e8me aristot\u00e9licien, se fondant en particulier sur le paradoxe de la fronti\u00e8re cosmique pour d\u00e9fendre vigoureusement les id\u00e9es d\u2019univers infini et de pluralit\u00e9 des mondes habit\u00e9s. D\u00e8s le V<sup>e<\/sup>\u00a0si\u00e8cle av.\u00a0J.-C. en effet, le pythagoricien Archytas de Tarente avait \u00e9nonc\u00e9 un paradoxe visant \u00e0 d\u00e9montrer l\u2019absurdit\u00e9 de l\u2019id\u00e9e d\u2019une fronti\u00e8re mat\u00e9rielle de l\u2019univers\u00a0: si je suis \u00e0 l\u2019extr\u00e9mit\u00e9 du ciel, puis-je allonger la main ou tendre un b\u00e2ton? Il est absurde de penser que je ne le peux pas; et si je le peux, ce qui se trouve au-del\u00e0 est soit un corps, soit l\u2019espace. Je peux donc aller au-del\u00e0 de cela encore, et ainsi de suite. Et s\u2019il y a toujours un nouvel espace vers lequel il m\u2019est possible de tendre la main, cela implique clairement une extension sans limites\u2026 Il y a donc paradoxe\u00a0: si l\u2019univers est fini, il a un bord, mais ce bord peut \u00eatre ind\u00e9finiment d\u00e9pass\u00e9.<\/p>\n<p style=\"text-align: justify\">L\u2019argument conna\u00eetra une fortune consid\u00e9rable dans tous les d\u00e9bats sur l\u2019extension de l\u2019espace\u00a0; les atomistes, tel Lucr\u00e8ce qui donne l\u2019image d\u2019une lance jet\u00e9e depuis le bord de l\u2019Univers, et, par la suite, tous les partisans d\u2019un univers infini comme Nicolas de Cuse et Giordano Bruno, reprennent le raisonnement. Il faudra attendre le d\u00e9veloppement des g\u00e9om\u00e9tries non euclidiennes, au XIX<sup>e<\/sup>\u00a0si\u00e8cle, pour r\u00e9soudre logiquement le paradoxe. Ces g\u00e9om\u00e9tries permettent de concevoir des espaces tridimensionnels finis mais sans bord, tout comme, \u00e0 deux dimensions, la surface d\u2019une sph\u00e8re.<\/p>\n<p style=\"text-align: justify\">Mais revenons au Nolain. M\u00ealant sa foi et son imagination enthousiaste, Bruno consid\u00e8re le monde infini \u00e0 l&#8217;image de la divinit\u00e9. \u00ab Pourquoi voudrions-nous ou devrions-nous penser que l&#8217;efficacit\u00e9 divine soit oisive\u00a0?\u00a0\u00bb<a href=\"#_ftn3\" name=\"_ftnref3\">[3]<\/a>. Il n\u2019y a qu\u2019un ciel, une immense r\u00e9gion \u00e9th\u00e9r\u00e9e o\u00f9 brillent de magnifiques foyers lumineux qui sont autant de soleils. Nous sommes conduits \u00e0 d\u00e9couvrir l\u2019effet infini de la cause infinie\u00a0: Dieu aux pouvoirs infinis ne pouvait cr\u00e9er qu\u2019un univers infini. La pl\u00e9nitude divine triomphe enfin, brisant les limites du syst\u00e8me m\u00e9di\u00e9val\u00a0; \u00e0 l&#8217;inverse de Platon et d&#8217;Aristote, Bruno valorise l&#8217;infini et le monde, ce dernier \u00e9tant parfait justement parce qu&#8217;il est infini, et non pas fini.<\/p>\n<figure id=\"attachment_3803\" aria-describedby=\"caption-attachment-3803\" style=\"width: 1300px\" class=\"wp-caption aligncenter\"><a href=\"https:\/\/blogs.futura-sciences.com\/luminet\/wp-content\/uploads\/sites\/2\/2020\/02\/BrunoStatue-detail.jpg\" rel=\"lightbox[3783]\"><img loading=\"lazy\" decoding=\"async\" class=\"size-full wp-image-3803\" src=\"https:\/\/blogs.futura-sciences.com\/luminet\/wp-content\/uploads\/sites\/2\/2020\/02\/BrunoStatue-detail.jpg\" alt=\"\" width=\"1300\" height=\"864\" srcset=\"https:\/\/blogs.futura-sciences.com\/luminet\/wp-content\/uploads\/sites\/2\/2020\/02\/BrunoStatue-detail.jpg 1300w, https:\/\/blogs.futura-sciences.com\/luminet\/wp-content\/uploads\/sites\/2\/2020\/02\/BrunoStatue-detail-450x299.jpg 450w, https:\/\/blogs.futura-sciences.com\/luminet\/wp-content\/uploads\/sites\/2\/2020\/02\/BrunoStatue-detail-1024x681.jpg 1024w, https:\/\/blogs.futura-sciences.com\/luminet\/wp-content\/uploads\/sites\/2\/2020\/02\/BrunoStatue-detail-768x510.jpg 768w\" sizes=\"auto, (max-width: 1300px) 100vw, 1300px\" \/><\/a><figcaption id=\"caption-attachment-3803\" class=\"wp-caption-text\">Statue de Girodano Bruno, Place des Fleurs \u00e0 Rome (d\u00e9tail)<\/figcaption><\/figure>\n<p style=\"text-align: justify\">Le cheminement de sa pens\u00e9e vers l&#8217;infini part de la constatation que ce que l&#8217;on observe est toujours relatif\u00a0: l&#8217;horizon n&#8217;est qu\u2019un bord apparent qui se d\u00e9place avec l&#8217;observateur. Par des arguments \u00e9tonnamment modernes, Bruno r\u00e9fute l&#8217;opinion commune selon laquelle les \u00e9toiles seraient toutes \u00e0 la m\u00eame distance de la Terre, comme clou\u00e9es et fix\u00e9es sur une ultime sph\u00e8re. Laissant \u00e9clater tout son lyrisme, il d\u00e9clare : \u00ab\u00a0C&#8217;est donc vers l&#8217;air que je d\u00e9ploie mes ailes confiantes, ne craignant nul obstacle, ni de cristal, ni de verre, je fends les cieux, et je m&#8217;\u00e9rige \u00e0 l&#8217;infini. Et tandis que de ce globe je m&#8217;\u00e9l\u00e8ve vers d&#8217;autres globes et p\u00e9n\u00e8tre au-del\u00e0 par le champ \u00e9th\u00e9r\u00e9, je laisse derri\u00e8re moi ce que d&#8217;autres voient de loin\u00a0\u00bb<a href=\"#_ftn4\" name=\"_ftnref4\">[4]<\/a>.<\/p>\n<p style=\"text-align: justify\">Bruno argumente sur des bases physiques et non plus exclusivement th\u00e9ologiques, pr\u00eachant sa doctrine dans toute l&#8217;Europe. Sa pens\u00e9e cosmologique s&#8217;inspire de l&#8217;atomisme de Lucr\u00e8ce, des raisonnements de Nicolas de Cues et de la th\u00e8se de Copernic. De ce dernier, Bruno retient l&#8217;h\u00e9liocentrisme et l&#8217;ordonnancement du syst\u00e8me solaire. Mais il rejette son finitisme cosmologique enclos dans la sph\u00e8re des \u00e9toiles fixes. Pr\u00e9curseur de Kepler et de Newton, Bruno rejette \u00e9galement le culte esth\u00e9tique de la sph\u00e9ricit\u00e9 et du mouvement circulaire uniforme.<\/p>\n<p style=\"text-align: justify\">D\u00e8s lors il n&#8217;y a pas de fins, termes, limites ou murailles qui puissent entraver et arr\u00eater l&#8217;abondance infinie des choses. Mais penser la pluralit\u00e9 des mondes pose quelques soucis \u00e0 la pens\u00e9e th\u00e9ologique chr\u00e9tienne. S&#8217;il existe plusieurs mondes habit\u00e9s, combien de fois l&#8217;Incarnation a-t-elle d\u00fb se r\u00e9aliser ? Une seule fois\u00a0? La Terre serait alors dans une position exceptionnelle\u00a0: exorbitant privil\u00e8ge, si l&#8217;on consid\u00e8re l&#8217;aspect positif de la r\u00e9incarnation divine; ou au contraire effroyable d\u00e9faveur, car ce serait l&#8217;unique lieu o\u00f9 aurait \u00e9t\u00e9 commis le p\u00e9ch\u00e9 originel. Si, en revanche, l&#8217;Incarnation s&#8217;est r\u00e9alis\u00e9e plusieurs fois, elle devient banale par sa r\u00e9p\u00e9titivit\u00e9, et ce n&#8217;est alors plus un miracle, lequel est Unique, par d\u00e9finition.<\/p>\n<figure id=\"attachment_3801\" aria-describedby=\"caption-attachment-3801\" style=\"width: 1438px\" class=\"wp-caption aligncenter\"><a href=\"https:\/\/blogs.futura-sciences.com\/luminet\/wp-content\/uploads\/sites\/2\/2020\/02\/Bruno-Proces.jpg\" rel=\"lightbox[3783]\"><img loading=\"lazy\" decoding=\"async\" class=\"size-full wp-image-3801\" src=\"https:\/\/blogs.futura-sciences.com\/luminet\/wp-content\/uploads\/sites\/2\/2020\/02\/Bruno-Proces.jpg\" alt=\"\" width=\"1438\" height=\"844\" srcset=\"https:\/\/blogs.futura-sciences.com\/luminet\/wp-content\/uploads\/sites\/2\/2020\/02\/Bruno-Proces.jpg 1438w, https:\/\/blogs.futura-sciences.com\/luminet\/wp-content\/uploads\/sites\/2\/2020\/02\/Bruno-Proces-450x264.jpg 450w, https:\/\/blogs.futura-sciences.com\/luminet\/wp-content\/uploads\/sites\/2\/2020\/02\/Bruno-Proces-1024x601.jpg 1024w, https:\/\/blogs.futura-sciences.com\/luminet\/wp-content\/uploads\/sites\/2\/2020\/02\/Bruno-Proces-768x451.jpg 768w\" sizes=\"auto, (max-width: 1438px) 100vw, 1438px\" \/><\/a><figcaption id=\"caption-attachment-3801\" class=\"wp-caption-text\">Le proc\u00e8s de Giordano Bruno<\/figcaption><\/figure>\n<p style=\"text-align: justify\">La v\u00e9ritable r\u00e9volution cosmologique du XVI<sup>e<\/sup> si\u00e8cle ne r\u00e9side pas dans l&#8217;affirmation h\u00e9liocentrique de Copernic, mais dans celle de la multiplicit\u00e9 infinie des mondes. Bruno finit sur le b\u00fbcher le 17 f\u00e9vrier 1600, place des Fleurs, \u00e0 Rome. Durant son incarc\u00e9ration \u00e0 Rome, il n\u2019avait eu de cesse d\u2019enseigner \u00e0 ses compagnons de cellule que tous ces points lumineux que nous appelons \u00e9toiles et qu\u2019ils devinaient \u00e0 travers l\u2019\u00e9troite fen\u00eatre de leur cachot formaient des mondes pareils au n\u00f4tre.<\/p>\n<figure id=\"attachment_3802\" aria-describedby=\"caption-attachment-3802\" style=\"width: 1364px\" class=\"wp-caption aligncenter\"><a href=\"https:\/\/blogs.futura-sciences.com\/luminet\/wp-content\/uploads\/sites\/2\/2020\/02\/Bruno-Bucher.jpg\" rel=\"lightbox[3783]\"><img loading=\"lazy\" decoding=\"async\" class=\"size-full wp-image-3802\" src=\"https:\/\/blogs.futura-sciences.com\/luminet\/wp-content\/uploads\/sites\/2\/2020\/02\/Bruno-Bucher.jpg\" alt=\"\" width=\"1364\" height=\"862\" srcset=\"https:\/\/blogs.futura-sciences.com\/luminet\/wp-content\/uploads\/sites\/2\/2020\/02\/Bruno-Bucher.jpg 1364w, https:\/\/blogs.futura-sciences.com\/luminet\/wp-content\/uploads\/sites\/2\/2020\/02\/Bruno-Bucher-450x284.jpg 450w, https:\/\/blogs.futura-sciences.com\/luminet\/wp-content\/uploads\/sites\/2\/2020\/02\/Bruno-Bucher-1024x647.jpg 1024w, https:\/\/blogs.futura-sciences.com\/luminet\/wp-content\/uploads\/sites\/2\/2020\/02\/Bruno-Bucher-768x485.jpg 768w\" sizes=\"auto, (max-width: 1364px) 100vw, 1364px\" \/><\/a><figcaption id=\"caption-attachment-3802\" class=\"wp-caption-text\">Mise au b\u00fbcher sur la place des Fleurs \u00e0 rome, 17 f\u00e9vrier 1600<\/figcaption><\/figure>\n<h4 style=\"text-align: justify\">Galil\u00e9e, ou la prudence du fini<\/h4>\n<p style=\"text-align: justify\">Malgr\u00e9 la force de ses convictions, Giordano Bruno n&#8217;aura de son temps gu\u00e8re d&#8217;influence scientifique. Aucune observation astronomique n&#8217;\u00e9taye ses conceptions, oppos\u00e9es \u00e0 la doctrine chr\u00e9tienne. Sa pens\u00e9e, trahie et d\u00e9figur\u00e9e, reste incomprise de la plupart de ses contemporains &#8211; notamment par Galil\u00e9e. Il sera red\u00e9couvert par les philosophes des Lumi\u00e8res au XVIII<sup>e<\/sup> si\u00e8cle, et son image l\u00e9gendaire na\u00eetra seulement au milieu du si\u00e8cle suivant, lorsque la science positiviste s&#8217;opposera triomphalement \u00e0 l&#8217;\u00c9glise.<\/p>\n<p style=\"text-align: justify\">En Angleterre cependant, patrie de Thomas Digges et davantage d\u00e9gag\u00e9e des oppositions dogmatiques des autorit\u00e9s religieuses, William Gilbert et Henry More d\u00e9fendent \u00e0 leur tour les notions d&#8217;h\u00e9liocentrisme et de pluralit\u00e9 des mondes. Dans son <em>De Magnete<\/em> (1600), Gilbert prouve non seulement que la Terre se comporte comme un aimant, mais il affirme que les \u00e9toiles sont, comme les plan\u00e8tes, \u00e0 des distances in\u00e9gales de la Terre, et que le Soleil dirige les plan\u00e8tes \u00e0 l&#8217;aide de forces magn\u00e9tiques. Chef de file de l\u2019\u00e9cole des n\u00e9oplatoniciens de Cambridge, le philosophe Henry More (1614-1687) embo\u00eete le pas \u00e0 Giordano Bruno et pr\u00e9pare le terrain pour la conception d\u2019un espace absolu et infini, que parach\u00e8vera son compatriote Newton. More consacre ainsi \u00e0 l&#8217;atomisme et au concept de la pluralit\u00e9 des mondes un ouvrage exalt\u00e9, <em>Essai sur l&#8217;Infinit\u00e9 des Mondes (<\/em>1646).<\/p>\n<p style=\"text-align: justify\"><a href=\"https:\/\/blogs.futura-sciences.com\/luminet\/wp-content\/uploads\/sites\/2\/2020\/02\/jkepler.jpg\" rel=\"lightbox[3783]\"><img loading=\"lazy\" decoding=\"async\" class=\"alignleft wp-image-3804\" src=\"https:\/\/blogs.futura-sciences.com\/luminet\/wp-content\/uploads\/sites\/2\/2020\/02\/jkepler.jpg\" alt=\"\" width=\"166\" height=\"192\" srcset=\"https:\/\/blogs.futura-sciences.com\/luminet\/wp-content\/uploads\/sites\/2\/2020\/02\/jkepler.jpg 400w, https:\/\/blogs.futura-sciences.com\/luminet\/wp-content\/uploads\/sites\/2\/2020\/02\/jkepler-390x450.jpg 390w\" sizes=\"auto, (max-width: 166px) 100vw, 166px\" \/><\/a>Les deux principaux artisans de la \u00ab\u00a0nouvelle astronomie\u00a0\u00bb, Johannes Kepler (1571-1630) et Galil\u00e9e (1564-1642), restent quant \u00e0 eux tr\u00e8s prudents sur la question de l\u2019infini. Kepler tente en premier lieu de construire un mod\u00e8le d\u2019univers copernicien, mais fond\u00e9 sur l\u2019usage de figures g\u00e9om\u00e9triques particuli\u00e8res\u00a0: les poly\u00e8dres r\u00e9guliers (<em>Le Secret du Monde<\/em>, 1596). Il \u00e9choue dans cette tentative, l\u2019agencement calcul\u00e9 des orbites plan\u00e9taires ne correspondant pas aux nouvelles donn\u00e9es exp\u00e9rimentales rassembl\u00e9es par Tycho Brahe. D\u00e9couvrant alors la nature elliptique des trajectoires plan\u00e9taires (<em>Astronomie nouvelle<\/em>, 1609), Kepler renverse le dogme du mouvement circulaire et uniforme comme explication ultime des mouvements c\u00e9lestes.<\/p>\n<p style=\"text-align: justify\">Il refuse cependant de suivre Bruno dans son argumentation sur l\u2019infinit\u00e9 de l\u2019univers. Il consid\u00e8re cette notion comme purement m\u00e9taphysique et, puisque non fond\u00e9e sur l\u2019exp\u00e9rience, d\u00e9nu\u00e9e de signification scientifique\u00a0: \u00ab\u00a0En v\u00e9rit\u00e9, un corps infini ne peut \u00eatre compris par la pens\u00e9e. En effet, les concepts de l\u2019esprit au sujet de l\u2019infini se r\u00e9f\u00e8rent ou bien \u00e0 la signification du mot \u201cinfini\u201d, ou bien \u00e0 quelque chose qui exc\u00e8de toute mesure num\u00e9rique, visuelle ou tactile concevable; c\u2019est-\u00e0-dire \u00e0 quelque chose qui n\u2019est pas infini en acte, vu qu\u2019une mesure infinie n\u2019est pas concevable<a href=\"#_ftn5\" name=\"_ftnref5\">[5]<\/a>\u00a0\u00bb. Kepler appuie son argumentation en \u00e9non\u00e7ant pour la premi\u00e8re fois<a href=\"#_ftn6\" name=\"_ftnref6\">[6]<\/a> un raisonnement qui fera beaucoup gloser\u00a0: le \u00ab\u00a0paradoxe de la nuit noire\u00a0\u00bb. \u00c0 premi\u00e8re vue, il n\u2019y a pas lieu de s\u2019\u00e9tonner que la nuit soit noire. Le Soleil couch\u00e9 ne d\u00e9livre plus de lumi\u00e8re, seules restent les \u00e9toiles pour \u00e9clairer faiblement la nuit. Supposons cependant que l\u2019espace soit infini, et uniform\u00e9ment rempli d\u2019astres (\u00e9toiles, galaxies). En quelque direction que nous regardions, nous devrions trouver un astre plus ou moins \u00e9loign\u00e9 sur notre ligne de vis\u00e9e. L\u2019addition de leurs luminosit\u00e9s devrait rendre le ciel nocturne aussi brillant qu\u2019en plein midi, et m\u00eame davantage\u00a0: le fond du ciel ressemblerait \u00e0 une vo\u00fbte radieuse contin\u00fbment tapiss\u00e9e d\u2019\u00e9toiles, \u00e0 la fa\u00e7on d\u2019un gigantesque soleil. Pourquoi n\u2019en est-il pas ainsi ? S\u2019il existe d\u2019autres \u00e9toiles de m\u00eame nature que la n\u00f4tre, comment se fait-il qu\u2019\u00e0 elles toutes elles ne d\u00e9passent pas notre Soleil en \u00e9clat? C\u2019est le paradoxe de la nuit noire. Pour bien le saisir, assimilons l\u2019univers \u00e0 une for\u00eat et les \u00e9toiles \u00e0 des troncs d\u2019arbres identiques, largement espac\u00e9s. Les troncs les plus proches paraissent les plus gros, les troncs plus lointains sont plus petits; mais il est clair que, si la for\u00eat est suffisamment grande, les troncs se chevauchent pour former un fond continu, semblant nous entourer d\u2019un mur circulaire.<\/p>\n<figure id=\"attachment_3805\" aria-describedby=\"caption-attachment-3805\" style=\"width: 481px\" class=\"wp-caption aligncenter\"><a href=\"https:\/\/blogs.futura-sciences.com\/luminet\/wp-content\/uploads\/sites\/2\/2020\/02\/Nuitnoire-Kepler.jpg\" rel=\"lightbox[3783]\"><img loading=\"lazy\" decoding=\"async\" class=\"size-full wp-image-3805\" src=\"https:\/\/blogs.futura-sciences.com\/luminet\/wp-content\/uploads\/sites\/2\/2020\/02\/Nuitnoire-Kepler.jpg\" alt=\"\" width=\"481\" height=\"828\" srcset=\"https:\/\/blogs.futura-sciences.com\/luminet\/wp-content\/uploads\/sites\/2\/2020\/02\/Nuitnoire-Kepler.jpg 481w, https:\/\/blogs.futura-sciences.com\/luminet\/wp-content\/uploads\/sites\/2\/2020\/02\/Nuitnoire-Kepler-261x450.jpg 261w\" sizes=\"auto, (max-width: 481px) 100vw, 481px\" \/><\/a><figcaption id=\"caption-attachment-3805\" class=\"wp-caption-text\">Page de l&#8217;Epitom\u00e9 de l&#8217;astronomie copernicienne (1617) o\u00f9 Kepler discute du paradoxe de la nuit noire dans l&#8217;hypoth\u00e8se d&#8217;un univers infni \u00e0 la Giordano Bruno.<\/figcaption><\/figure>\n<p style=\"text-align: justify\">Le paradoxe de la nuit noire fait apparemment obstacle au concept d\u2019espace homog\u00e8ne et infini. Comme Kepler ne partage pas la conception de Giordano Bruno, selon laquelle le Soleil est un monde comme les autres, au milieu des \u00e9toiles dispers\u00e9es \u00e0 l\u2019infini, il r\u00e9pond au paradoxe en optant pour un mod\u00e8le d\u2019univers fini, born\u00e9 par un mur ou une vo\u00fbte. En ce cas, les \u00e9toiles sont en trop petit nombre pour couvrir le ciel entier, et il n\u2019y a plus aucune raison pour que le fond du ciel soit brillant. Bien que cette explication se heurte au paradoxe du bord, Kepler y voit la seule issue possible pour expliquer la noirceur nocturne. Tout comme le paradoxe du bord, ce probl\u00e8me ne sera r\u00e9solu de fa\u00e7on satisfaisante qu\u2019au milieu du XIX<sup>e<\/sup>\u00a0si\u00e8cle, mais par de tout autres arguments<a href=\"#_ftn7\" name=\"_ftnref7\">[7]<\/a>.<\/p>\n<p style=\"text-align: justify\">Influenc\u00e9 sans vouloir l\u2019admettre par le <em>Secret du Monde<\/em> de Kepler, Galil\u00e9e se r\u00e9v\u00e8le tr\u00e8s vite un fervent partisan du syst\u00e8me h\u00e9liocentrique propos\u00e9 par Copernic, selon lequel la Terre, une plan\u00e8te parmi les autres, tourne autour du Soleil et non l\u2019inverse. Mais comment le prouver ?<\/p>\n<p style=\"text-align: justify\"><a href=\"https:\/\/blogs.futura-sciences.com\/luminet\/wp-content\/uploads\/sites\/2\/2020\/02\/galileo_sidereus.jpg\" rel=\"lightbox[3783]\"><img loading=\"lazy\" decoding=\"async\" class=\"alignright wp-image-3806\" src=\"https:\/\/blogs.futura-sciences.com\/luminet\/wp-content\/uploads\/sites\/2\/2020\/02\/galileo_sidereus.jpg\" alt=\"\" width=\"211\" height=\"280\" srcset=\"https:\/\/blogs.futura-sciences.com\/luminet\/wp-content\/uploads\/sites\/2\/2020\/02\/galileo_sidereus.jpg 1280w, https:\/\/blogs.futura-sciences.com\/luminet\/wp-content\/uploads\/sites\/2\/2020\/02\/galileo_sidereus-340x450.jpg 340w, https:\/\/blogs.futura-sciences.com\/luminet\/wp-content\/uploads\/sites\/2\/2020\/02\/galileo_sidereus-773x1024.jpg 773w, https:\/\/blogs.futura-sciences.com\/luminet\/wp-content\/uploads\/sites\/2\/2020\/02\/galileo_sidereus-768x1018.jpg 768w, https:\/\/blogs.futura-sciences.com\/luminet\/wp-content\/uploads\/sites\/2\/2020\/02\/galileo_sidereus-1159x1536.jpg 1159w\" sizes=\"auto, (max-width: 211px) 100vw, 211px\" \/><\/a>Ayant appris en 1609 l\u2019existence d\u2019un instrument optique permettant de grossir ce que l\u2019on regarde, Galil\u00e9e s\u2019empresse de le reproduire en l\u2019am\u00e9liorant, puis pointe cette lunette vers le ciel. Un an apr\u00e8s, il expose les r\u00e9sultats de ses observations dans <em>Le Messager c\u00e9leste<\/em>. Ils sont tous en contradiction avec les dogmes de la physique aristot\u00e9licienne, sur lesquels reposait l\u2019astronomie d\u2019alors. Qu\u2019on en juge. La Lune, constell\u00e9e de crat\u00e8res, de montagnes et de vall\u00e9es, n\u2019a pas la circularit\u00e9 parfaite qu\u2019on lui attribuait, mais elle a du relief, tout comme la Terre. Le Soleil, couvert de taches, est \u00e9galement imparfait. V\u00e9nus a des phases. Jupiter tourne autour du Soleil en entra\u00eenant un syst\u00e8me de quatre satellites. Les \u00e9toiles sont innombrables. La Voie lact\u00e9e est constitu\u00e9e d\u2019une multitude d\u2019\u00e9toiles tr\u00e8s peu lumineuses qui lui donnent cette luminosit\u00e9 laiteuse. \u00ab\u00a0Gr\u00e2ce \u00e0 la Lunette\u00bb, \u00e9crit Galil\u00e9e, \u00abon peut si bien fixer son regard sur la Voie lact\u00e9e que toutes les disputes qui ont, durant tant de si\u00e8cles, tortur\u00e9 les Philosophes sont d\u00e9truites par l\u2019\u00e9vidence de la perception, et que nous voil\u00e0 lib\u00e9r\u00e9s de discussions verbeuses. La Galaxie n\u2019est, en effet, rien d\u2019autre qu\u2019un amas d\u2019\u00c9toiles innombrables regroup\u00e9es en petits tas\u00a0\u00bb. Il mentionne aussi les n\u00e9buleuses, \u00ab\u00a0troupeaux de petites \u00e9toiles sem\u00e9es de mani\u00e8re admirable\u00a0\u00bb.<\/p>\n<p style=\"text-align: justify\">Sur le plan du style m\u00eame, l\u2019opuscule de Galil\u00e9e est novateur : ce r\u00e9cit en langue \u00ab\u00a0vulgaire\u00a0\u00bb &#8211; l\u2019italien-, bref, haletant m\u00eame, racontant au jour le jour la succession de d\u00e9couvertes bouleversantes \u00e0 la fa\u00e7on d\u2019une narration journalistique, n\u2019a rien \u00e0 voir avec un trait\u00e9 scientifique classique en latin. Galill\u00e9e conservera toute sa vie son style savoureux et pol\u00e9mique. \u00ab\u00a0Ses dons litt\u00e9raires hors du commun lui permettent de parler aux hommes cultiv\u00e9s de son \u00e9poque une langue si claire et si frappante qu\u2019il parvient \u00e0 d\u00e9passer la pens\u00e9e anthropocentrique et mythique de ses contemporains et \u00e0 ramener ceux-ci \u00e0 une conception objective, causale, du cosmos, que l\u2019humanit\u00e9 avait perdue apr\u00e8s l\u2019apog\u00e9e de la culture grecque\u00a0\u00bb, d\u00e9clarera Einstein en 1953.<\/p>\n<p style=\"text-align: justify\">Sur le fond, les implications des observations galil\u00e9ennes d\u00e9passent de loin le constat astronomique. Pour la premi\u00e8re fois dans l\u2019histoire de l\u2019astronomie, Galil\u00e9e a vu, gr\u00e2ce \u00e0 un moyen d\u2019observation artificiel, une s\u00e9rie de ph\u00e9nom\u00e8nes entrant directement en contradiction avec la physique officielle. Malgr\u00e9 les probl\u00e8mes \u00e9pist\u00e9mologiques que la lunette ne manque pas de poser, \u00e0 une \u00e9poque o\u00f9 un seul homme, Kepler et non pas Galil\u00e9e, \u00e9tait en mesure de comprendre le fonctionnement de cet instrument, le <em>Messager c\u00e9leste<\/em> fait grand bruit. Galil\u00e9e, professeur \u00e0 l\u2019Universit\u00e9 de Padoue, alors inconnu hors de son milieu professionnel, devient le philosophe naturaliste le plus c\u00e9l\u00e8bre d\u2019Europe.<\/p>\n<figure id=\"attachment_3808\" aria-describedby=\"caption-attachment-3808\" style=\"width: 188px\" class=\"wp-caption alignleft\"><a href=\"https:\/\/blogs.futura-sciences.com\/luminet\/wp-content\/uploads\/sites\/2\/2020\/02\/Galilee_Leoni1624.jpg\" rel=\"lightbox[3783]\"><img loading=\"lazy\" decoding=\"async\" class=\" wp-image-3808\" src=\"https:\/\/blogs.futura-sciences.com\/luminet\/wp-content\/uploads\/sites\/2\/2020\/02\/Galilee_Leoni1624.jpg\" alt=\"\" width=\"188\" height=\"212\" srcset=\"https:\/\/blogs.futura-sciences.com\/luminet\/wp-content\/uploads\/sites\/2\/2020\/02\/Galilee_Leoni1624.jpg 533w, https:\/\/blogs.futura-sciences.com\/luminet\/wp-content\/uploads\/sites\/2\/2020\/02\/Galilee_Leoni1624-400x450.jpg 400w\" sizes=\"auto, (max-width: 188px) 100vw, 188px\" \/><\/a><figcaption id=\"caption-attachment-3808\" class=\"wp-caption-text\">Portrait de Galil\u00e9e en 1624 par Leoni<\/figcaption><\/figure>\n<p style=\"text-align: justify\">Il s\u2019engage alors r\u00e9solument dans une lutte orageuse pour la reconnaissance du syst\u00e8me copernicien, et entend prouver exp\u00e9rimentalement l\u2019identit\u00e9 de nature entre les mondes sublunaire et supralunaire, que la doctrine aristot\u00e9lo-chr\u00e9tienne consid\u00e9rait comme fonci\u00e8rement distincts. Autrement dit, il veut unifier la physique terrestre et la physique c\u00e9leste, il veut \u00e9tablir l\u2019universalit\u00e9 du monde et des lois qui le gouvernent, et fonder ainsi la physique.<\/p>\n<p style=\"text-align: justify\">Mais sur la question de l\u2019infini spatial, Galil\u00e9e, tout comme Kepler, adopte l\u2019attitude prudente du physicien\u00a0: \u00ab\u00a0Qu\u2019allons-nous faire maintenant, signor Simplicio, des \u00e9toiles fixes\u00a0? Allons-nous les disperser dans les immenses ab\u00eemes de l\u2019univers \u00e0 diff\u00e9rentes distances de n\u2019importe quel point d\u00e9termin\u00e9, ou bien allons-nous les situer sur une m\u00eame surface sph\u00e9riquement \u00e9tendue autour de son centre, toutes \u00e9tant alors \u00e0 distance \u00e9gale de ce centre\u00a0?\u00a0\u00bb<a href=\"#_ftn8\" name=\"_ftnref8\">[8]<\/a>\u00a0. Et il conclut\u00a0: \u00ab\u00a0Ne savez-vous pas qu\u2019il est encore non d\u00e9cid\u00e9 (et je crois que cela le restera toujours pour la science humaine) si l\u2019Univers est fini ou infini ?\u00bb <a href=\"#_ftn9\" name=\"_ftnref9\">[9]<\/a><\/p>\n<p style=\"text-align: justify\">Cette r\u00e9pugnance envers l\u2019infini dont fait preuve Galil\u00e9e se retrouve dans sa conception du r\u00f4le des math\u00e9matiques pour l\u2019\u00e9tude de la nature\u00a0: \u00ab\u00a0La philosophie est \u00e9crite dans ce vaste livre qui constamment se tient ouvert devant nos yeux (je veux dire l\u2019univers), et on ne peut le comprendre si d\u2019abord on n\u2019apprend pas \u00e0 conna\u00eetre la langue et les caract\u00e8res dans lesquels il est \u00e9crit. Or il est \u00e9crit en langue math\u00e9matique, et ses caract\u00e8res sont les triangles, les cercles et autres figures g\u00e9om\u00e9triques, sans lesquels il est humainement impossible d\u2019en comprendre un mot, sans lesquels on erre vraiment en un labyrinthe obscur\u00a0\u00bb<a href=\"#_ftn10\" name=\"_ftnref10\">[10]<\/a>. La vie intellectuelle de Galil\u00e9e restera du d\u00e9but \u00e0 la fin impr\u00e9gn\u00e9e d\u2019une telle conception de la philosophie naturelle, qui m\u00eale l\u2019exp\u00e9rimentation et la conceptualisation. Or, Galil\u00e9e s\u2019est int\u00e9ress\u00e9 \u00e0 la suite des carr\u00e9s <em>n<sup>2<\/sup> <\/em>des nombres entiers <em>n<\/em>, et a remarqu\u00e9 (comme bien d\u2019autres math\u00e9maticiens l\u2019avaient fait avant lui) qu\u2019\u00e0 chaque entier 1, 2, 3, 4, etc., on peut associer son carr\u00e9 1, 4, 9, 16, etc. Les deux ensembles sont infinis, ils peuvent \u00eatre mis en correspondance terme \u00e0 terme, autrement dit ils ont le m\u00eame nombre d\u2019\u00e9l\u00e9ments. Pourtant, l&#8217;ensemble des carr\u00e9s n&#8217;est qu&#8217;une partie de l&#8217;ensemble des entiers, si bien que la correspondance viole l&#8217;axiome \u00ab\u00a0le tout est plus grand que la partie\u00a0\u00bb. Ce paradoxe, dit \u00ab\u00a0de la r\u00e9flexivit\u00e9\u00a0\u00bb, a pendant des si\u00e8cles \u00e9chaud\u00e9 les math\u00e9maticiens, au point de les rendre extr\u00eamement prudents dans l\u2019utilisation des infinis, certains jugeant m\u00eame dangereux, sinon scandaleux, de les invoquer autrement que comme une pure fiction n\u00e9cessaire \u00e0 la pens\u00e9e. Ainsi a-t-on longtemps pr\u00e9f\u00e9r\u00e9 croire que seul un \u00eatre infini lui-m\u00eame \u2013 Dieu, pour ne pas le nommer\u00a0\u2013 pouvait penser l\u2019infini. L\u2019\u00c9glise s\u2019est d\u2019ailleurs oppos\u00e9e \u00e0 toute tentative de penser l\u2019infini. Thomas d\u2019Aquin consid\u00e9rait par exemple que quiconque tentait de concevoir l\u2019infini commettait un abominable p\u00e9ch\u00e9 d\u2019orgueil, car il entrait en concurrence avec la nature unique et absolument infinie de Dieu. On trouve l\u00e0 l\u2019un des arguments avanc\u00e9s par l\u2019Inquisition pour condamner Giordano Bruno.<\/p>\n<figure id=\"attachment_3811\" aria-describedby=\"caption-attachment-3811\" style=\"width: 177px\" class=\"wp-caption alignleft\"><a href=\"https:\/\/blogs.futura-sciences.com\/luminet\/wp-content\/uploads\/sites\/2\/2020\/02\/bellarmin.jpg\" rel=\"lightbox[3783]\"><img loading=\"lazy\" decoding=\"async\" class=\" wp-image-3811\" src=\"https:\/\/blogs.futura-sciences.com\/luminet\/wp-content\/uploads\/sites\/2\/2020\/02\/bellarmin.jpg\" alt=\"\" width=\"177\" height=\"261\" srcset=\"https:\/\/blogs.futura-sciences.com\/luminet\/wp-content\/uploads\/sites\/2\/2020\/02\/bellarmin.jpg 441w, https:\/\/blogs.futura-sciences.com\/luminet\/wp-content\/uploads\/sites\/2\/2020\/02\/bellarmin-305x450.jpg 305w\" sizes=\"auto, (max-width: 177px) 100vw, 177px\" \/><\/a><figcaption id=\"caption-attachment-3811\" class=\"wp-caption-text\">Le cardinal Bellarmin<\/figcaption><\/figure>\n<p style=\"text-align: justify\">Bien que finitiste, l\u2019oeuvre cosmologique de Galil\u00e9e inspire des craintes aux th\u00e9ologiens. En 1615, malgr\u00e9 les r\u00e9ticences de certains cardinaux, le Saint-Office met \u00e0 l\u2019index le <em>De Revolutionibus<\/em> de Copernic et met en garde Galil\u00e9e, qui reprend le chemin de Florence. Le cardinal Roberto Bellarmin, qui avait d\u00e9cid\u00e9 en 1600 du sort fatal de Giordano Bruno, exhorte Galil\u00e9e \u00e0 ne pas soutenir la doctrine copernicienne. Mais Bellarmin n\u2019interdit pas \u00e0 Galil\u00e9e l\u2019\u00e9tude du syst\u00e8me copernicien en tant qu\u2019hypoth\u00e8se scientifique. D\u2019autant que Galil\u00e9e tient absolument \u00e0 se d\u00e9marquer de Bruno. Ce dernier interpr\u00e9tait la th\u00e9orie copernicienne dans un sens purement philosophique ou m\u00e9taphysique, sans cons\u00e9quence scientifique pr\u00e9cise. Sa philosophie de la nature \u00e9tait d\u00e9nu\u00e9e de rigueur\u00a0; ses raisonnements fourmillaient d\u2019all\u00e9gories, de r\u00e9f\u00e9rences \u00e0 la magie, d\u2019affirmations g\u00e9n\u00e9rales inv\u00e9rifiables. Pour Galil\u00e9e, au contraire, la th\u00e9orie copernicienne est le point de convergence de toutes les nouvelles recherches scientifiques, et il veut fonder sur elle une nouvelle m\u00e9thodologie scientifique. C\u2019est pourquoi Galil\u00e9e ne citera jamais le nom de Bruno &#8211; un silence bl\u00e2m\u00e9 par Kepler, car interpr\u00e9t\u00e9 comme une l\u00e2chet\u00e9.<\/p>\n<p style=\"text-align: justify\"><a href=\"https:\/\/blogs.futura-sciences.com\/luminet\/wp-content\/uploads\/sites\/2\/2020\/02\/Galilei-weltsysteme_1-621x854-1.jpg\" rel=\"lightbox[3783]\"><img loading=\"lazy\" decoding=\"async\" class=\"alignright wp-image-3807\" src=\"https:\/\/blogs.futura-sciences.com\/luminet\/wp-content\/uploads\/sites\/2\/2020\/02\/Galilei-weltsysteme_1-621x854-1.jpg\" alt=\"\" width=\"219\" height=\"301\" srcset=\"https:\/\/blogs.futura-sciences.com\/luminet\/wp-content\/uploads\/sites\/2\/2020\/02\/Galilei-weltsysteme_1-621x854-1.jpg 621w, https:\/\/blogs.futura-sciences.com\/luminet\/wp-content\/uploads\/sites\/2\/2020\/02\/Galilei-weltsysteme_1-621x854-1-327x450.jpg 327w\" sizes=\"auto, (max-width: 219px) 100vw, 219px\" \/><\/a>Encourag\u00e9 \u00e9galement par le cardinal Barberini, qui devient pape en 1623 sous le nom d\u2019Urbain\u00a0VIII, Galil\u00e9e publie son ouvrage pol\u00e9mique, <em>L\u2019Essayeur<\/em>. En 1632, son <em>Dialogue sur les deux grands syst\u00e8mes du monde<\/em> s\u2019en prend avec virulence \u00e0 la conception aristot\u00e9licienne du monde, et aux th\u00e9ories astronomiques de Ptol\u00e9m\u00e9e qui en d\u00e9coulent. Tout comme <em>Le Banquet des Cendres<\/em> de Giordano Bruno (qu\u2019il ne cite toujours pas) le <em>Dialogue <\/em>de Galil\u00e9e met en sc\u00e8ne un aristot\u00e9licien born\u00e9, discutant avec un personnage intelligen qui d\u00e9fend Copernic. Galil\u00e9e y tire toutes les cons\u00e9quences des observations effectu\u00e9es avec sa lunette astronomique : il adopte d\u00e9finitivement le syst\u00e8me h\u00e9liocentrique. Galil\u00e9e n\u2019\u00e9nonce plus d\u2019hypoth\u00e8ses. Il affirme une r\u00e9alit\u00e9.<\/p>\n<figure id=\"attachment_3809\" aria-describedby=\"caption-attachment-3809\" style=\"width: 600px\" class=\"wp-caption aligncenter\"><a href=\"https:\/\/blogs.futura-sciences.com\/luminet\/wp-content\/uploads\/sites\/2\/2020\/02\/Galilee_Fleury.jpg\" rel=\"lightbox[3783]\"><img loading=\"lazy\" decoding=\"async\" class=\"size-full wp-image-3809\" src=\"https:\/\/blogs.futura-sciences.com\/luminet\/wp-content\/uploads\/sites\/2\/2020\/02\/Galilee_Fleury.jpg\" alt=\"\" width=\"600\" height=\"394\" srcset=\"https:\/\/blogs.futura-sciences.com\/luminet\/wp-content\/uploads\/sites\/2\/2020\/02\/Galilee_Fleury.jpg 600w, https:\/\/blogs.futura-sciences.com\/luminet\/wp-content\/uploads\/sites\/2\/2020\/02\/Galilee_Fleury-450x296.jpg 450w\" sizes=\"auto, (max-width: 600px) 100vw, 600px\" \/><\/a><figcaption id=\"caption-attachment-3809\" class=\"wp-caption-text\">Le proc\u00e8s de Galil\u00e9e, par Fleury<\/figcaption><\/figure>\n<p style=\"text-align: justify\">C\u2019est pour cette raison que le tribunal de l\u2019Inquisition le condamne le 22\u00a0juin 1633. Urbain\u00a0VIII se doit en effet de sacrifier un adepte des nouvelles id\u00e9es afin d\u2019apaiser l\u2019Espagne catholique. Galil\u00e9e est alors plac\u00e9 en r\u00e9sidence surveill\u00e9e. Malgr\u00e9 sa r\u00e9tractation, ses id\u00e9es se r\u00e9pandent avec son dernier ouvrage, <em>Discours et d\u00e9monstrations math\u00e9matiques<\/em>, paru en Hollande en 1638, quatre ans avant sa mort.<\/p>\n<p style=\"text-align: justify\">Apr\u00e8s Galil\u00e9e, les syst\u00e8mes du monde ne seront plus jamais les m\u00eames. La Terre restera \u00e9cart\u00e9e du centre de l\u2019Univers, mais surtout, la remise en cause de la physique d\u2019Aristote exigera de repenser les lois qui r\u00e9gissent le mouvement des corps et de leur donner une formulation math\u00e9matique ad\u00e9quate. La voie est d\u00e9finitivement ouverte \u00e0 de nouvelles cosmologies, construites sur la base d\u2019un espace infini. Jusqu\u2019alors, la notion d\u2019espace \u00e9tait con\u00e7ue dans l\u2019ordre cosmologique et physique de la nature, et non pas comme la toile de fond des figures et des constructions g\u00e9om\u00e9triques d\u2019Euclide. En d\u2019autres termes, l\u2019espace physique n\u2019\u00e9tait pas math\u00e9matis\u00e9. Il le devient gr\u00e2ce \u00e0 Ren\u00e9 Descartes (1596-1650), qui a l\u2019id\u00e9e de sp\u00e9cifier chaque point par un ensemble de trois nombres r\u00e9els\u00a0: ses coordonn\u00e9es. L\u2019introduction d\u2019un syst\u00e8me de coordonn\u00e9es universel qui quadrille enti\u00e8rement l\u2019espace et permet de mesurer les distances traduit bien que, pour Descartes, l\u2019unification et l\u2019uniformisation de l\u2019univers dans son contenu physique et dans ses lois g\u00e9om\u00e9triques ne font aucun doute. L\u2019espace est une substance au m\u00eame titre que les corps mat\u00e9riels, un \u00e9ther infini agit\u00e9 de tourbillons sans nombre, au centre desquels se tiennent les \u00e9toiles et leurs syst\u00e8mes plan\u00e9taires. Ni la Terre, ni le Soleil, ni aucun astre n\u2019occupent une place privil\u00e9gi\u00e9e. Les \u00e9toiles sont autant de soleils servant de centre \u00e0 autant de tourbillons, semblables ou diff\u00e9rentes du n\u00f4tre.<\/p>\n<figure id=\"attachment_3810\" aria-describedby=\"caption-attachment-3810\" style=\"width: 422px\" class=\"wp-caption aligncenter\"><a href=\"https:\/\/blogs.futura-sciences.com\/luminet\/wp-content\/uploads\/sites\/2\/2020\/02\/Systeme-Descartes-1644.jpg\" rel=\"lightbox[3783]\"><img loading=\"lazy\" decoding=\"async\" class=\"size-full wp-image-3810\" src=\"https:\/\/blogs.futura-sciences.com\/luminet\/wp-content\/uploads\/sites\/2\/2020\/02\/Systeme-Descartes-1644.jpg\" alt=\"\" width=\"422\" height=\"629\" srcset=\"https:\/\/blogs.futura-sciences.com\/luminet\/wp-content\/uploads\/sites\/2\/2020\/02\/Systeme-Descartes-1644.jpg 422w, https:\/\/blogs.futura-sciences.com\/luminet\/wp-content\/uploads\/sites\/2\/2020\/02\/Systeme-Descartes-1644-302x450.jpg 302w\" sizes=\"auto, (max-width: 422px) 100vw, 422px\" \/><\/a><figcaption id=\"caption-attachment-3810\" class=\"wp-caption-text\">Syst\u00e8me de Descartes, 1644<\/figcaption><\/figure>\n<p style=\"text-align: justify\"><em>Bient\u00f4t un nouvel art s&#8217;offrit \u00e0 nos travaux.<br \/>\n<\/em><em>Aux deux bouts d&#8217;un long tube attachant deux cristaux,<br \/>\n<\/em><em>Galil\u00e9e en obtint une force inconnue;<br \/>\n<\/em><em>Son \u0153il per\u00e7a des cieux l&#8217;\u00e9tonnante \u00e9tendue.<br \/>\n<\/em><em>Ces espaces d&#8217;azur, qui semblaient des d\u00e9serts,<br \/>\n<\/em><em>Plac\u00e9s pour s\u00e9parer tous les astres divers,<br \/>\n<\/em><em>D&#8217;\u00e9toiles tout-\u00e0-coup, \u00e0 nos yeux se peupl\u00e8rent.<br \/>\n<\/em><em>De la cr\u00e9ation les bornes recul\u00e8rent.<br \/>\n<\/em><em>Chaque instant lui fit voir, dans un lointain sans fond,<br \/>\n<\/em><em>Et l&#8217;univers plus vaste, et le ciel plus profond.<br \/>\n<\/em>(Gudin de la Brunellerie, <em>L&#8217;astronomie<\/em>, 1810.)<\/p>\n<h4>R\u00e9f\u00e9rences<\/h4>\n<p style=\"text-align: justify\"><a href=\"#_ftnref1\" name=\"_ftn1\">[1]<\/a> Identifi\u00e9e aujourd\u2019hui \u00e0 une explosion de supernova.<\/p>\n<p style=\"text-align: justify\"><a href=\"#_ftnref2\" name=\"_ftn2\">[2]<\/a> <em>De spacio physico et mathematico<\/em>, pr\u00e9sent\u00e9 et traduit par H\u00e9l\u00e8ne V\u00e9drine, Paris, Vrin, 1996.<\/p>\n<p style=\"text-align: justify\"><a href=\"#_ftnref3\" name=\"_ftn3\">[3]<\/a>\u00a0<em>L&#8217;infini, l&#8217;univers et les mondes<\/em>, Berg international, 1987, p. 66<\/p>\n<p style=\"text-align: justify\"><a href=\"#_ftnref4\" name=\"_ftn4\">[4]<\/a> Exergue de <em>L\u2019infini, l\u2019univers et les mondes<\/em>.<\/p>\n<p style=\"text-align: justify\"><a href=\"#_ftnref5\" name=\"_ftn5\">[5]<\/a> <em>De stella nova<\/em>, 1606.<\/p>\n<p style=\"text-align: justify\"><a href=\"#_ftnref6\" name=\"_ftn6\">[6]<\/a> Johannes Kepler, <em>Conversation avec le Messager C\u00e9leste de Galil\u00e9e<\/em>, 1610, trad. I. Pantin, Paris, Les Belles Lettres, 1993.<\/p>\n<p style=\"text-align: justify\"><a href=\"#_ftnref7\" name=\"_ftn7\">[7]<\/a> Voir par exemple Jean-Pierre Luminet, <em>L\u2019univers chiffonn\u00e9<\/em>, Gallimard Folio\/Essais, 2005.<\/p>\n<p style=\"text-align: justify\"><a href=\"#_ftnref8\" name=\"_ftn8\">[8]<\/a> Galil\u00e9e, <em>Dialogue sur les deux grands syst\u00e8mes du monde<\/em>, trad. R. Fr\u00e9reux, avec le concours de F. De Gandt, \u00c9ditions du Seuil, 1992, p.\u00a0329.<\/p>\n<p style=\"text-align: justify\"><a href=\"#_ftnref9\" name=\"_ftn9\">[9]<\/a> <em>Lettre \u00e0 Ingoli<\/em>, cit\u00e9 in F.\u00a0Monnoyeur (dir.), <em>Infini des philosophes, infini des astronomes<\/em>, Paris, Belin, 1995, p.\u00a047.<\/p>\n<p style=\"text-align: justify\"><a href=\"#_ftnref10\" name=\"_ftn10\">[10]<\/a> Galil\u00e9e, <em>L\u2019Essayeur<\/em>, 1623\u00a0; trad. fr. Les Belles Lettres, 1989.<\/p>\n<!-- AddThis Advanced Settings generic via filter on the_content --><!-- AddThis Share Buttons generic via filter on the_content -->","protected":false},"excerpt":{"rendered":"<p>Le 17 f\u00e9vrier 1600, Giordano Bruno est br\u00fbl\u00e9 vif \u00e0 Rome par l&#8217;Inquisition : la libert\u00e9 d\u2019esprit face \u00e0 la pens\u00e9e unique. L&#8217;article qui suit lui rend hommage. Je le reprends d&#8217;une de mes publications parue en mai 2007 dans la Revue Europe n\u00b0937. Bruno et Galil\u00e9e au regard de l&#8217;infini \u00ab\u00a0Qui est l\u00e0\u00a0? Ah &hellip; <a href=\"https:\/\/blogs.futura-sciences.com\/luminet\/2020\/02\/17\/hommage-a-giordano-bruno-livresse-de-linfini\/\" class=\"more-link\">Continuer la lecture de <span class=\"screen-reader-text\">Hommage \u00e0 Giordano Bruno : l&#8217;ivresse de l&#8217;infini<\/span>  <span class=\"meta-nav\">&rarr;<\/span><\/a><!-- AddThis Advanced Settings generic via filter on get_the_excerpt --><!-- AddThis Share Buttons generic via filter on get_the_excerpt --><\/p>\n","protected":false},"author":2,"featured_media":3785,"comment_status":"open","ping_status":"open","sticky":false,"template":"","format":"standard","meta":{"footnotes":"","_links_to":"","_links_to_target":""},"categories":[58,14,27],"tags":[189,234,409,359,481,107],"class_list":["post-3783","post","type-post","status-publish","format-standard","has-post-thumbnail","hentry","category-astronomie","category-histoire-des-sciences-sciences","category-mes-publications","tag-cosmologie","tag-galilee","tag-giordano-bruno","tag-infini","tag-inquisition","tag-kepler"],"yoast_head":"<!-- This site is optimized with the Yoast SEO plugin v24.1 - https:\/\/yoast.com\/wordpress\/plugins\/seo\/ -->\n<title>Hommage \u00e0 Giordano Bruno : l&#039;ivresse de l&#039;infini, par Jean-Pierre Luminet<\/title>\n<meta name=\"robots\" content=\"index, follow, max-snippet:-1, max-image-preview:large, max-video-preview:-1\" \/>\n<link rel=\"canonical\" href=\"https:\/\/blogs.futura-sciences.com\/luminet\/2020\/02\/17\/hommage-a-giordano-bruno-livresse-de-linfini\/\" \/>\n<meta property=\"og:locale\" content=\"fr_FR\" \/>\n<meta property=\"og:type\" content=\"article\" \/>\n<meta property=\"og:title\" content=\"Hommage \u00e0 Giordano Bruno : l&#039;ivresse de l&#039;infini, par Jean-Pierre Luminet\" \/>\n<meta property=\"og:description\" content=\"Le 17 f\u00e9vrier 1600, Giordano Bruno est br\u00fbl\u00e9 vif \u00e0 Rome par l&#8217;Inquisition : la libert\u00e9 d\u2019esprit face \u00e0 la pens\u00e9e unique. L&#8217;article qui suit lui rend hommage. Je le reprends d&#8217;une de mes publications parue en mai 2007 dans la Revue Europe n\u00b0937. Bruno et Galil\u00e9e au regard de l&#8217;infini \u00ab\u00a0Qui est l\u00e0\u00a0? Ah &hellip; Continuer la lecture de Hommage \u00e0 Giordano Bruno : l&#8217;ivresse de l&#8217;infini &rarr;\" \/>\n<meta property=\"og:url\" content=\"https:\/\/blogs.futura-sciences.com\/luminet\/2020\/02\/17\/hommage-a-giordano-bruno-livresse-de-linfini\/\" \/>\n<meta property=\"og:site_name\" content=\"LUMINESCIENCES : le blog de Jean-Pierre LUMINET, astrophysicien\" \/>\n<meta property=\"article:published_time\" content=\"2020-02-17T16:15:01+00:00\" \/>\n<meta property=\"article:modified_time\" content=\"2020-07-21T23:35:26+00:00\" \/>\n<meta property=\"og:image\" content=\"https:\/\/blogs.futura-sciences.com\/luminet\/wp-content\/uploads\/sites\/2\/2020\/02\/Bruno-execution.jpg\" \/>\n\t<meta property=\"og:image:width\" content=\"1056\" \/>\n\t<meta property=\"og:image:height\" content=\"785\" \/>\n\t<meta property=\"og:image:type\" content=\"image\/jpeg\" \/>\n<meta name=\"author\" content=\"Jean-Pierre LUMINET\" \/>\n<meta name=\"twitter:card\" content=\"summary_large_image\" \/>\n<meta name=\"twitter:label1\" content=\"\u00c9crit par\" \/>\n\t<meta name=\"twitter:data1\" content=\"Jean-Pierre LUMINET\" \/>\n\t<meta name=\"twitter:label2\" content=\"Dur\u00e9e de lecture estim\u00e9e\" \/>\n\t<meta name=\"twitter:data2\" content=\"31 minutes\" \/>\n<script type=\"application\/ld+json\" class=\"yoast-schema-graph\">{\"@context\":\"https:\/\/schema.org\",\"@graph\":[{\"@type\":\"WebPage\",\"@id\":\"https:\/\/blogs.futura-sciences.com\/luminet\/2020\/02\/17\/hommage-a-giordano-bruno-livresse-de-linfini\/\",\"url\":\"https:\/\/blogs.futura-sciences.com\/luminet\/2020\/02\/17\/hommage-a-giordano-bruno-livresse-de-linfini\/\",\"name\":\"Hommage \u00e0 Giordano Bruno : l'ivresse de l'infini, par Jean-Pierre Luminet\",\"isPartOf\":{\"@id\":\"https:\/\/blogs.futura-sciences.com\/luminet\/#website\"},\"primaryImageOfPage\":{\"@id\":\"https:\/\/blogs.futura-sciences.com\/luminet\/2020\/02\/17\/hommage-a-giordano-bruno-livresse-de-linfini\/#primaryimage\"},\"image\":{\"@id\":\"https:\/\/blogs.futura-sciences.com\/luminet\/2020\/02\/17\/hommage-a-giordano-bruno-livresse-de-linfini\/#primaryimage\"},\"thumbnailUrl\":\"https:\/\/blogs.futura-sciences.com\/luminet\/wp-content\/uploads\/sites\/2\/2020\/02\/Bruno-execution.jpg\",\"datePublished\":\"2020-02-17T16:15:01+00:00\",\"dateModified\":\"2020-07-21T23:35:26+00:00\",\"author\":{\"@id\":\"https:\/\/blogs.futura-sciences.com\/luminet\/#\/schema\/person\/d61f577b54398f0ecee81e140e7643cb\"},\"inLanguage\":\"fr-FR\",\"potentialAction\":[{\"@type\":\"ReadAction\",\"target\":[\"https:\/\/blogs.futura-sciences.com\/luminet\/2020\/02\/17\/hommage-a-giordano-bruno-livresse-de-linfini\/\"]}]},{\"@type\":\"ImageObject\",\"inLanguage\":\"fr-FR\",\"@id\":\"https:\/\/blogs.futura-sciences.com\/luminet\/2020\/02\/17\/hommage-a-giordano-bruno-livresse-de-linfini\/#primaryimage\",\"url\":\"https:\/\/blogs.futura-sciences.com\/luminet\/wp-content\/uploads\/sites\/2\/2020\/02\/Bruno-execution.jpg\",\"contentUrl\":\"https:\/\/blogs.futura-sciences.com\/luminet\/wp-content\/uploads\/sites\/2\/2020\/02\/Bruno-execution.jpg\",\"width\":1056,\"height\":785},{\"@type\":\"WebSite\",\"@id\":\"https:\/\/blogs.futura-sciences.com\/luminet\/#website\",\"url\":\"https:\/\/blogs.futura-sciences.com\/luminet\/\",\"name\":\"LUMINESCIENCES : le blog de Jean-Pierre LUMINET, astrophysicien\",\"description\":\"J\u2019eus le vertige et je pleurai car mes yeux avaient vu cet objet secret et conjectural dont les hommes usurpent le nom, mais qu\u2019aucun homme n\u2019a regard\u00e9 : l\u2019inconcevable univers.  Jorge Luis Borges, L\u2019Aleph (1949)\",\"potentialAction\":[{\"@type\":\"SearchAction\",\"target\":{\"@type\":\"EntryPoint\",\"urlTemplate\":\"https:\/\/blogs.futura-sciences.com\/luminet\/?s={search_term_string}\"},\"query-input\":{\"@type\":\"PropertyValueSpecification\",\"valueRequired\":true,\"valueName\":\"search_term_string\"}}],\"inLanguage\":\"fr-FR\"},{\"@type\":\"Person\",\"@id\":\"https:\/\/blogs.futura-sciences.com\/luminet\/#\/schema\/person\/d61f577b54398f0ecee81e140e7643cb\",\"name\":\"Jean-Pierre LUMINET\",\"image\":{\"@type\":\"ImageObject\",\"inLanguage\":\"fr-FR\",\"@id\":\"https:\/\/blogs.futura-sciences.com\/luminet\/#\/schema\/person\/image\/\",\"url\":\"https:\/\/secure.gravatar.com\/avatar\/a6d27645b8081b2f766677414e6a83e1?s=96&d=mm&r=g\",\"contentUrl\":\"https:\/\/secure.gravatar.com\/avatar\/a6d27645b8081b2f766677414e6a83e1?s=96&d=mm&r=g\",\"caption\":\"Jean-Pierre LUMINET\"},\"url\":\"https:\/\/blogs.futura-sciences.com\/luminet\/author\/jpluminet\/\"}]}<\/script>\n<!-- \/ Yoast SEO plugin. -->","yoast_head_json":{"title":"Hommage \u00e0 Giordano Bruno : l'ivresse de l'infini, par Jean-Pierre Luminet","robots":{"index":"index","follow":"follow","max-snippet":"max-snippet:-1","max-image-preview":"max-image-preview:large","max-video-preview":"max-video-preview:-1"},"canonical":"https:\/\/blogs.futura-sciences.com\/luminet\/2020\/02\/17\/hommage-a-giordano-bruno-livresse-de-linfini\/","og_locale":"fr_FR","og_type":"article","og_title":"Hommage \u00e0 Giordano Bruno : l'ivresse de l'infini, par Jean-Pierre Luminet","og_description":"Le 17 f\u00e9vrier 1600, Giordano Bruno est br\u00fbl\u00e9 vif \u00e0 Rome par l&#8217;Inquisition : la libert\u00e9 d\u2019esprit face \u00e0 la pens\u00e9e unique. L&#8217;article qui suit lui rend hommage. Je le reprends d&#8217;une de mes publications parue en mai 2007 dans la Revue Europe n\u00b0937. Bruno et Galil\u00e9e au regard de l&#8217;infini \u00ab\u00a0Qui est l\u00e0\u00a0? Ah &hellip; Continuer la lecture de Hommage \u00e0 Giordano Bruno : l&#8217;ivresse de l&#8217;infini &rarr;","og_url":"https:\/\/blogs.futura-sciences.com\/luminet\/2020\/02\/17\/hommage-a-giordano-bruno-livresse-de-linfini\/","og_site_name":"LUMINESCIENCES : le blog de Jean-Pierre LUMINET, astrophysicien","article_published_time":"2020-02-17T16:15:01+00:00","article_modified_time":"2020-07-21T23:35:26+00:00","og_image":[{"width":1056,"height":785,"url":"https:\/\/blogs.futura-sciences.com\/luminet\/wp-content\/uploads\/sites\/2\/2020\/02\/Bruno-execution.jpg","type":"image\/jpeg"}],"author":"Jean-Pierre LUMINET","twitter_card":"summary_large_image","twitter_misc":{"\u00c9crit par":"Jean-Pierre LUMINET","Dur\u00e9e de lecture estim\u00e9e":"31 minutes"},"schema":{"@context":"https:\/\/schema.org","@graph":[{"@type":"WebPage","@id":"https:\/\/blogs.futura-sciences.com\/luminet\/2020\/02\/17\/hommage-a-giordano-bruno-livresse-de-linfini\/","url":"https:\/\/blogs.futura-sciences.com\/luminet\/2020\/02\/17\/hommage-a-giordano-bruno-livresse-de-linfini\/","name":"Hommage \u00e0 Giordano Bruno : l'ivresse de l'infini, par Jean-Pierre Luminet","isPartOf":{"@id":"https:\/\/blogs.futura-sciences.com\/luminet\/#website"},"primaryImageOfPage":{"@id":"https:\/\/blogs.futura-sciences.com\/luminet\/2020\/02\/17\/hommage-a-giordano-bruno-livresse-de-linfini\/#primaryimage"},"image":{"@id":"https:\/\/blogs.futura-sciences.com\/luminet\/2020\/02\/17\/hommage-a-giordano-bruno-livresse-de-linfini\/#primaryimage"},"thumbnailUrl":"https:\/\/blogs.futura-sciences.com\/luminet\/wp-content\/uploads\/sites\/2\/2020\/02\/Bruno-execution.jpg","datePublished":"2020-02-17T16:15:01+00:00","dateModified":"2020-07-21T23:35:26+00:00","author":{"@id":"https:\/\/blogs.futura-sciences.com\/luminet\/#\/schema\/person\/d61f577b54398f0ecee81e140e7643cb"},"inLanguage":"fr-FR","potentialAction":[{"@type":"ReadAction","target":["https:\/\/blogs.futura-sciences.com\/luminet\/2020\/02\/17\/hommage-a-giordano-bruno-livresse-de-linfini\/"]}]},{"@type":"ImageObject","inLanguage":"fr-FR","@id":"https:\/\/blogs.futura-sciences.com\/luminet\/2020\/02\/17\/hommage-a-giordano-bruno-livresse-de-linfini\/#primaryimage","url":"https:\/\/blogs.futura-sciences.com\/luminet\/wp-content\/uploads\/sites\/2\/2020\/02\/Bruno-execution.jpg","contentUrl":"https:\/\/blogs.futura-sciences.com\/luminet\/wp-content\/uploads\/sites\/2\/2020\/02\/Bruno-execution.jpg","width":1056,"height":785},{"@type":"WebSite","@id":"https:\/\/blogs.futura-sciences.com\/luminet\/#website","url":"https:\/\/blogs.futura-sciences.com\/luminet\/","name":"LUMINESCIENCES : le blog de Jean-Pierre LUMINET, astrophysicien","description":"J\u2019eus le vertige et je pleurai car mes yeux avaient vu cet objet secret et conjectural dont les hommes usurpent le nom, mais qu\u2019aucun homme n\u2019a regard\u00e9 : l\u2019inconcevable univers.  Jorge Luis Borges, L\u2019Aleph (1949)","potentialAction":[{"@type":"SearchAction","target":{"@type":"EntryPoint","urlTemplate":"https:\/\/blogs.futura-sciences.com\/luminet\/?s={search_term_string}"},"query-input":{"@type":"PropertyValueSpecification","valueRequired":true,"valueName":"search_term_string"}}],"inLanguage":"fr-FR"},{"@type":"Person","@id":"https:\/\/blogs.futura-sciences.com\/luminet\/#\/schema\/person\/d61f577b54398f0ecee81e140e7643cb","name":"Jean-Pierre LUMINET","image":{"@type":"ImageObject","inLanguage":"fr-FR","@id":"https:\/\/blogs.futura-sciences.com\/luminet\/#\/schema\/person\/image\/","url":"https:\/\/secure.gravatar.com\/avatar\/a6d27645b8081b2f766677414e6a83e1?s=96&d=mm&r=g","contentUrl":"https:\/\/secure.gravatar.com\/avatar\/a6d27645b8081b2f766677414e6a83e1?s=96&d=mm&r=g","caption":"Jean-Pierre LUMINET"},"url":"https:\/\/blogs.futura-sciences.com\/luminet\/author\/jpluminet\/"}]}},"_links":{"self":[{"href":"https:\/\/blogs.futura-sciences.com\/luminet\/wp-json\/wp\/v2\/posts\/3783","targetHints":{"allow":["GET"]}}],"collection":[{"href":"https:\/\/blogs.futura-sciences.com\/luminet\/wp-json\/wp\/v2\/posts"}],"about":[{"href":"https:\/\/blogs.futura-sciences.com\/luminet\/wp-json\/wp\/v2\/types\/post"}],"author":[{"embeddable":true,"href":"https:\/\/blogs.futura-sciences.com\/luminet\/wp-json\/wp\/v2\/users\/2"}],"replies":[{"embeddable":true,"href":"https:\/\/blogs.futura-sciences.com\/luminet\/wp-json\/wp\/v2\/comments?post=3783"}],"version-history":[{"count":4,"href":"https:\/\/blogs.futura-sciences.com\/luminet\/wp-json\/wp\/v2\/posts\/3783\/revisions"}],"predecessor-version":[{"id":3813,"href":"https:\/\/blogs.futura-sciences.com\/luminet\/wp-json\/wp\/v2\/posts\/3783\/revisions\/3813"}],"wp:featuredmedia":[{"embeddable":true,"href":"https:\/\/blogs.futura-sciences.com\/luminet\/wp-json\/wp\/v2\/media\/3785"}],"wp:attachment":[{"href":"https:\/\/blogs.futura-sciences.com\/luminet\/wp-json\/wp\/v2\/media?parent=3783"}],"wp:term":[{"taxonomy":"category","embeddable":true,"href":"https:\/\/blogs.futura-sciences.com\/luminet\/wp-json\/wp\/v2\/categories?post=3783"},{"taxonomy":"post_tag","embeddable":true,"href":"https:\/\/blogs.futura-sciences.com\/luminet\/wp-json\/wp\/v2\/tags?post=3783"}],"curies":[{"name":"wp","href":"https:\/\/api.w.org\/{rel}","templated":true}]}}