{"id":3613,"date":"2019-05-25T20:22:51","date_gmt":"2019-05-25T20:22:51","guid":{"rendered":"https:\/\/blogs.futura-sciences.com\/luminet\/?p=3613"},"modified":"2021-02-12T20:14:48","modified_gmt":"2021-02-12T20:14:48","slug":"indicateur-de-la-ligne-du-ciel","status":"publish","type":"post","link":"https:\/\/blogs.futura-sciences.com\/luminet\/2019\/05\/25\/indicateur-de-la-ligne-du-ciel\/","title":{"rendered":"Indicateur de la ligne du ciel"},"content":{"rendered":"<p style=\"text-align: justify\">Brefs extraits de mon prochain recueil de po\u00e8mes, \u00e0 para\u00eetre au Cherche-Midi \u00e0 l&#8217;automne 2019, avec un tirage sp\u00e9cial orn\u00e9 d&#8217;une gravure originale d&#8217;<a href=\"https:\/\/fr.wikipedia.org\/wiki\/Ernest_Pignon-Ernest\">Ernest Pignon-Ernest<\/a>.<\/p>\n<p><strong>Exergue<\/strong><\/p>\n<p style=\"text-align: justify\"><em>Une inqualifiable librairie de la rue de S\u00e8vres vend ceci, par exemple : Indicateur de la ligne du ciel. La premi\u00e8re page offre pr\u00e9cis\u00e9ment la vue consolante d\u2019un train de chemin de fer, sur le point de s\u2019engouffrer dans un tunnel, au travers d\u2019une petite montagne sem\u00e9e de tombes. C\u2019est \u00ab le tunnel de la mort \u00bb, au-del\u00e0 duquel se trouve \u00ab le Ciel, l\u2019\u00c9ternit\u00e9 bienheureuse, la F\u00eate du Paradis \u00bb<\/em>.<br \/>\nL\u00e9on Bloy, <em>Le d\u00e9sesp\u00e9r\u00e9<\/em><\/p>\n<p>&nbsp;<\/p>\n<p><strong>Transparent glacier<\/strong><\/p>\n<p>L\u2019homme n\u2019est pas simple<br \/>\nles noms ne sont que des signes<br \/>\nla distinction ne nous appartient pas<br \/>\ncertains ha\u00efssent la vie qui est incessante m\u00e9tamorphose<br \/>\nd\u2019autres ont le go\u00fbt de la dur\u00e9e<br \/>\nla multiplicit\u00e9 des choses<br \/>\nla rondeur offre peu de prise \u00e0 l&#8217;agression<br \/>\nelle doit \u00eatre rigide pour maintenir les astres attach\u00e9s<br \/>\npar quoi le corps humain \u00e9chappe au vertige<br \/>\nles pr\u00e9dilections de la sensibilit\u00e9 se trahissent<br \/>\ntout se meut dans la grande machine<br \/>\nrepr\u00e9sentation minutieusement r\u00e9gl\u00e9e pour le d\u00e9lice<br \/>\nde spectateurs divins<br \/>\nun jour viendra o\u00f9 les astres se retrouveront<br \/>\n\u00e0 la m\u00eame place<br \/>\naux objets \u00e9ternels le rectiligne est \u00e9tranger<br \/>\nil est le signe m\u00eame du d\u00e9sordre<br \/>\ndans le monde rotatoire seule l\u2019\u00e2me file en ligne droite<br \/>\nles figures de la ronde \u00e9ternelle<br \/>\ndoivent chercher refuge au-del\u00e0 de la vo\u00fbte concave<br \/>\nl\u00e0 le feu subtil retrouve sa patrie<br \/>\nle monde ordonn\u00e9 ne peut \u00eatre mu que par l&#8217;intelligence<br \/>\nles astres vivants de feu ont quelque chose d\u2019animal<br \/>\nil en est de m\u00eame pour les anges<br \/>\nleur danse requiert contrepoids<br \/>\nnotre globe est lie et rebut du monde<br \/>\nla terre abrite le corps monstrueux de lucifer<br \/>\nla masse terrestre a perdu en pr\u00e9pond\u00e9rance<br \/>\nles hommes sont indiff\u00e9rents aux pr\u00e9cisions num\u00e9riques<br \/>\nil y a comme une d\u00e9pravation de la sensibilit\u00e9<br \/>\nrien n\u2019est grand ni petit<br \/>\nle repos est plus noble que le mouvement<br \/>\nl\u2019immobilit\u00e9 est le signe de l\u2019impuret\u00e9<br \/>\nconfusion difficilement pardonnable<br \/>\nla sph\u00e8re a pour fonction de contenir toutes choses<br \/>\nla cl\u00f4ture n\u2019est plus n\u00e9cessaire<br \/>\ndans l\u2019\u00e2pret\u00e9 \u00e0 tenir les positions prises<br \/>\nles tendances profondes s\u2019expriment plus spontan\u00e9ment<br \/>\nc\u2019est le d\u00f4me infrangible qui fascine<br \/>\nretournement du mythe archa\u00efque<br \/>\ngrotte qui donne acc\u00e8s aux entrailles<br \/>\nlieu redoutable riche en eaux bleues<br \/>\nen rivages suspendus dans un nouvel espace<br \/>\nles \u00e2mes des petits enfants morts se pr\u00e9parent<br \/>\ntransparent glacier o\u00f9 se trouve pris le cygne<\/p>\n<p>**********<\/p>\n<p><strong>Cl\u00e9s<\/strong><\/p>\n<p>J\u2019ai perdu mes clefs dans l\u2019eau<br \/>\nalors je vais attendre<br \/>\nfixant l\u2019eau<br \/>\ncomme s\u2019il allait jaillir<br \/>\nquelque chose de moi<br \/>\non veut passer<br \/>\n\u00e0 l\u2019\u00e9tape suivante<br \/>\nil n\u2019y a pas d\u2019\u00e9tape suivante<br \/>\nles banalit\u00e9s n\u2019ont plus d\u2019effet<br \/>\nles pauvres \u00e9conomisent toute leur vie<br \/>\nen pensant je suis libre<br \/>\nse concentrer sur son travail<br \/>\nprendre la mer quand on veut<br \/>\nne faire rien d\u2019autre que parler<br \/>\npendant des heures<br \/>\nespaces confin\u00e9s W.C. publics<br \/>\nmon cauchemar<\/p>\n<p>*********<\/p>\n<p><strong>L&#8217;autre et le m\u00eame <\/strong><\/p>\n<p>J\u2019ai longtemps v\u00e9cu dans l\u2019obscurit\u00e9<br \/>\net maintenant je suis aveugle<br \/>\nil y a trop de lumi\u00e8re<br \/>\nje sais qu\u2019il y a autre chose<br \/>\nmais je n\u2019arrive pas \u00e0 croire<br \/>\nque tout cela touche \u00e0 sa fin<br \/>\nplus que quelques heures<br \/>\nloin de toute humanit\u00e9<br \/>\nc\u2019est l\u00e0 que je trouverai<br \/>\no\u00f9 nous en sommes<br \/>\nmoi je pense<br \/>\nque quelque chose d\u2019innommable est n\u00e9 ici<br \/>\nje travaille sur une th\u00e9orie<br \/>\nmais surprise ils ignorent son nom<br \/>\nle signal s\u2019est \u00e9teint cette nuit<\/p>\n<p>*********<\/p>\n<p><strong>Ebrasure d&#8217;or IV<\/strong><\/p>\n<p>Je meurs comme Amfortas<br \/>\nlentement rong\u00e9 par ton absence<br \/>\naveugle des heures dans le noir<br \/>\nje dors si peu<br \/>\nne songeant qu\u2019\u00e0 me fondre en toi<br \/>\nquand nous nous rejoindrons<br \/>\nprincesse des lumi\u00e8res et des vents<br \/>\nles \u00e9toiles d\u00e9fileront dans des yeux infinis<br \/>\net la mer<br \/>\nta vaste mer<br \/>\nje la verrai poudroyer de vapeurs blondes<br \/>\ntourbillons d\u2019astres clairs dans mes gouffres vermeils<br \/>\n\u00e9cume ardente faite avec les mondes<br \/>\nhoule insondable<br \/>\no\u00f9 bout la mousse de tes soleils<\/p>\n<p>*********<\/p>\n<p><strong>Ebrasure d&#8217;or XIV<\/strong><\/p>\n<p>Si le feu se consume et se renouvelle de toute \u00e9ternit\u00e9<br \/>\nc\u2019est parce qu\u2019une seule \u00e2me d\u00e9sirante et r\u00e9sonante<br \/>\nsuffit \u00e0 le fortifier et le garder<br \/>\n\u00e9lan vital qui s\u2019ouvre<br \/>\n\u00e0 une aveuglante \u00e9vidence<br \/>\ntoutes choses sont brass\u00e9es par le temps souverain<br \/>\n\u00e0 l\u2019exception de notre union<br \/>\nseule exempte de la lassitude et de l\u2019oubli<\/p>\n<p>*********<\/p>\n<p><strong>Ebrasure d&#8217;or XXX<\/strong><\/p>\n<p style=\"text-align: justify\">Les deux premi\u00e8res majuscules sont tes initiales mon oiseau bariol\u00e9 ton plumage \u00e9blouissant frisottant m\u2019enivre chaque nuit l\u2019oiseau c\u2019est la gr\u00e2ce qui vole dans l\u2019\u00e9ther quand je te vois marcher dans tes envols de danseuse fragile car petit oiseau moineau ou m\u00e9sange mes anges que l\u2019on veut prot\u00e9ger dans un nid mais non le mettre en cage bariol\u00e9 comme l\u2019oiseau de paradis car paradis tu es ma b\u00e9atrice et j\u2019aime tes atours changeants de couleurs vives le plumage \u00e9blouissant et frisottant de ta chevelure baudelairienne dans sa symbolique \u00e9rotique o\u00f9 mon nez s\u2019enivre de parfums depuis le premier soir de notre premier jour et chaque nuit je me r\u00e9veille quand tu dors et je te hume \u00e9ternue car tes frisottis me chatouillent nez et cou d\u00e9licieux masochisme et \u00e9ther nue deux mots \u00e0 ton image divine branche effeuill\u00e9e \u00e0 mon automne monotone tu divinises les lieux branche o\u00f9 tu te poses t\u2019effeuiller est mon geste le plus sacr\u00e9 mais dans l\u2019irrequietezza est revenue brutalement l\u2019angoisse du vieillissement et tr\u00e9pas est merveille c\u2019est l\u2019automne celui de ma vie qui s\u2019annon\u00e7ait monotone jusqu\u2019\u00e0 botticelli venu en tes jeunes feuilles qui teint mon absolu bonheur d\u2019une profonde m\u00e9lancolie plus que jamais \u00e0 jamais<\/p>\n<p>&nbsp;<\/p>\n<!-- AddThis Advanced Settings generic via filter on the_content --><!-- AddThis Share Buttons generic via filter on the_content -->","protected":false},"excerpt":{"rendered":"<p>Brefs extraits de mon prochain recueil de po\u00e8mes, \u00e0 para\u00eetre au Cherche-Midi \u00e0 l&#8217;automne 2019, avec un tirage sp\u00e9cial orn\u00e9 d&#8217;une gravure originale d&#8217;Ernest Pignon-Ernest. Exergue Une inqualifiable librairie de la rue de S\u00e8vres vend ceci, par exemple : Indicateur de la ligne du ciel. La premi\u00e8re page offre pr\u00e9cis\u00e9ment la vue consolante d\u2019un train &hellip; <a href=\"https:\/\/blogs.futura-sciences.com\/luminet\/2019\/05\/25\/indicateur-de-la-ligne-du-ciel\/\" class=\"more-link\">Continuer la lecture de <span class=\"screen-reader-text\">Indicateur de la ligne du ciel<\/span>  <span class=\"meta-nav\">&rarr;<\/span><\/a><!-- AddThis Advanced Settings generic via filter on get_the_excerpt --><!-- AddThis Share Buttons generic via filter on get_the_excerpt --><\/p>\n","protected":false},"author":2,"featured_media":3616,"comment_status":"open","ping_status":"open","sticky":false,"template":"","format":"standard","meta":{"footnotes":"","_links_to":"","_links_to_target":""},"categories":[5,46],"tags":[270,258],"class_list":["post-3613","post","type-post","status-publish","format-standard","has-post-thumbnail","hentry","category-litterature","category-poesie","tag-erotisme","tag-poesie"],"yoast_head":"<!-- This site is optimized with the Yoast SEO plugin v24.1 - https:\/\/yoast.com\/wordpress\/plugins\/seo\/ -->\n<title>Indicateur de la ligne du ciel, par Jean-Pierre Luminet<\/title>\n<meta name=\"robots\" content=\"index, follow, max-snippet:-1, max-image-preview:large, max-video-preview:-1\" \/>\n<link rel=\"canonical\" href=\"https:\/\/blogs.futura-sciences.com\/luminet\/2019\/05\/25\/indicateur-de-la-ligne-du-ciel\/\" \/>\n<meta property=\"og:locale\" content=\"fr_FR\" \/>\n<meta property=\"og:type\" content=\"article\" \/>\n<meta property=\"og:title\" content=\"Indicateur de la ligne du ciel, par Jean-Pierre Luminet\" \/>\n<meta property=\"og:description\" content=\"Brefs extraits de mon prochain recueil de po\u00e8mes, \u00e0 para\u00eetre au Cherche-Midi \u00e0 l&#8217;automne 2019, avec un tirage sp\u00e9cial orn\u00e9 d&#8217;une gravure originale d&#8217;Ernest Pignon-Ernest. Exergue Une inqualifiable librairie de la rue de S\u00e8vres vend ceci, par exemple : Indicateur de la ligne du ciel. La premi\u00e8re page offre pr\u00e9cis\u00e9ment la vue consolante d\u2019un train &hellip; Continuer la lecture de Indicateur de la ligne du ciel &rarr;\" \/>\n<meta property=\"og:url\" content=\"https:\/\/blogs.futura-sciences.com\/luminet\/2019\/05\/25\/indicateur-de-la-ligne-du-ciel\/\" \/>\n<meta property=\"og:site_name\" content=\"LUMINESCIENCES : le blog de Jean-Pierre LUMINET, astrophysicien\" \/>\n<meta property=\"article:published_time\" content=\"2019-05-25T20:22:51+00:00\" \/>\n<meta property=\"article:modified_time\" content=\"2021-02-12T20:14:48+00:00\" \/>\n<meta property=\"og:image\" content=\"https:\/\/blogs.futura-sciences.com\/luminet\/wp-content\/uploads\/sites\/2\/2019\/05\/John-Constable-Seascape-Study-whith-rain-cloud.jpg\" \/>\n\t<meta property=\"og:image:width\" content=\"960\" \/>\n\t<meta property=\"og:image:height\" content=\"699\" \/>\n\t<meta property=\"og:image:type\" content=\"image\/jpeg\" \/>\n<meta name=\"author\" content=\"Jean-Pierre LUMINET\" \/>\n<meta name=\"twitter:card\" content=\"summary_large_image\" \/>\n<meta name=\"twitter:label1\" content=\"\u00c9crit par\" \/>\n\t<meta name=\"twitter:data1\" content=\"Jean-Pierre LUMINET\" \/>\n\t<meta name=\"twitter:label2\" content=\"Dur\u00e9e de lecture estim\u00e9e\" \/>\n\t<meta name=\"twitter:data2\" content=\"5 minutes\" \/>\n<script type=\"application\/ld+json\" class=\"yoast-schema-graph\">{\"@context\":\"https:\/\/schema.org\",\"@graph\":[{\"@type\":\"WebPage\",\"@id\":\"https:\/\/blogs.futura-sciences.com\/luminet\/2019\/05\/25\/indicateur-de-la-ligne-du-ciel\/\",\"url\":\"https:\/\/blogs.futura-sciences.com\/luminet\/2019\/05\/25\/indicateur-de-la-ligne-du-ciel\/\",\"name\":\"Indicateur de la ligne du ciel, par Jean-Pierre Luminet\",\"isPartOf\":{\"@id\":\"https:\/\/blogs.futura-sciences.com\/luminet\/#website\"},\"primaryImageOfPage\":{\"@id\":\"https:\/\/blogs.futura-sciences.com\/luminet\/2019\/05\/25\/indicateur-de-la-ligne-du-ciel\/#primaryimage\"},\"image\":{\"@id\":\"https:\/\/blogs.futura-sciences.com\/luminet\/2019\/05\/25\/indicateur-de-la-ligne-du-ciel\/#primaryimage\"},\"thumbnailUrl\":\"https:\/\/blogs.futura-sciences.com\/luminet\/wp-content\/uploads\/sites\/2\/2019\/05\/John-Constable-Seascape-Study-whith-rain-cloud.jpg\",\"datePublished\":\"2019-05-25T20:22:51+00:00\",\"dateModified\":\"2021-02-12T20:14:48+00:00\",\"author\":{\"@id\":\"https:\/\/blogs.futura-sciences.com\/luminet\/#\/schema\/person\/d61f577b54398f0ecee81e140e7643cb\"},\"inLanguage\":\"fr-FR\",\"potentialAction\":[{\"@type\":\"ReadAction\",\"target\":[\"https:\/\/blogs.futura-sciences.com\/luminet\/2019\/05\/25\/indicateur-de-la-ligne-du-ciel\/\"]}]},{\"@type\":\"ImageObject\",\"inLanguage\":\"fr-FR\",\"@id\":\"https:\/\/blogs.futura-sciences.com\/luminet\/2019\/05\/25\/indicateur-de-la-ligne-du-ciel\/#primaryimage\",\"url\":\"https:\/\/blogs.futura-sciences.com\/luminet\/wp-content\/uploads\/sites\/2\/2019\/05\/John-Constable-Seascape-Study-whith-rain-cloud.jpg\",\"contentUrl\":\"https:\/\/blogs.futura-sciences.com\/luminet\/wp-content\/uploads\/sites\/2\/2019\/05\/John-Constable-Seascape-Study-whith-rain-cloud.jpg\",\"width\":960,\"height\":699},{\"@type\":\"WebSite\",\"@id\":\"https:\/\/blogs.futura-sciences.com\/luminet\/#website\",\"url\":\"https:\/\/blogs.futura-sciences.com\/luminet\/\",\"name\":\"LUMINESCIENCES : le blog de Jean-Pierre LUMINET, astrophysicien\",\"description\":\"J\u2019eus le vertige et je pleurai car mes yeux avaient vu cet objet secret et conjectural dont les hommes usurpent le nom, mais qu\u2019aucun homme n\u2019a regard\u00e9 : l\u2019inconcevable univers.  Jorge Luis Borges, L\u2019Aleph (1949)\",\"potentialAction\":[{\"@type\":\"SearchAction\",\"target\":{\"@type\":\"EntryPoint\",\"urlTemplate\":\"https:\/\/blogs.futura-sciences.com\/luminet\/?s={search_term_string}\"},\"query-input\":{\"@type\":\"PropertyValueSpecification\",\"valueRequired\":true,\"valueName\":\"search_term_string\"}}],\"inLanguage\":\"fr-FR\"},{\"@type\":\"Person\",\"@id\":\"https:\/\/blogs.futura-sciences.com\/luminet\/#\/schema\/person\/d61f577b54398f0ecee81e140e7643cb\",\"name\":\"Jean-Pierre LUMINET\",\"image\":{\"@type\":\"ImageObject\",\"inLanguage\":\"fr-FR\",\"@id\":\"https:\/\/blogs.futura-sciences.com\/luminet\/#\/schema\/person\/image\/\",\"url\":\"https:\/\/secure.gravatar.com\/avatar\/a6d27645b8081b2f766677414e6a83e1?s=96&d=mm&r=g\",\"contentUrl\":\"https:\/\/secure.gravatar.com\/avatar\/a6d27645b8081b2f766677414e6a83e1?s=96&d=mm&r=g\",\"caption\":\"Jean-Pierre LUMINET\"},\"url\":\"https:\/\/blogs.futura-sciences.com\/luminet\/author\/jpluminet\/\"}]}<\/script>\n<!-- \/ Yoast SEO plugin. -->","yoast_head_json":{"title":"Indicateur de la ligne du ciel, par Jean-Pierre Luminet","robots":{"index":"index","follow":"follow","max-snippet":"max-snippet:-1","max-image-preview":"max-image-preview:large","max-video-preview":"max-video-preview:-1"},"canonical":"https:\/\/blogs.futura-sciences.com\/luminet\/2019\/05\/25\/indicateur-de-la-ligne-du-ciel\/","og_locale":"fr_FR","og_type":"article","og_title":"Indicateur de la ligne du ciel, par Jean-Pierre Luminet","og_description":"Brefs extraits de mon prochain recueil de po\u00e8mes, \u00e0 para\u00eetre au Cherche-Midi \u00e0 l&#8217;automne 2019, avec un tirage sp\u00e9cial orn\u00e9 d&#8217;une gravure originale d&#8217;Ernest Pignon-Ernest. Exergue Une inqualifiable librairie de la rue de S\u00e8vres vend ceci, par exemple : Indicateur de la ligne du ciel. La premi\u00e8re page offre pr\u00e9cis\u00e9ment la vue consolante d\u2019un train &hellip; Continuer la lecture de Indicateur de la ligne du ciel &rarr;","og_url":"https:\/\/blogs.futura-sciences.com\/luminet\/2019\/05\/25\/indicateur-de-la-ligne-du-ciel\/","og_site_name":"LUMINESCIENCES : le blog de Jean-Pierre LUMINET, astrophysicien","article_published_time":"2019-05-25T20:22:51+00:00","article_modified_time":"2021-02-12T20:14:48+00:00","og_image":[{"width":960,"height":699,"url":"https:\/\/blogs.futura-sciences.com\/luminet\/wp-content\/uploads\/sites\/2\/2019\/05\/John-Constable-Seascape-Study-whith-rain-cloud.jpg","type":"image\/jpeg"}],"author":"Jean-Pierre LUMINET","twitter_card":"summary_large_image","twitter_misc":{"\u00c9crit par":"Jean-Pierre LUMINET","Dur\u00e9e de lecture estim\u00e9e":"5 minutes"},"schema":{"@context":"https:\/\/schema.org","@graph":[{"@type":"WebPage","@id":"https:\/\/blogs.futura-sciences.com\/luminet\/2019\/05\/25\/indicateur-de-la-ligne-du-ciel\/","url":"https:\/\/blogs.futura-sciences.com\/luminet\/2019\/05\/25\/indicateur-de-la-ligne-du-ciel\/","name":"Indicateur de la ligne du ciel, par Jean-Pierre Luminet","isPartOf":{"@id":"https:\/\/blogs.futura-sciences.com\/luminet\/#website"},"primaryImageOfPage":{"@id":"https:\/\/blogs.futura-sciences.com\/luminet\/2019\/05\/25\/indicateur-de-la-ligne-du-ciel\/#primaryimage"},"image":{"@id":"https:\/\/blogs.futura-sciences.com\/luminet\/2019\/05\/25\/indicateur-de-la-ligne-du-ciel\/#primaryimage"},"thumbnailUrl":"https:\/\/blogs.futura-sciences.com\/luminet\/wp-content\/uploads\/sites\/2\/2019\/05\/John-Constable-Seascape-Study-whith-rain-cloud.jpg","datePublished":"2019-05-25T20:22:51+00:00","dateModified":"2021-02-12T20:14:48+00:00","author":{"@id":"https:\/\/blogs.futura-sciences.com\/luminet\/#\/schema\/person\/d61f577b54398f0ecee81e140e7643cb"},"inLanguage":"fr-FR","potentialAction":[{"@type":"ReadAction","target":["https:\/\/blogs.futura-sciences.com\/luminet\/2019\/05\/25\/indicateur-de-la-ligne-du-ciel\/"]}]},{"@type":"ImageObject","inLanguage":"fr-FR","@id":"https:\/\/blogs.futura-sciences.com\/luminet\/2019\/05\/25\/indicateur-de-la-ligne-du-ciel\/#primaryimage","url":"https:\/\/blogs.futura-sciences.com\/luminet\/wp-content\/uploads\/sites\/2\/2019\/05\/John-Constable-Seascape-Study-whith-rain-cloud.jpg","contentUrl":"https:\/\/blogs.futura-sciences.com\/luminet\/wp-content\/uploads\/sites\/2\/2019\/05\/John-Constable-Seascape-Study-whith-rain-cloud.jpg","width":960,"height":699},{"@type":"WebSite","@id":"https:\/\/blogs.futura-sciences.com\/luminet\/#website","url":"https:\/\/blogs.futura-sciences.com\/luminet\/","name":"LUMINESCIENCES : le blog de Jean-Pierre LUMINET, astrophysicien","description":"J\u2019eus le vertige et je pleurai car mes yeux avaient vu cet objet secret et conjectural dont les hommes usurpent le nom, mais qu\u2019aucun homme n\u2019a regard\u00e9 : l\u2019inconcevable univers.  Jorge Luis Borges, L\u2019Aleph (1949)","potentialAction":[{"@type":"SearchAction","target":{"@type":"EntryPoint","urlTemplate":"https:\/\/blogs.futura-sciences.com\/luminet\/?s={search_term_string}"},"query-input":{"@type":"PropertyValueSpecification","valueRequired":true,"valueName":"search_term_string"}}],"inLanguage":"fr-FR"},{"@type":"Person","@id":"https:\/\/blogs.futura-sciences.com\/luminet\/#\/schema\/person\/d61f577b54398f0ecee81e140e7643cb","name":"Jean-Pierre LUMINET","image":{"@type":"ImageObject","inLanguage":"fr-FR","@id":"https:\/\/blogs.futura-sciences.com\/luminet\/#\/schema\/person\/image\/","url":"https:\/\/secure.gravatar.com\/avatar\/a6d27645b8081b2f766677414e6a83e1?s=96&d=mm&r=g","contentUrl":"https:\/\/secure.gravatar.com\/avatar\/a6d27645b8081b2f766677414e6a83e1?s=96&d=mm&r=g","caption":"Jean-Pierre LUMINET"},"url":"https:\/\/blogs.futura-sciences.com\/luminet\/author\/jpluminet\/"}]}},"_links":{"self":[{"href":"https:\/\/blogs.futura-sciences.com\/luminet\/wp-json\/wp\/v2\/posts\/3613","targetHints":{"allow":["GET"]}}],"collection":[{"href":"https:\/\/blogs.futura-sciences.com\/luminet\/wp-json\/wp\/v2\/posts"}],"about":[{"href":"https:\/\/blogs.futura-sciences.com\/luminet\/wp-json\/wp\/v2\/types\/post"}],"author":[{"embeddable":true,"href":"https:\/\/blogs.futura-sciences.com\/luminet\/wp-json\/wp\/v2\/users\/2"}],"replies":[{"embeddable":true,"href":"https:\/\/blogs.futura-sciences.com\/luminet\/wp-json\/wp\/v2\/comments?post=3613"}],"version-history":[{"count":3,"href":"https:\/\/blogs.futura-sciences.com\/luminet\/wp-json\/wp\/v2\/posts\/3613\/revisions"}],"predecessor-version":[{"id":3617,"href":"https:\/\/blogs.futura-sciences.com\/luminet\/wp-json\/wp\/v2\/posts\/3613\/revisions\/3617"}],"wp:featuredmedia":[{"embeddable":true,"href":"https:\/\/blogs.futura-sciences.com\/luminet\/wp-json\/wp\/v2\/media\/3616"}],"wp:attachment":[{"href":"https:\/\/blogs.futura-sciences.com\/luminet\/wp-json\/wp\/v2\/media?parent=3613"}],"wp:term":[{"taxonomy":"category","embeddable":true,"href":"https:\/\/blogs.futura-sciences.com\/luminet\/wp-json\/wp\/v2\/categories?post=3613"},{"taxonomy":"post_tag","embeddable":true,"href":"https:\/\/blogs.futura-sciences.com\/luminet\/wp-json\/wp\/v2\/tags?post=3613"}],"curies":[{"name":"wp","href":"https:\/\/api.w.org\/{rel}","templated":true}]}}