{"id":326,"date":"2014-02-13T22:04:17","date_gmt":"2014-02-13T22:04:17","guid":{"rendered":"https:\/\/blogs.futura-sciences.com\/luminet\/?p=326"},"modified":"2014-04-22T09:16:35","modified_gmt":"2014-04-22T09:16:35","slug":"du-piano-aux-etoiles-22","status":"publish","type":"post","link":"https:\/\/blogs.futura-sciences.com\/luminet\/2014\/02\/13\/du-piano-aux-etoiles-22\/","title":{"rendered":"Du piano aux \u00e9toiles (2\/3)"},"content":{"rendered":"<p style=\"text-align: justify\"><strong>Ceci est la suite du <a title=\"Du piano aux \u00e9toiles (1\/3)\" href=\"https:\/\/blogs.futura-sciences.com\/luminet\/2014\/01\/09\/du-piano-aux-etoiles\/\" target=\"_blank\">billet pr\u00e9c\u00e9dent<\/a><\/strong><\/p>\n<p style=\"text-align: justify\"><a href=\"https:\/\/blogs.futura-sciences.com\/luminet\/wp-content\/uploads\/sites\/2\/2014\/02\/Affiche-concertCavaillon.jpg\" rel=\"lightbox[326]\"><img loading=\"lazy\" decoding=\"async\" class=\"alignright size-medium wp-image-386\" src=\"https:\/\/blogs.futura-sciences.com\/luminet\/wp-content\/uploads\/sites\/2\/2014\/02\/Affiche-concertCavaillon-224x300.jpg\" alt=\"Affiche-concertCavaillon\" width=\"224\" height=\"300\" srcset=\"https:\/\/blogs.futura-sciences.com\/luminet\/wp-content\/uploads\/sites\/2\/2014\/02\/Affiche-concertCavaillon-224x300.jpg 224w, https:\/\/blogs.futura-sciences.com\/luminet\/wp-content\/uploads\/sites\/2\/2014\/02\/Affiche-concertCavaillon.jpg 734w\" sizes=\"auto, (max-width: 224px) 100vw, 224px\" \/><\/a>Je ne suis pas peu fier du concert donn\u00e9 \u00e0 la fin des ann\u00e9es 1970 en ma ville natale de\u00a0 Cavaillon par mon ma\u00eetre Arthur Petronio (au violon), et son \u00e9pouse Jacqueline (au piano), dans lequel ils avaient eu la g\u00e9n\u00e9rosit\u00e9 d&#8217;ins\u00e9rer deux br\u00e8ves pi\u00e8ces pour violon et piano que je venais de composer. J&#8217;\u00e9tais descendu sp\u00e9cialement de Paris pour ce micro \u00e9v\u00e9nement qui repr\u00e9sentait beaucoup pour moi. Je garde encore pr\u00e9cieusement l&#8217;affiche du concert, o\u00f9 mon nom voisine avec ceux de Stravinsky, Mozart ou Debussy, sans aucunement le m\u00e9riter bien entendu : j&#8217;ai toujours eu conscience de mes limites en composition musicale.<\/p>\n<p class=\"size-medium wp-image-409\" style=\"text-align: justify\">A la m\u00eame \u00e9poque j&#8217;ai commenc\u00e9 \u00e0 m&#8217;int\u00e9resser au jazz, que j\u2019ai d\u2019abord appris &#8220;par les doigts&#8221;, en pianotant des ragtimes et des blues. J\u2019ai achet\u00e9 mes premiers disques, et ce fut le d\u00e9but d\u2019une nouvelle et\u00a0 longue passion. La suite a \u00e9t\u00e9 la d\u00e9couverte de ce que l\u2019on appelle les &#8220;standards&#8221;. <!--more-->Ce qui me pla\u00eet dans l\u2019interpr\u00e9tation d\u2019un standard, c\u2019est l\u2019esprit fonci\u00e8rement explorateur, cette recherche permanente d\u2019une expression nouvelle \u00e0 partir d\u2019un substrat qui est toujours le m\u00eame, ces variations, broderies et improvisations autour de th\u00e8mes qui, le plus souvent, sont des chansons extraites de com\u00e9dies musicales ou de bandes originales de films, et qui sont donc simples, voire simplistes, en comparaison des th\u00e8mes que l\u2019on trouve g\u00e9n\u00e9ralement dans le classique. J\u2019ai vite \u00e9t\u00e9 fascin\u00e9 par les prodiges que les grands g\u00e9nies du jazz parviennent \u00e0 tirer de ces standards. Ma plus grande r\u00e9v\u00e9lation en ce domaine a \u00e9t\u00e9 <a title=\"Monk\" href=\"http:\/\/fr.wikipedia.org\/wiki\/Thelonious_Monk\" target=\"_blank\">Thelonious Monk<\/a>, <a href=\"https:\/\/blogs.futura-sciences.com\/luminet\/wp-content\/uploads\/sites\/2\/2014\/02\/TMonk.jpg\" rel=\"lightbox[326]\"><img loading=\"lazy\" decoding=\"async\" class=\"alignleft size-full wp-image-390\" src=\"https:\/\/blogs.futura-sciences.com\/luminet\/wp-content\/uploads\/sites\/2\/2014\/02\/TMonk.jpg\" alt=\"TMonk\" width=\"225\" height=\"300\" \/><\/a>pour moi le plus \u00e9trange et le plus original des musiciens de jazz. Je l\u2019ai d\u00e9couvert assez tardivement, mais j\u2019ai \u00e9t\u00e9 aussit\u00f4t captiv\u00e9 par cette sonorit\u00e9 si particuli\u00e8re, cette fa\u00e7on de jouer du piano qui n\u2019est pas du tout virtuose, qui para\u00eet m\u00eame parfois maladroite, mais qui d\u00e9gage toujours une extraordinaire \u00e9nergie et une inventivit\u00e9 sans pareille. J\u2019ai notamment \u00e9t\u00e9 tr\u00e8s intrigu\u00e9 en \u00e9coutant sa version au piano solo d\u2019un standard aussi basique que <em>Smoke gets in your eyes<\/em> (extrait d\u2019une com\u00e9die musicale) ou celle de sa propre composition <a title=\"Round Midnight\" href=\"http:\/\/www.youtube.com\/watch?v=OMmeNsmQaFw\" target=\"_blank\"><em>\u2018Round Midnight<\/em><\/a>, devenue elle-m\u00eame un standard inusable. Au-del\u00e0 des partitions que j\u2019avais de ces morceaux, se r\u00e9duisant \u00e0 la m\u00e9lodie et \u00e0 une grille de quelques accords, j\u2019ai voulu en savoir davantage en entrant dans la &#8220;chair&#8221; de cette musique.<\/p>\n<figure id=\"attachment_409\" aria-describedby=\"caption-attachment-409\" style=\"width: 300px\" class=\"wp-caption aligncenter\"><a href=\"https:\/\/blogs.futura-sciences.com\/luminet\/wp-content\/uploads\/sites\/2\/2014\/02\/Smoke-gets-Kern-Harbach.jpg\" rel=\"lightbox[326]\"><img loading=\"lazy\" decoding=\"async\" class=\"size-medium wp-image-409\" src=\"https:\/\/blogs.futura-sciences.com\/luminet\/wp-content\/uploads\/sites\/2\/2014\/02\/Smoke-gets-Kern-Harbach-300x199.jpg\" alt=\"Smoke-gets-Kern-Harbach\" width=\"300\" height=\"199\" srcset=\"https:\/\/blogs.futura-sciences.com\/luminet\/wp-content\/uploads\/sites\/2\/2014\/02\/Smoke-gets-Kern-Harbach-300x199.jpg 300w, https:\/\/blogs.futura-sciences.com\/luminet\/wp-content\/uploads\/sites\/2\/2014\/02\/Smoke-gets-Kern-Harbach.jpg 522w\" sizes=\"auto, (max-width: 300px) 100vw, 300px\" \/><\/a><figcaption id=\"caption-attachment-409\" class=\"wp-caption-text\">Premi\u00e8res mesures et accords de la chanson compos\u00e9e par J\u00e9rome Kern pour l&#8217;op\u00e9rette &#8220;Roberta&#8221; (1933), devenue l&#8217;un des standards favoris de Thelonious Monk.<\/figcaption><\/figure>\n<p style=\"text-align: justify\">Je venais de suivre durant une ann\u00e9e des cours dans une \u00e9cole professionnelle de jazz \u00e0 Paris, le <a title=\"CIM\" href=\"http:\/\/www.lecim.com\/actualites.html\" target=\"_blank\">C.I.M.<\/a> (que l\u00e0 encore j\u2019avais d\u00fb abandonner en cours de route, faute de temps). Mais je m\u2019y \u00e9tais passionn\u00e9 pour les dict\u00e9es de notes et d\u2019accords que nous donnait l&#8217;excellent <a title=\"Denis Badault\" href=\"http:\/\/www.youtube.com\/watch?v=5_jd7d0Gk7M\" target=\"_blank\">Denis Badault<\/a>, exercices aust\u00e8res qui mettent l\u2019oreille musicale \u00e0 rude \u00e9preuve mais exigent un \u00e9tat de grande concentration mentale qui ne pouvait que me plaire. J\u2019ai donc \u00e9cout\u00e9 \u00e0 n\u2019en plus finir les enregistrements de Monk, mesure par mesure, et j\u2019ai fait des relev\u00e9s note par note de ses interpr\u00e9tations pour en \u00e9crire les partitions, y compris avec ses fameuses &#8220;fausses&#8221; notes. Les pianistes int\u00e9ress\u00e9s peuvent t\u00e9l\u00e9charger la partition de <a href=\"https:\/\/blogs.futura-sciences.com\/luminet\/wp-content\/uploads\/sites\/2\/2014\/02\/RoundMidnight1.pdf\">mon relev\u00e9 de &#8216;Round Midnight<\/a> dans l&#8217;extraordinaire version de 1958, que j&#8217;ai depuis &#8220;mise au propre&#8221; gr\u00e2ce \u00e0 l&#8217;excellent logiciel gratuit d\u2019\u00e9criture musicale <a title=\"MuseScore\" href=\"http:\/\/musescore.org\/fr\" target=\"_blank\">MuseScore<\/a>. J&#8217;ai eu le plaisir (et la douleur) de la jouer plusieurs fois en public, en bien p\u00e2le imitation de l&#8217;original!<\/p>\n<p style=\"text-align: justify\">Est-il utile de rappeler que les plus grands cr\u00e9ateurs de la musique de jazz &#8211; les Thelonious Monk, Louis Armstrong, Charlie Parker, Duke Ellington et autres John Coltrane &#8211; \u00e9taient tous afro-am\u00e9ricains ? De fait, le jazz, cr\u00e9ation typiquement noire am\u00e9ricaine, a \u00e9t\u00e9 utilis\u00e9 pour redonner une identit\u00e9 aux Noirs am\u00e9ricains et leur rappeler leur histoire, leur combat, leur souffrance. D\u00e8s lors, je ne puis m&#8217;emp\u00eacher de comparer avec consternation la grande \u00e9poque de ce jazz cr\u00e9atif et inventif avec ce qu&#8217;est devenue aujourd&#8217;hui la musique afro-am\u00e9ricaine, \u00e0 travers ses &#8220;\u00e9volutions&#8221; &#8211; il vaudrait mieux parler de r\u00e9trogadations &#8211; vers le funk, le disco, le rap ou le hip-hop. Une <strong>sous-culture<\/strong> absolue et omnipr\u00e9sente qui a envahi le monde, que le d\u00e9cervelage g\u00e9n\u00e9ralis\u00e9 programm\u00e9 par le consum\u00e9risme mondial impose aux oreilles de tout un chacun, tant dans les bidonvilles de Rio de Janeiro (ils avaient pourtant la bossa-nova!) et les bars de Buenos Aires (ils avaient le tango!) que dans les boutiques de fringues des Champs-Elys\u00e9es et les supermarch\u00e9s de la plan\u00e8te.<\/p>\n<p style=\"text-align: justify\">Dans mon prochain billet je t\u00e2cherai de vous prouver, arguments rationnels \u00e0 l&#8217;appui, qu&#8217;en mati\u00e8re musicale\u00a0 je ne suis pas forc\u00e9ment un vieux f\u00e2cheux r\u00e9actionnaire et pass\u00e9iste. En attendant et pour se relever l&#8217;\u00e2me, finissons avec une sublime interpr\u00e9tation au piano solo de la bluette\u00a0 &#8220;Smoke gets in your eyes&#8221; par Thelonious &#8220;Sphere&#8221; Monk.<\/p>\n\n<!-- iframe plugin v.5.1 wordpress.org\/plugins\/iframe\/ -->\n<iframe loading=\"lazy\" width=\"420\" height=\"315\" src=\"\/\/www.youtube.com\/embed\/URhJX3Is7XM\" frameborder=\"0\" 0=\"allowfullscreen\" scrolling=\"yes\" class=\"iframe-class\"><\/iframe>\n\n<address>J&#8217;en ai fait un relev\u00e9 exact que je tiens \u00e0 la disposition des demandeurs sous forme de fichier pdf. De m\u00eame avec &#8220;Blue monk&#8221; et &#8220;Crepuscule with Nellie&#8221;.<\/address>\n<p><strong>Suite et fin <\/strong>(mais les vraies passions ont-elles une fin?)<a title=\"Du piano aux \u00e9toiles (3\/3)\" href=\"https:\/\/blogs.futura-sciences.com\/luminet\/2014\/04\/06\/du-piano-aux-etoiles-33\/\"><strong><span style=\"color: #ff9900\">ici<\/span><\/strong><\/a><\/p>\n<!-- AddThis Advanced Settings generic via filter on the_content --><!-- AddThis Share Buttons generic via filter on the_content -->","protected":false},"excerpt":{"rendered":"<p>Ceci est la suite du billet pr\u00e9c\u00e9dent Je ne suis pas peu fier du concert donn\u00e9 \u00e0 la fin des ann\u00e9es 1970 en ma ville natale de\u00a0 Cavaillon par mon ma\u00eetre Arthur Petronio (au violon), et son \u00e9pouse Jacqueline (au piano), dans lequel ils avaient eu la g\u00e9n\u00e9rosit\u00e9 d&#8217;ins\u00e9rer deux br\u00e8ves pi\u00e8ces pour violon et &hellip; <a href=\"https:\/\/blogs.futura-sciences.com\/luminet\/2014\/02\/13\/du-piano-aux-etoiles-22\/\" class=\"more-link\">Continuer la lecture de <span class=\"screen-reader-text\">Du piano aux \u00e9toiles (2\/3)<\/span>  <span class=\"meta-nav\">&rarr;<\/span><\/a><!-- AddThis Advanced Settings generic via filter on get_the_excerpt --><!-- AddThis Share Buttons generic via filter on get_the_excerpt --><\/p>\n","protected":false},"author":2,"featured_media":396,"comment_status":"open","ping_status":"open","sticky":false,"template":"","format":"standard","meta":{"footnotes":"","_links_to":"","_links_to_target":""},"categories":[11],"tags":[62,37,21,38,61],"class_list":["post-326","post","type-post","status-publish","format-standard","has-post-thumbnail","hentry","category-musique","tag-jazz","tag-luminet","tag-musique-2","tag-piano","tag-thelonious-monk"],"yoast_head":"<!-- This site is optimized with the Yoast SEO plugin v24.1 - https:\/\/yoast.com\/wordpress\/plugins\/seo\/ -->\n<title>Du piano aux \u00e9toiles (2\/3), par Jean-Pierre Luminet<\/title>\n<meta name=\"robots\" content=\"index, follow, max-snippet:-1, max-image-preview:large, max-video-preview:-1\" \/>\n<link rel=\"canonical\" href=\"https:\/\/blogs.futura-sciences.com\/luminet\/2014\/02\/13\/du-piano-aux-etoiles-22\/\" \/>\n<meta property=\"og:locale\" content=\"fr_FR\" \/>\n<meta property=\"og:type\" content=\"article\" \/>\n<meta property=\"og:title\" content=\"Du piano aux \u00e9toiles (2\/3), par Jean-Pierre Luminet\" \/>\n<meta property=\"og:description\" content=\"Ceci est la suite du billet pr\u00e9c\u00e9dent Je ne suis pas peu fier du concert donn\u00e9 \u00e0 la fin des ann\u00e9es 1970 en ma ville natale de\u00a0 Cavaillon par mon ma\u00eetre Arthur Petronio (au violon), et son \u00e9pouse Jacqueline (au piano), dans lequel ils avaient eu la g\u00e9n\u00e9rosit\u00e9 d&#8217;ins\u00e9rer deux br\u00e8ves pi\u00e8ces pour violon et &hellip; Continuer la lecture de Du piano aux \u00e9toiles (2\/3) &rarr;\" \/>\n<meta property=\"og:url\" content=\"https:\/\/blogs.futura-sciences.com\/luminet\/2014\/02\/13\/du-piano-aux-etoiles-22\/\" \/>\n<meta property=\"og:site_name\" content=\"LUMINESCIENCES : le blog de Jean-Pierre LUMINET, astrophysicien\" \/>\n<meta property=\"article:published_time\" content=\"2014-02-13T22:04:17+00:00\" \/>\n<meta property=\"article:modified_time\" content=\"2014-04-22T09:16:35+00:00\" \/>\n<meta property=\"og:image\" content=\"https:\/\/blogs.futura-sciences.com\/luminet\/wp-content\/uploads\/sites\/2\/2014\/02\/piano-keys-and-stars-photo-lyn-randle.jpg\" \/>\n\t<meta property=\"og:image:width\" content=\"899\" \/>\n\t<meta property=\"og:image:height\" content=\"900\" \/>\n\t<meta property=\"og:image:type\" content=\"image\/jpeg\" \/>\n<meta name=\"author\" content=\"Jean-Pierre LUMINET\" \/>\n<meta name=\"twitter:card\" content=\"summary_large_image\" \/>\n<meta name=\"twitter:label1\" content=\"\u00c9crit par\" \/>\n\t<meta name=\"twitter:data1\" content=\"Jean-Pierre LUMINET\" \/>\n\t<meta name=\"twitter:label2\" content=\"Dur\u00e9e de lecture estim\u00e9e\" \/>\n\t<meta name=\"twitter:data2\" content=\"5 minutes\" \/>\n<script type=\"application\/ld+json\" class=\"yoast-schema-graph\">{\"@context\":\"https:\/\/schema.org\",\"@graph\":[{\"@type\":\"WebPage\",\"@id\":\"https:\/\/blogs.futura-sciences.com\/luminet\/2014\/02\/13\/du-piano-aux-etoiles-22\/\",\"url\":\"https:\/\/blogs.futura-sciences.com\/luminet\/2014\/02\/13\/du-piano-aux-etoiles-22\/\",\"name\":\"Du piano aux \u00e9toiles (2\/3), par Jean-Pierre Luminet\",\"isPartOf\":{\"@id\":\"https:\/\/blogs.futura-sciences.com\/luminet\/#website\"},\"primaryImageOfPage\":{\"@id\":\"https:\/\/blogs.futura-sciences.com\/luminet\/2014\/02\/13\/du-piano-aux-etoiles-22\/#primaryimage\"},\"image\":{\"@id\":\"https:\/\/blogs.futura-sciences.com\/luminet\/2014\/02\/13\/du-piano-aux-etoiles-22\/#primaryimage\"},\"thumbnailUrl\":\"https:\/\/blogs.futura-sciences.com\/luminet\/wp-content\/uploads\/sites\/2\/2014\/02\/piano-keys-and-stars-photo-lyn-randle.jpg\",\"datePublished\":\"2014-02-13T22:04:17+00:00\",\"dateModified\":\"2014-04-22T09:16:35+00:00\",\"author\":{\"@id\":\"https:\/\/blogs.futura-sciences.com\/luminet\/#\/schema\/person\/d61f577b54398f0ecee81e140e7643cb\"},\"inLanguage\":\"fr-FR\",\"potentialAction\":[{\"@type\":\"ReadAction\",\"target\":[\"https:\/\/blogs.futura-sciences.com\/luminet\/2014\/02\/13\/du-piano-aux-etoiles-22\/\"]}]},{\"@type\":\"ImageObject\",\"inLanguage\":\"fr-FR\",\"@id\":\"https:\/\/blogs.futura-sciences.com\/luminet\/2014\/02\/13\/du-piano-aux-etoiles-22\/#primaryimage\",\"url\":\"https:\/\/blogs.futura-sciences.com\/luminet\/wp-content\/uploads\/sites\/2\/2014\/02\/piano-keys-and-stars-photo-lyn-randle.jpg\",\"contentUrl\":\"https:\/\/blogs.futura-sciences.com\/luminet\/wp-content\/uploads\/sites\/2\/2014\/02\/piano-keys-and-stars-photo-lyn-randle.jpg\",\"width\":899,\"height\":900},{\"@type\":\"WebSite\",\"@id\":\"https:\/\/blogs.futura-sciences.com\/luminet\/#website\",\"url\":\"https:\/\/blogs.futura-sciences.com\/luminet\/\",\"name\":\"LUMINESCIENCES : le blog de Jean-Pierre LUMINET, astrophysicien\",\"description\":\"J\u2019eus le vertige et je pleurai car mes yeux avaient vu cet objet secret et conjectural dont les hommes usurpent le nom, mais qu\u2019aucun homme n\u2019a regard\u00e9 : l\u2019inconcevable univers.  Jorge Luis Borges, L\u2019Aleph (1949)\",\"potentialAction\":[{\"@type\":\"SearchAction\",\"target\":{\"@type\":\"EntryPoint\",\"urlTemplate\":\"https:\/\/blogs.futura-sciences.com\/luminet\/?s={search_term_string}\"},\"query-input\":{\"@type\":\"PropertyValueSpecification\",\"valueRequired\":true,\"valueName\":\"search_term_string\"}}],\"inLanguage\":\"fr-FR\"},{\"@type\":\"Person\",\"@id\":\"https:\/\/blogs.futura-sciences.com\/luminet\/#\/schema\/person\/d61f577b54398f0ecee81e140e7643cb\",\"name\":\"Jean-Pierre LUMINET\",\"image\":{\"@type\":\"ImageObject\",\"inLanguage\":\"fr-FR\",\"@id\":\"https:\/\/blogs.futura-sciences.com\/luminet\/#\/schema\/person\/image\/\",\"url\":\"https:\/\/secure.gravatar.com\/avatar\/a6d27645b8081b2f766677414e6a83e1?s=96&d=mm&r=g\",\"contentUrl\":\"https:\/\/secure.gravatar.com\/avatar\/a6d27645b8081b2f766677414e6a83e1?s=96&d=mm&r=g\",\"caption\":\"Jean-Pierre LUMINET\"},\"url\":\"https:\/\/blogs.futura-sciences.com\/luminet\/author\/jpluminet\/\"}]}<\/script>\n<!-- \/ Yoast SEO plugin. -->","yoast_head_json":{"title":"Du piano aux \u00e9toiles (2\/3), par Jean-Pierre Luminet","robots":{"index":"index","follow":"follow","max-snippet":"max-snippet:-1","max-image-preview":"max-image-preview:large","max-video-preview":"max-video-preview:-1"},"canonical":"https:\/\/blogs.futura-sciences.com\/luminet\/2014\/02\/13\/du-piano-aux-etoiles-22\/","og_locale":"fr_FR","og_type":"article","og_title":"Du piano aux \u00e9toiles (2\/3), par Jean-Pierre Luminet","og_description":"Ceci est la suite du billet pr\u00e9c\u00e9dent Je ne suis pas peu fier du concert donn\u00e9 \u00e0 la fin des ann\u00e9es 1970 en ma ville natale de\u00a0 Cavaillon par mon ma\u00eetre Arthur Petronio (au violon), et son \u00e9pouse Jacqueline (au piano), dans lequel ils avaient eu la g\u00e9n\u00e9rosit\u00e9 d&#8217;ins\u00e9rer deux br\u00e8ves pi\u00e8ces pour violon et &hellip; Continuer la lecture de Du piano aux \u00e9toiles (2\/3) &rarr;","og_url":"https:\/\/blogs.futura-sciences.com\/luminet\/2014\/02\/13\/du-piano-aux-etoiles-22\/","og_site_name":"LUMINESCIENCES : le blog de Jean-Pierre LUMINET, astrophysicien","article_published_time":"2014-02-13T22:04:17+00:00","article_modified_time":"2014-04-22T09:16:35+00:00","og_image":[{"width":899,"height":900,"url":"https:\/\/blogs.futura-sciences.com\/luminet\/wp-content\/uploads\/sites\/2\/2014\/02\/piano-keys-and-stars-photo-lyn-randle.jpg","type":"image\/jpeg"}],"author":"Jean-Pierre LUMINET","twitter_card":"summary_large_image","twitter_misc":{"\u00c9crit par":"Jean-Pierre LUMINET","Dur\u00e9e de lecture estim\u00e9e":"5 minutes"},"schema":{"@context":"https:\/\/schema.org","@graph":[{"@type":"WebPage","@id":"https:\/\/blogs.futura-sciences.com\/luminet\/2014\/02\/13\/du-piano-aux-etoiles-22\/","url":"https:\/\/blogs.futura-sciences.com\/luminet\/2014\/02\/13\/du-piano-aux-etoiles-22\/","name":"Du piano aux \u00e9toiles (2\/3), par Jean-Pierre Luminet","isPartOf":{"@id":"https:\/\/blogs.futura-sciences.com\/luminet\/#website"},"primaryImageOfPage":{"@id":"https:\/\/blogs.futura-sciences.com\/luminet\/2014\/02\/13\/du-piano-aux-etoiles-22\/#primaryimage"},"image":{"@id":"https:\/\/blogs.futura-sciences.com\/luminet\/2014\/02\/13\/du-piano-aux-etoiles-22\/#primaryimage"},"thumbnailUrl":"https:\/\/blogs.futura-sciences.com\/luminet\/wp-content\/uploads\/sites\/2\/2014\/02\/piano-keys-and-stars-photo-lyn-randle.jpg","datePublished":"2014-02-13T22:04:17+00:00","dateModified":"2014-04-22T09:16:35+00:00","author":{"@id":"https:\/\/blogs.futura-sciences.com\/luminet\/#\/schema\/person\/d61f577b54398f0ecee81e140e7643cb"},"inLanguage":"fr-FR","potentialAction":[{"@type":"ReadAction","target":["https:\/\/blogs.futura-sciences.com\/luminet\/2014\/02\/13\/du-piano-aux-etoiles-22\/"]}]},{"@type":"ImageObject","inLanguage":"fr-FR","@id":"https:\/\/blogs.futura-sciences.com\/luminet\/2014\/02\/13\/du-piano-aux-etoiles-22\/#primaryimage","url":"https:\/\/blogs.futura-sciences.com\/luminet\/wp-content\/uploads\/sites\/2\/2014\/02\/piano-keys-and-stars-photo-lyn-randle.jpg","contentUrl":"https:\/\/blogs.futura-sciences.com\/luminet\/wp-content\/uploads\/sites\/2\/2014\/02\/piano-keys-and-stars-photo-lyn-randle.jpg","width":899,"height":900},{"@type":"WebSite","@id":"https:\/\/blogs.futura-sciences.com\/luminet\/#website","url":"https:\/\/blogs.futura-sciences.com\/luminet\/","name":"LUMINESCIENCES : le blog de Jean-Pierre LUMINET, astrophysicien","description":"J\u2019eus le vertige et je pleurai car mes yeux avaient vu cet objet secret et conjectural dont les hommes usurpent le nom, mais qu\u2019aucun homme n\u2019a regard\u00e9 : l\u2019inconcevable univers.  Jorge Luis Borges, L\u2019Aleph (1949)","potentialAction":[{"@type":"SearchAction","target":{"@type":"EntryPoint","urlTemplate":"https:\/\/blogs.futura-sciences.com\/luminet\/?s={search_term_string}"},"query-input":{"@type":"PropertyValueSpecification","valueRequired":true,"valueName":"search_term_string"}}],"inLanguage":"fr-FR"},{"@type":"Person","@id":"https:\/\/blogs.futura-sciences.com\/luminet\/#\/schema\/person\/d61f577b54398f0ecee81e140e7643cb","name":"Jean-Pierre LUMINET","image":{"@type":"ImageObject","inLanguage":"fr-FR","@id":"https:\/\/blogs.futura-sciences.com\/luminet\/#\/schema\/person\/image\/","url":"https:\/\/secure.gravatar.com\/avatar\/a6d27645b8081b2f766677414e6a83e1?s=96&d=mm&r=g","contentUrl":"https:\/\/secure.gravatar.com\/avatar\/a6d27645b8081b2f766677414e6a83e1?s=96&d=mm&r=g","caption":"Jean-Pierre LUMINET"},"url":"https:\/\/blogs.futura-sciences.com\/luminet\/author\/jpluminet\/"}]}},"_links":{"self":[{"href":"https:\/\/blogs.futura-sciences.com\/luminet\/wp-json\/wp\/v2\/posts\/326","targetHints":{"allow":["GET"]}}],"collection":[{"href":"https:\/\/blogs.futura-sciences.com\/luminet\/wp-json\/wp\/v2\/posts"}],"about":[{"href":"https:\/\/blogs.futura-sciences.com\/luminet\/wp-json\/wp\/v2\/types\/post"}],"author":[{"embeddable":true,"href":"https:\/\/blogs.futura-sciences.com\/luminet\/wp-json\/wp\/v2\/users\/2"}],"replies":[{"embeddable":true,"href":"https:\/\/blogs.futura-sciences.com\/luminet\/wp-json\/wp\/v2\/comments?post=326"}],"version-history":[{"count":26,"href":"https:\/\/blogs.futura-sciences.com\/luminet\/wp-json\/wp\/v2\/posts\/326\/revisions"}],"predecessor-version":[{"id":672,"href":"https:\/\/blogs.futura-sciences.com\/luminet\/wp-json\/wp\/v2\/posts\/326\/revisions\/672"}],"wp:featuredmedia":[{"embeddable":true,"href":"https:\/\/blogs.futura-sciences.com\/luminet\/wp-json\/wp\/v2\/media\/396"}],"wp:attachment":[{"href":"https:\/\/blogs.futura-sciences.com\/luminet\/wp-json\/wp\/v2\/media?parent=326"}],"wp:term":[{"taxonomy":"category","embeddable":true,"href":"https:\/\/blogs.futura-sciences.com\/luminet\/wp-json\/wp\/v2\/categories?post=326"},{"taxonomy":"post_tag","embeddable":true,"href":"https:\/\/blogs.futura-sciences.com\/luminet\/wp-json\/wp\/v2\/tags?post=326"}],"curies":[{"name":"wp","href":"https:\/\/api.w.org\/{rel}","templated":true}]}}