{"id":3200,"date":"2018-06-06T20:26:47","date_gmt":"2018-06-06T20:26:47","guid":{"rendered":"https:\/\/blogs.futura-sciences.com\/luminet\/?p=3200"},"modified":"2019-01-04T10:12:39","modified_gmt":"2019-01-04T10:12:39","slug":"voyage-cosmique-litterature-poesie-2-2","status":"publish","type":"post","link":"https:\/\/blogs.futura-sciences.com\/luminet\/2018\/06\/06\/voyage-cosmique-litterature-poesie-2-2\/","title":{"rendered":"Le Voyage Cosmique dans la Litt\u00e9rature et la Po\u00e9sie (2\/2)"},"content":{"rendered":"<p><a href=\"https:\/\/blogs.futura-sciences.com\/luminet\/2018\/05\/07\/voyage-cosmique-litterature-poesie-1-2\/\" target=\"_blank\" rel=\"noopener\"><span style=\"color: #008000\"><strong>Suite du billet &#8220;Le Voyage Cosmique dans la Litt\u00e9rature et la Po\u00e9sie (1\/2)&#8221;<\/strong><\/span><\/a><\/p>\n<h5><strong>De l\u2019a\u00e9ronautique \u00e0 la science-fiction<\/strong><\/h5>\n<p style=\"text-align: right\"><em>La Terre est le berceau de l\u2019humanit\u00e9,<br \/>\n<\/em><em>mais nul ne reste \u00e9ternellement dans son berceau.<\/em><br \/>\nKonstantin Tsiolkovski (1920)<\/p>\n<p style=\"text-align: justify\">A la fin du XIXe si\u00e8cle, \u2014 p\u00e9riode de confiance ing\u00e9nue en la Science, \u2014 le voyage cosmique est remis en honneur, mais dans un univers assez diff\u00e9rent de celui des &#8220;Nuits&#8221; de Young (voir billet pr\u00e9c\u00e9dent). Univers plus pr\u00e9caire o\u00f9 poudroient les brouillards myst\u00e9rieux de lointaines galaxies, o\u00f9 partout des astres agonisent et o\u00f9 r\u00f4dent d\u2019invisibles soleils noircis. Sully Prudhomme (premier laur\u00e9at du prix Nobel de litt\u00e9rature en 1901, mais ce n&#8217;est pas forc\u00e9ment une r\u00e9f\u00e9rence!) met en sc\u00e8ne Faustus et Stella dans <em>Le Bonheur<\/em> (1888). Les astres sont les \u00eeles des Bienheureux. La rapidit\u00e9 extraordinaire du vol des deux amants est rendue sensible par le recul et l&#8217;\u00e9vanouissement des corps c\u00e9lestes:<\/p>\n<p style=\"text-align: justify\"><em>\u00ab\u00a0Sur leurs t\u00eates ils voient de vertiges \u00e9tourdis<\/em><br \/>\n<em>Fondre Cassiop\u00e9e et le Lion grandis&#8230;<\/em><br \/>\n<em>La grande Ourse \u00e0 son tour, subitement \u00e9norme<\/em><br \/>\n<em>Tombe, et n&#8217;est bient\u00f4t plus qu&#8217;un point bl\u00eame et sans forme&#8230;<\/em><br \/>\n<em>Le Zodiaque \u00e9pars s&#8217;effondre sous leur vol!<\/em><br \/>\n<em>Ils montent, \u00e9treignant la Mort qui les entra\u00eene<\/em><br \/>\n<em>L\u00e0-bas, l\u00e0-haut o\u00f9 germe une lueur sereine;<\/em><br \/>\n<em>Et tout le peuple astral que l&#8217;homme a d\u00e9nombr\u00e9,<\/em><br \/>\n<em>Ce qu&#8217;il nommait le ciel sous leurs pieds a sombr\u00e9.<\/em><br \/>\n<em>A cette n\u00e9buleuse une autre n\u00e9buleuse<\/em><br \/>\n<em>Succ\u00e8de, puis une autre en la mer onduleuse.<\/em><br \/>\n<em>De l&#8217;impalpable \u00e9ther, oc\u00e9an sans milieu<\/em><br \/>\n<em>Dont blanchissent au loin les archipels en feu&#8230;<\/em><br \/>\n<em>Ils franchissent, apr\u00e8s ces milliers de soleils<\/em><br \/>\n<em>De plus hauts firmaments de plus en plus vermeils,<\/em><br \/>\n<em>Jusqu&#8217;au z\u00e9nith o\u00f9 meurt l&#8217;ascension stellaire,<\/em><br \/>\n<em>O\u00f9 l&#8217;astre originel et dernier les \u00e9claire<\/em><br \/>\n<em>De l&#8217;aube enchanteresse, espoir de leur regard&#8230;\u00a0\u00bb<\/em><\/p>\n<p style=\"text-align: justify\"><a href=\"https:\/\/blogs.futura-sciences.com\/luminet\/wp-content\/uploads\/sites\/2\/2018\/05\/Prudhomme-Le-Bonheur.jpg\" rel=\"lightbox[3200]\"><img loading=\"lazy\" decoding=\"async\" class=\"aligncenter wp-image-3235\" src=\"https:\/\/blogs.futura-sciences.com\/luminet\/wp-content\/uploads\/sites\/2\/2018\/05\/Prudhomme-Le-Bonheur.jpg\" alt=\"\" width=\"314\" height=\"419\" srcset=\"https:\/\/blogs.futura-sciences.com\/luminet\/wp-content\/uploads\/sites\/2\/2018\/05\/Prudhomme-Le-Bonheur.jpg 600w, https:\/\/blogs.futura-sciences.com\/luminet\/wp-content\/uploads\/sites\/2\/2018\/05\/Prudhomme-Le-Bonheur-338x450.jpg 338w\" sizes=\"auto, (max-width: 314px) 100vw, 314px\" \/><\/a><\/p>\n<p style=\"text-align: justify\">Bien avant lui, Pierre-Claude-Victor Boiste &#8211; plus connu comme lexicographe et \u00e9diteur de dictionnaires &#8211; a livr\u00e9 un long po\u00e8me de facture tr\u00e8s classique, <em>L&#8217;Univers d\u00e9livr\u00e9<\/em>, (1809), o\u00f9 il imagine l&#8217;\u00e2me se d\u00e9tachant de la Terre pour rejoindre les c\u00e9lestes intelligences. L&#8217;id\u00e9e n&#8217;est pas nouvelle puisqu&#8217;elle remonte au moins \u00e0 Pythagore! Mais chez Boiste, la pesanteur du corps et de l&#8217;entendement afflige le po\u00e8te, lequel semble regretter d\u2019\u00eatre vieux dans un monde o\u00f9 l&#8217;a\u00e9ronautique est naissante (il a assist\u00e9 aux premiers envols des fr\u00e8res Montgolfier et de Pil\u00e2tre de Roziers)\u00a0 :<\/p>\n<p style=\"text-align: justify\"><em>\u00ab\u00a0Que mes chants eussent \u00e9t\u00e9 sublimes si j&#8217;avais pu, dans ces heureux moments, contempler le grand spectacle de la nature! Si, port\u00e9 sur les ailes de l&#8217;a\u00e9ronaute, j&#8217;avais pu m&#8217;\u00e9lever au-dessus du globe et voir l&#8217;h\u00e9misph\u00e8re \u00e0 mes pieds diminuer et dispara\u00eetre dans un oc\u00e9an de nuages! Errant alors dans l&#8217;espace, au sein du vaste empire du silence, j&#8217;aurais joui d&#8217;un spectacle nouveau pour les mortels; j&#8217;aurais vu le dieu du jour d\u00e9gag\u00e9 des vapeurs qui obscurcissent pour nous son \u00e9clat lancer des torrents de lumi\u00e8re dans l&#8217;espace. J&#8217;aurais contempl\u00e9 de plus pr\u00e8s les astres, et peut-\u00eatre aurais-je d\u00e9couvert un corps c\u00e9leste qui prom\u00e8nerait \u00e9ternellement mon nom et ma gloire dans l&#8217;immensit\u00e9. Orgueilleuse pens\u00e9e!\u00a0\u00bb<\/em><\/p>\n<figure id=\"attachment_3236\" aria-describedby=\"caption-attachment-3236\" style=\"width: 230px\" class=\"wp-caption aligncenter\"><a href=\"https:\/\/blogs.futura-sciences.com\/luminet\/wp-content\/uploads\/sites\/2\/2018\/05\/boiste_0_1buast1.png\" rel=\"lightbox[3200]\"><img loading=\"lazy\" decoding=\"async\" class=\"wp-image-3236 size-full\" src=\"https:\/\/blogs.futura-sciences.com\/luminet\/wp-content\/uploads\/sites\/2\/2018\/05\/boiste_0_1buast1.png\" alt=\"\" width=\"230\" height=\"310\" \/><\/a><figcaption id=\"caption-attachment-3236\" class=\"wp-caption-text\">Le portraitiste de Pierre Boiste a visiblement voulu imiter Rembrandt !<\/figcaption><\/figure>\n<p style=\"text-align: justify\">Le voyage a\u00e9rien est en effet dans l&#8217;heureuse p\u00e9riode de ses d\u00e9buts. Les moyens utilis\u00e9s pour vaincre la pesanteur et autres r\u00e9sistances physiques ont encore une fantaisie qui fait leur charme. La litt\u00e9rature d&#8217;anticipation, plus tard baptis\u00e9e &#8220;science-fiction&#8221; se d\u00e9veloppe avec Jules Verne (<em>De la Terre \u00e0 la Lune<\/em>), Albert Robida (<em>Le Vingti\u00e8me si\u00e8cle<\/em>) et Herbert George Wells (<em>La Guerre des mondes<\/em>). Cette litt\u00e9rature, \u00e0 mesure que le probl\u00e8me du vol spatial para\u00eet plus proche d&#8217;une solution, prend un caract\u00e8re toujours plus positif, peu favorable \u00e0 la po\u00e9sie, et elle ne figurera pas dans cette br\u00e8ve anthologie. La science-fiction a toutefois fourni de belles pages de po\u00e9sie pure. Dans les ann\u00e9es 1930, les voyages spatiaux v\u00e9cus par les h\u00e9ros de Clive Staple Lewis (<em>Hors de la plan\u00e8te silencieuse<\/em>, <em>Le Voyage \u00e0 V\u00e9nus<\/em>), et celui, plus grandiose, imagin\u00e9 par Olaf Stapledon (<em>Cr\u00e9ateur d\u2019\u00e9toiles<\/em>), sont pr\u00e9textes \u00e0 de superbes pages dans lesquelles les \u00e9crivains, d\u00e9barrass\u00e9s de la technique, se consacrent \u00e0 ce qui est pour eux l&#8217;essentiel: l&#8217;aspect psychologique, philosophique et po\u00e9tique de l&#8217;aventure.<\/p>\n<p><a href=\"https:\/\/blogs.futura-sciences.com\/luminet\/wp-content\/uploads\/sites\/2\/2018\/05\/Lewis-Stapledon.jpg\" rel=\"lightbox[3200]\"><img loading=\"lazy\" decoding=\"async\" class=\"aligncenter wp-image-3234 size-full\" src=\"https:\/\/blogs.futura-sciences.com\/luminet\/wp-content\/uploads\/sites\/2\/2018\/05\/Lewis-Stapledon.jpg\" alt=\"\" width=\"1470\" height=\"948\" srcset=\"https:\/\/blogs.futura-sciences.com\/luminet\/wp-content\/uploads\/sites\/2\/2018\/05\/Lewis-Stapledon.jpg 1470w, https:\/\/blogs.futura-sciences.com\/luminet\/wp-content\/uploads\/sites\/2\/2018\/05\/Lewis-Stapledon-450x290.jpg 450w, https:\/\/blogs.futura-sciences.com\/luminet\/wp-content\/uploads\/sites\/2\/2018\/05\/Lewis-Stapledon-768x495.jpg 768w, https:\/\/blogs.futura-sciences.com\/luminet\/wp-content\/uploads\/sites\/2\/2018\/05\/Lewis-Stapledon-1024x660.jpg 1024w\" sizes=\"auto, (max-width: 1470px) 100vw, 1470px\" \/><\/a><\/p>\n<p style=\"text-align: justify\"><i><b>Le Voyage cosmique<\/b><\/i> est un film muet sovi\u00e9tique r\u00e9alis\u00e9 par Vassili Zouravlev en 1936. L&#8217;image mise en avant de ce billet en est extraite.\u00a0 Afin de r\u00e9pondre au souhait d&#8217;exactitude scientifique exig\u00e9 par le\u00a0 gouvernement sovi\u00e9tique (qui lui avait pass\u00e9 la commande), le r\u00e9alisateur prit contact avec le c\u00e9l\u00e8bre th\u00e9oricien <strong>Konstantin Tsiolkovski<\/strong> pour devenir le consultant scientifique du futur projet. Le p\u00e8re de l&#8217;astronautique russe accepta et travaill\u00e9 \u00e0 la pr\u00e9paration du film en r\u00e9digeant un cahier\u00a0 de consignes, <em>l&#8217;album des voyages spatiaux<\/em>, contenant une trentaine de pages de sch\u00e9mas, dessins, explications. S<span class=\"Style27\">orti sur les \u00e9crans onze ann\u00e9es apr\u00e8s le fameux film de science-fiction russe <em>Aelita<\/em> (1924), le film raconte un <span class=\"Style19\">premier voyage vers la Lune en <\/span>1946. <\/span><\/p>\n<p style=\"text-align: justify\">Si vous avez le temps et la curiosit\u00e9 pour ce type de cin\u00e9ma, on le trouve ici sur l&#8217;in\u00e9puisable youtube:<\/p>\n\n<!-- iframe plugin v.5.1 wordpress.org\/plugins\/iframe\/ -->\n<iframe loading=\"lazy\" width=\"560\" height=\"315\" src=\"https:\/\/www.youtube.com\/embed\/UA6W4pWtJEY\" frameborder=\"0\" allow=\"autoplay; encrypted-media\" 0=\"allowfullscreen\" scrolling=\"yes\" class=\"iframe-class\"><\/iframe>\n\n<p><!--more--><\/p>\n<figure id=\"attachment_3247\" aria-describedby=\"caption-attachment-3247\" style=\"width: 984px\" class=\"wp-caption aligncenter\"><a href=\"https:\/\/blogs.futura-sciences.com\/luminet\/wp-content\/uploads\/sites\/2\/2018\/05\/Tsiolkovski-blog.jpg\" rel=\"lightbox[3200]\"><img loading=\"lazy\" decoding=\"async\" class=\"wp-image-3247 size-full\" src=\"https:\/\/blogs.futura-sciences.com\/luminet\/wp-content\/uploads\/sites\/2\/2018\/05\/Tsiolkovski-blog.jpg\" alt=\"\" width=\"984\" height=\"732\" srcset=\"https:\/\/blogs.futura-sciences.com\/luminet\/wp-content\/uploads\/sites\/2\/2018\/05\/Tsiolkovski-blog.jpg 984w, https:\/\/blogs.futura-sciences.com\/luminet\/wp-content\/uploads\/sites\/2\/2018\/05\/Tsiolkovski-blog-450x335.jpg 450w, https:\/\/blogs.futura-sciences.com\/luminet\/wp-content\/uploads\/sites\/2\/2018\/05\/Tsiolkovski-blog-768x571.jpg 768w\" sizes=\"auto, (max-width: 984px) 100vw, 984px\" \/><\/a><figcaption id=\"caption-attachment-3247\" class=\"wp-caption-text\">Konstantin Tsiolkovski a publi\u00e9 des ouvrages o\u00f9 il a expos\u00e9 ses vues de pionnier de l&#8217;astronautique, qui ont influenc\u00e9 une g\u00e9n\u00e9ration d&#8217;auteurs de science-fiction.<\/figcaption><\/figure>\n<h5 style=\"text-align: justify\"><strong>Aventures po\u00e9tiques du XX<sup>e<\/sup> si\u00e8cle<\/strong><\/h5>\n<p style=\"text-align: right\"><em>Nous r\u00eavons de voyages \u00e0 travers l&#8217;Univers; l&#8217;Univers n&#8217;est-il pas en nous ? Le chemin myst\u00e9rieux va vers l&#8217;int\u00e9rieur.<\/em><br \/>\nNovalis, <em>Cahiers<\/em> (1796)<\/p>\n<p style=\"text-align: justify\">Pure aventure po\u00e9tique, tel est le choix de Blaise Cendrars. Pendant sa convalescence apr\u00e8s ses blessures de guerre, Jacques Doucet (riche couturier ami des arts et des artistes) lui verse une petite rente mensuelle pour \u00e9crire les douze chapitres de <em>L&#8217;Eubage, Aux antipodes de l&#8217;Unit\u00e9<\/em> (1926). Il s&#8217;agit d&#8217;un admirable voyage intersid\u00e9ral dans lequel les marins l\u00e8vent l&#8217;ancre, quittent la Terre et se rendent dans les parages du ciel\u00a0:<\/p>\n<p style=\"text-align: justify\"><em>\u00ab\u00a0Apr\u00e8s avoir lev\u00e9 l&#8217;ancre, nous quitt\u00e2mes la Terre pour entrer dans cet oc\u00e9an de lumi\u00e8re solaire qu&#8217;est notre atmosph\u00e8re respirable. Ayant atteint ses extr\u00eames limites, nous nous engage\u00e2mes r\u00e9solument dans les rapides de la r\u00e9gion de l&#8217;ozone. Nous allions si vite que nous ne pouvions estimer la vitesse acquise et qu&#8217;il nous semblait rester immobiles. La Terre \u00e9tait invisible dans notre sillage et devant nous, les astres n&#8217;existaient plus. Enfin, nous f\u00eemes la grande chute dans le vide, \u00e9clabouss\u00e9s par une \u00e9cume d&#8217;\u00e9toiles. Nous louvoy\u00e2mes devant la Grande Ourse durant sept si\u00e8cles d&#8217;horloge, passant souvent sous des arcs-en-ciel noirs; puis, ayant doubl\u00e9 le cap d&#8217;Orion nous piqu\u00e2mes droit devant nous dans la direction du Sud, qui est le Nord du Ciel.<br \/>\n<\/em><em>Nous p\u00eachions des \u00eatres interstellaires qui nous \u00e9bahissaient, tant ils nous semblaient \u00e9tranges, mais dont la chair exquise nous r\u00e9galait et \u00e9tait un pr\u00e9cieux adjuvant \u00e0 l&#8217;ordinaire de l&#8217;\u00e9quipage.<br \/>\n<\/em><em>Tout le monde \u00e9tait gai, bien portant.<br \/>\nA l&#8217;exemple de mes hommes, je secouai l&#8217;esp\u00e8ce d&#8217;h\u00e9b\u00e9tement qui s&#8217;\u00e9tait empar\u00e9 de moi en voyant r\u00e9ussir ce d\u00e9part inesp\u00e9r\u00e9. Je donnai ordre de hisser notre grand pavillon d&#8217;or aux armes de la Passion humaine et je m&#8217;approchai d&#8217;un hublot.<\/em><br \/>\n<em>Voici ce que j&#8217;ai vu en sortant de mon esprit en chair de poule\u00a0\u00bb.<\/em><\/p>\n<p><a href=\"https:\/\/blogs.futura-sciences.com\/luminet\/wp-content\/uploads\/sites\/2\/2018\/05\/Eubage-blog-1.jpg\" rel=\"lightbox[3200]\"><img loading=\"lazy\" decoding=\"async\" class=\"aligncenter wp-image-3244 size-full\" src=\"https:\/\/blogs.futura-sciences.com\/luminet\/wp-content\/uploads\/sites\/2\/2018\/05\/Eubage-blog-1.jpg\" alt=\"\" width=\"1398\" height=\"814\" srcset=\"https:\/\/blogs.futura-sciences.com\/luminet\/wp-content\/uploads\/sites\/2\/2018\/05\/Eubage-blog-1.jpg 1398w, https:\/\/blogs.futura-sciences.com\/luminet\/wp-content\/uploads\/sites\/2\/2018\/05\/Eubage-blog-1-450x262.jpg 450w, https:\/\/blogs.futura-sciences.com\/luminet\/wp-content\/uploads\/sites\/2\/2018\/05\/Eubage-blog-1-768x447.jpg 768w, https:\/\/blogs.futura-sciences.com\/luminet\/wp-content\/uploads\/sites\/2\/2018\/05\/Eubage-blog-1-1024x596.jpg 1024w\" sizes=\"auto, (max-width: 1398px) 100vw, 1398px\" \/><\/a><\/p>\n<p style=\"text-align: justify\">Plus concr\u00e8te est l&#8217;inspiration de Charles Dobzynski (1929-2014). D\u00e8s l&#8217;envol des premiers cosmonautes russes en 1961, le po\u00e8te entrevoit combien l&#8217;\u00e2ge interplan\u00e9taire ouvrira de nouvelles formes du r\u00eave, et il le prouve magistralement avec son <em>Op\u00e9ra de l&#8217;Espace<\/em> (1963). Son texte consacr\u00e9 au d\u00e9collage d&#8217;une fus\u00e9e concilie la po\u00e9sie et la technologie la plus ardue &#8211; celle des propulseurs. Le vide spatial est chair, ventre, dans lequel l&#8217;astronef-graine fondera le futur\u00a0:<\/p>\n<p style=\"text-align: justify\"><em>\u00ab\u00a0Puissance de l&#8217;air lourd, musculature du m\u00e9tal dans le faisceau de la fus\u00e9e attel\u00e9e \u00e0 la foudre, \u00e0 l&#8217;araire des vents,<\/em><br \/>\n<em>et trouant le tissu compact de l&#8217;\u00e9tendue, l&#8217;opacit\u00e9 qui se contracte et sa d\u00e9chirure s&#8217;\u00e9tend<\/em><br \/>\n<em>ramification d&#8217;\u00e9clats et d&#8217;explosions dans l&#8217;\u00e9piderme atmosph\u00e9rique,<\/em><br \/>\n<em>avez-vous entendu la stridence de l&#8217;astronef striant ce que l&#8217;on nommait d\u00e9risoirement<\/em><br \/>\n<em>l&#8217;\u00e9ther? une immensit\u00e9 vivante et mouvante, un ondoiement noir<\/em><br \/>\n<em>o\u00f9 lentement la vie s&#8217;accro\u00eet et s&#8217;agglom\u00e8re, spectrographie de tous les r\u00eaves, pr\u00e9cipit\u00e9 de la m\u00e9moire,<\/em><br \/>\n<em>oisellerie de flammes, l&#8217;astronef, nouant une aube bor\u00e9ale en la ceinture Van Allen<\/em><br \/>\n<em>et l&#8217;air se fend comme une orange, et dans la trame qu&#8217;il d\u00e9fait,<\/em><br \/>\n<em>ne laissant \u00e0 sa foulure bleue ni trace de tr\u00e9pan ni fragment d&#8217;horizon foudroy\u00e9,<\/em><br \/>\n<em>l&#8217;astronef s&#8217;enfonce dans l&#8217;infini avec cet abandon tranquille du dormeur ou du noy\u00e9,<\/em><br \/>\n<em>le vide est chair et changement, chair \u00e9lastique et conductible songe prolif\u00e9rant dans l&#8217;obscurit\u00e9 d&#8217;un seul corps,<\/em><br \/>\n<em>et dans ce ventre sans parois l&#8217;astronef fonde le futur\u00a0\u00bb.<\/em><\/p>\n<p><a href=\"https:\/\/blogs.futura-sciences.com\/luminet\/wp-content\/uploads\/sites\/2\/2014\/06\/bumper1950.jpg\" rel=\"lightbox[3200]\"><img loading=\"lazy\" decoding=\"async\" class=\"aligncenter wp-image-878 size-full\" src=\"https:\/\/blogs.futura-sciences.com\/luminet\/wp-content\/uploads\/sites\/2\/2014\/06\/bumper1950.jpg\" alt=\"\" width=\"1024\" height=\"788\" srcset=\"https:\/\/blogs.futura-sciences.com\/luminet\/wp-content\/uploads\/sites\/2\/2014\/06\/bumper1950.jpg 1024w, https:\/\/blogs.futura-sciences.com\/luminet\/wp-content\/uploads\/sites\/2\/2014\/06\/bumper1950-450x346.jpg 450w\" sizes=\"auto, (max-width: 1024px) 100vw, 1024px\" \/><\/a><\/p>\n<p style=\"text-align: justify\">Dobzynski d\u00e9ment avec brio ceux qui pensaient que le voyage cosmique, en tant que genre litt\u00e9raire, deviendrait st\u00e9rile d\u00e8s lors que l&#8217;homme l&#8217;aurait mat\u00e9riellement accompli. On retrouvera <a href=\"https:\/\/blogs.futura-sciences.com\/luminet\/2015\/10\/18\/lopera-de-lespace\/\" target=\"_blank\" rel=\"noopener\">i<strong>ci l&#8217;hommage que je lui ai rendu<\/strong><\/a> lors de sa disparition en 2014.<\/p>\n<p style=\"text-align: justify\">D&#8217;ailleurs, comment le genre pourrait-il mourir si l&#8217;on songe que le v\u00e9ritable espace des grands voyageurs est int\u00e9rieur ? Ainsi le disait superbement Novalis, ainsi le rappelle Henri Michaux (<em>Le d\u00e9pouillement par l&#8217;espace<\/em>, 1966). Dans l&#8217;Espace du dedans, il y a autant de gouffres et de lumi\u00e8res lointaines que dans l&#8217;espace galactique, et de quoi s&#8217;y perdre en d\u00e9rives infinies. Aid\u00e9 par des substances psychotropes (souvenons-nous des herbes magiques de Kepler!), Michaux &#8220;entre en espace&#8221; comme un nageur p\u00e9n\u00e8tre l&#8217;oc\u00e9an. Et l&#8217;\u00eatre, ainsi espacifi\u00e9, \u00e9pouse le sublime mouvement de l&#8217;espace lui-m\u00eame : l&#8217;expansion infinie\u00a0:<\/p>\n<p style=\"text-align: justify\"><em>\u00ab\u00a0Enfin, avant de rentrer je l\u00e8ve la t\u00eate. Un ciel noir s&#8217;\u00e9tendait partout avec beaucoup d&#8217;\u00e9toiles. Je m&#8217;y ab\u00eemai. Ce fut extraordinaire. Instantan\u00e9ment d\u00e9pouill\u00e9 de tout comme d&#8217;un pardessus, j&#8217;entrais en espace. J&#8217;y \u00e9tais projet\u00e9, j&#8217;y \u00e9tais pr\u00e9cipit\u00e9, j&#8217;y coulais. Par lui happ\u00e9 violemment, sans r\u00e9sistance.<\/em><br \/>\n<em>Prodige jamais soup\u00e7onn\u00e9&#8230; Pourquoi ne l&#8217;avais-je connu plus t\u00f4t? Apr\u00e8s la premi\u00e8re minute de surprise il paraissait tellement naturel d&#8217;\u00eatre emport\u00e9 dans l&#8217;espace. Et pourtant, combien de fois n&#8217;avais je pas regard\u00e9 d&#8217;aussi beaux et de plus beaux ciels sans autre effet qu&#8217;une vraie et vaine admiration. Admiration: antichambre, rien qu&#8217;antichambre. Une fois de plus je le v\u00e9rifiais.<\/em><br \/>\n<em>[\u2026] C&#8217;est certain, jusqu&#8217;ici je n&#8217;avais pas vu, pas vraiment vu le ciel. J&#8217;y avais r\u00e9sist\u00e9, le regardant de l&#8217;autre bord, du bord du terrestre, du solide, de l&#8217;oppos\u00e9.<\/em><br \/>\n<em>Cette fois, la rive effondr\u00e9e, je m&#8217;enfon\u00e7ais. Vertigineusement je m&#8217;enfon\u00e7ais en haut.<\/em><br \/>\n<em>Le ciel, j&#8217;y \u00e9tais. Nous avions enfin des rapports.<\/em><br \/>\n<em>Et je continuais \u00e0 le regarder, si le mot \u00ab regard \u00bb s&#8217;applique \u00e0 un ab\u00eeme o\u00f9 l&#8217;on est pr\u00e9cipit\u00e9 et dont rien ne vous s\u00e9pare plus\u00a0\u00bb.<\/em><\/p>\n<p><a href=\"https:\/\/blogs.futura-sciences.com\/luminet\/wp-content\/uploads\/sites\/2\/2018\/05\/Michaux-blog.jpg\" rel=\"lightbox[3200]\"><img loading=\"lazy\" decoding=\"async\" class=\"aligncenter wp-image-3243 size-full\" src=\"https:\/\/blogs.futura-sciences.com\/luminet\/wp-content\/uploads\/sites\/2\/2018\/05\/Michaux-blog.jpg\" alt=\"\" width=\"1296\" height=\"754\" srcset=\"https:\/\/blogs.futura-sciences.com\/luminet\/wp-content\/uploads\/sites\/2\/2018\/05\/Michaux-blog.jpg 1296w, https:\/\/blogs.futura-sciences.com\/luminet\/wp-content\/uploads\/sites\/2\/2018\/05\/Michaux-blog-450x262.jpg 450w, https:\/\/blogs.futura-sciences.com\/luminet\/wp-content\/uploads\/sites\/2\/2018\/05\/Michaux-blog-768x447.jpg 768w, https:\/\/blogs.futura-sciences.com\/luminet\/wp-content\/uploads\/sites\/2\/2018\/05\/Michaux-blog-1024x596.jpg 1024w\" sizes=\"auto, (max-width: 1296px) 100vw, 1296px\" \/><\/a><\/p>\n<h5 style=\"text-align: justify\"><strong>L\u2019exploration spatiale au XXI<sup>e<\/sup> si\u00e8cle <\/strong><\/h5>\n<p style=\"text-align: right\"><em>Dans les hauteurs de l\u2019\u00e9ther se trouve l\u2019\u00eele de Levania. La route qui va d\u2019ici \u00e0 cette \u00eele ou de cette \u00eele \u00e0 notre Terre est tr\u00e8s rarement praticable. Quand elle l\u2019est, il est ais\u00e9 pour ceux de notre race de l\u2019emprunter, mais il est extr\u00eamement difficile de transporter des hommes et ils risquent leur vie.<\/em><br \/>\nJohann Kepler, <em>Le Songe<\/em> (1634)<\/p>\n<p style=\"text-align: justify\">A l\u2019aube du troisi\u00e8me mill\u00e9naire, l\u2019exploration de l\u2019espace conna\u00eet un regain de faveur, apr\u00e8s \u00eatre quelque peu retomb\u00e9e \u00e0 la fin du programme Apollo de conqu\u00eate de la Lune, pour des raisons tant financi\u00e8res que g\u00e9opolitiques. Des sondes quittent l\u2019attraction terrestre et voyagent dans le Syst\u00e8me solaire pour en explorer <em>in situ<\/em> divers corps. Les principaux enjeux sont la recherche d\u2019eau et\/ou de traces de vie primitive ou fossile (l\u2019eau \u00e0 l\u2019\u00e9tat liquide \u00e9tant en effet signe de d\u00e9veloppement possible de la vie), ainsi que l\u2019examen approch\u00e9 de petits corps du syst\u00e8me solaire (ast\u00e9ro\u00efdes et com\u00e8tes).<\/p>\n<p style=\"text-align: justify\">En ce qui concerne la recherche de vie fossile, Mars est l\u2019objectif majeur de la premi\u00e8re moiti\u00e9 du XXI<sup>e<\/sup> si\u00e8cle. La plan\u00e8te rouge a jadis eu de l&#8217;eau en abondance, il y a 3,5 milliards d&#8217;ann\u00e9es, comme en t\u00e9moignent ses canyons, ses canaux et l\u2019\u00e9rosion de son relief. A la m\u00eame \u00e9poque et dans les m\u00eames conditions, la vie s\u2019est d\u00e9velopp\u00e9e sur Terre. Pourquoi pas sur Mars\u00a0? Les missions en cours et futures ont donc pour but de chercher des bact\u00e9ries martiennes fossiles. Si on en trouve sur un seul site extraterrestre, cela impliquera que la vie n\u2019est pas un \u00ab\u00a0miracle\u00a0\u00bb sp\u00e9cifique \u00e0 la Terre, mais qu\u2019elle peut se d\u00e9velopper un peu partout dans l\u2019univers d\u00e8s lors que les conditions physico-chimiques sont r\u00e9unies. Toutefois, le programme spatial martien a \u00e9t\u00e9 remani\u00e9 de fond en comble apr\u00e8s l\u2019\u00e9chec technique de plusieurs missions de la NASA. Le programme martien est devenu plus international et pr\u00e9sente une certaine flexibilit\u00e9, utilisant notamment les fameuses \u00ab\u00a0fen\u00eatres\u00a0\u00bb propices aux lancements tous les deux ans environ. Nombre de v\u00e9hicules robotis\u00e9s\u00a0 circulent d\u00e9j\u00e0 \u00e0 la surface en qu\u00eate d\u2019\u00e9ventuelles traces de vie fossile.<\/p>\n<figure id=\"attachment_3251\" aria-describedby=\"caption-attachment-3251\" style=\"width: 757px\" class=\"wp-caption aligncenter\"><a href=\"https:\/\/blogs.futura-sciences.com\/luminet\/wp-content\/uploads\/sites\/2\/2018\/06\/Robots-martiens.jpg\" rel=\"lightbox[3200]\"><img loading=\"lazy\" decoding=\"async\" class=\"wp-image-3251 size-full\" src=\"https:\/\/blogs.futura-sciences.com\/luminet\/wp-content\/uploads\/sites\/2\/2018\/06\/Robots-martiens.jpg\" alt=\"\" width=\"757\" height=\"810\" srcset=\"https:\/\/blogs.futura-sciences.com\/luminet\/wp-content\/uploads\/sites\/2\/2018\/06\/Robots-martiens.jpg 757w, https:\/\/blogs.futura-sciences.com\/luminet\/wp-content\/uploads\/sites\/2\/2018\/06\/Robots-martiens-421x450.jpg 421w\" sizes=\"auto, (max-width: 757px) 100vw, 757px\" \/><\/a><figcaption id=\"caption-attachment-3251\" class=\"wp-caption-text\">Les astromobiles martiens Spirit, Opportunity et Curiosity sillonnent\u00a0 la surface martienne depuis 2004 en qu\u00eate d&#8217;indices r\u00e9v\u00e9lateurs d&#8217;une activit\u00e9 biologique pass\u00e9e.<\/figcaption><\/figure>\n<p style=\"text-align: justify\">Mais les missions habit\u00e9es, beaucoup plus co\u00fbteuses et hasardeuses, sont absentes du planning pourtant \u00e0 long terme des diff\u00e9rentes agences spatiales. Il est donc difficile d\u2019esp\u00e9rer que l\u2019homme d\u00e9barque sur Mars avant 2050 au bas mot, malgr\u00e9 les promesses tr\u00e8s &#8220;marketing&#8221; de nouveaux acteurs priv\u00e9s r\u00e9cemment arriv\u00e9s sur le march\u00e9 spatial, comme Elon Musk. .<\/p>\n<p style=\"text-align: justify\">En d\u00e9cembre 1995, la sonde am\u00e9ricaine Galileo se pla\u00e7ait en orbite autour de Jupiter et faisait une d\u00e9couverte inattendue\u00a0: sous la surface glac\u00e9e d\u2019Europa, gros satellite de Jupiter, pourraient se trouver des oc\u00e9ans d&#8217;eau liquide. Le noyau d&#8217;Europa est chaud et on suppose qu&#8217;il y a abondance de mati\u00e8re organique apport\u00e9e par les com\u00e8tes. Voil\u00e0 donc tous les ingr\u00e9dients n\u00e9cessaires \u00e0 l&#8217;apparition d&#8217;une vie primitive\u00a0! Il en va de m\u00eame pour de nombreux satellites glac\u00e9s de Jupiter (Callisto, Ganym\u00e8de, etc.) et de Saturne (Encelade, Th\u00e9tys, etc.). L\u2019observation r\u00e9cente de geysers sur Encelade et Europa a confirm\u00e9 l\u2019existence de ces oc\u00e9ans internes. Mais le fait qu\u2019ils puissent abriter des formes de vie primitives reste une hypoth\u00e8se. Les agences spatiales esp\u00e8rent d\u00e9gager les budgets pour lancer des sondes qui tenteraient de percer l&#8217;\u00e9paisse cro\u00fbte de glace et d&#8217;\u00e9tudier sur place les possibilit\u00e9s d&#8217;une vie oc\u00e9anique. Ce serait \u00e9videmment plus spectaculaire que de recueillir des bact\u00e9ries martiennes fossilis\u00e9es depuis trois milliards d\u2019ann\u00e9es\u2026<\/p>\n<p><a href=\"https:\/\/blogs.futura-sciences.com\/luminet\/wp-content\/uploads\/sites\/2\/2018\/06\/Europa-Encelade.jpg\" rel=\"lightbox[3200]\"><img loading=\"lazy\" decoding=\"async\" class=\"aligncenter wp-image-3252 size-full\" src=\"https:\/\/blogs.futura-sciences.com\/luminet\/wp-content\/uploads\/sites\/2\/2018\/06\/Europa-Encelade.jpg\" alt=\"\" width=\"993\" height=\"806\" srcset=\"https:\/\/blogs.futura-sciences.com\/luminet\/wp-content\/uploads\/sites\/2\/2018\/06\/Europa-Encelade.jpg 993w, https:\/\/blogs.futura-sciences.com\/luminet\/wp-content\/uploads\/sites\/2\/2018\/06\/Europa-Encelade-450x365.jpg 450w, https:\/\/blogs.futura-sciences.com\/luminet\/wp-content\/uploads\/sites\/2\/2018\/06\/Europa-Encelade-768x623.jpg 768w\" sizes=\"auto, (max-width: 993px) 100vw, 993px\" \/><\/a><\/p>\n<p style=\"text-align: justify\">Les com\u00e8tes sont constitu\u00e9es de blocs de roches et de poussi\u00e8res amalgam\u00e9es par des glaces (d\u2019eau, de dioxyde de carbone, etc.). Leur noyau mesure quelques kilom\u00e8tres, mais leur chevelure, constitu\u00e9e de gaz volatiles, est longue de plusieurs millions de kilom\u00e8tres. Comme elles poss\u00e8dent de l\u2019eau en abondance, ainsi que des compos\u00e9s organiques, les com\u00e8tes ont peut-\u00eatre apport\u00e9 les \u00ab\u00a0briques de la vie\u00a0\u00bb sur Terre \u00e0 l\u2019\u00e9poque o\u00f9 elles l\u2019ont bombard\u00e9e intens\u00e9ment, voici 4 milliards d\u2019ann\u00e9es. En 2014, la <a href=\"https:\/\/rosetta.cnes.fr\/\" target=\"_blank\" rel=\"noopener\"><strong>mission Rosett<\/strong>a<\/a> a plac\u00e9 en orbite une sonde autour d\u2019un noyau com\u00e9taire dans sa phase d\u2019approche du soleil et son d\u00e9gazage progressif, permettant ainsi de d\u00e9chiffrer les \u00ab\u00a0hi\u00e9roglyphes\u00a0\u00bb chimiques du Syst\u00e8me solaire.<\/p>\n<p><a href=\"https:\/\/blogs.futura-sciences.com\/luminet\/wp-content\/uploads\/sites\/2\/2018\/06\/MissionRosetta.jpg\" rel=\"lightbox[3200]\"><img loading=\"lazy\" decoding=\"async\" class=\"aligncenter wp-image-3253 size-full\" src=\"https:\/\/blogs.futura-sciences.com\/luminet\/wp-content\/uploads\/sites\/2\/2018\/06\/MissionRosetta.jpg\" alt=\"\" width=\"1030\" height=\"770\" srcset=\"https:\/\/blogs.futura-sciences.com\/luminet\/wp-content\/uploads\/sites\/2\/2018\/06\/MissionRosetta.jpg 1030w, https:\/\/blogs.futura-sciences.com\/luminet\/wp-content\/uploads\/sites\/2\/2018\/06\/MissionRosetta-450x336.jpg 450w, https:\/\/blogs.futura-sciences.com\/luminet\/wp-content\/uploads\/sites\/2\/2018\/06\/MissionRosetta-768x574.jpg 768w, https:\/\/blogs.futura-sciences.com\/luminet\/wp-content\/uploads\/sites\/2\/2018\/06\/MissionRosetta-1024x766.jpg 1024w\" sizes=\"auto, (max-width: 1030px) 100vw, 1030px\" \/><\/a><\/p>\n<p style=\"text-align: justify\">Depuis des mill\u00e9naires, nous nous demandons si nous sommes seuls dans l&#8217;Univers sans avoir aucun moyen de r\u00e9pondre \u00e0 cette question. Mais ces derni\u00e8res d\u00e9cennies, les scientifiques ont pu enfin lever le voile sur quelques \u00e9l\u00e9ments de r\u00e9ponse (Luminet et Reeves 2016).<\/p>\n<p style=\"text-align: justify\"><a href=\"https:\/\/blogs.futura-sciences.com\/luminet\/wp-content\/uploads\/sites\/2\/2018\/06\/Dialogues.jpg\" rel=\"lightbox[3200]\"><img loading=\"lazy\" decoding=\"async\" class=\"alignleft wp-image-3254\" src=\"https:\/\/blogs.futura-sciences.com\/luminet\/wp-content\/uploads\/sites\/2\/2018\/06\/Dialogues.jpg\" alt=\"\" width=\"210\" height=\"252\" srcset=\"https:\/\/blogs.futura-sciences.com\/luminet\/wp-content\/uploads\/sites\/2\/2018\/06\/Dialogues.jpg 818w, https:\/\/blogs.futura-sciences.com\/luminet\/wp-content\/uploads\/sites\/2\/2018\/06\/Dialogues-375x450.jpg 375w, https:\/\/blogs.futura-sciences.com\/luminet\/wp-content\/uploads\/sites\/2\/2018\/06\/Dialogues-768x922.jpg 768w\" sizes=\"auto, (max-width: 210px) 100vw, 210px\" \/><\/a>Des exp\u00e9riences en laboratoire ont mis en \u00e9vidence certains m\u00e9canismes de combinaison d&#8217;\u00e9l\u00e9ments chimiques et de mol\u00e9cules \u00e0 la base du vivant. Les radiot\u00e9lescopes ont \u00e9galement r\u00e9v\u00e9l\u00e9 que les mat\u00e9riaux n\u00e9cessaires \u00e0 la vie abondent partout dans la galaxie. Ces recherches, d&#8217;ordre plus ou moins th\u00e9orique, ont permis de prendre conscience des conditions n\u00e9cessaires pour rep\u00e9rer la vie extraterrestre.<\/p>\n<p style=\"text-align: justify\">L&#8217;endroit le plus propice est sans doute la surface d&#8217;une plan\u00e8te plus ou moins semblable \u00e0 la Terre et gravitant autour d&#8217;une \u00e9toile comparable \u00e0 notre Soleil. Mais l&#8217;\u00e9clat d&#8217;une \u00e9toile est si grand qu&#8217;il masque les plan\u00e8tes environnantes. Les astronomes ont trouv\u00e9 le moyen de contourner ce probl\u00e8me en observant les minuscules effets gravitationnels qu&#8217;exerce une plan\u00e8te sur son \u00e9toile.<\/p>\n<p style=\"text-align: justify\">Les astronomes ont fini par d\u00e9couvrir des \u00ab\u00a0exoterres, c\u2019est-\u00e0-dire des petites plan\u00e8tes de type terrestre gravitant autour d&#8217;\u00e9toiles semblables \u00e0 la n\u00f4tre. Il y en a peut-\u00eatre un milliard dans notre seule Galaxie&#8230;<\/p>\n<p><a href=\"https:\/\/blogs.futura-sciences.com\/luminet\/wp-content\/uploads\/sites\/2\/2018\/06\/PHExoP.jpg\" rel=\"lightbox[3200]\"><img loading=\"lazy\" decoding=\"async\" class=\"aligncenter wp-image-3255 size-full\" src=\"https:\/\/blogs.futura-sciences.com\/luminet\/wp-content\/uploads\/sites\/2\/2018\/06\/PHExoP.jpg\" alt=\"\" width=\"1082\" height=\"627\" srcset=\"https:\/\/blogs.futura-sciences.com\/luminet\/wp-content\/uploads\/sites\/2\/2018\/06\/PHExoP.jpg 1082w, https:\/\/blogs.futura-sciences.com\/luminet\/wp-content\/uploads\/sites\/2\/2018\/06\/PHExoP-450x261.jpg 450w, https:\/\/blogs.futura-sciences.com\/luminet\/wp-content\/uploads\/sites\/2\/2018\/06\/PHExoP-768x445.jpg 768w, https:\/\/blogs.futura-sciences.com\/luminet\/wp-content\/uploads\/sites\/2\/2018\/06\/PHExoP-1024x593.jpg 1024w\" sizes=\"auto, (max-width: 1082px) 100vw, 1082px\" \/><\/a><\/p>\n<p style=\"text-align: justify\">L&#8217;\u00e9tape suivante consiste \u00e0 identifier les mondes sur lesquels la vie existe. Pour esp\u00e9rer trouver un monde habit\u00e9, il ne s&#8217;agit pas simplement de rep\u00e9rer une plan\u00e8te comparable \u00e0 la n\u00f4tre. Celle-ci doit poss\u00e9der une atmosph\u00e8re. La composition de cette atmosph\u00e8re t\u00e9moignera de la pr\u00e9sence ou non d&#8217;une vie. En effet, l&#8217;atmosph\u00e8re terrestre contient pr\u00e8s de 20 % d&#8217;oxyg\u00e8ne, un taux anormalement \u00e9lev\u00e9. Cette grande quantit\u00e9 d&#8217;oxyg\u00e8ne est due \u00e0 la pr\u00e9sence d&#8217;\u00eatres vivants, particuli\u00e8rement les plantes.<\/p>\n<p style=\"text-align: justify\">Les agences spatiales ont dans leurs cartons des projets de t\u00e9lescopes en orbite spatiale capables de d\u00e9tecter et d&#8217;analyser l&#8217;atmosph\u00e8re entourant une plan\u00e8te extrasolaire. Si on venait \u00e0 observer certains &#8220;biomarqueurs&#8221; (dioxyde de carbone, oxyg\u00e8ne, m\u00e9thane) dans l&#8217;atmosph\u00e8re d&#8217;une petite plan\u00e8te, on aurait l\u00e0 un indice important de la pr\u00e9sence de vie. Mais cette vie pourrait n&#8217;\u00eatre que v\u00e9g\u00e9tale. Par contre, la pr\u00e9sence d&#8217;autres gaz, notamment des polluants atmosph\u00e9riques, pourrait laisser supposer la pr\u00e9sence d&#8217;<em>animaux<\/em> et, qui sait, peut-\u00eatre m\u00eame d&#8217;une civilisation polluante comme la n\u00f4tre.<\/p>\n<p style=\"text-align: justify\">Je finis cet in\u00e9puisable sujet sur une note humoristique&#8230;<\/p>\n<p><a href=\"https:\/\/blogs.futura-sciences.com\/luminet\/wp-content\/uploads\/sites\/2\/2018\/06\/vie-sur-Mars.jpg\" rel=\"lightbox[3200]\"><img loading=\"lazy\" decoding=\"async\" class=\"aligncenter wp-image-3257 size-full\" src=\"https:\/\/blogs.futura-sciences.com\/luminet\/wp-content\/uploads\/sites\/2\/2018\/06\/vie-sur-Mars.jpg\" alt=\"\" width=\"559\" height=\"621\" srcset=\"https:\/\/blogs.futura-sciences.com\/luminet\/wp-content\/uploads\/sites\/2\/2018\/06\/vie-sur-Mars.jpg 559w, https:\/\/blogs.futura-sciences.com\/luminet\/wp-content\/uploads\/sites\/2\/2018\/06\/vie-sur-Mars-405x450.jpg 405w\" sizes=\"auto, (max-width: 559px) 100vw, 559px\" \/><\/a><\/p>\n<!-- AddThis Advanced Settings generic via filter on the_content --><!-- AddThis Share Buttons generic via filter on the_content -->","protected":false},"excerpt":{"rendered":"<p>Suite du billet &#8220;Le Voyage Cosmique dans la Litt\u00e9rature et la Po\u00e9sie (1\/2)&#8221; De l\u2019a\u00e9ronautique \u00e0 la science-fiction La Terre est le berceau de l\u2019humanit\u00e9, mais nul ne reste \u00e9ternellement dans son berceau. Konstantin Tsiolkovski (1920) A la fin du XIXe si\u00e8cle, \u2014 p\u00e9riode de confiance ing\u00e9nue en la Science, \u2014 le voyage cosmique est &hellip; <a href=\"https:\/\/blogs.futura-sciences.com\/luminet\/2018\/06\/06\/voyage-cosmique-litterature-poesie-2-2\/\" class=\"more-link\">Continuer la lecture de <span class=\"screen-reader-text\">Le Voyage Cosmique dans la Litt\u00e9rature et la Po\u00e9sie (2\/2)<\/span>  <span class=\"meta-nav\">&rarr;<\/span><\/a><!-- AddThis Advanced Settings generic via filter on get_the_excerpt --><!-- AddThis Share Buttons generic via filter on get_the_excerpt --><\/p>\n","protected":false},"author":2,"featured_media":3225,"comment_status":"open","ping_status":"open","sticky":false,"template":"","format":"standard","meta":{"footnotes":"","_links_to":"","_links_to_target":""},"categories":[58,5,46],"tags":[415,413,87,414,118,416,412,43],"class_list":["post-3200","post","type-post","status-publish","format-standard","has-post-thumbnail","hentry","category-astronomie","category-litterature","category-poesie","tag-boiste","tag-cendrars","tag-dobzynski","tag-michaux","tag-science-fiction","tag-sully-prudhomme","tag-tsiolkovsky","tag-vie-extraterrestre"],"yoast_head":"<!-- This site is optimized with the Yoast SEO plugin v24.1 - https:\/\/yoast.com\/wordpress\/plugins\/seo\/ -->\n<title>Le Voyage Cosmique dans la Litt\u00e9rature et la Po\u00e9sie (2\/2), par Jean-Pierre Luminet<\/title>\n<meta name=\"robots\" content=\"index, follow, max-snippet:-1, max-image-preview:large, max-video-preview:-1\" \/>\n<link rel=\"canonical\" href=\"https:\/\/blogs.futura-sciences.com\/luminet\/2018\/06\/06\/voyage-cosmique-litterature-poesie-2-2\/\" \/>\n<meta property=\"og:locale\" content=\"fr_FR\" \/>\n<meta property=\"og:type\" content=\"article\" \/>\n<meta property=\"og:title\" content=\"Le Voyage Cosmique dans la Litt\u00e9rature et la Po\u00e9sie (2\/2), par Jean-Pierre Luminet\" \/>\n<meta property=\"og:description\" content=\"Suite du billet &#8220;Le Voyage Cosmique dans la Litt\u00e9rature et la Po\u00e9sie (1\/2)&#8221; De l\u2019a\u00e9ronautique \u00e0 la science-fiction La Terre est le berceau de l\u2019humanit\u00e9, mais nul ne reste \u00e9ternellement dans son berceau. Konstantin Tsiolkovski (1920) A la fin du XIXe si\u00e8cle, \u2014 p\u00e9riode de confiance ing\u00e9nue en la Science, \u2014 le voyage cosmique est &hellip; Continuer la lecture de Le Voyage Cosmique dans la Litt\u00e9rature et la Po\u00e9sie (2\/2) &rarr;\" \/>\n<meta property=\"og:url\" content=\"https:\/\/blogs.futura-sciences.com\/luminet\/2018\/06\/06\/voyage-cosmique-litterature-poesie-2-2\/\" \/>\n<meta property=\"og:site_name\" content=\"LUMINESCIENCES : le blog de Jean-Pierre LUMINET, astrophysicien\" \/>\n<meta property=\"article:published_time\" content=\"2018-06-06T20:26:47+00:00\" \/>\n<meta property=\"article:modified_time\" content=\"2019-01-04T10:12:39+00:00\" \/>\n<meta property=\"og:image\" content=\"https:\/\/blogs.futura-sciences.com\/luminet\/wp-content\/uploads\/sites\/2\/2018\/05\/voyagecosmique_14.jpg\" \/>\n\t<meta property=\"og:image:width\" content=\"720\" \/>\n\t<meta property=\"og:image:height\" content=\"480\" \/>\n\t<meta property=\"og:image:type\" content=\"image\/jpeg\" \/>\n<meta name=\"author\" content=\"Jean-Pierre LUMINET\" \/>\n<meta name=\"twitter:card\" content=\"summary_large_image\" \/>\n<meta name=\"twitter:label1\" content=\"\u00c9crit par\" \/>\n\t<meta name=\"twitter:data1\" content=\"Jean-Pierre LUMINET\" \/>\n\t<meta name=\"twitter:label2\" content=\"Dur\u00e9e de lecture estim\u00e9e\" \/>\n\t<meta name=\"twitter:data2\" content=\"16 minutes\" \/>\n<script type=\"application\/ld+json\" class=\"yoast-schema-graph\">{\"@context\":\"https:\/\/schema.org\",\"@graph\":[{\"@type\":\"WebPage\",\"@id\":\"https:\/\/blogs.futura-sciences.com\/luminet\/2018\/06\/06\/voyage-cosmique-litterature-poesie-2-2\/\",\"url\":\"https:\/\/blogs.futura-sciences.com\/luminet\/2018\/06\/06\/voyage-cosmique-litterature-poesie-2-2\/\",\"name\":\"Le Voyage Cosmique dans la Litt\u00e9rature et la Po\u00e9sie (2\/2), par Jean-Pierre Luminet\",\"isPartOf\":{\"@id\":\"https:\/\/blogs.futura-sciences.com\/luminet\/#website\"},\"primaryImageOfPage\":{\"@id\":\"https:\/\/blogs.futura-sciences.com\/luminet\/2018\/06\/06\/voyage-cosmique-litterature-poesie-2-2\/#primaryimage\"},\"image\":{\"@id\":\"https:\/\/blogs.futura-sciences.com\/luminet\/2018\/06\/06\/voyage-cosmique-litterature-poesie-2-2\/#primaryimage\"},\"thumbnailUrl\":\"https:\/\/blogs.futura-sciences.com\/luminet\/wp-content\/uploads\/sites\/2\/2018\/05\/voyagecosmique_14.jpg\",\"datePublished\":\"2018-06-06T20:26:47+00:00\",\"dateModified\":\"2019-01-04T10:12:39+00:00\",\"author\":{\"@id\":\"https:\/\/blogs.futura-sciences.com\/luminet\/#\/schema\/person\/d61f577b54398f0ecee81e140e7643cb\"},\"inLanguage\":\"fr-FR\",\"potentialAction\":[{\"@type\":\"ReadAction\",\"target\":[\"https:\/\/blogs.futura-sciences.com\/luminet\/2018\/06\/06\/voyage-cosmique-litterature-poesie-2-2\/\"]}]},{\"@type\":\"ImageObject\",\"inLanguage\":\"fr-FR\",\"@id\":\"https:\/\/blogs.futura-sciences.com\/luminet\/2018\/06\/06\/voyage-cosmique-litterature-poesie-2-2\/#primaryimage\",\"url\":\"https:\/\/blogs.futura-sciences.com\/luminet\/wp-content\/uploads\/sites\/2\/2018\/05\/voyagecosmique_14.jpg\",\"contentUrl\":\"https:\/\/blogs.futura-sciences.com\/luminet\/wp-content\/uploads\/sites\/2\/2018\/05\/voyagecosmique_14.jpg\",\"width\":720,\"height\":480},{\"@type\":\"WebSite\",\"@id\":\"https:\/\/blogs.futura-sciences.com\/luminet\/#website\",\"url\":\"https:\/\/blogs.futura-sciences.com\/luminet\/\",\"name\":\"LUMINESCIENCES : le blog de Jean-Pierre LUMINET, astrophysicien\",\"description\":\"J\u2019eus le vertige et je pleurai car mes yeux avaient vu cet objet secret et conjectural dont les hommes usurpent le nom, mais qu\u2019aucun homme n\u2019a regard\u00e9 : l\u2019inconcevable univers.  Jorge Luis Borges, L\u2019Aleph (1949)\",\"potentialAction\":[{\"@type\":\"SearchAction\",\"target\":{\"@type\":\"EntryPoint\",\"urlTemplate\":\"https:\/\/blogs.futura-sciences.com\/luminet\/?s={search_term_string}\"},\"query-input\":{\"@type\":\"PropertyValueSpecification\",\"valueRequired\":true,\"valueName\":\"search_term_string\"}}],\"inLanguage\":\"fr-FR\"},{\"@type\":\"Person\",\"@id\":\"https:\/\/blogs.futura-sciences.com\/luminet\/#\/schema\/person\/d61f577b54398f0ecee81e140e7643cb\",\"name\":\"Jean-Pierre LUMINET\",\"image\":{\"@type\":\"ImageObject\",\"inLanguage\":\"fr-FR\",\"@id\":\"https:\/\/blogs.futura-sciences.com\/luminet\/#\/schema\/person\/image\/\",\"url\":\"https:\/\/secure.gravatar.com\/avatar\/a6d27645b8081b2f766677414e6a83e1?s=96&d=mm&r=g\",\"contentUrl\":\"https:\/\/secure.gravatar.com\/avatar\/a6d27645b8081b2f766677414e6a83e1?s=96&d=mm&r=g\",\"caption\":\"Jean-Pierre LUMINET\"},\"url\":\"https:\/\/blogs.futura-sciences.com\/luminet\/author\/jpluminet\/\"}]}<\/script>\n<!-- \/ Yoast SEO plugin. -->","yoast_head_json":{"title":"Le Voyage Cosmique dans la Litt\u00e9rature et la Po\u00e9sie (2\/2), par Jean-Pierre Luminet","robots":{"index":"index","follow":"follow","max-snippet":"max-snippet:-1","max-image-preview":"max-image-preview:large","max-video-preview":"max-video-preview:-1"},"canonical":"https:\/\/blogs.futura-sciences.com\/luminet\/2018\/06\/06\/voyage-cosmique-litterature-poesie-2-2\/","og_locale":"fr_FR","og_type":"article","og_title":"Le Voyage Cosmique dans la Litt\u00e9rature et la Po\u00e9sie (2\/2), par Jean-Pierre Luminet","og_description":"Suite du billet &#8220;Le Voyage Cosmique dans la Litt\u00e9rature et la Po\u00e9sie (1\/2)&#8221; De l\u2019a\u00e9ronautique \u00e0 la science-fiction La Terre est le berceau de l\u2019humanit\u00e9, mais nul ne reste \u00e9ternellement dans son berceau. Konstantin Tsiolkovski (1920) A la fin du XIXe si\u00e8cle, \u2014 p\u00e9riode de confiance ing\u00e9nue en la Science, \u2014 le voyage cosmique est &hellip; Continuer la lecture de Le Voyage Cosmique dans la Litt\u00e9rature et la Po\u00e9sie (2\/2) &rarr;","og_url":"https:\/\/blogs.futura-sciences.com\/luminet\/2018\/06\/06\/voyage-cosmique-litterature-poesie-2-2\/","og_site_name":"LUMINESCIENCES : le blog de Jean-Pierre LUMINET, astrophysicien","article_published_time":"2018-06-06T20:26:47+00:00","article_modified_time":"2019-01-04T10:12:39+00:00","og_image":[{"width":720,"height":480,"url":"https:\/\/blogs.futura-sciences.com\/luminet\/wp-content\/uploads\/sites\/2\/2018\/05\/voyagecosmique_14.jpg","type":"image\/jpeg"}],"author":"Jean-Pierre LUMINET","twitter_card":"summary_large_image","twitter_misc":{"\u00c9crit par":"Jean-Pierre LUMINET","Dur\u00e9e de lecture estim\u00e9e":"16 minutes"},"schema":{"@context":"https:\/\/schema.org","@graph":[{"@type":"WebPage","@id":"https:\/\/blogs.futura-sciences.com\/luminet\/2018\/06\/06\/voyage-cosmique-litterature-poesie-2-2\/","url":"https:\/\/blogs.futura-sciences.com\/luminet\/2018\/06\/06\/voyage-cosmique-litterature-poesie-2-2\/","name":"Le Voyage Cosmique dans la Litt\u00e9rature et la Po\u00e9sie (2\/2), par Jean-Pierre Luminet","isPartOf":{"@id":"https:\/\/blogs.futura-sciences.com\/luminet\/#website"},"primaryImageOfPage":{"@id":"https:\/\/blogs.futura-sciences.com\/luminet\/2018\/06\/06\/voyage-cosmique-litterature-poesie-2-2\/#primaryimage"},"image":{"@id":"https:\/\/blogs.futura-sciences.com\/luminet\/2018\/06\/06\/voyage-cosmique-litterature-poesie-2-2\/#primaryimage"},"thumbnailUrl":"https:\/\/blogs.futura-sciences.com\/luminet\/wp-content\/uploads\/sites\/2\/2018\/05\/voyagecosmique_14.jpg","datePublished":"2018-06-06T20:26:47+00:00","dateModified":"2019-01-04T10:12:39+00:00","author":{"@id":"https:\/\/blogs.futura-sciences.com\/luminet\/#\/schema\/person\/d61f577b54398f0ecee81e140e7643cb"},"inLanguage":"fr-FR","potentialAction":[{"@type":"ReadAction","target":["https:\/\/blogs.futura-sciences.com\/luminet\/2018\/06\/06\/voyage-cosmique-litterature-poesie-2-2\/"]}]},{"@type":"ImageObject","inLanguage":"fr-FR","@id":"https:\/\/blogs.futura-sciences.com\/luminet\/2018\/06\/06\/voyage-cosmique-litterature-poesie-2-2\/#primaryimage","url":"https:\/\/blogs.futura-sciences.com\/luminet\/wp-content\/uploads\/sites\/2\/2018\/05\/voyagecosmique_14.jpg","contentUrl":"https:\/\/blogs.futura-sciences.com\/luminet\/wp-content\/uploads\/sites\/2\/2018\/05\/voyagecosmique_14.jpg","width":720,"height":480},{"@type":"WebSite","@id":"https:\/\/blogs.futura-sciences.com\/luminet\/#website","url":"https:\/\/blogs.futura-sciences.com\/luminet\/","name":"LUMINESCIENCES : le blog de Jean-Pierre LUMINET, astrophysicien","description":"J\u2019eus le vertige et je pleurai car mes yeux avaient vu cet objet secret et conjectural dont les hommes usurpent le nom, mais qu\u2019aucun homme n\u2019a regard\u00e9 : l\u2019inconcevable univers.  Jorge Luis Borges, L\u2019Aleph (1949)","potentialAction":[{"@type":"SearchAction","target":{"@type":"EntryPoint","urlTemplate":"https:\/\/blogs.futura-sciences.com\/luminet\/?s={search_term_string}"},"query-input":{"@type":"PropertyValueSpecification","valueRequired":true,"valueName":"search_term_string"}}],"inLanguage":"fr-FR"},{"@type":"Person","@id":"https:\/\/blogs.futura-sciences.com\/luminet\/#\/schema\/person\/d61f577b54398f0ecee81e140e7643cb","name":"Jean-Pierre LUMINET","image":{"@type":"ImageObject","inLanguage":"fr-FR","@id":"https:\/\/blogs.futura-sciences.com\/luminet\/#\/schema\/person\/image\/","url":"https:\/\/secure.gravatar.com\/avatar\/a6d27645b8081b2f766677414e6a83e1?s=96&d=mm&r=g","contentUrl":"https:\/\/secure.gravatar.com\/avatar\/a6d27645b8081b2f766677414e6a83e1?s=96&d=mm&r=g","caption":"Jean-Pierre LUMINET"},"url":"https:\/\/blogs.futura-sciences.com\/luminet\/author\/jpluminet\/"}]}},"_links":{"self":[{"href":"https:\/\/blogs.futura-sciences.com\/luminet\/wp-json\/wp\/v2\/posts\/3200","targetHints":{"allow":["GET"]}}],"collection":[{"href":"https:\/\/blogs.futura-sciences.com\/luminet\/wp-json\/wp\/v2\/posts"}],"about":[{"href":"https:\/\/blogs.futura-sciences.com\/luminet\/wp-json\/wp\/v2\/types\/post"}],"author":[{"embeddable":true,"href":"https:\/\/blogs.futura-sciences.com\/luminet\/wp-json\/wp\/v2\/users\/2"}],"replies":[{"embeddable":true,"href":"https:\/\/blogs.futura-sciences.com\/luminet\/wp-json\/wp\/v2\/comments?post=3200"}],"version-history":[{"count":18,"href":"https:\/\/blogs.futura-sciences.com\/luminet\/wp-json\/wp\/v2\/posts\/3200\/revisions"}],"predecessor-version":[{"id":3467,"href":"https:\/\/blogs.futura-sciences.com\/luminet\/wp-json\/wp\/v2\/posts\/3200\/revisions\/3467"}],"wp:featuredmedia":[{"embeddable":true,"href":"https:\/\/blogs.futura-sciences.com\/luminet\/wp-json\/wp\/v2\/media\/3225"}],"wp:attachment":[{"href":"https:\/\/blogs.futura-sciences.com\/luminet\/wp-json\/wp\/v2\/media?parent=3200"}],"wp:term":[{"taxonomy":"category","embeddable":true,"href":"https:\/\/blogs.futura-sciences.com\/luminet\/wp-json\/wp\/v2\/categories?post=3200"},{"taxonomy":"post_tag","embeddable":true,"href":"https:\/\/blogs.futura-sciences.com\/luminet\/wp-json\/wp\/v2\/tags?post=3200"}],"curies":[{"name":"wp","href":"https:\/\/api.w.org\/{rel}","templated":true}]}}