{"id":2912,"date":"2017-10-27T18:06:00","date_gmt":"2017-10-27T18:06:00","guid":{"rendered":"https:\/\/blogs.futura-sciences.com\/luminet\/?p=2912"},"modified":"2019-01-04T10:26:36","modified_gmt":"2019-01-04T10:26:36","slug":"la-revolution-copernicienne-chez-les-humanistes-provencaux-5-cassini","status":"publish","type":"post","link":"https:\/\/blogs.futura-sciences.com\/luminet\/2017\/10\/27\/la-revolution-copernicienne-chez-les-humanistes-provencaux-5-cassini\/","title":{"rendered":"La r\u00e9volution copernicienne chez les humanistes proven\u00e7aux (5) : Cassini"},"content":{"rendered":"<p><strong>Suite du billet pr\u00e9c\u00e9dent <a href=\"https:\/\/blogs.futura-sciences.com\/luminet\/2017\/09\/13\/revolution-copernicienne-chez-humanistes-provencaux-4-gassendi\/\" target=\"_blank\" rel=\"noopener\">La r\u00e9volution copernicienne chez les humanistes proven\u00e7aux (4) : Gassendi <\/a>et fin<\/strong><\/p>\n<h4 style=\"text-align: justify\">De la Provence \u00e0 Paris\u00a0: Cassini I<sup>er<\/sup><\/h4>\n<p style=\"text-align: justify\">Concluons ce r\u00e9cit en \u00e9voquant plus bri\u00e8vement la vie et l\u2019\u0153uvre de Gian-Domenico Cassini\u00a0(1625-1712), astronome d\u2019origine \u00e9galement proven\u00e7ale. N\u00e9 \u00e0 Perinaldo, alors dans le comt\u00e9 de Nice appartenant au Duch\u00e9 de Savoie, il est \u00e9duqu\u00e9 au coll\u00e8ge j\u00e9suite de G\u00eanes. Ses brillantes aptitudes le font remarquer d\u2019un riche amateur de Bologne, le marquis\u00a0Cornelio\u00a0Malvasia. En 1644, ce dernier l\u2019engage pour travailler \u00e0 l\u2019Observatoire de Panzano encore en construction. De nombreux instruments sont mis \u00e0 sa disposition et il c\u00f4toie les p\u00e8res j\u00e9suites Giovanni Riccioli et Francesco Grimaldi, deux astronomes de grande notori\u00e9t\u00e9 qui compl\u00e8teront son \u00e9ducation.<\/p>\n<p style=\"text-align: justify\">La qualit\u00e9 de ses observations et ses publications astronomiques de valeur lui valent d&#8217;\u00eatre nomm\u00e9 professeur d&#8217;astronomie et de math\u00e9matiques \u00e0 l&#8217;Universit\u00e9 de Bologne, en 1650. Il a alors vingt-cinq ans.<\/p>\n<figure id=\"attachment_3015\" aria-describedby=\"caption-attachment-3015\" style=\"width: 1280px\" class=\"wp-caption aligncenter\"><a href=\"https:\/\/blogs.futura-sciences.com\/luminet\/wp-content\/uploads\/sites\/2\/2017\/10\/Cassini_Ptolemee-apparent.jpg\" rel=\"lightbox[2912]\"><img loading=\"lazy\" decoding=\"async\" class=\"wp-image-3015 size-full\" src=\"https:\/\/blogs.futura-sciences.com\/luminet\/wp-content\/uploads\/sites\/2\/2017\/10\/Cassini_Ptolemee-apparent.jpg\" alt=\"\" width=\"1280\" height=\"1259\" srcset=\"https:\/\/blogs.futura-sciences.com\/luminet\/wp-content\/uploads\/sites\/2\/2017\/10\/Cassini_Ptolemee-apparent.jpg 1280w, https:\/\/blogs.futura-sciences.com\/luminet\/wp-content\/uploads\/sites\/2\/2017\/10\/Cassini_Ptolemee-apparent-450x443.jpg 450w, https:\/\/blogs.futura-sciences.com\/luminet\/wp-content\/uploads\/sites\/2\/2017\/10\/Cassini_Ptolemee-apparent-768x755.jpg 768w, https:\/\/blogs.futura-sciences.com\/luminet\/wp-content\/uploads\/sites\/2\/2017\/10\/Cassini_Ptolemee-apparent-1024x1007.jpg 1024w\" sizes=\"auto, (max-width: 1280px) 100vw, 1280px\" \/><\/a><figcaption id=\"caption-attachment-3015\" class=\"wp-caption-text\">Explication des mouvements plan\u00e9taires selon Ptol\u00e9m\u00e9e dans un ouvrage de Cassini<\/figcaption><\/figure>\n<p style=\"text-align: justify\">Dans les \u00e9tats sous juridiction de l\u2019\u00e9glise catholique romaine, il est oblig\u00e9 d\u2019enseigner l\u2019astronomie de Ptol\u00e9m\u00e9e. Cependant, apr\u00e8s l\u2019observation suivie de la com\u00e8te de 1652-53, il est conduit \u00e0 adopter le syst\u00e8me g\u00e9o-h\u00e9liocentrique de Tycho Brahe, d\u00e9j\u00e0 favori des j\u00e9suites (il n\u2019adh\u00e8rera au mod\u00e8le copernicien que sur le tard).<\/p>\n<p style=\"text-align: justify\">Expert \u00e9galement en hydraulique et en ing\u00e9nierie, Cassini acquiert une telle r\u00e9putation que le s\u00e9nat de Bologne et le pape le chargent de plusieurs missions scientifiques et politiques. Mais c\u2019est l\u2019astronomie qui l\u2019occupe principalement. Il d\u00e9couvre la grande tache rouge de Jupiter en 1665, et d\u00e9termine la m\u00eame ann\u00e9e la vitesse de rotation de Jupiter, Mars et V\u00e9nus.<\/p>\n<figure id=\"attachment_3017\" aria-describedby=\"caption-attachment-3017\" style=\"width: 361px\" class=\"wp-caption aligncenter\"><a href=\"https:\/\/blogs.futura-sciences.com\/luminet\/wp-content\/uploads\/sites\/2\/2017\/10\/la-planete-jupiter-dessinee-par-giovanni-cassini-au-xviie-siecle.jpg\" rel=\"lightbox[2912]\"><img loading=\"lazy\" decoding=\"async\" class=\"wp-image-3017 size-full\" src=\"https:\/\/blogs.futura-sciences.com\/luminet\/wp-content\/uploads\/sites\/2\/2017\/10\/la-planete-jupiter-dessinee-par-giovanni-cassini-au-xviie-siecle.jpg\" alt=\"\" width=\"361\" height=\"336\" \/><\/a><figcaption id=\"caption-attachment-3017\" class=\"wp-caption-text\">La plan\u00e8te Jupiter et sa tache dessin\u00e9e en Italie par Giovanni Cassini en 1666<\/figcaption><\/figure>\n<p style=\"text-align: justify\">Sa notori\u00e9t\u00e9 franchit les fronti\u00e8res et, en 1668, Colbert, qui recherche des savants \u00e9trangers pour la toute nouvelle Acad\u00e9mie des Sciences parisienne, lui offre d&#8217;en devenir membre correspondant. Cassini accepte. Colbert l&#8217;invite alors \u00e0 venir en France pour un s\u00e9jour de dur\u00e9e limit\u00e9e, afin de l&#8217;aider dans la construction du nouvel observatoire.<!--more--><\/p>\n<figure id=\"attachment_3018\" aria-describedby=\"caption-attachment-3018\" style=\"width: 648px\" class=\"wp-caption aligncenter\"><a href=\"https:\/\/blogs.futura-sciences.com\/luminet\/wp-content\/uploads\/sites\/2\/2017\/10\/colbert_presenting_the_members_of_the_royal_academy_of_sciences_to_louis_xiv_in_1667-p.jpg\" rel=\"lightbox[2912]\"><img loading=\"lazy\" decoding=\"async\" class=\"wp-image-3018 size-full\" src=\"https:\/\/blogs.futura-sciences.com\/luminet\/wp-content\/uploads\/sites\/2\/2017\/10\/colbert_presenting_the_members_of_the_royal_academy_of_sciences_to_louis_xiv_in_1667-p.jpg\" alt=\"\" width=\"648\" height=\"372\" srcset=\"https:\/\/blogs.futura-sciences.com\/luminet\/wp-content\/uploads\/sites\/2\/2017\/10\/colbert_presenting_the_members_of_the_royal_academy_of_sciences_to_louis_xiv_in_1667-p.jpg 648w, https:\/\/blogs.futura-sciences.com\/luminet\/wp-content\/uploads\/sites\/2\/2017\/10\/colbert_presenting_the_members_of_the_royal_academy_of_sciences_to_louis_xiv_in_1667-p-450x258.jpg 450w\" sizes=\"auto, (max-width: 648px) 100vw, 648px\" \/><\/a><figcaption id=\"caption-attachment-3018\" class=\"wp-caption-text\">Colbert pr\u00e9sentant les membre de l&#8217;Acad\u00e9mie royale des Sciences \u00e0 Louis XIV en 1667<\/figcaption><\/figure>\n<p style=\"text-align: justify\">Cassini arrive \u00e0 Paris en ao\u00fbt\u00a01669 et collabore aussit\u00f4t aux travaux de l&#8217;Acad\u00e9mie, modifiant les plans de l&#8217;architecte Perrault pour adapter le b\u00e2timent aux observations astronomiques. Consid\u00e9r\u00e9 comme le meilleur astronome de son temps, il est nomm\u00e9 directeur de l&#8217;Observatoire de Paris \u00e0 la demande de Louis XIV, charg\u00e9 d\u2019en faire le plus important centre astronomique et scientifique de son temps \u2013 but auquel il parviendra. Avant m\u00eame que l&#8217;Observatoire ne soit achev\u00e9, Cassini commence d\u2019ailleurs ses travaux d&#8217;observation et de recherche, d\u00e9couvrant notamment deux satellites de Saturne (Japet en 1671, Rh\u00e9a en 1672).<\/p>\n<figure id=\"attachment_3016\" aria-describedby=\"caption-attachment-3016\" style=\"width: 423px\" class=\"wp-caption aligncenter\"><a href=\"https:\/\/blogs.futura-sciences.com\/luminet\/wp-content\/uploads\/sites\/2\/2017\/10\/Cassini-giovanni.jpg\" rel=\"lightbox[2912]\"><img loading=\"lazy\" decoding=\"async\" class=\"wp-image-3016 size-full\" src=\"https:\/\/blogs.futura-sciences.com\/luminet\/wp-content\/uploads\/sites\/2\/2017\/10\/Cassini-giovanni.jpg\" alt=\"\" width=\"423\" height=\"588\" srcset=\"https:\/\/blogs.futura-sciences.com\/luminet\/wp-content\/uploads\/sites\/2\/2017\/10\/Cassini-giovanni.jpg 423w, https:\/\/blogs.futura-sciences.com\/luminet\/wp-content\/uploads\/sites\/2\/2017\/10\/Cassini-giovanni-324x450.jpg 324w\" sizes=\"auto, (max-width: 423px) 100vw, 423px\" \/><\/a><figcaption id=\"caption-attachment-3016\" class=\"wp-caption-text\">Portrait de Giovanni Cassini devant le nouveau b\u00e2timent de l&#8217;Observatoire de Paris construit par Perrault.<\/figcaption><\/figure>\n<p style=\"text-align: justify\">Malgr\u00e9 les rappels du pape, il manifeste le d\u00e9sir de rester en France et sollicite une naturalisation, qu&#8217;il obtient en\u00a01673. Il francise d\u00e8s lors son pr\u00e9nom en Jean-Dominique. La m\u00eame ann\u00e9e il effectue la premi\u00e8re mesure pr\u00e9cise de la distance de la Terre au Soleil gr\u00e2ce \u00e0 la mesure de la parallaxe de Mars d\u00e9duite des observations de Jean Richer \u00e0 Cayenne. Deux ans plus tard il d\u00e9couvre la division des anneaux de Saturne, dite de Cassini, et en 1684 deux nouveaux satellites de Saturne, T\u00e9thys et Dion\u00e9.<\/p>\n<figure id=\"attachment_3019\" aria-describedby=\"caption-attachment-3019\" style=\"width: 1020px\" class=\"wp-caption aligncenter\"><a href=\"https:\/\/blogs.futura-sciences.com\/luminet\/wp-content\/uploads\/sites\/2\/2017\/10\/Division-de-Cassini.jpg\" rel=\"lightbox[2912]\"><img loading=\"lazy\" decoding=\"async\" class=\"wp-image-3019 size-full\" src=\"https:\/\/blogs.futura-sciences.com\/luminet\/wp-content\/uploads\/sites\/2\/2017\/10\/Division-de-Cassini.jpg\" alt=\"\" width=\"1020\" height=\"1020\" srcset=\"https:\/\/blogs.futura-sciences.com\/luminet\/wp-content\/uploads\/sites\/2\/2017\/10\/Division-de-Cassini.jpg 1020w, https:\/\/blogs.futura-sciences.com\/luminet\/wp-content\/uploads\/sites\/2\/2017\/10\/Division-de-Cassini-150x150.jpg 150w, https:\/\/blogs.futura-sciences.com\/luminet\/wp-content\/uploads\/sites\/2\/2017\/10\/Division-de-Cassini-450x450.jpg 450w, https:\/\/blogs.futura-sciences.com\/luminet\/wp-content\/uploads\/sites\/2\/2017\/10\/Division-de-Cassini-768x768.jpg 768w\" sizes=\"auto, (max-width: 1020px) 100vw, 1020px\" \/><\/a><figcaption id=\"caption-attachment-3019\" class=\"wp-caption-text\">La division de Cassini dans les anneaux de Saturne, photographi\u00e9e par la sonde spatiale justement nomm\u00e9e Cassini&#8230;<\/figcaption><\/figure>\n<p style=\"text-align: justify\">En 1679, il pr\u00e9sente \u00e0 l\u2019Acad\u00e9mie des sciences une cartographie de la Lune qui surpasse les cartes de Mellan et ne sera \u00e9gal\u00e9e en pr\u00e9cision qu\u2019\u00e0 partir de l\u2019invention de la photographie.<\/p>\n<figure id=\"attachment_3020\" aria-describedby=\"caption-attachment-3020\" style=\"width: 614px\" class=\"wp-caption aligncenter\"><a href=\"https:\/\/blogs.futura-sciences.com\/luminet\/wp-content\/uploads\/sites\/2\/2017\/10\/Cassinis-Map-of-the-Moon-1679-.jpg\" rel=\"lightbox[2912]\"><img loading=\"lazy\" decoding=\"async\" class=\"wp-image-3020 size-full\" src=\"https:\/\/blogs.futura-sciences.com\/luminet\/wp-content\/uploads\/sites\/2\/2017\/10\/Cassinis-Map-of-the-Moon-1679-.jpg\" alt=\"\" width=\"614\" height=\"628\" srcset=\"https:\/\/blogs.futura-sciences.com\/luminet\/wp-content\/uploads\/sites\/2\/2017\/10\/Cassinis-Map-of-the-Moon-1679-.jpg 614w, https:\/\/blogs.futura-sciences.com\/luminet\/wp-content\/uploads\/sites\/2\/2017\/10\/Cassinis-Map-of-the-Moon-1679--440x450.jpg 440w\" sizes=\"auto, (max-width: 614px) 100vw, 614px\" \/><\/a><figcaption id=\"caption-attachment-3020\" class=\"wp-caption-text\">Carte de la Lune par Cassini. On notera, dessin\u00e9 dans une mer lunaire \u00e0 gauche, un dessin en forme de c\u0153ur &#8211; hommage rendu \u00e0 son \u00e9pouse Genevi\u00e8ve de Laistre&#8230;<\/figcaption><\/figure>\n<figure id=\"attachment_3021\" aria-describedby=\"caption-attachment-3021\" style=\"width: 361px\" class=\"wp-caption aligncenter\"><a href=\"https:\/\/blogs.futura-sciences.com\/luminet\/wp-content\/uploads\/sites\/2\/2017\/10\/De\u0301tail-carte-lune-visage-de-femme.jpg\" rel=\"lightbox[2912]\"><img loading=\"lazy\" decoding=\"async\" class=\"wp-image-3021 size-full\" src=\"https:\/\/blogs.futura-sciences.com\/luminet\/wp-content\/uploads\/sites\/2\/2017\/10\/De\u0301tail-carte-lune-visage-de-femme.jpg\" alt=\"\" width=\"361\" height=\"286\" \/><\/a><figcaption id=\"caption-attachment-3021\" class=\"wp-caption-text\">Autre d\u00e9tail de la carte de Cassini, dans lequel un promontoire lunaire est dessin\u00e9 en forme de visage de femme &#8211; celui de son \u00e9pouse!<\/figcaption><\/figure>\n<p style=\"text-align: justify\">Entre 1668 et 1693 il publie un grand nombre de m\u00e9moires, dont des <em>Eph\u00e9m\u00e9rides des satellites de Jupiter<\/em> sur la base desquelles Olaus R\u00f6mer, toujours \u00e0 l\u2019Observatoire de Paris, d\u00e9montre pour la premi\u00e8re fois, en 1676, que la vitesse de la lumi\u00e8re n\u2019est pas infinie et en calcule la valeur (assez \u00e9trangement, Cassini refuse de l\u2019accepter).<\/p>\n<p style=\"text-align: justify\">Vers 1590 il observe l\u2019atmosph\u00e8re de Jupiter et met en \u00e9vidence sa rotation diff\u00e9rentielle. Devenu aveugle en 1710, il meurt deux ans plus tard \u00e0 Paris \u00e0 l\u2019\u00e2ge de 87 ans.<\/p>\n<p style=\"text-align: justify\">Son fils, Jacques Cassini, lui succ\u00e8de, et trois g\u00e9n\u00e9rations de Cassini r\u00e9gneront \u00e0 la t\u00eate de l\u2019Observatoire de Paris durant une p\u00e9riode de 122 ans. L\u2019anc\u00eatre, Jean-Dominique Cassini, sera d\u00e9sormais d\u00e9sign\u00e9 sous le nom royal de Cassini I<sup>er<\/sup>\u2026<\/p>\n<figure id=\"attachment_3023\" aria-describedby=\"caption-attachment-3023\" style=\"width: 250px\" class=\"wp-caption aligncenter\"><a href=\"https:\/\/blogs.futura-sciences.com\/luminet\/wp-content\/uploads\/sites\/2\/2017\/10\/Cassini_Cesar-Francois_02_mini.jpg\" rel=\"lightbox[2912]\"><img loading=\"lazy\" decoding=\"async\" class=\"wp-image-3023 size-full\" src=\"https:\/\/blogs.futura-sciences.com\/luminet\/wp-content\/uploads\/sites\/2\/2017\/10\/Cassini_Cesar-Francois_02_mini.jpg\" alt=\"\" width=\"250\" height=\"333\" \/><\/a><figcaption id=\"caption-attachment-3023\" class=\"wp-caption-text\">Portrait de Jacques Cassini, dit Cassini II<\/figcaption><\/figure>\n<h4 style=\"text-align: justify\">Pour conclure<\/h4>\n<p style=\"text-align: justify\">Le changement radical de conception cosmologique, parachev\u00e9 en 1687 dans les <em>Principes math\u00e9matiques de la philosophie naturelle<\/em> d\u2019Isaac Newton, est le prolongement logique des \u00e9pisodes relat\u00e9s ici, dont ceux concernant Peiresc et, dans une moindre mesure, Gassendi, sont peu ou mal connus des historiens. Ce sont pourtant ces aventuriers du savoir qui ont poursuivi la r\u00e9volution entam\u00e9e au si\u00e8cle pr\u00e9c\u00e9dent par Copernic et ouvert la voie \u00e0 la civilisation moderne. Non contente de r\u00e9volutionner l\u2019astronomie et la science en g\u00e9n\u00e9ral, la nouvelle philosophie issue de l\u2019astronomie copernicienne, puissamment d\u00e9velopp\u00e9e par Kepler et Galil\u00e9e et propag\u00e9e en Europe par les humanistes proven\u00e7aux du XVII<sup>e<\/sup> si\u00e8cle, a impr\u00e9gn\u00e9 les autres domaines de la pens\u00e9e humaine et conditionn\u00e9 l\u2019\u00e9volution ult\u00e9rieure de la soci\u00e9t\u00e9 occidentale. Newton, qui cherchait Dieu dans la Nature comme dans les \u00c9critures, a paradoxalement laiss\u00e9 derri\u00e8re lui un monde dans lequel la religion n\u2019est plus aux commandes. Comme je l\u2019ai \u00e9crit dans l\u2019introduction \u00e0 ma s\u00e9rie historique <em>Les B\u00e2tisseurs du ciel<\/em>\u00a0: \u00ab Avec [Newton], la science a contribu\u00e9 \u00e0 d\u00e9composer la lumi\u00e8re de la foi qui jusqu\u2019alors dominait la pens\u00e9e. Libre, elle a emport\u00e9 l\u2019humanit\u00e9 aux confins de l\u2019univers, lui faisant toucher la petitesse et la touchante fragilit\u00e9 de sa plan\u00e8te\u00a0\u00bb.<a href=\"#_edn2\" name=\"_ednref2\">[i]<\/a><\/p>\n<p style=\"text-align: justify\">Le XVIII<sup>e<\/sup> si\u00e8cle qui a suivi verra le triomphe des th\u00e9ories de Newton, le temps d\u2019une m\u00e9canique c\u00e9leste parfaitement math\u00e9matis\u00e9e, capable de pr\u00e9voir le retour de la com\u00e8te de Halley ou les d\u00e9tails de l\u2019orbite lunaire, le si\u00e8cle aussi o\u00f9 l\u2019on d\u00e9couvrira au t\u00e9lescope la premi\u00e8re plan\u00e8te invisible \u00e0 l\u2019\u0153il nu (Uranus), celui o\u00f9 sera dress\u00e9 le premier catalogue de n\u00e9buleuses et celui on l\u2019on inventera le concept d\u2019astre invisible, pr\u00e9curseur du fameux \u201ctrou noir\u201d relativiste. Sur un plan culturel plus g\u00e9n\u00e9ral, ce sera le si\u00e8cle des salons d\u2019intellectuels \u00e9clair\u00e9s o\u00f9 l\u2019on pourra entendre Voltaire, Diderot, d\u2019Alembert et autres philosophes disserter avec aisance de science, de soci\u00e9t\u00e9, de m\u0153urs ou de politique. H\u00e9las, la grande majorit\u00e9 de nos philosophes et litt\u00e9raires d\u2019aujourd\u2019hui sont bien incapables de discuter avec pertinence du big bang, de la supraconductivit\u00e9 ou de la gravitation quantique. Pour cause, le clivage d\u00e9sastreux entre scientifiques et litt\u00e9raires qui s\u2019est instaur\u00e9 \u00e0 partir du XIX<sup>e<\/sup> si\u00e8cle. L\u2019un des buts (probablement utopique) de mon travail de chercheur et d\u2019\u00e9crivain est de retisser en partie le lien perdu entre science, philosophie, art et litt\u00e9rature.<\/p>\n<p style=\"text-align: justify\"><strong>Notes et r\u00e9f\u00e9rences<\/strong><\/p>\n<p style=\"text-align: justify\"><a href=\"#_ednref2\" name=\"_edn2\">[i]<\/a> J.-P. Luminet\u00a0: <em>Les B\u00e2tisseurs du ciel (Copernic, Kepler, Galil\u00e9e, Newton)<\/em>. Paris, J.C. Latt\u00e8s (2010)<\/p>\n<!-- AddThis Advanced Settings generic via filter on the_content --><!-- AddThis Share Buttons generic via filter on the_content -->","protected":false},"excerpt":{"rendered":"<p>Suite du billet pr\u00e9c\u00e9dent La r\u00e9volution copernicienne chez les humanistes proven\u00e7aux (4) : Gassendi et fin De la Provence \u00e0 Paris\u00a0: Cassini Ier Concluons ce r\u00e9cit en \u00e9voquant plus bri\u00e8vement la vie et l\u2019\u0153uvre de Gian-Domenico Cassini\u00a0(1625-1712), astronome d\u2019origine \u00e9galement proven\u00e7ale. N\u00e9 \u00e0 Perinaldo, alors dans le comt\u00e9 de Nice appartenant au Duch\u00e9 de Savoie, &hellip; <a href=\"https:\/\/blogs.futura-sciences.com\/luminet\/2017\/10\/27\/la-revolution-copernicienne-chez-les-humanistes-provencaux-5-cassini\/\" class=\"more-link\">Continuer la lecture de <span class=\"screen-reader-text\">La r\u00e9volution copernicienne chez les humanistes proven\u00e7aux (5) : Cassini<\/span>  <span class=\"meta-nav\">&rarr;<\/span><\/a><!-- AddThis Advanced Settings generic via filter on get_the_excerpt --><!-- AddThis Share Buttons generic via filter on get_the_excerpt --><\/p>\n","protected":false},"author":2,"featured_media":3018,"comment_status":"open","ping_status":"open","sticky":false,"template":"","format":"standard","meta":{"footnotes":"","_links_to":"","_links_to_target":""},"categories":[58,14,27],"tags":[376,234,377],"class_list":["post-2912","post","type-post","status-publish","format-standard","has-post-thumbnail","hentry","category-astronomie","category-histoire-des-sciences-sciences","category-mes-publications","tag-cassini","tag-galilee","tag-observatoire-de-paris"],"yoast_head":"<!-- This site is optimized with the Yoast SEO plugin v24.1 - https:\/\/yoast.com\/wordpress\/plugins\/seo\/ -->\n<title>La r\u00e9volution copernicienne chez les humanistes proven\u00e7aux (5) : Cassini, par Jean-Pierre Luminet<\/title>\n<meta name=\"robots\" content=\"index, follow, max-snippet:-1, max-image-preview:large, max-video-preview:-1\" \/>\n<link rel=\"canonical\" href=\"https:\/\/blogs.futura-sciences.com\/luminet\/2017\/10\/27\/la-revolution-copernicienne-chez-les-humanistes-provencaux-5-cassini\/\" \/>\n<meta property=\"og:locale\" content=\"fr_FR\" \/>\n<meta property=\"og:type\" content=\"article\" \/>\n<meta property=\"og:title\" content=\"La r\u00e9volution copernicienne chez les humanistes proven\u00e7aux (5) : Cassini, par Jean-Pierre Luminet\" \/>\n<meta property=\"og:description\" content=\"Suite du billet pr\u00e9c\u00e9dent La r\u00e9volution copernicienne chez les humanistes proven\u00e7aux (4) : Gassendi et fin De la Provence \u00e0 Paris\u00a0: Cassini Ier Concluons ce r\u00e9cit en \u00e9voquant plus bri\u00e8vement la vie et l\u2019\u0153uvre de Gian-Domenico Cassini\u00a0(1625-1712), astronome d\u2019origine \u00e9galement proven\u00e7ale. N\u00e9 \u00e0 Perinaldo, alors dans le comt\u00e9 de Nice appartenant au Duch\u00e9 de Savoie, &hellip; Continuer la lecture de La r\u00e9volution copernicienne chez les humanistes proven\u00e7aux (5) : Cassini &rarr;\" \/>\n<meta property=\"og:url\" content=\"https:\/\/blogs.futura-sciences.com\/luminet\/2017\/10\/27\/la-revolution-copernicienne-chez-les-humanistes-provencaux-5-cassini\/\" \/>\n<meta property=\"og:site_name\" content=\"LUMINESCIENCES : le blog de Jean-Pierre LUMINET, astrophysicien\" \/>\n<meta property=\"article:published_time\" content=\"2017-10-27T18:06:00+00:00\" \/>\n<meta property=\"article:modified_time\" content=\"2019-01-04T10:26:36+00:00\" \/>\n<meta property=\"og:image\" content=\"https:\/\/blogs.futura-sciences.com\/luminet\/wp-content\/uploads\/sites\/2\/2017\/10\/colbert_presenting_the_members_of_the_royal_academy_of_sciences_to_louis_xiv_in_1667-p.jpg\" \/>\n\t<meta property=\"og:image:width\" content=\"648\" \/>\n\t<meta property=\"og:image:height\" content=\"372\" \/>\n\t<meta property=\"og:image:type\" content=\"image\/jpeg\" \/>\n<meta name=\"author\" content=\"Jean-Pierre LUMINET\" \/>\n<meta name=\"twitter:card\" content=\"summary_large_image\" \/>\n<meta name=\"twitter:label1\" content=\"\u00c9crit par\" \/>\n\t<meta name=\"twitter:data1\" content=\"Jean-Pierre LUMINET\" \/>\n\t<meta name=\"twitter:label2\" content=\"Dur\u00e9e de lecture estim\u00e9e\" \/>\n\t<meta name=\"twitter:data2\" content=\"7 minutes\" \/>\n<script type=\"application\/ld+json\" class=\"yoast-schema-graph\">{\"@context\":\"https:\/\/schema.org\",\"@graph\":[{\"@type\":\"WebPage\",\"@id\":\"https:\/\/blogs.futura-sciences.com\/luminet\/2017\/10\/27\/la-revolution-copernicienne-chez-les-humanistes-provencaux-5-cassini\/\",\"url\":\"https:\/\/blogs.futura-sciences.com\/luminet\/2017\/10\/27\/la-revolution-copernicienne-chez-les-humanistes-provencaux-5-cassini\/\",\"name\":\"La r\u00e9volution copernicienne chez les humanistes proven\u00e7aux (5) : Cassini, par Jean-Pierre Luminet\",\"isPartOf\":{\"@id\":\"https:\/\/blogs.futura-sciences.com\/luminet\/#website\"},\"primaryImageOfPage\":{\"@id\":\"https:\/\/blogs.futura-sciences.com\/luminet\/2017\/10\/27\/la-revolution-copernicienne-chez-les-humanistes-provencaux-5-cassini\/#primaryimage\"},\"image\":{\"@id\":\"https:\/\/blogs.futura-sciences.com\/luminet\/2017\/10\/27\/la-revolution-copernicienne-chez-les-humanistes-provencaux-5-cassini\/#primaryimage\"},\"thumbnailUrl\":\"https:\/\/blogs.futura-sciences.com\/luminet\/wp-content\/uploads\/sites\/2\/2017\/10\/colbert_presenting_the_members_of_the_royal_academy_of_sciences_to_louis_xiv_in_1667-p.jpg\",\"datePublished\":\"2017-10-27T18:06:00+00:00\",\"dateModified\":\"2019-01-04T10:26:36+00:00\",\"author\":{\"@id\":\"https:\/\/blogs.futura-sciences.com\/luminet\/#\/schema\/person\/d61f577b54398f0ecee81e140e7643cb\"},\"inLanguage\":\"fr-FR\",\"potentialAction\":[{\"@type\":\"ReadAction\",\"target\":[\"https:\/\/blogs.futura-sciences.com\/luminet\/2017\/10\/27\/la-revolution-copernicienne-chez-les-humanistes-provencaux-5-cassini\/\"]}]},{\"@type\":\"ImageObject\",\"inLanguage\":\"fr-FR\",\"@id\":\"https:\/\/blogs.futura-sciences.com\/luminet\/2017\/10\/27\/la-revolution-copernicienne-chez-les-humanistes-provencaux-5-cassini\/#primaryimage\",\"url\":\"https:\/\/blogs.futura-sciences.com\/luminet\/wp-content\/uploads\/sites\/2\/2017\/10\/colbert_presenting_the_members_of_the_royal_academy_of_sciences_to_louis_xiv_in_1667-p.jpg\",\"contentUrl\":\"https:\/\/blogs.futura-sciences.com\/luminet\/wp-content\/uploads\/sites\/2\/2017\/10\/colbert_presenting_the_members_of_the_royal_academy_of_sciences_to_louis_xiv_in_1667-p.jpg\",\"width\":648,\"height\":372,\"caption\":\"Colbert pr\u00e9sentant les membre de l'Acad\u00e9mie royale des Sciences \u00e0 Louis XIV en 1667\"},{\"@type\":\"WebSite\",\"@id\":\"https:\/\/blogs.futura-sciences.com\/luminet\/#website\",\"url\":\"https:\/\/blogs.futura-sciences.com\/luminet\/\",\"name\":\"LUMINESCIENCES : le blog de Jean-Pierre LUMINET, astrophysicien\",\"description\":\"J\u2019eus le vertige et je pleurai car mes yeux avaient vu cet objet secret et conjectural dont les hommes usurpent le nom, mais qu\u2019aucun homme n\u2019a regard\u00e9 : l\u2019inconcevable univers.  Jorge Luis Borges, L\u2019Aleph (1949)\",\"potentialAction\":[{\"@type\":\"SearchAction\",\"target\":{\"@type\":\"EntryPoint\",\"urlTemplate\":\"https:\/\/blogs.futura-sciences.com\/luminet\/?s={search_term_string}\"},\"query-input\":{\"@type\":\"PropertyValueSpecification\",\"valueRequired\":true,\"valueName\":\"search_term_string\"}}],\"inLanguage\":\"fr-FR\"},{\"@type\":\"Person\",\"@id\":\"https:\/\/blogs.futura-sciences.com\/luminet\/#\/schema\/person\/d61f577b54398f0ecee81e140e7643cb\",\"name\":\"Jean-Pierre LUMINET\",\"image\":{\"@type\":\"ImageObject\",\"inLanguage\":\"fr-FR\",\"@id\":\"https:\/\/blogs.futura-sciences.com\/luminet\/#\/schema\/person\/image\/\",\"url\":\"https:\/\/secure.gravatar.com\/avatar\/a6d27645b8081b2f766677414e6a83e1?s=96&d=mm&r=g\",\"contentUrl\":\"https:\/\/secure.gravatar.com\/avatar\/a6d27645b8081b2f766677414e6a83e1?s=96&d=mm&r=g\",\"caption\":\"Jean-Pierre LUMINET\"},\"url\":\"https:\/\/blogs.futura-sciences.com\/luminet\/author\/jpluminet\/\"}]}<\/script>\n<!-- \/ Yoast SEO plugin. -->","yoast_head_json":{"title":"La r\u00e9volution copernicienne chez les humanistes proven\u00e7aux (5) : Cassini, par Jean-Pierre Luminet","robots":{"index":"index","follow":"follow","max-snippet":"max-snippet:-1","max-image-preview":"max-image-preview:large","max-video-preview":"max-video-preview:-1"},"canonical":"https:\/\/blogs.futura-sciences.com\/luminet\/2017\/10\/27\/la-revolution-copernicienne-chez-les-humanistes-provencaux-5-cassini\/","og_locale":"fr_FR","og_type":"article","og_title":"La r\u00e9volution copernicienne chez les humanistes proven\u00e7aux (5) : Cassini, par Jean-Pierre Luminet","og_description":"Suite du billet pr\u00e9c\u00e9dent La r\u00e9volution copernicienne chez les humanistes proven\u00e7aux (4) : Gassendi et fin De la Provence \u00e0 Paris\u00a0: Cassini Ier Concluons ce r\u00e9cit en \u00e9voquant plus bri\u00e8vement la vie et l\u2019\u0153uvre de Gian-Domenico Cassini\u00a0(1625-1712), astronome d\u2019origine \u00e9galement proven\u00e7ale. N\u00e9 \u00e0 Perinaldo, alors dans le comt\u00e9 de Nice appartenant au Duch\u00e9 de Savoie, &hellip; Continuer la lecture de La r\u00e9volution copernicienne chez les humanistes proven\u00e7aux (5) : Cassini &rarr;","og_url":"https:\/\/blogs.futura-sciences.com\/luminet\/2017\/10\/27\/la-revolution-copernicienne-chez-les-humanistes-provencaux-5-cassini\/","og_site_name":"LUMINESCIENCES : le blog de Jean-Pierre LUMINET, astrophysicien","article_published_time":"2017-10-27T18:06:00+00:00","article_modified_time":"2019-01-04T10:26:36+00:00","og_image":[{"width":648,"height":372,"url":"https:\/\/blogs.futura-sciences.com\/luminet\/wp-content\/uploads\/sites\/2\/2017\/10\/colbert_presenting_the_members_of_the_royal_academy_of_sciences_to_louis_xiv_in_1667-p.jpg","type":"image\/jpeg"}],"author":"Jean-Pierre LUMINET","twitter_card":"summary_large_image","twitter_misc":{"\u00c9crit par":"Jean-Pierre LUMINET","Dur\u00e9e de lecture estim\u00e9e":"7 minutes"},"schema":{"@context":"https:\/\/schema.org","@graph":[{"@type":"WebPage","@id":"https:\/\/blogs.futura-sciences.com\/luminet\/2017\/10\/27\/la-revolution-copernicienne-chez-les-humanistes-provencaux-5-cassini\/","url":"https:\/\/blogs.futura-sciences.com\/luminet\/2017\/10\/27\/la-revolution-copernicienne-chez-les-humanistes-provencaux-5-cassini\/","name":"La r\u00e9volution copernicienne chez les humanistes proven\u00e7aux (5) : Cassini, par Jean-Pierre Luminet","isPartOf":{"@id":"https:\/\/blogs.futura-sciences.com\/luminet\/#website"},"primaryImageOfPage":{"@id":"https:\/\/blogs.futura-sciences.com\/luminet\/2017\/10\/27\/la-revolution-copernicienne-chez-les-humanistes-provencaux-5-cassini\/#primaryimage"},"image":{"@id":"https:\/\/blogs.futura-sciences.com\/luminet\/2017\/10\/27\/la-revolution-copernicienne-chez-les-humanistes-provencaux-5-cassini\/#primaryimage"},"thumbnailUrl":"https:\/\/blogs.futura-sciences.com\/luminet\/wp-content\/uploads\/sites\/2\/2017\/10\/colbert_presenting_the_members_of_the_royal_academy_of_sciences_to_louis_xiv_in_1667-p.jpg","datePublished":"2017-10-27T18:06:00+00:00","dateModified":"2019-01-04T10:26:36+00:00","author":{"@id":"https:\/\/blogs.futura-sciences.com\/luminet\/#\/schema\/person\/d61f577b54398f0ecee81e140e7643cb"},"inLanguage":"fr-FR","potentialAction":[{"@type":"ReadAction","target":["https:\/\/blogs.futura-sciences.com\/luminet\/2017\/10\/27\/la-revolution-copernicienne-chez-les-humanistes-provencaux-5-cassini\/"]}]},{"@type":"ImageObject","inLanguage":"fr-FR","@id":"https:\/\/blogs.futura-sciences.com\/luminet\/2017\/10\/27\/la-revolution-copernicienne-chez-les-humanistes-provencaux-5-cassini\/#primaryimage","url":"https:\/\/blogs.futura-sciences.com\/luminet\/wp-content\/uploads\/sites\/2\/2017\/10\/colbert_presenting_the_members_of_the_royal_academy_of_sciences_to_louis_xiv_in_1667-p.jpg","contentUrl":"https:\/\/blogs.futura-sciences.com\/luminet\/wp-content\/uploads\/sites\/2\/2017\/10\/colbert_presenting_the_members_of_the_royal_academy_of_sciences_to_louis_xiv_in_1667-p.jpg","width":648,"height":372,"caption":"Colbert pr\u00e9sentant les membre de l'Acad\u00e9mie royale des Sciences \u00e0 Louis XIV en 1667"},{"@type":"WebSite","@id":"https:\/\/blogs.futura-sciences.com\/luminet\/#website","url":"https:\/\/blogs.futura-sciences.com\/luminet\/","name":"LUMINESCIENCES : le blog de Jean-Pierre LUMINET, astrophysicien","description":"J\u2019eus le vertige et je pleurai car mes yeux avaient vu cet objet secret et conjectural dont les hommes usurpent le nom, mais qu\u2019aucun homme n\u2019a regard\u00e9 : l\u2019inconcevable univers.  Jorge Luis Borges, L\u2019Aleph (1949)","potentialAction":[{"@type":"SearchAction","target":{"@type":"EntryPoint","urlTemplate":"https:\/\/blogs.futura-sciences.com\/luminet\/?s={search_term_string}"},"query-input":{"@type":"PropertyValueSpecification","valueRequired":true,"valueName":"search_term_string"}}],"inLanguage":"fr-FR"},{"@type":"Person","@id":"https:\/\/blogs.futura-sciences.com\/luminet\/#\/schema\/person\/d61f577b54398f0ecee81e140e7643cb","name":"Jean-Pierre LUMINET","image":{"@type":"ImageObject","inLanguage":"fr-FR","@id":"https:\/\/blogs.futura-sciences.com\/luminet\/#\/schema\/person\/image\/","url":"https:\/\/secure.gravatar.com\/avatar\/a6d27645b8081b2f766677414e6a83e1?s=96&d=mm&r=g","contentUrl":"https:\/\/secure.gravatar.com\/avatar\/a6d27645b8081b2f766677414e6a83e1?s=96&d=mm&r=g","caption":"Jean-Pierre LUMINET"},"url":"https:\/\/blogs.futura-sciences.com\/luminet\/author\/jpluminet\/"}]}},"_links":{"self":[{"href":"https:\/\/blogs.futura-sciences.com\/luminet\/wp-json\/wp\/v2\/posts\/2912","targetHints":{"allow":["GET"]}}],"collection":[{"href":"https:\/\/blogs.futura-sciences.com\/luminet\/wp-json\/wp\/v2\/posts"}],"about":[{"href":"https:\/\/blogs.futura-sciences.com\/luminet\/wp-json\/wp\/v2\/types\/post"}],"author":[{"embeddable":true,"href":"https:\/\/blogs.futura-sciences.com\/luminet\/wp-json\/wp\/v2\/users\/2"}],"replies":[{"embeddable":true,"href":"https:\/\/blogs.futura-sciences.com\/luminet\/wp-json\/wp\/v2\/comments?post=2912"}],"version-history":[{"count":7,"href":"https:\/\/blogs.futura-sciences.com\/luminet\/wp-json\/wp\/v2\/posts\/2912\/revisions"}],"predecessor-version":[{"id":3477,"href":"https:\/\/blogs.futura-sciences.com\/luminet\/wp-json\/wp\/v2\/posts\/2912\/revisions\/3477"}],"wp:featuredmedia":[{"embeddable":true,"href":"https:\/\/blogs.futura-sciences.com\/luminet\/wp-json\/wp\/v2\/media\/3018"}],"wp:attachment":[{"href":"https:\/\/blogs.futura-sciences.com\/luminet\/wp-json\/wp\/v2\/media?parent=2912"}],"wp:term":[{"taxonomy":"category","embeddable":true,"href":"https:\/\/blogs.futura-sciences.com\/luminet\/wp-json\/wp\/v2\/categories?post=2912"},{"taxonomy":"post_tag","embeddable":true,"href":"https:\/\/blogs.futura-sciences.com\/luminet\/wp-json\/wp\/v2\/tags?post=2912"}],"curies":[{"name":"wp","href":"https:\/\/api.w.org\/{rel}","templated":true}]}}