{"id":2910,"date":"2017-09-13T16:15:11","date_gmt":"2017-09-13T16:15:11","guid":{"rendered":"https:\/\/blogs.futura-sciences.com\/luminet\/?p=2910"},"modified":"2019-01-03T16:53:53","modified_gmt":"2019-01-03T16:53:53","slug":"revolution-copernicienne-chez-humanistes-provencaux-4-gassendi","status":"publish","type":"post","link":"https:\/\/blogs.futura-sciences.com\/luminet\/2017\/09\/13\/revolution-copernicienne-chez-humanistes-provencaux-4-gassendi\/","title":{"rendered":"La r\u00e9volution copernicienne chez les humanistes proven\u00e7aux (4) : Gassendi"},"content":{"rendered":"<p><strong>Suite du billet pr\u00e9c\u00e9dent<a href=\"https:\/\/blogs.futura-sciences.com\/luminet\/2017\/08\/14\/revolution-copernicienne-chez-humanistes-provencaux-3-peiresc\/\" target=\"_blank\" rel=\"noopener\"> La r\u00e9volution copernicienne chez les humanistes proven\u00e7aux (3) : Peiresc<\/a><\/strong><\/p>\n<h4><a href=\"https:\/\/blogs.futura-sciences.com\/luminet\/wp-content\/uploads\/sites\/2\/2016\/04\/PierreGassendi.jpg\" rel=\"lightbox[2910]\"><img loading=\"lazy\" decoding=\"async\" class=\"alignright wp-image-2293 size-full\" src=\"https:\/\/blogs.futura-sciences.com\/luminet\/wp-content\/uploads\/sites\/2\/2016\/04\/PierreGassendi.jpg\" alt=\"\" width=\"400\" height=\"490\" srcset=\"https:\/\/blogs.futura-sciences.com\/luminet\/wp-content\/uploads\/sites\/2\/2016\/04\/PierreGassendi.jpg 400w, https:\/\/blogs.futura-sciences.com\/luminet\/wp-content\/uploads\/sites\/2\/2016\/04\/PierreGassendi-367x450.jpg 367w\" sizes=\"auto, (max-width: 400px) 100vw, 400px\" \/><\/a><\/h4>\n<h4 style=\"text-align: justify\">De l\u2019astronomie \u00e0 l\u2019atomisme<\/h4>\n<p style=\"text-align: justify\">Pierre Gassendi na\u00eet le 22 janvier 1592 pr\u00e8s de Digne, dans les Alpes de Haute-Provence. Apr\u00e8s avoir commenc\u00e9 ses \u00e9tudes au coll\u00e8ge de Digne, il suit des cours de philosophie \u00e0 l&#8217;universit\u00e9 d&#8217;Aix. En 1614, apr\u00e8s l&#8217;obtention d&#8217;un doctorat de th\u00e9ologie \u00e0 Avignon, il est nomm\u00e9 professeur de rh\u00e9torique et chanoine \u00e0 Digne, puis professeur de philosophie \u00e0 Aix, dont il semble avoir \u00e9t\u00e9 chass\u00e9 par la venue des j\u00e9suites. Il terminera sa vie le 24 octobre 1655 \u00e0 Paris, apr\u00e8s avoir \u00e9t\u00e9 nomm\u00e9, dix ans auparavant, professeur de math\u00e9matiques au Coll\u00e8ge Royal (devenu depuis le Coll\u00e8ge de France). Gassendi est le type m\u00eame de l\u2019humaniste polyvalent\u00a0: il est \u00e0 la fois astronome, math\u00e9maticien, philosophe, th\u00e9ologien et biographe<a href=\"#_edn1\" name=\"_ednref1\">[i]<\/a>. Mais c\u2019est en astronomie et en philosophie que ses travaux seront les plus durables.<\/p>\n<figure id=\"attachment_2983\" aria-describedby=\"caption-attachment-2983\" style=\"width: 400px\" class=\"wp-caption aligncenter\"><a href=\"https:\/\/blogs.futura-sciences.com\/luminet\/wp-content\/uploads\/sites\/2\/2017\/09\/champmercier_lithographie-de-Victor-Camoin-Musee-Gassendi.jpg\" rel=\"lightbox[2910]\"><img loading=\"lazy\" decoding=\"async\" class=\"wp-image-2983 size-full\" src=\"https:\/\/blogs.futura-sciences.com\/luminet\/wp-content\/uploads\/sites\/2\/2017\/09\/champmercier_lithographie-de-Victor-Camoin-Musee-Gassendi.jpg\" alt=\"\" width=\"400\" height=\"296\" \/><\/a><figcaption id=\"caption-attachment-2983\" class=\"wp-caption-text\">Lieu de naissance de Gassendi \u00e0 Champtercier, pr\u00e8s de Digne. Lithographie de Victor Camoin, Mus\u00e9e Gassendi<\/figcaption><\/figure>\n<p style=\"text-align: justify\">Fils de cultivateurs peu ais\u00e9s, Pierre Gassendi aurait d\u00e8s son enfance contract\u00e9 sa passion pour les choses du ciel en gardant les troupeaux de nuit. Toute sa vie il ne cessera d&#8217;observer, utilisant \u00e0 la fois des lunettes et des instruments \u00e0 pinnules. Pendant ce premier demi-si\u00e8cle d&#8217;existence des lunettes, les deux m\u00e9thodes se pratiquent en effet en parall\u00e8le\u00a0: avec les lunettes on cherche \u00e0 faire des d\u00e9couvertes, avec les instruments traditionnels comme le quart de cercle ou le rayon astronomique que l&#8217;on utilise \u00e0 l&#8217;\u0153il nu, on prend les mesures, ce que les lunettes ne permettent pas encore de faire<a href=\"#_edn2\" name=\"_ednref2\">[ii]<\/a>.<\/p>\n<figure id=\"attachment_2992\" aria-describedby=\"caption-attachment-2992\" style=\"width: 200px\" class=\"wp-caption alignright\"><a href=\"https:\/\/blogs.futura-sciences.com\/luminet\/wp-content\/uploads\/sites\/2\/2017\/09\/scheiner_rosa_ursina2-l.gif\" rel=\"lightbox[2910]\"><img loading=\"lazy\" decoding=\"async\" class=\"wp-image-2992\" src=\"https:\/\/blogs.futura-sciences.com\/luminet\/wp-content\/uploads\/sites\/2\/2017\/09\/scheiner_rosa_ursina2-l.gif\" alt=\"\" width=\"200\" height=\"214\" \/><\/a><figcaption id=\"caption-attachment-2992\" class=\"wp-caption-text\">Dessin des taches solaires par Scheiner<\/figcaption><\/figure>\n<p style=\"text-align: justify\">Les taches solaires sont l&#8217;une des grandes nouveaut\u00e9s r\u00e9v\u00e9l\u00e9es par la lunette, mais dans un premier temps elles ne sont pas comprises. A l&#8217;\u00e9poque de Gassendi, il faut multiplier les observations pour essayer de d\u00e9terminer leur vraie nature. Les taches sont-elles sur la surface du soleil, ou de petits satellites tournant autour de lui ? Sont-elles des nuages, ou bien une imperfection de la lunette elle-m\u00eame ? Gassendi commence ses observations en 1620 et en fait une longue s\u00e9rie, avec un regain d&#8217;activit\u00e9 autour de 1626, l&#8217;ann\u00e9e des premiers travaux de Christoph Scheiner (1575-1650) sur la question, qui prend les taches pour des satellites. Gassendi suit au contraire Galil\u00e9e, en les consid\u00e9rant comme des marques sur la surface du soleil, et donc une preuve de la rotation de notre \u00e9toile. A partir de ses observations des taches, il d\u00e9termine la vitesse de rotation du soleil, obtenant une estimation de 25 \u00e0 26 jours, r\u00e9sultat assez remarquable pour ces valeurs qui varient selon la latitude. Malheureusement, la plupart des observations solaires de Gassendi, faites avant la p\u00e9riode o\u00f9 il a conserv\u00e9 syst\u00e9matiquement ses notes dans des cahiers, sont perdues. Par la suite, Gassendi devient l&#8217;un des premiers astronomes \u00e0 comprendre l&#8217;importance que peut avoir un recueil d\u2019observations. Le 27 septembre 1635, il \u00e9crit \u00e0 Peiresc que \u00ab\u00a0pour emp\u00eacher que ces papillotes ou plumitifs de mes observations ne s&#8217;\u00e9garent plus, j&#8217;ai commenc\u00e9 depuis quelque temps d&#8217;\u00e9crire le tout en une main de papier toute enti\u00e8re que j&#8217;ai cousue et couverte en parchemin \u00e0 ce dessein.\u00a0\u00bb Son <em>diaire<\/em> (journal astronomique) est n\u00e9, en m\u00eame temps que la reconnaissance de la nature essentiellement historique de l&#8217;astronomie, qui le poussera \u00e0 organiser et pr\u00e9server ses propres observations.<\/p>\n<figure id=\"attachment_2989\" aria-describedby=\"caption-attachment-2989\" style=\"width: 187px\" class=\"wp-caption alignright\"><a href=\"https:\/\/blogs.futura-sciences.com\/luminet\/wp-content\/uploads\/sites\/2\/2017\/09\/gassendi_par-mellan-Musee-gassendi.jpg\" rel=\"lightbox[2910]\"><img loading=\"lazy\" decoding=\"async\" class=\"wp-image-2989\" src=\"https:\/\/blogs.futura-sciences.com\/luminet\/wp-content\/uploads\/sites\/2\/2017\/09\/gassendi_par-mellan-Musee-gassendi.jpg\" alt=\"\" width=\"187\" height=\"246\" srcset=\"https:\/\/blogs.futura-sciences.com\/luminet\/wp-content\/uploads\/sites\/2\/2017\/09\/gassendi_par-mellan-Musee-gassendi.jpg 400w, https:\/\/blogs.futura-sciences.com\/luminet\/wp-content\/uploads\/sites\/2\/2017\/09\/gassendi_par-mellan-Musee-gassendi-341x450.jpg 341w\" sizes=\"auto, (max-width: 187px) 100vw, 187px\" \/><\/a><figcaption id=\"caption-attachment-2989\" class=\"wp-caption-text\">portrait de Gassendi, gravure de Claude Mellan &#8211; Mus\u00e9e Gassendi<\/figcaption><\/figure>\n<p style=\"text-align: justify\">J\u2019ai parl\u00e9 dans le <a href=\"https:\/\/blogs.futura-sciences.com\/luminet\/2017\/08\/14\/revolution-copernicienne-chez-humanistes-provencaux-3-peiresc\/\" target=\"_blank\" rel=\"noopener\"><strong>billet pr\u00e9c\u00e9dent<\/strong><\/a> du projet d\u2019atlas lunaire men\u00e9 conjointement par Gassendi et Peiresc \u00e0 partir de 1634. De septembre \u00e0 d\u00e9cembre 1636, on peut suivre les observations de la lune dans le diaire de Gassendi. H\u00e9las, la mort de Peiresc le 24 juin 1637 met un terme \u00e0 la pr\u00e9paration de l&#8217;atlas. Le graveur Claude Mellan reste \u00e0 Paris et Gassendi, tr\u00e8s affect\u00e9, abandonne le projet. Comme il l&#8217;explique dans sa <em>Vie de Peiresc, <\/em>leur objectif, outre le pur int\u00e9r\u00eat astronomique, \u00e9tait d\u2019ordre cosmologique, s\u2019agissant de mettre en \u00e9vi\u00addence le fait que le globe de la lune est sem\u00adblable au globe terrestre, et d\u2019avaliser l\u2019intuition de Galil\u00e9e sur la profonde unit\u00e9 entre la physique terrestre et la physique c\u00e9leste.<!--more--><\/p>\n<figure id=\"attachment_2984\" aria-describedby=\"caption-attachment-2984\" style=\"width: 1024px\" class=\"wp-caption alignleft\"><a href=\"https:\/\/blogs.futura-sciences.com\/luminet\/wp-content\/uploads\/sites\/2\/2017\/09\/Illustrations_de_Institutio_astronomica_juxta_...Gassendi_Pierre_btv1b26001939.jpeg\" rel=\"lightbox[2910]\"><img loading=\"lazy\" decoding=\"async\" class=\"wp-image-2984 size-full\" src=\"https:\/\/blogs.futura-sciences.com\/luminet\/wp-content\/uploads\/sites\/2\/2017\/09\/Illustrations_de_Institutio_astronomica_juxta_...Gassendi_Pierre_btv1b26001939.jpeg\" alt=\"\" width=\"1024\" height=\"1424\" srcset=\"https:\/\/blogs.futura-sciences.com\/luminet\/wp-content\/uploads\/sites\/2\/2017\/09\/Illustrations_de_Institutio_astronomica_juxta_...Gassendi_Pierre_btv1b26001939.jpeg 1024w, https:\/\/blogs.futura-sciences.com\/luminet\/wp-content\/uploads\/sites\/2\/2017\/09\/Illustrations_de_Institutio_astronomica_juxta_...Gassendi_Pierre_btv1b26001939-324x450.jpeg 324w, https:\/\/blogs.futura-sciences.com\/luminet\/wp-content\/uploads\/sites\/2\/2017\/09\/Illustrations_de_Institutio_astronomica_juxta_...Gassendi_Pierre_btv1b26001939-768x1068.jpeg 768w, https:\/\/blogs.futura-sciences.com\/luminet\/wp-content\/uploads\/sites\/2\/2017\/09\/Illustrations_de_Institutio_astronomica_juxta_...Gassendi_Pierre_btv1b26001939-736x1024.jpeg 736w\" sizes=\"auto, (max-width: 1024px) 100vw, 1024px\" \/><\/a><figcaption id=\"caption-attachment-2984\" class=\"wp-caption-text\">Syst\u00e8me de Copernic selon Gassendi, extrait de &#8220;Institutio astronomica&#8221;<\/figcaption><\/figure>\n<p style=\"text-align: justify\">Peiresc et Gassendi ne sont pas les premiers astronomes \u00e0 avoir dessin\u00e9 la lune. Dans ce travail comme pour beaucoup d&#8217;autres, ils ont suivi le chemin indiqu\u00e9 par Galil\u00e9e, auquel on peut ajouter d&#8217;autres noms comme Thomas Harriot (qui fit le tout premier croquis de la lune connu le 5 avril 1609), Scheiner ou Biancani. Mais ils ont \u00e9t\u00e9 les premiers \u00e0 concevoir la composition d\u2019un atlas lunaire complet, s\u2019inscrivant ainsi dans la lign\u00e9e des \u00e9mules de Galil\u00e9e soucieux de dresser un inventaire pr\u00e9cis du ciel \u00e0 l\u2019aide de la lunette astronomique, et de l\u2019appliquer aux besoins de la vie pratique.<\/p>\n<p style=\"text-align: justify\">Dans le diaire de Gassendi on constate qu&#8217;il a observ\u00e9 les plan\u00e8tes autant qu&#8217;il le pouvait. De Mars il s&#8217;occupe de d\u00e9terminer la distance angulaire aux \u00e9toiles, et de Jupiter il poursuit le programme d&#8217;observations des satellites entrepris par Peiresc. Il s\u2019int\u00e9resse \u00e9galement \u00e0 l\u2019\u00e9trange forme changeante de Saturne, sans soup\u00e7onner toutefois l\u2019existence des anneaux.<a href=\"#_edn3\" name=\"_ednref3\">[iii]<\/a><\/p>\n<p style=\"text-align: justify\">Mais de toutes les observations plan\u00e9taires de Gassendi, la plus importante est incontestablement celle du <a href=\"https:\/\/blogs.futura-sciences.com\/luminet\/2016\/04\/29\/passages-de-mercure\/\" target=\"_blank\" rel=\"noopener\"><strong>passage de Mercure<\/strong><\/a> devant le Soleil du 7 novembre 1631. Pour qu&#8217;une plan\u00e8te transite sur le disque solaire, elle doit passer entre la Terre et le Soleil. Seules Mercure et V\u00e9nus peuvent \u00eatre observ\u00e9es de la Terre lors de leur transit. De tels passages arrivent toujours aux mois de mai et novembre aux alentours respectivement du 7 et du 9 du mois. Concernant Mercure, on peut s&#8217;attendre \u00e0 ce que le ph\u00e9nom\u00e8ne se r\u00e9p\u00e8te tous les sept, treize ou quarante-six ans. C&#8217;est donc une observation rare, ce qui explique son int\u00e9r\u00eat pour les astronomes.<\/p>\n<p style=\"text-align: justify\"><a href=\"https:\/\/blogs.futura-sciences.com\/luminet\/wp-content\/uploads\/sites\/2\/2016\/04\/Kepler-admonition.jpg\" rel=\"lightbox[2910]\"><img loading=\"lazy\" decoding=\"async\" class=\"alignleft wp-image-2292\" src=\"https:\/\/blogs.futura-sciences.com\/luminet\/wp-content\/uploads\/sites\/2\/2016\/04\/Kepler-admonition.jpg\" alt=\"\" width=\"182\" height=\"230\" srcset=\"https:\/\/blogs.futura-sciences.com\/luminet\/wp-content\/uploads\/sites\/2\/2016\/04\/Kepler-admonition.jpg 634w, https:\/\/blogs.futura-sciences.com\/luminet\/wp-content\/uploads\/sites\/2\/2016\/04\/Kepler-admonition-357x450.jpg 357w\" sizes=\"auto, (max-width: 182px) 100vw, 182px\" \/><\/a>Le passage de Mercure devant le Soleil du 7 novembre 1631 est le premier transit \u00e0 avoir \u00e9t\u00e9 pr\u00e9dit et consciencieusement observ\u00e9. Une des raisons \u00e9tait la difficult\u00e9 de savoir exactement quand cela allait se passer. Les tables dont disposent les astronomes au d\u00e9but du XVII<sup>e<\/sup> si\u00e8cle sont encore peu fiables. N\u00e9anmoins, dans les \u00e9ph\u00e9m\u00e9rides que Kepler a calcul\u00e9es pour 1629-31 sur la base de ses c\u00e9l\u00e8bres <em>Tables Rudolphines<\/em> de 1627, le g\u00e9nial astronome allemand a ajout\u00e9 une note, <em>Admonitio<\/em>, indiquant que le 7 novembre 1631 Mercure ferait un passage sur le Soleil, visible en Europe. En 1630, apr\u00e8s la mort de Kepler, son gendre Jacob Bartsch fait r\u00e9imprimer en tir\u00e9-\u00e0-part l\u2019<em>Avertissement aux astronomes<\/em>. Gassendi, comme d&#8217;autres astronomes d&#8217;Europe, lit la plaquette de Kepler et fait ses pr\u00e9paratifs. Avec Peiresc, ils avertissent tout leur r\u00e9seau d&#8217;astronomes en Provence. Puisque Peiresc n&#8217;a pas lu <em>l\u2019Admonitio <\/em>de Kepler, le 9 juillet 1631 il lui \u00e9crit une longue lettre d&#8217;informations et d&#8217;instructions. Gassendi est \u00e0 Paris et ne s&#8217;attend pas \u00e0 voir grand chose, sous une latitude si au nord en plein mois de novembre. Il compte plut\u00f4t sur Peiresc et ses associ\u00e9s sous les beaux cieux de Provence.<\/p>\n<p style=\"text-align: justify\">Novembre arrive et la p\u00e9riode o\u00f9 Mercure doit traverser le disque solaire. Ni Peiresc, ni Gaultier, ni aucun autre membre du groupe proven\u00e7al ne voient quoi que ce soit. De fait, c&#8217;est Gassendi \u00e0 Paris qui, seul en France, peut faire l&#8217;observation\u00a0! Il est vrai qu\u2019il s&#8217;est donn\u00e9 beaucoup de mal. Alors qu&#8217;on ne peut observer la plan\u00e8te \u00e0 l&#8217;\u0153il nu, il a l&#8217;id\u00e9e de faire projeter son image sur une feuille de papier. Il commence sa veille le 5 novembre, sous une pluie incessante\u00a0; le 6 il ne voit le Soleil que bri\u00e8vement \u00e0 travers le brouillard. Mais le 7, le Soleil appara\u00eet clairement par p\u00e9riodes, et Mercure est bien sur sa surface, m\u00eame si Gassendi a des difficult\u00e9s \u00e0 le reconna\u00eetre en raison de la petitesse de la tache noire. Il publie le d\u00e9tail de ses observations dans un opuscule intitul\u00e9 <em>Mercurius in sole visus.<a href=\"#_edn4\" name=\"_ednref4\">[iv]<\/a><\/em><\/p>\n<table>\n<tbody>\n<tr>\n<td><a href=\"https:\/\/blogs.futura-sciences.com\/luminet\/wp-content\/uploads\/sites\/2\/2016\/04\/Gassendi_mercurius.jpg\" rel=\"lightbox[2910]\"><img loading=\"lazy\" decoding=\"async\" class=\"aligncenter wp-image-2294\" src=\"https:\/\/blogs.futura-sciences.com\/luminet\/wp-content\/uploads\/sites\/2\/2016\/04\/Gassendi_mercurius.jpg\" alt=\"\" width=\"206\" height=\"292\" \/><\/a><\/td>\n<td><a href=\"https:\/\/blogs.futura-sciences.com\/luminet\/wp-content\/uploads\/sites\/2\/2016\/04\/Gassendi_mercurio.jpg\" rel=\"lightbox[2910]\"><img loading=\"lazy\" decoding=\"async\" class=\"aligncenter wp-image-2295\" src=\"https:\/\/blogs.futura-sciences.com\/luminet\/wp-content\/uploads\/sites\/2\/2016\/04\/Gassendi_mercurio.jpg\" alt=\"\" width=\"249\" height=\"303\" srcset=\"https:\/\/blogs.futura-sciences.com\/luminet\/wp-content\/uploads\/sites\/2\/2016\/04\/Gassendi_mercurio.jpg 511w, https:\/\/blogs.futura-sciences.com\/luminet\/wp-content\/uploads\/sites\/2\/2016\/04\/Gassendi_mercurio-370x450.jpg 370w\" sizes=\"auto, (max-width: 249px) 100vw, 249px\" \/><\/a><\/td>\n<\/tr>\n<\/tbody>\n<\/table>\n<p>&nbsp;<\/p>\n<p style=\"text-align: justify\">Si Gassendi est tr\u00e8s \u00e9tonn\u00e9 par la petitesse de Mercure, ses observations confirment les pr\u00e9dictions de Galil\u00e9e que les astres sont beaucoup plus petits qu&#8217;ils ne semblent et que ce que les astronomes avaient pens\u00e9 jusque l\u00e0. Surtout, l&#8217;observation de Gassendi permet de renforcer l&#8217;autorit\u00e9 des <em>Tables Rudolphines<\/em> de Kepler, et plus g\u00e9n\u00e9ralement confirme l&#8217;efficacit\u00e9 des m\u00e9thodes de la nouvelle astronomie. Elle obligera \u00e9galement les astronomes \u00e0 r\u00e9examiner la question des diam\u00e8tres stellaires et plan\u00e9taires, et donc leur distance par rapport \u00e0 la Terre et au Soleil.<\/p>\n<p style=\"text-align: justify\">Pendant toute sa carri\u00e8re d&#8217;astronome exp\u00e9riment\u00e9, Gassendi a rarement manqu\u00e9 d&#8217;observer une \u00e9clipse soit de la lune, soit du soleil, poursuivant ses observations \u00ab\u00a0comme le chat apr\u00e8s la souris\u00a0\u00bb, comme il l\u2019\u00e9crit lui-m\u00eame. La liste de ses observations \u00e9chelonn\u00e9es sur une p\u00e9riode de trente ann\u00e9es est longue. Ce qu\u2019il faut en retenir est que le soin extr\u00eame qu\u2019il y a toujours apport\u00e9 marque une \u00e9tape essentielle dans le d\u00e9veloppement de l&#8217;astronomie d&#8217;observation. Que la seconde moiti\u00e9 du XVII<sup>e<\/sup> si\u00e8cle voie appara\u00eetre une astronomie de pr\u00e9cision devan\u00e7ant celle qui existait auparavant est en partie une cons\u00e9quence des techniques utilis\u00e9es et am\u00e9lior\u00e9es par Gassendi, et transmises par lui \u00e0 la g\u00e9n\u00e9ration suivante.<\/p>\n<p style=\"text-align: justify\">Le cours que Gassendi a profess\u00e9 au Coll\u00e8ge Royal, \u00e9dit\u00e9 sous le titre de <em>Institutio astronomica [&#8230;] <\/em>(1647), est devenu un manuel estim\u00e9 en France, en Angleterre, en Italie et en Am\u00e9rique. Gassendi est identifi\u00e9 \u00e0 l&#8217;astronomie nouvelle, gr\u00e2ce \u00e0 ses travaux pratiques, ses biographies de Copernic, Tycho Brahe et Kepler et \u00e0 son observation du passage de Mercure devant le soleil. Plusieurs fois r\u00e9\u00e9dit\u00e9, son manuel est plac\u00e9 dans les biblioth\u00e8ques publiques et priv\u00e9es, en relation avec d&#8217;autres textes de l&#8217;astronomie moderne et r\u00e9volutionnaire de Copernic, Galil\u00e9e et Kepler.<\/p>\n<figure id=\"attachment_2980\" aria-describedby=\"caption-attachment-2980\" style=\"width: 1024px\" class=\"wp-caption aligncenter\"><a href=\"https:\/\/blogs.futura-sciences.com\/luminet\/wp-content\/uploads\/sites\/2\/2017\/09\/Pierre_gassendi_bust_college_de_france.jpg\" rel=\"lightbox[2910]\"><img loading=\"lazy\" decoding=\"async\" class=\"wp-image-2980 size-full\" src=\"https:\/\/blogs.futura-sciences.com\/luminet\/wp-content\/uploads\/sites\/2\/2017\/09\/Pierre_gassendi_bust_college_de_france.jpg\" alt=\"\" width=\"1024\" height=\"1469\" srcset=\"https:\/\/blogs.futura-sciences.com\/luminet\/wp-content\/uploads\/sites\/2\/2017\/09\/Pierre_gassendi_bust_college_de_france.jpg 1024w, https:\/\/blogs.futura-sciences.com\/luminet\/wp-content\/uploads\/sites\/2\/2017\/09\/Pierre_gassendi_bust_college_de_france-314x450.jpg 314w, https:\/\/blogs.futura-sciences.com\/luminet\/wp-content\/uploads\/sites\/2\/2017\/09\/Pierre_gassendi_bust_college_de_france-768x1102.jpg 768w, https:\/\/blogs.futura-sciences.com\/luminet\/wp-content\/uploads\/sites\/2\/2017\/09\/Pierre_gassendi_bust_college_de_france-714x1024.jpg 714w\" sizes=\"auto, (max-width: 1024px) 100vw, 1024px\" \/><\/a><figcaption id=\"caption-attachment-2980\" class=\"wp-caption-text\">Buste de Gassendi au Coll\u00e8ge de France<\/figcaption><\/figure>\n<p>&nbsp;<\/p>\n<p style=\"text-align: justify\">Philosophiquement, Gassendi peut \u00eatre class\u00e9 parmi les atomistes et, surtout, parmi les \u00e9picuriens qu&#8217;il contribue \u00e0 r\u00e9habiliter, ce qui peut surprendre de la part d&#8217;un eccl\u00e9siastique. Tr\u00e8s t\u00f4t il s&#8217;oppose aux th\u00e8ses officielles de l&#8217;aristot\u00e9lisme et soutient Galil\u00e9e dans sa d\u00e9nonciation du g\u00e9ocentrisme.<\/p>\n<figure id=\"attachment_2988\" aria-describedby=\"caption-attachment-2988\" style=\"width: 173px\" class=\"wp-caption alignright\"><a href=\"https:\/\/blogs.futura-sciences.com\/luminet\/wp-content\/uploads\/sites\/2\/2017\/09\/Vie-depicure-de-Gassendi-1647.jpg\" rel=\"lightbox[2910]\"><img loading=\"lazy\" decoding=\"async\" class=\"wp-image-2988\" src=\"https:\/\/blogs.futura-sciences.com\/luminet\/wp-content\/uploads\/sites\/2\/2017\/09\/Vie-depicure-de-Gassendi-1647.jpg\" alt=\"\" width=\"173\" height=\"236\" \/><\/a><figcaption id=\"caption-attachment-2988\" class=\"wp-caption-text\">D\u00e9fenseur de la philosophie atomiste, Gassendi a \u00e9crit une biographie d&#8217;Epicure<\/figcaption><\/figure>\n<p style=\"text-align: justify\">Il s&#8217;oppose \u00e9galement \u00e0 toute forme d&#8217;obscurantisme, notamment l&#8217;astrologie. Pour les savants italiens, les travaux de Gassendi ont une importance particuli\u00e8re. Surveill\u00e9s par une \u00e9glise autoritaire et r\u00e9actionnaire, intimid\u00e9s par la condamnation de Galil\u00e9e mais, comme lui, exp\u00e9rimentateurs et empiristes, ils sont \u00e0 la recherche d&#8217;un cadre philosophique pour expliquer et ordonner les faits mis en \u00e9vidence par les exp\u00e9riences fragmentaires de l&#8217;\u00e9poque. Le syst\u00e8me de Gassendi, \u00e0 savoir l&#8217;ancien syst\u00e8me atomiste d&#8217;Epicure purg\u00e9 de ses tendances ath\u00e9es, offre \u00e0 l&#8217;intelligentsia italienne une alternative au n\u00e9o-aristot\u00e9lisme, sans aller vers le m\u00e9canisme d\u00e9terministe de Descartes (avec lequel Gassendi a eu une longue dispute \u00e9pistolaire). Pour eux, Gassendi est devenu le compl\u00e9ment naturel de Galil\u00e9e.<\/p>\n<figure id=\"attachment_2987\" aria-describedby=\"caption-attachment-2987\" style=\"width: 210px\" class=\"wp-caption alignleft\"><a href=\"https:\/\/blogs.futura-sciences.com\/luminet\/wp-content\/uploads\/sites\/2\/2017\/09\/Gassendi-Contre-Aristote.jpg\" rel=\"lightbox[2910]\"><img loading=\"lazy\" decoding=\"async\" class=\"wp-image-2987 size-full\" src=\"https:\/\/blogs.futura-sciences.com\/luminet\/wp-content\/uploads\/sites\/2\/2017\/09\/Gassendi-Contre-Aristote.jpg\" alt=\"\" width=\"210\" height=\"317\" \/><\/a><figcaption id=\"caption-attachment-2987\" class=\"wp-caption-text\">Ouvrage de Gassendi critiquant la doctrine aristot\u00e9licienne<\/figcaption><\/figure>\n<p style=\"text-align: justify\">Sans aller, comme Giordano Bruno, jusqu&#8217;\u00e0 d\u00e9fendre l&#8217;id\u00e9e d&#8217;une pluralit\u00e9 des mondes &#8211; th\u00e9orie qu&#8217;il ne peut admettre au regard de ses cons\u00e9quences th\u00e9ologiques -, Gassendi, qui poss\u00e9dait un exemplaire du <em>De Immenso,<\/em> laisse affleurer dans ses ouvrages son accord avec l&#8217;aspect cosmologique des th\u00e8ses de Bruno, notamment l&#8217;id\u00e9e que les \u00e9toiles sont d&#8217;autres soleils, \u00e9ventuellement entour\u00e9s de plan\u00e8tes. A l\u2019exemple de l\u2019h\u00e9liocentriste anglais Thomas Digges<a href=\"#_edn5\" name=\"_ednref5\">[v]<\/a>, il imagine que les \u00e9toiles ne sont pas fix\u00e9es \u00e0 la surface de la derni\u00e8re sph\u00e8re du monde, mais dispers\u00e9es sans ordre dans l\u2019univers, sans \u00eatre organis\u00e9es en couches concentriques comme avait pu le sugg\u00e9rer Kepler. Gassendi envisage enfin que les plan\u00e8tes du syst\u00e8me solaire sont habit\u00e9es, tout en prenant soin de mettre en garde contre les concepts anthropomorphiques appliqu\u00e9s aux conceptions du vivant.<\/p>\n<p style=\"text-align: justify\">L&#8217;influence la plus importante des \u00e9crits de Gassendi en Angleterre s&#8217;est exerc\u00e9e sur John Locke et Isaac Newton. L\u2019importance g\u00e9n\u00e9rale de l\u2019humaniste fran\u00e7ais sur <em>l&#8217;Essay on Human Understanding <\/em>(1690) a \u00e9t\u00e9 ainsi not\u00e9e par Leibniz\u00a0: \u00abThis author [Locke] is pretty much in agreement with M. Gassendi&#8217;s System, which is fundamentally that of Democritus : he supports vacuum and atoms, he believes that matter could think, that there are no innate ideas, that our mind is a tabula rasa, and that we do not think all the time ; and he seems inclined to agree with most of M. Gassendi&#8217;s objections against M. Descartes\u00bb.<a href=\"#_edn6\" name=\"_ednref6\">[vi]<\/a><\/p>\n<figure id=\"attachment_2986\" aria-describedby=\"caption-attachment-2986\" style=\"width: 280px\" class=\"wp-caption aligncenter\"><a href=\"https:\/\/blogs.futura-sciences.com\/luminet\/wp-content\/uploads\/sites\/2\/2017\/09\/cratere-gassendi.jpg\" rel=\"lightbox[2910]\"><img loading=\"lazy\" decoding=\"async\" class=\"wp-image-2986 size-full\" src=\"https:\/\/blogs.futura-sciences.com\/luminet\/wp-content\/uploads\/sites\/2\/2017\/09\/cratere-gassendi.jpg\" alt=\"\" width=\"280\" height=\"283\" \/><\/a><figcaption id=\"caption-attachment-2986\" class=\"wp-caption-text\">Le crat\u00e8re lunaire nomm\u00e9 Gassendi en hommage \u00e0 ses travaux<\/figcaption><\/figure>\n<h4>R\u00e9f\u00e9rences<\/h4>\n<p style=\"text-align: justify\"><a href=\"#_ednref1\" name=\"_edn1\">[i]<\/a> Outre sa <em>Vie de Peiresc<\/em> d\u00e9j\u00e0 cit\u00e9e, on lui doit de pr\u00e9cieuses biographies sur les astronomes Regiomontanus, Copernic, Tycho Brahe et Kepler. See e.g. Pierre Gassendi\u00a0: <em>The Life of Copernicus<\/em> (1654), with notes by Olivier Thill, Xulon Press, 2002.<\/p>\n<p style=\"text-align: justify\"><a href=\"#_ednref2\" name=\"_edn2\">[ii]<\/a> Le microm\u00e8tre d\u00e9velopp\u00e9 par l\u2019Anglais William Gascoigne en 1639 restait inconnu en dehors de son territoire.<\/p>\n<p style=\"text-align: justify\"><a href=\"#_ednref3\" name=\"_edn3\">[iii]<\/a> La d\u00e9couverte sera faite par Christiaan Huygens en 1655, ann\u00e9e de la mort de Gassendi.<\/p>\n<p style=\"text-align: justify\"><a href=\"#_ednref4\" name=\"_edn4\">[iv]<\/a> <em>Mercurius in sole visus et Venus invisa<\/em><em>, Paris (1632). <\/em>Le texte en latin est disponible en ligne sur <a href=\"http:\/\/www.bvh.univ-tours.fr\/B410186201_I962\/B410186201_I962_rvb.pdf\"><em>http:\/\/www.bvh.univ-tours.fr\/B410186201_I962\/B410186201_I962_rvb.pdf<\/em><\/a><em>.<\/em><\/p>\n<p style=\"text-align: justify\"><a href=\"#_ednref5\" name=\"_edn5\">[v]<\/a> <em>A Perfit Description of the Caelestial Orbes <\/em>(1576).<\/p>\n<p style=\"text-align: justify\"><a href=\"#_ednref6\" name=\"_edn6\">[vi]<\/a> G. W. Leibniz, <em>New Essays on Human Understanding<\/em>, trans. and ed. P. Remnant and J. Bennett, Cambridge University Pres, 1982.<\/p>\n<p><strong>Suite \u00e0 venir : Jean-Dominique Cassini<br \/>\n<\/strong><\/p>\n<!-- AddThis Advanced Settings generic via filter on the_content --><!-- AddThis Share Buttons generic via filter on the_content -->","protected":false},"excerpt":{"rendered":"<p>Suite du billet pr\u00e9c\u00e9dent La r\u00e9volution copernicienne chez les humanistes proven\u00e7aux (3) : Peiresc De l\u2019astronomie \u00e0 l\u2019atomisme Pierre Gassendi na\u00eet le 22 janvier 1592 pr\u00e8s de Digne, dans les Alpes de Haute-Provence. Apr\u00e8s avoir commenc\u00e9 ses \u00e9tudes au coll\u00e8ge de Digne, il suit des cours de philosophie \u00e0 l&#8217;universit\u00e9 d&#8217;Aix. En 1614, apr\u00e8s l&#8217;obtention &hellip; <a href=\"https:\/\/blogs.futura-sciences.com\/luminet\/2017\/09\/13\/revolution-copernicienne-chez-humanistes-provencaux-4-gassendi\/\" class=\"more-link\">Continuer la lecture de <span class=\"screen-reader-text\">La r\u00e9volution copernicienne chez les humanistes proven\u00e7aux (4) : Gassendi<\/span>  <span class=\"meta-nav\">&rarr;<\/span><\/a><!-- AddThis Advanced Settings generic via filter on get_the_excerpt --><!-- AddThis Share Buttons generic via filter on get_the_excerpt --><\/p>\n","protected":false},"author":2,"featured_media":2985,"comment_status":"open","ping_status":"open","sticky":false,"template":"","format":"standard","meta":{"footnotes":"","_links_to":"","_links_to_target":""},"categories":[14,27],"tags":[213,234,289,368,371],"class_list":["post-2910","post","type-post","status-publish","format-standard","has-post-thumbnail","hentry","category-histoire-des-sciences-sciences","category-mes-publications","tag-atomisme","tag-galilee","tag-gassendi","tag-peiresc","tag-transit-de-mercure"],"yoast_head":"<!-- This site is optimized with the Yoast SEO plugin v24.1 - https:\/\/yoast.com\/wordpress\/plugins\/seo\/ -->\n<title>La r\u00e9volution copernicienne chez les humanistes proven\u00e7aux (4) : Gassendi, par Jean-Pierre Luminet<\/title>\n<meta name=\"robots\" content=\"index, follow, max-snippet:-1, max-image-preview:large, max-video-preview:-1\" \/>\n<link rel=\"canonical\" href=\"https:\/\/blogs.futura-sciences.com\/luminet\/2017\/09\/13\/revolution-copernicienne-chez-humanistes-provencaux-4-gassendi\/\" \/>\n<meta property=\"og:locale\" content=\"fr_FR\" \/>\n<meta property=\"og:type\" content=\"article\" \/>\n<meta property=\"og:title\" content=\"La r\u00e9volution copernicienne chez les humanistes proven\u00e7aux (4) : Gassendi, par Jean-Pierre Luminet\" \/>\n<meta property=\"og:description\" content=\"Suite du billet pr\u00e9c\u00e9dent La r\u00e9volution copernicienne chez les humanistes proven\u00e7aux (3) : Peiresc De l\u2019astronomie \u00e0 l\u2019atomisme Pierre Gassendi na\u00eet le 22 janvier 1592 pr\u00e8s de Digne, dans les Alpes de Haute-Provence. Apr\u00e8s avoir commenc\u00e9 ses \u00e9tudes au coll\u00e8ge de Digne, il suit des cours de philosophie \u00e0 l&#8217;universit\u00e9 d&#8217;Aix. En 1614, apr\u00e8s l&#8217;obtention &hellip; Continuer la lecture de La r\u00e9volution copernicienne chez les humanistes proven\u00e7aux (4) : Gassendi &rarr;\" \/>\n<meta property=\"og:url\" content=\"https:\/\/blogs.futura-sciences.com\/luminet\/2017\/09\/13\/revolution-copernicienne-chez-humanistes-provencaux-4-gassendi\/\" \/>\n<meta property=\"og:site_name\" content=\"LUMINESCIENCES : le blog de Jean-Pierre LUMINET, astrophysicien\" \/>\n<meta property=\"article:published_time\" content=\"2017-09-13T16:15:11+00:00\" \/>\n<meta property=\"article:modified_time\" content=\"2019-01-03T16:53:53+00:00\" \/>\n<meta property=\"og:image\" content=\"https:\/\/blogs.futura-sciences.com\/luminet\/wp-content\/uploads\/sites\/2\/2017\/09\/college_royal.jpg\" \/>\n\t<meta property=\"og:image:width\" content=\"600\" \/>\n\t<meta property=\"og:image:height\" content=\"259\" \/>\n\t<meta property=\"og:image:type\" content=\"image\/jpeg\" \/>\n<meta name=\"author\" content=\"Jean-Pierre LUMINET\" \/>\n<meta name=\"twitter:card\" content=\"summary_large_image\" \/>\n<meta name=\"twitter:label1\" content=\"\u00c9crit par\" \/>\n\t<meta name=\"twitter:data1\" content=\"Jean-Pierre LUMINET\" \/>\n\t<meta name=\"twitter:label2\" content=\"Dur\u00e9e de lecture estim\u00e9e\" \/>\n\t<meta name=\"twitter:data2\" content=\"12 minutes\" \/>\n<script type=\"application\/ld+json\" class=\"yoast-schema-graph\">{\"@context\":\"https:\/\/schema.org\",\"@graph\":[{\"@type\":\"WebPage\",\"@id\":\"https:\/\/blogs.futura-sciences.com\/luminet\/2017\/09\/13\/revolution-copernicienne-chez-humanistes-provencaux-4-gassendi\/\",\"url\":\"https:\/\/blogs.futura-sciences.com\/luminet\/2017\/09\/13\/revolution-copernicienne-chez-humanistes-provencaux-4-gassendi\/\",\"name\":\"La r\u00e9volution copernicienne chez les humanistes proven\u00e7aux (4) : Gassendi, par Jean-Pierre Luminet\",\"isPartOf\":{\"@id\":\"https:\/\/blogs.futura-sciences.com\/luminet\/#website\"},\"primaryImageOfPage\":{\"@id\":\"https:\/\/blogs.futura-sciences.com\/luminet\/2017\/09\/13\/revolution-copernicienne-chez-humanistes-provencaux-4-gassendi\/#primaryimage\"},\"image\":{\"@id\":\"https:\/\/blogs.futura-sciences.com\/luminet\/2017\/09\/13\/revolution-copernicienne-chez-humanistes-provencaux-4-gassendi\/#primaryimage\"},\"thumbnailUrl\":\"https:\/\/blogs.futura-sciences.com\/luminet\/wp-content\/uploads\/sites\/2\/2017\/09\/college_royal.jpg\",\"datePublished\":\"2017-09-13T16:15:11+00:00\",\"dateModified\":\"2019-01-03T16:53:53+00:00\",\"author\":{\"@id\":\"https:\/\/blogs.futura-sciences.com\/luminet\/#\/schema\/person\/d61f577b54398f0ecee81e140e7643cb\"},\"inLanguage\":\"fr-FR\",\"potentialAction\":[{\"@type\":\"ReadAction\",\"target\":[\"https:\/\/blogs.futura-sciences.com\/luminet\/2017\/09\/13\/revolution-copernicienne-chez-humanistes-provencaux-4-gassendi\/\"]}]},{\"@type\":\"ImageObject\",\"inLanguage\":\"fr-FR\",\"@id\":\"https:\/\/blogs.futura-sciences.com\/luminet\/2017\/09\/13\/revolution-copernicienne-chez-humanistes-provencaux-4-gassendi\/#primaryimage\",\"url\":\"https:\/\/blogs.futura-sciences.com\/luminet\/wp-content\/uploads\/sites\/2\/2017\/09\/college_royal.jpg\",\"contentUrl\":\"https:\/\/blogs.futura-sciences.com\/luminet\/wp-content\/uploads\/sites\/2\/2017\/09\/college_royal.jpg\",\"width\":600,\"height\":259,\"caption\":\"Le Coll\u00e8ge Royal (futur Coll\u00e8ge de France) du temps de Gassendi\"},{\"@type\":\"WebSite\",\"@id\":\"https:\/\/blogs.futura-sciences.com\/luminet\/#website\",\"url\":\"https:\/\/blogs.futura-sciences.com\/luminet\/\",\"name\":\"LUMINESCIENCES : le blog de Jean-Pierre LUMINET, astrophysicien\",\"description\":\"J\u2019eus le vertige et je pleurai car mes yeux avaient vu cet objet secret et conjectural dont les hommes usurpent le nom, mais qu\u2019aucun homme n\u2019a regard\u00e9 : l\u2019inconcevable univers.  Jorge Luis Borges, L\u2019Aleph (1949)\",\"potentialAction\":[{\"@type\":\"SearchAction\",\"target\":{\"@type\":\"EntryPoint\",\"urlTemplate\":\"https:\/\/blogs.futura-sciences.com\/luminet\/?s={search_term_string}\"},\"query-input\":{\"@type\":\"PropertyValueSpecification\",\"valueRequired\":true,\"valueName\":\"search_term_string\"}}],\"inLanguage\":\"fr-FR\"},{\"@type\":\"Person\",\"@id\":\"https:\/\/blogs.futura-sciences.com\/luminet\/#\/schema\/person\/d61f577b54398f0ecee81e140e7643cb\",\"name\":\"Jean-Pierre LUMINET\",\"image\":{\"@type\":\"ImageObject\",\"inLanguage\":\"fr-FR\",\"@id\":\"https:\/\/blogs.futura-sciences.com\/luminet\/#\/schema\/person\/image\/\",\"url\":\"https:\/\/secure.gravatar.com\/avatar\/a6d27645b8081b2f766677414e6a83e1?s=96&d=mm&r=g\",\"contentUrl\":\"https:\/\/secure.gravatar.com\/avatar\/a6d27645b8081b2f766677414e6a83e1?s=96&d=mm&r=g\",\"caption\":\"Jean-Pierre LUMINET\"},\"url\":\"https:\/\/blogs.futura-sciences.com\/luminet\/author\/jpluminet\/\"}]}<\/script>\n<!-- \/ Yoast SEO plugin. -->","yoast_head_json":{"title":"La r\u00e9volution copernicienne chez les humanistes proven\u00e7aux (4) : Gassendi, par Jean-Pierre Luminet","robots":{"index":"index","follow":"follow","max-snippet":"max-snippet:-1","max-image-preview":"max-image-preview:large","max-video-preview":"max-video-preview:-1"},"canonical":"https:\/\/blogs.futura-sciences.com\/luminet\/2017\/09\/13\/revolution-copernicienne-chez-humanistes-provencaux-4-gassendi\/","og_locale":"fr_FR","og_type":"article","og_title":"La r\u00e9volution copernicienne chez les humanistes proven\u00e7aux (4) : Gassendi, par Jean-Pierre Luminet","og_description":"Suite du billet pr\u00e9c\u00e9dent La r\u00e9volution copernicienne chez les humanistes proven\u00e7aux (3) : Peiresc De l\u2019astronomie \u00e0 l\u2019atomisme Pierre Gassendi na\u00eet le 22 janvier 1592 pr\u00e8s de Digne, dans les Alpes de Haute-Provence. Apr\u00e8s avoir commenc\u00e9 ses \u00e9tudes au coll\u00e8ge de Digne, il suit des cours de philosophie \u00e0 l&#8217;universit\u00e9 d&#8217;Aix. En 1614, apr\u00e8s l&#8217;obtention &hellip; Continuer la lecture de La r\u00e9volution copernicienne chez les humanistes proven\u00e7aux (4) : Gassendi &rarr;","og_url":"https:\/\/blogs.futura-sciences.com\/luminet\/2017\/09\/13\/revolution-copernicienne-chez-humanistes-provencaux-4-gassendi\/","og_site_name":"LUMINESCIENCES : le blog de Jean-Pierre LUMINET, astrophysicien","article_published_time":"2017-09-13T16:15:11+00:00","article_modified_time":"2019-01-03T16:53:53+00:00","og_image":[{"width":600,"height":259,"url":"https:\/\/blogs.futura-sciences.com\/luminet\/wp-content\/uploads\/sites\/2\/2017\/09\/college_royal.jpg","type":"image\/jpeg"}],"author":"Jean-Pierre LUMINET","twitter_card":"summary_large_image","twitter_misc":{"\u00c9crit par":"Jean-Pierre LUMINET","Dur\u00e9e de lecture estim\u00e9e":"12 minutes"},"schema":{"@context":"https:\/\/schema.org","@graph":[{"@type":"WebPage","@id":"https:\/\/blogs.futura-sciences.com\/luminet\/2017\/09\/13\/revolution-copernicienne-chez-humanistes-provencaux-4-gassendi\/","url":"https:\/\/blogs.futura-sciences.com\/luminet\/2017\/09\/13\/revolution-copernicienne-chez-humanistes-provencaux-4-gassendi\/","name":"La r\u00e9volution copernicienne chez les humanistes proven\u00e7aux (4) : Gassendi, par Jean-Pierre Luminet","isPartOf":{"@id":"https:\/\/blogs.futura-sciences.com\/luminet\/#website"},"primaryImageOfPage":{"@id":"https:\/\/blogs.futura-sciences.com\/luminet\/2017\/09\/13\/revolution-copernicienne-chez-humanistes-provencaux-4-gassendi\/#primaryimage"},"image":{"@id":"https:\/\/blogs.futura-sciences.com\/luminet\/2017\/09\/13\/revolution-copernicienne-chez-humanistes-provencaux-4-gassendi\/#primaryimage"},"thumbnailUrl":"https:\/\/blogs.futura-sciences.com\/luminet\/wp-content\/uploads\/sites\/2\/2017\/09\/college_royal.jpg","datePublished":"2017-09-13T16:15:11+00:00","dateModified":"2019-01-03T16:53:53+00:00","author":{"@id":"https:\/\/blogs.futura-sciences.com\/luminet\/#\/schema\/person\/d61f577b54398f0ecee81e140e7643cb"},"inLanguage":"fr-FR","potentialAction":[{"@type":"ReadAction","target":["https:\/\/blogs.futura-sciences.com\/luminet\/2017\/09\/13\/revolution-copernicienne-chez-humanistes-provencaux-4-gassendi\/"]}]},{"@type":"ImageObject","inLanguage":"fr-FR","@id":"https:\/\/blogs.futura-sciences.com\/luminet\/2017\/09\/13\/revolution-copernicienne-chez-humanistes-provencaux-4-gassendi\/#primaryimage","url":"https:\/\/blogs.futura-sciences.com\/luminet\/wp-content\/uploads\/sites\/2\/2017\/09\/college_royal.jpg","contentUrl":"https:\/\/blogs.futura-sciences.com\/luminet\/wp-content\/uploads\/sites\/2\/2017\/09\/college_royal.jpg","width":600,"height":259,"caption":"Le Coll\u00e8ge Royal (futur Coll\u00e8ge de France) du temps de Gassendi"},{"@type":"WebSite","@id":"https:\/\/blogs.futura-sciences.com\/luminet\/#website","url":"https:\/\/blogs.futura-sciences.com\/luminet\/","name":"LUMINESCIENCES : le blog de Jean-Pierre LUMINET, astrophysicien","description":"J\u2019eus le vertige et je pleurai car mes yeux avaient vu cet objet secret et conjectural dont les hommes usurpent le nom, mais qu\u2019aucun homme n\u2019a regard\u00e9 : l\u2019inconcevable univers.  Jorge Luis Borges, L\u2019Aleph (1949)","potentialAction":[{"@type":"SearchAction","target":{"@type":"EntryPoint","urlTemplate":"https:\/\/blogs.futura-sciences.com\/luminet\/?s={search_term_string}"},"query-input":{"@type":"PropertyValueSpecification","valueRequired":true,"valueName":"search_term_string"}}],"inLanguage":"fr-FR"},{"@type":"Person","@id":"https:\/\/blogs.futura-sciences.com\/luminet\/#\/schema\/person\/d61f577b54398f0ecee81e140e7643cb","name":"Jean-Pierre LUMINET","image":{"@type":"ImageObject","inLanguage":"fr-FR","@id":"https:\/\/blogs.futura-sciences.com\/luminet\/#\/schema\/person\/image\/","url":"https:\/\/secure.gravatar.com\/avatar\/a6d27645b8081b2f766677414e6a83e1?s=96&d=mm&r=g","contentUrl":"https:\/\/secure.gravatar.com\/avatar\/a6d27645b8081b2f766677414e6a83e1?s=96&d=mm&r=g","caption":"Jean-Pierre LUMINET"},"url":"https:\/\/blogs.futura-sciences.com\/luminet\/author\/jpluminet\/"}]}},"_links":{"self":[{"href":"https:\/\/blogs.futura-sciences.com\/luminet\/wp-json\/wp\/v2\/posts\/2910","targetHints":{"allow":["GET"]}}],"collection":[{"href":"https:\/\/blogs.futura-sciences.com\/luminet\/wp-json\/wp\/v2\/posts"}],"about":[{"href":"https:\/\/blogs.futura-sciences.com\/luminet\/wp-json\/wp\/v2\/types\/post"}],"author":[{"embeddable":true,"href":"https:\/\/blogs.futura-sciences.com\/luminet\/wp-json\/wp\/v2\/users\/2"}],"replies":[{"embeddable":true,"href":"https:\/\/blogs.futura-sciences.com\/luminet\/wp-json\/wp\/v2\/comments?post=2910"}],"version-history":[{"count":13,"href":"https:\/\/blogs.futura-sciences.com\/luminet\/wp-json\/wp\/v2\/posts\/2910\/revisions"}],"predecessor-version":[{"id":3463,"href":"https:\/\/blogs.futura-sciences.com\/luminet\/wp-json\/wp\/v2\/posts\/2910\/revisions\/3463"}],"wp:featuredmedia":[{"embeddable":true,"href":"https:\/\/blogs.futura-sciences.com\/luminet\/wp-json\/wp\/v2\/media\/2985"}],"wp:attachment":[{"href":"https:\/\/blogs.futura-sciences.com\/luminet\/wp-json\/wp\/v2\/media?parent=2910"}],"wp:term":[{"taxonomy":"category","embeddable":true,"href":"https:\/\/blogs.futura-sciences.com\/luminet\/wp-json\/wp\/v2\/categories?post=2910"},{"taxonomy":"post_tag","embeddable":true,"href":"https:\/\/blogs.futura-sciences.com\/luminet\/wp-json\/wp\/v2\/tags?post=2910"}],"curies":[{"name":"wp","href":"https:\/\/api.w.org\/{rel}","templated":true}]}}