{"id":2878,"date":"2017-12-02T18:20:59","date_gmt":"2017-12-02T18:20:59","guid":{"rendered":"https:\/\/blogs.futura-sciences.com\/luminet\/?p=2878"},"modified":"2018-01-31T14:13:00","modified_gmt":"2018-01-31T14:13:00","slug":"mes-sculptures","status":"publish","type":"post","link":"https:\/\/blogs.futura-sciences.com\/luminet\/2017\/12\/02\/mes-sculptures\/","title":{"rendered":"Mes sculptures"},"content":{"rendered":"<p style=\"text-align: justify\">M&#8217;\u00e9tant int\u00e9ress\u00e9 tout au long de ma vie \u00e0 diverses formes d&#8217;expression artistique, j&#8217;ai consacr\u00e9 quelques mois seulement \u00e0 la sculpture \u00e0 l&#8217;arc \u00e9lectrique. C&#8217;\u00e9tait en 1994 &#8230;\u00a0 Mon mod\u00e8le \u00e9tait \u00e9videmment C\u00e9sar Baldaccini, dit C\u00e9sar, mon compatriote marseillais, mais aussi mon ami d&#8217;enfance Philippe Andr\u00e9, psychiatre et \u00e9crivain de son \u00e9tat, mais qui avait utilis\u00e9\u00a0 plusieurs ann\u00e9es durant cette technique et produit une trentaine d&#8217;\u0153uvres admirables. J&#8217;ai d&#8217;ailleurs eu la chance d&#8217;exposer avec lui en 1994 au Centre Culturel de Meudon (Exposition L&#8217;Encre et le Fer : \u00e0 moi l&#8217;encre, c&#8217;est-\u00e0-dire encres de chine et\u00a0 lithographies, \u00e0 lui la ferraille).<\/p>\n<p style=\"text-align: justify\">\n<!-- iframe plugin v.5.1 wordpress.org\/plugins\/iframe\/ -->\n<iframe loading=\"lazy\" width=\"560\" height=\"315\" src=\"https:\/\/www.youtube.com\/embed\/LSPzR1cCa30\" frameborder=\"0\" 0=\"allowfullscreen\" scrolling=\"yes\" class=\"iframe-class\"><\/iframe>\n<\/p>\n<p style=\"text-align: justify\">J&#8217;ai vite \u00e9t\u00e9 fascin\u00e9 par cette rencontre avec la mati\u00e8re au sens le plus concret du terme, \u00e0 savoir la ferraille, que j&#8217;allais r\u00e9cup\u00e9rer chez les ferrailleurs de l&#8217;Yonne proches de ma maison de campagne. Certaines pi\u00e8ces d\u00e9tach\u00e9es issues d&#8217;antiques machines agricoles \u00e9taient d&#8217;ailleurs en elles-m\u00eames de petites\u00a0 \u0153uvres d&#8217;art !<\/p>\n<p style=\"text-align: justify\">Pour r\u00e9aliser ce type de sculpture, il faut s&#8217;\u00e9quiper d&#8217;un poste \u00e0 souder, de jeux d&#8217;\u00e9lectrodes de diverses grosseurs dont la mati\u00e8re, fondue sous la puissance \u00e9lectrique, permet de coller entre elles les pi\u00e8ces de m\u00e9tal, d&#8217;une meuleuse pour fa\u00e7onner les divers \u00e9l\u00e9ments constitutifs de la sculpture, d&#8217;un masque, d&#8217;un v\u00eatement enti\u00e8rement couvrant\u00a0 et d&#8217;une forte paire de gants pour se prot\u00e9ger des \u00e9tincelles ! Apr\u00e8s quelques heures de travail pass\u00e9es dans l&#8217;atelier, on en ressort tremp\u00e9 de sueur et de fatigue, mais heureux d&#8217;avoir fait plier les \u00e9l\u00e9ments les moins mall\u00e9ables de la nature.<\/p>\n<p style=\"text-align: justify\"><a href=\"https:\/\/blogs.futura-sciences.com\/luminet\/wp-content\/uploads\/sites\/2\/2017\/05\/arc-electrique.jpg\" rel=\"lightbox[2878]\"><img loading=\"lazy\" decoding=\"async\" class=\"aligncenter size-medium wp-image-2899\" src=\"https:\/\/blogs.futura-sciences.com\/luminet\/wp-content\/uploads\/sites\/2\/2017\/05\/arc-electrique-450x253.jpg\" alt=\"\" width=\"450\" height=\"253\" \/><\/a><\/p>\n<p style=\"text-align: justify\">Mes r\u00e9alisations n&#8217;ont gu\u00e8re \u00e9t\u00e9 \u00e9labor\u00e9es: j&#8217;ai rapidement perdu l&#8217;usage d&#8217;un atelier, et je suis donc pass\u00e9 \u00e0 autre chose (il y en a tant \u00e0 faire et \u00e0 exp\u00e9rimenter!).\u00a0 J&#8217;ose quand m\u00eame montrer ici quelques-unes de mes r\u00e9alisations un peu simplistes.<\/p>\n<p style=\"text-align: justify\">\u00a0J&#8217;ai commenc\u00e9 par une petite girouette : <a href=\"https:\/\/blogs.futura-sciences.com\/luminet\/wp-content\/uploads\/sites\/2\/2017\/05\/Girouette275.jpg\" rel=\"lightbox[2878]\"><img loading=\"lazy\" decoding=\"async\" class=\"wp-image-2891 aligncenter\" src=\"https:\/\/blogs.futura-sciences.com\/luminet\/wp-content\/uploads\/sites\/2\/2017\/05\/Girouette275-450x321.jpg\" alt=\"\" width=\"274\" height=\"196\" srcset=\"https:\/\/blogs.futura-sciences.com\/luminet\/wp-content\/uploads\/sites\/2\/2017\/05\/Girouette275-450x321.jpg 450w, https:\/\/blogs.futura-sciences.com\/luminet\/wp-content\/uploads\/sites\/2\/2017\/05\/Girouette275-768x548.jpg 768w, https:\/\/blogs.futura-sciences.com\/luminet\/wp-content\/uploads\/sites\/2\/2017\/05\/Girouette275-1024x731.jpg 1024w, https:\/\/blogs.futura-sciences.com\/luminet\/wp-content\/uploads\/sites\/2\/2017\/05\/Girouette275.jpg 1652w\" sizes=\"auto, (max-width: 274px) 100vw, 274px\" \/><\/a><\/p>\n<p style=\"text-align: justify\">Puis une s\u00e9rie de 12 soudures tr\u00e8s simples, intitul\u00e9e &#8220;Les douze ap\u00f4tres&#8221; (aucune religiosit\u00e9 derri\u00e8re), dont voici quatre reproductions :<!--more--><\/p>\n<table>\n<tbody>\n<tr>\n<td><a href=\"https:\/\/blogs.futura-sciences.com\/luminet\/wp-content\/uploads\/sites\/2\/2017\/05\/Apotre270.jpg\" rel=\"lightbox[2878]\"><img loading=\"lazy\" decoding=\"async\" class=\"aligncenter wp-image-2886\" src=\"https:\/\/blogs.futura-sciences.com\/luminet\/wp-content\/uploads\/sites\/2\/2017\/05\/Apotre270-302x450.jpg\" alt=\"\" width=\"192\" height=\"286\" srcset=\"https:\/\/blogs.futura-sciences.com\/luminet\/wp-content\/uploads\/sites\/2\/2017\/05\/Apotre270-302x450.jpg 302w, https:\/\/blogs.futura-sciences.com\/luminet\/wp-content\/uploads\/sites\/2\/2017\/05\/Apotre270-768x1146.jpg 768w, https:\/\/blogs.futura-sciences.com\/luminet\/wp-content\/uploads\/sites\/2\/2017\/05\/Apotre270-686x1024.jpg 686w, https:\/\/blogs.futura-sciences.com\/luminet\/wp-content\/uploads\/sites\/2\/2017\/05\/Apotre270.jpg 1121w\" sizes=\"auto, (max-width: 192px) 100vw, 192px\" \/><\/a><\/td>\n<td><a href=\"https:\/\/blogs.futura-sciences.com\/luminet\/wp-content\/uploads\/sites\/2\/2017\/05\/1994-Apotre266.jpg\" rel=\"lightbox[2878]\"><img loading=\"lazy\" decoding=\"async\" class=\"aligncenter wp-image-2882\" src=\"https:\/\/blogs.futura-sciences.com\/luminet\/wp-content\/uploads\/sites\/2\/2017\/05\/1994-Apotre266-450x299.jpg\" alt=\"\" width=\"287\" height=\"191\" srcset=\"https:\/\/blogs.futura-sciences.com\/luminet\/wp-content\/uploads\/sites\/2\/2017\/05\/1994-Apotre266-450x299.jpg 450w, https:\/\/blogs.futura-sciences.com\/luminet\/wp-content\/uploads\/sites\/2\/2017\/05\/1994-Apotre266-768x510.jpg 768w, https:\/\/blogs.futura-sciences.com\/luminet\/wp-content\/uploads\/sites\/2\/2017\/05\/1994-Apotre266-1024x680.jpg 1024w, https:\/\/blogs.futura-sciences.com\/luminet\/wp-content\/uploads\/sites\/2\/2017\/05\/1994-Apotre266.jpg 1770w\" sizes=\"auto, (max-width: 287px) 100vw, 287px\" \/><\/a><\/td>\n<\/tr>\n<\/tbody>\n<\/table>\n<table>\n<tbody>\n<tr>\n<td><a href=\"https:\/\/blogs.futura-sciences.com\/luminet\/wp-content\/uploads\/sites\/2\/2017\/05\/Apotre267.jpg\" rel=\"lightbox[2878]\"><img loading=\"lazy\" decoding=\"async\" class=\"aligncenter wp-image-2883\" src=\"https:\/\/blogs.futura-sciences.com\/luminet\/wp-content\/uploads\/sites\/2\/2017\/05\/Apotre267-450x299.jpg\" alt=\"\" width=\"263\" height=\"175\" srcset=\"https:\/\/blogs.futura-sciences.com\/luminet\/wp-content\/uploads\/sites\/2\/2017\/05\/Apotre267-450x299.jpg 450w, https:\/\/blogs.futura-sciences.com\/luminet\/wp-content\/uploads\/sites\/2\/2017\/05\/Apotre267-768x510.jpg 768w, https:\/\/blogs.futura-sciences.com\/luminet\/wp-content\/uploads\/sites\/2\/2017\/05\/Apotre267-1024x680.jpg 1024w, https:\/\/blogs.futura-sciences.com\/luminet\/wp-content\/uploads\/sites\/2\/2017\/05\/Apotre267.jpg 1770w\" sizes=\"auto, (max-width: 263px) 100vw, 263px\" \/><\/a><\/td>\n<td><a href=\"https:\/\/blogs.futura-sciences.com\/luminet\/wp-content\/uploads\/sites\/2\/2017\/05\/Apotre271.jpg\" rel=\"lightbox[2878]\"><img loading=\"lazy\" decoding=\"async\" class=\"aligncenter wp-image-2887\" src=\"https:\/\/blogs.futura-sciences.com\/luminet\/wp-content\/uploads\/sites\/2\/2017\/05\/Apotre271-306x450.jpg\" alt=\"\" width=\"211\" height=\"310\" srcset=\"https:\/\/blogs.futura-sciences.com\/luminet\/wp-content\/uploads\/sites\/2\/2017\/05\/Apotre271-306x450.jpg 306w, https:\/\/blogs.futura-sciences.com\/luminet\/wp-content\/uploads\/sites\/2\/2017\/05\/Apotre271-768x1128.jpg 768w, https:\/\/blogs.futura-sciences.com\/luminet\/wp-content\/uploads\/sites\/2\/2017\/05\/Apotre271-697x1024.jpg 697w, https:\/\/blogs.futura-sciences.com\/luminet\/wp-content\/uploads\/sites\/2\/2017\/05\/Apotre271.jpg 1042w\" sizes=\"auto, (max-width: 211px) 100vw, 211px\" \/><\/a><\/td>\n<\/tr>\n<\/tbody>\n<\/table>\n<p style=\"text-align: justify\">Et surtout, un &#8220;Oiseau de Malicorne&#8221; (o\u00f9 j&#8217;ai utilis\u00e9 un magnifique soc de charrue), qui tr\u00f4ne depuis \u00e0 demeure dans la propri\u00e9t\u00e9 de Hubert et Camille Reeves \u00e0 Malicorne, qui avaient eu la gentillesse d&#8217;h\u00e9berger mon atelier :<\/p>\n<figure id=\"attachment_2892\" aria-describedby=\"caption-attachment-2892\" style=\"width: 327px\" class=\"wp-caption aligncenter\"><a href=\"https:\/\/blogs.futura-sciences.com\/luminet\/wp-content\/uploads\/sites\/2\/2017\/05\/Oiseau276.jpg\" rel=\"lightbox[2878]\"><img loading=\"lazy\" decoding=\"async\" class=\"wp-image-2892 size-medium\" src=\"https:\/\/blogs.futura-sciences.com\/luminet\/wp-content\/uploads\/sites\/2\/2017\/05\/Oiseau276-327x450.jpg\" alt=\"\" width=\"327\" height=\"450\" srcset=\"https:\/\/blogs.futura-sciences.com\/luminet\/wp-content\/uploads\/sites\/2\/2017\/05\/Oiseau276-327x450.jpg 327w, https:\/\/blogs.futura-sciences.com\/luminet\/wp-content\/uploads\/sites\/2\/2017\/05\/Oiseau276-768x1056.jpg 768w, https:\/\/blogs.futura-sciences.com\/luminet\/wp-content\/uploads\/sites\/2\/2017\/05\/Oiseau276-745x1024.jpg 745w, https:\/\/blogs.futura-sciences.com\/luminet\/wp-content\/uploads\/sites\/2\/2017\/05\/Oiseau276.jpg 1024w\" sizes=\"auto, (max-width: 327px) 100vw, 327px\" \/><\/a><figcaption id=\"caption-attachment-2892\" class=\"wp-caption-text\">Vue de profil toute fra\u00eeche sortie de l&#8217;atelier, devant un drap<\/figcaption><\/figure>\n<figure id=\"attachment_3033\" aria-describedby=\"caption-attachment-3033\" style=\"width: 1516px\" class=\"wp-caption aligncenter\"><img loading=\"lazy\" decoding=\"async\" class=\"size-full wp-image-3033\" src=\"https:\/\/blogs.futura-sciences.com\/luminet\/wp-content\/uploads\/sites\/2\/2017\/12\/Oiseau-de-Malicorne132.jpg\" alt=\"\" width=\"1516\" height=\"1084\" srcset=\"https:\/\/blogs.futura-sciences.com\/luminet\/wp-content\/uploads\/sites\/2\/2017\/12\/Oiseau-de-Malicorne132.jpg 1516w, https:\/\/blogs.futura-sciences.com\/luminet\/wp-content\/uploads\/sites\/2\/2017\/12\/Oiseau-de-Malicorne132-450x322.jpg 450w, https:\/\/blogs.futura-sciences.com\/luminet\/wp-content\/uploads\/sites\/2\/2017\/12\/Oiseau-de-Malicorne132-768x549.jpg 768w, https:\/\/blogs.futura-sciences.com\/luminet\/wp-content\/uploads\/sites\/2\/2017\/12\/Oiseau-de-Malicorne132-1024x732.jpg 1024w\" sizes=\"auto, (max-width: 1516px) 100vw, 1516px\" \/><figcaption id=\"caption-attachment-3033\" class=\"wp-caption-text\">Vue de profil, avant son installation<\/figcaption><\/figure>\n<figure id=\"attachment_2997\" aria-describedby=\"caption-attachment-2997\" style=\"width: 979px\" class=\"wp-caption aligncenter\"><img loading=\"lazy\" decoding=\"async\" class=\"wp-image-2997 size-full\" src=\"https:\/\/blogs.futura-sciences.com\/luminet\/wp-content\/uploads\/sites\/2\/2017\/09\/IMG_5183.jpg\" alt=\"\" width=\"979\" height=\"734\" srcset=\"https:\/\/blogs.futura-sciences.com\/luminet\/wp-content\/uploads\/sites\/2\/2017\/09\/IMG_5183.jpg 979w, https:\/\/blogs.futura-sciences.com\/luminet\/wp-content\/uploads\/sites\/2\/2017\/09\/IMG_5183-450x337.jpg 450w, https:\/\/blogs.futura-sciences.com\/luminet\/wp-content\/uploads\/sites\/2\/2017\/09\/IMG_5183-768x576.jpg 768w\" sizes=\"auto, (max-width: 979px) 100vw, 979px\" \/><figcaption id=\"caption-attachment-2997\" class=\"wp-caption-text\">Vue de 3\/4, solidement install\u00e9e en position d\u00e9finitive devant le ciel de Malicorne<\/figcaption><\/figure>\n<p style=\"text-align: justify\">Cette sculpture a \u00e9t\u00e9 expos\u00e9e en 1996 \u00e0 la Fondation Dosne-Thiers (Paris) lors de l&#8217;exposition collective <i><strong><a href=\"http:\/\/www.ilke-angela-marechal.com\/photos\/test-1\/\">Entre art et science, la cr\u00e9ation<\/a><\/strong> (images et vid\u00e9o en hyperlien).<br \/>\n<\/i><\/p>\n<p style=\"text-align: justify\">\n<!-- iframe plugin v.5.1 wordpress.org\/plugins\/iframe\/ -->\n<iframe loading=\"lazy\" width=\"560\" height=\"315\" src=\"https:\/\/www.youtube.com\/embed\/-qJahnLYO94\" frameborder=\"0\" 0=\"allowfullscreen\" scrolling=\"yes\" class=\"iframe-class\"><\/iframe>\n<\/p>\n<!-- AddThis Advanced Settings generic via filter on the_content --><!-- AddThis Share Buttons generic via filter on the_content -->","protected":false},"excerpt":{"rendered":"<p>M&#8217;\u00e9tant int\u00e9ress\u00e9 tout au long de ma vie \u00e0 diverses formes d&#8217;expression artistique, j&#8217;ai consacr\u00e9 quelques mois seulement \u00e0 la sculpture \u00e0 l&#8217;arc \u00e9lectrique. C&#8217;\u00e9tait en 1994 &#8230;\u00a0 Mon mod\u00e8le \u00e9tait \u00e9videmment C\u00e9sar Baldaccini, dit C\u00e9sar, mon compatriote marseillais, mais aussi mon ami d&#8217;enfance Philippe Andr\u00e9, psychiatre et \u00e9crivain de son \u00e9tat, mais qui avait &hellip; <a href=\"https:\/\/blogs.futura-sciences.com\/luminet\/2017\/12\/02\/mes-sculptures\/\" class=\"more-link\">Continuer la lecture de <span class=\"screen-reader-text\">Mes sculptures<\/span>  <span class=\"meta-nav\">&rarr;<\/span><\/a><!-- AddThis Advanced Settings generic via filter on get_the_excerpt --><!-- AddThis Share Buttons generic via filter on get_the_excerpt --><\/p>\n","protected":false},"author":2,"featured_media":2893,"comment_status":"open","ping_status":"open","sticky":false,"template":"","format":"standard","meta":{"footnotes":"","_links_to":"","_links_to_target":""},"categories":[8,13],"tags":[379,364,37,378,380,362,363],"class_list":["post-2878","post","type-post","status-publish","format-standard","has-post-thumbnail","hentry","category-arts","category-arts-visuels","tag-apotres","tag-arc-electrique","tag-luminet","tag-malicorne","tag-oiseau","tag-sculpture","tag-soudure"],"yoast_head":"<!-- This site is optimized with the Yoast SEO plugin v24.1 - https:\/\/yoast.com\/wordpress\/plugins\/seo\/ -->\n<title>Mes sculptures, par Jean-Pierre Luminet<\/title>\n<meta name=\"robots\" content=\"index, follow, max-snippet:-1, max-image-preview:large, max-video-preview:-1\" \/>\n<link rel=\"canonical\" href=\"https:\/\/blogs.futura-sciences.com\/luminet\/2017\/12\/02\/mes-sculptures\/\" \/>\n<meta property=\"og:locale\" content=\"fr_FR\" \/>\n<meta property=\"og:type\" content=\"article\" \/>\n<meta property=\"og:title\" content=\"Mes sculptures, par Jean-Pierre Luminet\" \/>\n<meta property=\"og:description\" content=\"M&#8217;\u00e9tant int\u00e9ress\u00e9 tout au long de ma vie \u00e0 diverses formes d&#8217;expression artistique, j&#8217;ai consacr\u00e9 quelques mois seulement \u00e0 la sculpture \u00e0 l&#8217;arc \u00e9lectrique. C&#8217;\u00e9tait en 1994 &#8230;\u00a0 Mon mod\u00e8le \u00e9tait \u00e9videmment C\u00e9sar Baldaccini, dit C\u00e9sar, mon compatriote marseillais, mais aussi mon ami d&#8217;enfance Philippe Andr\u00e9, psychiatre et \u00e9crivain de son \u00e9tat, mais qui avait &hellip; Continuer la lecture de Mes sculptures &rarr;\" \/>\n<meta property=\"og:url\" content=\"https:\/\/blogs.futura-sciences.com\/luminet\/2017\/12\/02\/mes-sculptures\/\" \/>\n<meta property=\"og:site_name\" content=\"LUMINESCIENCES : le blog de Jean-Pierre LUMINET, astrophysicien\" \/>\n<meta property=\"article:published_time\" content=\"2017-12-02T18:20:59+00:00\" \/>\n<meta property=\"article:modified_time\" content=\"2018-01-31T14:13:00+00:00\" \/>\n<meta property=\"og:image\" content=\"https:\/\/blogs.futura-sciences.com\/luminet\/wp-content\/uploads\/sites\/2\/2017\/05\/Douze.jpg\" \/>\n\t<meta property=\"og:image:width\" content=\"1582\" \/>\n\t<meta property=\"og:image:height\" content=\"802\" \/>\n\t<meta property=\"og:image:type\" content=\"image\/jpeg\" \/>\n<meta name=\"author\" content=\"Jean-Pierre LUMINET\" \/>\n<meta name=\"twitter:card\" content=\"summary_large_image\" \/>\n<meta name=\"twitter:label1\" content=\"\u00c9crit par\" \/>\n\t<meta name=\"twitter:data1\" content=\"Jean-Pierre LUMINET\" \/>\n\t<meta name=\"twitter:label2\" content=\"Dur\u00e9e de lecture estim\u00e9e\" \/>\n\t<meta name=\"twitter:data2\" content=\"2 minutes\" \/>\n<script type=\"application\/ld+json\" class=\"yoast-schema-graph\">{\"@context\":\"https:\/\/schema.org\",\"@graph\":[{\"@type\":\"WebPage\",\"@id\":\"https:\/\/blogs.futura-sciences.com\/luminet\/2017\/12\/02\/mes-sculptures\/\",\"url\":\"https:\/\/blogs.futura-sciences.com\/luminet\/2017\/12\/02\/mes-sculptures\/\",\"name\":\"Mes sculptures, par Jean-Pierre Luminet\",\"isPartOf\":{\"@id\":\"https:\/\/blogs.futura-sciences.com\/luminet\/#website\"},\"primaryImageOfPage\":{\"@id\":\"https:\/\/blogs.futura-sciences.com\/luminet\/2017\/12\/02\/mes-sculptures\/#primaryimage\"},\"image\":{\"@id\":\"https:\/\/blogs.futura-sciences.com\/luminet\/2017\/12\/02\/mes-sculptures\/#primaryimage\"},\"thumbnailUrl\":\"https:\/\/blogs.futura-sciences.com\/luminet\/wp-content\/uploads\/sites\/2\/2017\/05\/Douze.jpg\",\"datePublished\":\"2017-12-02T18:20:59+00:00\",\"dateModified\":\"2018-01-31T14:13:00+00:00\",\"author\":{\"@id\":\"https:\/\/blogs.futura-sciences.com\/luminet\/#\/schema\/person\/d61f577b54398f0ecee81e140e7643cb\"},\"inLanguage\":\"fr-FR\",\"potentialAction\":[{\"@type\":\"ReadAction\",\"target\":[\"https:\/\/blogs.futura-sciences.com\/luminet\/2017\/12\/02\/mes-sculptures\/\"]}]},{\"@type\":\"ImageObject\",\"inLanguage\":\"fr-FR\",\"@id\":\"https:\/\/blogs.futura-sciences.com\/luminet\/2017\/12\/02\/mes-sculptures\/#primaryimage\",\"url\":\"https:\/\/blogs.futura-sciences.com\/luminet\/wp-content\/uploads\/sites\/2\/2017\/05\/Douze.jpg\",\"contentUrl\":\"https:\/\/blogs.futura-sciences.com\/luminet\/wp-content\/uploads\/sites\/2\/2017\/05\/Douze.jpg\",\"width\":1582,\"height\":802},{\"@type\":\"WebSite\",\"@id\":\"https:\/\/blogs.futura-sciences.com\/luminet\/#website\",\"url\":\"https:\/\/blogs.futura-sciences.com\/luminet\/\",\"name\":\"LUMINESCIENCES : le blog de Jean-Pierre LUMINET, astrophysicien\",\"description\":\"J\u2019eus le vertige et je pleurai car mes yeux avaient vu cet objet secret et conjectural dont les hommes usurpent le nom, mais qu\u2019aucun homme n\u2019a regard\u00e9 : l\u2019inconcevable univers.  Jorge Luis Borges, L\u2019Aleph (1949)\",\"potentialAction\":[{\"@type\":\"SearchAction\",\"target\":{\"@type\":\"EntryPoint\",\"urlTemplate\":\"https:\/\/blogs.futura-sciences.com\/luminet\/?s={search_term_string}\"},\"query-input\":{\"@type\":\"PropertyValueSpecification\",\"valueRequired\":true,\"valueName\":\"search_term_string\"}}],\"inLanguage\":\"fr-FR\"},{\"@type\":\"Person\",\"@id\":\"https:\/\/blogs.futura-sciences.com\/luminet\/#\/schema\/person\/d61f577b54398f0ecee81e140e7643cb\",\"name\":\"Jean-Pierre LUMINET\",\"image\":{\"@type\":\"ImageObject\",\"inLanguage\":\"fr-FR\",\"@id\":\"https:\/\/blogs.futura-sciences.com\/luminet\/#\/schema\/person\/image\/\",\"url\":\"https:\/\/secure.gravatar.com\/avatar\/a6d27645b8081b2f766677414e6a83e1?s=96&d=mm&r=g\",\"contentUrl\":\"https:\/\/secure.gravatar.com\/avatar\/a6d27645b8081b2f766677414e6a83e1?s=96&d=mm&r=g\",\"caption\":\"Jean-Pierre LUMINET\"},\"url\":\"https:\/\/blogs.futura-sciences.com\/luminet\/author\/jpluminet\/\"}]}<\/script>\n<!-- \/ Yoast SEO plugin. -->","yoast_head_json":{"title":"Mes sculptures, par Jean-Pierre Luminet","robots":{"index":"index","follow":"follow","max-snippet":"max-snippet:-1","max-image-preview":"max-image-preview:large","max-video-preview":"max-video-preview:-1"},"canonical":"https:\/\/blogs.futura-sciences.com\/luminet\/2017\/12\/02\/mes-sculptures\/","og_locale":"fr_FR","og_type":"article","og_title":"Mes sculptures, par Jean-Pierre Luminet","og_description":"M&#8217;\u00e9tant int\u00e9ress\u00e9 tout au long de ma vie \u00e0 diverses formes d&#8217;expression artistique, j&#8217;ai consacr\u00e9 quelques mois seulement \u00e0 la sculpture \u00e0 l&#8217;arc \u00e9lectrique. C&#8217;\u00e9tait en 1994 &#8230;\u00a0 Mon mod\u00e8le \u00e9tait \u00e9videmment C\u00e9sar Baldaccini, dit C\u00e9sar, mon compatriote marseillais, mais aussi mon ami d&#8217;enfance Philippe Andr\u00e9, psychiatre et \u00e9crivain de son \u00e9tat, mais qui avait &hellip; Continuer la lecture de Mes sculptures &rarr;","og_url":"https:\/\/blogs.futura-sciences.com\/luminet\/2017\/12\/02\/mes-sculptures\/","og_site_name":"LUMINESCIENCES : le blog de Jean-Pierre LUMINET, astrophysicien","article_published_time":"2017-12-02T18:20:59+00:00","article_modified_time":"2018-01-31T14:13:00+00:00","og_image":[{"width":1582,"height":802,"url":"https:\/\/blogs.futura-sciences.com\/luminet\/wp-content\/uploads\/sites\/2\/2017\/05\/Douze.jpg","type":"image\/jpeg"}],"author":"Jean-Pierre LUMINET","twitter_card":"summary_large_image","twitter_misc":{"\u00c9crit par":"Jean-Pierre LUMINET","Dur\u00e9e de lecture estim\u00e9e":"2 minutes"},"schema":{"@context":"https:\/\/schema.org","@graph":[{"@type":"WebPage","@id":"https:\/\/blogs.futura-sciences.com\/luminet\/2017\/12\/02\/mes-sculptures\/","url":"https:\/\/blogs.futura-sciences.com\/luminet\/2017\/12\/02\/mes-sculptures\/","name":"Mes sculptures, par Jean-Pierre Luminet","isPartOf":{"@id":"https:\/\/blogs.futura-sciences.com\/luminet\/#website"},"primaryImageOfPage":{"@id":"https:\/\/blogs.futura-sciences.com\/luminet\/2017\/12\/02\/mes-sculptures\/#primaryimage"},"image":{"@id":"https:\/\/blogs.futura-sciences.com\/luminet\/2017\/12\/02\/mes-sculptures\/#primaryimage"},"thumbnailUrl":"https:\/\/blogs.futura-sciences.com\/luminet\/wp-content\/uploads\/sites\/2\/2017\/05\/Douze.jpg","datePublished":"2017-12-02T18:20:59+00:00","dateModified":"2018-01-31T14:13:00+00:00","author":{"@id":"https:\/\/blogs.futura-sciences.com\/luminet\/#\/schema\/person\/d61f577b54398f0ecee81e140e7643cb"},"inLanguage":"fr-FR","potentialAction":[{"@type":"ReadAction","target":["https:\/\/blogs.futura-sciences.com\/luminet\/2017\/12\/02\/mes-sculptures\/"]}]},{"@type":"ImageObject","inLanguage":"fr-FR","@id":"https:\/\/blogs.futura-sciences.com\/luminet\/2017\/12\/02\/mes-sculptures\/#primaryimage","url":"https:\/\/blogs.futura-sciences.com\/luminet\/wp-content\/uploads\/sites\/2\/2017\/05\/Douze.jpg","contentUrl":"https:\/\/blogs.futura-sciences.com\/luminet\/wp-content\/uploads\/sites\/2\/2017\/05\/Douze.jpg","width":1582,"height":802},{"@type":"WebSite","@id":"https:\/\/blogs.futura-sciences.com\/luminet\/#website","url":"https:\/\/blogs.futura-sciences.com\/luminet\/","name":"LUMINESCIENCES : le blog de Jean-Pierre LUMINET, astrophysicien","description":"J\u2019eus le vertige et je pleurai car mes yeux avaient vu cet objet secret et conjectural dont les hommes usurpent le nom, mais qu\u2019aucun homme n\u2019a regard\u00e9 : l\u2019inconcevable univers.  Jorge Luis Borges, L\u2019Aleph (1949)","potentialAction":[{"@type":"SearchAction","target":{"@type":"EntryPoint","urlTemplate":"https:\/\/blogs.futura-sciences.com\/luminet\/?s={search_term_string}"},"query-input":{"@type":"PropertyValueSpecification","valueRequired":true,"valueName":"search_term_string"}}],"inLanguage":"fr-FR"},{"@type":"Person","@id":"https:\/\/blogs.futura-sciences.com\/luminet\/#\/schema\/person\/d61f577b54398f0ecee81e140e7643cb","name":"Jean-Pierre LUMINET","image":{"@type":"ImageObject","inLanguage":"fr-FR","@id":"https:\/\/blogs.futura-sciences.com\/luminet\/#\/schema\/person\/image\/","url":"https:\/\/secure.gravatar.com\/avatar\/a6d27645b8081b2f766677414e6a83e1?s=96&d=mm&r=g","contentUrl":"https:\/\/secure.gravatar.com\/avatar\/a6d27645b8081b2f766677414e6a83e1?s=96&d=mm&r=g","caption":"Jean-Pierre LUMINET"},"url":"https:\/\/blogs.futura-sciences.com\/luminet\/author\/jpluminet\/"}]}},"_links":{"self":[{"href":"https:\/\/blogs.futura-sciences.com\/luminet\/wp-json\/wp\/v2\/posts\/2878","targetHints":{"allow":["GET"]}}],"collection":[{"href":"https:\/\/blogs.futura-sciences.com\/luminet\/wp-json\/wp\/v2\/posts"}],"about":[{"href":"https:\/\/blogs.futura-sciences.com\/luminet\/wp-json\/wp\/v2\/types\/post"}],"author":[{"embeddable":true,"href":"https:\/\/blogs.futura-sciences.com\/luminet\/wp-json\/wp\/v2\/users\/2"}],"replies":[{"embeddable":true,"href":"https:\/\/blogs.futura-sciences.com\/luminet\/wp-json\/wp\/v2\/comments?post=2878"}],"version-history":[{"count":12,"href":"https:\/\/blogs.futura-sciences.com\/luminet\/wp-json\/wp\/v2\/posts\/2878\/revisions"}],"predecessor-version":[{"id":3035,"href":"https:\/\/blogs.futura-sciences.com\/luminet\/wp-json\/wp\/v2\/posts\/2878\/revisions\/3035"}],"wp:featuredmedia":[{"embeddable":true,"href":"https:\/\/blogs.futura-sciences.com\/luminet\/wp-json\/wp\/v2\/media\/2893"}],"wp:attachment":[{"href":"https:\/\/blogs.futura-sciences.com\/luminet\/wp-json\/wp\/v2\/media?parent=2878"}],"wp:term":[{"taxonomy":"category","embeddable":true,"href":"https:\/\/blogs.futura-sciences.com\/luminet\/wp-json\/wp\/v2\/categories?post=2878"},{"taxonomy":"post_tag","embeddable":true,"href":"https:\/\/blogs.futura-sciences.com\/luminet\/wp-json\/wp\/v2\/tags?post=2878"}],"curies":[{"name":"wp","href":"https:\/\/api.w.org\/{rel}","templated":true}]}}