{"id":214,"date":"2013-12-28T20:39:33","date_gmt":"2013-12-28T20:39:33","guid":{"rendered":"https:\/\/blogs.futura-sciences.com\/luminet\/?p=214"},"modified":"2014-04-22T09:28:22","modified_gmt":"2014-04-22T09:28:22","slug":"heraclite-ou-la-lumiere-de-lobscur","status":"publish","type":"post","link":"https:\/\/blogs.futura-sciences.com\/luminet\/2013\/12\/28\/heraclite-ou-la-lumiere-de-lobscur\/","title":{"rendered":"H\u00e9raclite, ou la lumi\u00e8re de l&#8217;obscur"},"content":{"rendered":"<p style=\"text-align: justify\">On ne sait si le sage d\u2019Eph\u00e8se, t\u00eate pench\u00e9e et se frottant les mains, se r\u00e9jouit d\u2019avoir tourn\u00e9 en d\u00e9rision l\u2019un de ces beaux parleurs au discours superficiel qu\u2019il abhorre tant, ou s\u2019il est plong\u00e9 dans un profond \u00e9tat d\u2019affliction devant un univers\u00a0 &#8211; figur\u00e9 ici par un globe terrestre &#8211; aveugle et absurde, o\u00f9 le d\u00e9sordre reste la loi.<\/p>\n<figure id=\"attachment_213\" aria-describedby=\"caption-attachment-213\" style=\"width: 471px\" class=\"wp-caption aligncenter\"><a href=\"https:\/\/blogs.futura-sciences.com\/luminet\/wp-content\/uploads\/sites\/2\/2013\/12\/Utrecht_Moreelse_Heraclite.jpg\" rel=\"lightbox[214]\"><img loading=\"lazy\" decoding=\"async\" class=\" wp-image-213 \" src=\"https:\/\/blogs.futura-sciences.com\/luminet\/wp-content\/uploads\/sites\/2\/2013\/12\/Utrecht_Moreelse_Heraclite-300x246.jpg\" alt=\"H\u00e9raclite, par Johannes Moreelse (vers 1630)\" width=\"471\" height=\"386\" \/><\/a><figcaption id=\"caption-attachment-213\" class=\"wp-caption-text\">H\u00e9raclite, par Johannes Moreelse (vers 1630)<\/figcaption><\/figure>\n<p style=\"text-align: justify\">Si c\u2019est bien H\u00e9raclite qui est repr\u00e9sent\u00e9 par le peintre Johannes Moorelse (dont on sait si peu de choses que certains critiques d\u2019art en doutent), la seconde hypoth\u00e8se semble plus conforme\u00a0 \u00e0 ce que l\u2019on sait du personnage.<\/p>\n<p style=\"text-align: justify\">Cet exact contemporain du Bouddha et Lao-Tseu, consid\u00e9r\u00e9 comme l\u2019un des fondateurs de la philosophie et de la m\u00e9taphysique occidentales, \u00e9tait en effet r\u00e9put\u00e9 pour \u00eatre misanthrope et m\u00e9lancolique. Renon\u00e7ant \u00e0 une fonction royale \u00e0 laquelle ses origines familiales l\u2019appelaient, n\u2019\u00e9tait-il pas parti vivre en ermite dans les montagnes, se nourrissant de plantes jusqu\u2019\u00e0 la fin de ses jours\u00a0? \u00a0On dit de lui qu\u2019il pleurait de tout quand D\u00e9mocrite en riait. De fait, de nombreuses \u0153uvres picturales repr\u00e9sentent les deux personnages c\u00f4te \u00e0 c\u00f4te, l\u2019un hilare, l\u2019autre chagrin.<\/p>\n<p style=\"text-align: justify\"><!--more--><\/p>\n<p style=\"text-align: justify\">H\u00e9raclite englobait dans un m\u00eame d\u00e9dain le petit peuple, la foule, les savants, les po\u00e8tes et les philosophes. Pour lui, leurs pens\u00e9es n\u2019\u00e9taient que jeux d\u2019enfant, et les discours brillants, mondains, restaient toujours \u00e0 l\u2019\u00e9cart de la v\u00e9rit\u00e9 essentielle, du <em>logos<\/em>.<\/p>\n<p style=\"text-align: justify\">Se soumettre au <em>logos<\/em>, c\u2019est adopter la nature pour mod\u00e8le d\u2019une conduite morale qui associe l\u2019\u00eatre au mouvement de l\u2019univers. Or l\u2019univers est mouvement, \u00e0 l\u2019image du feu qui est principe de toutes choses\u00a0; le feu est la r\u00e9alit\u00e9 du mouvement, l\u2019\u00e9tat premier et dernier du cosmos \u00e0 travers ses cycles. A son image,\u00a0 les choses n\u2019ont pas de consistance\u00a0; tout se meut sans cesse, rien ne demeure, tout passe en son contraire. Comme dans une grande pulsation, tout \u00e9quilibre entre forces antagonistes s&#8217;alt\u00e8re tour \u00e0 tour au profit de chacune d&#8217;elles jusqu&#8217;\u00e0 son triomphe total, suivi d&#8217;un renversement qui donnera l&#8217;avantage \u00e0 sa rivale. L\u2019\u00eatre est ainsi en perp\u00e9tuel devenir, entra\u00een\u00e9 dans le courant de l\u2019alternance et du changement.<\/p>\n<p style=\"text-align: justify\">La doctrine d\u2019H\u00e9raclite est en opposition totale avec la philosophie de la permanence que l\u2019on trouve \u00e0 la m\u00eame \u00e9poque chez Parm\u00e9nide.\u00a0 Il l\u2019exprime dans un style litt\u00e9raire \u00e9nigmatique, hach\u00e9 et d\u00e9tach\u00e9, mimant le mouvement de\u00a0 la contradiction, en absence totale de ponctuation qui invite \u00e0 la polys\u00e9mie. Pour cette raison, Socrate et Aristote l\u2019ont surnomm\u00e9 \u00ab\u00a0l\u2019Obscur\u00a0\u00bb. Or, vingt-cinq si\u00e8cles plus tard, les fragments qui restent de son principal ouvrage, \u00ab\u00a0De la nature\u00a0\u00bb, paraissent d\u2019une profondeur lumineuse et abyssale\u2026<\/p>\n<!-- AddThis Advanced Settings generic via filter on the_content --><!-- AddThis Share Buttons generic via filter on the_content -->","protected":false},"excerpt":{"rendered":"<p>On ne sait si le sage d\u2019Eph\u00e8se, t\u00eate pench\u00e9e et se frottant les mains, se r\u00e9jouit d\u2019avoir tourn\u00e9 en d\u00e9rision l\u2019un de ces beaux parleurs au discours superficiel qu\u2019il abhorre tant, ou s\u2019il est plong\u00e9 dans un profond \u00e9tat d\u2019affliction devant un univers\u00a0 &#8211; figur\u00e9 ici par un globe terrestre &#8211; aveugle et absurde, o\u00f9 &hellip; <a href=\"https:\/\/blogs.futura-sciences.com\/luminet\/2013\/12\/28\/heraclite-ou-la-lumiere-de-lobscur\/\" class=\"more-link\">Continuer la lecture de <span class=\"screen-reader-text\">H\u00e9raclite, ou la lumi\u00e8re de l&#8217;obscur<\/span>  <span class=\"meta-nav\">&rarr;<\/span><\/a><!-- AddThis Advanced Settings generic via filter on get_the_excerpt --><!-- AddThis Share Buttons generic via filter on get_the_excerpt --><\/p>\n","protected":false},"author":2,"featured_media":216,"comment_status":"open","ping_status":"open","sticky":false,"template":"","format":"standard","meta":{"footnotes":"","_links_to":"","_links_to_target":""},"categories":[13],"tags":[41],"class_list":["post-214","post","type-post","status-publish","format-standard","has-post-thumbnail","hentry","category-arts-visuels","tag-heraclite"],"yoast_head":"<!-- This site is optimized with the Yoast SEO plugin v24.1 - https:\/\/yoast.com\/wordpress\/plugins\/seo\/ -->\n<title>H\u00e9raclite, ou la lumi\u00e8re de l&#039;obscur, par Jean-Pierre Luminet<\/title>\n<meta name=\"robots\" content=\"index, follow, max-snippet:-1, max-image-preview:large, max-video-preview:-1\" \/>\n<link rel=\"canonical\" href=\"https:\/\/blogs.futura-sciences.com\/luminet\/2013\/12\/28\/heraclite-ou-la-lumiere-de-lobscur\/\" \/>\n<meta property=\"og:locale\" content=\"fr_FR\" \/>\n<meta property=\"og:type\" content=\"article\" \/>\n<meta property=\"og:title\" content=\"H\u00e9raclite, ou la lumi\u00e8re de l&#039;obscur, par Jean-Pierre Luminet\" \/>\n<meta property=\"og:description\" content=\"On ne sait si le sage d\u2019Eph\u00e8se, t\u00eate pench\u00e9e et se frottant les mains, se r\u00e9jouit d\u2019avoir tourn\u00e9 en d\u00e9rision l\u2019un de ces beaux parleurs au discours superficiel qu\u2019il abhorre tant, ou s\u2019il est plong\u00e9 dans un profond \u00e9tat d\u2019affliction devant un univers\u00a0 &#8211; figur\u00e9 ici par un globe terrestre &#8211; aveugle et absurde, o\u00f9 &hellip; Continuer la lecture de H\u00e9raclite, ou la lumi\u00e8re de l&#8217;obscur &rarr;\" \/>\n<meta property=\"og:url\" content=\"https:\/\/blogs.futura-sciences.com\/luminet\/2013\/12\/28\/heraclite-ou-la-lumiere-de-lobscur\/\" \/>\n<meta property=\"og:site_name\" content=\"LUMINESCIENCES : le blog de Jean-Pierre LUMINET, astrophysicien\" \/>\n<meta property=\"article:published_time\" content=\"2013-12-28T20:39:33+00:00\" \/>\n<meta property=\"article:modified_time\" content=\"2014-04-22T09:28:22+00:00\" \/>\n<meta property=\"og:image\" content=\"https:\/\/blogs.futura-sciences.com\/luminet\/wp-content\/uploads\/sites\/2\/2013\/12\/citation-heraclite.jpg\" \/>\n\t<meta property=\"og:image:width\" content=\"483\" \/>\n\t<meta property=\"og:image:height\" content=\"134\" \/>\n\t<meta property=\"og:image:type\" content=\"image\/jpeg\" \/>\n<meta name=\"author\" content=\"Jean-Pierre LUMINET\" \/>\n<meta name=\"twitter:card\" content=\"summary_large_image\" \/>\n<meta name=\"twitter:label1\" content=\"\u00c9crit par\" \/>\n\t<meta name=\"twitter:data1\" content=\"Jean-Pierre LUMINET\" \/>\n\t<meta name=\"twitter:label2\" content=\"Dur\u00e9e de lecture estim\u00e9e\" \/>\n\t<meta name=\"twitter:data2\" content=\"2 minutes\" \/>\n<script type=\"application\/ld+json\" class=\"yoast-schema-graph\">{\"@context\":\"https:\/\/schema.org\",\"@graph\":[{\"@type\":\"WebPage\",\"@id\":\"https:\/\/blogs.futura-sciences.com\/luminet\/2013\/12\/28\/heraclite-ou-la-lumiere-de-lobscur\/\",\"url\":\"https:\/\/blogs.futura-sciences.com\/luminet\/2013\/12\/28\/heraclite-ou-la-lumiere-de-lobscur\/\",\"name\":\"H\u00e9raclite, ou la lumi\u00e8re de l'obscur, par Jean-Pierre Luminet\",\"isPartOf\":{\"@id\":\"https:\/\/blogs.futura-sciences.com\/luminet\/#website\"},\"primaryImageOfPage\":{\"@id\":\"https:\/\/blogs.futura-sciences.com\/luminet\/2013\/12\/28\/heraclite-ou-la-lumiere-de-lobscur\/#primaryimage\"},\"image\":{\"@id\":\"https:\/\/blogs.futura-sciences.com\/luminet\/2013\/12\/28\/heraclite-ou-la-lumiere-de-lobscur\/#primaryimage\"},\"thumbnailUrl\":\"https:\/\/blogs.futura-sciences.com\/luminet\/wp-content\/uploads\/sites\/2\/2013\/12\/citation-heraclite.jpg\",\"datePublished\":\"2013-12-28T20:39:33+00:00\",\"dateModified\":\"2014-04-22T09:28:22+00:00\",\"author\":{\"@id\":\"https:\/\/blogs.futura-sciences.com\/luminet\/#\/schema\/person\/d61f577b54398f0ecee81e140e7643cb\"},\"inLanguage\":\"fr-FR\",\"potentialAction\":[{\"@type\":\"ReadAction\",\"target\":[\"https:\/\/blogs.futura-sciences.com\/luminet\/2013\/12\/28\/heraclite-ou-la-lumiere-de-lobscur\/\"]}]},{\"@type\":\"ImageObject\",\"inLanguage\":\"fr-FR\",\"@id\":\"https:\/\/blogs.futura-sciences.com\/luminet\/2013\/12\/28\/heraclite-ou-la-lumiere-de-lobscur\/#primaryimage\",\"url\":\"https:\/\/blogs.futura-sciences.com\/luminet\/wp-content\/uploads\/sites\/2\/2013\/12\/citation-heraclite.jpg\",\"contentUrl\":\"https:\/\/blogs.futura-sciences.com\/luminet\/wp-content\/uploads\/sites\/2\/2013\/12\/citation-heraclite.jpg\",\"width\":483,\"height\":134},{\"@type\":\"WebSite\",\"@id\":\"https:\/\/blogs.futura-sciences.com\/luminet\/#website\",\"url\":\"https:\/\/blogs.futura-sciences.com\/luminet\/\",\"name\":\"LUMINESCIENCES : le blog de Jean-Pierre LUMINET, astrophysicien\",\"description\":\"J\u2019eus le vertige et je pleurai car mes yeux avaient vu cet objet secret et conjectural dont les hommes usurpent le nom, mais qu\u2019aucun homme n\u2019a regard\u00e9 : l\u2019inconcevable univers.  Jorge Luis Borges, L\u2019Aleph (1949)\",\"potentialAction\":[{\"@type\":\"SearchAction\",\"target\":{\"@type\":\"EntryPoint\",\"urlTemplate\":\"https:\/\/blogs.futura-sciences.com\/luminet\/?s={search_term_string}\"},\"query-input\":{\"@type\":\"PropertyValueSpecification\",\"valueRequired\":true,\"valueName\":\"search_term_string\"}}],\"inLanguage\":\"fr-FR\"},{\"@type\":\"Person\",\"@id\":\"https:\/\/blogs.futura-sciences.com\/luminet\/#\/schema\/person\/d61f577b54398f0ecee81e140e7643cb\",\"name\":\"Jean-Pierre LUMINET\",\"image\":{\"@type\":\"ImageObject\",\"inLanguage\":\"fr-FR\",\"@id\":\"https:\/\/blogs.futura-sciences.com\/luminet\/#\/schema\/person\/image\/\",\"url\":\"https:\/\/secure.gravatar.com\/avatar\/a6d27645b8081b2f766677414e6a83e1?s=96&d=mm&r=g\",\"contentUrl\":\"https:\/\/secure.gravatar.com\/avatar\/a6d27645b8081b2f766677414e6a83e1?s=96&d=mm&r=g\",\"caption\":\"Jean-Pierre LUMINET\"},\"url\":\"https:\/\/blogs.futura-sciences.com\/luminet\/author\/jpluminet\/\"}]}<\/script>\n<!-- \/ Yoast SEO plugin. -->","yoast_head_json":{"title":"H\u00e9raclite, ou la lumi\u00e8re de l'obscur, par Jean-Pierre Luminet","robots":{"index":"index","follow":"follow","max-snippet":"max-snippet:-1","max-image-preview":"max-image-preview:large","max-video-preview":"max-video-preview:-1"},"canonical":"https:\/\/blogs.futura-sciences.com\/luminet\/2013\/12\/28\/heraclite-ou-la-lumiere-de-lobscur\/","og_locale":"fr_FR","og_type":"article","og_title":"H\u00e9raclite, ou la lumi\u00e8re de l'obscur, par Jean-Pierre Luminet","og_description":"On ne sait si le sage d\u2019Eph\u00e8se, t\u00eate pench\u00e9e et se frottant les mains, se r\u00e9jouit d\u2019avoir tourn\u00e9 en d\u00e9rision l\u2019un de ces beaux parleurs au discours superficiel qu\u2019il abhorre tant, ou s\u2019il est plong\u00e9 dans un profond \u00e9tat d\u2019affliction devant un univers\u00a0 &#8211; figur\u00e9 ici par un globe terrestre &#8211; aveugle et absurde, o\u00f9 &hellip; Continuer la lecture de H\u00e9raclite, ou la lumi\u00e8re de l&#8217;obscur &rarr;","og_url":"https:\/\/blogs.futura-sciences.com\/luminet\/2013\/12\/28\/heraclite-ou-la-lumiere-de-lobscur\/","og_site_name":"LUMINESCIENCES : le blog de Jean-Pierre LUMINET, astrophysicien","article_published_time":"2013-12-28T20:39:33+00:00","article_modified_time":"2014-04-22T09:28:22+00:00","og_image":[{"width":483,"height":134,"url":"https:\/\/blogs.futura-sciences.com\/luminet\/wp-content\/uploads\/sites\/2\/2013\/12\/citation-heraclite.jpg","type":"image\/jpeg"}],"author":"Jean-Pierre LUMINET","twitter_card":"summary_large_image","twitter_misc":{"\u00c9crit par":"Jean-Pierre LUMINET","Dur\u00e9e de lecture estim\u00e9e":"2 minutes"},"schema":{"@context":"https:\/\/schema.org","@graph":[{"@type":"WebPage","@id":"https:\/\/blogs.futura-sciences.com\/luminet\/2013\/12\/28\/heraclite-ou-la-lumiere-de-lobscur\/","url":"https:\/\/blogs.futura-sciences.com\/luminet\/2013\/12\/28\/heraclite-ou-la-lumiere-de-lobscur\/","name":"H\u00e9raclite, ou la lumi\u00e8re de l'obscur, par Jean-Pierre Luminet","isPartOf":{"@id":"https:\/\/blogs.futura-sciences.com\/luminet\/#website"},"primaryImageOfPage":{"@id":"https:\/\/blogs.futura-sciences.com\/luminet\/2013\/12\/28\/heraclite-ou-la-lumiere-de-lobscur\/#primaryimage"},"image":{"@id":"https:\/\/blogs.futura-sciences.com\/luminet\/2013\/12\/28\/heraclite-ou-la-lumiere-de-lobscur\/#primaryimage"},"thumbnailUrl":"https:\/\/blogs.futura-sciences.com\/luminet\/wp-content\/uploads\/sites\/2\/2013\/12\/citation-heraclite.jpg","datePublished":"2013-12-28T20:39:33+00:00","dateModified":"2014-04-22T09:28:22+00:00","author":{"@id":"https:\/\/blogs.futura-sciences.com\/luminet\/#\/schema\/person\/d61f577b54398f0ecee81e140e7643cb"},"inLanguage":"fr-FR","potentialAction":[{"@type":"ReadAction","target":["https:\/\/blogs.futura-sciences.com\/luminet\/2013\/12\/28\/heraclite-ou-la-lumiere-de-lobscur\/"]}]},{"@type":"ImageObject","inLanguage":"fr-FR","@id":"https:\/\/blogs.futura-sciences.com\/luminet\/2013\/12\/28\/heraclite-ou-la-lumiere-de-lobscur\/#primaryimage","url":"https:\/\/blogs.futura-sciences.com\/luminet\/wp-content\/uploads\/sites\/2\/2013\/12\/citation-heraclite.jpg","contentUrl":"https:\/\/blogs.futura-sciences.com\/luminet\/wp-content\/uploads\/sites\/2\/2013\/12\/citation-heraclite.jpg","width":483,"height":134},{"@type":"WebSite","@id":"https:\/\/blogs.futura-sciences.com\/luminet\/#website","url":"https:\/\/blogs.futura-sciences.com\/luminet\/","name":"LUMINESCIENCES : le blog de Jean-Pierre LUMINET, astrophysicien","description":"J\u2019eus le vertige et je pleurai car mes yeux avaient vu cet objet secret et conjectural dont les hommes usurpent le nom, mais qu\u2019aucun homme n\u2019a regard\u00e9 : l\u2019inconcevable univers.  Jorge Luis Borges, L\u2019Aleph (1949)","potentialAction":[{"@type":"SearchAction","target":{"@type":"EntryPoint","urlTemplate":"https:\/\/blogs.futura-sciences.com\/luminet\/?s={search_term_string}"},"query-input":{"@type":"PropertyValueSpecification","valueRequired":true,"valueName":"search_term_string"}}],"inLanguage":"fr-FR"},{"@type":"Person","@id":"https:\/\/blogs.futura-sciences.com\/luminet\/#\/schema\/person\/d61f577b54398f0ecee81e140e7643cb","name":"Jean-Pierre LUMINET","image":{"@type":"ImageObject","inLanguage":"fr-FR","@id":"https:\/\/blogs.futura-sciences.com\/luminet\/#\/schema\/person\/image\/","url":"https:\/\/secure.gravatar.com\/avatar\/a6d27645b8081b2f766677414e6a83e1?s=96&d=mm&r=g","contentUrl":"https:\/\/secure.gravatar.com\/avatar\/a6d27645b8081b2f766677414e6a83e1?s=96&d=mm&r=g","caption":"Jean-Pierre LUMINET"},"url":"https:\/\/blogs.futura-sciences.com\/luminet\/author\/jpluminet\/"}]}},"_links":{"self":[{"href":"https:\/\/blogs.futura-sciences.com\/luminet\/wp-json\/wp\/v2\/posts\/214","targetHints":{"allow":["GET"]}}],"collection":[{"href":"https:\/\/blogs.futura-sciences.com\/luminet\/wp-json\/wp\/v2\/posts"}],"about":[{"href":"https:\/\/blogs.futura-sciences.com\/luminet\/wp-json\/wp\/v2\/types\/post"}],"author":[{"embeddable":true,"href":"https:\/\/blogs.futura-sciences.com\/luminet\/wp-json\/wp\/v2\/users\/2"}],"replies":[{"embeddable":true,"href":"https:\/\/blogs.futura-sciences.com\/luminet\/wp-json\/wp\/v2\/comments?post=214"}],"version-history":[{"count":5,"href":"https:\/\/blogs.futura-sciences.com\/luminet\/wp-json\/wp\/v2\/posts\/214\/revisions"}],"predecessor-version":[{"id":678,"href":"https:\/\/blogs.futura-sciences.com\/luminet\/wp-json\/wp\/v2\/posts\/214\/revisions\/678"}],"wp:featuredmedia":[{"embeddable":true,"href":"https:\/\/blogs.futura-sciences.com\/luminet\/wp-json\/wp\/v2\/media\/216"}],"wp:attachment":[{"href":"https:\/\/blogs.futura-sciences.com\/luminet\/wp-json\/wp\/v2\/media?parent=214"}],"wp:term":[{"taxonomy":"category","embeddable":true,"href":"https:\/\/blogs.futura-sciences.com\/luminet\/wp-json\/wp\/v2\/categories?post=214"},{"taxonomy":"post_tag","embeddable":true,"href":"https:\/\/blogs.futura-sciences.com\/luminet\/wp-json\/wp\/v2\/tags?post=214"}],"curies":[{"name":"wp","href":"https:\/\/api.w.org\/{rel}","templated":true}]}}