{"id":698,"date":"2018-01-27T17:43:37","date_gmt":"2018-01-27T17:43:37","guid":{"rendered":"https:\/\/blogs.futura-sciences.com\/frankel\/?p=698"},"modified":"2018-06-08T06:03:03","modified_gmt":"2018-06-08T06:03:03","slug":"fin-programmee-de-liss","status":"publish","type":"post","link":"https:\/\/blogs.futura-sciences.com\/frankel\/2018\/01\/27\/fin-programmee-de-liss\/","title":{"rendered":"Quitter enfin l&#8217;orbite terrestre !"},"content":{"rendered":"<figure id=\"attachment_701\" aria-describedby=\"caption-attachment-701\" style=\"width: 879px\" class=\"wp-caption aligncenter\"><a href=\"https:\/\/blogs.futura-sciences.com\/frankel\/wp-content\/uploads\/sites\/7\/2018\/01\/Robert-Lightfoot-CNN.jpg\" rel=\"lightbox[698]\"><img loading=\"lazy\" decoding=\"async\" class=\"size-full wp-image-701\" src=\"https:\/\/blogs.futura-sciences.com\/frankel\/wp-content\/uploads\/sites\/7\/2018\/01\/Robert-Lightfoot-CNN.jpg\" alt=\"\" width=\"879\" height=\"485\" \/><\/a><figcaption id=\"caption-attachment-701\" class=\"wp-caption-text\">Robert Lightfoot, pr\u00e9sident par interim de la NASA, vient d&#8217;annoncer la fin programm\u00e9e de l&#8217;ISS (photo CNN)<\/figcaption><\/figure>\n<p>La nouvelle est tomb\u00e9e en cette fin janvier\u00a0: la NASA est d\u00e9cid\u00e9e \u00e0 mettre fin \u00e0 la longue aventure de la Station Spatiale Internationale (ISS) en 2025. Cela laisse encore sept ans aux ing\u00e9nieurs et aux scientifiques pour faire fructifier la Station, mais met un terme aux rallonges \u00e0 r\u00e9p\u00e9tition du programme. La motivation principale, c\u2019est de transf\u00e9rer le gros du budget des vols pilot\u00e9s vers le nouvel objectif am\u00e9ricain\u00a0: une petite station d\u2019exploration \u00e0 proximit\u00e9 de la Lune (Deep Space Gateway) dont l\u2019assemblage pourrait commencer d\u00e8s 2022, avec le retour d\u2019astronautes am\u00e9ricains autour de l\u2019astre des nuits. Pour les supporters d\u2019une exploration interplan\u00e9taire, humaine, c\u2019est un bon signal, quoique la plan\u00e8te Mars n\u2019est pas encore officiellement sur les tablettes. Mais il fallait d\u2019abord prendre la courageuse d\u00e9cision d\u2019arr\u00eater l\u2019ISS. C\u2019est d\u00e9sormais chose faite.<\/p>\n<figure id=\"attachment_702\" aria-describedby=\"caption-attachment-702\" style=\"width: 960px\" class=\"wp-caption aligncenter\"><a href=\"https:\/\/blogs.futura-sciences.com\/frankel\/wp-content\/uploads\/sites\/7\/2018\/01\/ISS-goodbye.jpg\" rel=\"lightbox[698]\"><img loading=\"lazy\" decoding=\"async\" class=\"size-full wp-image-702\" src=\"https:\/\/blogs.futura-sciences.com\/frankel\/wp-content\/uploads\/sites\/7\/2018\/01\/ISS-goodbye.jpg\" alt=\"\" width=\"960\" height=\"600\" \/><\/a><figcaption id=\"caption-attachment-702\" class=\"wp-caption-text\">Encore sept ans de service, puis au-revoir l&#8217;ISS&#8230;<\/figcaption><\/figure>\n<!-- AddThis Advanced Settings generic via filter on the_content --><!-- AddThis Share Buttons generic via filter on the_content -->","protected":false},"excerpt":{"rendered":"<p>La nouvelle est tomb\u00e9e en cette fin janvier\u00a0: la NASA est d\u00e9cid\u00e9e \u00e0 mettre fin \u00e0 la longue aventure de la Station Spatiale Internationale (ISS) en 2025. Cela laisse encore sept ans aux ing\u00e9nieurs et aux scientifiques pour faire fructifier la Station, mais met un terme aux rallonges \u00e0 r\u00e9p\u00e9tition du programme. La motivation principale, &hellip; <a href=\"https:\/\/blogs.futura-sciences.com\/frankel\/2018\/01\/27\/fin-programmee-de-liss\/\" class=\"more-link\">Continuer la lecture de <span class=\"screen-reader-text\">Quitter enfin l&#8217;orbite terrestre !<\/span>  <span class=\"meta-nav\">&rarr;<\/span><\/a><!-- AddThis Advanced Settings generic via filter on get_the_excerpt --><!-- AddThis Share Buttons generic via filter on get_the_excerpt --><\/p>\n","protected":false},"author":6,"featured_media":0,"comment_status":"open","ping_status":"open","sticky":false,"template":"","format":"standard","meta":{"footnotes":"","_links_to":"","_links_to_target":""},"categories":[13,4],"tags":[],"class_list":["post-698","post","type-post","status-publish","format-standard","hentry","category-actualites","category-sciences"],"yoast_head":"<!-- This site is optimized with the Yoast SEO plugin v24.1 - https:\/\/yoast.com\/wordpress\/plugins\/seo\/ -->\n<title>Quitter enfin l&#039;orbite terrestre ! - Carnets de bord d\u2019un martien, le blog de Charles FRANKEL, g\u00e9ologue<\/title>\n<meta name=\"description\" content=\"La NASA a annonc\u00e9 la mise \u00e0 la retraite de la Station Spatiale Internationale ISS pour 2025, ouvrant la voie \u00e0 l&#039;exploration pilot\u00e9e de la Lune et de Mars.\" \/>\n<meta name=\"robots\" content=\"index, follow, max-snippet:-1, max-image-preview:large, max-video-preview:-1\" \/>\n<link rel=\"canonical\" href=\"https:\/\/blogs.futura-sciences.com\/frankel\/2018\/01\/27\/fin-programmee-de-liss\/\" \/>\n<meta name=\"twitter:label1\" content=\"\u00c9crit par\" \/>\n\t<meta name=\"twitter:data1\" content=\"Charles Frankel\" \/>\n\t<meta name=\"twitter:label2\" content=\"Dur\u00e9e de lecture estim\u00e9e\" \/>\n\t<meta name=\"twitter:data2\" content=\"1 minute\" \/>\n<script type=\"application\/ld+json\" class=\"yoast-schema-graph\">{\"@context\":\"https:\/\/schema.org\",\"@graph\":[{\"@type\":\"WebPage\",\"@id\":\"https:\/\/blogs.futura-sciences.com\/frankel\/2018\/01\/27\/fin-programmee-de-liss\/\",\"url\":\"https:\/\/blogs.futura-sciences.com\/frankel\/2018\/01\/27\/fin-programmee-de-liss\/\",\"name\":\"Quitter enfin l'orbite terrestre ! - Carnets de bord d\u2019un martien, le blog de Charles FRANKEL, g\u00e9ologue\",\"isPartOf\":{\"@id\":\"https:\/\/blogs.futura-sciences.com\/frankel\/#website\"},\"primaryImageOfPage\":{\"@id\":\"https:\/\/blogs.futura-sciences.com\/frankel\/2018\/01\/27\/fin-programmee-de-liss\/#primaryimage\"},\"image\":{\"@id\":\"https:\/\/blogs.futura-sciences.com\/frankel\/2018\/01\/27\/fin-programmee-de-liss\/#primaryimage\"},\"thumbnailUrl\":\"https:\/\/blogs.futura-sciences.com\/frankel\/wp-content\/uploads\/sites\/7\/2018\/01\/Robert-Lightfoot-CNN.jpg\",\"datePublished\":\"2018-01-27T17:43:37+00:00\",\"dateModified\":\"2018-06-08T06:03:03+00:00\",\"author\":{\"@id\":\"https:\/\/blogs.futura-sciences.com\/frankel\/#\/schema\/person\/c6bf521c6d19bf22fb19fb2b3d6fcf63\"},\"description\":\"La NASA a annonc\u00e9 la mise \u00e0 la retraite de la Station Spatiale Internationale ISS pour 2025, ouvrant la voie \u00e0 l'exploration pilot\u00e9e de la Lune et de Mars.\",\"inLanguage\":\"fr-FR\",\"potentialAction\":[{\"@type\":\"ReadAction\",\"target\":[\"https:\/\/blogs.futura-sciences.com\/frankel\/2018\/01\/27\/fin-programmee-de-liss\/\"]}]},{\"@type\":\"ImageObject\",\"inLanguage\":\"fr-FR\",\"@id\":\"https:\/\/blogs.futura-sciences.com\/frankel\/2018\/01\/27\/fin-programmee-de-liss\/#primaryimage\",\"url\":\"https:\/\/blogs.futura-sciences.com\/frankel\/wp-content\/uploads\/sites\/7\/2018\/01\/Robert-Lightfoot-CNN.jpg\",\"contentUrl\":\"https:\/\/blogs.futura-sciences.com\/frankel\/wp-content\/uploads\/sites\/7\/2018\/01\/Robert-Lightfoot-CNN.jpg\",\"width\":879,\"height\":485,\"caption\":\"Robert Lightfoot, pr\u00e9sident par interim de la NASA, vient d'annoncer la fin programm\u00e9e de l'ISS (photo CNN)\"},{\"@type\":\"WebSite\",\"@id\":\"https:\/\/blogs.futura-sciences.com\/frankel\/#website\",\"url\":\"https:\/\/blogs.futura-sciences.com\/frankel\/\",\"name\":\"Carnets de bord d\u2019un martien, le blog de Charles FRANKEL, g\u00e9ologue\",\"description\":\"La science ? Apr\u00e8s tout, qu\u2019est-elle, sinon une longue et syst\u00e9matique curiosit\u00e9 ? Andr\u00e9 Maurois\",\"potentialAction\":[{\"@type\":\"SearchAction\",\"target\":{\"@type\":\"EntryPoint\",\"urlTemplate\":\"https:\/\/blogs.futura-sciences.com\/frankel\/?s={search_term_string}\"},\"query-input\":{\"@type\":\"PropertyValueSpecification\",\"valueRequired\":true,\"valueName\":\"search_term_string\"}}],\"inLanguage\":\"fr-FR\"},{\"@type\":\"Person\",\"@id\":\"https:\/\/blogs.futura-sciences.com\/frankel\/#\/schema\/person\/c6bf521c6d19bf22fb19fb2b3d6fcf63\",\"name\":\"Charles Frankel\",\"image\":{\"@type\":\"ImageObject\",\"inLanguage\":\"fr-FR\",\"@id\":\"https:\/\/blogs.futura-sciences.com\/frankel\/#\/schema\/person\/image\/\",\"url\":\"https:\/\/secure.gravatar.com\/avatar\/93767f419dc6f3384f1e52a1a4c8f5b5?s=96&d=mm&r=g\",\"contentUrl\":\"https:\/\/secure.gravatar.com\/avatar\/93767f419dc6f3384f1e52a1a4c8f5b5?s=96&d=mm&r=g\",\"caption\":\"Charles Frankel\"},\"url\":\"https:\/\/blogs.futura-sciences.com\/frankel\/author\/cfrankel\/\"}]}<\/script>\n<!-- \/ Yoast SEO plugin. -->","yoast_head_json":{"title":"Quitter enfin l'orbite terrestre ! - Carnets de bord d\u2019un martien, le blog de Charles FRANKEL, g\u00e9ologue","description":"La NASA a annonc\u00e9 la mise \u00e0 la retraite de la Station Spatiale Internationale ISS pour 2025, ouvrant la voie \u00e0 l'exploration pilot\u00e9e de la Lune et de Mars.","robots":{"index":"index","follow":"follow","max-snippet":"max-snippet:-1","max-image-preview":"max-image-preview:large","max-video-preview":"max-video-preview:-1"},"canonical":"https:\/\/blogs.futura-sciences.com\/frankel\/2018\/01\/27\/fin-programmee-de-liss\/","twitter_misc":{"\u00c9crit par":"Charles Frankel","Dur\u00e9e de lecture estim\u00e9e":"1 minute"},"schema":{"@context":"https:\/\/schema.org","@graph":[{"@type":"WebPage","@id":"https:\/\/blogs.futura-sciences.com\/frankel\/2018\/01\/27\/fin-programmee-de-liss\/","url":"https:\/\/blogs.futura-sciences.com\/frankel\/2018\/01\/27\/fin-programmee-de-liss\/","name":"Quitter enfin l'orbite terrestre ! - Carnets de bord d\u2019un martien, le blog de Charles FRANKEL, g\u00e9ologue","isPartOf":{"@id":"https:\/\/blogs.futura-sciences.com\/frankel\/#website"},"primaryImageOfPage":{"@id":"https:\/\/blogs.futura-sciences.com\/frankel\/2018\/01\/27\/fin-programmee-de-liss\/#primaryimage"},"image":{"@id":"https:\/\/blogs.futura-sciences.com\/frankel\/2018\/01\/27\/fin-programmee-de-liss\/#primaryimage"},"thumbnailUrl":"https:\/\/blogs.futura-sciences.com\/frankel\/wp-content\/uploads\/sites\/7\/2018\/01\/Robert-Lightfoot-CNN.jpg","datePublished":"2018-01-27T17:43:37+00:00","dateModified":"2018-06-08T06:03:03+00:00","author":{"@id":"https:\/\/blogs.futura-sciences.com\/frankel\/#\/schema\/person\/c6bf521c6d19bf22fb19fb2b3d6fcf63"},"description":"La NASA a annonc\u00e9 la mise \u00e0 la retraite de la Station Spatiale Internationale ISS pour 2025, ouvrant la voie \u00e0 l'exploration pilot\u00e9e de la Lune et de Mars.","inLanguage":"fr-FR","potentialAction":[{"@type":"ReadAction","target":["https:\/\/blogs.futura-sciences.com\/frankel\/2018\/01\/27\/fin-programmee-de-liss\/"]}]},{"@type":"ImageObject","inLanguage":"fr-FR","@id":"https:\/\/blogs.futura-sciences.com\/frankel\/2018\/01\/27\/fin-programmee-de-liss\/#primaryimage","url":"https:\/\/blogs.futura-sciences.com\/frankel\/wp-content\/uploads\/sites\/7\/2018\/01\/Robert-Lightfoot-CNN.jpg","contentUrl":"https:\/\/blogs.futura-sciences.com\/frankel\/wp-content\/uploads\/sites\/7\/2018\/01\/Robert-Lightfoot-CNN.jpg","width":879,"height":485,"caption":"Robert Lightfoot, pr\u00e9sident par interim de la NASA, vient d'annoncer la fin programm\u00e9e de l'ISS (photo CNN)"},{"@type":"WebSite","@id":"https:\/\/blogs.futura-sciences.com\/frankel\/#website","url":"https:\/\/blogs.futura-sciences.com\/frankel\/","name":"Carnets de bord d\u2019un martien, le blog de Charles FRANKEL, g\u00e9ologue","description":"La science ? Apr\u00e8s tout, qu\u2019est-elle, sinon une longue et syst\u00e9matique curiosit\u00e9 ? Andr\u00e9 Maurois","potentialAction":[{"@type":"SearchAction","target":{"@type":"EntryPoint","urlTemplate":"https:\/\/blogs.futura-sciences.com\/frankel\/?s={search_term_string}"},"query-input":{"@type":"PropertyValueSpecification","valueRequired":true,"valueName":"search_term_string"}}],"inLanguage":"fr-FR"},{"@type":"Person","@id":"https:\/\/blogs.futura-sciences.com\/frankel\/#\/schema\/person\/c6bf521c6d19bf22fb19fb2b3d6fcf63","name":"Charles Frankel","image":{"@type":"ImageObject","inLanguage":"fr-FR","@id":"https:\/\/blogs.futura-sciences.com\/frankel\/#\/schema\/person\/image\/","url":"https:\/\/secure.gravatar.com\/avatar\/93767f419dc6f3384f1e52a1a4c8f5b5?s=96&d=mm&r=g","contentUrl":"https:\/\/secure.gravatar.com\/avatar\/93767f419dc6f3384f1e52a1a4c8f5b5?s=96&d=mm&r=g","caption":"Charles Frankel"},"url":"https:\/\/blogs.futura-sciences.com\/frankel\/author\/cfrankel\/"}]}},"_links":{"self":[{"href":"https:\/\/blogs.futura-sciences.com\/frankel\/wp-json\/wp\/v2\/posts\/698","targetHints":{"allow":["GET"]}}],"collection":[{"href":"https:\/\/blogs.futura-sciences.com\/frankel\/wp-json\/wp\/v2\/posts"}],"about":[{"href":"https:\/\/blogs.futura-sciences.com\/frankel\/wp-json\/wp\/v2\/types\/post"}],"author":[{"embeddable":true,"href":"https:\/\/blogs.futura-sciences.com\/frankel\/wp-json\/wp\/v2\/users\/6"}],"replies":[{"embeddable":true,"href":"https:\/\/blogs.futura-sciences.com\/frankel\/wp-json\/wp\/v2\/comments?post=698"}],"version-history":[{"count":4,"href":"https:\/\/blogs.futura-sciences.com\/frankel\/wp-json\/wp\/v2\/posts\/698\/revisions"}],"predecessor-version":[{"id":706,"href":"https:\/\/blogs.futura-sciences.com\/frankel\/wp-json\/wp\/v2\/posts\/698\/revisions\/706"}],"wp:attachment":[{"href":"https:\/\/blogs.futura-sciences.com\/frankel\/wp-json\/wp\/v2\/media?parent=698"}],"wp:term":[{"taxonomy":"category","embeddable":true,"href":"https:\/\/blogs.futura-sciences.com\/frankel\/wp-json\/wp\/v2\/categories?post=698"},{"taxonomy":"post_tag","embeddable":true,"href":"https:\/\/blogs.futura-sciences.com\/frankel\/wp-json\/wp\/v2\/tags?post=698"}],"curies":[{"name":"wp","href":"https:\/\/api.w.org\/{rel}","templated":true}]}}