{"id":608,"date":"2017-04-12T21:22:17","date_gmt":"2017-04-12T21:22:17","guid":{"rendered":"https:\/\/blogs.futura-sciences.com\/frankel\/?p=608"},"modified":"2017-05-01T07:50:52","modified_gmt":"2017-05-01T07:50:52","slug":"perdre-du-temps-sur-la-lune","status":"publish","type":"post","link":"https:\/\/blogs.futura-sciences.com\/frankel\/2017\/04\/12\/perdre-du-temps-sur-la-lune\/","title":{"rendered":"Perdre du temps sur la Lune"},"content":{"rendered":"<figure id=\"attachment_612\" aria-describedby=\"caption-attachment-612\" style=\"width: 1140px\" class=\"wp-caption aligncenter\"><a href=\"https:\/\/blogs.futura-sciences.com\/frankel\/wp-content\/uploads\/sites\/7\/2017\/04\/Moon-Village-ESAFostner-Partners.jpg\" rel=\"lightbox[608]\"><img loading=\"lazy\" decoding=\"async\" class=\"size-full wp-image-612\" src=\"https:\/\/blogs.futura-sciences.com\/frankel\/wp-content\/uploads\/sites\/7\/2017\/04\/Moon-Village-ESAFostner-Partners.jpg\" alt=\"\" width=\"1140\" height=\"684\" srcset=\"https:\/\/blogs.futura-sciences.com\/frankel\/wp-content\/uploads\/sites\/7\/2017\/04\/Moon-Village-ESAFostner-Partners.jpg 1140w, https:\/\/blogs.futura-sciences.com\/frankel\/wp-content\/uploads\/sites\/7\/2017\/04\/Moon-Village-ESAFostner-Partners-450x270.jpg 450w, https:\/\/blogs.futura-sciences.com\/frankel\/wp-content\/uploads\/sites\/7\/2017\/04\/Moon-Village-ESAFostner-Partners-768x461.jpg 768w, https:\/\/blogs.futura-sciences.com\/frankel\/wp-content\/uploads\/sites\/7\/2017\/04\/Moon-Village-ESAFostner-Partners-1024x614.jpg 1024w\" sizes=\"auto, (max-width: 1140px) 100vw, 1140px\" \/><\/a><figcaption id=\"caption-attachment-612\" class=\"wp-caption-text\">Un village sur la Lune propos\u00e9 par l&#8217;Agence Spatiale Europ\u00e9enne. Mais pour quoi faire ? (Photo ESA\/Fostner + Partners)<\/figcaption><\/figure>\n<p>Le 33\u00e8me Symposium Spatial, qui s\u2019est tenu du 3 au 6 avril dans le Colorado, a \u00e9t\u00e9 l\u2019occasion pour les responsables des programmes spatiaux de nombreux pays de se r\u00e9unir, notamment lors d\u2019une table ronde \u00e9voquant l\u2019avenir des vols pilot\u00e9s. Le vide cr\u00e9\u00e9 par l\u2019absence de projet d\u00e9taill\u00e9 \u00e0 la NASA pour la conqu\u00eate humaine de Mars a permis \u00e0 de nombreuses agences de se positionner en faveur d\u2019une exploration pr\u00e9alable de la Lune\u2014un vieux serpent de mer qu\u2019a d\u00e9fendu de nouveau le directeur g\u00e9n\u00e9ral de l\u2019Agence Spatiale Europ\u00e9enne, Jan Woerner, \u00e0 travers son concept de \u00ab\u00a0Moon Village\u00a0\u00bb. La Russie et l\u2019Ukraine ont aussi fait entendre leur voix en faveur de la Lune, ne voulant manquer aucune opportunit\u00e9 d\u2019\u00eatre associ\u00e9 \u00e0 un grand programme, quel qu\u2019il soit.<\/p>\n<figure id=\"attachment_611\" aria-describedby=\"caption-attachment-611\" style=\"width: 879px\" class=\"wp-caption aligncenter\"><a href=\"https:\/\/blogs.futura-sciences.com\/frankel\/wp-content\/uploads\/sites\/7\/2017\/04\/Robert-Walker-Tom-Kimmell.jpg\" rel=\"lightbox[608]\"><img loading=\"lazy\" decoding=\"async\" class=\"size-full wp-image-611\" src=\"https:\/\/blogs.futura-sciences.com\/frankel\/wp-content\/uploads\/sites\/7\/2017\/04\/Robert-Walker-Tom-Kimmell.jpg\" alt=\"\" width=\"879\" height=\"485\" srcset=\"https:\/\/blogs.futura-sciences.com\/frankel\/wp-content\/uploads\/sites\/7\/2017\/04\/Robert-Walker-Tom-Kimmell.jpg 879w, https:\/\/blogs.futura-sciences.com\/frankel\/wp-content\/uploads\/sites\/7\/2017\/04\/Robert-Walker-Tom-Kimmell-450x248.jpg 450w, https:\/\/blogs.futura-sciences.com\/frankel\/wp-content\/uploads\/sites\/7\/2017\/04\/Robert-Walker-Tom-Kimmell-768x424.jpg 768w, https:\/\/blogs.futura-sciences.com\/frankel\/wp-content\/uploads\/sites\/7\/2017\/04\/Robert-Walker-Tom-Kimmell-672x372.jpg 672w\" sizes=\"auto, (max-width: 879px) 100vw, 879px\" \/><\/a><figcaption id=\"caption-attachment-611\" class=\"wp-caption-text\">Robert Walker, consultant de Donald Trump en affaires spatiales, mod\u00e8re un d\u00e9bat o\u00f9 Lune et Mars se sont confront\u00e9s (photo Tom Kimmel, \u00a0via Space News)<\/figcaption><\/figure>\n<p>Mais on attend toujours de savoir \u00e0 quoi une telle base lunaire servira. Pas vraiment \u00e0 pr\u00e9parer le vol pilot\u00e9 vers Mars, sinon \u00e0 le reporter aux calendes grecques, car se poser sur la Lune n\u2019a rien \u00e0 voir avec le challenge de se poser sur Mars (autant se poser en Australie), et contrairement \u00e0 ce que voudrait une certaine propagande scientifique, on ne va pas non plus apprendre \u00e0 faire du carburant sur la Lune pour un vol martien. On apprendra \u00e0 le faire sur Mars, tout comme on apprendra \u00e0 vivre sur Mars\u2026 sur Mars.<\/p>\n<p>On notera le silence des Etats-Unis sur la question lors du d\u00e9bat, qui laissent leurs concurrents et alli\u00e9s se disperser, ce qui leur permettra de garder d\u2019autant mieux la main lorsqu\u2019ils d\u00e9finiront pour de bon l\u2019objectif Mars. Seule la voix de l\u2019Italie, \u00e0 travers son repr\u00e9sentant Roberto Battiston, s\u2019est \u00e9lev\u00e9e pour remettre les pendules \u00e0 l\u2019heure\u00a0: \u00ab\u00a0Nous pensons que l\u2019avenir c\u2019est Mars, plut\u00f4t que la Lune [\u2026] il faut vraiment relever le prochain challenge, qui est Mars.\u00a0\u00bb<\/p>\n<!-- AddThis Advanced Settings generic via filter on the_content --><!-- AddThis Share Buttons generic via filter on the_content -->","protected":false},"excerpt":{"rendered":"<p>Le 33\u00e8me Symposium Spatial, qui s\u2019est tenu du 3 au 6 avril dans le Colorado, a \u00e9t\u00e9 l\u2019occasion pour les responsables des programmes spatiaux de nombreux pays de se r\u00e9unir, notamment lors d\u2019une table ronde \u00e9voquant l\u2019avenir des vols pilot\u00e9s. Le vide cr\u00e9\u00e9 par l\u2019absence de projet d\u00e9taill\u00e9 \u00e0 la NASA pour la conqu\u00eate humaine &hellip; <a href=\"https:\/\/blogs.futura-sciences.com\/frankel\/2017\/04\/12\/perdre-du-temps-sur-la-lune\/\" class=\"more-link\">Continuer la lecture de <span class=\"screen-reader-text\">Perdre du temps sur la Lune<\/span>  <span class=\"meta-nav\">&rarr;<\/span><\/a><!-- AddThis Advanced Settings generic via filter on get_the_excerpt --><!-- AddThis Share Buttons generic via filter on get_the_excerpt --><\/p>\n","protected":false},"author":6,"featured_media":0,"comment_status":"open","ping_status":"open","sticky":false,"template":"","format":"standard","meta":{"footnotes":"","_links_to":"","_links_to_target":""},"categories":[15,4],"tags":[],"class_list":["post-608","post","type-post","status-publish","format-standard","hentry","category-opinions","category-sciences"],"yoast_head":"<!-- This site is optimized with the Yoast SEO plugin v24.1 - https:\/\/yoast.com\/wordpress\/plugins\/seo\/ -->\n<title>Perdre du temps sur la Lune - Carnets de bord d\u2019un martien, le blog de Charles FRANKEL, g\u00e9ologue<\/title>\n<meta name=\"description\" content=\"Les agences spatiales ont d\u00e9battu au Space Symposium (d\u00e9but avril au Colorado) de l&#039;int\u00e9r\u00eat de la Lune ou de Mars comme futur objectif des vols pilot\u00e9s.\" \/>\n<meta name=\"robots\" content=\"index, follow, max-snippet:-1, max-image-preview:large, max-video-preview:-1\" \/>\n<link rel=\"canonical\" href=\"https:\/\/blogs.futura-sciences.com\/frankel\/2017\/04\/12\/perdre-du-temps-sur-la-lune\/\" \/>\n<meta name=\"twitter:label1\" content=\"\u00c9crit par\" \/>\n\t<meta name=\"twitter:data1\" content=\"Charles Frankel\" \/>\n\t<meta name=\"twitter:label2\" content=\"Dur\u00e9e de lecture estim\u00e9e\" \/>\n\t<meta name=\"twitter:data2\" content=\"2 minutes\" \/>\n<script type=\"application\/ld+json\" class=\"yoast-schema-graph\">{\"@context\":\"https:\/\/schema.org\",\"@graph\":[{\"@type\":\"WebPage\",\"@id\":\"https:\/\/blogs.futura-sciences.com\/frankel\/2017\/04\/12\/perdre-du-temps-sur-la-lune\/\",\"url\":\"https:\/\/blogs.futura-sciences.com\/frankel\/2017\/04\/12\/perdre-du-temps-sur-la-lune\/\",\"name\":\"Perdre du temps sur la Lune - Carnets de bord d\u2019un martien, le blog de Charles FRANKEL, g\u00e9ologue\",\"isPartOf\":{\"@id\":\"https:\/\/blogs.futura-sciences.com\/frankel\/#website\"},\"primaryImageOfPage\":{\"@id\":\"https:\/\/blogs.futura-sciences.com\/frankel\/2017\/04\/12\/perdre-du-temps-sur-la-lune\/#primaryimage\"},\"image\":{\"@id\":\"https:\/\/blogs.futura-sciences.com\/frankel\/2017\/04\/12\/perdre-du-temps-sur-la-lune\/#primaryimage\"},\"thumbnailUrl\":\"https:\/\/blogs.futura-sciences.com\/frankel\/wp-content\/uploads\/sites\/7\/2017\/04\/Moon-Village-ESAFostner-Partners.jpg\",\"datePublished\":\"2017-04-12T21:22:17+00:00\",\"dateModified\":\"2017-05-01T07:50:52+00:00\",\"author\":{\"@id\":\"https:\/\/blogs.futura-sciences.com\/frankel\/#\/schema\/person\/c6bf521c6d19bf22fb19fb2b3d6fcf63\"},\"description\":\"Les agences spatiales ont d\u00e9battu au Space Symposium (d\u00e9but avril au Colorado) de l'int\u00e9r\u00eat de la Lune ou de Mars comme futur objectif des vols pilot\u00e9s.\",\"inLanguage\":\"fr-FR\",\"potentialAction\":[{\"@type\":\"ReadAction\",\"target\":[\"https:\/\/blogs.futura-sciences.com\/frankel\/2017\/04\/12\/perdre-du-temps-sur-la-lune\/\"]}]},{\"@type\":\"ImageObject\",\"inLanguage\":\"fr-FR\",\"@id\":\"https:\/\/blogs.futura-sciences.com\/frankel\/2017\/04\/12\/perdre-du-temps-sur-la-lune\/#primaryimage\",\"url\":\"https:\/\/blogs.futura-sciences.com\/frankel\/wp-content\/uploads\/sites\/7\/2017\/04\/Moon-Village-ESAFostner-Partners.jpg\",\"contentUrl\":\"https:\/\/blogs.futura-sciences.com\/frankel\/wp-content\/uploads\/sites\/7\/2017\/04\/Moon-Village-ESAFostner-Partners.jpg\",\"width\":1140,\"height\":684,\"caption\":\"Un village sur la Lune propos\u00e9 par l'Agence Spatiale Europ\u00e9enne. Mais pour quoi faire ? (Photo ESA\/Fostner + Partners)\"},{\"@type\":\"WebSite\",\"@id\":\"https:\/\/blogs.futura-sciences.com\/frankel\/#website\",\"url\":\"https:\/\/blogs.futura-sciences.com\/frankel\/\",\"name\":\"Carnets de bord d\u2019un martien, le blog de Charles FRANKEL, g\u00e9ologue\",\"description\":\"La science ? Apr\u00e8s tout, qu\u2019est-elle, sinon une longue et syst\u00e9matique curiosit\u00e9 ? Andr\u00e9 Maurois\",\"potentialAction\":[{\"@type\":\"SearchAction\",\"target\":{\"@type\":\"EntryPoint\",\"urlTemplate\":\"https:\/\/blogs.futura-sciences.com\/frankel\/?s={search_term_string}\"},\"query-input\":{\"@type\":\"PropertyValueSpecification\",\"valueRequired\":true,\"valueName\":\"search_term_string\"}}],\"inLanguage\":\"fr-FR\"},{\"@type\":\"Person\",\"@id\":\"https:\/\/blogs.futura-sciences.com\/frankel\/#\/schema\/person\/c6bf521c6d19bf22fb19fb2b3d6fcf63\",\"name\":\"Charles Frankel\",\"image\":{\"@type\":\"ImageObject\",\"inLanguage\":\"fr-FR\",\"@id\":\"https:\/\/blogs.futura-sciences.com\/frankel\/#\/schema\/person\/image\/\",\"url\":\"https:\/\/secure.gravatar.com\/avatar\/93767f419dc6f3384f1e52a1a4c8f5b5?s=96&d=mm&r=g\",\"contentUrl\":\"https:\/\/secure.gravatar.com\/avatar\/93767f419dc6f3384f1e52a1a4c8f5b5?s=96&d=mm&r=g\",\"caption\":\"Charles Frankel\"},\"url\":\"https:\/\/blogs.futura-sciences.com\/frankel\/author\/cfrankel\/\"}]}<\/script>\n<!-- \/ Yoast SEO plugin. -->","yoast_head_json":{"title":"Perdre du temps sur la Lune - Carnets de bord d\u2019un martien, le blog de Charles FRANKEL, g\u00e9ologue","description":"Les agences spatiales ont d\u00e9battu au Space Symposium (d\u00e9but avril au Colorado) de l'int\u00e9r\u00eat de la Lune ou de Mars comme futur objectif des vols pilot\u00e9s.","robots":{"index":"index","follow":"follow","max-snippet":"max-snippet:-1","max-image-preview":"max-image-preview:large","max-video-preview":"max-video-preview:-1"},"canonical":"https:\/\/blogs.futura-sciences.com\/frankel\/2017\/04\/12\/perdre-du-temps-sur-la-lune\/","twitter_misc":{"\u00c9crit par":"Charles Frankel","Dur\u00e9e de lecture estim\u00e9e":"2 minutes"},"schema":{"@context":"https:\/\/schema.org","@graph":[{"@type":"WebPage","@id":"https:\/\/blogs.futura-sciences.com\/frankel\/2017\/04\/12\/perdre-du-temps-sur-la-lune\/","url":"https:\/\/blogs.futura-sciences.com\/frankel\/2017\/04\/12\/perdre-du-temps-sur-la-lune\/","name":"Perdre du temps sur la Lune - Carnets de bord d\u2019un martien, le blog de Charles FRANKEL, g\u00e9ologue","isPartOf":{"@id":"https:\/\/blogs.futura-sciences.com\/frankel\/#website"},"primaryImageOfPage":{"@id":"https:\/\/blogs.futura-sciences.com\/frankel\/2017\/04\/12\/perdre-du-temps-sur-la-lune\/#primaryimage"},"image":{"@id":"https:\/\/blogs.futura-sciences.com\/frankel\/2017\/04\/12\/perdre-du-temps-sur-la-lune\/#primaryimage"},"thumbnailUrl":"https:\/\/blogs.futura-sciences.com\/frankel\/wp-content\/uploads\/sites\/7\/2017\/04\/Moon-Village-ESAFostner-Partners.jpg","datePublished":"2017-04-12T21:22:17+00:00","dateModified":"2017-05-01T07:50:52+00:00","author":{"@id":"https:\/\/blogs.futura-sciences.com\/frankel\/#\/schema\/person\/c6bf521c6d19bf22fb19fb2b3d6fcf63"},"description":"Les agences spatiales ont d\u00e9battu au Space Symposium (d\u00e9but avril au Colorado) de l'int\u00e9r\u00eat de la Lune ou de Mars comme futur objectif des vols pilot\u00e9s.","inLanguage":"fr-FR","potentialAction":[{"@type":"ReadAction","target":["https:\/\/blogs.futura-sciences.com\/frankel\/2017\/04\/12\/perdre-du-temps-sur-la-lune\/"]}]},{"@type":"ImageObject","inLanguage":"fr-FR","@id":"https:\/\/blogs.futura-sciences.com\/frankel\/2017\/04\/12\/perdre-du-temps-sur-la-lune\/#primaryimage","url":"https:\/\/blogs.futura-sciences.com\/frankel\/wp-content\/uploads\/sites\/7\/2017\/04\/Moon-Village-ESAFostner-Partners.jpg","contentUrl":"https:\/\/blogs.futura-sciences.com\/frankel\/wp-content\/uploads\/sites\/7\/2017\/04\/Moon-Village-ESAFostner-Partners.jpg","width":1140,"height":684,"caption":"Un village sur la Lune propos\u00e9 par l'Agence Spatiale Europ\u00e9enne. Mais pour quoi faire ? (Photo ESA\/Fostner + Partners)"},{"@type":"WebSite","@id":"https:\/\/blogs.futura-sciences.com\/frankel\/#website","url":"https:\/\/blogs.futura-sciences.com\/frankel\/","name":"Carnets de bord d\u2019un martien, le blog de Charles FRANKEL, g\u00e9ologue","description":"La science ? Apr\u00e8s tout, qu\u2019est-elle, sinon une longue et syst\u00e9matique curiosit\u00e9 ? Andr\u00e9 Maurois","potentialAction":[{"@type":"SearchAction","target":{"@type":"EntryPoint","urlTemplate":"https:\/\/blogs.futura-sciences.com\/frankel\/?s={search_term_string}"},"query-input":{"@type":"PropertyValueSpecification","valueRequired":true,"valueName":"search_term_string"}}],"inLanguage":"fr-FR"},{"@type":"Person","@id":"https:\/\/blogs.futura-sciences.com\/frankel\/#\/schema\/person\/c6bf521c6d19bf22fb19fb2b3d6fcf63","name":"Charles Frankel","image":{"@type":"ImageObject","inLanguage":"fr-FR","@id":"https:\/\/blogs.futura-sciences.com\/frankel\/#\/schema\/person\/image\/","url":"https:\/\/secure.gravatar.com\/avatar\/93767f419dc6f3384f1e52a1a4c8f5b5?s=96&d=mm&r=g","contentUrl":"https:\/\/secure.gravatar.com\/avatar\/93767f419dc6f3384f1e52a1a4c8f5b5?s=96&d=mm&r=g","caption":"Charles Frankel"},"url":"https:\/\/blogs.futura-sciences.com\/frankel\/author\/cfrankel\/"}]}},"_links":{"self":[{"href":"https:\/\/blogs.futura-sciences.com\/frankel\/wp-json\/wp\/v2\/posts\/608","targetHints":{"allow":["GET"]}}],"collection":[{"href":"https:\/\/blogs.futura-sciences.com\/frankel\/wp-json\/wp\/v2\/posts"}],"about":[{"href":"https:\/\/blogs.futura-sciences.com\/frankel\/wp-json\/wp\/v2\/types\/post"}],"author":[{"embeddable":true,"href":"https:\/\/blogs.futura-sciences.com\/frankel\/wp-json\/wp\/v2\/users\/6"}],"replies":[{"embeddable":true,"href":"https:\/\/blogs.futura-sciences.com\/frankel\/wp-json\/wp\/v2\/comments?post=608"}],"version-history":[{"count":3,"href":"https:\/\/blogs.futura-sciences.com\/frankel\/wp-json\/wp\/v2\/posts\/608\/revisions"}],"predecessor-version":[{"id":621,"href":"https:\/\/blogs.futura-sciences.com\/frankel\/wp-json\/wp\/v2\/posts\/608\/revisions\/621"}],"wp:attachment":[{"href":"https:\/\/blogs.futura-sciences.com\/frankel\/wp-json\/wp\/v2\/media?parent=608"}],"wp:term":[{"taxonomy":"category","embeddable":true,"href":"https:\/\/blogs.futura-sciences.com\/frankel\/wp-json\/wp\/v2\/categories?post=608"},{"taxonomy":"post_tag","embeddable":true,"href":"https:\/\/blogs.futura-sciences.com\/frankel\/wp-json\/wp\/v2\/tags?post=608"}],"curies":[{"name":"wp","href":"https:\/\/api.w.org\/{rel}","templated":true}]}}