{"id":996,"date":"2014-11-04T06:17:28","date_gmt":"2014-11-04T06:17:28","guid":{"rendered":"https:\/\/blogs.futura-sciences.com\/feldmann\/?p=996"},"modified":"2014-11-11T08:39:48","modified_gmt":"2014-11-11T08:39:48","slug":"les-rencontres-du-ciel-lespace","status":"publish","type":"post","link":"https:\/\/blogs.futura-sciences.com\/feldmann\/2014\/11\/04\/les-rencontres-du-ciel-lespace\/","title":{"rendered":"Les Rencontres du Ciel et de l&#8217;Espace"},"content":{"rendered":"<p>Tous les deux ans depuis 1998, \u00e0 l&#8217;initiative de l&#8217;<a title=\"Site internet de l'AFA\" href=\"http:\/\/www.afanet.fr\/\" target=\"_blank\">Association Fran\u00e7aise d&#8217;Astronomie<\/a>\u00a0(AFA), se d\u00e9roulent les <a title=\"Site internet des RCE\" href=\"http:\/\/www.afanet.fr\/rce\/\" target=\"_blank\">Rencontres du Ciel et de l&#8217;Espace<\/a> (RCE) \u00e0 la Cit\u00e9 des Sciences et de l&#8217;Industrie (Paris).<\/p>\n<p><a href=\"https:\/\/blogs.futura-sciences.com\/feldmann\/wp-content\/uploads\/sites\/9\/2014\/10\/rce1.jpg\" rel=\"lightbox[996]\"><img loading=\"lazy\" decoding=\"async\" class=\"alignnone size-medium wp-image-997\" src=\"https:\/\/blogs.futura-sciences.com\/feldmann\/wp-content\/uploads\/sites\/9\/2014\/10\/rce1-450x337.jpg\" alt=\"rce1\" width=\"450\" height=\"337\" srcset=\"https:\/\/blogs.futura-sciences.com\/feldmann\/wp-content\/uploads\/sites\/9\/2014\/10\/rce1-450x337.jpg 450w, https:\/\/blogs.futura-sciences.com\/feldmann\/wp-content\/uploads\/sites\/9\/2014\/10\/rce1-1024x768.jpg 1024w, https:\/\/blogs.futura-sciences.com\/feldmann\/wp-content\/uploads\/sites\/9\/2014\/10\/rce1.jpg 1200w\" sizes=\"auto, (max-width: 450px) 100vw, 450px\" \/><\/a><\/p>\n<p>Alors que les <a title=\"Rencontres Astronomiques\" href=\"https:\/\/blogs.futura-sciences.com\/feldmann\/2014\/05\/29\/rencontres-astronomiques\/\" target=\"_blank\">Rencontres Astronomiques de Printemps<\/a> privil\u00e9gient l&#8217;observation du ciel, les RCE (qui cette ann\u00e9e se tiendront du 8 au 12 novembre) servent de lieu de rencontres et d&#8217;\u00e9changes.<\/p>\n<p><a href=\"https:\/\/blogs.futura-sciences.com\/feldmann\/wp-content\/uploads\/sites\/9\/2014\/10\/rce2.jpg\" rel=\"lightbox[996]\"><img loading=\"lazy\" decoding=\"async\" class=\"alignnone size-medium wp-image-998\" src=\"https:\/\/blogs.futura-sciences.com\/feldmann\/wp-content\/uploads\/sites\/9\/2014\/10\/rce2-450x337.jpg\" alt=\"rce2\" width=\"450\" height=\"337\" srcset=\"https:\/\/blogs.futura-sciences.com\/feldmann\/wp-content\/uploads\/sites\/9\/2014\/10\/rce2-450x337.jpg 450w, https:\/\/blogs.futura-sciences.com\/feldmann\/wp-content\/uploads\/sites\/9\/2014\/10\/rce2-1024x768.jpg 1024w, https:\/\/blogs.futura-sciences.com\/feldmann\/wp-content\/uploads\/sites\/9\/2014\/10\/rce2.jpg 1200w\" sizes=\"auto, (max-width: 450px) 100vw, 450px\" \/><\/a><\/p>\n<p>Conf\u00e9rences, forums, expositions photographiques, salon de l&#8217;astronomie, autant d&#8217;animations qui vont attirer des milliers de passionn\u00e9s pendant quelques jours.<\/p>\n<p>Avec la pr\u00e9sence de constructeurs venus des quatre coins du monde, on pourra d\u00e9couvrir les tous derniers <a title=\"En images : les t\u00e9lescopes des amateurs\" href=\"https:\/\/blogs.futura-sciences.com\/feldmann\/2014\/05\/14\/en-images-les-telescopes-amateurs\/\" target=\"_blank\">t\u00e9lescopes <\/a>et <a title=\"La lunette astronomique\" href=\"https:\/\/blogs.futura-sciences.com\/feldmann\/2014\/07\/07\/lunette-astronomique\/\" target=\"_blank\">lunettes astronomiques<\/a> disponibles sur le march\u00e9.<\/p>\n<p><a href=\"https:\/\/blogs.futura-sciences.com\/feldmann\/wp-content\/uploads\/sites\/9\/2014\/10\/rce3.jpg\" rel=\"lightbox[996]\"><img loading=\"lazy\" decoding=\"async\" class=\"alignnone size-medium wp-image-999\" src=\"https:\/\/blogs.futura-sciences.com\/feldmann\/wp-content\/uploads\/sites\/9\/2014\/10\/rce3-450x337.jpg\" alt=\"rce3\" width=\"450\" height=\"337\" srcset=\"https:\/\/blogs.futura-sciences.com\/feldmann\/wp-content\/uploads\/sites\/9\/2014\/10\/rce3-450x337.jpg 450w, https:\/\/blogs.futura-sciences.com\/feldmann\/wp-content\/uploads\/sites\/9\/2014\/10\/rce3-1024x768.jpg 1024w, https:\/\/blogs.futura-sciences.com\/feldmann\/wp-content\/uploads\/sites\/9\/2014\/10\/rce3.jpg 1200w\" sizes=\"auto, (max-width: 450px) 100vw, 450px\" \/><\/a><\/p>\n<p>Les RCE s&#8217;ach\u00e8veront le 12 novembre avec l&#8217;arriv\u00e9e de la sonde <a title=\"Mission Rosetta\" href=\"http:\/\/www.esa.int\/fre\/ESA_in_your_country\/France\/Suivez_Rosetta\" target=\"_blank\">Rosetta<\/a> sur la com\u00e8te Churyumov-Gerasimenko, un \u00e9v\u00e9nement qu&#8217;on pourra vivre en direct dans l&#8217;auditorium de la Cit\u00e9 des Sciences.<\/p>\n<p><a href=\"https:\/\/blogs.futura-sciences.com\/feldmann\/wp-content\/uploads\/sites\/9\/2014\/10\/rce4.jpg\" rel=\"lightbox[996]\"><img loading=\"lazy\" decoding=\"async\" class=\"alignnone size-medium wp-image-1000\" src=\"https:\/\/blogs.futura-sciences.com\/feldmann\/wp-content\/uploads\/sites\/9\/2014\/10\/rce4-450x337.jpg\" alt=\"rce4\" width=\"450\" height=\"337\" srcset=\"https:\/\/blogs.futura-sciences.com\/feldmann\/wp-content\/uploads\/sites\/9\/2014\/10\/rce4-450x337.jpg 450w, https:\/\/blogs.futura-sciences.com\/feldmann\/wp-content\/uploads\/sites\/9\/2014\/10\/rce4-1024x768.jpg 1024w, https:\/\/blogs.futura-sciences.com\/feldmann\/wp-content\/uploads\/sites\/9\/2014\/10\/rce4.jpg 1200w\" sizes=\"auto, (max-width: 450px) 100vw, 450px\" \/><\/a><\/p>\n<p>Les images pr\u00e9sent\u00e9es dans cet article ont \u00e9t\u00e9 prises au cours des RCE 2010.<\/p>\n<!-- AddThis Advanced Settings generic via filter on the_content --><!-- AddThis Share Buttons generic via filter on the_content -->","protected":false},"excerpt":{"rendered":"<p>Tous les deux ans depuis 1998, \u00e0 l&#8217;initiative de l&#8217;Association Fran\u00e7aise d&#8217;Astronomie\u00a0(AFA), se d\u00e9roulent les Rencontres du Ciel et de l&#8217;Espace (RCE) \u00e0 la Cit\u00e9 des Sciences et de l&#8217;Industrie (Paris). Alors que les Rencontres Astronomiques de Printemps privil\u00e9gient l&#8217;observation du ciel, les RCE (qui cette ann\u00e9e se tiendront du 8 au 12 novembre) servent &hellip; <a href=\"https:\/\/blogs.futura-sciences.com\/feldmann\/2014\/11\/04\/les-rencontres-du-ciel-lespace\/\" class=\"more-link\">Continuer la lecture de <span class=\"screen-reader-text\">Les Rencontres du Ciel et de l&#8217;Espace<\/span>  <span class=\"meta-nav\">&rarr;<\/span><\/a><!-- AddThis Advanced Settings generic via filter on get_the_excerpt --><!-- AddThis Share Buttons generic via filter on get_the_excerpt --><\/p>\n","protected":false},"author":8,"featured_media":1000,"comment_status":"open","ping_status":"open","sticky":false,"template":"","format":"standard","meta":{"footnotes":"","_links_to":"","_links_to_target":""},"categories":[87],"tags":[468,470,467,148,469,471,96],"class_list":["post-996","post","type-post","status-publish","format-standard","has-post-thumbnail","hentry","category-les-hommes-et-le-ciel","tag-association-francaise-dastronomie","tag-cite-des-sciences-et-de-lindustrie","tag-comete-churyumov-gerasimenko","tag-lunette-astronomique","tag-rencontres-du-ciel-et-de-lespace","tag-sonde-rosetta","tag-telescope"],"yoast_head":"<!-- This site is optimized with the Yoast SEO plugin v24.1 - https:\/\/yoast.com\/wordpress\/plugins\/seo\/ -->\n<title>rencontre ciel espace<\/title>\n<meta name=\"robots\" content=\"index, follow, max-snippet:-1, max-image-preview:large, max-video-preview:-1\" \/>\n<link rel=\"canonical\" href=\"https:\/\/blogs.futura-sciences.com\/feldmann\/2014\/11\/04\/les-rencontres-du-ciel-lespace\/\" \/>\n<meta property=\"og:locale\" content=\"fr_FR\" \/>\n<meta property=\"og:type\" content=\"article\" \/>\n<meta property=\"og:title\" content=\"rencontre ciel espace\" \/>\n<meta property=\"og:description\" content=\"Tous les deux ans depuis 1998, \u00e0 l&#8217;initiative de l&#8217;Association Fran\u00e7aise d&#8217;Astronomie\u00a0(AFA), se d\u00e9roulent les Rencontres du Ciel et de l&#8217;Espace (RCE) \u00e0 la Cit\u00e9 des Sciences et de l&#8217;Industrie (Paris). Alors que les Rencontres Astronomiques de Printemps privil\u00e9gient l&#8217;observation du ciel, les RCE (qui cette ann\u00e9e se tiendront du 8 au 12 novembre) servent &hellip; Continuer la lecture de Les Rencontres du Ciel et de l&#8217;Espace &rarr;\" \/>\n<meta property=\"og:url\" content=\"https:\/\/blogs.futura-sciences.com\/feldmann\/2014\/11\/04\/les-rencontres-du-ciel-lespace\/\" \/>\n<meta property=\"og:site_name\" content=\"CIELMANIA : le blog de Jean-Baptiste FELDMANN, photographe du ciel\" \/>\n<meta property=\"article:published_time\" content=\"2014-11-04T06:17:28+00:00\" \/>\n<meta property=\"article:modified_time\" content=\"2014-11-11T08:39:48+00:00\" \/>\n<meta property=\"og:image\" content=\"https:\/\/blogs.futura-sciences.com\/feldmann\/wp-content\/uploads\/sites\/9\/2014\/10\/rce4.jpg\" \/>\n\t<meta property=\"og:image:width\" content=\"1200\" \/>\n\t<meta property=\"og:image:height\" content=\"900\" \/>\n\t<meta property=\"og:image:type\" content=\"image\/jpeg\" \/>\n<meta name=\"author\" content=\"Jean-Baptiste FELDMANN\" \/>\n<meta name=\"twitter:card\" content=\"summary_large_image\" \/>\n<meta name=\"twitter:label1\" content=\"\u00c9crit par\" \/>\n\t<meta name=\"twitter:data1\" content=\"Jean-Baptiste FELDMANN\" \/>\n\t<meta name=\"twitter:label2\" content=\"Dur\u00e9e de lecture estim\u00e9e\" \/>\n\t<meta name=\"twitter:data2\" content=\"1 minute\" \/>\n<script type=\"application\/ld+json\" class=\"yoast-schema-graph\">{\"@context\":\"https:\/\/schema.org\",\"@graph\":[{\"@type\":\"WebPage\",\"@id\":\"https:\/\/blogs.futura-sciences.com\/feldmann\/2014\/11\/04\/les-rencontres-du-ciel-lespace\/\",\"url\":\"https:\/\/blogs.futura-sciences.com\/feldmann\/2014\/11\/04\/les-rencontres-du-ciel-lespace\/\",\"name\":\"rencontre ciel espace\",\"isPartOf\":{\"@id\":\"https:\/\/blogs.futura-sciences.com\/feldmann\/#website\"},\"primaryImageOfPage\":{\"@id\":\"https:\/\/blogs.futura-sciences.com\/feldmann\/2014\/11\/04\/les-rencontres-du-ciel-lespace\/#primaryimage\"},\"image\":{\"@id\":\"https:\/\/blogs.futura-sciences.com\/feldmann\/2014\/11\/04\/les-rencontres-du-ciel-lespace\/#primaryimage\"},\"thumbnailUrl\":\"https:\/\/blogs.futura-sciences.com\/feldmann\/wp-content\/uploads\/sites\/9\/2014\/10\/rce4.jpg\",\"datePublished\":\"2014-11-04T06:17:28+00:00\",\"dateModified\":\"2014-11-11T08:39:48+00:00\",\"author\":{\"@id\":\"https:\/\/blogs.futura-sciences.com\/feldmann\/#\/schema\/person\/62b391b709c307783237b759b62731ea\"},\"inLanguage\":\"fr-FR\",\"potentialAction\":[{\"@type\":\"ReadAction\",\"target\":[\"https:\/\/blogs.futura-sciences.com\/feldmann\/2014\/11\/04\/les-rencontres-du-ciel-lespace\/\"]}]},{\"@type\":\"ImageObject\",\"inLanguage\":\"fr-FR\",\"@id\":\"https:\/\/blogs.futura-sciences.com\/feldmann\/2014\/11\/04\/les-rencontres-du-ciel-lespace\/#primaryimage\",\"url\":\"https:\/\/blogs.futura-sciences.com\/feldmann\/wp-content\/uploads\/sites\/9\/2014\/10\/rce4.jpg\",\"contentUrl\":\"https:\/\/blogs.futura-sciences.com\/feldmann\/wp-content\/uploads\/sites\/9\/2014\/10\/rce4.jpg\",\"width\":1200,\"height\":900},{\"@type\":\"WebSite\",\"@id\":\"https:\/\/blogs.futura-sciences.com\/feldmann\/#website\",\"url\":\"https:\/\/blogs.futura-sciences.com\/feldmann\/\",\"name\":\"CIELMANIA : le blog de Jean-Baptiste FELDMANN, photographe du ciel\",\"description\":\"&quot;J&#039;ai en moi un besoin terrible. Dirais-je le mot? La religion. Alors, je sors la nuit et je peins des \u00e9toiles.&quot;  Vincent van Gogh\",\"potentialAction\":[{\"@type\":\"SearchAction\",\"target\":{\"@type\":\"EntryPoint\",\"urlTemplate\":\"https:\/\/blogs.futura-sciences.com\/feldmann\/?s={search_term_string}\"},\"query-input\":{\"@type\":\"PropertyValueSpecification\",\"valueRequired\":true,\"valueName\":\"search_term_string\"}}],\"inLanguage\":\"fr-FR\"},{\"@type\":\"Person\",\"@id\":\"https:\/\/blogs.futura-sciences.com\/feldmann\/#\/schema\/person\/62b391b709c307783237b759b62731ea\",\"name\":\"Jean-Baptiste FELDMANN\",\"image\":{\"@type\":\"ImageObject\",\"inLanguage\":\"fr-FR\",\"@id\":\"https:\/\/blogs.futura-sciences.com\/feldmann\/#\/schema\/person\/image\/\",\"url\":\"https:\/\/secure.gravatar.com\/avatar\/41f96607fde7a81a14570eec74177c42?s=96&d=mm&r=g\",\"contentUrl\":\"https:\/\/secure.gravatar.com\/avatar\/41f96607fde7a81a14570eec74177c42?s=96&d=mm&r=g\",\"caption\":\"Jean-Baptiste FELDMANN\"},\"url\":\"https:\/\/blogs.futura-sciences.com\/feldmann\/author\/jbfe\/\"}]}<\/script>\n<!-- \/ Yoast SEO plugin. -->","yoast_head_json":{"title":"rencontre ciel espace","robots":{"index":"index","follow":"follow","max-snippet":"max-snippet:-1","max-image-preview":"max-image-preview:large","max-video-preview":"max-video-preview:-1"},"canonical":"https:\/\/blogs.futura-sciences.com\/feldmann\/2014\/11\/04\/les-rencontres-du-ciel-lespace\/","og_locale":"fr_FR","og_type":"article","og_title":"rencontre ciel espace","og_description":"Tous les deux ans depuis 1998, \u00e0 l&#8217;initiative de l&#8217;Association Fran\u00e7aise d&#8217;Astronomie\u00a0(AFA), se d\u00e9roulent les Rencontres du Ciel et de l&#8217;Espace (RCE) \u00e0 la Cit\u00e9 des Sciences et de l&#8217;Industrie (Paris). Alors que les Rencontres Astronomiques de Printemps privil\u00e9gient l&#8217;observation du ciel, les RCE (qui cette ann\u00e9e se tiendront du 8 au 12 novembre) servent &hellip; Continuer la lecture de Les Rencontres du Ciel et de l&#8217;Espace &rarr;","og_url":"https:\/\/blogs.futura-sciences.com\/feldmann\/2014\/11\/04\/les-rencontres-du-ciel-lespace\/","og_site_name":"CIELMANIA : le blog de Jean-Baptiste FELDMANN, photographe du ciel","article_published_time":"2014-11-04T06:17:28+00:00","article_modified_time":"2014-11-11T08:39:48+00:00","og_image":[{"width":1200,"height":900,"url":"https:\/\/blogs.futura-sciences.com\/feldmann\/wp-content\/uploads\/sites\/9\/2014\/10\/rce4.jpg","type":"image\/jpeg"}],"author":"Jean-Baptiste FELDMANN","twitter_card":"summary_large_image","twitter_misc":{"\u00c9crit par":"Jean-Baptiste FELDMANN","Dur\u00e9e de lecture estim\u00e9e":"1 minute"},"schema":{"@context":"https:\/\/schema.org","@graph":[{"@type":"WebPage","@id":"https:\/\/blogs.futura-sciences.com\/feldmann\/2014\/11\/04\/les-rencontres-du-ciel-lespace\/","url":"https:\/\/blogs.futura-sciences.com\/feldmann\/2014\/11\/04\/les-rencontres-du-ciel-lespace\/","name":"rencontre ciel espace","isPartOf":{"@id":"https:\/\/blogs.futura-sciences.com\/feldmann\/#website"},"primaryImageOfPage":{"@id":"https:\/\/blogs.futura-sciences.com\/feldmann\/2014\/11\/04\/les-rencontres-du-ciel-lespace\/#primaryimage"},"image":{"@id":"https:\/\/blogs.futura-sciences.com\/feldmann\/2014\/11\/04\/les-rencontres-du-ciel-lespace\/#primaryimage"},"thumbnailUrl":"https:\/\/blogs.futura-sciences.com\/feldmann\/wp-content\/uploads\/sites\/9\/2014\/10\/rce4.jpg","datePublished":"2014-11-04T06:17:28+00:00","dateModified":"2014-11-11T08:39:48+00:00","author":{"@id":"https:\/\/blogs.futura-sciences.com\/feldmann\/#\/schema\/person\/62b391b709c307783237b759b62731ea"},"inLanguage":"fr-FR","potentialAction":[{"@type":"ReadAction","target":["https:\/\/blogs.futura-sciences.com\/feldmann\/2014\/11\/04\/les-rencontres-du-ciel-lespace\/"]}]},{"@type":"ImageObject","inLanguage":"fr-FR","@id":"https:\/\/blogs.futura-sciences.com\/feldmann\/2014\/11\/04\/les-rencontres-du-ciel-lespace\/#primaryimage","url":"https:\/\/blogs.futura-sciences.com\/feldmann\/wp-content\/uploads\/sites\/9\/2014\/10\/rce4.jpg","contentUrl":"https:\/\/blogs.futura-sciences.com\/feldmann\/wp-content\/uploads\/sites\/9\/2014\/10\/rce4.jpg","width":1200,"height":900},{"@type":"WebSite","@id":"https:\/\/blogs.futura-sciences.com\/feldmann\/#website","url":"https:\/\/blogs.futura-sciences.com\/feldmann\/","name":"CIELMANIA : le blog de Jean-Baptiste FELDMANN, photographe du ciel","description":"&quot;J&#039;ai en moi un besoin terrible. Dirais-je le mot? La religion. Alors, je sors la nuit et je peins des \u00e9toiles.&quot;  Vincent van Gogh","potentialAction":[{"@type":"SearchAction","target":{"@type":"EntryPoint","urlTemplate":"https:\/\/blogs.futura-sciences.com\/feldmann\/?s={search_term_string}"},"query-input":{"@type":"PropertyValueSpecification","valueRequired":true,"valueName":"search_term_string"}}],"inLanguage":"fr-FR"},{"@type":"Person","@id":"https:\/\/blogs.futura-sciences.com\/feldmann\/#\/schema\/person\/62b391b709c307783237b759b62731ea","name":"Jean-Baptiste FELDMANN","image":{"@type":"ImageObject","inLanguage":"fr-FR","@id":"https:\/\/blogs.futura-sciences.com\/feldmann\/#\/schema\/person\/image\/","url":"https:\/\/secure.gravatar.com\/avatar\/41f96607fde7a81a14570eec74177c42?s=96&d=mm&r=g","contentUrl":"https:\/\/secure.gravatar.com\/avatar\/41f96607fde7a81a14570eec74177c42?s=96&d=mm&r=g","caption":"Jean-Baptiste FELDMANN"},"url":"https:\/\/blogs.futura-sciences.com\/feldmann\/author\/jbfe\/"}]}},"_links":{"self":[{"href":"https:\/\/blogs.futura-sciences.com\/feldmann\/wp-json\/wp\/v2\/posts\/996","targetHints":{"allow":["GET"]}}],"collection":[{"href":"https:\/\/blogs.futura-sciences.com\/feldmann\/wp-json\/wp\/v2\/posts"}],"about":[{"href":"https:\/\/blogs.futura-sciences.com\/feldmann\/wp-json\/wp\/v2\/types\/post"}],"author":[{"embeddable":true,"href":"https:\/\/blogs.futura-sciences.com\/feldmann\/wp-json\/wp\/v2\/users\/8"}],"replies":[{"embeddable":true,"href":"https:\/\/blogs.futura-sciences.com\/feldmann\/wp-json\/wp\/v2\/comments?post=996"}],"version-history":[{"count":3,"href":"https:\/\/blogs.futura-sciences.com\/feldmann\/wp-json\/wp\/v2\/posts\/996\/revisions"}],"predecessor-version":[{"id":1003,"href":"https:\/\/blogs.futura-sciences.com\/feldmann\/wp-json\/wp\/v2\/posts\/996\/revisions\/1003"}],"wp:featuredmedia":[{"embeddable":true,"href":"https:\/\/blogs.futura-sciences.com\/feldmann\/wp-json\/wp\/v2\/media\/1000"}],"wp:attachment":[{"href":"https:\/\/blogs.futura-sciences.com\/feldmann\/wp-json\/wp\/v2\/media?parent=996"}],"wp:term":[{"taxonomy":"category","embeddable":true,"href":"https:\/\/blogs.futura-sciences.com\/feldmann\/wp-json\/wp\/v2\/categories?post=996"},{"taxonomy":"post_tag","embeddable":true,"href":"https:\/\/blogs.futura-sciences.com\/feldmann\/wp-json\/wp\/v2\/tags?post=996"}],"curies":[{"name":"wp","href":"https:\/\/api.w.org\/{rel}","templated":true}]}}