{"id":989,"date":"2014-10-22T02:27:39","date_gmt":"2014-10-22T02:27:39","guid":{"rendered":"https:\/\/blogs.futura-sciences.com\/feldmann\/?p=989"},"modified":"2014-10-25T06:51:04","modified_gmt":"2014-10-25T06:51:04","slug":"lumiere-cendree-du-22-octobre","status":"publish","type":"post","link":"https:\/\/blogs.futura-sciences.com\/feldmann\/2014\/10\/22\/lumiere-cendree-du-22-octobre\/","title":{"rendered":"Lumi\u00e8re cendr\u00e9e du 22 octobre"},"content":{"rendered":"<p>Souvenez-vous : il y a exactement un mois je photographiais la <a title=\"Lumi\u00e8re cendr\u00e9e du 22 septembre\" href=\"https:\/\/blogs.futura-sciences.com\/feldmann\/2014\/09\/22\/lumiere-cendree-du-22-septembre\/\" target=\"_blank\">lumi\u00e8re cendr\u00e9e<\/a> \u00e0 l&#8217;aube.<\/p>\n<p><a href=\"https:\/\/blogs.futura-sciences.com\/feldmann\/wp-content\/uploads\/sites\/9\/2014\/10\/lune31.jpg\" rel=\"lightbox[989]\"><img loading=\"lazy\" decoding=\"async\" class=\"alignnone size-medium wp-image-990\" src=\"https:\/\/blogs.futura-sciences.com\/feldmann\/wp-content\/uploads\/sites\/9\/2014\/10\/lune31-450x336.jpg\" alt=\"lune31\" width=\"450\" height=\"336\" srcset=\"https:\/\/blogs.futura-sciences.com\/feldmann\/wp-content\/uploads\/sites\/9\/2014\/10\/lune31-450x336.jpg 450w, https:\/\/blogs.futura-sciences.com\/feldmann\/wp-content\/uploads\/sites\/9\/2014\/10\/lune31-1024x766.jpg 1024w, https:\/\/blogs.futura-sciences.com\/feldmann\/wp-content\/uploads\/sites\/9\/2014\/10\/lune31.jpg 1202w\" sizes=\"auto, (max-width: 450px) 100vw, 450px\" \/><\/a><\/p>\n<p>Etiez-vous lev\u00e9s ce matin vers 7 heures pour admirer un mince <a title=\"Le croissant du Ramadan\" href=\"https:\/\/blogs.futura-sciences.com\/feldmann\/2014\/06\/30\/croissant-du-ramadan\/\" target=\"_blank\">croissant de Lune<\/a> accompagn\u00e9 de sa belle <a title=\"En images : la lumi\u00e8re cendr\u00e9e\" href=\"https:\/\/blogs.futura-sciences.com\/feldmann\/2014\/05\/12\/en-images-lumiere-cendree\/\" target=\"_blank\">lumi\u00e8re cendr\u00e9e<\/a> ?<\/p>\n<p><!--more-->Si ce n&#8217;est pas le cas, je vous ai rapport\u00e9 cette image r\u00e9alis\u00e9e avec un bo\u00eetier Nikon D 3200, une focale de 105 mm et une sensibilit\u00e9 de 800 iso.<\/p>\n<p>Apr\u00e8s la Nouvelle Lune demain soir \u00e0 21 h 57 TU, nous retrouverons progressivement S\u00e9l\u00e9n\u00e9 dans le ciel du soir avec un tr\u00e8s beau spectacle le 25 octobre apr\u00e8s le coucher du <a title=\"L\u2019\u00e9norme tache solaire AR 2192\" href=\"https:\/\/blogs.futura-sciences.com\/feldmann\/2014\/10\/22\/lenorme-tache-solaire-ar-2192\/\" target=\"_blank\">Soleil <\/a>: notre satellite naturel occultera <a title=\"La Lune fr\u00f4le Saturne\" href=\"https:\/\/blogs.futura-sciences.com\/feldmann\/2014\/09\/04\/lune-frole-saturne\/\" target=\"_blank\">Saturne<\/a>.<\/p>\n<!-- AddThis Advanced Settings generic via filter on the_content --><!-- AddThis Share Buttons generic via filter on the_content -->","protected":false},"excerpt":{"rendered":"<p>Souvenez-vous : il y a exactement un mois je photographiais la lumi\u00e8re cendr\u00e9e \u00e0 l&#8217;aube. Etiez-vous lev\u00e9s ce matin vers 7 heures pour admirer un mince croissant de Lune accompagn\u00e9 de sa belle lumi\u00e8re cendr\u00e9e ?<!-- AddThis Advanced Settings generic via filter on get_the_excerpt --><!-- AddThis Share Buttons generic via filter on get_the_excerpt --><\/p>\n","protected":false},"author":8,"featured_media":990,"comment_status":"open","ping_status":"open","sticky":false,"template":"","format":"standard","meta":{"footnotes":"","_links_to":"","_links_to_target":""},"categories":[83],"tags":[131,88,106,136,189],"class_list":["post-989","post","type-post","status-publish","format-standard","has-post-thumbnail","hentry","category-la-lune","tag-croissant-de-lune","tag-lumiere-cendree","tag-occultation","tag-saturne","tag-selene"],"yoast_head":"<!-- This site is optimized with the Yoast SEO plugin v24.1 - https:\/\/yoast.com\/wordpress\/plugins\/seo\/ -->\n<title>lumiere cendree<\/title>\n<meta name=\"robots\" content=\"index, follow, max-snippet:-1, max-image-preview:large, max-video-preview:-1\" \/>\n<link rel=\"canonical\" href=\"https:\/\/blogs.futura-sciences.com\/feldmann\/2014\/10\/22\/lumiere-cendree-du-22-octobre\/\" \/>\n<meta property=\"og:locale\" content=\"fr_FR\" \/>\n<meta property=\"og:type\" content=\"article\" \/>\n<meta property=\"og:title\" content=\"lumiere cendree\" \/>\n<meta property=\"og:description\" content=\"Souvenez-vous : il y a exactement un mois je photographiais la lumi\u00e8re cendr\u00e9e \u00e0 l&#8217;aube. Etiez-vous lev\u00e9s ce matin vers 7 heures pour admirer un mince croissant de Lune accompagn\u00e9 de sa belle lumi\u00e8re cendr\u00e9e ?\" \/>\n<meta property=\"og:url\" content=\"https:\/\/blogs.futura-sciences.com\/feldmann\/2014\/10\/22\/lumiere-cendree-du-22-octobre\/\" \/>\n<meta property=\"og:site_name\" content=\"CIELMANIA : le blog de Jean-Baptiste FELDMANN, photographe du ciel\" \/>\n<meta property=\"article:published_time\" content=\"2014-10-22T02:27:39+00:00\" \/>\n<meta property=\"article:modified_time\" content=\"2014-10-25T06:51:04+00:00\" \/>\n<meta property=\"og:image\" content=\"https:\/\/blogs.futura-sciences.com\/feldmann\/wp-content\/uploads\/sites\/9\/2014\/10\/lune31.jpg\" \/>\n\t<meta property=\"og:image:width\" content=\"1202\" \/>\n\t<meta property=\"og:image:height\" content=\"900\" \/>\n\t<meta property=\"og:image:type\" content=\"image\/jpeg\" \/>\n<meta name=\"author\" content=\"Jean-Baptiste FELDMANN\" \/>\n<meta name=\"twitter:card\" content=\"summary_large_image\" \/>\n<meta name=\"twitter:label1\" content=\"\u00c9crit par\" \/>\n\t<meta name=\"twitter:data1\" content=\"Jean-Baptiste FELDMANN\" \/>\n\t<meta name=\"twitter:label2\" content=\"Dur\u00e9e de lecture estim\u00e9e\" \/>\n\t<meta name=\"twitter:data2\" content=\"1 minute\" \/>\n<script type=\"application\/ld+json\" class=\"yoast-schema-graph\">{\"@context\":\"https:\/\/schema.org\",\"@graph\":[{\"@type\":\"WebPage\",\"@id\":\"https:\/\/blogs.futura-sciences.com\/feldmann\/2014\/10\/22\/lumiere-cendree-du-22-octobre\/\",\"url\":\"https:\/\/blogs.futura-sciences.com\/feldmann\/2014\/10\/22\/lumiere-cendree-du-22-octobre\/\",\"name\":\"lumiere cendree\",\"isPartOf\":{\"@id\":\"https:\/\/blogs.futura-sciences.com\/feldmann\/#website\"},\"primaryImageOfPage\":{\"@id\":\"https:\/\/blogs.futura-sciences.com\/feldmann\/2014\/10\/22\/lumiere-cendree-du-22-octobre\/#primaryimage\"},\"image\":{\"@id\":\"https:\/\/blogs.futura-sciences.com\/feldmann\/2014\/10\/22\/lumiere-cendree-du-22-octobre\/#primaryimage\"},\"thumbnailUrl\":\"https:\/\/blogs.futura-sciences.com\/feldmann\/wp-content\/uploads\/sites\/9\/2014\/10\/lune31.jpg\",\"datePublished\":\"2014-10-22T02:27:39+00:00\",\"dateModified\":\"2014-10-25T06:51:04+00:00\",\"author\":{\"@id\":\"https:\/\/blogs.futura-sciences.com\/feldmann\/#\/schema\/person\/62b391b709c307783237b759b62731ea\"},\"inLanguage\":\"fr-FR\",\"potentialAction\":[{\"@type\":\"ReadAction\",\"target\":[\"https:\/\/blogs.futura-sciences.com\/feldmann\/2014\/10\/22\/lumiere-cendree-du-22-octobre\/\"]}]},{\"@type\":\"ImageObject\",\"inLanguage\":\"fr-FR\",\"@id\":\"https:\/\/blogs.futura-sciences.com\/feldmann\/2014\/10\/22\/lumiere-cendree-du-22-octobre\/#primaryimage\",\"url\":\"https:\/\/blogs.futura-sciences.com\/feldmann\/wp-content\/uploads\/sites\/9\/2014\/10\/lune31.jpg\",\"contentUrl\":\"https:\/\/blogs.futura-sciences.com\/feldmann\/wp-content\/uploads\/sites\/9\/2014\/10\/lune31.jpg\",\"width\":1202,\"height\":900},{\"@type\":\"WebSite\",\"@id\":\"https:\/\/blogs.futura-sciences.com\/feldmann\/#website\",\"url\":\"https:\/\/blogs.futura-sciences.com\/feldmann\/\",\"name\":\"CIELMANIA : le blog de Jean-Baptiste FELDMANN, photographe du ciel\",\"description\":\"&quot;J&#039;ai en moi un besoin terrible. Dirais-je le mot? La religion. Alors, je sors la nuit et je peins des \u00e9toiles.&quot;  Vincent van Gogh\",\"potentialAction\":[{\"@type\":\"SearchAction\",\"target\":{\"@type\":\"EntryPoint\",\"urlTemplate\":\"https:\/\/blogs.futura-sciences.com\/feldmann\/?s={search_term_string}\"},\"query-input\":{\"@type\":\"PropertyValueSpecification\",\"valueRequired\":true,\"valueName\":\"search_term_string\"}}],\"inLanguage\":\"fr-FR\"},{\"@type\":\"Person\",\"@id\":\"https:\/\/blogs.futura-sciences.com\/feldmann\/#\/schema\/person\/62b391b709c307783237b759b62731ea\",\"name\":\"Jean-Baptiste FELDMANN\",\"image\":{\"@type\":\"ImageObject\",\"inLanguage\":\"fr-FR\",\"@id\":\"https:\/\/blogs.futura-sciences.com\/feldmann\/#\/schema\/person\/image\/\",\"url\":\"https:\/\/secure.gravatar.com\/avatar\/41f96607fde7a81a14570eec74177c42?s=96&d=mm&r=g\",\"contentUrl\":\"https:\/\/secure.gravatar.com\/avatar\/41f96607fde7a81a14570eec74177c42?s=96&d=mm&r=g\",\"caption\":\"Jean-Baptiste FELDMANN\"},\"url\":\"https:\/\/blogs.futura-sciences.com\/feldmann\/author\/jbfe\/\"}]}<\/script>\n<!-- \/ Yoast SEO plugin. -->","yoast_head_json":{"title":"lumiere cendree","robots":{"index":"index","follow":"follow","max-snippet":"max-snippet:-1","max-image-preview":"max-image-preview:large","max-video-preview":"max-video-preview:-1"},"canonical":"https:\/\/blogs.futura-sciences.com\/feldmann\/2014\/10\/22\/lumiere-cendree-du-22-octobre\/","og_locale":"fr_FR","og_type":"article","og_title":"lumiere cendree","og_description":"Souvenez-vous : il y a exactement un mois je photographiais la lumi\u00e8re cendr\u00e9e \u00e0 l&#8217;aube. Etiez-vous lev\u00e9s ce matin vers 7 heures pour admirer un mince croissant de Lune accompagn\u00e9 de sa belle lumi\u00e8re cendr\u00e9e ?","og_url":"https:\/\/blogs.futura-sciences.com\/feldmann\/2014\/10\/22\/lumiere-cendree-du-22-octobre\/","og_site_name":"CIELMANIA : le blog de Jean-Baptiste FELDMANN, photographe du ciel","article_published_time":"2014-10-22T02:27:39+00:00","article_modified_time":"2014-10-25T06:51:04+00:00","og_image":[{"width":1202,"height":900,"url":"https:\/\/blogs.futura-sciences.com\/feldmann\/wp-content\/uploads\/sites\/9\/2014\/10\/lune31.jpg","type":"image\/jpeg"}],"author":"Jean-Baptiste FELDMANN","twitter_card":"summary_large_image","twitter_misc":{"\u00c9crit par":"Jean-Baptiste FELDMANN","Dur\u00e9e de lecture estim\u00e9e":"1 minute"},"schema":{"@context":"https:\/\/schema.org","@graph":[{"@type":"WebPage","@id":"https:\/\/blogs.futura-sciences.com\/feldmann\/2014\/10\/22\/lumiere-cendree-du-22-octobre\/","url":"https:\/\/blogs.futura-sciences.com\/feldmann\/2014\/10\/22\/lumiere-cendree-du-22-octobre\/","name":"lumiere cendree","isPartOf":{"@id":"https:\/\/blogs.futura-sciences.com\/feldmann\/#website"},"primaryImageOfPage":{"@id":"https:\/\/blogs.futura-sciences.com\/feldmann\/2014\/10\/22\/lumiere-cendree-du-22-octobre\/#primaryimage"},"image":{"@id":"https:\/\/blogs.futura-sciences.com\/feldmann\/2014\/10\/22\/lumiere-cendree-du-22-octobre\/#primaryimage"},"thumbnailUrl":"https:\/\/blogs.futura-sciences.com\/feldmann\/wp-content\/uploads\/sites\/9\/2014\/10\/lune31.jpg","datePublished":"2014-10-22T02:27:39+00:00","dateModified":"2014-10-25T06:51:04+00:00","author":{"@id":"https:\/\/blogs.futura-sciences.com\/feldmann\/#\/schema\/person\/62b391b709c307783237b759b62731ea"},"inLanguage":"fr-FR","potentialAction":[{"@type":"ReadAction","target":["https:\/\/blogs.futura-sciences.com\/feldmann\/2014\/10\/22\/lumiere-cendree-du-22-octobre\/"]}]},{"@type":"ImageObject","inLanguage":"fr-FR","@id":"https:\/\/blogs.futura-sciences.com\/feldmann\/2014\/10\/22\/lumiere-cendree-du-22-octobre\/#primaryimage","url":"https:\/\/blogs.futura-sciences.com\/feldmann\/wp-content\/uploads\/sites\/9\/2014\/10\/lune31.jpg","contentUrl":"https:\/\/blogs.futura-sciences.com\/feldmann\/wp-content\/uploads\/sites\/9\/2014\/10\/lune31.jpg","width":1202,"height":900},{"@type":"WebSite","@id":"https:\/\/blogs.futura-sciences.com\/feldmann\/#website","url":"https:\/\/blogs.futura-sciences.com\/feldmann\/","name":"CIELMANIA : le blog de Jean-Baptiste FELDMANN, photographe du ciel","description":"&quot;J&#039;ai en moi un besoin terrible. Dirais-je le mot? La religion. Alors, je sors la nuit et je peins des \u00e9toiles.&quot;  Vincent van Gogh","potentialAction":[{"@type":"SearchAction","target":{"@type":"EntryPoint","urlTemplate":"https:\/\/blogs.futura-sciences.com\/feldmann\/?s={search_term_string}"},"query-input":{"@type":"PropertyValueSpecification","valueRequired":true,"valueName":"search_term_string"}}],"inLanguage":"fr-FR"},{"@type":"Person","@id":"https:\/\/blogs.futura-sciences.com\/feldmann\/#\/schema\/person\/62b391b709c307783237b759b62731ea","name":"Jean-Baptiste FELDMANN","image":{"@type":"ImageObject","inLanguage":"fr-FR","@id":"https:\/\/blogs.futura-sciences.com\/feldmann\/#\/schema\/person\/image\/","url":"https:\/\/secure.gravatar.com\/avatar\/41f96607fde7a81a14570eec74177c42?s=96&d=mm&r=g","contentUrl":"https:\/\/secure.gravatar.com\/avatar\/41f96607fde7a81a14570eec74177c42?s=96&d=mm&r=g","caption":"Jean-Baptiste FELDMANN"},"url":"https:\/\/blogs.futura-sciences.com\/feldmann\/author\/jbfe\/"}]}},"_links":{"self":[{"href":"https:\/\/blogs.futura-sciences.com\/feldmann\/wp-json\/wp\/v2\/posts\/989","targetHints":{"allow":["GET"]}}],"collection":[{"href":"https:\/\/blogs.futura-sciences.com\/feldmann\/wp-json\/wp\/v2\/posts"}],"about":[{"href":"https:\/\/blogs.futura-sciences.com\/feldmann\/wp-json\/wp\/v2\/types\/post"}],"author":[{"embeddable":true,"href":"https:\/\/blogs.futura-sciences.com\/feldmann\/wp-json\/wp\/v2\/users\/8"}],"replies":[{"embeddable":true,"href":"https:\/\/blogs.futura-sciences.com\/feldmann\/wp-json\/wp\/v2\/comments?post=989"}],"version-history":[{"count":2,"href":"https:\/\/blogs.futura-sciences.com\/feldmann\/wp-json\/wp\/v2\/posts\/989\/revisions"}],"predecessor-version":[{"id":993,"href":"https:\/\/blogs.futura-sciences.com\/feldmann\/wp-json\/wp\/v2\/posts\/989\/revisions\/993"}],"wp:featuredmedia":[{"embeddable":true,"href":"https:\/\/blogs.futura-sciences.com\/feldmann\/wp-json\/wp\/v2\/media\/990"}],"wp:attachment":[{"href":"https:\/\/blogs.futura-sciences.com\/feldmann\/wp-json\/wp\/v2\/media?parent=989"}],"wp:term":[{"taxonomy":"category","embeddable":true,"href":"https:\/\/blogs.futura-sciences.com\/feldmann\/wp-json\/wp\/v2\/categories?post=989"},{"taxonomy":"post_tag","embeddable":true,"href":"https:\/\/blogs.futura-sciences.com\/feldmann\/wp-json\/wp\/v2\/tags?post=989"}],"curies":[{"name":"wp","href":"https:\/\/api.w.org\/{rel}","templated":true}]}}