{"id":9706,"date":"2018-10-14T07:43:38","date_gmt":"2018-10-14T07:43:38","guid":{"rendered":"https:\/\/blogs.futura-sciences.com\/feldmann\/?p=9706"},"modified":"2018-10-23T15:51:13","modified_gmt":"2018-10-23T15:51:13","slug":"pluie-detoiles-sur-brochon-pour-le-jour-de-la-nuit","status":"publish","type":"post","link":"https:\/\/blogs.futura-sciences.com\/feldmann\/2018\/10\/14\/pluie-detoiles-sur-brochon-pour-le-jour-de-la-nuit\/","title":{"rendered":"Pluie d&#8217;\u00e9toiles sur Brochon pour le Jour de la Nuit"},"content":{"rendered":"<p><strong>\u00c0 l&#8217;occasion de cette nouvelle \u00e9dition du Jour de la Nuit, Brochon proposait ce 13 octobre une soir\u00e9e d\u00e9di\u00e9e aux spectacles c\u00e9lestes.<\/strong><\/p>\n<p>De plus en plus de communes cherchent d\u00e9sormais \u00e0 r\u00e9duire la <a href=\"https:\/\/blogs.futura-sciences.com\/feldmann\/2018\/09\/27\/tucson-la-ville-qui-fait-baisser-la-pollution-lumineuse\/\" target=\"_blank\" rel=\"noopener\">pollution lumineuse<\/a> pour des raisons \u00e9conomiques et \u00e9cologiques. C&#8217;est le cas de Brochon en C\u00f4te-d&#8217;Or o\u00f9 depuis plusieurs ann\u00e9es l&#8217;\u00e9clairage urbain est interrompu une partie de la nuit, offrant aux habitants la possibilit\u00e9 de d\u00e9couvrir la <a href=\"https:\/\/blogs.futura-sciences.com\/feldmann\/2018\/09\/08\/souvenirs-dete-mars-aux-cotes-de-la-voie-lactee\/\" target=\"_blank\" rel=\"noopener\">Voie lact\u00e9e<\/a> malgr\u00e9 les lumi\u00e8res de <a href=\"https:\/\/blogs.futura-sciences.com\/feldmann\/2014\/09\/09\/pleine-lune-dijon\/\" target=\"_blank\" rel=\"noopener\">Dijon<\/a> au nord et de Gevrey-Chambertin au sud.<\/p>\n\n<!-- iframe plugin v.5.1 wordpress.org\/plugins\/iframe\/ -->\n<iframe loading=\"lazy\" width=\"560\" height=\"315\" src=\"https:\/\/www.youtube.com\/embed\/5kHAx2Uz79w\" frameborder=\"0\" allow=\"autoplay; encrypted-media\" 0=\"allowfullscreen&gt;&lt;\/iframe\" scrolling=\"yes\" class=\"iframe-class\"><\/iframe>\n\n<p>Pour marquer cette dixi\u00e8me \u00e9dition du <a href=\"https:\/\/blogs.futura-sciences.com\/feldmann\/2017\/10\/13\/jour-de-nuit-cest-samedi-partout-france\/\" target=\"_blank\" rel=\"noopener\">Jour de la Nuit<\/a> le 13 octobre, la commune \u00e9tait plong\u00e9e dans le noir et offrait \u00e0 ses habitants une d\u00e9couverte du ciel nocturne.<!--more--><\/p>\n<p>C&#8217;est dans le cadre magnifique du <a href=\"https:\/\/blogs.futura-sciences.com\/feldmann\/2016\/10\/05\/rotation-detoiles-dessus-chateau-de-brochon\/\" target=\"_blank\" rel=\"noopener\">ch\u00e2teau <\/a>de Brochon que s&#8217;est d\u00e9roul\u00e9e cette soir\u00e9e avec une m\u00e9t\u00e9o particuli\u00e8rement cl\u00e9mente. D\u00e8s 19 heures 30 le d\u00e9cors \u00e9tait en place avec un jeune croissant de Lune glissant lentement au-dessus de l&#8217;\u00e9difice :<\/p>\n<figure id=\"attachment_9707\" aria-describedby=\"caption-attachment-9707\" style=\"width: 450px\" class=\"wp-caption alignnone\"><a href=\"https:\/\/blogs.futura-sciences.com\/feldmann\/wp-content\/uploads\/sites\/9\/2018\/10\/jdln1.jpg\" rel=\"lightbox[9706]\"><img loading=\"lazy\" decoding=\"async\" class=\"size-medium wp-image-9707\" src=\"https:\/\/blogs.futura-sciences.com\/feldmann\/wp-content\/uploads\/sites\/9\/2018\/10\/jdln1-450x279.jpg\" alt=\"\" width=\"450\" height=\"279\" srcset=\"https:\/\/blogs.futura-sciences.com\/feldmann\/wp-content\/uploads\/sites\/9\/2018\/10\/jdln1-450x279.jpg 450w, https:\/\/blogs.futura-sciences.com\/feldmann\/wp-content\/uploads\/sites\/9\/2018\/10\/jdln1-768x476.jpg 768w, https:\/\/blogs.futura-sciences.com\/feldmann\/wp-content\/uploads\/sites\/9\/2018\/10\/jdln1-1024x635.jpg 1024w, https:\/\/blogs.futura-sciences.com\/feldmann\/wp-content\/uploads\/sites\/9\/2018\/10\/jdln1.jpg 1451w\" sizes=\"auto, (max-width: 450px) 100vw, 450px\" \/><\/a><figcaption id=\"caption-attachment-9707\" class=\"wp-caption-text\">Jeune croissant de Lune au-dessus du ch\u00e2teau de Brochon. \u00a9 Jean-Baptiste Feldmann<\/figcaption><\/figure>\n<p>Puis \u00e0 20 heures 30 j&#8217;ai accueilli le public pour lui pr\u00e9senter mes <a href=\"http:\/\/paysages-celestes.blogspot.com\/\" target=\"_blank\" rel=\"noopener\">Paysages c\u00e9lestes<\/a> et lui expliquer l&#8217;importance de la pr\u00e9servation du ciel nocturne pour l&#8217;homme, la faune et la flore (chacun peut se rendre compte de l&#8217;\u00e9tendue de la pollution lumineuse en consultant les excellentes cartes propos\u00e9es par\u00a0<a href=\"http:\/\/www.avex-asso.org\/dossiers\/wordpress\/?page_id=3273&amp;lang=fr_FR\" target=\"_blank\" rel=\"noopener noreferrer\">AVEX<\/a>).<\/p>\n<figure id=\"attachment_9708\" aria-describedby=\"caption-attachment-9708\" style=\"width: 450px\" class=\"wp-caption alignnone\"><a href=\"https:\/\/blogs.futura-sciences.com\/feldmann\/wp-content\/uploads\/sites\/9\/2018\/10\/jdln3.jpg\" rel=\"lightbox[9706]\"><img loading=\"lazy\" decoding=\"async\" class=\"size-medium wp-image-9708\" src=\"https:\/\/blogs.futura-sciences.com\/feldmann\/wp-content\/uploads\/sites\/9\/2018\/10\/jdln3-450x279.jpg\" alt=\"\" width=\"450\" height=\"279\" srcset=\"https:\/\/blogs.futura-sciences.com\/feldmann\/wp-content\/uploads\/sites\/9\/2018\/10\/jdln3-450x279.jpg 450w, https:\/\/blogs.futura-sciences.com\/feldmann\/wp-content\/uploads\/sites\/9\/2018\/10\/jdln3-768x476.jpg 768w, https:\/\/blogs.futura-sciences.com\/feldmann\/wp-content\/uploads\/sites\/9\/2018\/10\/jdln3-1024x634.jpg 1024w, https:\/\/blogs.futura-sciences.com\/feldmann\/wp-content\/uploads\/sites\/9\/2018\/10\/jdln3.jpg 1450w\" sizes=\"auto, (max-width: 450px) 100vw, 450px\" \/><\/a><figcaption id=\"caption-attachment-9708\" class=\"wp-caption-text\">Observations dans le parc du ch\u00e2teau de Brochon avec la SAB. \u00a9 Jean-Baptiste Feldmann<\/figcaption><\/figure>\n<p>La soir\u00e9e s&#8217;est poursuivie par des observations dans le parc du ch\u00e2teau avec l&#8217;appui de deux astronomes amateurs de la <a href=\"https:\/\/www.sab-astro.fr\/\" target=\"_blank\" rel=\"noopener\">Soci\u00e9t\u00e9 Astronomique de Bourgogne<\/a> (la SAB organise chaque \u00e9t\u00e9 de spectaculaires <a href=\"https:\/\/blogs.futura-sciences.com\/feldmann\/2017\/07\/29\/nuits-etoiles-grande-foule-a-dijon\/\" target=\"_blank\" rel=\"noopener\">Nuits des \u00e9toiles<\/a>) : ils ont fait d\u00e9couvrir aux visiteurs les beaut\u00e9s du ciel nocturne avec leurs <a href=\"https:\/\/blogs.futura-sciences.com\/feldmann\/2014\/05\/14\/en-images-les-telescopes-amateurs\/\" target=\"_blank\" rel=\"noopener\">t\u00e9lescopes<\/a>.<\/p>\n<figure id=\"attachment_9709\" aria-describedby=\"caption-attachment-9709\" style=\"width: 300px\" class=\"wp-caption alignnone\"><a href=\"https:\/\/blogs.futura-sciences.com\/feldmann\/wp-content\/uploads\/sites\/9\/2018\/10\/jdln4.jpg\" rel=\"lightbox[9706]\"><img loading=\"lazy\" decoding=\"async\" class=\"size-medium wp-image-9709\" src=\"https:\/\/blogs.futura-sciences.com\/feldmann\/wp-content\/uploads\/sites\/9\/2018\/10\/jdln4-300x450.jpg\" alt=\"\" width=\"300\" height=\"450\" srcset=\"https:\/\/blogs.futura-sciences.com\/feldmann\/wp-content\/uploads\/sites\/9\/2018\/10\/jdln4-300x450.jpg 300w, https:\/\/blogs.futura-sciences.com\/feldmann\/wp-content\/uploads\/sites\/9\/2018\/10\/jdln4-768x1152.jpg 768w, https:\/\/blogs.futura-sciences.com\/feldmann\/wp-content\/uploads\/sites\/9\/2018\/10\/jdln4-683x1024.jpg 683w, https:\/\/blogs.futura-sciences.com\/feldmann\/wp-content\/uploads\/sites\/9\/2018\/10\/jdln4.jpg 900w\" sizes=\"auto, (max-width: 300px) 100vw, 300px\" \/><\/a><figcaption id=\"caption-attachment-9709\" class=\"wp-caption-text\">La Voie lact\u00e9e est visible \u00e0 Brochon lorsque la commune est plong\u00e9e dans le noir. \u00a9 Jean-Baptiste Feldmann<\/figcaption><\/figure>\n<p><a href=\"https:\/\/blogs.futura-sciences.com\/feldmann\/2016\/09\/13\/triangle-dete-spectacle-a-admirer-zenith\/\" target=\"_blank\" rel=\"noopener\">Triangle d&#8217;\u00e9t\u00e9<\/a>, <a href=\"https:\/\/blogs.futura-sciences.com\/feldmann\/2015\/01\/09\/le-telescope-hubble-zoome-sur-la-galaxie-d-andromede\/\" target=\"_blank\" rel=\"noopener\">galaxie d&#8217;Androm\u00e8de<\/a>, amas d&#8217;\u00e9toiles des <a href=\"https:\/\/blogs.futura-sciences.com\/feldmann\/2016\/02\/09\/observez-lamas-detoiles-des-pleiades-en-debut-de-nuit\/\" target=\"_blank\" rel=\"noopener\">Pl\u00e9iades<\/a>, plan\u00e8te <a href=\"https:\/\/blogs.futura-sciences.com\/feldmann\/2018\/07\/25\/le-visage-de-mars-un-bel-exemple-de-pareidolie\/\" target=\"_blank\" rel=\"noopener\">Mars<\/a>, <a href=\"https:\/\/blogs.futura-sciences.com\/feldmann\/2016\/01\/05\/zoom-sur-messier-5-lun-des-plus-vieux-amas-globulaires\/\" target=\"_blank\" rel=\"noopener\">amas globulaire<\/a> Messier 13, les sujets ne manquaient pas ; leur observation depuis le cadre enchanteur du parc du ch\u00e2teau \u00e9tait une aubaine !<\/p>\n<figure id=\"attachment_9721\" aria-describedby=\"caption-attachment-9721\" style=\"width: 450px\" class=\"wp-caption alignnone\"><a href=\"https:\/\/blogs.futura-sciences.com\/feldmann\/wp-content\/uploads\/sites\/9\/2018\/10\/jdln5.jpg\" rel=\"lightbox[9706]\"><img loading=\"lazy\" decoding=\"async\" class=\"size-medium wp-image-9721\" src=\"https:\/\/blogs.futura-sciences.com\/feldmann\/wp-content\/uploads\/sites\/9\/2018\/10\/jdln5-450x279.jpg\" alt=\"\" width=\"450\" height=\"279\" srcset=\"https:\/\/blogs.futura-sciences.com\/feldmann\/wp-content\/uploads\/sites\/9\/2018\/10\/jdln5-450x279.jpg 450w, https:\/\/blogs.futura-sciences.com\/feldmann\/wp-content\/uploads\/sites\/9\/2018\/10\/jdln5-768x476.jpg 768w, https:\/\/blogs.futura-sciences.com\/feldmann\/wp-content\/uploads\/sites\/9\/2018\/10\/jdln5-1024x635.jpg 1024w, https:\/\/blogs.futura-sciences.com\/feldmann\/wp-content\/uploads\/sites\/9\/2018\/10\/jdln5.jpg 1451w\" sizes=\"auto, (max-width: 450px) 100vw, 450px\" \/><\/a><figcaption id=\"caption-attachment-9721\" class=\"wp-caption-text\">Le ch\u00e2teau de Brochon sous la Voie lact\u00e9e. Remarquez la pr\u00e9sence de l&#8217;amas d&#8217;\u00e9toiles des Pl\u00e9iades \u00e0 droite juste au-dessus de l&#8217;arbre. \u00a9 Jean-Baptiste Feldmann<\/figcaption><\/figure>\n<!-- AddThis Advanced Settings generic via filter on the_content --><!-- AddThis Share Buttons generic via filter on the_content -->","protected":false},"excerpt":{"rendered":"<p>\u00c0 l&#8217;occasion de cette nouvelle \u00e9dition du Jour de la Nuit, Brochon proposait ce 13 octobre une soir\u00e9e d\u00e9di\u00e9e aux spectacles c\u00e9lestes. De plus en plus de communes cherchent d\u00e9sormais \u00e0 r\u00e9duire la pollution lumineuse pour des raisons \u00e9conomiques et \u00e9cologiques. C&#8217;est le cas de Brochon en C\u00f4te-d&#8217;Or o\u00f9 depuis plusieurs ann\u00e9es l&#8217;\u00e9clairage urbain est &hellip; <a href=\"https:\/\/blogs.futura-sciences.com\/feldmann\/2018\/10\/14\/pluie-detoiles-sur-brochon-pour-le-jour-de-la-nuit\/\" class=\"more-link\">Continuer la lecture de <span class=\"screen-reader-text\">Pluie d&#8217;\u00e9toiles sur Brochon pour le Jour de la Nuit<\/span>  <span class=\"meta-nav\">&rarr;<\/span><\/a><!-- AddThis Advanced Settings generic via filter on get_the_excerpt --><!-- AddThis Share Buttons generic via filter on get_the_excerpt --><\/p>\n","protected":false},"author":8,"featured_media":9719,"comment_status":"open","ping_status":"open","sticky":false,"template":"","format":"standard","meta":{"footnotes":"","_links_to":"","_links_to_target":""},"categories":[509],"tags":[2466,1273,178,420,194],"class_list":["post-9706","post","type-post","status-publish","format-standard","has-post-thumbnail","hentry","category-actualites","tag-brochon","tag-chateau-de-brochon","tag-cote-dor","tag-jour-de-la-nuit","tag-societe-astronomique-de-bourgogne"],"yoast_head":"<!-- This site is optimized with the Yoast SEO plugin v24.1 - https:\/\/yoast.com\/wordpress\/plugins\/seo\/ -->\n<title>Pluie d&#039;\u00e9toiles sur Brochon pour le Jour de la Nuit<\/title>\n<meta name=\"description\" content=\"\u00c0 l&#039;occasion de cette nouvelle \u00e9dition du Jour de la Nuit, Brochon proposait ce 13 octobre une soir\u00e9e d\u00e9di\u00e9e aux spectacles c\u00e9lestes.\" \/>\n<meta name=\"robots\" content=\"index, follow, max-snippet:-1, max-image-preview:large, max-video-preview:-1\" \/>\n<link rel=\"canonical\" href=\"https:\/\/blogs.futura-sciences.com\/feldmann\/2018\/10\/14\/pluie-detoiles-sur-brochon-pour-le-jour-de-la-nuit\/\" \/>\n<meta property=\"og:locale\" content=\"fr_FR\" \/>\n<meta property=\"og:type\" content=\"article\" \/>\n<meta property=\"og:title\" content=\"Pluie d&#039;\u00e9toiles sur Brochon pour le Jour de la Nuit\" \/>\n<meta property=\"og:description\" content=\"\u00c0 l&#039;occasion de cette nouvelle \u00e9dition du Jour de la Nuit, Brochon proposait ce 13 octobre une soir\u00e9e d\u00e9di\u00e9e aux spectacles c\u00e9lestes.\" \/>\n<meta property=\"og:url\" content=\"https:\/\/blogs.futura-sciences.com\/feldmann\/2018\/10\/14\/pluie-detoiles-sur-brochon-pour-le-jour-de-la-nuit\/\" \/>\n<meta property=\"og:site_name\" content=\"CIELMANIA : le blog de Jean-Baptiste FELDMANN, photographe du ciel\" \/>\n<meta property=\"article:published_time\" content=\"2018-10-14T07:43:38+00:00\" \/>\n<meta property=\"article:modified_time\" content=\"2018-10-23T15:51:13+00:00\" \/>\n<meta property=\"og:image\" content=\"https:\/\/blogs.futura-sciences.com\/feldmann\/wp-content\/uploads\/sites\/9\/2018\/10\/jdln8.jpg\" \/>\n\t<meta property=\"og:image:width\" content=\"1450\" \/>\n\t<meta property=\"og:image:height\" content=\"899\" \/>\n\t<meta property=\"og:image:type\" content=\"image\/jpeg\" \/>\n<meta name=\"author\" content=\"Jean-Baptiste FELDMANN\" \/>\n<meta name=\"twitter:card\" content=\"summary_large_image\" \/>\n<meta name=\"twitter:label1\" content=\"\u00c9crit par\" \/>\n\t<meta name=\"twitter:data1\" content=\"Jean-Baptiste FELDMANN\" \/>\n\t<meta name=\"twitter:label2\" content=\"Dur\u00e9e de lecture estim\u00e9e\" \/>\n\t<meta name=\"twitter:data2\" content=\"2 minutes\" \/>\n<script type=\"application\/ld+json\" class=\"yoast-schema-graph\">{\"@context\":\"https:\/\/schema.org\",\"@graph\":[{\"@type\":\"WebPage\",\"@id\":\"https:\/\/blogs.futura-sciences.com\/feldmann\/2018\/10\/14\/pluie-detoiles-sur-brochon-pour-le-jour-de-la-nuit\/\",\"url\":\"https:\/\/blogs.futura-sciences.com\/feldmann\/2018\/10\/14\/pluie-detoiles-sur-brochon-pour-le-jour-de-la-nuit\/\",\"name\":\"Pluie d'\u00e9toiles sur Brochon pour le Jour de la Nuit\",\"isPartOf\":{\"@id\":\"https:\/\/blogs.futura-sciences.com\/feldmann\/#website\"},\"primaryImageOfPage\":{\"@id\":\"https:\/\/blogs.futura-sciences.com\/feldmann\/2018\/10\/14\/pluie-detoiles-sur-brochon-pour-le-jour-de-la-nuit\/#primaryimage\"},\"image\":{\"@id\":\"https:\/\/blogs.futura-sciences.com\/feldmann\/2018\/10\/14\/pluie-detoiles-sur-brochon-pour-le-jour-de-la-nuit\/#primaryimage\"},\"thumbnailUrl\":\"https:\/\/blogs.futura-sciences.com\/feldmann\/wp-content\/uploads\/sites\/9\/2018\/10\/jdln8.jpg\",\"datePublished\":\"2018-10-14T07:43:38+00:00\",\"dateModified\":\"2018-10-23T15:51:13+00:00\",\"author\":{\"@id\":\"https:\/\/blogs.futura-sciences.com\/feldmann\/#\/schema\/person\/62b391b709c307783237b759b62731ea\"},\"description\":\"\u00c0 l'occasion de cette nouvelle \u00e9dition du Jour de la Nuit, Brochon proposait ce 13 octobre une soir\u00e9e d\u00e9di\u00e9e aux spectacles c\u00e9lestes.\",\"inLanguage\":\"fr-FR\",\"potentialAction\":[{\"@type\":\"ReadAction\",\"target\":[\"https:\/\/blogs.futura-sciences.com\/feldmann\/2018\/10\/14\/pluie-detoiles-sur-brochon-pour-le-jour-de-la-nuit\/\"]}]},{\"@type\":\"ImageObject\",\"inLanguage\":\"fr-FR\",\"@id\":\"https:\/\/blogs.futura-sciences.com\/feldmann\/2018\/10\/14\/pluie-detoiles-sur-brochon-pour-le-jour-de-la-nuit\/#primaryimage\",\"url\":\"https:\/\/blogs.futura-sciences.com\/feldmann\/wp-content\/uploads\/sites\/9\/2018\/10\/jdln8.jpg\",\"contentUrl\":\"https:\/\/blogs.futura-sciences.com\/feldmann\/wp-content\/uploads\/sites\/9\/2018\/10\/jdln8.jpg\",\"width\":1450,\"height\":899,\"caption\":\"Le ch\u00e2teau de Brochon sous la Voie lact\u00e9e. Remarquez la pr\u00e9sence de l'amas d'\u00e9toiles des Pl\u00e9iades \u00e0 droite juste au-dessus de l'arbre. \u00a9 Jean-Baptiste Feldmann\"},{\"@type\":\"WebSite\",\"@id\":\"https:\/\/blogs.futura-sciences.com\/feldmann\/#website\",\"url\":\"https:\/\/blogs.futura-sciences.com\/feldmann\/\",\"name\":\"CIELMANIA : le blog de Jean-Baptiste FELDMANN, photographe du ciel\",\"description\":\"&quot;J&#039;ai en moi un besoin terrible. Dirais-je le mot? La religion. Alors, je sors la nuit et je peins des \u00e9toiles.&quot;  Vincent van Gogh\",\"potentialAction\":[{\"@type\":\"SearchAction\",\"target\":{\"@type\":\"EntryPoint\",\"urlTemplate\":\"https:\/\/blogs.futura-sciences.com\/feldmann\/?s={search_term_string}\"},\"query-input\":{\"@type\":\"PropertyValueSpecification\",\"valueRequired\":true,\"valueName\":\"search_term_string\"}}],\"inLanguage\":\"fr-FR\"},{\"@type\":\"Person\",\"@id\":\"https:\/\/blogs.futura-sciences.com\/feldmann\/#\/schema\/person\/62b391b709c307783237b759b62731ea\",\"name\":\"Jean-Baptiste FELDMANN\",\"image\":{\"@type\":\"ImageObject\",\"inLanguage\":\"fr-FR\",\"@id\":\"https:\/\/blogs.futura-sciences.com\/feldmann\/#\/schema\/person\/image\/\",\"url\":\"https:\/\/secure.gravatar.com\/avatar\/41f96607fde7a81a14570eec74177c42?s=96&d=mm&r=g\",\"contentUrl\":\"https:\/\/secure.gravatar.com\/avatar\/41f96607fde7a81a14570eec74177c42?s=96&d=mm&r=g\",\"caption\":\"Jean-Baptiste FELDMANN\"},\"url\":\"https:\/\/blogs.futura-sciences.com\/feldmann\/author\/jbfe\/\"}]}<\/script>\n<!-- \/ Yoast SEO plugin. -->","yoast_head_json":{"title":"Pluie d'\u00e9toiles sur Brochon pour le Jour de la Nuit","description":"\u00c0 l'occasion de cette nouvelle \u00e9dition du Jour de la Nuit, Brochon proposait ce 13 octobre une soir\u00e9e d\u00e9di\u00e9e aux spectacles c\u00e9lestes.","robots":{"index":"index","follow":"follow","max-snippet":"max-snippet:-1","max-image-preview":"max-image-preview:large","max-video-preview":"max-video-preview:-1"},"canonical":"https:\/\/blogs.futura-sciences.com\/feldmann\/2018\/10\/14\/pluie-detoiles-sur-brochon-pour-le-jour-de-la-nuit\/","og_locale":"fr_FR","og_type":"article","og_title":"Pluie d'\u00e9toiles sur Brochon pour le Jour de la Nuit","og_description":"\u00c0 l'occasion de cette nouvelle \u00e9dition du Jour de la Nuit, Brochon proposait ce 13 octobre une soir\u00e9e d\u00e9di\u00e9e aux spectacles c\u00e9lestes.","og_url":"https:\/\/blogs.futura-sciences.com\/feldmann\/2018\/10\/14\/pluie-detoiles-sur-brochon-pour-le-jour-de-la-nuit\/","og_site_name":"CIELMANIA : le blog de Jean-Baptiste FELDMANN, photographe du ciel","article_published_time":"2018-10-14T07:43:38+00:00","article_modified_time":"2018-10-23T15:51:13+00:00","og_image":[{"width":1450,"height":899,"url":"https:\/\/blogs.futura-sciences.com\/feldmann\/wp-content\/uploads\/sites\/9\/2018\/10\/jdln8.jpg","type":"image\/jpeg"}],"author":"Jean-Baptiste FELDMANN","twitter_card":"summary_large_image","twitter_misc":{"\u00c9crit par":"Jean-Baptiste FELDMANN","Dur\u00e9e de lecture estim\u00e9e":"2 minutes"},"schema":{"@context":"https:\/\/schema.org","@graph":[{"@type":"WebPage","@id":"https:\/\/blogs.futura-sciences.com\/feldmann\/2018\/10\/14\/pluie-detoiles-sur-brochon-pour-le-jour-de-la-nuit\/","url":"https:\/\/blogs.futura-sciences.com\/feldmann\/2018\/10\/14\/pluie-detoiles-sur-brochon-pour-le-jour-de-la-nuit\/","name":"Pluie d'\u00e9toiles sur Brochon pour le Jour de la Nuit","isPartOf":{"@id":"https:\/\/blogs.futura-sciences.com\/feldmann\/#website"},"primaryImageOfPage":{"@id":"https:\/\/blogs.futura-sciences.com\/feldmann\/2018\/10\/14\/pluie-detoiles-sur-brochon-pour-le-jour-de-la-nuit\/#primaryimage"},"image":{"@id":"https:\/\/blogs.futura-sciences.com\/feldmann\/2018\/10\/14\/pluie-detoiles-sur-brochon-pour-le-jour-de-la-nuit\/#primaryimage"},"thumbnailUrl":"https:\/\/blogs.futura-sciences.com\/feldmann\/wp-content\/uploads\/sites\/9\/2018\/10\/jdln8.jpg","datePublished":"2018-10-14T07:43:38+00:00","dateModified":"2018-10-23T15:51:13+00:00","author":{"@id":"https:\/\/blogs.futura-sciences.com\/feldmann\/#\/schema\/person\/62b391b709c307783237b759b62731ea"},"description":"\u00c0 l'occasion de cette nouvelle \u00e9dition du Jour de la Nuit, Brochon proposait ce 13 octobre une soir\u00e9e d\u00e9di\u00e9e aux spectacles c\u00e9lestes.","inLanguage":"fr-FR","potentialAction":[{"@type":"ReadAction","target":["https:\/\/blogs.futura-sciences.com\/feldmann\/2018\/10\/14\/pluie-detoiles-sur-brochon-pour-le-jour-de-la-nuit\/"]}]},{"@type":"ImageObject","inLanguage":"fr-FR","@id":"https:\/\/blogs.futura-sciences.com\/feldmann\/2018\/10\/14\/pluie-detoiles-sur-brochon-pour-le-jour-de-la-nuit\/#primaryimage","url":"https:\/\/blogs.futura-sciences.com\/feldmann\/wp-content\/uploads\/sites\/9\/2018\/10\/jdln8.jpg","contentUrl":"https:\/\/blogs.futura-sciences.com\/feldmann\/wp-content\/uploads\/sites\/9\/2018\/10\/jdln8.jpg","width":1450,"height":899,"caption":"Le ch\u00e2teau de Brochon sous la Voie lact\u00e9e. Remarquez la pr\u00e9sence de l'amas d'\u00e9toiles des Pl\u00e9iades \u00e0 droite juste au-dessus de l'arbre. \u00a9 Jean-Baptiste Feldmann"},{"@type":"WebSite","@id":"https:\/\/blogs.futura-sciences.com\/feldmann\/#website","url":"https:\/\/blogs.futura-sciences.com\/feldmann\/","name":"CIELMANIA : le blog de Jean-Baptiste FELDMANN, photographe du ciel","description":"&quot;J&#039;ai en moi un besoin terrible. Dirais-je le mot? La religion. Alors, je sors la nuit et je peins des \u00e9toiles.&quot;  Vincent van Gogh","potentialAction":[{"@type":"SearchAction","target":{"@type":"EntryPoint","urlTemplate":"https:\/\/blogs.futura-sciences.com\/feldmann\/?s={search_term_string}"},"query-input":{"@type":"PropertyValueSpecification","valueRequired":true,"valueName":"search_term_string"}}],"inLanguage":"fr-FR"},{"@type":"Person","@id":"https:\/\/blogs.futura-sciences.com\/feldmann\/#\/schema\/person\/62b391b709c307783237b759b62731ea","name":"Jean-Baptiste FELDMANN","image":{"@type":"ImageObject","inLanguage":"fr-FR","@id":"https:\/\/blogs.futura-sciences.com\/feldmann\/#\/schema\/person\/image\/","url":"https:\/\/secure.gravatar.com\/avatar\/41f96607fde7a81a14570eec74177c42?s=96&d=mm&r=g","contentUrl":"https:\/\/secure.gravatar.com\/avatar\/41f96607fde7a81a14570eec74177c42?s=96&d=mm&r=g","caption":"Jean-Baptiste FELDMANN"},"url":"https:\/\/blogs.futura-sciences.com\/feldmann\/author\/jbfe\/"}]}},"_links":{"self":[{"href":"https:\/\/blogs.futura-sciences.com\/feldmann\/wp-json\/wp\/v2\/posts\/9706","targetHints":{"allow":["GET"]}}],"collection":[{"href":"https:\/\/blogs.futura-sciences.com\/feldmann\/wp-json\/wp\/v2\/posts"}],"about":[{"href":"https:\/\/blogs.futura-sciences.com\/feldmann\/wp-json\/wp\/v2\/types\/post"}],"author":[{"embeddable":true,"href":"https:\/\/blogs.futura-sciences.com\/feldmann\/wp-json\/wp\/v2\/users\/8"}],"replies":[{"embeddable":true,"href":"https:\/\/blogs.futura-sciences.com\/feldmann\/wp-json\/wp\/v2\/comments?post=9706"}],"version-history":[{"count":10,"href":"https:\/\/blogs.futura-sciences.com\/feldmann\/wp-json\/wp\/v2\/posts\/9706\/revisions"}],"predecessor-version":[{"id":9723,"href":"https:\/\/blogs.futura-sciences.com\/feldmann\/wp-json\/wp\/v2\/posts\/9706\/revisions\/9723"}],"wp:featuredmedia":[{"embeddable":true,"href":"https:\/\/blogs.futura-sciences.com\/feldmann\/wp-json\/wp\/v2\/media\/9719"}],"wp:attachment":[{"href":"https:\/\/blogs.futura-sciences.com\/feldmann\/wp-json\/wp\/v2\/media?parent=9706"}],"wp:term":[{"taxonomy":"category","embeddable":true,"href":"https:\/\/blogs.futura-sciences.com\/feldmann\/wp-json\/wp\/v2\/categories?post=9706"},{"taxonomy":"post_tag","embeddable":true,"href":"https:\/\/blogs.futura-sciences.com\/feldmann\/wp-json\/wp\/v2\/tags?post=9706"}],"curies":[{"name":"wp","href":"https:\/\/api.w.org\/{rel}","templated":true}]}}