{"id":9700,"date":"2018-11-14T10:15:47","date_gmt":"2018-11-14T10:15:47","guid":{"rendered":"https:\/\/blogs.futura-sciences.com\/feldmann\/?p=9700"},"modified":"2018-11-27T06:27:28","modified_gmt":"2018-11-27T06:27:28","slug":"amas-detoiles-et-galaxies-dans-une-portion-de-ciel","status":"publish","type":"post","link":"https:\/\/blogs.futura-sciences.com\/feldmann\/2018\/11\/14\/amas-detoiles-et-galaxies-dans-une-portion-de-ciel\/","title":{"rendered":"Amas d&#8217;\u00e9toiles et galaxies dans une portion de ciel"},"content":{"rendered":"<p><strong>Au z\u00e9nith en fin de nuit en automne, une portion de ciel r\u00e9v\u00e8le sa richesse \u00e0 l&#8217;\u0153il nu si l&#8217;on s&#8217;\u00e9loigne des lumi\u00e8res parasites.<\/strong><\/p>\n<p>La <a href=\"https:\/\/blogs.futura-sciences.com\/feldmann\/2018\/09\/27\/tucson-la-ville-qui-fait-baisser-la-pollution-lumineuse\/\" target=\"_blank\" rel=\"noopener\">pollution lumineuse<\/a> nous prive de spectacles nocturnes insoup\u00e7onn\u00e9s ; il suffit pour s&#8217;en convaincre de se rendre en fin de nuit dans un coin de campagne \u00e9pargn\u00e9 par les lampadaires et de lever la t\u00eate : entre les constellations de Cassiop\u00e9e et du Taureau (aidez-vous de la carte du ciel de <a href=\"https:\/\/www.stelvision.com\/carte-ciel\/\" target=\"_blank\" rel=\"noopener\">Stelvision<\/a> pour vous rep\u00e9rer) une large bande de ciel qui d\u00e9borde jusqu&#8217;\u00e0 Androm\u00e8de nous offre pas moins de 7 objets c\u00e9lestes remarquables.<\/p>\n<p><a href=\"https:\/\/blogs.futura-sciences.com\/feldmann\/wp-content\/uploads\/sites\/9\/2018\/10\/amasgalaxies.jpg\" rel=\"lightbox[9700]\"><img loading=\"lazy\" decoding=\"async\" class=\"alignnone size-medium wp-image-9702\" src=\"https:\/\/blogs.futura-sciences.com\/feldmann\/wp-content\/uploads\/sites\/9\/2018\/10\/amasgalaxies-450x280.jpg\" alt=\"\" width=\"450\" height=\"280\" srcset=\"https:\/\/blogs.futura-sciences.com\/feldmann\/wp-content\/uploads\/sites\/9\/2018\/10\/amasgalaxies-450x280.jpg 450w, https:\/\/blogs.futura-sciences.com\/feldmann\/wp-content\/uploads\/sites\/9\/2018\/10\/amasgalaxies-768x478.jpg 768w, https:\/\/blogs.futura-sciences.com\/feldmann\/wp-content\/uploads\/sites\/9\/2018\/10\/amasgalaxies-1024x637.jpg 1024w, https:\/\/blogs.futura-sciences.com\/feldmann\/wp-content\/uploads\/sites\/9\/2018\/10\/amasgalaxies.jpg 1450w\" sizes=\"auto, (max-width: 450px) 100vw, 450px\" \/><\/a><\/p>\n<p>D\u00e9couvrons l&#8217;un apr\u00e8s l&#8217;autre chacun de ces objets que l&#8217;on pourra mieux appr\u00e9cier \u00e0 l&#8217;aide d&#8217;une paire de <a href=\"https:\/\/blogs.futura-sciences.com\/feldmann\/2017\/10\/30\/ciel-aux-jumelles-guide-decouvrir-ciel-nocturne\/\" target=\"_blank\" rel=\"noopener\">jumelles<\/a> ou d&#8217;une <a href=\"https:\/\/blogs.futura-sciences.com\/feldmann\/2017\/12\/10\/longue-vue-bon-choix-debuter-astronomie\/\" target=\"_blank\" rel=\"noopener\">longue-vue<\/a>.\u00a0<!--more--><\/p>\n<ul>\n<li><a href=\"https:\/\/blogs.futura-sciences.com\/feldmann\/2015\/04\/15\/liss-passe-entre-persee-et-cassiopee\/\" target=\"_blank\" rel=\"noopener\">Double amas de Pers\u00e9e<\/a> : les amas NGC 869 et 884 s&#8217;\u00e9tendent sur une surface apparente \u00e9quivalente \u00e0 la <a href=\"https:\/\/blogs.futura-sciences.com\/feldmann\/2018\/09\/26\/valse-a-trois-temps-pour-la-pleine-lune-du-25-septembre\/\" target=\"_blank\" rel=\"noopener\">Pleine Lune<\/a>\u00a0(30&#8242;) pour une <a href=\"https:\/\/blogs.futura-sciences.com\/feldmann\/2017\/05\/06\/quest-lechelle-magnitudes-astronomie\/\" target=\"_blank\" rel=\"noopener\">magnitude<\/a> de 4 en pleine <a href=\"https:\/\/blogs.futura-sciences.com\/feldmann\/2018\/09\/08\/souvenirs-dete-mars-aux-cotes-de-la-voie-lactee\/\" target=\"_blank\" rel=\"noopener\">Voie lact\u00e9e<\/a> entre Cassiop\u00e9e et Pers\u00e9e. Ils sont magnifiques dans une paire de jumelles.<\/li>\n<li><a href=\"https:\/\/blogs.futura-sciences.com\/feldmann\/2015\/08\/29\/la-galaxie-dandromede-se-leve-sur-les-apennins\/\" target=\"_blank\" rel=\"noopener\">galaxie d&#8217;Androm\u00e8de<\/a>\u00a0(Messier 31): la seule galaxie bien visible \u00e0 l&#8217;\u0153il nu dans un ciel noir se situe \u00e0 plus de deux millions d&#8217;ann\u00e9es-lumi\u00e8re ; une simple pose photographique r\u00e9v\u00e8le son aspect allong\u00e9.<\/li>\n<li><a href=\"https:\/\/blogs.futura-sciences.com\/feldmann\/2015\/10\/17\/deux-celebres-galaxies-encadrent-letoile-mirach\/\" target=\"_blank\" rel=\"noopener\">galaxie du Triangle<\/a> (Messier 33) : paire de jumelles indispensable pour retrouver cette galaxie spirale vue de face (magnitude 6, diam\u00e8tre \u00e9quivalent \u00e0 deux fois la Pleine Lune !)<\/li>\n<\/ul>\n<p><a href=\"https:\/\/blogs.futura-sciences.com\/feldmann\/wp-content\/uploads\/sites\/9\/2018\/10\/amasgalaxiescarte.jpg\" rel=\"lightbox[9700]\"><img loading=\"lazy\" decoding=\"async\" class=\"alignnone size-medium wp-image-9703\" src=\"https:\/\/blogs.futura-sciences.com\/feldmann\/wp-content\/uploads\/sites\/9\/2018\/10\/amasgalaxiescarte-450x450.jpg\" alt=\"\" width=\"450\" height=\"450\" srcset=\"https:\/\/blogs.futura-sciences.com\/feldmann\/wp-content\/uploads\/sites\/9\/2018\/10\/amasgalaxiescarte-450x450.jpg 450w, https:\/\/blogs.futura-sciences.com\/feldmann\/wp-content\/uploads\/sites\/9\/2018\/10\/amasgalaxiescarte-150x150.jpg 150w, https:\/\/blogs.futura-sciences.com\/feldmann\/wp-content\/uploads\/sites\/9\/2018\/10\/amasgalaxiescarte-768x768.jpg 768w, https:\/\/blogs.futura-sciences.com\/feldmann\/wp-content\/uploads\/sites\/9\/2018\/10\/amasgalaxiescarte.jpg 848w\" sizes=\"auto, (max-width: 450px) 100vw, 450px\" \/><\/a><\/p>\n<ul>\n<li><a href=\"https:\/\/blogs.futura-sciences.com\/feldmann\/2016\/11\/19\/lamas-des-pleiades-seleve-au-dessus-du-brouillard\/\" target=\"_blank\" rel=\"noopener\">amas des Pl\u00e9iades<\/a>\u00a0(Messier 45): on ne pr\u00e9sente plus ce c\u00e9l\u00e9brissime amas form\u00e9 de six \u00e9toiles bien visibles \u00e0 l&#8217;\u0153il nu (et de beaucoup d&#8217;autres qui apparaissent dans un t\u00e9lescope).<\/li>\n<li><a href=\"https:\/\/blogs.futura-sciences.com\/feldmann\/2017\/01\/01\/les-hyades-et-les-pleiades-derriere-le-moulin-de-verzenay\/\" target=\"_blank\" rel=\"noopener\">amas des Hyades<\/a> : tr\u00e8s vaste rassemblement d&#8217;\u00e9toiles autour d&#8217;<a href=\"https:\/\/blogs.futura-sciences.com\/feldmann\/2017\/04\/29\/lumiere-cendree-aux-cotes-de-letoile-aldebaran\/\" target=\"_blank\" rel=\"noopener\">Ald\u00e9baran<\/a>, l&#8217;\u0153il du Taureau.<\/li>\n<li>amas NGC 752 : curieusement oubli\u00e9 par Charles Messier dans son c\u00e9l\u00e8bre catalogue malgr\u00e9 sa magnitude de 6, il \u00e9tale une centaines d&#8217;\u00e9toiles dans un diam\u00e8tre apparent de 45&#8242;.<\/li>\n<li>amas Messier 34 : magnitude 5,5 et diam\u00e8tre de 30&#8242; pour ce joli groupe d&#8217;\u00e9toiles situ\u00e9 en bordure de la Voie lact\u00e9e au nord de Almak Androm\u00e8de.<\/li>\n<\/ul>\n<!-- AddThis Advanced Settings generic via filter on the_content --><!-- AddThis Share Buttons generic via filter on the_content -->","protected":false},"excerpt":{"rendered":"<p>Au z\u00e9nith en fin de nuit en automne, une portion de ciel r\u00e9v\u00e8le sa richesse \u00e0 l&#8217;\u0153il nu si l&#8217;on s&#8217;\u00e9loigne des lumi\u00e8res parasites. La pollution lumineuse nous prive de spectacles nocturnes insoup\u00e7onn\u00e9s ; il suffit pour s&#8217;en convaincre de se rendre en fin de nuit dans un coin de campagne \u00e9pargn\u00e9 par les lampadaires &hellip; <a href=\"https:\/\/blogs.futura-sciences.com\/feldmann\/2018\/11\/14\/amas-detoiles-et-galaxies-dans-une-portion-de-ciel\/\" class=\"more-link\">Continuer la lecture de <span class=\"screen-reader-text\">Amas d&#8217;\u00e9toiles et galaxies dans une portion de ciel<\/span>  <span class=\"meta-nav\">&rarr;<\/span><\/a><!-- AddThis Advanced Settings generic via filter on get_the_excerpt --><!-- AddThis Share Buttons generic via filter on get_the_excerpt --><\/p>\n","protected":false},"author":8,"featured_media":9702,"comment_status":"open","ping_status":"open","sticky":false,"template":"","format":"standard","meta":{"footnotes":"","_links_to":"","_links_to_target":""},"categories":[84],"tags":[863,713,171,330,1261,2577,2578],"class_list":["post-9700","post","type-post","status-publish","format-standard","has-post-thumbnail","hentry","category-ciel-etoile","tag-amas-des-hyades","tag-amas-des-pleiades","tag-constellation-de-persee","tag-galaxie-dandromede","tag-galaxie-du-triangle","tag-messier-34","tag-ngc-752"],"yoast_head":"<!-- This site is optimized with the Yoast SEO plugin v24.1 - https:\/\/yoast.com\/wordpress\/plugins\/seo\/ -->\n<title>Amas d&#039;\u00e9toiles et galaxies dans une portion de ciel<\/title>\n<meta name=\"description\" content=\"Au z\u00e9nith en fin de nuit en automne, une portion de ciel r\u00e9v\u00e8le sa richesse \u00e0 l&#039;\u0153il nu si l&#039;on s&#039;\u00e9loigne des lumi\u00e8res parasites.\u00a0\" \/>\n<meta name=\"robots\" content=\"index, follow, max-snippet:-1, max-image-preview:large, max-video-preview:-1\" \/>\n<link rel=\"canonical\" href=\"https:\/\/blogs.futura-sciences.com\/feldmann\/2018\/11\/14\/amas-detoiles-et-galaxies-dans-une-portion-de-ciel\/\" \/>\n<meta property=\"og:locale\" content=\"fr_FR\" \/>\n<meta property=\"og:type\" content=\"article\" \/>\n<meta property=\"og:title\" content=\"Amas d&#039;\u00e9toiles et galaxies dans une portion de ciel\" \/>\n<meta property=\"og:description\" content=\"Au z\u00e9nith en fin de nuit en automne, une portion de ciel r\u00e9v\u00e8le sa richesse \u00e0 l&#039;\u0153il nu si l&#039;on s&#039;\u00e9loigne des lumi\u00e8res parasites.\u00a0\" \/>\n<meta property=\"og:url\" content=\"https:\/\/blogs.futura-sciences.com\/feldmann\/2018\/11\/14\/amas-detoiles-et-galaxies-dans-une-portion-de-ciel\/\" \/>\n<meta property=\"og:site_name\" content=\"CIELMANIA : le blog de Jean-Baptiste FELDMANN, photographe du ciel\" \/>\n<meta property=\"article:published_time\" content=\"2018-11-14T10:15:47+00:00\" \/>\n<meta property=\"article:modified_time\" content=\"2018-11-27T06:27:28+00:00\" \/>\n<meta property=\"og:image\" content=\"https:\/\/blogs.futura-sciences.com\/feldmann\/wp-content\/uploads\/sites\/9\/2018\/10\/amasgalaxies.jpg\" \/>\n\t<meta property=\"og:image:width\" content=\"1450\" \/>\n\t<meta property=\"og:image:height\" content=\"902\" \/>\n\t<meta property=\"og:image:type\" content=\"image\/jpeg\" \/>\n<meta name=\"author\" content=\"Jean-Baptiste FELDMANN\" \/>\n<meta name=\"twitter:card\" content=\"summary_large_image\" \/>\n<meta name=\"twitter:label1\" content=\"\u00c9crit par\" \/>\n\t<meta name=\"twitter:data1\" content=\"Jean-Baptiste FELDMANN\" \/>\n\t<meta name=\"twitter:label2\" content=\"Dur\u00e9e de lecture estim\u00e9e\" \/>\n\t<meta name=\"twitter:data2\" content=\"2 minutes\" \/>\n<script type=\"application\/ld+json\" class=\"yoast-schema-graph\">{\"@context\":\"https:\/\/schema.org\",\"@graph\":[{\"@type\":\"WebPage\",\"@id\":\"https:\/\/blogs.futura-sciences.com\/feldmann\/2018\/11\/14\/amas-detoiles-et-galaxies-dans-une-portion-de-ciel\/\",\"url\":\"https:\/\/blogs.futura-sciences.com\/feldmann\/2018\/11\/14\/amas-detoiles-et-galaxies-dans-une-portion-de-ciel\/\",\"name\":\"Amas d'\u00e9toiles et galaxies dans une portion de ciel\",\"isPartOf\":{\"@id\":\"https:\/\/blogs.futura-sciences.com\/feldmann\/#website\"},\"primaryImageOfPage\":{\"@id\":\"https:\/\/blogs.futura-sciences.com\/feldmann\/2018\/11\/14\/amas-detoiles-et-galaxies-dans-une-portion-de-ciel\/#primaryimage\"},\"image\":{\"@id\":\"https:\/\/blogs.futura-sciences.com\/feldmann\/2018\/11\/14\/amas-detoiles-et-galaxies-dans-une-portion-de-ciel\/#primaryimage\"},\"thumbnailUrl\":\"https:\/\/blogs.futura-sciences.com\/feldmann\/wp-content\/uploads\/sites\/9\/2018\/10\/amasgalaxies.jpg\",\"datePublished\":\"2018-11-14T10:15:47+00:00\",\"dateModified\":\"2018-11-27T06:27:28+00:00\",\"author\":{\"@id\":\"https:\/\/blogs.futura-sciences.com\/feldmann\/#\/schema\/person\/62b391b709c307783237b759b62731ea\"},\"description\":\"Au z\u00e9nith en fin de nuit en automne, une portion de ciel r\u00e9v\u00e8le sa richesse \u00e0 l'\u0153il nu si l'on s'\u00e9loigne des lumi\u00e8res parasites.\u00a0\",\"inLanguage\":\"fr-FR\",\"potentialAction\":[{\"@type\":\"ReadAction\",\"target\":[\"https:\/\/blogs.futura-sciences.com\/feldmann\/2018\/11\/14\/amas-detoiles-et-galaxies-dans-une-portion-de-ciel\/\"]}]},{\"@type\":\"ImageObject\",\"inLanguage\":\"fr-FR\",\"@id\":\"https:\/\/blogs.futura-sciences.com\/feldmann\/2018\/11\/14\/amas-detoiles-et-galaxies-dans-une-portion-de-ciel\/#primaryimage\",\"url\":\"https:\/\/blogs.futura-sciences.com\/feldmann\/wp-content\/uploads\/sites\/9\/2018\/10\/amasgalaxies.jpg\",\"contentUrl\":\"https:\/\/blogs.futura-sciences.com\/feldmann\/wp-content\/uploads\/sites\/9\/2018\/10\/amasgalaxies.jpg\",\"width\":1450,\"height\":902},{\"@type\":\"WebSite\",\"@id\":\"https:\/\/blogs.futura-sciences.com\/feldmann\/#website\",\"url\":\"https:\/\/blogs.futura-sciences.com\/feldmann\/\",\"name\":\"CIELMANIA : le blog de Jean-Baptiste FELDMANN, photographe du ciel\",\"description\":\"&quot;J&#039;ai en moi un besoin terrible. Dirais-je le mot? La religion. Alors, je sors la nuit et je peins des \u00e9toiles.&quot;  Vincent van Gogh\",\"potentialAction\":[{\"@type\":\"SearchAction\",\"target\":{\"@type\":\"EntryPoint\",\"urlTemplate\":\"https:\/\/blogs.futura-sciences.com\/feldmann\/?s={search_term_string}\"},\"query-input\":{\"@type\":\"PropertyValueSpecification\",\"valueRequired\":true,\"valueName\":\"search_term_string\"}}],\"inLanguage\":\"fr-FR\"},{\"@type\":\"Person\",\"@id\":\"https:\/\/blogs.futura-sciences.com\/feldmann\/#\/schema\/person\/62b391b709c307783237b759b62731ea\",\"name\":\"Jean-Baptiste FELDMANN\",\"image\":{\"@type\":\"ImageObject\",\"inLanguage\":\"fr-FR\",\"@id\":\"https:\/\/blogs.futura-sciences.com\/feldmann\/#\/schema\/person\/image\/\",\"url\":\"https:\/\/secure.gravatar.com\/avatar\/41f96607fde7a81a14570eec74177c42?s=96&d=mm&r=g\",\"contentUrl\":\"https:\/\/secure.gravatar.com\/avatar\/41f96607fde7a81a14570eec74177c42?s=96&d=mm&r=g\",\"caption\":\"Jean-Baptiste FELDMANN\"},\"url\":\"https:\/\/blogs.futura-sciences.com\/feldmann\/author\/jbfe\/\"}]}<\/script>\n<!-- \/ Yoast SEO plugin. -->","yoast_head_json":{"title":"Amas d'\u00e9toiles et galaxies dans une portion de ciel","description":"Au z\u00e9nith en fin de nuit en automne, une portion de ciel r\u00e9v\u00e8le sa richesse \u00e0 l'\u0153il nu si l'on s'\u00e9loigne des lumi\u00e8res parasites.\u00a0","robots":{"index":"index","follow":"follow","max-snippet":"max-snippet:-1","max-image-preview":"max-image-preview:large","max-video-preview":"max-video-preview:-1"},"canonical":"https:\/\/blogs.futura-sciences.com\/feldmann\/2018\/11\/14\/amas-detoiles-et-galaxies-dans-une-portion-de-ciel\/","og_locale":"fr_FR","og_type":"article","og_title":"Amas d'\u00e9toiles et galaxies dans une portion de ciel","og_description":"Au z\u00e9nith en fin de nuit en automne, une portion de ciel r\u00e9v\u00e8le sa richesse \u00e0 l'\u0153il nu si l'on s'\u00e9loigne des lumi\u00e8res parasites.\u00a0","og_url":"https:\/\/blogs.futura-sciences.com\/feldmann\/2018\/11\/14\/amas-detoiles-et-galaxies-dans-une-portion-de-ciel\/","og_site_name":"CIELMANIA : le blog de Jean-Baptiste FELDMANN, photographe du ciel","article_published_time":"2018-11-14T10:15:47+00:00","article_modified_time":"2018-11-27T06:27:28+00:00","og_image":[{"width":1450,"height":902,"url":"https:\/\/blogs.futura-sciences.com\/feldmann\/wp-content\/uploads\/sites\/9\/2018\/10\/amasgalaxies.jpg","type":"image\/jpeg"}],"author":"Jean-Baptiste FELDMANN","twitter_card":"summary_large_image","twitter_misc":{"\u00c9crit par":"Jean-Baptiste FELDMANN","Dur\u00e9e de lecture estim\u00e9e":"2 minutes"},"schema":{"@context":"https:\/\/schema.org","@graph":[{"@type":"WebPage","@id":"https:\/\/blogs.futura-sciences.com\/feldmann\/2018\/11\/14\/amas-detoiles-et-galaxies-dans-une-portion-de-ciel\/","url":"https:\/\/blogs.futura-sciences.com\/feldmann\/2018\/11\/14\/amas-detoiles-et-galaxies-dans-une-portion-de-ciel\/","name":"Amas d'\u00e9toiles et galaxies dans une portion de ciel","isPartOf":{"@id":"https:\/\/blogs.futura-sciences.com\/feldmann\/#website"},"primaryImageOfPage":{"@id":"https:\/\/blogs.futura-sciences.com\/feldmann\/2018\/11\/14\/amas-detoiles-et-galaxies-dans-une-portion-de-ciel\/#primaryimage"},"image":{"@id":"https:\/\/blogs.futura-sciences.com\/feldmann\/2018\/11\/14\/amas-detoiles-et-galaxies-dans-une-portion-de-ciel\/#primaryimage"},"thumbnailUrl":"https:\/\/blogs.futura-sciences.com\/feldmann\/wp-content\/uploads\/sites\/9\/2018\/10\/amasgalaxies.jpg","datePublished":"2018-11-14T10:15:47+00:00","dateModified":"2018-11-27T06:27:28+00:00","author":{"@id":"https:\/\/blogs.futura-sciences.com\/feldmann\/#\/schema\/person\/62b391b709c307783237b759b62731ea"},"description":"Au z\u00e9nith en fin de nuit en automne, une portion de ciel r\u00e9v\u00e8le sa richesse \u00e0 l'\u0153il nu si l'on s'\u00e9loigne des lumi\u00e8res parasites.\u00a0","inLanguage":"fr-FR","potentialAction":[{"@type":"ReadAction","target":["https:\/\/blogs.futura-sciences.com\/feldmann\/2018\/11\/14\/amas-detoiles-et-galaxies-dans-une-portion-de-ciel\/"]}]},{"@type":"ImageObject","inLanguage":"fr-FR","@id":"https:\/\/blogs.futura-sciences.com\/feldmann\/2018\/11\/14\/amas-detoiles-et-galaxies-dans-une-portion-de-ciel\/#primaryimage","url":"https:\/\/blogs.futura-sciences.com\/feldmann\/wp-content\/uploads\/sites\/9\/2018\/10\/amasgalaxies.jpg","contentUrl":"https:\/\/blogs.futura-sciences.com\/feldmann\/wp-content\/uploads\/sites\/9\/2018\/10\/amasgalaxies.jpg","width":1450,"height":902},{"@type":"WebSite","@id":"https:\/\/blogs.futura-sciences.com\/feldmann\/#website","url":"https:\/\/blogs.futura-sciences.com\/feldmann\/","name":"CIELMANIA : le blog de Jean-Baptiste FELDMANN, photographe du ciel","description":"&quot;J&#039;ai en moi un besoin terrible. Dirais-je le mot? La religion. Alors, je sors la nuit et je peins des \u00e9toiles.&quot;  Vincent van Gogh","potentialAction":[{"@type":"SearchAction","target":{"@type":"EntryPoint","urlTemplate":"https:\/\/blogs.futura-sciences.com\/feldmann\/?s={search_term_string}"},"query-input":{"@type":"PropertyValueSpecification","valueRequired":true,"valueName":"search_term_string"}}],"inLanguage":"fr-FR"},{"@type":"Person","@id":"https:\/\/blogs.futura-sciences.com\/feldmann\/#\/schema\/person\/62b391b709c307783237b759b62731ea","name":"Jean-Baptiste FELDMANN","image":{"@type":"ImageObject","inLanguage":"fr-FR","@id":"https:\/\/blogs.futura-sciences.com\/feldmann\/#\/schema\/person\/image\/","url":"https:\/\/secure.gravatar.com\/avatar\/41f96607fde7a81a14570eec74177c42?s=96&d=mm&r=g","contentUrl":"https:\/\/secure.gravatar.com\/avatar\/41f96607fde7a81a14570eec74177c42?s=96&d=mm&r=g","caption":"Jean-Baptiste FELDMANN"},"url":"https:\/\/blogs.futura-sciences.com\/feldmann\/author\/jbfe\/"}]}},"_links":{"self":[{"href":"https:\/\/blogs.futura-sciences.com\/feldmann\/wp-json\/wp\/v2\/posts\/9700","targetHints":{"allow":["GET"]}}],"collection":[{"href":"https:\/\/blogs.futura-sciences.com\/feldmann\/wp-json\/wp\/v2\/posts"}],"about":[{"href":"https:\/\/blogs.futura-sciences.com\/feldmann\/wp-json\/wp\/v2\/types\/post"}],"author":[{"embeddable":true,"href":"https:\/\/blogs.futura-sciences.com\/feldmann\/wp-json\/wp\/v2\/users\/8"}],"replies":[{"embeddable":true,"href":"https:\/\/blogs.futura-sciences.com\/feldmann\/wp-json\/wp\/v2\/comments?post=9700"}],"version-history":[{"count":4,"href":"https:\/\/blogs.futura-sciences.com\/feldmann\/wp-json\/wp\/v2\/posts\/9700\/revisions"}],"predecessor-version":[{"id":9898,"href":"https:\/\/blogs.futura-sciences.com\/feldmann\/wp-json\/wp\/v2\/posts\/9700\/revisions\/9898"}],"wp:featuredmedia":[{"embeddable":true,"href":"https:\/\/blogs.futura-sciences.com\/feldmann\/wp-json\/wp\/v2\/media\/9702"}],"wp:attachment":[{"href":"https:\/\/blogs.futura-sciences.com\/feldmann\/wp-json\/wp\/v2\/media?parent=9700"}],"wp:term":[{"taxonomy":"category","embeddable":true,"href":"https:\/\/blogs.futura-sciences.com\/feldmann\/wp-json\/wp\/v2\/categories?post=9700"},{"taxonomy":"post_tag","embeddable":true,"href":"https:\/\/blogs.futura-sciences.com\/feldmann\/wp-json\/wp\/v2\/tags?post=9700"}],"curies":[{"name":"wp","href":"https:\/\/api.w.org\/{rel}","templated":true}]}}