{"id":9668,"date":"2018-10-22T12:16:57","date_gmt":"2018-10-22T12:16:57","guid":{"rendered":"https:\/\/blogs.futura-sciences.com\/feldmann\/?p=9668"},"modified":"2018-11-05T17:42:21","modified_gmt":"2018-11-05T17:42:21","slug":"vol-de-nuit-avion-sous-les-etoiles","status":"publish","type":"post","link":"https:\/\/blogs.futura-sciences.com\/feldmann\/2018\/10\/22\/vol-de-nuit-avion-sous-les-etoiles\/","title":{"rendered":"Vol de nuit, un avion sous les \u00e9toiles"},"content":{"rendered":"<p><strong>Clin d&#8217;\u0153il \u00e0 Antoine de Saint-Exup\u00e9ry avec cette image nocturne prise sur un a\u00e9rodrome qui \u00e9voque un vol de nuit sous les \u00e9toiles.<\/strong><\/p>\n<p>L&#8217;a\u00e9rodrome de <a href=\"https:\/\/blogs.futura-sciences.com\/feldmann\/2017\/07\/10\/nuits-saint-georges-regard-tourne-vers-ciel\/\" target=\"_blank\" rel=\"noopener\">Nuits-Saint-Georges<\/a> en C\u00f4te-d&#8217;Or est utilis\u00e9 pour la pratique d&#8217;activit\u00e9s de loisirs et de tourisme. Il y a longtemps que j&#8217;esp\u00e9rais y trouver un avion laiss\u00e9 la nuit sur une piste, les engins \u00e9tant habituellement rang\u00e9s dans des hangars.<\/p>\n<p><a href=\"https:\/\/blogs.futura-sciences.com\/feldmann\/wp-content\/uploads\/sites\/9\/2018\/09\/avionciel1.jpg\" rel=\"lightbox[9668]\"><img loading=\"lazy\" decoding=\"async\" class=\"alignnone size-medium wp-image-9669\" src=\"https:\/\/blogs.futura-sciences.com\/feldmann\/wp-content\/uploads\/sites\/9\/2018\/09\/avionciel1-450x381.jpg\" alt=\"\" width=\"450\" height=\"381\" srcset=\"https:\/\/blogs.futura-sciences.com\/feldmann\/wp-content\/uploads\/sites\/9\/2018\/09\/avionciel1-450x381.jpg 450w, https:\/\/blogs.futura-sciences.com\/feldmann\/wp-content\/uploads\/sites\/9\/2018\/09\/avionciel1-768x650.jpg 768w, https:\/\/blogs.futura-sciences.com\/feldmann\/wp-content\/uploads\/sites\/9\/2018\/09\/avionciel1-1024x867.jpg 1024w, https:\/\/blogs.futura-sciences.com\/feldmann\/wp-content\/uploads\/sites\/9\/2018\/09\/avionciel1.jpg 1450w\" sizes=\"auto, (max-width: 450px) 100vw, 450px\" \/><\/a><\/p>\n<p>L&#8217;occasion s&#8217;est enfin pr\u00e9sent\u00e9e dans la soir\u00e9e du 29 septembre, alors que je revenais d&#8217;une prise de vue de la <a href=\"https:\/\/blogs.futura-sciences.com\/feldmann\/2018\/10\/04\/la-station-spatiale-internationale-et-le-lavoir-bourguignon\/\" target=\"_blank\" rel=\"noopener\">Station spatiale internationale au-dessus du lavoir de Fussey<\/a>.<!--more--><\/p>\n<p>Cette image me fait penser \u00e0 <em>Vol de nuit<\/em>, le roman d&#8217;Antoine de Saint-Exup\u00e9ry paru en 1931. L&#8217;auteur du <em>Petit Prince<\/em> (qu&#8217;il \u00e9crira 12 ans plus tard et qui le rendra c\u00e9l\u00e8bre dans le monde entier) retrace son exp\u00e9rience de pilote : lui-m\u00eame et ses camarades aviateurs \u00e9taient pr\u00eats \u00e0 renoncer \u00e0 tout ce qui les touchait individuellement pour d\u00e9fendre une cause qui leur semblait l\u00e9gitime, l&#8217;acheminement du courrier quel qu&#8217;en soit le prix \u00e0 payer.<\/p>\n<p>Sur ce clich\u00e9 (pose de 30 sec, 3200 iso, bo\u00eetier Nikon D7100, objectif Samyang de 8 mm de focale) on remarque la pr\u00e9sence d&#8217;un morceau de <a href=\"https:\/\/blogs.futura-sciences.com\/feldmann\/2016\/11\/21\/lorigine-de-la-voie-lactee-peinte-par-pierre-paul-rubens\/\" target=\"_blank\" rel=\"noopener\">Voie lact\u00e9e<\/a> (haute dans le ciel en d\u00e9but de soir\u00e9e \u00e0 cette \u00e9poque de l&#8217;ann\u00e9e) ainsi qu&#8217;une forte <a href=\"https:\/\/blogs.futura-sciences.com\/feldmann\/2017\/09\/25\/pollution-lumineuse-france-peut-faire-beaucoup-mieux\/\" target=\"_blank\" rel=\"noopener\">pollution lumineuse<\/a> \u00e0 gauche produite par les lumi\u00e8res de <a href=\"https:\/\/blogs.futura-sciences.com\/feldmann\/2014\/09\/09\/pleine-lune-dijon\/\" target=\"_blank\" rel=\"noopener\">Dijon<\/a> \u00e0 une vingtaine de kilom\u00e8tres. Une lampe rouge m&#8217;a permis d&#8217;\u00e9clairer le cockpit. L&#8217;avion au premier plan est du m\u00eame type que celui qui \u00e9tait pass\u00e9 devant la <a href=\"https:\/\/blogs.futura-sciences.com\/feldmann\/2015\/10\/29\/27-octobre-un-avion-de-tourisme-croise-la-super-lune\/\" target=\"_blank\" rel=\"noopener\">Super Lune du 27 octobre 2015<\/a>.<\/p>\n<p>Je d\u00e9die cette image \u00e0 <a href=\"https:\/\/www.futura-sciences.com\/sciences\/actualites\/sciences-hommage-jean-luc-goudet-73213\/\" target=\"_blank\" rel=\"noopener\">Jean-Luc Goudet<\/a>, r\u00e9dacteur en chef de <a href=\"https:\/\/www.futura-sciences.com\/sciences\/\" target=\"_blank\" rel=\"noopener\">Futura-Sciences\u00a0<\/a>; il aimait la science avec une pr\u00e9dilection pour l&#8217;aviation et l&#8217;astronomie. Il est d\u00e9c\u00e9d\u00e9 brutalement le 12 octobre.<\/p>\n\n<!-- iframe plugin v.5.1 wordpress.org\/plugins\/iframe\/ -->\n<iframe loading=\"lazy\" width=\"560\" height=\"315\" src=\"https:\/\/www.youtube.com\/embed\/5kHAx2Uz79w\" frameborder=\"0\" allow=\"autoplay; encrypted-media\" 0=\"allowfullscreen&gt;&lt;\/iframe\" scrolling=\"yes\" class=\"iframe-class\"><\/iframe>\n\n<!-- AddThis Advanced Settings generic via filter on the_content --><!-- AddThis Share Buttons generic via filter on the_content -->","protected":false},"excerpt":{"rendered":"<p>Clin d&#8217;\u0153il \u00e0 Antoine de Saint-Exup\u00e9ry avec cette image nocturne prise sur un a\u00e9rodrome qui \u00e9voque un vol de nuit sous les \u00e9toiles. L&#8217;a\u00e9rodrome de Nuits-Saint-Georges en C\u00f4te-d&#8217;Or est utilis\u00e9 pour la pratique d&#8217;activit\u00e9s de loisirs et de tourisme. Il y a longtemps que j&#8217;esp\u00e9rais y trouver un avion laiss\u00e9 la nuit sur une piste, &hellip; <a href=\"https:\/\/blogs.futura-sciences.com\/feldmann\/2018\/10\/22\/vol-de-nuit-avion-sous-les-etoiles\/\" class=\"more-link\">Continuer la lecture de <span class=\"screen-reader-text\">Vol de nuit, un avion sous les \u00e9toiles<\/span>  <span class=\"meta-nav\">&rarr;<\/span><\/a><!-- AddThis Advanced Settings generic via filter on get_the_excerpt --><!-- AddThis Share Buttons generic via filter on get_the_excerpt --><\/p>\n","protected":false},"author":8,"featured_media":9670,"comment_status":"open","ping_status":"open","sticky":false,"template":"","format":"standard","meta":{"footnotes":"","_links_to":"","_links_to_target":""},"categories":[87],"tags":[1332,2574,178,2580,146,166,2573],"class_list":["post-9668","post","type-post","status-publish","format-standard","has-post-thumbnail","hentry","category-les-hommes-et-le-ciel","tag-aerodrome","tag-antoine-de-saint-exupery","tag-cote-dor","tag-jean-luc-goudet","tag-nuits-saint-georges","tag-voie-lactee","tag-vol-de-nuit"],"yoast_head":"<!-- This site is optimized with the Yoast SEO plugin v24.1 - https:\/\/yoast.com\/wordpress\/plugins\/seo\/ -->\n<title>Vol de nuit, un avion sous les \u00e9toiles<\/title>\n<meta name=\"description\" content=\"Clin d&#039;\u0153il \u00e0 Antoine de Saint-Exup\u00e9ry avec cette image nocturne prise sur un a\u00e9rodrome qui \u00e9voque un vol de nuit sous les \u00e9toiles.\" \/>\n<meta name=\"robots\" content=\"index, follow, max-snippet:-1, max-image-preview:large, max-video-preview:-1\" \/>\n<link rel=\"canonical\" href=\"https:\/\/blogs.futura-sciences.com\/feldmann\/2018\/10\/22\/vol-de-nuit-avion-sous-les-etoiles\/\" \/>\n<meta property=\"og:locale\" content=\"fr_FR\" \/>\n<meta property=\"og:type\" content=\"article\" \/>\n<meta property=\"og:title\" content=\"Vol de nuit, un avion sous les \u00e9toiles\" \/>\n<meta property=\"og:description\" content=\"Clin d&#039;\u0153il \u00e0 Antoine de Saint-Exup\u00e9ry avec cette image nocturne prise sur un a\u00e9rodrome qui \u00e9voque un vol de nuit sous les \u00e9toiles.\" \/>\n<meta property=\"og:url\" content=\"https:\/\/blogs.futura-sciences.com\/feldmann\/2018\/10\/22\/vol-de-nuit-avion-sous-les-etoiles\/\" \/>\n<meta property=\"og:site_name\" content=\"CIELMANIA : le blog de Jean-Baptiste FELDMANN, photographe du ciel\" \/>\n<meta property=\"article:published_time\" content=\"2018-10-22T12:16:57+00:00\" \/>\n<meta property=\"article:modified_time\" content=\"2018-11-05T17:42:21+00:00\" \/>\n<meta property=\"og:image\" content=\"https:\/\/blogs.futura-sciences.com\/feldmann\/wp-content\/uploads\/sites\/9\/2018\/09\/avionciel2.jpg\" \/>\n\t<meta property=\"og:image:width\" content=\"1450\" \/>\n\t<meta property=\"og:image:height\" content=\"902\" \/>\n\t<meta property=\"og:image:type\" content=\"image\/jpeg\" \/>\n<meta name=\"author\" content=\"Jean-Baptiste FELDMANN\" \/>\n<meta name=\"twitter:card\" content=\"summary_large_image\" \/>\n<meta name=\"twitter:label1\" content=\"\u00c9crit par\" \/>\n\t<meta name=\"twitter:data1\" content=\"Jean-Baptiste FELDMANN\" \/>\n\t<meta name=\"twitter:label2\" content=\"Dur\u00e9e de lecture estim\u00e9e\" \/>\n\t<meta name=\"twitter:data2\" content=\"2 minutes\" \/>\n<script type=\"application\/ld+json\" class=\"yoast-schema-graph\">{\"@context\":\"https:\/\/schema.org\",\"@graph\":[{\"@type\":\"WebPage\",\"@id\":\"https:\/\/blogs.futura-sciences.com\/feldmann\/2018\/10\/22\/vol-de-nuit-avion-sous-les-etoiles\/\",\"url\":\"https:\/\/blogs.futura-sciences.com\/feldmann\/2018\/10\/22\/vol-de-nuit-avion-sous-les-etoiles\/\",\"name\":\"Vol de nuit, un avion sous les \u00e9toiles\",\"isPartOf\":{\"@id\":\"https:\/\/blogs.futura-sciences.com\/feldmann\/#website\"},\"primaryImageOfPage\":{\"@id\":\"https:\/\/blogs.futura-sciences.com\/feldmann\/2018\/10\/22\/vol-de-nuit-avion-sous-les-etoiles\/#primaryimage\"},\"image\":{\"@id\":\"https:\/\/blogs.futura-sciences.com\/feldmann\/2018\/10\/22\/vol-de-nuit-avion-sous-les-etoiles\/#primaryimage\"},\"thumbnailUrl\":\"https:\/\/blogs.futura-sciences.com\/feldmann\/wp-content\/uploads\/sites\/9\/2018\/09\/avionciel2.jpg\",\"datePublished\":\"2018-10-22T12:16:57+00:00\",\"dateModified\":\"2018-11-05T17:42:21+00:00\",\"author\":{\"@id\":\"https:\/\/blogs.futura-sciences.com\/feldmann\/#\/schema\/person\/62b391b709c307783237b759b62731ea\"},\"description\":\"Clin d'\u0153il \u00e0 Antoine de Saint-Exup\u00e9ry avec cette image nocturne prise sur un a\u00e9rodrome qui \u00e9voque un vol de nuit sous les \u00e9toiles.\",\"inLanguage\":\"fr-FR\",\"potentialAction\":[{\"@type\":\"ReadAction\",\"target\":[\"https:\/\/blogs.futura-sciences.com\/feldmann\/2018\/10\/22\/vol-de-nuit-avion-sous-les-etoiles\/\"]}]},{\"@type\":\"ImageObject\",\"inLanguage\":\"fr-FR\",\"@id\":\"https:\/\/blogs.futura-sciences.com\/feldmann\/2018\/10\/22\/vol-de-nuit-avion-sous-les-etoiles\/#primaryimage\",\"url\":\"https:\/\/blogs.futura-sciences.com\/feldmann\/wp-content\/uploads\/sites\/9\/2018\/09\/avionciel2.jpg\",\"contentUrl\":\"https:\/\/blogs.futura-sciences.com\/feldmann\/wp-content\/uploads\/sites\/9\/2018\/09\/avionciel2.jpg\",\"width\":1450,\"height\":902},{\"@type\":\"WebSite\",\"@id\":\"https:\/\/blogs.futura-sciences.com\/feldmann\/#website\",\"url\":\"https:\/\/blogs.futura-sciences.com\/feldmann\/\",\"name\":\"CIELMANIA : le blog de Jean-Baptiste FELDMANN, photographe du ciel\",\"description\":\"&quot;J&#039;ai en moi un besoin terrible. Dirais-je le mot? La religion. Alors, je sors la nuit et je peins des \u00e9toiles.&quot;  Vincent van Gogh\",\"potentialAction\":[{\"@type\":\"SearchAction\",\"target\":{\"@type\":\"EntryPoint\",\"urlTemplate\":\"https:\/\/blogs.futura-sciences.com\/feldmann\/?s={search_term_string}\"},\"query-input\":{\"@type\":\"PropertyValueSpecification\",\"valueRequired\":true,\"valueName\":\"search_term_string\"}}],\"inLanguage\":\"fr-FR\"},{\"@type\":\"Person\",\"@id\":\"https:\/\/blogs.futura-sciences.com\/feldmann\/#\/schema\/person\/62b391b709c307783237b759b62731ea\",\"name\":\"Jean-Baptiste FELDMANN\",\"image\":{\"@type\":\"ImageObject\",\"inLanguage\":\"fr-FR\",\"@id\":\"https:\/\/blogs.futura-sciences.com\/feldmann\/#\/schema\/person\/image\/\",\"url\":\"https:\/\/secure.gravatar.com\/avatar\/41f96607fde7a81a14570eec74177c42?s=96&d=mm&r=g\",\"contentUrl\":\"https:\/\/secure.gravatar.com\/avatar\/41f96607fde7a81a14570eec74177c42?s=96&d=mm&r=g\",\"caption\":\"Jean-Baptiste FELDMANN\"},\"url\":\"https:\/\/blogs.futura-sciences.com\/feldmann\/author\/jbfe\/\"}]}<\/script>\n<!-- \/ Yoast SEO plugin. -->","yoast_head_json":{"title":"Vol de nuit, un avion sous les \u00e9toiles","description":"Clin d'\u0153il \u00e0 Antoine de Saint-Exup\u00e9ry avec cette image nocturne prise sur un a\u00e9rodrome qui \u00e9voque un vol de nuit sous les \u00e9toiles.","robots":{"index":"index","follow":"follow","max-snippet":"max-snippet:-1","max-image-preview":"max-image-preview:large","max-video-preview":"max-video-preview:-1"},"canonical":"https:\/\/blogs.futura-sciences.com\/feldmann\/2018\/10\/22\/vol-de-nuit-avion-sous-les-etoiles\/","og_locale":"fr_FR","og_type":"article","og_title":"Vol de nuit, un avion sous les \u00e9toiles","og_description":"Clin d'\u0153il \u00e0 Antoine de Saint-Exup\u00e9ry avec cette image nocturne prise sur un a\u00e9rodrome qui \u00e9voque un vol de nuit sous les \u00e9toiles.","og_url":"https:\/\/blogs.futura-sciences.com\/feldmann\/2018\/10\/22\/vol-de-nuit-avion-sous-les-etoiles\/","og_site_name":"CIELMANIA : le blog de Jean-Baptiste FELDMANN, photographe du ciel","article_published_time":"2018-10-22T12:16:57+00:00","article_modified_time":"2018-11-05T17:42:21+00:00","og_image":[{"width":1450,"height":902,"url":"https:\/\/blogs.futura-sciences.com\/feldmann\/wp-content\/uploads\/sites\/9\/2018\/09\/avionciel2.jpg","type":"image\/jpeg"}],"author":"Jean-Baptiste FELDMANN","twitter_card":"summary_large_image","twitter_misc":{"\u00c9crit par":"Jean-Baptiste FELDMANN","Dur\u00e9e de lecture estim\u00e9e":"2 minutes"},"schema":{"@context":"https:\/\/schema.org","@graph":[{"@type":"WebPage","@id":"https:\/\/blogs.futura-sciences.com\/feldmann\/2018\/10\/22\/vol-de-nuit-avion-sous-les-etoiles\/","url":"https:\/\/blogs.futura-sciences.com\/feldmann\/2018\/10\/22\/vol-de-nuit-avion-sous-les-etoiles\/","name":"Vol de nuit, un avion sous les \u00e9toiles","isPartOf":{"@id":"https:\/\/blogs.futura-sciences.com\/feldmann\/#website"},"primaryImageOfPage":{"@id":"https:\/\/blogs.futura-sciences.com\/feldmann\/2018\/10\/22\/vol-de-nuit-avion-sous-les-etoiles\/#primaryimage"},"image":{"@id":"https:\/\/blogs.futura-sciences.com\/feldmann\/2018\/10\/22\/vol-de-nuit-avion-sous-les-etoiles\/#primaryimage"},"thumbnailUrl":"https:\/\/blogs.futura-sciences.com\/feldmann\/wp-content\/uploads\/sites\/9\/2018\/09\/avionciel2.jpg","datePublished":"2018-10-22T12:16:57+00:00","dateModified":"2018-11-05T17:42:21+00:00","author":{"@id":"https:\/\/blogs.futura-sciences.com\/feldmann\/#\/schema\/person\/62b391b709c307783237b759b62731ea"},"description":"Clin d'\u0153il \u00e0 Antoine de Saint-Exup\u00e9ry avec cette image nocturne prise sur un a\u00e9rodrome qui \u00e9voque un vol de nuit sous les \u00e9toiles.","inLanguage":"fr-FR","potentialAction":[{"@type":"ReadAction","target":["https:\/\/blogs.futura-sciences.com\/feldmann\/2018\/10\/22\/vol-de-nuit-avion-sous-les-etoiles\/"]}]},{"@type":"ImageObject","inLanguage":"fr-FR","@id":"https:\/\/blogs.futura-sciences.com\/feldmann\/2018\/10\/22\/vol-de-nuit-avion-sous-les-etoiles\/#primaryimage","url":"https:\/\/blogs.futura-sciences.com\/feldmann\/wp-content\/uploads\/sites\/9\/2018\/09\/avionciel2.jpg","contentUrl":"https:\/\/blogs.futura-sciences.com\/feldmann\/wp-content\/uploads\/sites\/9\/2018\/09\/avionciel2.jpg","width":1450,"height":902},{"@type":"WebSite","@id":"https:\/\/blogs.futura-sciences.com\/feldmann\/#website","url":"https:\/\/blogs.futura-sciences.com\/feldmann\/","name":"CIELMANIA : le blog de Jean-Baptiste FELDMANN, photographe du ciel","description":"&quot;J&#039;ai en moi un besoin terrible. Dirais-je le mot? La religion. Alors, je sors la nuit et je peins des \u00e9toiles.&quot;  Vincent van Gogh","potentialAction":[{"@type":"SearchAction","target":{"@type":"EntryPoint","urlTemplate":"https:\/\/blogs.futura-sciences.com\/feldmann\/?s={search_term_string}"},"query-input":{"@type":"PropertyValueSpecification","valueRequired":true,"valueName":"search_term_string"}}],"inLanguage":"fr-FR"},{"@type":"Person","@id":"https:\/\/blogs.futura-sciences.com\/feldmann\/#\/schema\/person\/62b391b709c307783237b759b62731ea","name":"Jean-Baptiste FELDMANN","image":{"@type":"ImageObject","inLanguage":"fr-FR","@id":"https:\/\/blogs.futura-sciences.com\/feldmann\/#\/schema\/person\/image\/","url":"https:\/\/secure.gravatar.com\/avatar\/41f96607fde7a81a14570eec74177c42?s=96&d=mm&r=g","contentUrl":"https:\/\/secure.gravatar.com\/avatar\/41f96607fde7a81a14570eec74177c42?s=96&d=mm&r=g","caption":"Jean-Baptiste FELDMANN"},"url":"https:\/\/blogs.futura-sciences.com\/feldmann\/author\/jbfe\/"}]}},"_links":{"self":[{"href":"https:\/\/blogs.futura-sciences.com\/feldmann\/wp-json\/wp\/v2\/posts\/9668","targetHints":{"allow":["GET"]}}],"collection":[{"href":"https:\/\/blogs.futura-sciences.com\/feldmann\/wp-json\/wp\/v2\/posts"}],"about":[{"href":"https:\/\/blogs.futura-sciences.com\/feldmann\/wp-json\/wp\/v2\/types\/post"}],"author":[{"embeddable":true,"href":"https:\/\/blogs.futura-sciences.com\/feldmann\/wp-json\/wp\/v2\/users\/8"}],"replies":[{"embeddable":true,"href":"https:\/\/blogs.futura-sciences.com\/feldmann\/wp-json\/wp\/v2\/comments?post=9668"}],"version-history":[{"count":5,"href":"https:\/\/blogs.futura-sciences.com\/feldmann\/wp-json\/wp\/v2\/posts\/9668\/revisions"}],"predecessor-version":[{"id":9758,"href":"https:\/\/blogs.futura-sciences.com\/feldmann\/wp-json\/wp\/v2\/posts\/9668\/revisions\/9758"}],"wp:featuredmedia":[{"embeddable":true,"href":"https:\/\/blogs.futura-sciences.com\/feldmann\/wp-json\/wp\/v2\/media\/9670"}],"wp:attachment":[{"href":"https:\/\/blogs.futura-sciences.com\/feldmann\/wp-json\/wp\/v2\/media?parent=9668"}],"wp:term":[{"taxonomy":"category","embeddable":true,"href":"https:\/\/blogs.futura-sciences.com\/feldmann\/wp-json\/wp\/v2\/categories?post=9668"},{"taxonomy":"post_tag","embeddable":true,"href":"https:\/\/blogs.futura-sciences.com\/feldmann\/wp-json\/wp\/v2\/tags?post=9668"}],"curies":[{"name":"wp","href":"https:\/\/api.w.org\/{rel}","templated":true}]}}