{"id":9284,"date":"2018-05-31T12:59:38","date_gmt":"2018-05-31T12:59:38","guid":{"rendered":"https:\/\/blogs.futura-sciences.com\/feldmann\/?p=9284"},"modified":"2018-07-01T05:52:50","modified_gmt":"2018-07-01T05:52:50","slug":"que-voir-dans-le-ciel-nocturne-au-mois-de-juin-2018","status":"publish","type":"post","link":"https:\/\/blogs.futura-sciences.com\/feldmann\/2018\/05\/31\/que-voir-dans-le-ciel-nocturne-au-mois-de-juin-2018\/","title":{"rendered":"Que voir dans le ciel nocturne au mois de juin 2018"},"content":{"rendered":"<p><strong>L&#8217;opposition de Saturne sera l&#8217;\u00e9v\u00e9nement de ce mois de juin qui offre \u00e9galement quelques beaux rapprochements entre la Lune et les plan\u00e8tes.\u00a0<\/strong><\/p>\n<p>Juin est le mois de l&#8217;ann\u00e9e o\u00f9 les nuits sont les plus courtes (le solstice, date \u00e0 laquelle le Soleil atteint sa plus haute d\u00e9clinaison, a lieu le 21) ; autant dire que les nuits noires sont inexistantes. Ce n&#8217;est donc pas le mois pendant lequel vous pourrez traquer de faibles <a href=\"https:\/\/blogs.futura-sciences.com\/feldmann\/2017\/11\/09\/zoom-letonnante-nebuleuse-planetaire-dumbbell\/\" target=\"_blank\" rel=\"noopener\">n\u00e9buleuses<\/a> ou de lointaines <a href=\"https:\/\/blogs.futura-sciences.com\/feldmann\/2018\/01\/22\/arp-243-beau-resultat-de-deux-galaxies-collision\/\" target=\"_blank\" rel=\"noopener\">galaxies<\/a>. Il vaudra mieux en profiter pour admirer la Lune et les plan\u00e8tes, ces derni\u00e8res \u00e9tant \u00e0 l&#8217;honneur avec l&#8217;opposition de Saturne le 27 juin, un peu plus d&#8217;un mois apr\u00e8s celle de Jupiter et 30 jours avant celle de Mars !<\/p>\n<figure id=\"attachment_7971\" aria-describedby=\"caption-attachment-7971\" style=\"width: 450px\" class=\"wp-caption alignnone\"><a href=\"https:\/\/blogs.futura-sciences.com\/feldmann\/wp-content\/uploads\/sites\/9\/2017\/06\/saturne.jpg\" rel=\"lightbox[9284]\"><img loading=\"lazy\" decoding=\"async\" class=\"size-medium wp-image-7971\" src=\"https:\/\/blogs.futura-sciences.com\/feldmann\/wp-content\/uploads\/sites\/9\/2017\/06\/saturne-450x334.jpg\" alt=\"\" width=\"450\" height=\"334\" srcset=\"https:\/\/blogs.futura-sciences.com\/feldmann\/wp-content\/uploads\/sites\/9\/2017\/06\/saturne-450x334.jpg 450w, https:\/\/blogs.futura-sciences.com\/feldmann\/wp-content\/uploads\/sites\/9\/2017\/06\/saturne-768x570.jpg 768w, https:\/\/blogs.futura-sciences.com\/feldmann\/wp-content\/uploads\/sites\/9\/2017\/06\/saturne-1024x760.jpg 1024w, https:\/\/blogs.futura-sciences.com\/feldmann\/wp-content\/uploads\/sites\/9\/2017\/06\/saturne.jpg 1235w\" sizes=\"auto, (max-width: 450px) 100vw, 450px\" \/><\/a><figcaption id=\"caption-attachment-7971\" class=\"wp-caption-text\">La plan\u00e8te Saturne sera au plus pr\u00e8s de la Terre le 27 juin. \u00a9 D. PEACH<\/figcaption><\/figure>\n<p>Que ce soit \u00e0 l\u2019\u0153il nu, muni d\u2019une paire de jumelles ou d\u2019une\u00a0<a href=\"https:\/\/blogs.futura-sciences.com\/feldmann\/2017\/12\/10\/longue-vue-bon-choix-debuter-astronomie\/\" target=\"_blank\" rel=\"noopener\">longue-vue<\/a>, voici les rendez-vous \u00e0 ne pas manquer (vous pouvez les localiser avec\u00a0<a href=\"https:\/\/www.stelvision.com\/carte-ciel\/\" target=\"_blank\" rel=\"noopener\">la carte de Stelvision<\/a>) :<!--more--><\/p>\n<ul>\n<li>\u00e0 l&#8217;aube du 1er juin la <a href=\"https:\/\/blogs.futura-sciences.com\/feldmann\/2018\/03\/07\/7-mars-jupiter-lune-gibbeuse-decroissante\/\" target=\"_blank\" rel=\"noopener\">Lune gibbeuse d\u00e9croissante<\/a> se trouve \u00e0 moins de 2\u00b0 de <a href=\"https:\/\/blogs.futura-sciences.com\/feldmann\/2018\/01\/11\/jeux-de-lunes-entre-anneaux-de-planete-saturne\/\" target=\"_blank\" rel=\"noopener\">Saturne\u00a0<\/a>(<em>\u00e0 suivre \u00e0 l\u2019\u0153il nu<\/em>)<\/li>\n<li>c&#8217;est \u00e0 cette \u00e9poque de l&#8217;ann\u00e9e que vous pouvez esp\u00e9rer voir les \u00e9tonnants <a href=\"https:\/\/blogs.futura-sciences.com\/feldmann\/2017\/06\/06\/images-superbes-nuages-noctiluques\/\" target=\"_blank\" rel=\"noopener\">nuages noctiluques\u00a0<\/a>(<em>\u00e0 suivre \u00e0 l\u2019\u0153il nu<\/em>)<\/li>\n<\/ul>\n<figure id=\"attachment_2904\" aria-describedby=\"caption-attachment-2904\" style=\"width: 450px\" class=\"wp-caption alignnone\"><a href=\"https:\/\/blogs.futura-sciences.com\/feldmann\/wp-content\/uploads\/sites\/9\/2015\/05\/nuages_noctulescents.jpg\" rel=\"lightbox[9284]\"><img loading=\"lazy\" decoding=\"async\" class=\"size-medium wp-image-2904\" src=\"https:\/\/blogs.futura-sciences.com\/feldmann\/wp-content\/uploads\/sites\/9\/2015\/05\/nuages_noctulescents-450x300.jpg\" alt=\"\" width=\"450\" height=\"300\" srcset=\"https:\/\/blogs.futura-sciences.com\/feldmann\/wp-content\/uploads\/sites\/9\/2015\/05\/nuages_noctulescents-450x300.jpg 450w, https:\/\/blogs.futura-sciences.com\/feldmann\/wp-content\/uploads\/sites\/9\/2015\/05\/nuages_noctulescents.jpg 1000w\" sizes=\"auto, (max-width: 450px) 100vw, 450px\" \/><\/a><figcaption id=\"caption-attachment-2904\" class=\"wp-caption-text\">Particuli\u00e8rement photog\u00e9niques, les nuages noctulescents ou noctiluques refont leur apparition au moment du solstice d&#8217;\u00e9t\u00e9. \u00a9 Andy Stables<\/figcaption><\/figure>\n<ul>\n<li>\u00a0\u00e0 l&#8217;aube du 3 juin la <a href=\"https:\/\/blogs.futura-sciences.com\/feldmann\/2017\/02\/16\/mars-express-survole-pole-nord-de-planete-rouge\/\" target=\"_blank\" rel=\"noopener\">Plan\u00e8te rouge<\/a> et la Lune gibbeuse d\u00e9croissante sont \u00e0 un peu plus de 3\u00b0\u00a0(<em>\u00e0 suivre \u00e0 l\u2019\u0153il nu<\/em>)<\/li>\n<li>le 11 juin en soir\u00e9e la brillante <a href=\"https:\/\/blogs.futura-sciences.com\/feldmann\/2018\/05\/12\/venus-letoile-filante-crepuscule\/\" target=\"_blank\" rel=\"noopener\">V\u00e9nus<\/a> est align\u00e9e avec les \u00e9toiles jumelles <a href=\"https:\/\/blogs.futura-sciences.com\/feldmann\/2016\/03\/18\/17-mars-la-lune-glisse-sous-castor-et-pollux\/\" target=\"_blank\" rel=\"noopener\">Castor et Pollux\u00a0<\/a>(<em>\u00e0 suivre \u00e0 l\u2019\u0153il nu<\/em>)<\/li>\n<li>le 15 juin vous retrouverez le <a href=\"https:\/\/blogs.futura-sciences.com\/feldmann\/2018\/03\/21\/clair-de-lune-chateau-clos-de-vougeot\/\" target=\"_blank\" rel=\"noopener\">jeune croissant de Lune<\/a> sur l&#8217;horizon OUEST en soir\u00e9e et 24 heures plus tard il sera \u00e0 c\u00f4t\u00e9 de V\u00e9nus et de l&#8217;<a href=\"https:\/\/blogs.futura-sciences.com\/feldmann\/2015\/06\/04\/les-etoiles-scintillent-dans-lamas-de-la-creche\/\" target=\"_blank\" rel=\"noopener\">amas de la Cr\u00e8che\u00a0<\/a>(<em>\u00e0 suivre \u00e0 l\u2019\u0153il nu et aux jumelles<\/em>)<\/li>\n<li>le 19 juin V\u00e9nus passe au NORD de l&#8217;amas de la Cr\u00e8che\u00a0(<em>\u00e0 suivre aux jumelles<\/em>)<\/li>\n<\/ul>\n<figure id=\"attachment_2939\" aria-describedby=\"caption-attachment-2939\" style=\"width: 450px\" class=\"wp-caption alignnone\"><a href=\"https:\/\/blogs.futura-sciences.com\/feldmann\/wp-content\/uploads\/sites\/9\/2015\/06\/jupiter_venus4.jpg\" rel=\"lightbox[9284]\"><img loading=\"lazy\" decoding=\"async\" class=\"size-medium wp-image-2939\" src=\"https:\/\/blogs.futura-sciences.com\/feldmann\/wp-content\/uploads\/sites\/9\/2015\/06\/jupiter_venus4-450x338.jpg\" alt=\"\" width=\"450\" height=\"338\" srcset=\"https:\/\/blogs.futura-sciences.com\/feldmann\/wp-content\/uploads\/sites\/9\/2015\/06\/jupiter_venus4-450x338.jpg 450w, https:\/\/blogs.futura-sciences.com\/feldmann\/wp-content\/uploads\/sites\/9\/2015\/06\/jupiter_venus4-1024x768.jpg 1024w, https:\/\/blogs.futura-sciences.com\/feldmann\/wp-content\/uploads\/sites\/9\/2015\/06\/jupiter_venus4.jpg 1200w\" sizes=\"auto, (max-width: 450px) 100vw, 450px\" \/><\/a><figcaption id=\"caption-attachment-2939\" class=\"wp-caption-text\">Bel alignement entre Jupiter, l&#8217;amas de la Cr\u00e8che (M 44) et V\u00e9nus le 8 juin 2015. \u00a9 Jean-Baptiste Feldmann<\/figcaption><\/figure>\n<ul>\n<li>le 21 juin c&#8217;est le <a href=\"https:\/\/blogs.futura-sciences.com\/feldmann\/2017\/06\/20\/21-juin-cest-solstice-dete-lhemisphere-nord\/\" target=\"_blank\" rel=\"noopener\">solstice d&#8217;\u00e9t\u00e9<\/a><\/li>\n<li>le 23 juin au cr\u00e9puscule <a href=\"https:\/\/blogs.futura-sciences.com\/feldmann\/2018\/05\/07\/spectacle-celeste-planete-jupiter-plus-pres-de-terre\/\" target=\"_blank\" rel=\"noopener\">Jupiter<\/a> est \u00e0 4\u00b0 de la Lune gibbeuse croissante\u00a0(<em>\u00e0 suivre \u00e0 l\u2019\u0153il nu<\/em>)<\/li>\n<li>le 27 juin c&#8217;est l&#8217;opposition de Saturne\u00a0(<em>\u00e0 admirer imp\u00e9rativement dans un t\u00e9lescope<\/em>) ; la plan\u00e8te aux anneaux qui se trouve dans la <a href=\"https:\/\/blogs.futura-sciences.com\/feldmann\/2015\/12\/25\/eso-593-ig-008-la-fee-clochette-dans-le-sagittaire\/\" target=\"_blank\" rel=\"noopener\">constellation du Sagittaire<\/a> passe la nuit du 27 au 28 aux c\u00f4t\u00e9s de la septi\u00e8me Pleine Lune de l&#8217;ann\u00e9e\u00a0(<em>\u00e0 suivre \u00e0 l\u2019\u0153il nu<\/em>)<\/li>\n<\/ul>\n<!-- AddThis Advanced Settings generic via filter on the_content --><!-- AddThis Share Buttons generic via filter on the_content -->","protected":false},"excerpt":{"rendered":"<p>L&#8217;opposition de Saturne sera l&#8217;\u00e9v\u00e9nement de ce mois de juin qui offre \u00e9galement quelques beaux rapprochements entre la Lune et les plan\u00e8tes.\u00a0 Juin est le mois de l&#8217;ann\u00e9e o\u00f9 les nuits sont les plus courtes (le solstice, date \u00e0 laquelle le Soleil atteint sa plus haute d\u00e9clinaison, a lieu le 21) ; autant dire que &hellip; <a href=\"https:\/\/blogs.futura-sciences.com\/feldmann\/2018\/05\/31\/que-voir-dans-le-ciel-nocturne-au-mois-de-juin-2018\/\" class=\"more-link\">Continuer la lecture de <span class=\"screen-reader-text\">Que voir dans le ciel nocturne au mois de juin 2018<\/span>  <span class=\"meta-nav\">&rarr;<\/span><\/a><!-- AddThis Advanced Settings generic via filter on get_the_excerpt --><!-- AddThis Share Buttons generic via filter on get_the_excerpt --><\/p>\n","protected":false},"author":8,"featured_media":9304,"comment_status":"open","ping_status":"open","sticky":false,"template":"","format":"standard","meta":{"footnotes":"","_links_to":"","_links_to_target":""},"categories":[509],"tags":[149,90,116,136,159],"class_list":["post-9284","post","type-post","status-publish","format-standard","has-post-thumbnail","hentry","category-actualites","tag-ephemerides","tag-jupiter","tag-mars","tag-saturne","tag-venus"],"yoast_head":"<!-- This site is optimized with the Yoast SEO plugin v24.1 - https:\/\/yoast.com\/wordpress\/plugins\/seo\/ -->\n<title>Que voir dans le ciel nocturne au mois de juin 2018<\/title>\n<meta name=\"description\" content=\"L&#039;opposition de Saturne sera l&#039;\u00e9v\u00e9nement de ce mois de juin qui offre \u00e9galement quelques beaux rapprochements entre la Lune et les plan\u00e8tes.\u00a0\" \/>\n<meta name=\"robots\" content=\"index, follow, max-snippet:-1, max-image-preview:large, max-video-preview:-1\" \/>\n<link rel=\"canonical\" href=\"https:\/\/blogs.futura-sciences.com\/feldmann\/2018\/05\/31\/que-voir-dans-le-ciel-nocturne-au-mois-de-juin-2018\/\" \/>\n<meta property=\"og:locale\" content=\"fr_FR\" \/>\n<meta property=\"og:type\" content=\"article\" \/>\n<meta property=\"og:title\" content=\"Que voir dans le ciel nocturne au mois de juin 2018\" \/>\n<meta property=\"og:description\" content=\"L&#039;opposition de Saturne sera l&#039;\u00e9v\u00e9nement de ce mois de juin qui offre \u00e9galement quelques beaux rapprochements entre la Lune et les plan\u00e8tes.\u00a0\" \/>\n<meta property=\"og:url\" content=\"https:\/\/blogs.futura-sciences.com\/feldmann\/2018\/05\/31\/que-voir-dans-le-ciel-nocturne-au-mois-de-juin-2018\/\" \/>\n<meta property=\"og:site_name\" content=\"CIELMANIA : le blog de Jean-Baptiste FELDMANN, photographe du ciel\" \/>\n<meta property=\"article:published_time\" content=\"2018-05-31T12:59:38+00:00\" \/>\n<meta property=\"article:modified_time\" content=\"2018-07-01T05:52:50+00:00\" \/>\n<meta property=\"og:image\" content=\"https:\/\/blogs.futura-sciences.com\/feldmann\/wp-content\/uploads\/sites\/9\/2018\/05\/ephemerides2.jpg\" \/>\n\t<meta property=\"og:image:width\" content=\"1009\" \/>\n\t<meta property=\"og:image:height\" content=\"739\" \/>\n\t<meta property=\"og:image:type\" content=\"image\/jpeg\" \/>\n<meta name=\"author\" content=\"Jean-Baptiste FELDMANN\" \/>\n<meta name=\"twitter:card\" content=\"summary_large_image\" \/>\n<meta name=\"twitter:label1\" content=\"\u00c9crit par\" \/>\n\t<meta name=\"twitter:data1\" content=\"Jean-Baptiste FELDMANN\" \/>\n\t<meta name=\"twitter:label2\" content=\"Dur\u00e9e de lecture estim\u00e9e\" \/>\n\t<meta name=\"twitter:data2\" content=\"2 minutes\" \/>\n<script type=\"application\/ld+json\" class=\"yoast-schema-graph\">{\"@context\":\"https:\/\/schema.org\",\"@graph\":[{\"@type\":\"WebPage\",\"@id\":\"https:\/\/blogs.futura-sciences.com\/feldmann\/2018\/05\/31\/que-voir-dans-le-ciel-nocturne-au-mois-de-juin-2018\/\",\"url\":\"https:\/\/blogs.futura-sciences.com\/feldmann\/2018\/05\/31\/que-voir-dans-le-ciel-nocturne-au-mois-de-juin-2018\/\",\"name\":\"Que voir dans le ciel nocturne au mois de juin 2018\",\"isPartOf\":{\"@id\":\"https:\/\/blogs.futura-sciences.com\/feldmann\/#website\"},\"primaryImageOfPage\":{\"@id\":\"https:\/\/blogs.futura-sciences.com\/feldmann\/2018\/05\/31\/que-voir-dans-le-ciel-nocturne-au-mois-de-juin-2018\/#primaryimage\"},\"image\":{\"@id\":\"https:\/\/blogs.futura-sciences.com\/feldmann\/2018\/05\/31\/que-voir-dans-le-ciel-nocturne-au-mois-de-juin-2018\/#primaryimage\"},\"thumbnailUrl\":\"https:\/\/blogs.futura-sciences.com\/feldmann\/wp-content\/uploads\/sites\/9\/2018\/05\/ephemerides2.jpg\",\"datePublished\":\"2018-05-31T12:59:38+00:00\",\"dateModified\":\"2018-07-01T05:52:50+00:00\",\"author\":{\"@id\":\"https:\/\/blogs.futura-sciences.com\/feldmann\/#\/schema\/person\/62b391b709c307783237b759b62731ea\"},\"description\":\"L'opposition de Saturne sera l'\u00e9v\u00e9nement de ce mois de juin qui offre \u00e9galement quelques beaux rapprochements entre la Lune et les plan\u00e8tes.\u00a0\",\"inLanguage\":\"fr-FR\",\"potentialAction\":[{\"@type\":\"ReadAction\",\"target\":[\"https:\/\/blogs.futura-sciences.com\/feldmann\/2018\/05\/31\/que-voir-dans-le-ciel-nocturne-au-mois-de-juin-2018\/\"]}]},{\"@type\":\"ImageObject\",\"inLanguage\":\"fr-FR\",\"@id\":\"https:\/\/blogs.futura-sciences.com\/feldmann\/2018\/05\/31\/que-voir-dans-le-ciel-nocturne-au-mois-de-juin-2018\/#primaryimage\",\"url\":\"https:\/\/blogs.futura-sciences.com\/feldmann\/wp-content\/uploads\/sites\/9\/2018\/05\/ephemerides2.jpg\",\"contentUrl\":\"https:\/\/blogs.futura-sciences.com\/feldmann\/wp-content\/uploads\/sites\/9\/2018\/05\/ephemerides2.jpg\",\"width\":1009,\"height\":739},{\"@type\":\"WebSite\",\"@id\":\"https:\/\/blogs.futura-sciences.com\/feldmann\/#website\",\"url\":\"https:\/\/blogs.futura-sciences.com\/feldmann\/\",\"name\":\"CIELMANIA : le blog de Jean-Baptiste FELDMANN, photographe du ciel\",\"description\":\"&quot;J&#039;ai en moi un besoin terrible. Dirais-je le mot? La religion. Alors, je sors la nuit et je peins des \u00e9toiles.&quot;  Vincent van Gogh\",\"potentialAction\":[{\"@type\":\"SearchAction\",\"target\":{\"@type\":\"EntryPoint\",\"urlTemplate\":\"https:\/\/blogs.futura-sciences.com\/feldmann\/?s={search_term_string}\"},\"query-input\":{\"@type\":\"PropertyValueSpecification\",\"valueRequired\":true,\"valueName\":\"search_term_string\"}}],\"inLanguage\":\"fr-FR\"},{\"@type\":\"Person\",\"@id\":\"https:\/\/blogs.futura-sciences.com\/feldmann\/#\/schema\/person\/62b391b709c307783237b759b62731ea\",\"name\":\"Jean-Baptiste FELDMANN\",\"image\":{\"@type\":\"ImageObject\",\"inLanguage\":\"fr-FR\",\"@id\":\"https:\/\/blogs.futura-sciences.com\/feldmann\/#\/schema\/person\/image\/\",\"url\":\"https:\/\/secure.gravatar.com\/avatar\/41f96607fde7a81a14570eec74177c42?s=96&d=mm&r=g\",\"contentUrl\":\"https:\/\/secure.gravatar.com\/avatar\/41f96607fde7a81a14570eec74177c42?s=96&d=mm&r=g\",\"caption\":\"Jean-Baptiste FELDMANN\"},\"url\":\"https:\/\/blogs.futura-sciences.com\/feldmann\/author\/jbfe\/\"}]}<\/script>\n<!-- \/ Yoast SEO plugin. -->","yoast_head_json":{"title":"Que voir dans le ciel nocturne au mois de juin 2018","description":"L'opposition de Saturne sera l'\u00e9v\u00e9nement de ce mois de juin qui offre \u00e9galement quelques beaux rapprochements entre la Lune et les plan\u00e8tes.\u00a0","robots":{"index":"index","follow":"follow","max-snippet":"max-snippet:-1","max-image-preview":"max-image-preview:large","max-video-preview":"max-video-preview:-1"},"canonical":"https:\/\/blogs.futura-sciences.com\/feldmann\/2018\/05\/31\/que-voir-dans-le-ciel-nocturne-au-mois-de-juin-2018\/","og_locale":"fr_FR","og_type":"article","og_title":"Que voir dans le ciel nocturne au mois de juin 2018","og_description":"L'opposition de Saturne sera l'\u00e9v\u00e9nement de ce mois de juin qui offre \u00e9galement quelques beaux rapprochements entre la Lune et les plan\u00e8tes.\u00a0","og_url":"https:\/\/blogs.futura-sciences.com\/feldmann\/2018\/05\/31\/que-voir-dans-le-ciel-nocturne-au-mois-de-juin-2018\/","og_site_name":"CIELMANIA : le blog de Jean-Baptiste FELDMANN, photographe du ciel","article_published_time":"2018-05-31T12:59:38+00:00","article_modified_time":"2018-07-01T05:52:50+00:00","og_image":[{"width":1009,"height":739,"url":"https:\/\/blogs.futura-sciences.com\/feldmann\/wp-content\/uploads\/sites\/9\/2018\/05\/ephemerides2.jpg","type":"image\/jpeg"}],"author":"Jean-Baptiste FELDMANN","twitter_card":"summary_large_image","twitter_misc":{"\u00c9crit par":"Jean-Baptiste FELDMANN","Dur\u00e9e de lecture estim\u00e9e":"2 minutes"},"schema":{"@context":"https:\/\/schema.org","@graph":[{"@type":"WebPage","@id":"https:\/\/blogs.futura-sciences.com\/feldmann\/2018\/05\/31\/que-voir-dans-le-ciel-nocturne-au-mois-de-juin-2018\/","url":"https:\/\/blogs.futura-sciences.com\/feldmann\/2018\/05\/31\/que-voir-dans-le-ciel-nocturne-au-mois-de-juin-2018\/","name":"Que voir dans le ciel nocturne au mois de juin 2018","isPartOf":{"@id":"https:\/\/blogs.futura-sciences.com\/feldmann\/#website"},"primaryImageOfPage":{"@id":"https:\/\/blogs.futura-sciences.com\/feldmann\/2018\/05\/31\/que-voir-dans-le-ciel-nocturne-au-mois-de-juin-2018\/#primaryimage"},"image":{"@id":"https:\/\/blogs.futura-sciences.com\/feldmann\/2018\/05\/31\/que-voir-dans-le-ciel-nocturne-au-mois-de-juin-2018\/#primaryimage"},"thumbnailUrl":"https:\/\/blogs.futura-sciences.com\/feldmann\/wp-content\/uploads\/sites\/9\/2018\/05\/ephemerides2.jpg","datePublished":"2018-05-31T12:59:38+00:00","dateModified":"2018-07-01T05:52:50+00:00","author":{"@id":"https:\/\/blogs.futura-sciences.com\/feldmann\/#\/schema\/person\/62b391b709c307783237b759b62731ea"},"description":"L'opposition de Saturne sera l'\u00e9v\u00e9nement de ce mois de juin qui offre \u00e9galement quelques beaux rapprochements entre la Lune et les plan\u00e8tes.\u00a0","inLanguage":"fr-FR","potentialAction":[{"@type":"ReadAction","target":["https:\/\/blogs.futura-sciences.com\/feldmann\/2018\/05\/31\/que-voir-dans-le-ciel-nocturne-au-mois-de-juin-2018\/"]}]},{"@type":"ImageObject","inLanguage":"fr-FR","@id":"https:\/\/blogs.futura-sciences.com\/feldmann\/2018\/05\/31\/que-voir-dans-le-ciel-nocturne-au-mois-de-juin-2018\/#primaryimage","url":"https:\/\/blogs.futura-sciences.com\/feldmann\/wp-content\/uploads\/sites\/9\/2018\/05\/ephemerides2.jpg","contentUrl":"https:\/\/blogs.futura-sciences.com\/feldmann\/wp-content\/uploads\/sites\/9\/2018\/05\/ephemerides2.jpg","width":1009,"height":739},{"@type":"WebSite","@id":"https:\/\/blogs.futura-sciences.com\/feldmann\/#website","url":"https:\/\/blogs.futura-sciences.com\/feldmann\/","name":"CIELMANIA : le blog de Jean-Baptiste FELDMANN, photographe du ciel","description":"&quot;J&#039;ai en moi un besoin terrible. Dirais-je le mot? La religion. Alors, je sors la nuit et je peins des \u00e9toiles.&quot;  Vincent van Gogh","potentialAction":[{"@type":"SearchAction","target":{"@type":"EntryPoint","urlTemplate":"https:\/\/blogs.futura-sciences.com\/feldmann\/?s={search_term_string}"},"query-input":{"@type":"PropertyValueSpecification","valueRequired":true,"valueName":"search_term_string"}}],"inLanguage":"fr-FR"},{"@type":"Person","@id":"https:\/\/blogs.futura-sciences.com\/feldmann\/#\/schema\/person\/62b391b709c307783237b759b62731ea","name":"Jean-Baptiste FELDMANN","image":{"@type":"ImageObject","inLanguage":"fr-FR","@id":"https:\/\/blogs.futura-sciences.com\/feldmann\/#\/schema\/person\/image\/","url":"https:\/\/secure.gravatar.com\/avatar\/41f96607fde7a81a14570eec74177c42?s=96&d=mm&r=g","contentUrl":"https:\/\/secure.gravatar.com\/avatar\/41f96607fde7a81a14570eec74177c42?s=96&d=mm&r=g","caption":"Jean-Baptiste FELDMANN"},"url":"https:\/\/blogs.futura-sciences.com\/feldmann\/author\/jbfe\/"}]}},"_links":{"self":[{"href":"https:\/\/blogs.futura-sciences.com\/feldmann\/wp-json\/wp\/v2\/posts\/9284","targetHints":{"allow":["GET"]}}],"collection":[{"href":"https:\/\/blogs.futura-sciences.com\/feldmann\/wp-json\/wp\/v2\/posts"}],"about":[{"href":"https:\/\/blogs.futura-sciences.com\/feldmann\/wp-json\/wp\/v2\/types\/post"}],"author":[{"embeddable":true,"href":"https:\/\/blogs.futura-sciences.com\/feldmann\/wp-json\/wp\/v2\/users\/8"}],"replies":[{"embeddable":true,"href":"https:\/\/blogs.futura-sciences.com\/feldmann\/wp-json\/wp\/v2\/comments?post=9284"}],"version-history":[{"count":10,"href":"https:\/\/blogs.futura-sciences.com\/feldmann\/wp-json\/wp\/v2\/posts\/9284\/revisions"}],"predecessor-version":[{"id":9302,"href":"https:\/\/blogs.futura-sciences.com\/feldmann\/wp-json\/wp\/v2\/posts\/9284\/revisions\/9302"}],"wp:featuredmedia":[{"embeddable":true,"href":"https:\/\/blogs.futura-sciences.com\/feldmann\/wp-json\/wp\/v2\/media\/9304"}],"wp:attachment":[{"href":"https:\/\/blogs.futura-sciences.com\/feldmann\/wp-json\/wp\/v2\/media?parent=9284"}],"wp:term":[{"taxonomy":"category","embeddable":true,"href":"https:\/\/blogs.futura-sciences.com\/feldmann\/wp-json\/wp\/v2\/categories?post=9284"},{"taxonomy":"post_tag","embeddable":true,"href":"https:\/\/blogs.futura-sciences.com\/feldmann\/wp-json\/wp\/v2\/tags?post=9284"}],"curies":[{"name":"wp","href":"https:\/\/api.w.org\/{rel}","templated":true}]}}