{"id":8972,"date":"2018-03-07T14:10:30","date_gmt":"2018-03-07T14:10:30","guid":{"rendered":"https:\/\/blogs.futura-sciences.com\/feldmann\/?p=8972"},"modified":"2018-03-15T06:22:11","modified_gmt":"2018-03-15T06:22:11","slug":"7-mars-jupiter-lune-gibbeuse-decroissante","status":"publish","type":"post","link":"https:\/\/blogs.futura-sciences.com\/feldmann\/2018\/03\/07\/7-mars-jupiter-lune-gibbeuse-decroissante\/","title":{"rendered":"7 mars : Jupiter et la Lune gibbeuse d\u00e9croissante"},"content":{"rendered":"<p><strong>La plus grosse plan\u00e8te du Syst\u00e8me solaire se trouvait \u00e0 quelques encablures de la Lune gibbeuse d\u00e9croissante \u00e0 l&#8217;aube de ce mercredi 7 mars.<\/strong><\/p>\n<p>Qu&#8217;appelle-t-on Lune gibbeuse ? Il s&#8217;agit du moment o\u00f9 notre satellite naturel pr\u00e9sente un certain embonpoint du c\u00f4t\u00e9 du terminateur, entre le <a href=\"https:\/\/blogs.futura-sciences.com\/feldmann\/2017\/08\/30\/premier-quartier-de-lune-coq\/\" target=\"_blank\" rel=\"noopener\">Premier Quartier<\/a> et la <a href=\"https:\/\/blogs.futura-sciences.com\/feldmann\/2018\/03\/03\/pleine-lune-neiges-2-mars\/\" target=\"_blank\" rel=\"noopener\">Pleine Lune<\/a> (c&#8217;est la Lune gibbeuse croissante) et entre la Pleine Lune et le <a href=\"https:\/\/blogs.futura-sciences.com\/feldmann\/2015\/02\/12\/dernier-quartier-de-lune-dans-le-brouillard\/\" target=\"_blank\" rel=\"noopener\">Dernier Quartier<\/a> : dans ce cas on parle de Lune gibbeuse d\u00e9croissante comme \u00e0 l&#8217;aube de ce 7 mars, 2 jours avant le Dernier Quartier.<\/p>\n<p><a href=\"https:\/\/blogs.futura-sciences.com\/feldmann\/wp-content\/uploads\/sites\/9\/2018\/03\/jupiter-lune.jpg\" rel=\"lightbox[8972]\"><img loading=\"lazy\" decoding=\"async\" class=\"alignnone size-medium wp-image-8973\" src=\"https:\/\/blogs.futura-sciences.com\/feldmann\/wp-content\/uploads\/sites\/9\/2018\/03\/jupiter-lune-450x280.jpg\" alt=\"\" width=\"450\" height=\"280\" srcset=\"https:\/\/blogs.futura-sciences.com\/feldmann\/wp-content\/uploads\/sites\/9\/2018\/03\/jupiter-lune-450x280.jpg 450w, https:\/\/blogs.futura-sciences.com\/feldmann\/wp-content\/uploads\/sites\/9\/2018\/03\/jupiter-lune-768x477.jpg 768w, https:\/\/blogs.futura-sciences.com\/feldmann\/wp-content\/uploads\/sites\/9\/2018\/03\/jupiter-lune-1024x636.jpg 1024w, https:\/\/blogs.futura-sciences.com\/feldmann\/wp-content\/uploads\/sites\/9\/2018\/03\/jupiter-lune.jpg 1449w\" sizes=\"auto, (max-width: 450px) 100vw, 450px\" \/><\/a><\/p>\n<p>La Lune est un excellent moyen pour rep\u00e9rer les plan\u00e8tes et nous la voyons sur ce clich\u00e9 non loin de <a href=\"https:\/\/blogs.futura-sciences.com\/feldmann\/2017\/05\/30\/astronome-amateur-francais-filme-impact-jupiter\/\" target=\"_blank\" rel=\"noopener\">Jupiter<\/a>, alors que le ciel commence \u00e0 s&#8217;\u00e9claircir et \u00e0 effacer les \u00e9toiles (il a \u00e9t\u00e9 n\u00e9cessaire de surexposer la Lune pour bien voir Jupiter).<!--more--><\/p>\n<p>Jupiter, la g\u00e9ante gazeuse qui est aussi la plus grosse plan\u00e8te du Syst\u00e8me solaire, se trouve actuellement dans la constellation de la Balance. Elle pr\u00e9sente un diam\u00e8tre apparent de 40 secondes d\u2019arc et une\u00a0<a href=\"https:\/\/blogs.futura-sciences.com\/feldmann\/2017\/05\/06\/quest-lechelle-magnitudes-astronomie\/\" target=\"_blank\" rel=\"noopener\">magnitude<\/a>\u00a0de -2,2. Ces valeurs ne cessent d&#8217;augmenter puisque la plan\u00e8te se rapproche de nous : le 9 mai Jupiter sera \u00e0 658 millions de km (ce sera l&#8217;opposition) et pr\u00e9sentera un diam\u00e8tre apparent de 44,8 secondes d\u2019arc et une magnitude de -2,5.<\/p>\n<figure id=\"attachment_5171\" aria-describedby=\"caption-attachment-5171\" style=\"width: 450px\" class=\"wp-caption alignnone\"><a href=\"https:\/\/blogs.futura-sciences.com\/feldmann\/wp-content\/uploads\/sites\/9\/2016\/03\/dessin_jupiter_burgeot.jpg\" rel=\"lightbox[8972]\"><img loading=\"lazy\" decoding=\"async\" class=\"size-medium wp-image-5171\" src=\"https:\/\/blogs.futura-sciences.com\/feldmann\/wp-content\/uploads\/sites\/9\/2016\/03\/dessin_jupiter_burgeot-450x297.jpg\" alt=\"\" width=\"450\" height=\"297\" srcset=\"https:\/\/blogs.futura-sciences.com\/feldmann\/wp-content\/uploads\/sites\/9\/2016\/03\/dessin_jupiter_burgeot-450x297.jpg 450w, https:\/\/blogs.futura-sciences.com\/feldmann\/wp-content\/uploads\/sites\/9\/2016\/03\/dessin_jupiter_burgeot-768x506.jpg 768w, https:\/\/blogs.futura-sciences.com\/feldmann\/wp-content\/uploads\/sites\/9\/2016\/03\/dessin_jupiter_burgeot.jpg 1000w\" sizes=\"auto, (max-width: 450px) 100vw, 450px\" \/><\/a><figcaption id=\"caption-attachment-5171\" class=\"wp-caption-text\">Superbe dessin de Jupiter r\u00e9alis\u00e9 le 28 ao\u00fbt 2011 \u00e0 l\u2019aide d\u2019un t\u00e9lescope de 406 mm de diam\u00e8tre (les satellites sont Ganym\u00e8de en haut et Europe). \u00a9 Fr\u00e9d\u00e9ric Burgeot<\/figcaption><\/figure>\n<p>Elle est donc d\u00e9j\u00e0 bien observable dans une\u00a0<a href=\"https:\/\/blogs.futura-sciences.com\/feldmann\/2017\/12\/10\/longue-vue-bon-choix-debuter-astronomie\/\" target=\"_blank\" rel=\"noopener\">longue-vue<\/a>\u00a0ou un t\u00e9lescope : on peut suivre le ballet des 4 principaux satellites (Io,\u00a0<a href=\"https:\/\/blogs.futura-sciences.com\/feldmann\/2017\/10\/08\/sonde-juno-photographie-ensemble-jupiter-io-europe\/\" target=\"_blank\" rel=\"noopener\">Europe<\/a>,\u00a0<a href=\"https:\/\/blogs.futura-sciences.com\/feldmann\/2017\/02\/07\/quand-ganymede-passe-derriere-jupiter\/\" target=\"_blank\" rel=\"noopener\">Ganym\u00e8de<\/a>\u00a0et\u00a0<a href=\"https:\/\/blogs.futura-sciences.com\/feldmann\/2014\/11\/30\/callisto-occulte-io\/\" target=\"_blank\" rel=\"noopener\">Callisto<\/a>) et rep\u00e9rer quelques bandes gazeuses sur la plan\u00e8te ainsi que la c\u00e9l\u00e8bre <a href=\"https:\/\/www.futura-sciences.com\/sciences\/actualites\/astronomie-grande-tache-rouge-jupiter-on-connait-enfin-profondeur-53776\/\" target=\"_blank\" rel=\"noopener\">Grande Tache rouge<\/a>.<\/p>\n<p>Les 9 et 10 mars \u00e0 l&#8217;aube la Lune s&#8217;approchera de la plan\u00e8te <a href=\"https:\/\/blogs.futura-sciences.com\/feldmann\/2018\/01\/28\/opportunity-14-ans-planete-mars\/\" target=\"_blank\" rel=\"noopener\">Mars<\/a> et le 11 elle sera aux c\u00f4t\u00e9s de <a href=\"https:\/\/blogs.futura-sciences.com\/feldmann\/2018\/01\/11\/jeux-de-lunes-entre-anneaux-de-planete-saturne\/\" target=\"_blank\" rel=\"noopener\">Saturne<\/a>, des rapprochements qui ne sont bien entendu qu&#8217;apparents : alors que notre satellite naturel navigue \u00e0 400.000 km de nous, Jupiter est \u00e0 744 millions de km, Mars \u00e0 203 millions de km et Saturne \u00e0 1,56 milliard de km !<\/p>\n<p>&nbsp;<\/p>\n<!-- AddThis Advanced Settings generic via filter on the_content --><!-- AddThis Share Buttons generic via filter on the_content -->","protected":false},"excerpt":{"rendered":"<p>La plus grosse plan\u00e8te du Syst\u00e8me solaire se trouvait \u00e0 quelques encablures de la Lune gibbeuse d\u00e9croissante \u00e0 l&#8217;aube de ce mercredi 7 mars. Qu&#8217;appelle-t-on Lune gibbeuse ? Il s&#8217;agit du moment o\u00f9 notre satellite naturel pr\u00e9sente un certain embonpoint du c\u00f4t\u00e9 du terminateur, entre le Premier Quartier et la Pleine Lune (c&#8217;est la Lune &hellip; <a href=\"https:\/\/blogs.futura-sciences.com\/feldmann\/2018\/03\/07\/7-mars-jupiter-lune-gibbeuse-decroissante\/\" class=\"more-link\">Continuer la lecture de <span class=\"screen-reader-text\">7 mars : Jupiter et la Lune gibbeuse d\u00e9croissante<\/span>  <span class=\"meta-nav\">&rarr;<\/span><\/a><!-- AddThis Advanced Settings generic via filter on get_the_excerpt --><!-- AddThis Share Buttons generic via filter on get_the_excerpt --><\/p>\n","protected":false},"author":8,"featured_media":8973,"comment_status":"open","ping_status":"open","sticky":false,"template":"","format":"standard","meta":{"footnotes":"","_links_to":"","_links_to_target":""},"categories":[509],"tags":[135,90,165],"class_list":["post-8972","post","type-post","status-publish","format-standard","has-post-thumbnail","hentry","category-actualites","tag-constellation-de-la-balance","tag-jupiter","tag-lune-gibbeuse"],"yoast_head":"<!-- This site is optimized with the Yoast SEO plugin v24.1 - https:\/\/yoast.com\/wordpress\/plugins\/seo\/ -->\n<title>7 mars : Jupiter et la Lune gibbeuse d\u00e9croissante<\/title>\n<meta name=\"description\" content=\"La plus grosse plan\u00e8te du Syst\u00e8me solaire se trouvait \u00e0 quelques encablures de la Lune gibbeuse d\u00e9croissante \u00e0 l&#039;aube de ce mercredi 7 mars.\" \/>\n<meta name=\"robots\" content=\"index, follow, max-snippet:-1, max-image-preview:large, max-video-preview:-1\" \/>\n<link rel=\"canonical\" href=\"https:\/\/blogs.futura-sciences.com\/feldmann\/2018\/03\/07\/7-mars-jupiter-lune-gibbeuse-decroissante\/\" \/>\n<meta property=\"og:locale\" content=\"fr_FR\" \/>\n<meta property=\"og:type\" content=\"article\" \/>\n<meta property=\"og:title\" content=\"7 mars : Jupiter et la Lune gibbeuse d\u00e9croissante\" \/>\n<meta property=\"og:description\" content=\"La plus grosse plan\u00e8te du Syst\u00e8me solaire se trouvait \u00e0 quelques encablures de la Lune gibbeuse d\u00e9croissante \u00e0 l&#039;aube de ce mercredi 7 mars.\" \/>\n<meta property=\"og:url\" content=\"https:\/\/blogs.futura-sciences.com\/feldmann\/2018\/03\/07\/7-mars-jupiter-lune-gibbeuse-decroissante\/\" \/>\n<meta property=\"og:site_name\" content=\"CIELMANIA : le blog de Jean-Baptiste FELDMANN, photographe du ciel\" \/>\n<meta property=\"article:published_time\" content=\"2018-03-07T14:10:30+00:00\" \/>\n<meta property=\"article:modified_time\" content=\"2018-03-15T06:22:11+00:00\" \/>\n<meta property=\"og:image\" content=\"https:\/\/blogs.futura-sciences.com\/feldmann\/wp-content\/uploads\/sites\/9\/2018\/03\/jupiter-lune.jpg\" \/>\n\t<meta property=\"og:image:width\" content=\"1449\" \/>\n\t<meta property=\"og:image:height\" content=\"900\" \/>\n\t<meta property=\"og:image:type\" content=\"image\/jpeg\" \/>\n<meta name=\"author\" content=\"Jean-Baptiste FELDMANN\" \/>\n<meta name=\"twitter:card\" content=\"summary_large_image\" \/>\n<meta name=\"twitter:label1\" content=\"\u00c9crit par\" \/>\n\t<meta name=\"twitter:data1\" content=\"Jean-Baptiste FELDMANN\" \/>\n\t<meta name=\"twitter:label2\" content=\"Dur\u00e9e de lecture estim\u00e9e\" \/>\n\t<meta name=\"twitter:data2\" content=\"2 minutes\" \/>\n<script type=\"application\/ld+json\" class=\"yoast-schema-graph\">{\"@context\":\"https:\/\/schema.org\",\"@graph\":[{\"@type\":\"WebPage\",\"@id\":\"https:\/\/blogs.futura-sciences.com\/feldmann\/2018\/03\/07\/7-mars-jupiter-lune-gibbeuse-decroissante\/\",\"url\":\"https:\/\/blogs.futura-sciences.com\/feldmann\/2018\/03\/07\/7-mars-jupiter-lune-gibbeuse-decroissante\/\",\"name\":\"7 mars : Jupiter et la Lune gibbeuse d\u00e9croissante\",\"isPartOf\":{\"@id\":\"https:\/\/blogs.futura-sciences.com\/feldmann\/#website\"},\"primaryImageOfPage\":{\"@id\":\"https:\/\/blogs.futura-sciences.com\/feldmann\/2018\/03\/07\/7-mars-jupiter-lune-gibbeuse-decroissante\/#primaryimage\"},\"image\":{\"@id\":\"https:\/\/blogs.futura-sciences.com\/feldmann\/2018\/03\/07\/7-mars-jupiter-lune-gibbeuse-decroissante\/#primaryimage\"},\"thumbnailUrl\":\"https:\/\/blogs.futura-sciences.com\/feldmann\/wp-content\/uploads\/sites\/9\/2018\/03\/jupiter-lune.jpg\",\"datePublished\":\"2018-03-07T14:10:30+00:00\",\"dateModified\":\"2018-03-15T06:22:11+00:00\",\"author\":{\"@id\":\"https:\/\/blogs.futura-sciences.com\/feldmann\/#\/schema\/person\/62b391b709c307783237b759b62731ea\"},\"description\":\"La plus grosse plan\u00e8te du Syst\u00e8me solaire se trouvait \u00e0 quelques encablures de la Lune gibbeuse d\u00e9croissante \u00e0 l'aube de ce mercredi 7 mars.\",\"inLanguage\":\"fr-FR\",\"potentialAction\":[{\"@type\":\"ReadAction\",\"target\":[\"https:\/\/blogs.futura-sciences.com\/feldmann\/2018\/03\/07\/7-mars-jupiter-lune-gibbeuse-decroissante\/\"]}]},{\"@type\":\"ImageObject\",\"inLanguage\":\"fr-FR\",\"@id\":\"https:\/\/blogs.futura-sciences.com\/feldmann\/2018\/03\/07\/7-mars-jupiter-lune-gibbeuse-decroissante\/#primaryimage\",\"url\":\"https:\/\/blogs.futura-sciences.com\/feldmann\/wp-content\/uploads\/sites\/9\/2018\/03\/jupiter-lune.jpg\",\"contentUrl\":\"https:\/\/blogs.futura-sciences.com\/feldmann\/wp-content\/uploads\/sites\/9\/2018\/03\/jupiter-lune.jpg\",\"width\":1449,\"height\":900,\"caption\":\"Jupiter et la Lune gibbeuse d\u00e9croissante\"},{\"@type\":\"WebSite\",\"@id\":\"https:\/\/blogs.futura-sciences.com\/feldmann\/#website\",\"url\":\"https:\/\/blogs.futura-sciences.com\/feldmann\/\",\"name\":\"CIELMANIA : le blog de Jean-Baptiste FELDMANN, photographe du ciel\",\"description\":\"&quot;J&#039;ai en moi un besoin terrible. Dirais-je le mot? La religion. Alors, je sors la nuit et je peins des \u00e9toiles.&quot;  Vincent van Gogh\",\"potentialAction\":[{\"@type\":\"SearchAction\",\"target\":{\"@type\":\"EntryPoint\",\"urlTemplate\":\"https:\/\/blogs.futura-sciences.com\/feldmann\/?s={search_term_string}\"},\"query-input\":{\"@type\":\"PropertyValueSpecification\",\"valueRequired\":true,\"valueName\":\"search_term_string\"}}],\"inLanguage\":\"fr-FR\"},{\"@type\":\"Person\",\"@id\":\"https:\/\/blogs.futura-sciences.com\/feldmann\/#\/schema\/person\/62b391b709c307783237b759b62731ea\",\"name\":\"Jean-Baptiste FELDMANN\",\"image\":{\"@type\":\"ImageObject\",\"inLanguage\":\"fr-FR\",\"@id\":\"https:\/\/blogs.futura-sciences.com\/feldmann\/#\/schema\/person\/image\/\",\"url\":\"https:\/\/secure.gravatar.com\/avatar\/41f96607fde7a81a14570eec74177c42?s=96&d=mm&r=g\",\"contentUrl\":\"https:\/\/secure.gravatar.com\/avatar\/41f96607fde7a81a14570eec74177c42?s=96&d=mm&r=g\",\"caption\":\"Jean-Baptiste FELDMANN\"},\"url\":\"https:\/\/blogs.futura-sciences.com\/feldmann\/author\/jbfe\/\"}]}<\/script>\n<!-- \/ Yoast SEO plugin. -->","yoast_head_json":{"title":"7 mars : Jupiter et la Lune gibbeuse d\u00e9croissante","description":"La plus grosse plan\u00e8te du Syst\u00e8me solaire se trouvait \u00e0 quelques encablures de la Lune gibbeuse d\u00e9croissante \u00e0 l'aube de ce mercredi 7 mars.","robots":{"index":"index","follow":"follow","max-snippet":"max-snippet:-1","max-image-preview":"max-image-preview:large","max-video-preview":"max-video-preview:-1"},"canonical":"https:\/\/blogs.futura-sciences.com\/feldmann\/2018\/03\/07\/7-mars-jupiter-lune-gibbeuse-decroissante\/","og_locale":"fr_FR","og_type":"article","og_title":"7 mars : Jupiter et la Lune gibbeuse d\u00e9croissante","og_description":"La plus grosse plan\u00e8te du Syst\u00e8me solaire se trouvait \u00e0 quelques encablures de la Lune gibbeuse d\u00e9croissante \u00e0 l'aube de ce mercredi 7 mars.","og_url":"https:\/\/blogs.futura-sciences.com\/feldmann\/2018\/03\/07\/7-mars-jupiter-lune-gibbeuse-decroissante\/","og_site_name":"CIELMANIA : le blog de Jean-Baptiste FELDMANN, photographe du ciel","article_published_time":"2018-03-07T14:10:30+00:00","article_modified_time":"2018-03-15T06:22:11+00:00","og_image":[{"width":1449,"height":900,"url":"https:\/\/blogs.futura-sciences.com\/feldmann\/wp-content\/uploads\/sites\/9\/2018\/03\/jupiter-lune.jpg","type":"image\/jpeg"}],"author":"Jean-Baptiste FELDMANN","twitter_card":"summary_large_image","twitter_misc":{"\u00c9crit par":"Jean-Baptiste FELDMANN","Dur\u00e9e de lecture estim\u00e9e":"2 minutes"},"schema":{"@context":"https:\/\/schema.org","@graph":[{"@type":"WebPage","@id":"https:\/\/blogs.futura-sciences.com\/feldmann\/2018\/03\/07\/7-mars-jupiter-lune-gibbeuse-decroissante\/","url":"https:\/\/blogs.futura-sciences.com\/feldmann\/2018\/03\/07\/7-mars-jupiter-lune-gibbeuse-decroissante\/","name":"7 mars : Jupiter et la Lune gibbeuse d\u00e9croissante","isPartOf":{"@id":"https:\/\/blogs.futura-sciences.com\/feldmann\/#website"},"primaryImageOfPage":{"@id":"https:\/\/blogs.futura-sciences.com\/feldmann\/2018\/03\/07\/7-mars-jupiter-lune-gibbeuse-decroissante\/#primaryimage"},"image":{"@id":"https:\/\/blogs.futura-sciences.com\/feldmann\/2018\/03\/07\/7-mars-jupiter-lune-gibbeuse-decroissante\/#primaryimage"},"thumbnailUrl":"https:\/\/blogs.futura-sciences.com\/feldmann\/wp-content\/uploads\/sites\/9\/2018\/03\/jupiter-lune.jpg","datePublished":"2018-03-07T14:10:30+00:00","dateModified":"2018-03-15T06:22:11+00:00","author":{"@id":"https:\/\/blogs.futura-sciences.com\/feldmann\/#\/schema\/person\/62b391b709c307783237b759b62731ea"},"description":"La plus grosse plan\u00e8te du Syst\u00e8me solaire se trouvait \u00e0 quelques encablures de la Lune gibbeuse d\u00e9croissante \u00e0 l'aube de ce mercredi 7 mars.","inLanguage":"fr-FR","potentialAction":[{"@type":"ReadAction","target":["https:\/\/blogs.futura-sciences.com\/feldmann\/2018\/03\/07\/7-mars-jupiter-lune-gibbeuse-decroissante\/"]}]},{"@type":"ImageObject","inLanguage":"fr-FR","@id":"https:\/\/blogs.futura-sciences.com\/feldmann\/2018\/03\/07\/7-mars-jupiter-lune-gibbeuse-decroissante\/#primaryimage","url":"https:\/\/blogs.futura-sciences.com\/feldmann\/wp-content\/uploads\/sites\/9\/2018\/03\/jupiter-lune.jpg","contentUrl":"https:\/\/blogs.futura-sciences.com\/feldmann\/wp-content\/uploads\/sites\/9\/2018\/03\/jupiter-lune.jpg","width":1449,"height":900,"caption":"Jupiter et la Lune gibbeuse d\u00e9croissante"},{"@type":"WebSite","@id":"https:\/\/blogs.futura-sciences.com\/feldmann\/#website","url":"https:\/\/blogs.futura-sciences.com\/feldmann\/","name":"CIELMANIA : le blog de Jean-Baptiste FELDMANN, photographe du ciel","description":"&quot;J&#039;ai en moi un besoin terrible. Dirais-je le mot? La religion. Alors, je sors la nuit et je peins des \u00e9toiles.&quot;  Vincent van Gogh","potentialAction":[{"@type":"SearchAction","target":{"@type":"EntryPoint","urlTemplate":"https:\/\/blogs.futura-sciences.com\/feldmann\/?s={search_term_string}"},"query-input":{"@type":"PropertyValueSpecification","valueRequired":true,"valueName":"search_term_string"}}],"inLanguage":"fr-FR"},{"@type":"Person","@id":"https:\/\/blogs.futura-sciences.com\/feldmann\/#\/schema\/person\/62b391b709c307783237b759b62731ea","name":"Jean-Baptiste FELDMANN","image":{"@type":"ImageObject","inLanguage":"fr-FR","@id":"https:\/\/blogs.futura-sciences.com\/feldmann\/#\/schema\/person\/image\/","url":"https:\/\/secure.gravatar.com\/avatar\/41f96607fde7a81a14570eec74177c42?s=96&d=mm&r=g","contentUrl":"https:\/\/secure.gravatar.com\/avatar\/41f96607fde7a81a14570eec74177c42?s=96&d=mm&r=g","caption":"Jean-Baptiste FELDMANN"},"url":"https:\/\/blogs.futura-sciences.com\/feldmann\/author\/jbfe\/"}]}},"_links":{"self":[{"href":"https:\/\/blogs.futura-sciences.com\/feldmann\/wp-json\/wp\/v2\/posts\/8972","targetHints":{"allow":["GET"]}}],"collection":[{"href":"https:\/\/blogs.futura-sciences.com\/feldmann\/wp-json\/wp\/v2\/posts"}],"about":[{"href":"https:\/\/blogs.futura-sciences.com\/feldmann\/wp-json\/wp\/v2\/types\/post"}],"author":[{"embeddable":true,"href":"https:\/\/blogs.futura-sciences.com\/feldmann\/wp-json\/wp\/v2\/users\/8"}],"replies":[{"embeddable":true,"href":"https:\/\/blogs.futura-sciences.com\/feldmann\/wp-json\/wp\/v2\/comments?post=8972"}],"version-history":[{"count":3,"href":"https:\/\/blogs.futura-sciences.com\/feldmann\/wp-json\/wp\/v2\/posts\/8972\/revisions"}],"predecessor-version":[{"id":8976,"href":"https:\/\/blogs.futura-sciences.com\/feldmann\/wp-json\/wp\/v2\/posts\/8972\/revisions\/8976"}],"wp:featuredmedia":[{"embeddable":true,"href":"https:\/\/blogs.futura-sciences.com\/feldmann\/wp-json\/wp\/v2\/media\/8973"}],"wp:attachment":[{"href":"https:\/\/blogs.futura-sciences.com\/feldmann\/wp-json\/wp\/v2\/media?parent=8972"}],"wp:term":[{"taxonomy":"category","embeddable":true,"href":"https:\/\/blogs.futura-sciences.com\/feldmann\/wp-json\/wp\/v2\/categories?post=8972"},{"taxonomy":"post_tag","embeddable":true,"href":"https:\/\/blogs.futura-sciences.com\/feldmann\/wp-json\/wp\/v2\/tags?post=8972"}],"curies":[{"name":"wp","href":"https:\/\/api.w.org\/{rel}","templated":true}]}}