{"id":8945,"date":"2018-02-28T13:26:18","date_gmt":"2018-02-28T13:26:18","guid":{"rendered":"https:\/\/blogs.futura-sciences.com\/feldmann\/?p=8945"},"modified":"2018-03-07T14:11:10","modified_gmt":"2018-03-07T14:11:10","slug":"frequence-mois-pleine-lune","status":"publish","type":"post","link":"https:\/\/blogs.futura-sciences.com\/feldmann\/2018\/02\/28\/frequence-mois-pleine-lune\/","title":{"rendered":"Quelle est la fr\u00e9quence des mois sans Pleine Lune ?"},"content":{"rendered":"<p><strong>Vous l&#8217;avez sans doute remarqu\u00e9, ce mois de f\u00e9vrier ne comporte pas de Pleine Lune. Un ph\u00e9nom\u00e8ne fr\u00e9quent ou une raret\u00e9 ? R\u00e9ponse.<\/strong><\/p>\n<p>En janvier les m\u00e9dias vous ont beaucoup parl\u00e9 de la <a href=\"https:\/\/blogs.futura-sciences.com\/feldmann\/2018\/02\/01\/vous-reprendrez-bien-une-dose-de-super-lune-bleue\/\" target=\"_blank\" rel=\"noopener\">Lune bleue<\/a>, surnom donn\u00e9 traditionnellement \u00e0 la seconde Pleine Lune qui se produit dans le m\u00eame mois. Et voici que le mois suivant il n&#8217;y a pas de Pleine Lune : c&#8217;est assez logique puisque l&#8217;\u00e9cart entre deux Pleines Lunes \u00e9tant d&#8217;un peu plus de 29 jours (29,53 jours exactement, la dur\u00e9e d&#8217;une lunaison) et la derni\u00e8re Pleine Lune ayant eu lieu le 31 janvier, il n&#8217;y en a pas dans ce mois de 28 jours.<\/p>\n<figure id=\"attachment_8803\" aria-describedby=\"caption-attachment-8803\" style=\"width: 1503px\" class=\"wp-caption alignnone\"><a href=\"https:\/\/blogs.futura-sciences.com\/feldmann\/wp-content\/uploads\/sites\/9\/2018\/01\/super-lune.jpg\" rel=\"lightbox[8945]\"><img loading=\"lazy\" decoding=\"async\" class=\"size-full wp-image-8803\" src=\"https:\/\/blogs.futura-sciences.com\/feldmann\/wp-content\/uploads\/sites\/9\/2018\/01\/super-lune.jpg\" alt=\"\" width=\"1503\" height=\"900\" \/><\/a><figcaption id=\"caption-attachment-8803\" class=\"wp-caption-text\">La derni\u00e8re Lune bleue a eu lieu le 31 janvier. \u00a9 Jean-Baptiste Feldmann<\/figcaption><\/figure>\n<p>Il n&#8217;y a aucune raison scientifique pour expliquer pourquoi certains mois comptent deux Pleines Lunes et d&#8217;autres aucune. C&#8217;est simplement une bizarrerie de notre calendrier. Mais \u00e0 quelle fr\u00e9quence se produisent les mois sans Pleine Lune ?<!--more--><\/p>\n<p>Il y a quelques ann\u00e9es l&#8217;astronome math\u00e9maticien anglais <a href=\"http:\/\/www.sanger.ac.uk\/people\/directory\/harper-david\" target=\"_blank\" rel=\"noopener\">David Harper<\/a> (qui a longtemps travaill\u00e9 \u00e0 l&#8217;Observatoire de<a href=\"https:\/\/blogs.futura-sciences.com\/feldmann\/2014\/09\/05\/meridien-greenwich\/\" target=\"_blank\" rel=\"noopener\"> Greenwich<\/a>) s&#8217;est amus\u00e9 \u00e0 calculer cette fr\u00e9quence. Sur la p\u00e9riode allant de l&#8217;an 2000 \u00e0 2999 il y a 12.368 Pleines Lunes dont 952 se produisent en f\u00e9vrier. Cette p\u00e9riode de 1.000 ans comptant logiquement 1.000 mois de f\u00e9vrier, on remarque tout de suite que 48 mois de f\u00e9vrier ne comptent aucune Pleine Lune soit moins de 5%. Au cours des 48 ann\u00e9es concern\u00e9es, il y aura automatiquement deux Pleines Lunes en janvier suivies de deux au mois de mars (c&#8217;est le cas en cette ann\u00e9e 2018).<\/p>\n<p>Mais f\u00e9vrier peut compter 28 ou 29 jours ; on imagine ais\u00e9ment que dans le second cas il y a de fortes probabilit\u00e9s que se produise un Pleine Lune.\u00a0David Harper a calcul\u00e9 qu&#8217;au cours de ce mill\u00e9naire il y aura 243 ann\u00e9es bissextiles et que seulement trois d&#8217;entre elles n&#8217;auront pas de Pleine Lune en f\u00e9vrier : il s&#8217;agit des ann\u00e9es 2572, 2792 et 2944.<\/p>\n<p>Bien entendu ces bizarreries ne concernent que notre calendrier solaire, qui depuis Jules C\u00e9sar divise l&#8217;ann\u00e9e en 12 intervalles, l&#8217;id\u00e9e \u00e9tant de\u00a0synchroniser les mois avec le <a href=\"https:\/\/blogs.futura-sciences.com\/feldmann\/2017\/04\/27\/un-soleil-omega-se-leve-sur-la-mer-mediterranee\/\" target=\"_blank\" rel=\"noopener\">Soleil<\/a> et les saisons, \u00e0 la mani\u00e8re de ce qui existait alors en \u00c9gypte (ce calendrier julien fut remplac\u00e9 \u00e0 la fin du XVIe si\u00e8cle par un autre calendrier solaire, le calendrier gr\u00e9gorien). Les calendriers traditionnels lunaires (calendriers h\u00e9breu, musulman, chinois, bouddhiste, hindou, tib\u00e9tain, japonais&#8230;) ont des mois qui suivent exactement le cycle lunaire, donc chaque mois ne compte qu&#8217;une Pleine Lune.<\/p>\n<!-- AddThis Advanced Settings generic via filter on the_content --><!-- AddThis Share Buttons generic via filter on the_content -->","protected":false},"excerpt":{"rendered":"<p>Vous l&#8217;avez sans doute remarqu\u00e9, ce mois de f\u00e9vrier ne comporte pas de Pleine Lune. Un ph\u00e9nom\u00e8ne fr\u00e9quent ou une raret\u00e9 ? R\u00e9ponse. En janvier les m\u00e9dias vous ont beaucoup parl\u00e9 de la Lune bleue, surnom donn\u00e9 traditionnellement \u00e0 la seconde Pleine Lune qui se produit dans le m\u00eame mois. Et voici que le mois &hellip; <a href=\"https:\/\/blogs.futura-sciences.com\/feldmann\/2018\/02\/28\/frequence-mois-pleine-lune\/\" class=\"more-link\">Continuer la lecture de <span class=\"screen-reader-text\">Quelle est la fr\u00e9quence des mois sans Pleine Lune ?<\/span>  <span class=\"meta-nav\">&rarr;<\/span><\/a><!-- AddThis Advanced Settings generic via filter on get_the_excerpt --><!-- AddThis Share Buttons generic via filter on get_the_excerpt --><\/p>\n","protected":false},"author":8,"featured_media":8946,"comment_status":"open","ping_status":"open","sticky":false,"template":"","format":"standard","meta":{"footnotes":"","_links_to":"","_links_to_target":""},"categories":[509],"tags":[2464,2463,235,2462,2465,1183,109],"class_list":["post-8945","post","type-post","status-publish","format-standard","has-post-thumbnail","hentry","category-actualites","tag-calendrier-gregorien","tag-calendrier-julien","tag-calendrier-lunaire","tag-calendrier-solaire","tag-david-harper","tag-lune-bleue","tag-pleine-lune"],"yoast_head":"<!-- This site is optimized with the Yoast SEO plugin v24.1 - https:\/\/yoast.com\/wordpress\/plugins\/seo\/ -->\n<title>Quelle est la fr\u00e9quence des mois sans Pleine Lune ?<\/title>\n<meta name=\"description\" content=\"Vous l&#039;avez sans doute remarqu\u00e9, ce mois de f\u00e9vrier ne comporte pas de Pleine Lune. Un ph\u00e9nom\u00e8ne fr\u00e9quent ou une raret\u00e9 ? R\u00e9ponse.\" \/>\n<meta name=\"robots\" content=\"index, follow, max-snippet:-1, max-image-preview:large, max-video-preview:-1\" \/>\n<link rel=\"canonical\" href=\"https:\/\/blogs.futura-sciences.com\/feldmann\/2018\/02\/28\/frequence-mois-pleine-lune\/\" \/>\n<meta property=\"og:locale\" content=\"fr_FR\" \/>\n<meta property=\"og:type\" content=\"article\" \/>\n<meta property=\"og:title\" content=\"Quelle est la fr\u00e9quence des mois sans Pleine Lune ?\" \/>\n<meta property=\"og:description\" content=\"Vous l&#039;avez sans doute remarqu\u00e9, ce mois de f\u00e9vrier ne comporte pas de Pleine Lune. Un ph\u00e9nom\u00e8ne fr\u00e9quent ou une raret\u00e9 ? R\u00e9ponse.\" \/>\n<meta property=\"og:url\" content=\"https:\/\/blogs.futura-sciences.com\/feldmann\/2018\/02\/28\/frequence-mois-pleine-lune\/\" \/>\n<meta property=\"og:site_name\" content=\"CIELMANIA : le blog de Jean-Baptiste FELDMANN, photographe du ciel\" \/>\n<meta property=\"article:published_time\" content=\"2018-02-28T13:26:18+00:00\" \/>\n<meta property=\"article:modified_time\" content=\"2018-03-07T14:11:10+00:00\" \/>\n<meta property=\"og:image\" content=\"https:\/\/blogs.futura-sciences.com\/feldmann\/wp-content\/uploads\/sites\/9\/2018\/02\/lune.jpg\" \/>\n\t<meta property=\"og:image:width\" content=\"1567\" \/>\n\t<meta property=\"og:image:height\" content=\"900\" \/>\n\t<meta property=\"og:image:type\" content=\"image\/jpeg\" \/>\n<meta name=\"author\" content=\"Jean-Baptiste FELDMANN\" \/>\n<meta name=\"twitter:card\" content=\"summary_large_image\" \/>\n<meta name=\"twitter:label1\" content=\"\u00c9crit par\" \/>\n\t<meta name=\"twitter:data1\" content=\"Jean-Baptiste FELDMANN\" \/>\n\t<meta name=\"twitter:label2\" content=\"Dur\u00e9e de lecture estim\u00e9e\" \/>\n\t<meta name=\"twitter:data2\" content=\"2 minutes\" \/>\n<script type=\"application\/ld+json\" class=\"yoast-schema-graph\">{\"@context\":\"https:\/\/schema.org\",\"@graph\":[{\"@type\":\"WebPage\",\"@id\":\"https:\/\/blogs.futura-sciences.com\/feldmann\/2018\/02\/28\/frequence-mois-pleine-lune\/\",\"url\":\"https:\/\/blogs.futura-sciences.com\/feldmann\/2018\/02\/28\/frequence-mois-pleine-lune\/\",\"name\":\"Quelle est la fr\u00e9quence des mois sans Pleine Lune ?\",\"isPartOf\":{\"@id\":\"https:\/\/blogs.futura-sciences.com\/feldmann\/#website\"},\"primaryImageOfPage\":{\"@id\":\"https:\/\/blogs.futura-sciences.com\/feldmann\/2018\/02\/28\/frequence-mois-pleine-lune\/#primaryimage\"},\"image\":{\"@id\":\"https:\/\/blogs.futura-sciences.com\/feldmann\/2018\/02\/28\/frequence-mois-pleine-lune\/#primaryimage\"},\"thumbnailUrl\":\"https:\/\/blogs.futura-sciences.com\/feldmann\/wp-content\/uploads\/sites\/9\/2018\/02\/lune.jpg\",\"datePublished\":\"2018-02-28T13:26:18+00:00\",\"dateModified\":\"2018-03-07T14:11:10+00:00\",\"author\":{\"@id\":\"https:\/\/blogs.futura-sciences.com\/feldmann\/#\/schema\/person\/62b391b709c307783237b759b62731ea\"},\"description\":\"Vous l'avez sans doute remarqu\u00e9, ce mois de f\u00e9vrier ne comporte pas de Pleine Lune. Un ph\u00e9nom\u00e8ne fr\u00e9quent ou une raret\u00e9 ? R\u00e9ponse.\",\"inLanguage\":\"fr-FR\",\"potentialAction\":[{\"@type\":\"ReadAction\",\"target\":[\"https:\/\/blogs.futura-sciences.com\/feldmann\/2018\/02\/28\/frequence-mois-pleine-lune\/\"]}]},{\"@type\":\"ImageObject\",\"inLanguage\":\"fr-FR\",\"@id\":\"https:\/\/blogs.futura-sciences.com\/feldmann\/2018\/02\/28\/frequence-mois-pleine-lune\/#primaryimage\",\"url\":\"https:\/\/blogs.futura-sciences.com\/feldmann\/wp-content\/uploads\/sites\/9\/2018\/02\/lune.jpg\",\"contentUrl\":\"https:\/\/blogs.futura-sciences.com\/feldmann\/wp-content\/uploads\/sites\/9\/2018\/02\/lune.jpg\",\"width\":1567,\"height\":900},{\"@type\":\"WebSite\",\"@id\":\"https:\/\/blogs.futura-sciences.com\/feldmann\/#website\",\"url\":\"https:\/\/blogs.futura-sciences.com\/feldmann\/\",\"name\":\"CIELMANIA : le blog de Jean-Baptiste FELDMANN, photographe du ciel\",\"description\":\"&quot;J&#039;ai en moi un besoin terrible. Dirais-je le mot? La religion. Alors, je sors la nuit et je peins des \u00e9toiles.&quot;  Vincent van Gogh\",\"potentialAction\":[{\"@type\":\"SearchAction\",\"target\":{\"@type\":\"EntryPoint\",\"urlTemplate\":\"https:\/\/blogs.futura-sciences.com\/feldmann\/?s={search_term_string}\"},\"query-input\":{\"@type\":\"PropertyValueSpecification\",\"valueRequired\":true,\"valueName\":\"search_term_string\"}}],\"inLanguage\":\"fr-FR\"},{\"@type\":\"Person\",\"@id\":\"https:\/\/blogs.futura-sciences.com\/feldmann\/#\/schema\/person\/62b391b709c307783237b759b62731ea\",\"name\":\"Jean-Baptiste FELDMANN\",\"image\":{\"@type\":\"ImageObject\",\"inLanguage\":\"fr-FR\",\"@id\":\"https:\/\/blogs.futura-sciences.com\/feldmann\/#\/schema\/person\/image\/\",\"url\":\"https:\/\/secure.gravatar.com\/avatar\/41f96607fde7a81a14570eec74177c42?s=96&d=mm&r=g\",\"contentUrl\":\"https:\/\/secure.gravatar.com\/avatar\/41f96607fde7a81a14570eec74177c42?s=96&d=mm&r=g\",\"caption\":\"Jean-Baptiste FELDMANN\"},\"url\":\"https:\/\/blogs.futura-sciences.com\/feldmann\/author\/jbfe\/\"}]}<\/script>\n<!-- \/ Yoast SEO plugin. -->","yoast_head_json":{"title":"Quelle est la fr\u00e9quence des mois sans Pleine Lune ?","description":"Vous l'avez sans doute remarqu\u00e9, ce mois de f\u00e9vrier ne comporte pas de Pleine Lune. Un ph\u00e9nom\u00e8ne fr\u00e9quent ou une raret\u00e9 ? R\u00e9ponse.","robots":{"index":"index","follow":"follow","max-snippet":"max-snippet:-1","max-image-preview":"max-image-preview:large","max-video-preview":"max-video-preview:-1"},"canonical":"https:\/\/blogs.futura-sciences.com\/feldmann\/2018\/02\/28\/frequence-mois-pleine-lune\/","og_locale":"fr_FR","og_type":"article","og_title":"Quelle est la fr\u00e9quence des mois sans Pleine Lune ?","og_description":"Vous l'avez sans doute remarqu\u00e9, ce mois de f\u00e9vrier ne comporte pas de Pleine Lune. Un ph\u00e9nom\u00e8ne fr\u00e9quent ou une raret\u00e9 ? R\u00e9ponse.","og_url":"https:\/\/blogs.futura-sciences.com\/feldmann\/2018\/02\/28\/frequence-mois-pleine-lune\/","og_site_name":"CIELMANIA : le blog de Jean-Baptiste FELDMANN, photographe du ciel","article_published_time":"2018-02-28T13:26:18+00:00","article_modified_time":"2018-03-07T14:11:10+00:00","og_image":[{"width":1567,"height":900,"url":"https:\/\/blogs.futura-sciences.com\/feldmann\/wp-content\/uploads\/sites\/9\/2018\/02\/lune.jpg","type":"image\/jpeg"}],"author":"Jean-Baptiste FELDMANN","twitter_card":"summary_large_image","twitter_misc":{"\u00c9crit par":"Jean-Baptiste FELDMANN","Dur\u00e9e de lecture estim\u00e9e":"2 minutes"},"schema":{"@context":"https:\/\/schema.org","@graph":[{"@type":"WebPage","@id":"https:\/\/blogs.futura-sciences.com\/feldmann\/2018\/02\/28\/frequence-mois-pleine-lune\/","url":"https:\/\/blogs.futura-sciences.com\/feldmann\/2018\/02\/28\/frequence-mois-pleine-lune\/","name":"Quelle est la fr\u00e9quence des mois sans Pleine Lune ?","isPartOf":{"@id":"https:\/\/blogs.futura-sciences.com\/feldmann\/#website"},"primaryImageOfPage":{"@id":"https:\/\/blogs.futura-sciences.com\/feldmann\/2018\/02\/28\/frequence-mois-pleine-lune\/#primaryimage"},"image":{"@id":"https:\/\/blogs.futura-sciences.com\/feldmann\/2018\/02\/28\/frequence-mois-pleine-lune\/#primaryimage"},"thumbnailUrl":"https:\/\/blogs.futura-sciences.com\/feldmann\/wp-content\/uploads\/sites\/9\/2018\/02\/lune.jpg","datePublished":"2018-02-28T13:26:18+00:00","dateModified":"2018-03-07T14:11:10+00:00","author":{"@id":"https:\/\/blogs.futura-sciences.com\/feldmann\/#\/schema\/person\/62b391b709c307783237b759b62731ea"},"description":"Vous l'avez sans doute remarqu\u00e9, ce mois de f\u00e9vrier ne comporte pas de Pleine Lune. Un ph\u00e9nom\u00e8ne fr\u00e9quent ou une raret\u00e9 ? R\u00e9ponse.","inLanguage":"fr-FR","potentialAction":[{"@type":"ReadAction","target":["https:\/\/blogs.futura-sciences.com\/feldmann\/2018\/02\/28\/frequence-mois-pleine-lune\/"]}]},{"@type":"ImageObject","inLanguage":"fr-FR","@id":"https:\/\/blogs.futura-sciences.com\/feldmann\/2018\/02\/28\/frequence-mois-pleine-lune\/#primaryimage","url":"https:\/\/blogs.futura-sciences.com\/feldmann\/wp-content\/uploads\/sites\/9\/2018\/02\/lune.jpg","contentUrl":"https:\/\/blogs.futura-sciences.com\/feldmann\/wp-content\/uploads\/sites\/9\/2018\/02\/lune.jpg","width":1567,"height":900},{"@type":"WebSite","@id":"https:\/\/blogs.futura-sciences.com\/feldmann\/#website","url":"https:\/\/blogs.futura-sciences.com\/feldmann\/","name":"CIELMANIA : le blog de Jean-Baptiste FELDMANN, photographe du ciel","description":"&quot;J&#039;ai en moi un besoin terrible. Dirais-je le mot? La religion. Alors, je sors la nuit et je peins des \u00e9toiles.&quot;  Vincent van Gogh","potentialAction":[{"@type":"SearchAction","target":{"@type":"EntryPoint","urlTemplate":"https:\/\/blogs.futura-sciences.com\/feldmann\/?s={search_term_string}"},"query-input":{"@type":"PropertyValueSpecification","valueRequired":true,"valueName":"search_term_string"}}],"inLanguage":"fr-FR"},{"@type":"Person","@id":"https:\/\/blogs.futura-sciences.com\/feldmann\/#\/schema\/person\/62b391b709c307783237b759b62731ea","name":"Jean-Baptiste FELDMANN","image":{"@type":"ImageObject","inLanguage":"fr-FR","@id":"https:\/\/blogs.futura-sciences.com\/feldmann\/#\/schema\/person\/image\/","url":"https:\/\/secure.gravatar.com\/avatar\/41f96607fde7a81a14570eec74177c42?s=96&d=mm&r=g","contentUrl":"https:\/\/secure.gravatar.com\/avatar\/41f96607fde7a81a14570eec74177c42?s=96&d=mm&r=g","caption":"Jean-Baptiste FELDMANN"},"url":"https:\/\/blogs.futura-sciences.com\/feldmann\/author\/jbfe\/"}]}},"_links":{"self":[{"href":"https:\/\/blogs.futura-sciences.com\/feldmann\/wp-json\/wp\/v2\/posts\/8945","targetHints":{"allow":["GET"]}}],"collection":[{"href":"https:\/\/blogs.futura-sciences.com\/feldmann\/wp-json\/wp\/v2\/posts"}],"about":[{"href":"https:\/\/blogs.futura-sciences.com\/feldmann\/wp-json\/wp\/v2\/types\/post"}],"author":[{"embeddable":true,"href":"https:\/\/blogs.futura-sciences.com\/feldmann\/wp-json\/wp\/v2\/users\/8"}],"replies":[{"embeddable":true,"href":"https:\/\/blogs.futura-sciences.com\/feldmann\/wp-json\/wp\/v2\/comments?post=8945"}],"version-history":[{"count":5,"href":"https:\/\/blogs.futura-sciences.com\/feldmann\/wp-json\/wp\/v2\/posts\/8945\/revisions"}],"predecessor-version":[{"id":8951,"href":"https:\/\/blogs.futura-sciences.com\/feldmann\/wp-json\/wp\/v2\/posts\/8945\/revisions\/8951"}],"wp:featuredmedia":[{"embeddable":true,"href":"https:\/\/blogs.futura-sciences.com\/feldmann\/wp-json\/wp\/v2\/media\/8946"}],"wp:attachment":[{"href":"https:\/\/blogs.futura-sciences.com\/feldmann\/wp-json\/wp\/v2\/media?parent=8945"}],"wp:term":[{"taxonomy":"category","embeddable":true,"href":"https:\/\/blogs.futura-sciences.com\/feldmann\/wp-json\/wp\/v2\/categories?post=8945"},{"taxonomy":"post_tag","embeddable":true,"href":"https:\/\/blogs.futura-sciences.com\/feldmann\/wp-json\/wp\/v2\/tags?post=8945"}],"curies":[{"name":"wp","href":"https:\/\/api.w.org\/{rel}","templated":true}]}}