{"id":8358,"date":"2017-10-18T13:21:04","date_gmt":"2017-10-18T13:21:04","guid":{"rendered":"https:\/\/blogs.futura-sciences.com\/feldmann\/?p=8358"},"modified":"2017-11-03T12:28:38","modified_gmt":"2017-11-03T12:28:38","slug":"voie-lactee-se-dessine-dessus-chateau-de-tour","status":"publish","type":"post","link":"https:\/\/blogs.futura-sciences.com\/feldmann\/2017\/10\/18\/voie-lactee-se-dessine-dessus-chateau-de-tour\/","title":{"rendered":"La Voie lact\u00e9e se dessine au-dessus du ch\u00e2teau de la Tour"},"content":{"rendered":"<p><strong>En octobre, la Voie lact\u00e9e semble s&#8217;\u00e9chapper du ch\u00e2teau de la Tour en d\u00e9but de nuit, alors que les vignes se sont par\u00e9es d&#8217;or et de pourpre.<\/strong><\/p>\n<p>C&#8217;est au pied du ch\u00e2teau de la Tour, pas tr\u00e8s loin du\u00a0<a href=\"https:\/\/blogs.futura-sciences.com\/feldmann\/2014\/05\/18\/chateau-les-etoiles\/\" target=\"_blank\" rel=\"noopener\">ch\u00e2teau du Clos de Vougeot<\/a>\u00a0en Bourgogne, que je me suis rendu le 17 octobre en d\u00e9but de soir\u00e9e. Ayant lou\u00e9 pour quelques jours un nouveau bo\u00eetier photo (Nikon D 5300), je souhaitais le tester avant de l&#8217;emmener dans la r\u00e9serve de ciel \u00e9toil\u00e9 d&#8217;<a href=\"https:\/\/blogs.futura-sciences.com\/feldmann\/2015\/03\/06\/en-video-le-ciel-etoile-de-la-reserve-portugaise-dalqueva\/\" target=\"_blank\" rel=\"noopener\">Alqueva<\/a> au Portugal o\u00f9 je me rends le weekend prochain.<\/p>\n<p><a href=\"https:\/\/blogs.futura-sciences.com\/feldmann\/wp-content\/uploads\/sites\/9\/2017\/10\/vl_chateau.jpg\" rel=\"lightbox[8358]\"><img loading=\"lazy\" decoding=\"async\" class=\"alignnone size-medium wp-image-8359\" src=\"https:\/\/blogs.futura-sciences.com\/feldmann\/wp-content\/uploads\/sites\/9\/2017\/10\/vl_chateau-363x450.jpg\" alt=\"\" width=\"363\" height=\"450\" srcset=\"https:\/\/blogs.futura-sciences.com\/feldmann\/wp-content\/uploads\/sites\/9\/2017\/10\/vl_chateau-363x450.jpg 363w, https:\/\/blogs.futura-sciences.com\/feldmann\/wp-content\/uploads\/sites\/9\/2017\/10\/vl_chateau-768x953.jpg 768w, https:\/\/blogs.futura-sciences.com\/feldmann\/wp-content\/uploads\/sites\/9\/2017\/10\/vl_chateau-825x1024.jpg 825w, https:\/\/blogs.futura-sciences.com\/feldmann\/wp-content\/uploads\/sites\/9\/2017\/10\/vl_chateau.jpg 900w\" sizes=\"auto, (max-width: 363px) 100vw, 363px\" \/><\/a><\/p>\n<p>Quoi de mieux qu&#8217;une <a href=\"https:\/\/blogs.futura-sciences.com\/feldmann\/2017\/05\/11\/un-laser-fouille-la-voie-lactee-dans-le-ciel-des-canaries\/\" target=\"_blank\" rel=\"noopener\">Voie lact\u00e9e<\/a> de d\u00e9but d&#8217;automne pour \u00e9valuer les possibilit\u00e9s de ce nouveau mat\u00e9riel ?<!--more--><\/p>\n<p>J&#8217;ai volontairement choisi de ne pas attendre la nuit noire pour avoir un joli ciel bleu fonc\u00e9, quitte \u00e0 perdre les \u00e9toiles les plus faibles. Bien que le ch\u00e2teau se trouve en plein milieu des <a href=\"https:\/\/blogs.futura-sciences.com\/feldmann\/2016\/10\/12\/vignes-aux-couleurs-de-lautomne-liss\/\" target=\"_blank\" rel=\"noopener\">vignes aux flamboyantes couleurs<\/a>, il recevait indirectement la lumi\u00e8re des projecteurs d&#8217;un petit stade situ\u00e9 \u00e0 quelques centaines de m\u00e8tres.<\/p>\n<p>L&#8217;image est une pose unique de 30 secondes \u00e0 3.200 iso avec un objectif Samyang de 8 mm ouvert \u00e0 5,6. On peut rep\u00e9rer du Nord (en haut) au SUD (en bas) les constellations travers\u00e9es par la Voie lact\u00e9e : <a href=\"https:\/\/blogs.futura-sciences.com\/feldmann\/2014\/09\/25\/constellation-cassiopee\/\" target=\"_blank\" rel=\"noopener\">Cassiop\u00e9e<\/a>, le <a href=\"https:\/\/blogs.futura-sciences.com\/feldmann\/2016\/09\/13\/triangle-dete-spectacle-a-admirer-zenith\/\" target=\"_blank\" rel=\"noopener\">Cygne<\/a>, la Lyre, l&#8217;Aigle, le Serpent, le <a href=\"https:\/\/blogs.futura-sciences.com\/feldmann\/2015\/12\/25\/eso-593-ig-008-la-fee-clochette-dans-le-sagittaire\/\" target=\"_blank\" rel=\"noopener\">Sagittaire<\/a>, Ophiuchus qui h\u00e9berge la plan\u00e8te <a href=\"https:\/\/blogs.futura-sciences.com\/feldmann\/2016\/11\/03\/lombre-satellite-pan-anneaux-de-saturne\/\" target=\"_blank\" rel=\"noopener\">Saturne<\/a> actuellement et enfin un morceau du <a href=\"https:\/\/blogs.futura-sciences.com\/feldmann\/2016\/04\/25\/constellation-scorpion-se-devoile-cassis\/\" target=\"_blank\" rel=\"noopener\">Scorpion<\/a>.<\/p>\n<p>Dans un ciel o\u00f9 la <a href=\"https:\/\/blogs.futura-sciences.com\/feldmann\/2017\/09\/25\/pollution-lumineuse-france-peut-faire-beaucoup-mieux\/\" target=\"_blank\" rel=\"noopener\">pollution lumineuse<\/a> des communes environnantes est assez pr\u00e9sente (on voit le halo lumineux de <a href=\"https:\/\/blogs.futura-sciences.com\/feldmann\/2017\/07\/10\/nuits-saint-georges-regard-tourne-vers-ciel\/\" target=\"_blank\" rel=\"noopener\">Nuits-Saint-Georges<\/a> au SUD par exemple), ce bo\u00eetier s&#8217;en tire bien et devrait donner sa pleine mesure dans un site prot\u00e9g\u00e9&#8230;<\/p>\n<!-- AddThis Advanced Settings generic via filter on the_content --><!-- AddThis Share Buttons generic via filter on the_content -->","protected":false},"excerpt":{"rendered":"<p>En octobre, la Voie lact\u00e9e semble s&#8217;\u00e9chapper du ch\u00e2teau de la Tour en d\u00e9but de nuit, alors que les vignes se sont par\u00e9es d&#8217;or et de pourpre. C&#8217;est au pied du ch\u00e2teau de la Tour, pas tr\u00e8s loin du\u00a0ch\u00e2teau du Clos de Vougeot\u00a0en Bourgogne, que je me suis rendu le 17 octobre en d\u00e9but de &hellip; <a href=\"https:\/\/blogs.futura-sciences.com\/feldmann\/2017\/10\/18\/voie-lactee-se-dessine-dessus-chateau-de-tour\/\" class=\"more-link\">Continuer la lecture de <span class=\"screen-reader-text\">La Voie lact\u00e9e se dessine au-dessus du ch\u00e2teau de la Tour<\/span>  <span class=\"meta-nav\">&rarr;<\/span><\/a><!-- AddThis Advanced Settings generic via filter on get_the_excerpt --><!-- AddThis Share Buttons generic via filter on get_the_excerpt --><\/p>\n","protected":false},"author":8,"featured_media":8360,"comment_status":"open","ping_status":"open","sticky":false,"template":"","format":"standard","meta":{"footnotes":"","_links_to":"","_links_to_target":""},"categories":[84],"tags":[207,762,1207,666,401,314,103,102,496,376,765,166],"class_list":["post-8358","post","type-post","status-publish","format-standard","has-post-thumbnail","hentry","category-ciel-etoile","tag-bourgogne","tag-chateau-de-la-tour","tag-chateau-du-clos-de-vougeot","tag-constellation-dophiuchus","tag-constellation-de-cassiopee","tag-constellation-de-laigle","tag-constellation-de-la-lyre","tag-constellation-du-cygne","tag-constellation-du-sagittaire","tag-constellation-du-scorpion","tag-constellation-du-serpent","tag-voie-lactee"],"yoast_head":"<!-- This site is optimized with the Yoast SEO plugin v24.1 - https:\/\/yoast.com\/wordpress\/plugins\/seo\/ -->\n<title>La Voie lact\u00e9e se dessine au-dessus du ch\u00e2teau de la Tour<\/title>\n<meta name=\"description\" content=\"En octobre, la Voie lact\u00e9e semble s&#039;\u00e9chapper du ch\u00e2teau de la Tour en d\u00e9but de nuit, alors que les vignes se sont par\u00e9es d&#039;or et de pourpre.\" \/>\n<meta name=\"robots\" content=\"index, follow, max-snippet:-1, max-image-preview:large, max-video-preview:-1\" \/>\n<link rel=\"canonical\" href=\"https:\/\/blogs.futura-sciences.com\/feldmann\/2017\/10\/18\/voie-lactee-se-dessine-dessus-chateau-de-tour\/\" \/>\n<meta property=\"og:locale\" content=\"fr_FR\" \/>\n<meta property=\"og:type\" content=\"article\" \/>\n<meta property=\"og:title\" content=\"La Voie lact\u00e9e se dessine au-dessus du ch\u00e2teau de la Tour\" \/>\n<meta property=\"og:description\" content=\"En octobre, la Voie lact\u00e9e semble s&#039;\u00e9chapper du ch\u00e2teau de la Tour en d\u00e9but de nuit, alors que les vignes se sont par\u00e9es d&#039;or et de pourpre.\" \/>\n<meta property=\"og:url\" content=\"https:\/\/blogs.futura-sciences.com\/feldmann\/2017\/10\/18\/voie-lactee-se-dessine-dessus-chateau-de-tour\/\" \/>\n<meta property=\"og:site_name\" content=\"CIELMANIA : le blog de Jean-Baptiste FELDMANN, photographe du ciel\" \/>\n<meta property=\"article:published_time\" content=\"2017-10-18T13:21:04+00:00\" \/>\n<meta property=\"article:modified_time\" content=\"2017-11-03T12:28:38+00:00\" \/>\n<meta property=\"og:image\" content=\"https:\/\/blogs.futura-sciences.com\/feldmann\/wp-content\/uploads\/sites\/9\/2017\/10\/vl_chateau2.jpg\" \/>\n\t<meta property=\"og:image:width\" content=\"1349\" \/>\n\t<meta property=\"og:image:height\" content=\"900\" \/>\n\t<meta property=\"og:image:type\" content=\"image\/jpeg\" \/>\n<meta name=\"author\" content=\"Jean-Baptiste FELDMANN\" \/>\n<meta name=\"twitter:card\" content=\"summary_large_image\" \/>\n<meta name=\"twitter:label1\" content=\"\u00c9crit par\" \/>\n\t<meta name=\"twitter:data1\" content=\"Jean-Baptiste FELDMANN\" \/>\n\t<meta name=\"twitter:label2\" content=\"Dur\u00e9e de lecture estim\u00e9e\" \/>\n\t<meta name=\"twitter:data2\" content=\"1 minute\" \/>\n<script type=\"application\/ld+json\" class=\"yoast-schema-graph\">{\"@context\":\"https:\/\/schema.org\",\"@graph\":[{\"@type\":\"WebPage\",\"@id\":\"https:\/\/blogs.futura-sciences.com\/feldmann\/2017\/10\/18\/voie-lactee-se-dessine-dessus-chateau-de-tour\/\",\"url\":\"https:\/\/blogs.futura-sciences.com\/feldmann\/2017\/10\/18\/voie-lactee-se-dessine-dessus-chateau-de-tour\/\",\"name\":\"La Voie lact\u00e9e se dessine au-dessus du ch\u00e2teau de la Tour\",\"isPartOf\":{\"@id\":\"https:\/\/blogs.futura-sciences.com\/feldmann\/#website\"},\"primaryImageOfPage\":{\"@id\":\"https:\/\/blogs.futura-sciences.com\/feldmann\/2017\/10\/18\/voie-lactee-se-dessine-dessus-chateau-de-tour\/#primaryimage\"},\"image\":{\"@id\":\"https:\/\/blogs.futura-sciences.com\/feldmann\/2017\/10\/18\/voie-lactee-se-dessine-dessus-chateau-de-tour\/#primaryimage\"},\"thumbnailUrl\":\"https:\/\/blogs.futura-sciences.com\/feldmann\/wp-content\/uploads\/sites\/9\/2017\/10\/vl_chateau2.jpg\",\"datePublished\":\"2017-10-18T13:21:04+00:00\",\"dateModified\":\"2017-11-03T12:28:38+00:00\",\"author\":{\"@id\":\"https:\/\/blogs.futura-sciences.com\/feldmann\/#\/schema\/person\/62b391b709c307783237b759b62731ea\"},\"description\":\"En octobre, la Voie lact\u00e9e semble s'\u00e9chapper du ch\u00e2teau de la Tour en d\u00e9but de nuit, alors que les vignes se sont par\u00e9es d'or et de pourpre.\",\"inLanguage\":\"fr-FR\",\"potentialAction\":[{\"@type\":\"ReadAction\",\"target\":[\"https:\/\/blogs.futura-sciences.com\/feldmann\/2017\/10\/18\/voie-lactee-se-dessine-dessus-chateau-de-tour\/\"]}]},{\"@type\":\"ImageObject\",\"inLanguage\":\"fr-FR\",\"@id\":\"https:\/\/blogs.futura-sciences.com\/feldmann\/2017\/10\/18\/voie-lactee-se-dessine-dessus-chateau-de-tour\/#primaryimage\",\"url\":\"https:\/\/blogs.futura-sciences.com\/feldmann\/wp-content\/uploads\/sites\/9\/2017\/10\/vl_chateau2.jpg\",\"contentUrl\":\"https:\/\/blogs.futura-sciences.com\/feldmann\/wp-content\/uploads\/sites\/9\/2017\/10\/vl_chateau2.jpg\",\"width\":1349,\"height\":900,\"caption\":\"La Voie lact\u00e9e se dessine au-dessus du ch\u00e2teau de la Tour\"},{\"@type\":\"WebSite\",\"@id\":\"https:\/\/blogs.futura-sciences.com\/feldmann\/#website\",\"url\":\"https:\/\/blogs.futura-sciences.com\/feldmann\/\",\"name\":\"CIELMANIA : le blog de Jean-Baptiste FELDMANN, photographe du ciel\",\"description\":\"&quot;J&#039;ai en moi un besoin terrible. Dirais-je le mot? La religion. Alors, je sors la nuit et je peins des \u00e9toiles.&quot;  Vincent van Gogh\",\"potentialAction\":[{\"@type\":\"SearchAction\",\"target\":{\"@type\":\"EntryPoint\",\"urlTemplate\":\"https:\/\/blogs.futura-sciences.com\/feldmann\/?s={search_term_string}\"},\"query-input\":{\"@type\":\"PropertyValueSpecification\",\"valueRequired\":true,\"valueName\":\"search_term_string\"}}],\"inLanguage\":\"fr-FR\"},{\"@type\":\"Person\",\"@id\":\"https:\/\/blogs.futura-sciences.com\/feldmann\/#\/schema\/person\/62b391b709c307783237b759b62731ea\",\"name\":\"Jean-Baptiste FELDMANN\",\"image\":{\"@type\":\"ImageObject\",\"inLanguage\":\"fr-FR\",\"@id\":\"https:\/\/blogs.futura-sciences.com\/feldmann\/#\/schema\/person\/image\/\",\"url\":\"https:\/\/secure.gravatar.com\/avatar\/41f96607fde7a81a14570eec74177c42?s=96&d=mm&r=g\",\"contentUrl\":\"https:\/\/secure.gravatar.com\/avatar\/41f96607fde7a81a14570eec74177c42?s=96&d=mm&r=g\",\"caption\":\"Jean-Baptiste FELDMANN\"},\"url\":\"https:\/\/blogs.futura-sciences.com\/feldmann\/author\/jbfe\/\"}]}<\/script>\n<!-- \/ Yoast SEO plugin. -->","yoast_head_json":{"title":"La Voie lact\u00e9e se dessine au-dessus du ch\u00e2teau de la Tour","description":"En octobre, la Voie lact\u00e9e semble s'\u00e9chapper du ch\u00e2teau de la Tour en d\u00e9but de nuit, alors que les vignes se sont par\u00e9es d'or et de pourpre.","robots":{"index":"index","follow":"follow","max-snippet":"max-snippet:-1","max-image-preview":"max-image-preview:large","max-video-preview":"max-video-preview:-1"},"canonical":"https:\/\/blogs.futura-sciences.com\/feldmann\/2017\/10\/18\/voie-lactee-se-dessine-dessus-chateau-de-tour\/","og_locale":"fr_FR","og_type":"article","og_title":"La Voie lact\u00e9e se dessine au-dessus du ch\u00e2teau de la Tour","og_description":"En octobre, la Voie lact\u00e9e semble s'\u00e9chapper du ch\u00e2teau de la Tour en d\u00e9but de nuit, alors que les vignes se sont par\u00e9es d'or et de pourpre.","og_url":"https:\/\/blogs.futura-sciences.com\/feldmann\/2017\/10\/18\/voie-lactee-se-dessine-dessus-chateau-de-tour\/","og_site_name":"CIELMANIA : le blog de Jean-Baptiste FELDMANN, photographe du ciel","article_published_time":"2017-10-18T13:21:04+00:00","article_modified_time":"2017-11-03T12:28:38+00:00","og_image":[{"width":1349,"height":900,"url":"https:\/\/blogs.futura-sciences.com\/feldmann\/wp-content\/uploads\/sites\/9\/2017\/10\/vl_chateau2.jpg","type":"image\/jpeg"}],"author":"Jean-Baptiste FELDMANN","twitter_card":"summary_large_image","twitter_misc":{"\u00c9crit par":"Jean-Baptiste FELDMANN","Dur\u00e9e de lecture estim\u00e9e":"1 minute"},"schema":{"@context":"https:\/\/schema.org","@graph":[{"@type":"WebPage","@id":"https:\/\/blogs.futura-sciences.com\/feldmann\/2017\/10\/18\/voie-lactee-se-dessine-dessus-chateau-de-tour\/","url":"https:\/\/blogs.futura-sciences.com\/feldmann\/2017\/10\/18\/voie-lactee-se-dessine-dessus-chateau-de-tour\/","name":"La Voie lact\u00e9e se dessine au-dessus du ch\u00e2teau de la Tour","isPartOf":{"@id":"https:\/\/blogs.futura-sciences.com\/feldmann\/#website"},"primaryImageOfPage":{"@id":"https:\/\/blogs.futura-sciences.com\/feldmann\/2017\/10\/18\/voie-lactee-se-dessine-dessus-chateau-de-tour\/#primaryimage"},"image":{"@id":"https:\/\/blogs.futura-sciences.com\/feldmann\/2017\/10\/18\/voie-lactee-se-dessine-dessus-chateau-de-tour\/#primaryimage"},"thumbnailUrl":"https:\/\/blogs.futura-sciences.com\/feldmann\/wp-content\/uploads\/sites\/9\/2017\/10\/vl_chateau2.jpg","datePublished":"2017-10-18T13:21:04+00:00","dateModified":"2017-11-03T12:28:38+00:00","author":{"@id":"https:\/\/blogs.futura-sciences.com\/feldmann\/#\/schema\/person\/62b391b709c307783237b759b62731ea"},"description":"En octobre, la Voie lact\u00e9e semble s'\u00e9chapper du ch\u00e2teau de la Tour en d\u00e9but de nuit, alors que les vignes se sont par\u00e9es d'or et de pourpre.","inLanguage":"fr-FR","potentialAction":[{"@type":"ReadAction","target":["https:\/\/blogs.futura-sciences.com\/feldmann\/2017\/10\/18\/voie-lactee-se-dessine-dessus-chateau-de-tour\/"]}]},{"@type":"ImageObject","inLanguage":"fr-FR","@id":"https:\/\/blogs.futura-sciences.com\/feldmann\/2017\/10\/18\/voie-lactee-se-dessine-dessus-chateau-de-tour\/#primaryimage","url":"https:\/\/blogs.futura-sciences.com\/feldmann\/wp-content\/uploads\/sites\/9\/2017\/10\/vl_chateau2.jpg","contentUrl":"https:\/\/blogs.futura-sciences.com\/feldmann\/wp-content\/uploads\/sites\/9\/2017\/10\/vl_chateau2.jpg","width":1349,"height":900,"caption":"La Voie lact\u00e9e se dessine au-dessus du ch\u00e2teau de la Tour"},{"@type":"WebSite","@id":"https:\/\/blogs.futura-sciences.com\/feldmann\/#website","url":"https:\/\/blogs.futura-sciences.com\/feldmann\/","name":"CIELMANIA : le blog de Jean-Baptiste FELDMANN, photographe du ciel","description":"&quot;J&#039;ai en moi un besoin terrible. Dirais-je le mot? La religion. Alors, je sors la nuit et je peins des \u00e9toiles.&quot;  Vincent van Gogh","potentialAction":[{"@type":"SearchAction","target":{"@type":"EntryPoint","urlTemplate":"https:\/\/blogs.futura-sciences.com\/feldmann\/?s={search_term_string}"},"query-input":{"@type":"PropertyValueSpecification","valueRequired":true,"valueName":"search_term_string"}}],"inLanguage":"fr-FR"},{"@type":"Person","@id":"https:\/\/blogs.futura-sciences.com\/feldmann\/#\/schema\/person\/62b391b709c307783237b759b62731ea","name":"Jean-Baptiste FELDMANN","image":{"@type":"ImageObject","inLanguage":"fr-FR","@id":"https:\/\/blogs.futura-sciences.com\/feldmann\/#\/schema\/person\/image\/","url":"https:\/\/secure.gravatar.com\/avatar\/41f96607fde7a81a14570eec74177c42?s=96&d=mm&r=g","contentUrl":"https:\/\/secure.gravatar.com\/avatar\/41f96607fde7a81a14570eec74177c42?s=96&d=mm&r=g","caption":"Jean-Baptiste FELDMANN"},"url":"https:\/\/blogs.futura-sciences.com\/feldmann\/author\/jbfe\/"}]}},"_links":{"self":[{"href":"https:\/\/blogs.futura-sciences.com\/feldmann\/wp-json\/wp\/v2\/posts\/8358","targetHints":{"allow":["GET"]}}],"collection":[{"href":"https:\/\/blogs.futura-sciences.com\/feldmann\/wp-json\/wp\/v2\/posts"}],"about":[{"href":"https:\/\/blogs.futura-sciences.com\/feldmann\/wp-json\/wp\/v2\/types\/post"}],"author":[{"embeddable":true,"href":"https:\/\/blogs.futura-sciences.com\/feldmann\/wp-json\/wp\/v2\/users\/8"}],"replies":[{"embeddable":true,"href":"https:\/\/blogs.futura-sciences.com\/feldmann\/wp-json\/wp\/v2\/comments?post=8358"}],"version-history":[{"count":1,"href":"https:\/\/blogs.futura-sciences.com\/feldmann\/wp-json\/wp\/v2\/posts\/8358\/revisions"}],"predecessor-version":[{"id":8361,"href":"https:\/\/blogs.futura-sciences.com\/feldmann\/wp-json\/wp\/v2\/posts\/8358\/revisions\/8361"}],"wp:featuredmedia":[{"embeddable":true,"href":"https:\/\/blogs.futura-sciences.com\/feldmann\/wp-json\/wp\/v2\/media\/8360"}],"wp:attachment":[{"href":"https:\/\/blogs.futura-sciences.com\/feldmann\/wp-json\/wp\/v2\/media?parent=8358"}],"wp:term":[{"taxonomy":"category","embeddable":true,"href":"https:\/\/blogs.futura-sciences.com\/feldmann\/wp-json\/wp\/v2\/categories?post=8358"},{"taxonomy":"post_tag","embeddable":true,"href":"https:\/\/blogs.futura-sciences.com\/feldmann\/wp-json\/wp\/v2\/tags?post=8358"}],"curies":[{"name":"wp","href":"https:\/\/api.w.org\/{rel}","templated":true}]}}