{"id":8220,"date":"2017-09-12T17:03:13","date_gmt":"2017-09-12T17:03:13","guid":{"rendered":"https:\/\/blogs.futura-sciences.com\/feldmann\/?p=8220"},"modified":"2017-09-29T17:03:47","modified_gmt":"2017-09-29T17:03:47","slug":"video-salon-astro-messe-ame-allemagne","status":"publish","type":"post","link":"https:\/\/blogs.futura-sciences.com\/feldmann\/2017\/09\/12\/video-salon-astro-messe-ame-allemagne\/","title":{"rendered":"En vid\u00e9o\u00a0: le salon Astro-Messe (AME) en Allemagne"},"content":{"rendered":"<p><strong>Le samedi 9 septembre se d\u00e9roulait la douzi\u00e8me \u00e9dition de l&#8217;Astro-Messe \u00e0 Villingen-Schwenningen. Visite en images de cette grande foire de l&#8217;astronomie.<\/strong><\/p>\n<p>Les prochaines Rencontres du Ciel et de l&#8217;Espace n&#8217;ayant lieu qu&#8217;en novembre 2018 (voir ici <a href=\"https:\/\/blogs.futura-sciences.com\/feldmann\/2016\/11\/16\/retour-rencontres-ciel-de-lespace-2016\/\" target=\"_blank\" rel=\"noopener\">l&#8217;\u00e9dition 2016<\/a>), il fallait sortir de l&#8217;Hexagone cette ann\u00e9e pour d\u00e9couvrir les nouveaut\u00e9s en mati\u00e8re de mat\u00e9riel astronomique. C&#8217;est \u00e0 Villingen-Schwenningen, \u00e0 120 km de Mulhouse en Allemagne, dans le sud-ouest du land du Bade-Wurtemberg, que s&#8217;est tenue le 9 septembre la douzi\u00e8me \u00e9dition du salon Astro-Messe (voir <a href=\"http:\/\/www.astro-messe.de\/\" target=\"_blank\" rel=\"noopener\">son site en allemand<\/a>).<\/p>\n\n<!-- iframe plugin v.5.1 wordpress.org\/plugins\/iframe\/ -->\n<iframe loading=\"lazy\" width=\"560\" height=\"315\" src=\"https:\/\/www.youtube.com\/embed\/L_rjqM9z2zU\" frameborder=\"0\" 0=\"allowfullscreen&gt;&lt;\/iframe\" scrolling=\"yes\" class=\"iframe-class\"><\/iframe>\n\n<p>Environ 60 exposants install\u00e9s sur 1.600 m\u00b2 pr\u00e9sentaient les derni\u00e8res innovations dans le domaine de l&#8217;astronomie\u00a0: observatoires, <a href=\"https:\/\/blogs.futura-sciences.com\/feldmann\/2015\/05\/05\/bien-choisir-sa-premiere-lunette-astronomique\/\" target=\"_blank\" rel=\"noopener\">lunettes<\/a>, <a href=\"https:\/\/blogs.futura-sciences.com\/feldmann\/2016\/08\/26\/video-telescopes-hommes\/\" target=\"_blank\" rel=\"noopener\">t\u00e9lescopes<\/a>, livres, magazines, jumelles et mat\u00e9riel photographique.<!--more--><\/p>\n<p>On retrouvait les grandes fabricants ou revendeurs de mat\u00e9riel comme Meade, Celestron, Kowa, Baader Planetarium, Optical Vision et bien d&#8217;autres. Les visiteurs pouvaient \u00e9galement d\u00e9couvrir des r\u00e9alisations en radioastronomie ou encore les activit\u00e9s de jeunes passionn\u00e9s qui se consacrent \u00e0 la triangulation des <a href=\"https:\/\/blogs.futura-sciences.com\/feldmann\/2016\/08\/02\/aout-mois-ideal-admirer-etoiles-filantes\/\" target=\"_blank\" rel=\"noopener\">\u00e9toiles filantes<\/a>. La start-up fran\u00e7aise <a href=\"https:\/\/vaonis.com\/\" target=\"_blank\" rel=\"noopener\">Vaonis<\/a> avait \u00e9galement fait le d\u00e9placement pour pr\u00e9senter Stellina, son t\u00e9lescope nouvelle g\u00e9n\u00e9ration.<\/p>\n<p>Outre l&#8217;exposition de mat\u00e9riel, plusieurs conf\u00e9rences ou tables rondes ont fait le plein autour de sp\u00e9cialistes\u00a0comme le c\u00e9l\u00e8bre astrophotographe allemand <a href=\"http:\/\/www.astromeeting.de\/\" target=\"_blank\" rel=\"noopener\">Stefan Seip<\/a> (ambassadeur de l&#8217;<a href=\"https:\/\/blogs.futura-sciences.com\/feldmann\/2015\/09\/25\/leso-nous-offre-la-nebuleuse-de-la-crevette\/\" target=\"_blank\" rel=\"noopener\">ESO<\/a> et membre du collectif <a href=\"http:\/\/www.twanight.org\/newTWAN\/index.asp\" target=\"_blank\" rel=\"noopener\">TWAN<\/a>) qui dirigeait un atelier consacr\u00e9 aux objectifs photo. S\u00e9lectionn\u00e9 par la NASA pour diffuser l&#8217;astronomie dans les classes, Till Credner, professeur de physique au lyc\u00e9e de Rosenfeld, a racont\u00e9 son voyage \u00e0 bord de l&#8217;observatoire volant infrarouge <a href=\"https:\/\/blogs.futura-sciences.com\/feldmann\/2016\/06\/26\/sofia-lobservatoire-volant-scrute-lunivers\/\" target=\"_blank\" rel=\"noopener\">SOFIA<\/a>. Quant \u00e0 Stefan Krause il a clos cette belle journ\u00e9e avec une conf\u00e9rence intitul\u00e9e <a href=\"https:\/\/blogs.futura-sciences.com\/feldmann\/2017\/03\/06\/aurores-boreales-islandaises-dessus-cratere-kerid\/\" target=\"_blank\" rel=\"noopener\">aurores bor\u00e9ales<\/a>, mythes et r\u00e9alit\u00e9.<\/p>\n<p>La treizi\u00e8me \u00e9dition de ce salon est fix\u00e9e au 8 septembre 2018.<\/p>\n<!-- AddThis Advanced Settings generic via filter on the_content --><!-- AddThis Share Buttons generic via filter on the_content -->","protected":false},"excerpt":{"rendered":"<p>Le samedi 9 septembre se d\u00e9roulait la douzi\u00e8me \u00e9dition de l&#8217;Astro-Messe \u00e0 Villingen-Schwenningen. Visite en images de cette grande foire de l&#8217;astronomie. Les prochaines Rencontres du Ciel et de l&#8217;Espace n&#8217;ayant lieu qu&#8217;en novembre 2018 (voir ici l&#8217;\u00e9dition 2016), il fallait sortir de l&#8217;Hexagone cette ann\u00e9e pour d\u00e9couvrir les nouveaut\u00e9s en mati\u00e8re de mat\u00e9riel astronomique. &hellip; <a href=\"https:\/\/blogs.futura-sciences.com\/feldmann\/2017\/09\/12\/video-salon-astro-messe-ame-allemagne\/\" class=\"more-link\">Continuer la lecture de <span class=\"screen-reader-text\">En vid\u00e9o\u00a0: le salon Astro-Messe (AME) en Allemagne<\/span>  <span class=\"meta-nav\">&rarr;<\/span><\/a><!-- AddThis Advanced Settings generic via filter on get_the_excerpt --><!-- AddThis Share Buttons generic via filter on get_the_excerpt --><\/p>\n","protected":false},"author":8,"featured_media":8222,"comment_status":"open","ping_status":"open","sticky":false,"template":"","format":"standard","meta":{"footnotes":"","_links_to":"","_links_to_target":""},"categories":[509],"tags":[151,2312,2314,2313,1637,2315,1636,2311],"class_list":["post-8220","post","type-post","status-publish","format-standard","has-post-thumbnail","hentry","category-actualites","tag-allemagne","tag-astro-messe","tag-stefan-krause","tag-stefan-seip","tag-stellina","tag-till-credner","tag-vaonis","tag-villingen-schwenningen"],"yoast_head":"<!-- This site is optimized with the Yoast SEO plugin v24.1 - https:\/\/yoast.com\/wordpress\/plugins\/seo\/ -->\n<title>En vid\u00e9o\u00a0: le salon Astro-Messe (AME) en Allemagne<\/title>\n<meta name=\"description\" content=\"Le samedi 9 septembre se d\u00e9roulait la douzi\u00e8me \u00e9dition de l&#039;Astro-Messe \u00e0 Villingen-Schwenningen. Visite en images de cette grande foire de l&#039;astronomie.\" \/>\n<meta name=\"robots\" content=\"index, follow, max-snippet:-1, max-image-preview:large, max-video-preview:-1\" \/>\n<link rel=\"canonical\" href=\"https:\/\/blogs.futura-sciences.com\/feldmann\/2017\/09\/12\/video-salon-astro-messe-ame-allemagne\/\" \/>\n<meta property=\"og:locale\" content=\"fr_FR\" \/>\n<meta property=\"og:type\" content=\"article\" \/>\n<meta property=\"og:title\" content=\"En vid\u00e9o\u00a0: le salon Astro-Messe (AME) en Allemagne\" \/>\n<meta property=\"og:description\" content=\"Le samedi 9 septembre se d\u00e9roulait la douzi\u00e8me \u00e9dition de l&#039;Astro-Messe \u00e0 Villingen-Schwenningen. Visite en images de cette grande foire de l&#039;astronomie.\" \/>\n<meta property=\"og:url\" content=\"https:\/\/blogs.futura-sciences.com\/feldmann\/2017\/09\/12\/video-salon-astro-messe-ame-allemagne\/\" \/>\n<meta property=\"og:site_name\" content=\"CIELMANIA : le blog de Jean-Baptiste FELDMANN, photographe du ciel\" \/>\n<meta property=\"article:published_time\" content=\"2017-09-12T17:03:13+00:00\" \/>\n<meta property=\"article:modified_time\" content=\"2017-09-29T17:03:47+00:00\" \/>\n<meta property=\"og:image\" content=\"https:\/\/blogs.futura-sciences.com\/feldmann\/wp-content\/uploads\/sites\/9\/2017\/09\/messe.jpg\" \/>\n\t<meta property=\"og:image:width\" content=\"1350\" \/>\n\t<meta property=\"og:image:height\" content=\"900\" \/>\n\t<meta property=\"og:image:type\" content=\"image\/jpeg\" \/>\n<meta name=\"author\" content=\"Jean-Baptiste FELDMANN\" \/>\n<meta name=\"twitter:card\" content=\"summary_large_image\" \/>\n<meta name=\"twitter:label1\" content=\"\u00c9crit par\" \/>\n\t<meta name=\"twitter:data1\" content=\"Jean-Baptiste FELDMANN\" \/>\n\t<meta name=\"twitter:label2\" content=\"Dur\u00e9e de lecture estim\u00e9e\" \/>\n\t<meta name=\"twitter:data2\" content=\"2 minutes\" \/>\n<script type=\"application\/ld+json\" class=\"yoast-schema-graph\">{\"@context\":\"https:\/\/schema.org\",\"@graph\":[{\"@type\":\"WebPage\",\"@id\":\"https:\/\/blogs.futura-sciences.com\/feldmann\/2017\/09\/12\/video-salon-astro-messe-ame-allemagne\/\",\"url\":\"https:\/\/blogs.futura-sciences.com\/feldmann\/2017\/09\/12\/video-salon-astro-messe-ame-allemagne\/\",\"name\":\"En vid\u00e9o\u00a0: le salon Astro-Messe (AME) en Allemagne\",\"isPartOf\":{\"@id\":\"https:\/\/blogs.futura-sciences.com\/feldmann\/#website\"},\"primaryImageOfPage\":{\"@id\":\"https:\/\/blogs.futura-sciences.com\/feldmann\/2017\/09\/12\/video-salon-astro-messe-ame-allemagne\/#primaryimage\"},\"image\":{\"@id\":\"https:\/\/blogs.futura-sciences.com\/feldmann\/2017\/09\/12\/video-salon-astro-messe-ame-allemagne\/#primaryimage\"},\"thumbnailUrl\":\"https:\/\/blogs.futura-sciences.com\/feldmann\/wp-content\/uploads\/sites\/9\/2017\/09\/messe.jpg\",\"datePublished\":\"2017-09-12T17:03:13+00:00\",\"dateModified\":\"2017-09-29T17:03:47+00:00\",\"author\":{\"@id\":\"https:\/\/blogs.futura-sciences.com\/feldmann\/#\/schema\/person\/62b391b709c307783237b759b62731ea\"},\"description\":\"Le samedi 9 septembre se d\u00e9roulait la douzi\u00e8me \u00e9dition de l'Astro-Messe \u00e0 Villingen-Schwenningen. Visite en images de cette grande foire de l'astronomie.\",\"inLanguage\":\"fr-FR\",\"potentialAction\":[{\"@type\":\"ReadAction\",\"target\":[\"https:\/\/blogs.futura-sciences.com\/feldmann\/2017\/09\/12\/video-salon-astro-messe-ame-allemagne\/\"]}]},{\"@type\":\"ImageObject\",\"inLanguage\":\"fr-FR\",\"@id\":\"https:\/\/blogs.futura-sciences.com\/feldmann\/2017\/09\/12\/video-salon-astro-messe-ame-allemagne\/#primaryimage\",\"url\":\"https:\/\/blogs.futura-sciences.com\/feldmann\/wp-content\/uploads\/sites\/9\/2017\/09\/messe.jpg\",\"contentUrl\":\"https:\/\/blogs.futura-sciences.com\/feldmann\/wp-content\/uploads\/sites\/9\/2017\/09\/messe.jpg\",\"width\":1350,\"height\":900},{\"@type\":\"WebSite\",\"@id\":\"https:\/\/blogs.futura-sciences.com\/feldmann\/#website\",\"url\":\"https:\/\/blogs.futura-sciences.com\/feldmann\/\",\"name\":\"CIELMANIA : le blog de Jean-Baptiste FELDMANN, photographe du ciel\",\"description\":\"&quot;J&#039;ai en moi un besoin terrible. Dirais-je le mot? La religion. Alors, je sors la nuit et je peins des \u00e9toiles.&quot;  Vincent van Gogh\",\"potentialAction\":[{\"@type\":\"SearchAction\",\"target\":{\"@type\":\"EntryPoint\",\"urlTemplate\":\"https:\/\/blogs.futura-sciences.com\/feldmann\/?s={search_term_string}\"},\"query-input\":{\"@type\":\"PropertyValueSpecification\",\"valueRequired\":true,\"valueName\":\"search_term_string\"}}],\"inLanguage\":\"fr-FR\"},{\"@type\":\"Person\",\"@id\":\"https:\/\/blogs.futura-sciences.com\/feldmann\/#\/schema\/person\/62b391b709c307783237b759b62731ea\",\"name\":\"Jean-Baptiste FELDMANN\",\"image\":{\"@type\":\"ImageObject\",\"inLanguage\":\"fr-FR\",\"@id\":\"https:\/\/blogs.futura-sciences.com\/feldmann\/#\/schema\/person\/image\/\",\"url\":\"https:\/\/secure.gravatar.com\/avatar\/41f96607fde7a81a14570eec74177c42?s=96&d=mm&r=g\",\"contentUrl\":\"https:\/\/secure.gravatar.com\/avatar\/41f96607fde7a81a14570eec74177c42?s=96&d=mm&r=g\",\"caption\":\"Jean-Baptiste FELDMANN\"},\"url\":\"https:\/\/blogs.futura-sciences.com\/feldmann\/author\/jbfe\/\"}]}<\/script>\n<!-- \/ Yoast SEO plugin. -->","yoast_head_json":{"title":"En vid\u00e9o\u00a0: le salon Astro-Messe (AME) en Allemagne","description":"Le samedi 9 septembre se d\u00e9roulait la douzi\u00e8me \u00e9dition de l'Astro-Messe \u00e0 Villingen-Schwenningen. Visite en images de cette grande foire de l'astronomie.","robots":{"index":"index","follow":"follow","max-snippet":"max-snippet:-1","max-image-preview":"max-image-preview:large","max-video-preview":"max-video-preview:-1"},"canonical":"https:\/\/blogs.futura-sciences.com\/feldmann\/2017\/09\/12\/video-salon-astro-messe-ame-allemagne\/","og_locale":"fr_FR","og_type":"article","og_title":"En vid\u00e9o\u00a0: le salon Astro-Messe (AME) en Allemagne","og_description":"Le samedi 9 septembre se d\u00e9roulait la douzi\u00e8me \u00e9dition de l'Astro-Messe \u00e0 Villingen-Schwenningen. Visite en images de cette grande foire de l'astronomie.","og_url":"https:\/\/blogs.futura-sciences.com\/feldmann\/2017\/09\/12\/video-salon-astro-messe-ame-allemagne\/","og_site_name":"CIELMANIA : le blog de Jean-Baptiste FELDMANN, photographe du ciel","article_published_time":"2017-09-12T17:03:13+00:00","article_modified_time":"2017-09-29T17:03:47+00:00","og_image":[{"width":1350,"height":900,"url":"https:\/\/blogs.futura-sciences.com\/feldmann\/wp-content\/uploads\/sites\/9\/2017\/09\/messe.jpg","type":"image\/jpeg"}],"author":"Jean-Baptiste FELDMANN","twitter_card":"summary_large_image","twitter_misc":{"\u00c9crit par":"Jean-Baptiste FELDMANN","Dur\u00e9e de lecture estim\u00e9e":"2 minutes"},"schema":{"@context":"https:\/\/schema.org","@graph":[{"@type":"WebPage","@id":"https:\/\/blogs.futura-sciences.com\/feldmann\/2017\/09\/12\/video-salon-astro-messe-ame-allemagne\/","url":"https:\/\/blogs.futura-sciences.com\/feldmann\/2017\/09\/12\/video-salon-astro-messe-ame-allemagne\/","name":"En vid\u00e9o\u00a0: le salon Astro-Messe (AME) en Allemagne","isPartOf":{"@id":"https:\/\/blogs.futura-sciences.com\/feldmann\/#website"},"primaryImageOfPage":{"@id":"https:\/\/blogs.futura-sciences.com\/feldmann\/2017\/09\/12\/video-salon-astro-messe-ame-allemagne\/#primaryimage"},"image":{"@id":"https:\/\/blogs.futura-sciences.com\/feldmann\/2017\/09\/12\/video-salon-astro-messe-ame-allemagne\/#primaryimage"},"thumbnailUrl":"https:\/\/blogs.futura-sciences.com\/feldmann\/wp-content\/uploads\/sites\/9\/2017\/09\/messe.jpg","datePublished":"2017-09-12T17:03:13+00:00","dateModified":"2017-09-29T17:03:47+00:00","author":{"@id":"https:\/\/blogs.futura-sciences.com\/feldmann\/#\/schema\/person\/62b391b709c307783237b759b62731ea"},"description":"Le samedi 9 septembre se d\u00e9roulait la douzi\u00e8me \u00e9dition de l'Astro-Messe \u00e0 Villingen-Schwenningen. Visite en images de cette grande foire de l'astronomie.","inLanguage":"fr-FR","potentialAction":[{"@type":"ReadAction","target":["https:\/\/blogs.futura-sciences.com\/feldmann\/2017\/09\/12\/video-salon-astro-messe-ame-allemagne\/"]}]},{"@type":"ImageObject","inLanguage":"fr-FR","@id":"https:\/\/blogs.futura-sciences.com\/feldmann\/2017\/09\/12\/video-salon-astro-messe-ame-allemagne\/#primaryimage","url":"https:\/\/blogs.futura-sciences.com\/feldmann\/wp-content\/uploads\/sites\/9\/2017\/09\/messe.jpg","contentUrl":"https:\/\/blogs.futura-sciences.com\/feldmann\/wp-content\/uploads\/sites\/9\/2017\/09\/messe.jpg","width":1350,"height":900},{"@type":"WebSite","@id":"https:\/\/blogs.futura-sciences.com\/feldmann\/#website","url":"https:\/\/blogs.futura-sciences.com\/feldmann\/","name":"CIELMANIA : le blog de Jean-Baptiste FELDMANN, photographe du ciel","description":"&quot;J&#039;ai en moi un besoin terrible. Dirais-je le mot? La religion. Alors, je sors la nuit et je peins des \u00e9toiles.&quot;  Vincent van Gogh","potentialAction":[{"@type":"SearchAction","target":{"@type":"EntryPoint","urlTemplate":"https:\/\/blogs.futura-sciences.com\/feldmann\/?s={search_term_string}"},"query-input":{"@type":"PropertyValueSpecification","valueRequired":true,"valueName":"search_term_string"}}],"inLanguage":"fr-FR"},{"@type":"Person","@id":"https:\/\/blogs.futura-sciences.com\/feldmann\/#\/schema\/person\/62b391b709c307783237b759b62731ea","name":"Jean-Baptiste FELDMANN","image":{"@type":"ImageObject","inLanguage":"fr-FR","@id":"https:\/\/blogs.futura-sciences.com\/feldmann\/#\/schema\/person\/image\/","url":"https:\/\/secure.gravatar.com\/avatar\/41f96607fde7a81a14570eec74177c42?s=96&d=mm&r=g","contentUrl":"https:\/\/secure.gravatar.com\/avatar\/41f96607fde7a81a14570eec74177c42?s=96&d=mm&r=g","caption":"Jean-Baptiste FELDMANN"},"url":"https:\/\/blogs.futura-sciences.com\/feldmann\/author\/jbfe\/"}]}},"_links":{"self":[{"href":"https:\/\/blogs.futura-sciences.com\/feldmann\/wp-json\/wp\/v2\/posts\/8220","targetHints":{"allow":["GET"]}}],"collection":[{"href":"https:\/\/blogs.futura-sciences.com\/feldmann\/wp-json\/wp\/v2\/posts"}],"about":[{"href":"https:\/\/blogs.futura-sciences.com\/feldmann\/wp-json\/wp\/v2\/types\/post"}],"author":[{"embeddable":true,"href":"https:\/\/blogs.futura-sciences.com\/feldmann\/wp-json\/wp\/v2\/users\/8"}],"replies":[{"embeddable":true,"href":"https:\/\/blogs.futura-sciences.com\/feldmann\/wp-json\/wp\/v2\/comments?post=8220"}],"version-history":[{"count":4,"href":"https:\/\/blogs.futura-sciences.com\/feldmann\/wp-json\/wp\/v2\/posts\/8220\/revisions"}],"predecessor-version":[{"id":8225,"href":"https:\/\/blogs.futura-sciences.com\/feldmann\/wp-json\/wp\/v2\/posts\/8220\/revisions\/8225"}],"wp:featuredmedia":[{"embeddable":true,"href":"https:\/\/blogs.futura-sciences.com\/feldmann\/wp-json\/wp\/v2\/media\/8222"}],"wp:attachment":[{"href":"https:\/\/blogs.futura-sciences.com\/feldmann\/wp-json\/wp\/v2\/media?parent=8220"}],"wp:term":[{"taxonomy":"category","embeddable":true,"href":"https:\/\/blogs.futura-sciences.com\/feldmann\/wp-json\/wp\/v2\/categories?post=8220"},{"taxonomy":"post_tag","embeddable":true,"href":"https:\/\/blogs.futura-sciences.com\/feldmann\/wp-json\/wp\/v2\/tags?post=8220"}],"curies":[{"name":"wp","href":"https:\/\/api.w.org\/{rel}","templated":true}]}}