{"id":8171,"date":"2017-09-06T04:54:04","date_gmt":"2017-09-06T04:54:04","guid":{"rendered":"https:\/\/blogs.futura-sciences.com\/feldmann\/?p=8171"},"modified":"2017-09-20T14:47:00","modified_gmt":"2017-09-20T14:47:00","slug":"avez-vous-vu-se-lever-la-pleine-lune-fruits","status":"publish","type":"post","link":"https:\/\/blogs.futura-sciences.com\/feldmann\/2017\/09\/06\/avez-vous-vu-se-lever-la-pleine-lune-fruits\/","title":{"rendered":"Avez-vous vu se lever la Pleine Lune des fruits ?"},"content":{"rendered":"<p><strong>Rouge \u00e0 son lever comme une belle pomme bien m\u00fbre de la vari\u00e9t\u00e9 Gala, la Pleine Lune des fruits s&#8217;est lev\u00e9e le 5 septembre en d\u00e9but de soir\u00e9e. \u00a0<\/strong><\/p>\n<p>Chaque <a href=\"https:\/\/blogs.futura-sciences.com\/feldmann\/2014\/05\/06\/359\/\" target=\"_blank\" rel=\"noopener\">Pleine Lune<\/a> apporte son lot de surprises : apr\u00e8s celle du 9 juillet qui se levait au milieu des orages (la bien nomm\u00e9e <a href=\"https:\/\/blogs.futura-sciences.com\/feldmann\/2017\/07\/11\/pleine-lune-de-juillet-se-leve-au-milieu-orages\/\" target=\"_blank\" rel=\"noopener\">Pleine Lune du tonnerre<\/a>), et celle du 7 ao\u00fbt qui nous a gratifi\u00e9 d&#8217;une charmante <a href=\"https:\/\/blogs.futura-sciences.com\/feldmann\/2017\/08\/20\/leclipse-partielle-de-lune-7-aout\/\" target=\"_blank\" rel=\"noopener\">\u00e9clipse partielle<\/a>, voici donc celle de septembre qui porte le nom de Pleine Lune des fruits (allez faire un tour au verger, vous comprendrez pourquoi !). En se levant dans la soir\u00e9e du 5 dans un ciel assez sombre (le <a href=\"https:\/\/blogs.futura-sciences.com\/feldmann\/2017\/03\/08\/double-parhelie-halo-soleil-couchant\/\" target=\"_blank\" rel=\"noopener\">Soleil<\/a>\u00a0venait de se coucher) elle faisait penser \u00e0 une pomme Gala bien m\u00fbre dans laquelle on aurait volontiers croqu\u00e9.<\/p>\n<p><a href=\"https:\/\/blogs.futura-sciences.com\/feldmann\/wp-content\/uploads\/sites\/9\/2017\/08\/pleine_lune31.jpg\" rel=\"lightbox[8171]\"><img loading=\"lazy\" decoding=\"async\" class=\"alignnone size-medium wp-image-8172\" src=\"https:\/\/blogs.futura-sciences.com\/feldmann\/wp-content\/uploads\/sites\/9\/2017\/08\/pleine_lune31-450x299.jpg\" alt=\"\" width=\"450\" height=\"299\" srcset=\"https:\/\/blogs.futura-sciences.com\/feldmann\/wp-content\/uploads\/sites\/9\/2017\/08\/pleine_lune31-450x299.jpg 450w, https:\/\/blogs.futura-sciences.com\/feldmann\/wp-content\/uploads\/sites\/9\/2017\/08\/pleine_lune31-768x510.jpg 768w, https:\/\/blogs.futura-sciences.com\/feldmann\/wp-content\/uploads\/sites\/9\/2017\/08\/pleine_lune31-1024x680.jpg 1024w, https:\/\/blogs.futura-sciences.com\/feldmann\/wp-content\/uploads\/sites\/9\/2017\/08\/pleine_lune31.jpg 1355w\" sizes=\"auto, (max-width: 450px) 100vw, 450px\" \/><\/a><\/p>\n<p>Elle a \u00e9t\u00e9 immortalis\u00e9e\u00a0\u00e0 l\u2019aide d\u2019un bo\u00eetier Finepix HS20 \u00e9quip\u00e9 d\u2019origine d\u2019un zoom 24-720 mm, ce qui m\u2019a permis de r\u00e9aliser de spectaculaires gros plans.<!--more--><\/p>\n<p>Pour la petite histoire la Gala est une pomme rouge tr\u00e8s appr\u00e9ci\u00e9e en France ; elle a \u00e9t\u00e9 cr\u00e9\u00e9e dans les ann\u00e9es 1930 en Nouvelle-Z\u00e9lande en croisant deux vari\u00e9t\u00e9s, la <em>Kidd&#8217;s Orange Red<\/em> et la <em>Golden Delicious<\/em>.<\/p>\n<p>La Pleine Lune de septembre ne porte pas toujours le m\u00eame nom : ces derni\u00e8res ann\u00e9es on la surnommait Pleine Lune des r\u00e9coltes\u00a0(<a href=\"https:\/\/blogs.futura-sciences.com\/feldmann\/2016\/09\/20\/harvest-moon-pleine-lune-recoltes\/\" target=\"_blank\" rel=\"noopener\"><em>Harvest Moon<\/em><\/a>) car c&#8217;\u00e9tait la plus proche de l&#8217;<a href=\"https:\/\/blogs.futura-sciences.com\/feldmann\/2016\/09\/21\/changement-de-saison-22-septembre-jour-de-lequinoxe\/\" target=\"_blank\" rel=\"noopener\">\u00e9quinoxe d&#8217;automne<\/a>. Une lunaison \u00e9tant plus courte qu&#8217;un mois\u00a0(29 jours 12 heures 44 minutes et 2,8 secondes pour \u00eatre exact), il s&#8217;en suit un d\u00e9calage de date de chaque lunaison (et donc de chaque Pleine Lune) d&#8217;une ann\u00e9e \u00e0 l&#8217;autre. En 2017\u00a0la Pleine Lune la plus proche de l&#8217;\u00e9quinoxe (le 22 septembre) sera celle du 5 octobre et \u00e0 ce titre prendra le titre de Pleine Lune des r\u00e9coltes.<\/p>\n\n<!-- iframe plugin v.5.1 wordpress.org\/plugins\/iframe\/ -->\n<iframe loading=\"lazy\" src=\"https:\/\/player.vimeo.com\/video\/160503656\" width=\"640\" height=\"480\" frameborder=\"0\" 0=\"webkitallowfullscreen\" 1=\"mozallowfullscreen\" 2=\"allowfullscreen&gt;&lt;\/iframe\" scrolling=\"yes\" class=\"iframe-class\"><\/iframe>\n\n<!-- AddThis Advanced Settings generic via filter on the_content --><!-- AddThis Share Buttons generic via filter on the_content -->","protected":false},"excerpt":{"rendered":"<p>Rouge \u00e0 son lever comme une belle pomme bien m\u00fbre de la vari\u00e9t\u00e9 Gala, la Pleine Lune des fruits s&#8217;est lev\u00e9e le 5 septembre en d\u00e9but de soir\u00e9e. \u00a0 Chaque Pleine Lune apporte son lot de surprises : apr\u00e8s celle du 9 juillet qui se levait au milieu des orages (la bien nomm\u00e9e Pleine Lune &hellip; <a href=\"https:\/\/blogs.futura-sciences.com\/feldmann\/2017\/09\/06\/avez-vous-vu-se-lever-la-pleine-lune-fruits\/\" class=\"more-link\">Continuer la lecture de <span class=\"screen-reader-text\">Avez-vous vu se lever la Pleine Lune des fruits ?<\/span>  <span class=\"meta-nav\">&rarr;<\/span><\/a><!-- AddThis Advanced Settings generic via filter on get_the_excerpt --><!-- AddThis Share Buttons generic via filter on get_the_excerpt --><\/p>\n","protected":false},"author":8,"featured_media":8172,"comment_status":"open","ping_status":"open","sticky":false,"template":"","format":"standard","meta":{"footnotes":"","_links_to":"","_links_to_target":""},"categories":[509],"tags":[332,2001,2306,2305,845],"class_list":["post-8171","post","type-post","status-publish","format-standard","has-post-thumbnail","hentry","category-actualites","tag-carre-de-pegase","tag-constellation-du-verseau","tag-equinoxe-dautomne","tag-pleine-lune-des-fruits","tag-stelvision"],"yoast_head":"<!-- This site is optimized with the Yoast SEO plugin v24.1 - https:\/\/yoast.com\/wordpress\/plugins\/seo\/ -->\n<title>Avez-vous vu se lever la Pleine Lune des fruits ?<\/title>\n<meta name=\"description\" content=\"Rouge \u00e0 son lever comme une belle pomme bien m\u00fbre de la vari\u00e9t\u00e9 Gala, la Pleine Lune des fruits s&#039;est lev\u00e9e le 5 septembre en d\u00e9but de soir\u00e9e. \u00a0\" \/>\n<meta name=\"robots\" content=\"index, follow, max-snippet:-1, max-image-preview:large, max-video-preview:-1\" \/>\n<link rel=\"canonical\" href=\"https:\/\/blogs.futura-sciences.com\/feldmann\/2017\/09\/06\/avez-vous-vu-se-lever-la-pleine-lune-fruits\/\" \/>\n<meta property=\"og:locale\" content=\"fr_FR\" \/>\n<meta property=\"og:type\" content=\"article\" \/>\n<meta property=\"og:title\" content=\"Avez-vous vu se lever la Pleine Lune des fruits ?\" \/>\n<meta property=\"og:description\" content=\"Rouge \u00e0 son lever comme une belle pomme bien m\u00fbre de la vari\u00e9t\u00e9 Gala, la Pleine Lune des fruits s&#039;est lev\u00e9e le 5 septembre en d\u00e9but de soir\u00e9e. \u00a0\" \/>\n<meta property=\"og:url\" content=\"https:\/\/blogs.futura-sciences.com\/feldmann\/2017\/09\/06\/avez-vous-vu-se-lever-la-pleine-lune-fruits\/\" \/>\n<meta property=\"og:site_name\" content=\"CIELMANIA : le blog de Jean-Baptiste FELDMANN, photographe du ciel\" \/>\n<meta property=\"article:published_time\" content=\"2017-09-06T04:54:04+00:00\" \/>\n<meta property=\"article:modified_time\" content=\"2017-09-20T14:47:00+00:00\" \/>\n<meta property=\"og:image\" content=\"https:\/\/blogs.futura-sciences.com\/feldmann\/wp-content\/uploads\/sites\/9\/2017\/08\/pleine_lune31.jpg\" \/>\n\t<meta property=\"og:image:width\" content=\"1355\" \/>\n\t<meta property=\"og:image:height\" content=\"900\" \/>\n\t<meta property=\"og:image:type\" content=\"image\/jpeg\" \/>\n<meta name=\"author\" content=\"Jean-Baptiste FELDMANN\" \/>\n<meta name=\"twitter:card\" content=\"summary_large_image\" \/>\n<meta name=\"twitter:label1\" content=\"\u00c9crit par\" \/>\n\t<meta name=\"twitter:data1\" content=\"Jean-Baptiste FELDMANN\" \/>\n\t<meta name=\"twitter:label2\" content=\"Dur\u00e9e de lecture estim\u00e9e\" \/>\n\t<meta name=\"twitter:data2\" content=\"2 minutes\" \/>\n<script type=\"application\/ld+json\" class=\"yoast-schema-graph\">{\"@context\":\"https:\/\/schema.org\",\"@graph\":[{\"@type\":\"WebPage\",\"@id\":\"https:\/\/blogs.futura-sciences.com\/feldmann\/2017\/09\/06\/avez-vous-vu-se-lever-la-pleine-lune-fruits\/\",\"url\":\"https:\/\/blogs.futura-sciences.com\/feldmann\/2017\/09\/06\/avez-vous-vu-se-lever-la-pleine-lune-fruits\/\",\"name\":\"Avez-vous vu se lever la Pleine Lune des fruits ?\",\"isPartOf\":{\"@id\":\"https:\/\/blogs.futura-sciences.com\/feldmann\/#website\"},\"primaryImageOfPage\":{\"@id\":\"https:\/\/blogs.futura-sciences.com\/feldmann\/2017\/09\/06\/avez-vous-vu-se-lever-la-pleine-lune-fruits\/#primaryimage\"},\"image\":{\"@id\":\"https:\/\/blogs.futura-sciences.com\/feldmann\/2017\/09\/06\/avez-vous-vu-se-lever-la-pleine-lune-fruits\/#primaryimage\"},\"thumbnailUrl\":\"https:\/\/blogs.futura-sciences.com\/feldmann\/wp-content\/uploads\/sites\/9\/2017\/08\/pleine_lune31.jpg\",\"datePublished\":\"2017-09-06T04:54:04+00:00\",\"dateModified\":\"2017-09-20T14:47:00+00:00\",\"author\":{\"@id\":\"https:\/\/blogs.futura-sciences.com\/feldmann\/#\/schema\/person\/62b391b709c307783237b759b62731ea\"},\"description\":\"Rouge \u00e0 son lever comme une belle pomme bien m\u00fbre de la vari\u00e9t\u00e9 Gala, la Pleine Lune des fruits s'est lev\u00e9e le 5 septembre en d\u00e9but de soir\u00e9e. \u00a0\",\"inLanguage\":\"fr-FR\",\"potentialAction\":[{\"@type\":\"ReadAction\",\"target\":[\"https:\/\/blogs.futura-sciences.com\/feldmann\/2017\/09\/06\/avez-vous-vu-se-lever-la-pleine-lune-fruits\/\"]}]},{\"@type\":\"ImageObject\",\"inLanguage\":\"fr-FR\",\"@id\":\"https:\/\/blogs.futura-sciences.com\/feldmann\/2017\/09\/06\/avez-vous-vu-se-lever-la-pleine-lune-fruits\/#primaryimage\",\"url\":\"https:\/\/blogs.futura-sciences.com\/feldmann\/wp-content\/uploads\/sites\/9\/2017\/08\/pleine_lune31.jpg\",\"contentUrl\":\"https:\/\/blogs.futura-sciences.com\/feldmann\/wp-content\/uploads\/sites\/9\/2017\/08\/pleine_lune31.jpg\",\"width\":1355,\"height\":900,\"caption\":\"Avez-vous vu se lever la Pleine Lune des fruits ?\"},{\"@type\":\"WebSite\",\"@id\":\"https:\/\/blogs.futura-sciences.com\/feldmann\/#website\",\"url\":\"https:\/\/blogs.futura-sciences.com\/feldmann\/\",\"name\":\"CIELMANIA : le blog de Jean-Baptiste FELDMANN, photographe du ciel\",\"description\":\"&quot;J&#039;ai en moi un besoin terrible. Dirais-je le mot? La religion. Alors, je sors la nuit et je peins des \u00e9toiles.&quot;  Vincent van Gogh\",\"potentialAction\":[{\"@type\":\"SearchAction\",\"target\":{\"@type\":\"EntryPoint\",\"urlTemplate\":\"https:\/\/blogs.futura-sciences.com\/feldmann\/?s={search_term_string}\"},\"query-input\":{\"@type\":\"PropertyValueSpecification\",\"valueRequired\":true,\"valueName\":\"search_term_string\"}}],\"inLanguage\":\"fr-FR\"},{\"@type\":\"Person\",\"@id\":\"https:\/\/blogs.futura-sciences.com\/feldmann\/#\/schema\/person\/62b391b709c307783237b759b62731ea\",\"name\":\"Jean-Baptiste FELDMANN\",\"image\":{\"@type\":\"ImageObject\",\"inLanguage\":\"fr-FR\",\"@id\":\"https:\/\/blogs.futura-sciences.com\/feldmann\/#\/schema\/person\/image\/\",\"url\":\"https:\/\/secure.gravatar.com\/avatar\/41f96607fde7a81a14570eec74177c42?s=96&d=mm&r=g\",\"contentUrl\":\"https:\/\/secure.gravatar.com\/avatar\/41f96607fde7a81a14570eec74177c42?s=96&d=mm&r=g\",\"caption\":\"Jean-Baptiste FELDMANN\"},\"url\":\"https:\/\/blogs.futura-sciences.com\/feldmann\/author\/jbfe\/\"}]}<\/script>\n<!-- \/ Yoast SEO plugin. -->","yoast_head_json":{"title":"Avez-vous vu se lever la Pleine Lune des fruits ?","description":"Rouge \u00e0 son lever comme une belle pomme bien m\u00fbre de la vari\u00e9t\u00e9 Gala, la Pleine Lune des fruits s'est lev\u00e9e le 5 septembre en d\u00e9but de soir\u00e9e. \u00a0","robots":{"index":"index","follow":"follow","max-snippet":"max-snippet:-1","max-image-preview":"max-image-preview:large","max-video-preview":"max-video-preview:-1"},"canonical":"https:\/\/blogs.futura-sciences.com\/feldmann\/2017\/09\/06\/avez-vous-vu-se-lever-la-pleine-lune-fruits\/","og_locale":"fr_FR","og_type":"article","og_title":"Avez-vous vu se lever la Pleine Lune des fruits ?","og_description":"Rouge \u00e0 son lever comme une belle pomme bien m\u00fbre de la vari\u00e9t\u00e9 Gala, la Pleine Lune des fruits s'est lev\u00e9e le 5 septembre en d\u00e9but de soir\u00e9e. \u00a0","og_url":"https:\/\/blogs.futura-sciences.com\/feldmann\/2017\/09\/06\/avez-vous-vu-se-lever-la-pleine-lune-fruits\/","og_site_name":"CIELMANIA : le blog de Jean-Baptiste FELDMANN, photographe du ciel","article_published_time":"2017-09-06T04:54:04+00:00","article_modified_time":"2017-09-20T14:47:00+00:00","og_image":[{"width":1355,"height":900,"url":"https:\/\/blogs.futura-sciences.com\/feldmann\/wp-content\/uploads\/sites\/9\/2017\/08\/pleine_lune31.jpg","type":"image\/jpeg"}],"author":"Jean-Baptiste FELDMANN","twitter_card":"summary_large_image","twitter_misc":{"\u00c9crit par":"Jean-Baptiste FELDMANN","Dur\u00e9e de lecture estim\u00e9e":"2 minutes"},"schema":{"@context":"https:\/\/schema.org","@graph":[{"@type":"WebPage","@id":"https:\/\/blogs.futura-sciences.com\/feldmann\/2017\/09\/06\/avez-vous-vu-se-lever-la-pleine-lune-fruits\/","url":"https:\/\/blogs.futura-sciences.com\/feldmann\/2017\/09\/06\/avez-vous-vu-se-lever-la-pleine-lune-fruits\/","name":"Avez-vous vu se lever la Pleine Lune des fruits ?","isPartOf":{"@id":"https:\/\/blogs.futura-sciences.com\/feldmann\/#website"},"primaryImageOfPage":{"@id":"https:\/\/blogs.futura-sciences.com\/feldmann\/2017\/09\/06\/avez-vous-vu-se-lever-la-pleine-lune-fruits\/#primaryimage"},"image":{"@id":"https:\/\/blogs.futura-sciences.com\/feldmann\/2017\/09\/06\/avez-vous-vu-se-lever-la-pleine-lune-fruits\/#primaryimage"},"thumbnailUrl":"https:\/\/blogs.futura-sciences.com\/feldmann\/wp-content\/uploads\/sites\/9\/2017\/08\/pleine_lune31.jpg","datePublished":"2017-09-06T04:54:04+00:00","dateModified":"2017-09-20T14:47:00+00:00","author":{"@id":"https:\/\/blogs.futura-sciences.com\/feldmann\/#\/schema\/person\/62b391b709c307783237b759b62731ea"},"description":"Rouge \u00e0 son lever comme une belle pomme bien m\u00fbre de la vari\u00e9t\u00e9 Gala, la Pleine Lune des fruits s'est lev\u00e9e le 5 septembre en d\u00e9but de soir\u00e9e. \u00a0","inLanguage":"fr-FR","potentialAction":[{"@type":"ReadAction","target":["https:\/\/blogs.futura-sciences.com\/feldmann\/2017\/09\/06\/avez-vous-vu-se-lever-la-pleine-lune-fruits\/"]}]},{"@type":"ImageObject","inLanguage":"fr-FR","@id":"https:\/\/blogs.futura-sciences.com\/feldmann\/2017\/09\/06\/avez-vous-vu-se-lever-la-pleine-lune-fruits\/#primaryimage","url":"https:\/\/blogs.futura-sciences.com\/feldmann\/wp-content\/uploads\/sites\/9\/2017\/08\/pleine_lune31.jpg","contentUrl":"https:\/\/blogs.futura-sciences.com\/feldmann\/wp-content\/uploads\/sites\/9\/2017\/08\/pleine_lune31.jpg","width":1355,"height":900,"caption":"Avez-vous vu se lever la Pleine Lune des fruits ?"},{"@type":"WebSite","@id":"https:\/\/blogs.futura-sciences.com\/feldmann\/#website","url":"https:\/\/blogs.futura-sciences.com\/feldmann\/","name":"CIELMANIA : le blog de Jean-Baptiste FELDMANN, photographe du ciel","description":"&quot;J&#039;ai en moi un besoin terrible. Dirais-je le mot? La religion. Alors, je sors la nuit et je peins des \u00e9toiles.&quot;  Vincent van Gogh","potentialAction":[{"@type":"SearchAction","target":{"@type":"EntryPoint","urlTemplate":"https:\/\/blogs.futura-sciences.com\/feldmann\/?s={search_term_string}"},"query-input":{"@type":"PropertyValueSpecification","valueRequired":true,"valueName":"search_term_string"}}],"inLanguage":"fr-FR"},{"@type":"Person","@id":"https:\/\/blogs.futura-sciences.com\/feldmann\/#\/schema\/person\/62b391b709c307783237b759b62731ea","name":"Jean-Baptiste FELDMANN","image":{"@type":"ImageObject","inLanguage":"fr-FR","@id":"https:\/\/blogs.futura-sciences.com\/feldmann\/#\/schema\/person\/image\/","url":"https:\/\/secure.gravatar.com\/avatar\/41f96607fde7a81a14570eec74177c42?s=96&d=mm&r=g","contentUrl":"https:\/\/secure.gravatar.com\/avatar\/41f96607fde7a81a14570eec74177c42?s=96&d=mm&r=g","caption":"Jean-Baptiste FELDMANN"},"url":"https:\/\/blogs.futura-sciences.com\/feldmann\/author\/jbfe\/"}]}},"_links":{"self":[{"href":"https:\/\/blogs.futura-sciences.com\/feldmann\/wp-json\/wp\/v2\/posts\/8171","targetHints":{"allow":["GET"]}}],"collection":[{"href":"https:\/\/blogs.futura-sciences.com\/feldmann\/wp-json\/wp\/v2\/posts"}],"about":[{"href":"https:\/\/blogs.futura-sciences.com\/feldmann\/wp-json\/wp\/v2\/types\/post"}],"author":[{"embeddable":true,"href":"https:\/\/blogs.futura-sciences.com\/feldmann\/wp-json\/wp\/v2\/users\/8"}],"replies":[{"embeddable":true,"href":"https:\/\/blogs.futura-sciences.com\/feldmann\/wp-json\/wp\/v2\/comments?post=8171"}],"version-history":[{"count":10,"href":"https:\/\/blogs.futura-sciences.com\/feldmann\/wp-json\/wp\/v2\/posts\/8171\/revisions"}],"predecessor-version":[{"id":8216,"href":"https:\/\/blogs.futura-sciences.com\/feldmann\/wp-json\/wp\/v2\/posts\/8171\/revisions\/8216"}],"wp:featuredmedia":[{"embeddable":true,"href":"https:\/\/blogs.futura-sciences.com\/feldmann\/wp-json\/wp\/v2\/media\/8172"}],"wp:attachment":[{"href":"https:\/\/blogs.futura-sciences.com\/feldmann\/wp-json\/wp\/v2\/media?parent=8171"}],"wp:term":[{"taxonomy":"category","embeddable":true,"href":"https:\/\/blogs.futura-sciences.com\/feldmann\/wp-json\/wp\/v2\/categories?post=8171"},{"taxonomy":"post_tag","embeddable":true,"href":"https:\/\/blogs.futura-sciences.com\/feldmann\/wp-json\/wp\/v2\/tags?post=8171"}],"curies":[{"name":"wp","href":"https:\/\/api.w.org\/{rel}","templated":true}]}}