{"id":8079,"date":"2017-07-24T06:34:25","date_gmt":"2017-07-24T06:34:25","guid":{"rendered":"https:\/\/blogs.futura-sciences.com\/feldmann\/?p=8079"},"modified":"2017-07-31T11:06:34","modified_gmt":"2017-07-31T11:06:34","slug":"weekend-avez-rendez-nuits-etoiles","status":"publish","type":"post","link":"https:\/\/blogs.futura-sciences.com\/feldmann\/2017\/07\/24\/weekend-avez-rendez-nuits-etoiles\/","title":{"rendered":"Ce weekend vous avez rendez-vous avec les Nuits des \u00e9toiles"},"content":{"rendered":"<p><strong>Les 28, 29 et 30 juillet de tr\u00e8s nombreux clubs d\u2019astronomie vous accueilleront \u00e0 l\u2019occasion d\u2019une nouvelle \u00e9dition des Nuits des \u00e9toiles.<\/strong><\/p>\n<p>Juillet et ao\u00fbt sont traditionnellement des mois d\u00e9di\u00e9s \u00e0 la pratique de l&#8217;astronomie : avec les cong\u00e9s annuels et la douceur des nuits d\u2019\u00e9t\u00e9, chacun peut en profiter pour admirer le ciel nocturne, en particulier \u00e0 l\u2019occasion des\u00a0<a href=\"https:\/\/www.afastronomie.fr\/les-nuits-des-etoiles\" target=\"_blank\" rel=\"noopener noreferrer\">Nuits des \u00e9toiles 2017<\/a>\u00a0qui se tiendront les 28, 29 et 30 juillet un peu partout en France \u00e0 l\u2019initiative de l\u2019<a href=\"https:\/\/www.afastronomie.fr\/\" target=\"_blank\" rel=\"noopener noreferrer\">Association Fran\u00e7aise d\u2019Astronomie<\/a>\u00a0(consultez la <a href=\"https:\/\/www.afastronomie.fr\/manifestations?eventType=Nuits+des+%C3%A9toiles&amp;period=&amp;county=\" target=\"_blank\" rel=\"noopener noreferrer\">carte des manifestations<\/a>).<\/p>\n\n<!-- iframe plugin v.5.1 wordpress.org\/plugins\/iframe\/ -->\n<iframe loading=\"lazy\" width=\"560\" height=\"315\" src=\"https:\/\/www.youtube.com\/embed\/y6-Hdt1a5r0\" frameborder=\"0\" 0=\"allowfullscreen&gt;&lt;\/iframe\" scrolling=\"yes\" class=\"iframe-class\"><\/iframe>\n\n<p>Les clubs d\u2019astronomie vous ouvriront leurs portes et leur\u00a0<a href=\"https:\/\/blogs.futura-sciences.com\/feldmann\/2014\/05\/08\/392\/\" target=\"_blank\" rel=\"noopener noreferrer\">coupoles\u00a0<\/a>pour deux ou trois soir\u00e9es de d\u00e9couverte du ciel (avec animations et observations du <a href=\"https:\/\/blogs.futura-sciences.com\/feldmann\/2017\/06\/26\/solarigraphe-revele-soleil-dun-solstice-a-lautre\/\" target=\"_blank\" rel=\"noopener noreferrer\">Soleil<\/a> en journ\u00e9e), un peu comme le fait chaque ann\u00e9e le Club d\u2019Astronomie de Lyon Amp\u00e8re (<a href=\"http:\/\/www.cala.asso.fr\/\" target=\"_blank\" rel=\"noopener noreferrer\">CALA<\/a>) en organisant au printemps la \u00a0<a href=\"https:\/\/blogs.futura-sciences.com\/feldmann\/2017\/03\/12\/video-nuit-de-lequinoxe-a-tenu-promesses\/\" target=\"_blank\" rel=\"noopener noreferrer\">Nuit de l\u2019\u00c9quinoxe<\/a>\u00a0(vid\u00e9o ci-dessus)\u00a0dans le cadre remarquable du Th\u00e9\u00e2tre Antique de Lyon sur la colline de Fourvi\u00e8re.<!--more--><\/p>\n<p>Cette ann\u00e9e les Nuits des \u00e9toiles auront pour th\u00e8me\u00a0\u00a0\u00ab Terres habitables \u00bb : \u00e0 un \u00e9poque o\u00f9 la qu\u00eate d&#8217;<a href=\"https:\/\/blogs.futura-sciences.com\/feldmann\/2015\/08\/13\/en-video-linstrument-sphere-traque-les-exoplanetes\/\" target=\"_blank\" rel=\"noopener noreferrer\">exoterres<\/a> n&#8217;a jamais \u00e9t\u00e9 aussi intense, il est bon de rappeler qu&#8217;\u00e0 ce jour seule notre plan\u00e8te a permis \u00e0 la vie de se d\u00e9velopper et qu&#8217;il nous appartient de transmettre \u00e0 nos enfants ce pr\u00e9cieux h\u00e9ritage.<span id=\"more-6115\"><\/span><\/p>\n\n<!-- iframe plugin v.5.1 wordpress.org\/plugins\/iframe\/ -->\n<iframe loading=\"lazy\" src=\"https:\/\/player.vimeo.com\/video\/194659795\" width=\"640\" height=\"360\" frameborder=\"0\" 0=\"webkitallowfullscreen\" 1=\"mozallowfullscreen\" 2=\"allowfullscreen&gt;&lt;\/iframe\" scrolling=\"yes\" class=\"iframe-class\"><\/iframe>\n\n<p>Si le beau temps est au rendez-vous les sujets d\u2019observation ne manqueront pas : en d\u00e9but de nuit le <a href=\"https:\/\/blogs.futura-sciences.com\/feldmann\/2017\/03\/30\/29-mars-retour-jeune-croissant-de-lune-sur-lhorizon\/\" target=\"_blank\" rel=\"noopener noreferrer\">jeune croissant de Lune<\/a>\u00a0(le <a href=\"https:\/\/blogs.futura-sciences.com\/feldmann\/2014\/11\/30\/premier-quartier-ville\/\" target=\"_blank\" rel=\"noopener noreferrer\">Premier Quartier<\/a> se produit le 30) ainsi que les\u00a0plan\u00e8tes \u00a0<a href=\"https:\/\/blogs.futura-sciences.com\/feldmann\/2017\/03\/28\/la-discrete-planete-mercure-est-de-retour-au-crepuscule\/\" target=\"_blank\" rel=\"noopener noreferrer\">Mercure<\/a>,\u00a0<a href=\"https:\/\/blogs.futura-sciences.com\/feldmann\/2016\/05\/15\/jolie-constellation-lion-accueille-jupiter\/\" target=\"_blank\" rel=\"noopener noreferrer\">Jupiter<\/a><a href=\"https:\/\/blogs.futura-sciences.com\/feldmann\/2016\/06\/28\/mro-deniche-sur-mars-deux-tres-jeunes-crateres-noirs\/\" target=\"_blank\" rel=\"noopener noreferrer\">\u00a0<\/a>et\u00a0<a href=\"https:\/\/blogs.futura-sciences.com\/feldmann\/2016\/07\/21\/cinq-satellites-de-saturne-devant-sonde-cassini\/\" target=\"_blank\" rel=\"noopener noreferrer\">Saturne<\/a>, puis la d\u00e9couverte des constellations estivales (avec le c\u00e9l\u00e8bre\u00a0<a href=\"https:\/\/blogs.futura-sciences.com\/feldmann\/2014\/08\/08\/triangle-dete\/\" target=\"_blank\" rel=\"noopener noreferrer\">Triangle d\u2019\u00e9t\u00e9<\/a>) et de la\u00a0<a href=\"https:\/\/blogs.futura-sciences.com\/feldmann\/2016\/04\/17\/volcan-de-fuego-eruption-voie-lactee\/\" target=\"_blank\" rel=\"noopener noreferrer\">Voie lact\u00e9e<\/a>. Cerise sur le g\u00e2teau, on attend \u00e9galement plusieurs passages de l&#8217;ISS (voir \u00e0 ce sujet le transit du 4 d\u00e9cembre 2016 ci-dessus) ainsi que de belles\u00a0<a href=\"https:\/\/blogs.futura-sciences.com\/feldmann\/2016\/08\/02\/aout-mois-ideal-admirer-etoiles-filantes\/\" target=\"_blank\" rel=\"noopener noreferrer\">\u00e9toiles filantes<\/a>\u00a0qui devraient s\u2019inviter quelques jours avant le maximum d\u2019activit\u00e9 des\u00a0<a href=\"https:\/\/blogs.futura-sciences.com\/feldmann\/2014\/08\/15\/perseides-2014\/\" target=\"_blank\" rel=\"noopener noreferrer\">Pers\u00e9ides<\/a>.<\/p>\n<p><a href=\"https:\/\/blogs.futura-sciences.com\/feldmann\/wp-content\/uploads\/sites\/9\/2017\/07\/carteciel.jpg\" rel=\"lightbox[8079]\"><img loading=\"lazy\" decoding=\"async\" class=\"alignnone size-medium wp-image-8083\" src=\"https:\/\/blogs.futura-sciences.com\/feldmann\/wp-content\/uploads\/sites\/9\/2017\/07\/carteciel-450x450.jpg\" alt=\"\" width=\"450\" height=\"450\" srcset=\"https:\/\/blogs.futura-sciences.com\/feldmann\/wp-content\/uploads\/sites\/9\/2017\/07\/carteciel-450x450.jpg 450w, https:\/\/blogs.futura-sciences.com\/feldmann\/wp-content\/uploads\/sites\/9\/2017\/07\/carteciel-150x150.jpg 150w, https:\/\/blogs.futura-sciences.com\/feldmann\/wp-content\/uploads\/sites\/9\/2017\/07\/carteciel-768x768.jpg 768w, https:\/\/blogs.futura-sciences.com\/feldmann\/wp-content\/uploads\/sites\/9\/2017\/07\/carteciel.jpg 848w\" sizes=\"auto, (max-width: 450px) 100vw, 450px\" \/><\/a><\/p>\n<p>Et si vous n&#8217;avez rien trouv\u00e9 pr\u00e8s de chez vous et que vous d\u00e9cidez d&#8217;observer seul, n&#8217;h\u00e9sitez pas \u00e0 consulter la carte du ciel propos\u00e9e par <a href=\"http:\/\/www.stelvision.com\/\" target=\"_blank\" rel=\"noopener noreferrer\">Stelvision<\/a> pour vous aider \u00e0 vous orienter (ci-dessus la carte du 29 juillet \u00e0 minuit).<\/p>\n<!-- AddThis Advanced Settings generic via filter on the_content --><!-- AddThis Share Buttons generic via filter on the_content -->","protected":false},"excerpt":{"rendered":"<p>Les 28, 29 et 30 juillet de tr\u00e8s nombreux clubs d\u2019astronomie vous accueilleront \u00e0 l\u2019occasion d\u2019une nouvelle \u00e9dition des Nuits des \u00e9toiles. Juillet et ao\u00fbt sont traditionnellement des mois d\u00e9di\u00e9s \u00e0 la pratique de l&#8217;astronomie : avec les cong\u00e9s annuels et la douceur des nuits d\u2019\u00e9t\u00e9, chacun peut en profiter pour admirer le ciel nocturne, &hellip; <a href=\"https:\/\/blogs.futura-sciences.com\/feldmann\/2017\/07\/24\/weekend-avez-rendez-nuits-etoiles\/\" class=\"more-link\">Continuer la lecture de <span class=\"screen-reader-text\">Ce weekend vous avez rendez-vous avec les Nuits des \u00e9toiles<\/span>  <span class=\"meta-nav\">&rarr;<\/span><\/a><!-- AddThis Advanced Settings generic via filter on get_the_excerpt --><!-- AddThis Share Buttons generic via filter on get_the_excerpt --><\/p>\n","protected":false},"author":8,"featured_media":8080,"comment_status":"open","ping_status":"open","sticky":false,"template":"","format":"standard","meta":{"footnotes":"","_links_to":"","_links_to_target":""},"categories":[87],"tags":[468,196,90,140,1777,172,121,136,845],"class_list":["post-8079","post","type-post","status-publish","format-standard","has-post-thumbnail","hentry","category-les-hommes-et-le-ciel","tag-association-francaise-dastronomie","tag-iss","tag-jupiter","tag-mercure","tag-nuits-des-etoiles","tag-perseides","tag-premier-quartier","tag-saturne","tag-stelvision"],"yoast_head":"<!-- This site is optimized with the Yoast SEO plugin v24.1 - https:\/\/yoast.com\/wordpress\/plugins\/seo\/ -->\n<title>Ce weekend vous avez rendez-vous avec les Nuits des \u00e9toiles<\/title>\n<meta name=\"description\" content=\"Les 28, 29 et 30 juillet de tr\u00e8s nombreux clubs d\u2019astronomie vous accueilleront \u00e0 l\u2019occasion d\u2019une nouvelle \u00e9dition des Nuits des \u00e9toiles.\" \/>\n<meta name=\"robots\" content=\"index, follow, max-snippet:-1, max-image-preview:large, max-video-preview:-1\" \/>\n<link rel=\"canonical\" href=\"https:\/\/blogs.futura-sciences.com\/feldmann\/2017\/07\/24\/weekend-avez-rendez-nuits-etoiles\/\" \/>\n<meta property=\"og:locale\" content=\"fr_FR\" \/>\n<meta property=\"og:type\" content=\"article\" \/>\n<meta property=\"og:title\" content=\"Ce weekend vous avez rendez-vous avec les Nuits des \u00e9toiles\" \/>\n<meta property=\"og:description\" content=\"Les 28, 29 et 30 juillet de tr\u00e8s nombreux clubs d\u2019astronomie vous accueilleront \u00e0 l\u2019occasion d\u2019une nouvelle \u00e9dition des Nuits des \u00e9toiles.\" \/>\n<meta property=\"og:url\" content=\"https:\/\/blogs.futura-sciences.com\/feldmann\/2017\/07\/24\/weekend-avez-rendez-nuits-etoiles\/\" \/>\n<meta property=\"og:site_name\" content=\"CIELMANIA : le blog de Jean-Baptiste FELDMANN, photographe du ciel\" \/>\n<meta property=\"article:published_time\" content=\"2017-07-24T06:34:25+00:00\" \/>\n<meta property=\"article:modified_time\" content=\"2017-07-31T11:06:34+00:00\" \/>\n<meta property=\"og:image\" content=\"https:\/\/blogs.futura-sciences.com\/feldmann\/wp-content\/uploads\/sites\/9\/2017\/07\/nuitsdesetoiles.jpg\" \/>\n\t<meta property=\"og:image:width\" content=\"1453\" \/>\n\t<meta property=\"og:image:height\" content=\"900\" \/>\n\t<meta property=\"og:image:type\" content=\"image\/jpeg\" \/>\n<meta name=\"author\" content=\"Jean-Baptiste FELDMANN\" \/>\n<meta name=\"twitter:card\" content=\"summary_large_image\" \/>\n<meta name=\"twitter:label1\" content=\"\u00c9crit par\" \/>\n\t<meta name=\"twitter:data1\" content=\"Jean-Baptiste FELDMANN\" \/>\n\t<meta name=\"twitter:label2\" content=\"Dur\u00e9e de lecture estim\u00e9e\" \/>\n\t<meta name=\"twitter:data2\" content=\"2 minutes\" \/>\n<script type=\"application\/ld+json\" class=\"yoast-schema-graph\">{\"@context\":\"https:\/\/schema.org\",\"@graph\":[{\"@type\":\"WebPage\",\"@id\":\"https:\/\/blogs.futura-sciences.com\/feldmann\/2017\/07\/24\/weekend-avez-rendez-nuits-etoiles\/\",\"url\":\"https:\/\/blogs.futura-sciences.com\/feldmann\/2017\/07\/24\/weekend-avez-rendez-nuits-etoiles\/\",\"name\":\"Ce weekend vous avez rendez-vous avec les Nuits des \u00e9toiles\",\"isPartOf\":{\"@id\":\"https:\/\/blogs.futura-sciences.com\/feldmann\/#website\"},\"primaryImageOfPage\":{\"@id\":\"https:\/\/blogs.futura-sciences.com\/feldmann\/2017\/07\/24\/weekend-avez-rendez-nuits-etoiles\/#primaryimage\"},\"image\":{\"@id\":\"https:\/\/blogs.futura-sciences.com\/feldmann\/2017\/07\/24\/weekend-avez-rendez-nuits-etoiles\/#primaryimage\"},\"thumbnailUrl\":\"https:\/\/blogs.futura-sciences.com\/feldmann\/wp-content\/uploads\/sites\/9\/2017\/07\/nuitsdesetoiles.jpg\",\"datePublished\":\"2017-07-24T06:34:25+00:00\",\"dateModified\":\"2017-07-31T11:06:34+00:00\",\"author\":{\"@id\":\"https:\/\/blogs.futura-sciences.com\/feldmann\/#\/schema\/person\/62b391b709c307783237b759b62731ea\"},\"description\":\"Les 28, 29 et 30 juillet de tr\u00e8s nombreux clubs d\u2019astronomie vous accueilleront \u00e0 l\u2019occasion d\u2019une nouvelle \u00e9dition des Nuits des \u00e9toiles.\",\"inLanguage\":\"fr-FR\",\"potentialAction\":[{\"@type\":\"ReadAction\",\"target\":[\"https:\/\/blogs.futura-sciences.com\/feldmann\/2017\/07\/24\/weekend-avez-rendez-nuits-etoiles\/\"]}]},{\"@type\":\"ImageObject\",\"inLanguage\":\"fr-FR\",\"@id\":\"https:\/\/blogs.futura-sciences.com\/feldmann\/2017\/07\/24\/weekend-avez-rendez-nuits-etoiles\/#primaryimage\",\"url\":\"https:\/\/blogs.futura-sciences.com\/feldmann\/wp-content\/uploads\/sites\/9\/2017\/07\/nuitsdesetoiles.jpg\",\"contentUrl\":\"https:\/\/blogs.futura-sciences.com\/feldmann\/wp-content\/uploads\/sites\/9\/2017\/07\/nuitsdesetoiles.jpg\",\"width\":1453,\"height\":900},{\"@type\":\"WebSite\",\"@id\":\"https:\/\/blogs.futura-sciences.com\/feldmann\/#website\",\"url\":\"https:\/\/blogs.futura-sciences.com\/feldmann\/\",\"name\":\"CIELMANIA : le blog de Jean-Baptiste FELDMANN, photographe du ciel\",\"description\":\"&quot;J&#039;ai en moi un besoin terrible. Dirais-je le mot? La religion. Alors, je sors la nuit et je peins des \u00e9toiles.&quot;  Vincent van Gogh\",\"potentialAction\":[{\"@type\":\"SearchAction\",\"target\":{\"@type\":\"EntryPoint\",\"urlTemplate\":\"https:\/\/blogs.futura-sciences.com\/feldmann\/?s={search_term_string}\"},\"query-input\":{\"@type\":\"PropertyValueSpecification\",\"valueRequired\":true,\"valueName\":\"search_term_string\"}}],\"inLanguage\":\"fr-FR\"},{\"@type\":\"Person\",\"@id\":\"https:\/\/blogs.futura-sciences.com\/feldmann\/#\/schema\/person\/62b391b709c307783237b759b62731ea\",\"name\":\"Jean-Baptiste FELDMANN\",\"image\":{\"@type\":\"ImageObject\",\"inLanguage\":\"fr-FR\",\"@id\":\"https:\/\/blogs.futura-sciences.com\/feldmann\/#\/schema\/person\/image\/\",\"url\":\"https:\/\/secure.gravatar.com\/avatar\/41f96607fde7a81a14570eec74177c42?s=96&d=mm&r=g\",\"contentUrl\":\"https:\/\/secure.gravatar.com\/avatar\/41f96607fde7a81a14570eec74177c42?s=96&d=mm&r=g\",\"caption\":\"Jean-Baptiste FELDMANN\"},\"url\":\"https:\/\/blogs.futura-sciences.com\/feldmann\/author\/jbfe\/\"}]}<\/script>\n<!-- \/ Yoast SEO plugin. -->","yoast_head_json":{"title":"Ce weekend vous avez rendez-vous avec les Nuits des \u00e9toiles","description":"Les 28, 29 et 30 juillet de tr\u00e8s nombreux clubs d\u2019astronomie vous accueilleront \u00e0 l\u2019occasion d\u2019une nouvelle \u00e9dition des Nuits des \u00e9toiles.","robots":{"index":"index","follow":"follow","max-snippet":"max-snippet:-1","max-image-preview":"max-image-preview:large","max-video-preview":"max-video-preview:-1"},"canonical":"https:\/\/blogs.futura-sciences.com\/feldmann\/2017\/07\/24\/weekend-avez-rendez-nuits-etoiles\/","og_locale":"fr_FR","og_type":"article","og_title":"Ce weekend vous avez rendez-vous avec les Nuits des \u00e9toiles","og_description":"Les 28, 29 et 30 juillet de tr\u00e8s nombreux clubs d\u2019astronomie vous accueilleront \u00e0 l\u2019occasion d\u2019une nouvelle \u00e9dition des Nuits des \u00e9toiles.","og_url":"https:\/\/blogs.futura-sciences.com\/feldmann\/2017\/07\/24\/weekend-avez-rendez-nuits-etoiles\/","og_site_name":"CIELMANIA : le blog de Jean-Baptiste FELDMANN, photographe du ciel","article_published_time":"2017-07-24T06:34:25+00:00","article_modified_time":"2017-07-31T11:06:34+00:00","og_image":[{"width":1453,"height":900,"url":"https:\/\/blogs.futura-sciences.com\/feldmann\/wp-content\/uploads\/sites\/9\/2017\/07\/nuitsdesetoiles.jpg","type":"image\/jpeg"}],"author":"Jean-Baptiste FELDMANN","twitter_card":"summary_large_image","twitter_misc":{"\u00c9crit par":"Jean-Baptiste FELDMANN","Dur\u00e9e de lecture estim\u00e9e":"2 minutes"},"schema":{"@context":"https:\/\/schema.org","@graph":[{"@type":"WebPage","@id":"https:\/\/blogs.futura-sciences.com\/feldmann\/2017\/07\/24\/weekend-avez-rendez-nuits-etoiles\/","url":"https:\/\/blogs.futura-sciences.com\/feldmann\/2017\/07\/24\/weekend-avez-rendez-nuits-etoiles\/","name":"Ce weekend vous avez rendez-vous avec les Nuits des \u00e9toiles","isPartOf":{"@id":"https:\/\/blogs.futura-sciences.com\/feldmann\/#website"},"primaryImageOfPage":{"@id":"https:\/\/blogs.futura-sciences.com\/feldmann\/2017\/07\/24\/weekend-avez-rendez-nuits-etoiles\/#primaryimage"},"image":{"@id":"https:\/\/blogs.futura-sciences.com\/feldmann\/2017\/07\/24\/weekend-avez-rendez-nuits-etoiles\/#primaryimage"},"thumbnailUrl":"https:\/\/blogs.futura-sciences.com\/feldmann\/wp-content\/uploads\/sites\/9\/2017\/07\/nuitsdesetoiles.jpg","datePublished":"2017-07-24T06:34:25+00:00","dateModified":"2017-07-31T11:06:34+00:00","author":{"@id":"https:\/\/blogs.futura-sciences.com\/feldmann\/#\/schema\/person\/62b391b709c307783237b759b62731ea"},"description":"Les 28, 29 et 30 juillet de tr\u00e8s nombreux clubs d\u2019astronomie vous accueilleront \u00e0 l\u2019occasion d\u2019une nouvelle \u00e9dition des Nuits des \u00e9toiles.","inLanguage":"fr-FR","potentialAction":[{"@type":"ReadAction","target":["https:\/\/blogs.futura-sciences.com\/feldmann\/2017\/07\/24\/weekend-avez-rendez-nuits-etoiles\/"]}]},{"@type":"ImageObject","inLanguage":"fr-FR","@id":"https:\/\/blogs.futura-sciences.com\/feldmann\/2017\/07\/24\/weekend-avez-rendez-nuits-etoiles\/#primaryimage","url":"https:\/\/blogs.futura-sciences.com\/feldmann\/wp-content\/uploads\/sites\/9\/2017\/07\/nuitsdesetoiles.jpg","contentUrl":"https:\/\/blogs.futura-sciences.com\/feldmann\/wp-content\/uploads\/sites\/9\/2017\/07\/nuitsdesetoiles.jpg","width":1453,"height":900},{"@type":"WebSite","@id":"https:\/\/blogs.futura-sciences.com\/feldmann\/#website","url":"https:\/\/blogs.futura-sciences.com\/feldmann\/","name":"CIELMANIA : le blog de Jean-Baptiste FELDMANN, photographe du ciel","description":"&quot;J&#039;ai en moi un besoin terrible. Dirais-je le mot? La religion. Alors, je sors la nuit et je peins des \u00e9toiles.&quot;  Vincent van Gogh","potentialAction":[{"@type":"SearchAction","target":{"@type":"EntryPoint","urlTemplate":"https:\/\/blogs.futura-sciences.com\/feldmann\/?s={search_term_string}"},"query-input":{"@type":"PropertyValueSpecification","valueRequired":true,"valueName":"search_term_string"}}],"inLanguage":"fr-FR"},{"@type":"Person","@id":"https:\/\/blogs.futura-sciences.com\/feldmann\/#\/schema\/person\/62b391b709c307783237b759b62731ea","name":"Jean-Baptiste FELDMANN","image":{"@type":"ImageObject","inLanguage":"fr-FR","@id":"https:\/\/blogs.futura-sciences.com\/feldmann\/#\/schema\/person\/image\/","url":"https:\/\/secure.gravatar.com\/avatar\/41f96607fde7a81a14570eec74177c42?s=96&d=mm&r=g","contentUrl":"https:\/\/secure.gravatar.com\/avatar\/41f96607fde7a81a14570eec74177c42?s=96&d=mm&r=g","caption":"Jean-Baptiste FELDMANN"},"url":"https:\/\/blogs.futura-sciences.com\/feldmann\/author\/jbfe\/"}]}},"_links":{"self":[{"href":"https:\/\/blogs.futura-sciences.com\/feldmann\/wp-json\/wp\/v2\/posts\/8079","targetHints":{"allow":["GET"]}}],"collection":[{"href":"https:\/\/blogs.futura-sciences.com\/feldmann\/wp-json\/wp\/v2\/posts"}],"about":[{"href":"https:\/\/blogs.futura-sciences.com\/feldmann\/wp-json\/wp\/v2\/types\/post"}],"author":[{"embeddable":true,"href":"https:\/\/blogs.futura-sciences.com\/feldmann\/wp-json\/wp\/v2\/users\/8"}],"replies":[{"embeddable":true,"href":"https:\/\/blogs.futura-sciences.com\/feldmann\/wp-json\/wp\/v2\/comments?post=8079"}],"version-history":[{"count":6,"href":"https:\/\/blogs.futura-sciences.com\/feldmann\/wp-json\/wp\/v2\/posts\/8079\/revisions"}],"predecessor-version":[{"id":8087,"href":"https:\/\/blogs.futura-sciences.com\/feldmann\/wp-json\/wp\/v2\/posts\/8079\/revisions\/8087"}],"wp:featuredmedia":[{"embeddable":true,"href":"https:\/\/blogs.futura-sciences.com\/feldmann\/wp-json\/wp\/v2\/media\/8080"}],"wp:attachment":[{"href":"https:\/\/blogs.futura-sciences.com\/feldmann\/wp-json\/wp\/v2\/media?parent=8079"}],"wp:term":[{"taxonomy":"category","embeddable":true,"href":"https:\/\/blogs.futura-sciences.com\/feldmann\/wp-json\/wp\/v2\/categories?post=8079"},{"taxonomy":"post_tag","embeddable":true,"href":"https:\/\/blogs.futura-sciences.com\/feldmann\/wp-json\/wp\/v2\/tags?post=8079"}],"curies":[{"name":"wp","href":"https:\/\/api.w.org\/{rel}","templated":true}]}}