{"id":8055,"date":"2017-07-11T11:23:20","date_gmt":"2017-07-11T11:23:20","guid":{"rendered":"https:\/\/blogs.futura-sciences.com\/feldmann\/?p=8055"},"modified":"2017-08-20T08:29:31","modified_gmt":"2017-08-20T08:29:31","slug":"pleine-lune-de-juillet-se-leve-au-milieu-orages","status":"publish","type":"post","link":"https:\/\/blogs.futura-sciences.com\/feldmann\/2017\/07\/11\/pleine-lune-de-juillet-se-leve-au-milieu-orages\/","title":{"rendered":"La Pleine Lune de juillet se l\u00e8ve au milieu des orages"},"content":{"rendered":"<p><strong>De nombreux orages et de fortes pr\u00e9cipitations ont marqu\u00e9 le second weekend de juillet, \u00e0 l&#8217;occasion de la Pleine Lune.<\/strong><\/p>\n<p>La <a href=\"https:\/\/blogs.futura-sciences.com\/feldmann\/2014\/05\/06\/359\/\" target=\"_blank\" rel=\"noopener noreferrer\">Pleine Lune<\/a> de juillet (cette ann\u00e9e elle se produisait le 9 \u00e0 4 h 07 dans la <a href=\"https:\/\/blogs.futura-sciences.com\/feldmann\/2014\/10\/31\/mars-sagittaire\/\" target=\"_blank\" rel=\"noopener noreferrer\">constellation du Sagittaire<\/a>) porte diff\u00e9rents noms : Pleine Lune de l&#8217;orignal, du cerf ou du tonnerre. C&#8217;est bien s\u00fbr ce troisi\u00e8me nom qui correspond le mieux \u00e0 cette image r\u00e9alis\u00e9e dans la soir\u00e9e du 10 juillet, alors qu&#8217;un nouveau front orageux traversait la Bourgogne du SUD-OUEST au NORD-EST.<\/p>\n<p><a href=\"https:\/\/blogs.futura-sciences.com\/feldmann\/wp-content\/uploads\/sites\/9\/2017\/07\/orage_lune.jpg\" rel=\"lightbox[8055]\"><img loading=\"lazy\" decoding=\"async\" class=\"alignnone size-medium wp-image-8056\" src=\"https:\/\/blogs.futura-sciences.com\/feldmann\/wp-content\/uploads\/sites\/9\/2017\/07\/orage_lune-450x299.jpg\" alt=\"\" width=\"450\" height=\"299\" srcset=\"https:\/\/blogs.futura-sciences.com\/feldmann\/wp-content\/uploads\/sites\/9\/2017\/07\/orage_lune-450x299.jpg 450w, https:\/\/blogs.futura-sciences.com\/feldmann\/wp-content\/uploads\/sites\/9\/2017\/07\/orage_lune-768x510.jpg 768w, https:\/\/blogs.futura-sciences.com\/feldmann\/wp-content\/uploads\/sites\/9\/2017\/07\/orage_lune-1024x680.jpg 1024w, https:\/\/blogs.futura-sciences.com\/feldmann\/wp-content\/uploads\/sites\/9\/2017\/07\/orage_lune.jpg 1355w\" sizes=\"auto, (max-width: 450px) 100vw, 450px\" \/><\/a><\/p>\n<p>Ce clich\u00e9 (qui est en r\u00e9alit\u00e9 l&#8217;addition d&#8217;une dizaine de prises de vues) a \u00e9t\u00e9 r\u00e9alis\u00e9 depuis les hauteurs de <a href=\"https:\/\/blogs.futura-sciences.com\/feldmann\/2017\/07\/10\/nuits-saint-georges-regard-tourne-vers-ciel\/\" target=\"_blank\" rel=\"noopener noreferrer\">Nuits-Saint-Georges<\/a> avec une focale de 35 mm (poses de 15 \u00e0 30 sec \u00e0 100 iso).<!--more--><\/p>\n<p>Apr\u00e8s un nouvel \u00e9pisode caniculaire, la France a vu arriver un lot d&#8217;intemp\u00e9ries : pluie (jusqu&#8217;\u00e0 20 mm en moins d&#8217;une demi-heure), orages, gr\u00eale \u00e9taient au menu de pas mal de d\u00e9partements tout au long de la journ\u00e9e du 10 juillet. Les d\u00e9g\u00e2ts variant selon les r\u00e9gions : circulation de certains trains interrompue, zones inond\u00e9es, chutes d&#8217;arbres&#8230;<\/p>\n<p>Ces orages \u00e9taient accompagn\u00e9s d&#8217;une forte activit\u00e9 \u00e9lectrique, une aubaine pour les chasseurs d&#8217;\u00e9clairs qui cherchent \u00e0 immortaliser ce spectacle grandiose. Quant \u00e0 la Lune, elle a fini par se montrer une fois que l&#8217;orage s&#8217;est \u00e9loign\u00e9. La prochaine Pleine Lune se produira le 7 ao\u00fbt et nous observerons \u00e0 son lever au moment du cr\u00e9puscule une discr\u00e8te <a href=\"https:\/\/blogs.futura-sciences.com\/feldmann\/2016\/09\/15\/discrete-eclipse-pleine-lune-16-septembre\/\" target=\"_blank\" rel=\"noopener noreferrer\">\u00e9clipse partielle<\/a> qui assombrira le bord lunaire. Un spectacle beaucoup moins spectaculaire que l&#8217;<a href=\"https:\/\/blogs.futura-sciences.com\/feldmann\/2016\/03\/09\/en-video-leclipse-totale-de-soleil-du-9-mars-2016\/\" target=\"_blank\" rel=\"noopener noreferrer\">\u00e9clipse totale de Soleil<\/a> du 21 ao\u00fbt qui traversera alors les \u00c9tats-Unis d&#8217;OUEST en EST.<\/p>\n\n<!-- iframe plugin v.5.1 wordpress.org\/plugins\/iframe\/ -->\n<iframe loading=\"lazy\" src=\"https:\/\/player.vimeo.com\/video\/160503656\" width=\"640\" height=\"480\" frameborder=\"0\" 0=\"webkitallowfullscreen\" 1=\"mozallowfullscreen\" 2=\"allowfullscreen&gt;&lt;\/iframe\" scrolling=\"yes\" class=\"iframe-class\"><\/iframe>\n\n<!-- AddThis Advanced Settings generic via filter on the_content --><!-- AddThis Share Buttons generic via filter on the_content -->","protected":false},"excerpt":{"rendered":"<p>De nombreux orages et de fortes pr\u00e9cipitations ont marqu\u00e9 le second weekend de juillet, \u00e0 l&#8217;occasion de la Pleine Lune. La Pleine Lune de juillet (cette ann\u00e9e elle se produisait le 9 \u00e0 4 h 07 dans la constellation du Sagittaire) porte diff\u00e9rents noms : Pleine Lune de l&#8217;orignal, du cerf ou du tonnerre. C&#8217;est &hellip; <a href=\"https:\/\/blogs.futura-sciences.com\/feldmann\/2017\/07\/11\/pleine-lune-de-juillet-se-leve-au-milieu-orages\/\" class=\"more-link\">Continuer la lecture de <span class=\"screen-reader-text\">La Pleine Lune de juillet se l\u00e8ve au milieu des orages<\/span>  <span class=\"meta-nav\">&rarr;<\/span><\/a><!-- AddThis Advanced Settings generic via filter on get_the_excerpt --><!-- AddThis Share Buttons generic via filter on get_the_excerpt --><\/p>\n","protected":false},"author":8,"featured_media":8058,"comment_status":"open","ping_status":"open","sticky":false,"template":"","format":"standard","meta":{"footnotes":"","_links_to":"","_links_to_target":""},"categories":[83],"tags":[207,496,146,2278,109],"class_list":["post-8055","post","type-post","status-publish","format-standard","has-post-thumbnail","hentry","category-la-lune","tag-bourgogne","tag-constellation-du-sagittaire","tag-nuits-saint-georges","tag-orages","tag-pleine-lune"],"yoast_head":"<!-- This site is optimized with the Yoast SEO plugin v24.1 - https:\/\/yoast.com\/wordpress\/plugins\/seo\/ -->\n<title>La Pleine Lune de juillet se l\u00e8ve au milieu des orages<\/title>\n<meta name=\"description\" content=\"De nombreux orages et de fortes pr\u00e9cipitations ont marqu\u00e9 le second weekend de juillet, \u00e0 l&#039;occasion de la Pleine Lune.\" \/>\n<meta name=\"robots\" content=\"index, follow, max-snippet:-1, max-image-preview:large, max-video-preview:-1\" \/>\n<link rel=\"canonical\" href=\"https:\/\/blogs.futura-sciences.com\/feldmann\/2017\/07\/11\/pleine-lune-de-juillet-se-leve-au-milieu-orages\/\" \/>\n<meta property=\"og:locale\" content=\"fr_FR\" \/>\n<meta property=\"og:type\" content=\"article\" \/>\n<meta property=\"og:title\" content=\"La Pleine Lune de juillet se l\u00e8ve au milieu des orages\" \/>\n<meta property=\"og:description\" content=\"De nombreux orages et de fortes pr\u00e9cipitations ont marqu\u00e9 le second weekend de juillet, \u00e0 l&#039;occasion de la Pleine Lune.\" \/>\n<meta property=\"og:url\" content=\"https:\/\/blogs.futura-sciences.com\/feldmann\/2017\/07\/11\/pleine-lune-de-juillet-se-leve-au-milieu-orages\/\" \/>\n<meta property=\"og:site_name\" content=\"CIELMANIA : le blog de Jean-Baptiste FELDMANN, photographe du ciel\" \/>\n<meta property=\"article:published_time\" content=\"2017-07-11T11:23:20+00:00\" \/>\n<meta property=\"article:modified_time\" content=\"2017-08-20T08:29:31+00:00\" \/>\n<meta property=\"og:image\" content=\"https:\/\/blogs.futura-sciences.com\/feldmann\/wp-content\/uploads\/sites\/9\/2017\/07\/orage_lune2.jpg\" \/>\n\t<meta property=\"og:image:width\" content=\"1352\" \/>\n\t<meta property=\"og:image:height\" content=\"900\" \/>\n\t<meta property=\"og:image:type\" content=\"image\/jpeg\" \/>\n<meta name=\"author\" content=\"Jean-Baptiste FELDMANN\" \/>\n<meta name=\"twitter:card\" content=\"summary_large_image\" \/>\n<meta name=\"twitter:label1\" content=\"\u00c9crit par\" \/>\n\t<meta name=\"twitter:data1\" content=\"Jean-Baptiste FELDMANN\" \/>\n\t<meta name=\"twitter:label2\" content=\"Dur\u00e9e de lecture estim\u00e9e\" \/>\n\t<meta name=\"twitter:data2\" content=\"1 minute\" \/>\n<script type=\"application\/ld+json\" class=\"yoast-schema-graph\">{\"@context\":\"https:\/\/schema.org\",\"@graph\":[{\"@type\":\"WebPage\",\"@id\":\"https:\/\/blogs.futura-sciences.com\/feldmann\/2017\/07\/11\/pleine-lune-de-juillet-se-leve-au-milieu-orages\/\",\"url\":\"https:\/\/blogs.futura-sciences.com\/feldmann\/2017\/07\/11\/pleine-lune-de-juillet-se-leve-au-milieu-orages\/\",\"name\":\"La Pleine Lune de juillet se l\u00e8ve au milieu des orages\",\"isPartOf\":{\"@id\":\"https:\/\/blogs.futura-sciences.com\/feldmann\/#website\"},\"primaryImageOfPage\":{\"@id\":\"https:\/\/blogs.futura-sciences.com\/feldmann\/2017\/07\/11\/pleine-lune-de-juillet-se-leve-au-milieu-orages\/#primaryimage\"},\"image\":{\"@id\":\"https:\/\/blogs.futura-sciences.com\/feldmann\/2017\/07\/11\/pleine-lune-de-juillet-se-leve-au-milieu-orages\/#primaryimage\"},\"thumbnailUrl\":\"https:\/\/blogs.futura-sciences.com\/feldmann\/wp-content\/uploads\/sites\/9\/2017\/07\/orage_lune2.jpg\",\"datePublished\":\"2017-07-11T11:23:20+00:00\",\"dateModified\":\"2017-08-20T08:29:31+00:00\",\"author\":{\"@id\":\"https:\/\/blogs.futura-sciences.com\/feldmann\/#\/schema\/person\/62b391b709c307783237b759b62731ea\"},\"description\":\"De nombreux orages et de fortes pr\u00e9cipitations ont marqu\u00e9 le second weekend de juillet, \u00e0 l'occasion de la Pleine Lune.\",\"inLanguage\":\"fr-FR\",\"potentialAction\":[{\"@type\":\"ReadAction\",\"target\":[\"https:\/\/blogs.futura-sciences.com\/feldmann\/2017\/07\/11\/pleine-lune-de-juillet-se-leve-au-milieu-orages\/\"]}]},{\"@type\":\"ImageObject\",\"inLanguage\":\"fr-FR\",\"@id\":\"https:\/\/blogs.futura-sciences.com\/feldmann\/2017\/07\/11\/pleine-lune-de-juillet-se-leve-au-milieu-orages\/#primaryimage\",\"url\":\"https:\/\/blogs.futura-sciences.com\/feldmann\/wp-content\/uploads\/sites\/9\/2017\/07\/orage_lune2.jpg\",\"contentUrl\":\"https:\/\/blogs.futura-sciences.com\/feldmann\/wp-content\/uploads\/sites\/9\/2017\/07\/orage_lune2.jpg\",\"width\":1352,\"height\":900,\"caption\":\"La Pleine Lune de juillet se l\u00e8ve au milieu des orages\"},{\"@type\":\"WebSite\",\"@id\":\"https:\/\/blogs.futura-sciences.com\/feldmann\/#website\",\"url\":\"https:\/\/blogs.futura-sciences.com\/feldmann\/\",\"name\":\"CIELMANIA : le blog de Jean-Baptiste FELDMANN, photographe du ciel\",\"description\":\"&quot;J&#039;ai en moi un besoin terrible. Dirais-je le mot? La religion. Alors, je sors la nuit et je peins des \u00e9toiles.&quot;  Vincent van Gogh\",\"potentialAction\":[{\"@type\":\"SearchAction\",\"target\":{\"@type\":\"EntryPoint\",\"urlTemplate\":\"https:\/\/blogs.futura-sciences.com\/feldmann\/?s={search_term_string}\"},\"query-input\":{\"@type\":\"PropertyValueSpecification\",\"valueRequired\":true,\"valueName\":\"search_term_string\"}}],\"inLanguage\":\"fr-FR\"},{\"@type\":\"Person\",\"@id\":\"https:\/\/blogs.futura-sciences.com\/feldmann\/#\/schema\/person\/62b391b709c307783237b759b62731ea\",\"name\":\"Jean-Baptiste FELDMANN\",\"image\":{\"@type\":\"ImageObject\",\"inLanguage\":\"fr-FR\",\"@id\":\"https:\/\/blogs.futura-sciences.com\/feldmann\/#\/schema\/person\/image\/\",\"url\":\"https:\/\/secure.gravatar.com\/avatar\/41f96607fde7a81a14570eec74177c42?s=96&d=mm&r=g\",\"contentUrl\":\"https:\/\/secure.gravatar.com\/avatar\/41f96607fde7a81a14570eec74177c42?s=96&d=mm&r=g\",\"caption\":\"Jean-Baptiste FELDMANN\"},\"url\":\"https:\/\/blogs.futura-sciences.com\/feldmann\/author\/jbfe\/\"}]}<\/script>\n<!-- \/ Yoast SEO plugin. -->","yoast_head_json":{"title":"La Pleine Lune de juillet se l\u00e8ve au milieu des orages","description":"De nombreux orages et de fortes pr\u00e9cipitations ont marqu\u00e9 le second weekend de juillet, \u00e0 l'occasion de la Pleine Lune.","robots":{"index":"index","follow":"follow","max-snippet":"max-snippet:-1","max-image-preview":"max-image-preview:large","max-video-preview":"max-video-preview:-1"},"canonical":"https:\/\/blogs.futura-sciences.com\/feldmann\/2017\/07\/11\/pleine-lune-de-juillet-se-leve-au-milieu-orages\/","og_locale":"fr_FR","og_type":"article","og_title":"La Pleine Lune de juillet se l\u00e8ve au milieu des orages","og_description":"De nombreux orages et de fortes pr\u00e9cipitations ont marqu\u00e9 le second weekend de juillet, \u00e0 l'occasion de la Pleine Lune.","og_url":"https:\/\/blogs.futura-sciences.com\/feldmann\/2017\/07\/11\/pleine-lune-de-juillet-se-leve-au-milieu-orages\/","og_site_name":"CIELMANIA : le blog de Jean-Baptiste FELDMANN, photographe du ciel","article_published_time":"2017-07-11T11:23:20+00:00","article_modified_time":"2017-08-20T08:29:31+00:00","og_image":[{"width":1352,"height":900,"url":"https:\/\/blogs.futura-sciences.com\/feldmann\/wp-content\/uploads\/sites\/9\/2017\/07\/orage_lune2.jpg","type":"image\/jpeg"}],"author":"Jean-Baptiste FELDMANN","twitter_card":"summary_large_image","twitter_misc":{"\u00c9crit par":"Jean-Baptiste FELDMANN","Dur\u00e9e de lecture estim\u00e9e":"1 minute"},"schema":{"@context":"https:\/\/schema.org","@graph":[{"@type":"WebPage","@id":"https:\/\/blogs.futura-sciences.com\/feldmann\/2017\/07\/11\/pleine-lune-de-juillet-se-leve-au-milieu-orages\/","url":"https:\/\/blogs.futura-sciences.com\/feldmann\/2017\/07\/11\/pleine-lune-de-juillet-se-leve-au-milieu-orages\/","name":"La Pleine Lune de juillet se l\u00e8ve au milieu des orages","isPartOf":{"@id":"https:\/\/blogs.futura-sciences.com\/feldmann\/#website"},"primaryImageOfPage":{"@id":"https:\/\/blogs.futura-sciences.com\/feldmann\/2017\/07\/11\/pleine-lune-de-juillet-se-leve-au-milieu-orages\/#primaryimage"},"image":{"@id":"https:\/\/blogs.futura-sciences.com\/feldmann\/2017\/07\/11\/pleine-lune-de-juillet-se-leve-au-milieu-orages\/#primaryimage"},"thumbnailUrl":"https:\/\/blogs.futura-sciences.com\/feldmann\/wp-content\/uploads\/sites\/9\/2017\/07\/orage_lune2.jpg","datePublished":"2017-07-11T11:23:20+00:00","dateModified":"2017-08-20T08:29:31+00:00","author":{"@id":"https:\/\/blogs.futura-sciences.com\/feldmann\/#\/schema\/person\/62b391b709c307783237b759b62731ea"},"description":"De nombreux orages et de fortes pr\u00e9cipitations ont marqu\u00e9 le second weekend de juillet, \u00e0 l'occasion de la Pleine Lune.","inLanguage":"fr-FR","potentialAction":[{"@type":"ReadAction","target":["https:\/\/blogs.futura-sciences.com\/feldmann\/2017\/07\/11\/pleine-lune-de-juillet-se-leve-au-milieu-orages\/"]}]},{"@type":"ImageObject","inLanguage":"fr-FR","@id":"https:\/\/blogs.futura-sciences.com\/feldmann\/2017\/07\/11\/pleine-lune-de-juillet-se-leve-au-milieu-orages\/#primaryimage","url":"https:\/\/blogs.futura-sciences.com\/feldmann\/wp-content\/uploads\/sites\/9\/2017\/07\/orage_lune2.jpg","contentUrl":"https:\/\/blogs.futura-sciences.com\/feldmann\/wp-content\/uploads\/sites\/9\/2017\/07\/orage_lune2.jpg","width":1352,"height":900,"caption":"La Pleine Lune de juillet se l\u00e8ve au milieu des orages"},{"@type":"WebSite","@id":"https:\/\/blogs.futura-sciences.com\/feldmann\/#website","url":"https:\/\/blogs.futura-sciences.com\/feldmann\/","name":"CIELMANIA : le blog de Jean-Baptiste FELDMANN, photographe du ciel","description":"&quot;J&#039;ai en moi un besoin terrible. Dirais-je le mot? La religion. Alors, je sors la nuit et je peins des \u00e9toiles.&quot;  Vincent van Gogh","potentialAction":[{"@type":"SearchAction","target":{"@type":"EntryPoint","urlTemplate":"https:\/\/blogs.futura-sciences.com\/feldmann\/?s={search_term_string}"},"query-input":{"@type":"PropertyValueSpecification","valueRequired":true,"valueName":"search_term_string"}}],"inLanguage":"fr-FR"},{"@type":"Person","@id":"https:\/\/blogs.futura-sciences.com\/feldmann\/#\/schema\/person\/62b391b709c307783237b759b62731ea","name":"Jean-Baptiste FELDMANN","image":{"@type":"ImageObject","inLanguage":"fr-FR","@id":"https:\/\/blogs.futura-sciences.com\/feldmann\/#\/schema\/person\/image\/","url":"https:\/\/secure.gravatar.com\/avatar\/41f96607fde7a81a14570eec74177c42?s=96&d=mm&r=g","contentUrl":"https:\/\/secure.gravatar.com\/avatar\/41f96607fde7a81a14570eec74177c42?s=96&d=mm&r=g","caption":"Jean-Baptiste FELDMANN"},"url":"https:\/\/blogs.futura-sciences.com\/feldmann\/author\/jbfe\/"}]}},"_links":{"self":[{"href":"https:\/\/blogs.futura-sciences.com\/feldmann\/wp-json\/wp\/v2\/posts\/8055","targetHints":{"allow":["GET"]}}],"collection":[{"href":"https:\/\/blogs.futura-sciences.com\/feldmann\/wp-json\/wp\/v2\/posts"}],"about":[{"href":"https:\/\/blogs.futura-sciences.com\/feldmann\/wp-json\/wp\/v2\/types\/post"}],"author":[{"embeddable":true,"href":"https:\/\/blogs.futura-sciences.com\/feldmann\/wp-json\/wp\/v2\/users\/8"}],"replies":[{"embeddable":true,"href":"https:\/\/blogs.futura-sciences.com\/feldmann\/wp-json\/wp\/v2\/comments?post=8055"}],"version-history":[{"count":2,"href":"https:\/\/blogs.futura-sciences.com\/feldmann\/wp-json\/wp\/v2\/posts\/8055\/revisions"}],"predecessor-version":[{"id":8059,"href":"https:\/\/blogs.futura-sciences.com\/feldmann\/wp-json\/wp\/v2\/posts\/8055\/revisions\/8059"}],"wp:featuredmedia":[{"embeddable":true,"href":"https:\/\/blogs.futura-sciences.com\/feldmann\/wp-json\/wp\/v2\/media\/8058"}],"wp:attachment":[{"href":"https:\/\/blogs.futura-sciences.com\/feldmann\/wp-json\/wp\/v2\/media?parent=8055"}],"wp:term":[{"taxonomy":"category","embeddable":true,"href":"https:\/\/blogs.futura-sciences.com\/feldmann\/wp-json\/wp\/v2\/categories?post=8055"},{"taxonomy":"post_tag","embeddable":true,"href":"https:\/\/blogs.futura-sciences.com\/feldmann\/wp-json\/wp\/v2\/tags?post=8055"}],"curies":[{"name":"wp","href":"https:\/\/api.w.org\/{rel}","templated":true}]}}