{"id":7998,"date":"2017-07-04T04:51:33","date_gmt":"2017-07-04T04:51:33","guid":{"rendered":"https:\/\/blogs.futura-sciences.com\/feldmann\/?p=7998"},"modified":"2017-07-28T07:18:34","modified_gmt":"2017-07-28T07:18:34","slug":"curiosite-couronne-de-pollen-autour-de-pleine-lune","status":"publish","type":"post","link":"https:\/\/blogs.futura-sciences.com\/feldmann\/2017\/07\/04\/curiosite-couronne-de-pollen-autour-de-pleine-lune\/","title":{"rendered":"Curiosit\u00e9 : une couronne de pollen autour de la Pleine Lune"},"content":{"rendered":"<p><strong>Des couronnes de pollen sont parfois observ\u00e9es autour de la Lune ou du Soleil \u00e0 la fin du printemps. Saurez-vous les reconna\u00eetre ?<\/strong><\/p>\n<p>Peut-\u00eatre avez-vous d\u00e9j\u00e0 observ\u00e9 des couronnes color\u00e9es autour de la Lune quand sa lumi\u00e8re nous parvient apr\u00e8s avoir travers\u00e9 les gouttelettes d&#8217;eau pr\u00e9sentes dans certains nuages. On parle alors de <a href=\"https:\/\/blogs.futura-sciences.com\/feldmann\/2016\/06\/18\/couronne-lunaire-entre-saturne-mars\/\" target=\"_blank\" rel=\"noopener noreferrer\">couronne lunaire<\/a>. Mais ce qu&#8217;a photographi\u00e9 <a href=\"http:\/\/spaceweathergallery.com\/indiv_upload.php?upload_id=136200&amp;PHPSESSID=i6cv50u0u583o1e4d92jrcmbk7\" target=\"_blank\" rel=\"noopener noreferrer\">Matti Helin<\/a> en Finlande le 10 juin \u00e0 l&#8217;occasion de la <a href=\"https:\/\/blogs.futura-sciences.com\/feldmann\/2017\/06\/11\/lever-pleine-lune-fraises-bourgogne\/\" target=\"_blank\" rel=\"noopener noreferrer\">Pleine Lune des fraises<\/a> est un peu diff\u00e9rent.<\/p>\n<p><a href=\"https:\/\/blogs.futura-sciences.com\/feldmann\/wp-content\/uploads\/sites\/9\/2017\/06\/pollen.jpg\" rel=\"lightbox[7998]\"><img loading=\"lazy\" decoding=\"async\" class=\"alignnone size-medium wp-image-7999\" src=\"https:\/\/blogs.futura-sciences.com\/feldmann\/wp-content\/uploads\/sites\/9\/2017\/06\/pollen-450x304.jpg\" alt=\"\" width=\"450\" height=\"304\" srcset=\"https:\/\/blogs.futura-sciences.com\/feldmann\/wp-content\/uploads\/sites\/9\/2017\/06\/pollen-450x304.jpg 450w, https:\/\/blogs.futura-sciences.com\/feldmann\/wp-content\/uploads\/sites\/9\/2017\/06\/pollen-768x519.jpg 768w, https:\/\/blogs.futura-sciences.com\/feldmann\/wp-content\/uploads\/sites\/9\/2017\/06\/pollen-1024x692.jpg 1024w, https:\/\/blogs.futura-sciences.com\/feldmann\/wp-content\/uploads\/sites\/9\/2017\/06\/pollen.jpg 1333w\" sizes=\"auto, (max-width: 450px) 100vw, 450px\" \/><\/a><\/p>\n<p>Il s&#8217;agit d&#8217;une couronne de pollen produite par la\u00a0diffraction de la lumi\u00e8re \u00e0 travers une multitude de grains de pollens en suspension dans l&#8217;atmosph\u00e8re.<!--more--><\/p>\n<p>\u00c0 cette \u00e9poque de l&#8217;ann\u00e9e ce sont surtout les c\u00f4nes de pin m\u00e2les qui rel\u00e2chent une grande quantit\u00e9 de pollen port\u00e9 par les vents pour se m\u00e9langer avec les oosph\u00e8res que lib\u00e8rent les c\u00f4nes femelles (l&#8217;\u00e9quivalent des ovules chez les animaux), provoquant de v\u00e9ritables nuages d&#8217;une poussi\u00e8re jaune qui se d\u00e9pose un peu partout. Ces pollens dont les grains font plusieurs dizaines de microns produisent de petites couronnes assez caract\u00e9ristiques, parfois tr\u00e8s color\u00e9es, et toujours tr\u00e8s proches en apparence des sources dont elles diffusent la lumi\u00e8re.<\/p>\n<p>On a le plus de chances d&#8217;observer de telles couronnes en fin d&#8217;apr\u00e8s-midi et \u00e0 la tomb\u00e9e de la nuit quand\u00a0les c\u00f4nes ont rel\u00e2ch\u00e9 du pollen pendant toute la journ\u00e9e. Comme les grains de pollen ne sont pas tous sph\u00e9riques, il est m\u00eame parfois possible d&#8217;observer des couronnes elliptiques.<\/p>\n<p>N&#8217;h\u00e9sitez pas \u00e0 faire un tour dans la galerie d&#8217;images consacr\u00e9e aux <a href=\"https:\/\/blogs.futura-sciences.com\/feldmann\/2016\/02\/22\/en-images-les-phenomenes-lumineux-atmospheriques\/\" target=\"_blank\" rel=\"noopener noreferrer\">ph\u00e9nom\u00e8nes lumineux atmosph\u00e9riques<\/a> pour d\u00e9couvrir leur vari\u00e9t\u00e9 et leur beaut\u00e9.<\/p>\n<!-- AddThis Advanced Settings generic via filter on the_content --><!-- AddThis Share Buttons generic via filter on the_content -->","protected":false},"excerpt":{"rendered":"<p>Des couronnes de pollen sont parfois observ\u00e9es autour de la Lune ou du Soleil \u00e0 la fin du printemps. Saurez-vous les reconna\u00eetre ? Peut-\u00eatre avez-vous d\u00e9j\u00e0 observ\u00e9 des couronnes color\u00e9es autour de la Lune quand sa lumi\u00e8re nous parvient apr\u00e8s avoir travers\u00e9 les gouttelettes d&#8217;eau pr\u00e9sentes dans certains nuages. On parle alors de couronne lunaire. &hellip; <a href=\"https:\/\/blogs.futura-sciences.com\/feldmann\/2017\/07\/04\/curiosite-couronne-de-pollen-autour-de-pleine-lune\/\" class=\"more-link\">Continuer la lecture de <span class=\"screen-reader-text\">Curiosit\u00e9 : une couronne de pollen autour de la Pleine Lune<\/span>  <span class=\"meta-nav\">&rarr;<\/span><\/a><!-- AddThis Advanced Settings generic via filter on get_the_excerpt --><!-- AddThis Share Buttons generic via filter on get_the_excerpt --><\/p>\n","protected":false},"author":8,"featured_media":7999,"comment_status":"open","ping_status":"open","sticky":false,"template":"","format":"standard","meta":{"footnotes":"","_links_to":"","_links_to_target":""},"categories":[85],"tags":[2258,2256,1231,2257,1663],"class_list":["post-7998","post","type-post","status-publish","format-standard","has-post-thumbnail","hentry","category-meteores","tag-cone-de-pin","tag-couronne-de-pollen","tag-finlande","tag-matti-helin","tag-pleine-lune-des-fraises"],"yoast_head":"<!-- This site is optimized with the Yoast SEO plugin v24.1 - https:\/\/yoast.com\/wordpress\/plugins\/seo\/ -->\n<title>Curiosit\u00e9 : une couronne de pollen autour de la Pleine Lune<\/title>\n<meta name=\"description\" content=\"Des couronnes de pollen sont parfois observ\u00e9es autour de la Lune ou du Soleil \u00e0 la fin du printemps. Saurez-vous les reconna\u00eetre ?\" \/>\n<meta name=\"robots\" content=\"index, follow, max-snippet:-1, max-image-preview:large, max-video-preview:-1\" \/>\n<link rel=\"canonical\" href=\"https:\/\/blogs.futura-sciences.com\/feldmann\/2017\/07\/04\/curiosite-couronne-de-pollen-autour-de-pleine-lune\/\" \/>\n<meta property=\"og:locale\" content=\"fr_FR\" \/>\n<meta property=\"og:type\" content=\"article\" \/>\n<meta property=\"og:title\" content=\"Curiosit\u00e9 : une couronne de pollen autour de la Pleine Lune\" \/>\n<meta property=\"og:description\" content=\"Des couronnes de pollen sont parfois observ\u00e9es autour de la Lune ou du Soleil \u00e0 la fin du printemps. Saurez-vous les reconna\u00eetre ?\" \/>\n<meta property=\"og:url\" content=\"https:\/\/blogs.futura-sciences.com\/feldmann\/2017\/07\/04\/curiosite-couronne-de-pollen-autour-de-pleine-lune\/\" \/>\n<meta property=\"og:site_name\" content=\"CIELMANIA : le blog de Jean-Baptiste FELDMANN, photographe du ciel\" \/>\n<meta property=\"article:published_time\" content=\"2017-07-04T04:51:33+00:00\" \/>\n<meta property=\"article:modified_time\" content=\"2017-07-28T07:18:34+00:00\" \/>\n<meta property=\"og:image\" content=\"https:\/\/blogs.futura-sciences.com\/feldmann\/wp-content\/uploads\/sites\/9\/2017\/06\/pollen.jpg\" \/>\n\t<meta property=\"og:image:width\" content=\"1333\" \/>\n\t<meta property=\"og:image:height\" content=\"901\" \/>\n\t<meta property=\"og:image:type\" content=\"image\/jpeg\" \/>\n<meta name=\"author\" content=\"Jean-Baptiste FELDMANN\" \/>\n<meta name=\"twitter:card\" content=\"summary_large_image\" \/>\n<meta name=\"twitter:label1\" content=\"\u00c9crit par\" \/>\n\t<meta name=\"twitter:data1\" content=\"Jean-Baptiste FELDMANN\" \/>\n\t<meta name=\"twitter:label2\" content=\"Dur\u00e9e de lecture estim\u00e9e\" \/>\n\t<meta name=\"twitter:data2\" content=\"1 minute\" \/>\n<script type=\"application\/ld+json\" class=\"yoast-schema-graph\">{\"@context\":\"https:\/\/schema.org\",\"@graph\":[{\"@type\":\"WebPage\",\"@id\":\"https:\/\/blogs.futura-sciences.com\/feldmann\/2017\/07\/04\/curiosite-couronne-de-pollen-autour-de-pleine-lune\/\",\"url\":\"https:\/\/blogs.futura-sciences.com\/feldmann\/2017\/07\/04\/curiosite-couronne-de-pollen-autour-de-pleine-lune\/\",\"name\":\"Curiosit\u00e9 : une couronne de pollen autour de la Pleine Lune\",\"isPartOf\":{\"@id\":\"https:\/\/blogs.futura-sciences.com\/feldmann\/#website\"},\"primaryImageOfPage\":{\"@id\":\"https:\/\/blogs.futura-sciences.com\/feldmann\/2017\/07\/04\/curiosite-couronne-de-pollen-autour-de-pleine-lune\/#primaryimage\"},\"image\":{\"@id\":\"https:\/\/blogs.futura-sciences.com\/feldmann\/2017\/07\/04\/curiosite-couronne-de-pollen-autour-de-pleine-lune\/#primaryimage\"},\"thumbnailUrl\":\"https:\/\/blogs.futura-sciences.com\/feldmann\/wp-content\/uploads\/sites\/9\/2017\/06\/pollen.jpg\",\"datePublished\":\"2017-07-04T04:51:33+00:00\",\"dateModified\":\"2017-07-28T07:18:34+00:00\",\"author\":{\"@id\":\"https:\/\/blogs.futura-sciences.com\/feldmann\/#\/schema\/person\/62b391b709c307783237b759b62731ea\"},\"description\":\"Des couronnes de pollen sont parfois observ\u00e9es autour de la Lune ou du Soleil \u00e0 la fin du printemps. Saurez-vous les reconna\u00eetre ?\",\"inLanguage\":\"fr-FR\",\"potentialAction\":[{\"@type\":\"ReadAction\",\"target\":[\"https:\/\/blogs.futura-sciences.com\/feldmann\/2017\/07\/04\/curiosite-couronne-de-pollen-autour-de-pleine-lune\/\"]}]},{\"@type\":\"ImageObject\",\"inLanguage\":\"fr-FR\",\"@id\":\"https:\/\/blogs.futura-sciences.com\/feldmann\/2017\/07\/04\/curiosite-couronne-de-pollen-autour-de-pleine-lune\/#primaryimage\",\"url\":\"https:\/\/blogs.futura-sciences.com\/feldmann\/wp-content\/uploads\/sites\/9\/2017\/06\/pollen.jpg\",\"contentUrl\":\"https:\/\/blogs.futura-sciences.com\/feldmann\/wp-content\/uploads\/sites\/9\/2017\/06\/pollen.jpg\",\"width\":1333,\"height\":901},{\"@type\":\"WebSite\",\"@id\":\"https:\/\/blogs.futura-sciences.com\/feldmann\/#website\",\"url\":\"https:\/\/blogs.futura-sciences.com\/feldmann\/\",\"name\":\"CIELMANIA : le blog de Jean-Baptiste FELDMANN, photographe du ciel\",\"description\":\"&quot;J&#039;ai en moi un besoin terrible. Dirais-je le mot? La religion. Alors, je sors la nuit et je peins des \u00e9toiles.&quot;  Vincent van Gogh\",\"potentialAction\":[{\"@type\":\"SearchAction\",\"target\":{\"@type\":\"EntryPoint\",\"urlTemplate\":\"https:\/\/blogs.futura-sciences.com\/feldmann\/?s={search_term_string}\"},\"query-input\":{\"@type\":\"PropertyValueSpecification\",\"valueRequired\":true,\"valueName\":\"search_term_string\"}}],\"inLanguage\":\"fr-FR\"},{\"@type\":\"Person\",\"@id\":\"https:\/\/blogs.futura-sciences.com\/feldmann\/#\/schema\/person\/62b391b709c307783237b759b62731ea\",\"name\":\"Jean-Baptiste FELDMANN\",\"image\":{\"@type\":\"ImageObject\",\"inLanguage\":\"fr-FR\",\"@id\":\"https:\/\/blogs.futura-sciences.com\/feldmann\/#\/schema\/person\/image\/\",\"url\":\"https:\/\/secure.gravatar.com\/avatar\/41f96607fde7a81a14570eec74177c42?s=96&d=mm&r=g\",\"contentUrl\":\"https:\/\/secure.gravatar.com\/avatar\/41f96607fde7a81a14570eec74177c42?s=96&d=mm&r=g\",\"caption\":\"Jean-Baptiste FELDMANN\"},\"url\":\"https:\/\/blogs.futura-sciences.com\/feldmann\/author\/jbfe\/\"}]}<\/script>\n<!-- \/ Yoast SEO plugin. -->","yoast_head_json":{"title":"Curiosit\u00e9 : une couronne de pollen autour de la Pleine Lune","description":"Des couronnes de pollen sont parfois observ\u00e9es autour de la Lune ou du Soleil \u00e0 la fin du printemps. Saurez-vous les reconna\u00eetre ?","robots":{"index":"index","follow":"follow","max-snippet":"max-snippet:-1","max-image-preview":"max-image-preview:large","max-video-preview":"max-video-preview:-1"},"canonical":"https:\/\/blogs.futura-sciences.com\/feldmann\/2017\/07\/04\/curiosite-couronne-de-pollen-autour-de-pleine-lune\/","og_locale":"fr_FR","og_type":"article","og_title":"Curiosit\u00e9 : une couronne de pollen autour de la Pleine Lune","og_description":"Des couronnes de pollen sont parfois observ\u00e9es autour de la Lune ou du Soleil \u00e0 la fin du printemps. Saurez-vous les reconna\u00eetre ?","og_url":"https:\/\/blogs.futura-sciences.com\/feldmann\/2017\/07\/04\/curiosite-couronne-de-pollen-autour-de-pleine-lune\/","og_site_name":"CIELMANIA : le blog de Jean-Baptiste FELDMANN, photographe du ciel","article_published_time":"2017-07-04T04:51:33+00:00","article_modified_time":"2017-07-28T07:18:34+00:00","og_image":[{"width":1333,"height":901,"url":"https:\/\/blogs.futura-sciences.com\/feldmann\/wp-content\/uploads\/sites\/9\/2017\/06\/pollen.jpg","type":"image\/jpeg"}],"author":"Jean-Baptiste FELDMANN","twitter_card":"summary_large_image","twitter_misc":{"\u00c9crit par":"Jean-Baptiste FELDMANN","Dur\u00e9e de lecture estim\u00e9e":"1 minute"},"schema":{"@context":"https:\/\/schema.org","@graph":[{"@type":"WebPage","@id":"https:\/\/blogs.futura-sciences.com\/feldmann\/2017\/07\/04\/curiosite-couronne-de-pollen-autour-de-pleine-lune\/","url":"https:\/\/blogs.futura-sciences.com\/feldmann\/2017\/07\/04\/curiosite-couronne-de-pollen-autour-de-pleine-lune\/","name":"Curiosit\u00e9 : une couronne de pollen autour de la Pleine Lune","isPartOf":{"@id":"https:\/\/blogs.futura-sciences.com\/feldmann\/#website"},"primaryImageOfPage":{"@id":"https:\/\/blogs.futura-sciences.com\/feldmann\/2017\/07\/04\/curiosite-couronne-de-pollen-autour-de-pleine-lune\/#primaryimage"},"image":{"@id":"https:\/\/blogs.futura-sciences.com\/feldmann\/2017\/07\/04\/curiosite-couronne-de-pollen-autour-de-pleine-lune\/#primaryimage"},"thumbnailUrl":"https:\/\/blogs.futura-sciences.com\/feldmann\/wp-content\/uploads\/sites\/9\/2017\/06\/pollen.jpg","datePublished":"2017-07-04T04:51:33+00:00","dateModified":"2017-07-28T07:18:34+00:00","author":{"@id":"https:\/\/blogs.futura-sciences.com\/feldmann\/#\/schema\/person\/62b391b709c307783237b759b62731ea"},"description":"Des couronnes de pollen sont parfois observ\u00e9es autour de la Lune ou du Soleil \u00e0 la fin du printemps. Saurez-vous les reconna\u00eetre ?","inLanguage":"fr-FR","potentialAction":[{"@type":"ReadAction","target":["https:\/\/blogs.futura-sciences.com\/feldmann\/2017\/07\/04\/curiosite-couronne-de-pollen-autour-de-pleine-lune\/"]}]},{"@type":"ImageObject","inLanguage":"fr-FR","@id":"https:\/\/blogs.futura-sciences.com\/feldmann\/2017\/07\/04\/curiosite-couronne-de-pollen-autour-de-pleine-lune\/#primaryimage","url":"https:\/\/blogs.futura-sciences.com\/feldmann\/wp-content\/uploads\/sites\/9\/2017\/06\/pollen.jpg","contentUrl":"https:\/\/blogs.futura-sciences.com\/feldmann\/wp-content\/uploads\/sites\/9\/2017\/06\/pollen.jpg","width":1333,"height":901},{"@type":"WebSite","@id":"https:\/\/blogs.futura-sciences.com\/feldmann\/#website","url":"https:\/\/blogs.futura-sciences.com\/feldmann\/","name":"CIELMANIA : le blog de Jean-Baptiste FELDMANN, photographe du ciel","description":"&quot;J&#039;ai en moi un besoin terrible. Dirais-je le mot? La religion. Alors, je sors la nuit et je peins des \u00e9toiles.&quot;  Vincent van Gogh","potentialAction":[{"@type":"SearchAction","target":{"@type":"EntryPoint","urlTemplate":"https:\/\/blogs.futura-sciences.com\/feldmann\/?s={search_term_string}"},"query-input":{"@type":"PropertyValueSpecification","valueRequired":true,"valueName":"search_term_string"}}],"inLanguage":"fr-FR"},{"@type":"Person","@id":"https:\/\/blogs.futura-sciences.com\/feldmann\/#\/schema\/person\/62b391b709c307783237b759b62731ea","name":"Jean-Baptiste FELDMANN","image":{"@type":"ImageObject","inLanguage":"fr-FR","@id":"https:\/\/blogs.futura-sciences.com\/feldmann\/#\/schema\/person\/image\/","url":"https:\/\/secure.gravatar.com\/avatar\/41f96607fde7a81a14570eec74177c42?s=96&d=mm&r=g","contentUrl":"https:\/\/secure.gravatar.com\/avatar\/41f96607fde7a81a14570eec74177c42?s=96&d=mm&r=g","caption":"Jean-Baptiste FELDMANN"},"url":"https:\/\/blogs.futura-sciences.com\/feldmann\/author\/jbfe\/"}]}},"_links":{"self":[{"href":"https:\/\/blogs.futura-sciences.com\/feldmann\/wp-json\/wp\/v2\/posts\/7998","targetHints":{"allow":["GET"]}}],"collection":[{"href":"https:\/\/blogs.futura-sciences.com\/feldmann\/wp-json\/wp\/v2\/posts"}],"about":[{"href":"https:\/\/blogs.futura-sciences.com\/feldmann\/wp-json\/wp\/v2\/types\/post"}],"author":[{"embeddable":true,"href":"https:\/\/blogs.futura-sciences.com\/feldmann\/wp-json\/wp\/v2\/users\/8"}],"replies":[{"embeddable":true,"href":"https:\/\/blogs.futura-sciences.com\/feldmann\/wp-json\/wp\/v2\/comments?post=7998"}],"version-history":[{"count":2,"href":"https:\/\/blogs.futura-sciences.com\/feldmann\/wp-json\/wp\/v2\/posts\/7998\/revisions"}],"predecessor-version":[{"id":8001,"href":"https:\/\/blogs.futura-sciences.com\/feldmann\/wp-json\/wp\/v2\/posts\/7998\/revisions\/8001"}],"wp:featuredmedia":[{"embeddable":true,"href":"https:\/\/blogs.futura-sciences.com\/feldmann\/wp-json\/wp\/v2\/media\/7999"}],"wp:attachment":[{"href":"https:\/\/blogs.futura-sciences.com\/feldmann\/wp-json\/wp\/v2\/media?parent=7998"}],"wp:term":[{"taxonomy":"category","embeddable":true,"href":"https:\/\/blogs.futura-sciences.com\/feldmann\/wp-json\/wp\/v2\/categories?post=7998"},{"taxonomy":"post_tag","embeddable":true,"href":"https:\/\/blogs.futura-sciences.com\/feldmann\/wp-json\/wp\/v2\/tags?post=7998"}],"curies":[{"name":"wp","href":"https:\/\/api.w.org\/{rel}","templated":true}]}}