{"id":7910,"date":"2017-05-29T16:03:41","date_gmt":"2017-05-29T16:03:41","guid":{"rendered":"https:\/\/blogs.futura-sciences.com\/feldmann\/?p=7910"},"modified":"2017-06-06T18:30:12","modified_gmt":"2017-06-06T18:30:12","slug":"jeune-lune-agee-de-48-heures-soir-27-mai","status":"publish","type":"post","link":"https:\/\/blogs.futura-sciences.com\/feldmann\/2017\/05\/29\/jeune-lune-agee-de-48-heures-soir-27-mai\/","title":{"rendered":"Jeune Lune \u00e2g\u00e9e de 48 heures au soir du 27 mai"},"content":{"rendered":"<p><strong>Retour sur la jeune Lune visible au cours du dernier weekend du mois de mai, accompagn\u00e9e en soir\u00e9e d&#8217;une jolie lumi\u00e8re cendr\u00e9e.<\/strong><\/p>\n<p>Qu&#8217;appelle-t-on jeune Lune ? Il s&#8217;agit du croissant que l&#8217;on peut d\u00e9couvrir en soir\u00e9e sur l&#8217;horizon OUEST juste apr\u00e8s la Nouvelle Lune. Quant \u00e0 la vieille Lune elle correspond au croissant qui pr\u00e9c\u00e8de la Nouvelle Lune et et qu&#8217;on observe cette fois \u00e0 l&#8217;aube au-dessus de l&#8217;horizon EST.<\/p>\n<p><a href=\"https:\/\/blogs.futura-sciences.com\/feldmann\/wp-content\/uploads\/sites\/9\/2017\/05\/jlune2.jpg\" rel=\"lightbox[7910]\"><img loading=\"lazy\" decoding=\"async\" class=\"alignnone size-medium wp-image-7912\" src=\"https:\/\/blogs.futura-sciences.com\/feldmann\/wp-content\/uploads\/sites\/9\/2017\/05\/jlune2-450x302.jpg\" alt=\"\" width=\"450\" height=\"302\" srcset=\"https:\/\/blogs.futura-sciences.com\/feldmann\/wp-content\/uploads\/sites\/9\/2017\/05\/jlune2-450x302.jpg 450w, https:\/\/blogs.futura-sciences.com\/feldmann\/wp-content\/uploads\/sites\/9\/2017\/05\/jlune2-768x515.jpg 768w, https:\/\/blogs.futura-sciences.com\/feldmann\/wp-content\/uploads\/sites\/9\/2017\/05\/jlune2-1024x687.jpg 1024w, https:\/\/blogs.futura-sciences.com\/feldmann\/wp-content\/uploads\/sites\/9\/2017\/05\/jlune2.jpg 1341w\" sizes=\"auto, (max-width: 450px) 100vw, 450px\" \/><\/a><\/p>\n<p>La Nouvelle Lune s&#8217;\u00e9tant produite le 25 mai (date du d\u00e9but des <a href=\"https:\/\/blogs.futura-sciences.com\/feldmann\/2017\/05\/28\/images-rap-2017-tres-grand-cru\/\" target=\"_blank\" rel=\"noopener noreferrer\">RAP 2017<\/a>) \u00e0 19h45, la jeune Lune \u00e9tait observable \u00e0 partir de la soir\u00e9e du 26 mai et marquait <a href=\"https:\/\/blogs.futura-sciences.com\/feldmann\/2017\/05\/23\/debut-ramadan-attente-jeune-croissant\/\" target=\"_blank\" rel=\"noopener noreferrer\">le d\u00e9but du Ramadan<\/a>.<!--more--><\/p>\n<p>C&#8217;est 24 heures plus tard qu&#8217;ont \u00e9t\u00e9 r\u00e9alis\u00e9es ces images depuis Craponne sur Arzon avec un bo\u00eetier Nikon D3200 et un objectif 70-300 mm.<\/p>\n<p><a href=\"https:\/\/blogs.futura-sciences.com\/feldmann\/wp-content\/uploads\/sites\/9\/2017\/05\/jlune1.jpg\" rel=\"lightbox[7910]\"><img loading=\"lazy\" decoding=\"async\" class=\"alignnone size-medium wp-image-7911\" src=\"https:\/\/blogs.futura-sciences.com\/feldmann\/wp-content\/uploads\/sites\/9\/2017\/05\/jlune1-450x299.jpg\" alt=\"\" width=\"450\" height=\"299\" srcset=\"https:\/\/blogs.futura-sciences.com\/feldmann\/wp-content\/uploads\/sites\/9\/2017\/05\/jlune1-450x299.jpg 450w, https:\/\/blogs.futura-sciences.com\/feldmann\/wp-content\/uploads\/sites\/9\/2017\/05\/jlune1-768x510.jpg 768w, https:\/\/blogs.futura-sciences.com\/feldmann\/wp-content\/uploads\/sites\/9\/2017\/05\/jlune1-1024x681.jpg 1024w, https:\/\/blogs.futura-sciences.com\/feldmann\/wp-content\/uploads\/sites\/9\/2017\/05\/jlune1.jpg 1354w\" sizes=\"auto, (max-width: 450px) 100vw, 450px\" \/><\/a><\/p>\n<p>Comme \u00e0 chaque d\u00e9but de lunaison, c\u2019est un spectacle enchanteur qui attendait les observateurs quand la nuit a commenc\u00e9 \u00e0 s&#8217;installer. Alors qu&#8217;un petit <a href=\"https:\/\/blogs.futura-sciences.com\/feldmann\/2015\/05\/21\/le-croissant-lunaire-et-la-lumiere-cendree-le-20-mai\/\" target=\"_blank\" rel=\"noopener noreferrer\">croissant lunaire<\/a>\u00a0se pr\u00e9sentait comme une parenth\u00e8se lumineuse, on pouvait distinguer une d\u00e9licate lueur sur le reste du disque lunaire, la <a href=\"https:\/\/blogs.futura-sciences.com\/feldmann\/2015\/09\/17\/en-video-un-saisissant-coucher-de-lumiere-cendree\/\" target=\"_blank\" rel=\"noopener noreferrer\">lumi\u00e8re cendr\u00e9e<\/a> ou clair de Terre.<\/p>\n<p>La lumi\u00e8re cendr\u00e9e est produite par la r\u00e9flexion dans l&#8217;espace des rayons solaires qui tombent sur les nuages terrestres. Imaginez un astronaute plac\u00e9 sur la Lune \u00e0 cette \u00e9poque\u00a0: il verrait dans le ciel la Pleine Terre presque cent fois plus lumineuse que la <a href=\"https:\/\/blogs.futura-sciences.com\/feldmann\/2016\/05\/30\/video-pleine-lune-derriere-pic-teide\/\" target=\"_blank\" rel=\"noopener noreferrer\">Pleine Lune<\/a> lorsque nous l\u2019admirons depuis notre plan\u00e8te\u00a0!<\/p>\n<!-- AddThis Advanced Settings generic via filter on the_content --><!-- AddThis Share Buttons generic via filter on the_content -->","protected":false},"excerpt":{"rendered":"<p>Retour sur la jeune Lune visible au cours du dernier weekend du mois de mai, accompagn\u00e9e en soir\u00e9e d&#8217;une jolie lumi\u00e8re cendr\u00e9e. Qu&#8217;appelle-t-on jeune Lune ? Il s&#8217;agit du croissant que l&#8217;on peut d\u00e9couvrir en soir\u00e9e sur l&#8217;horizon OUEST juste apr\u00e8s la Nouvelle Lune. Quant \u00e0 la vieille Lune elle correspond au croissant qui pr\u00e9c\u00e8de &hellip; <a href=\"https:\/\/blogs.futura-sciences.com\/feldmann\/2017\/05\/29\/jeune-lune-agee-de-48-heures-soir-27-mai\/\" class=\"more-link\">Continuer la lecture de <span class=\"screen-reader-text\">Jeune Lune \u00e2g\u00e9e de 48 heures au soir du 27 mai<\/span>  <span class=\"meta-nav\">&rarr;<\/span><\/a><!-- AddThis Advanced Settings generic via filter on get_the_excerpt --><!-- AddThis Share Buttons generic via filter on get_the_excerpt --><\/p>\n","protected":false},"author":8,"featured_media":7911,"comment_status":"open","ping_status":"open","sticky":false,"template":"","format":"standard","meta":{"footnotes":"","_links_to":"","_links_to_target":""},"categories":[83],"tags":[1026,1154,224,1023],"class_list":["post-7910","post","type-post","status-publish","format-standard","has-post-thumbnail","hentry","category-la-lune","tag-craponne-sur-arzon","tag-jeune-lune","tag-ramadan","tag-rap"],"yoast_head":"<!-- This site is optimized with the Yoast SEO plugin v24.1 - https:\/\/yoast.com\/wordpress\/plugins\/seo\/ -->\n<title>Jeune Lune \u00e2g\u00e9e de 48 heures au soir du 27 mai<\/title>\n<meta name=\"description\" content=\"Retour sur la jeune Lune visible au cours du dernier weekend du mois de mai, accompagn\u00e9e en soir\u00e9e d&#039;une jolie lumi\u00e8re cendr\u00e9e.\" \/>\n<meta name=\"robots\" content=\"index, follow, max-snippet:-1, max-image-preview:large, max-video-preview:-1\" \/>\n<link rel=\"canonical\" href=\"https:\/\/blogs.futura-sciences.com\/feldmann\/2017\/05\/29\/jeune-lune-agee-de-48-heures-soir-27-mai\/\" \/>\n<meta property=\"og:locale\" content=\"fr_FR\" \/>\n<meta property=\"og:type\" content=\"article\" \/>\n<meta property=\"og:title\" content=\"Jeune Lune \u00e2g\u00e9e de 48 heures au soir du 27 mai\" \/>\n<meta property=\"og:description\" content=\"Retour sur la jeune Lune visible au cours du dernier weekend du mois de mai, accompagn\u00e9e en soir\u00e9e d&#039;une jolie lumi\u00e8re cendr\u00e9e.\" \/>\n<meta property=\"og:url\" content=\"https:\/\/blogs.futura-sciences.com\/feldmann\/2017\/05\/29\/jeune-lune-agee-de-48-heures-soir-27-mai\/\" \/>\n<meta property=\"og:site_name\" content=\"CIELMANIA : le blog de Jean-Baptiste FELDMANN, photographe du ciel\" \/>\n<meta property=\"article:published_time\" content=\"2017-05-29T16:03:41+00:00\" \/>\n<meta property=\"article:modified_time\" content=\"2017-06-06T18:30:12+00:00\" \/>\n<meta property=\"og:image\" content=\"https:\/\/blogs.futura-sciences.com\/feldmann\/wp-content\/uploads\/sites\/9\/2017\/05\/jlune1.jpg\" \/>\n\t<meta property=\"og:image:width\" content=\"1354\" \/>\n\t<meta property=\"og:image:height\" content=\"900\" \/>\n\t<meta property=\"og:image:type\" content=\"image\/jpeg\" \/>\n<meta name=\"author\" content=\"Jean-Baptiste FELDMANN\" \/>\n<meta name=\"twitter:card\" content=\"summary_large_image\" \/>\n<meta name=\"twitter:label1\" content=\"\u00c9crit par\" \/>\n\t<meta name=\"twitter:data1\" content=\"Jean-Baptiste FELDMANN\" \/>\n\t<meta name=\"twitter:label2\" content=\"Dur\u00e9e de lecture estim\u00e9e\" \/>\n\t<meta name=\"twitter:data2\" content=\"1 minute\" \/>\n<script type=\"application\/ld+json\" class=\"yoast-schema-graph\">{\"@context\":\"https:\/\/schema.org\",\"@graph\":[{\"@type\":\"WebPage\",\"@id\":\"https:\/\/blogs.futura-sciences.com\/feldmann\/2017\/05\/29\/jeune-lune-agee-de-48-heures-soir-27-mai\/\",\"url\":\"https:\/\/blogs.futura-sciences.com\/feldmann\/2017\/05\/29\/jeune-lune-agee-de-48-heures-soir-27-mai\/\",\"name\":\"Jeune Lune \u00e2g\u00e9e de 48 heures au soir du 27 mai\",\"isPartOf\":{\"@id\":\"https:\/\/blogs.futura-sciences.com\/feldmann\/#website\"},\"primaryImageOfPage\":{\"@id\":\"https:\/\/blogs.futura-sciences.com\/feldmann\/2017\/05\/29\/jeune-lune-agee-de-48-heures-soir-27-mai\/#primaryimage\"},\"image\":{\"@id\":\"https:\/\/blogs.futura-sciences.com\/feldmann\/2017\/05\/29\/jeune-lune-agee-de-48-heures-soir-27-mai\/#primaryimage\"},\"thumbnailUrl\":\"https:\/\/blogs.futura-sciences.com\/feldmann\/wp-content\/uploads\/sites\/9\/2017\/05\/jlune1.jpg\",\"datePublished\":\"2017-05-29T16:03:41+00:00\",\"dateModified\":\"2017-06-06T18:30:12+00:00\",\"author\":{\"@id\":\"https:\/\/blogs.futura-sciences.com\/feldmann\/#\/schema\/person\/62b391b709c307783237b759b62731ea\"},\"description\":\"Retour sur la jeune Lune visible au cours du dernier weekend du mois de mai, accompagn\u00e9e en soir\u00e9e d'une jolie lumi\u00e8re cendr\u00e9e.\",\"inLanguage\":\"fr-FR\",\"potentialAction\":[{\"@type\":\"ReadAction\",\"target\":[\"https:\/\/blogs.futura-sciences.com\/feldmann\/2017\/05\/29\/jeune-lune-agee-de-48-heures-soir-27-mai\/\"]}]},{\"@type\":\"ImageObject\",\"inLanguage\":\"fr-FR\",\"@id\":\"https:\/\/blogs.futura-sciences.com\/feldmann\/2017\/05\/29\/jeune-lune-agee-de-48-heures-soir-27-mai\/#primaryimage\",\"url\":\"https:\/\/blogs.futura-sciences.com\/feldmann\/wp-content\/uploads\/sites\/9\/2017\/05\/jlune1.jpg\",\"contentUrl\":\"https:\/\/blogs.futura-sciences.com\/feldmann\/wp-content\/uploads\/sites\/9\/2017\/05\/jlune1.jpg\",\"width\":1354,\"height\":900},{\"@type\":\"WebSite\",\"@id\":\"https:\/\/blogs.futura-sciences.com\/feldmann\/#website\",\"url\":\"https:\/\/blogs.futura-sciences.com\/feldmann\/\",\"name\":\"CIELMANIA : le blog de Jean-Baptiste FELDMANN, photographe du ciel\",\"description\":\"&quot;J&#039;ai en moi un besoin terrible. Dirais-je le mot? La religion. Alors, je sors la nuit et je peins des \u00e9toiles.&quot;  Vincent van Gogh\",\"potentialAction\":[{\"@type\":\"SearchAction\",\"target\":{\"@type\":\"EntryPoint\",\"urlTemplate\":\"https:\/\/blogs.futura-sciences.com\/feldmann\/?s={search_term_string}\"},\"query-input\":{\"@type\":\"PropertyValueSpecification\",\"valueRequired\":true,\"valueName\":\"search_term_string\"}}],\"inLanguage\":\"fr-FR\"},{\"@type\":\"Person\",\"@id\":\"https:\/\/blogs.futura-sciences.com\/feldmann\/#\/schema\/person\/62b391b709c307783237b759b62731ea\",\"name\":\"Jean-Baptiste FELDMANN\",\"image\":{\"@type\":\"ImageObject\",\"inLanguage\":\"fr-FR\",\"@id\":\"https:\/\/blogs.futura-sciences.com\/feldmann\/#\/schema\/person\/image\/\",\"url\":\"https:\/\/secure.gravatar.com\/avatar\/41f96607fde7a81a14570eec74177c42?s=96&d=mm&r=g\",\"contentUrl\":\"https:\/\/secure.gravatar.com\/avatar\/41f96607fde7a81a14570eec74177c42?s=96&d=mm&r=g\",\"caption\":\"Jean-Baptiste FELDMANN\"},\"url\":\"https:\/\/blogs.futura-sciences.com\/feldmann\/author\/jbfe\/\"}]}<\/script>\n<!-- \/ Yoast SEO plugin. -->","yoast_head_json":{"title":"Jeune Lune \u00e2g\u00e9e de 48 heures au soir du 27 mai","description":"Retour sur la jeune Lune visible au cours du dernier weekend du mois de mai, accompagn\u00e9e en soir\u00e9e d'une jolie lumi\u00e8re cendr\u00e9e.","robots":{"index":"index","follow":"follow","max-snippet":"max-snippet:-1","max-image-preview":"max-image-preview:large","max-video-preview":"max-video-preview:-1"},"canonical":"https:\/\/blogs.futura-sciences.com\/feldmann\/2017\/05\/29\/jeune-lune-agee-de-48-heures-soir-27-mai\/","og_locale":"fr_FR","og_type":"article","og_title":"Jeune Lune \u00e2g\u00e9e de 48 heures au soir du 27 mai","og_description":"Retour sur la jeune Lune visible au cours du dernier weekend du mois de mai, accompagn\u00e9e en soir\u00e9e d'une jolie lumi\u00e8re cendr\u00e9e.","og_url":"https:\/\/blogs.futura-sciences.com\/feldmann\/2017\/05\/29\/jeune-lune-agee-de-48-heures-soir-27-mai\/","og_site_name":"CIELMANIA : le blog de Jean-Baptiste FELDMANN, photographe du ciel","article_published_time":"2017-05-29T16:03:41+00:00","article_modified_time":"2017-06-06T18:30:12+00:00","og_image":[{"width":1354,"height":900,"url":"https:\/\/blogs.futura-sciences.com\/feldmann\/wp-content\/uploads\/sites\/9\/2017\/05\/jlune1.jpg","type":"image\/jpeg"}],"author":"Jean-Baptiste FELDMANN","twitter_card":"summary_large_image","twitter_misc":{"\u00c9crit par":"Jean-Baptiste FELDMANN","Dur\u00e9e de lecture estim\u00e9e":"1 minute"},"schema":{"@context":"https:\/\/schema.org","@graph":[{"@type":"WebPage","@id":"https:\/\/blogs.futura-sciences.com\/feldmann\/2017\/05\/29\/jeune-lune-agee-de-48-heures-soir-27-mai\/","url":"https:\/\/blogs.futura-sciences.com\/feldmann\/2017\/05\/29\/jeune-lune-agee-de-48-heures-soir-27-mai\/","name":"Jeune Lune \u00e2g\u00e9e de 48 heures au soir du 27 mai","isPartOf":{"@id":"https:\/\/blogs.futura-sciences.com\/feldmann\/#website"},"primaryImageOfPage":{"@id":"https:\/\/blogs.futura-sciences.com\/feldmann\/2017\/05\/29\/jeune-lune-agee-de-48-heures-soir-27-mai\/#primaryimage"},"image":{"@id":"https:\/\/blogs.futura-sciences.com\/feldmann\/2017\/05\/29\/jeune-lune-agee-de-48-heures-soir-27-mai\/#primaryimage"},"thumbnailUrl":"https:\/\/blogs.futura-sciences.com\/feldmann\/wp-content\/uploads\/sites\/9\/2017\/05\/jlune1.jpg","datePublished":"2017-05-29T16:03:41+00:00","dateModified":"2017-06-06T18:30:12+00:00","author":{"@id":"https:\/\/blogs.futura-sciences.com\/feldmann\/#\/schema\/person\/62b391b709c307783237b759b62731ea"},"description":"Retour sur la jeune Lune visible au cours du dernier weekend du mois de mai, accompagn\u00e9e en soir\u00e9e d'une jolie lumi\u00e8re cendr\u00e9e.","inLanguage":"fr-FR","potentialAction":[{"@type":"ReadAction","target":["https:\/\/blogs.futura-sciences.com\/feldmann\/2017\/05\/29\/jeune-lune-agee-de-48-heures-soir-27-mai\/"]}]},{"@type":"ImageObject","inLanguage":"fr-FR","@id":"https:\/\/blogs.futura-sciences.com\/feldmann\/2017\/05\/29\/jeune-lune-agee-de-48-heures-soir-27-mai\/#primaryimage","url":"https:\/\/blogs.futura-sciences.com\/feldmann\/wp-content\/uploads\/sites\/9\/2017\/05\/jlune1.jpg","contentUrl":"https:\/\/blogs.futura-sciences.com\/feldmann\/wp-content\/uploads\/sites\/9\/2017\/05\/jlune1.jpg","width":1354,"height":900},{"@type":"WebSite","@id":"https:\/\/blogs.futura-sciences.com\/feldmann\/#website","url":"https:\/\/blogs.futura-sciences.com\/feldmann\/","name":"CIELMANIA : le blog de Jean-Baptiste FELDMANN, photographe du ciel","description":"&quot;J&#039;ai en moi un besoin terrible. Dirais-je le mot? La religion. Alors, je sors la nuit et je peins des \u00e9toiles.&quot;  Vincent van Gogh","potentialAction":[{"@type":"SearchAction","target":{"@type":"EntryPoint","urlTemplate":"https:\/\/blogs.futura-sciences.com\/feldmann\/?s={search_term_string}"},"query-input":{"@type":"PropertyValueSpecification","valueRequired":true,"valueName":"search_term_string"}}],"inLanguage":"fr-FR"},{"@type":"Person","@id":"https:\/\/blogs.futura-sciences.com\/feldmann\/#\/schema\/person\/62b391b709c307783237b759b62731ea","name":"Jean-Baptiste FELDMANN","image":{"@type":"ImageObject","inLanguage":"fr-FR","@id":"https:\/\/blogs.futura-sciences.com\/feldmann\/#\/schema\/person\/image\/","url":"https:\/\/secure.gravatar.com\/avatar\/41f96607fde7a81a14570eec74177c42?s=96&d=mm&r=g","contentUrl":"https:\/\/secure.gravatar.com\/avatar\/41f96607fde7a81a14570eec74177c42?s=96&d=mm&r=g","caption":"Jean-Baptiste FELDMANN"},"url":"https:\/\/blogs.futura-sciences.com\/feldmann\/author\/jbfe\/"}]}},"_links":{"self":[{"href":"https:\/\/blogs.futura-sciences.com\/feldmann\/wp-json\/wp\/v2\/posts\/7910","targetHints":{"allow":["GET"]}}],"collection":[{"href":"https:\/\/blogs.futura-sciences.com\/feldmann\/wp-json\/wp\/v2\/posts"}],"about":[{"href":"https:\/\/blogs.futura-sciences.com\/feldmann\/wp-json\/wp\/v2\/types\/post"}],"author":[{"embeddable":true,"href":"https:\/\/blogs.futura-sciences.com\/feldmann\/wp-json\/wp\/v2\/users\/8"}],"replies":[{"embeddable":true,"href":"https:\/\/blogs.futura-sciences.com\/feldmann\/wp-json\/wp\/v2\/comments?post=7910"}],"version-history":[{"count":1,"href":"https:\/\/blogs.futura-sciences.com\/feldmann\/wp-json\/wp\/v2\/posts\/7910\/revisions"}],"predecessor-version":[{"id":7913,"href":"https:\/\/blogs.futura-sciences.com\/feldmann\/wp-json\/wp\/v2\/posts\/7910\/revisions\/7913"}],"wp:featuredmedia":[{"embeddable":true,"href":"https:\/\/blogs.futura-sciences.com\/feldmann\/wp-json\/wp\/v2\/media\/7911"}],"wp:attachment":[{"href":"https:\/\/blogs.futura-sciences.com\/feldmann\/wp-json\/wp\/v2\/media?parent=7910"}],"wp:term":[{"taxonomy":"category","embeddable":true,"href":"https:\/\/blogs.futura-sciences.com\/feldmann\/wp-json\/wp\/v2\/categories?post=7910"},{"taxonomy":"post_tag","embeddable":true,"href":"https:\/\/blogs.futura-sciences.com\/feldmann\/wp-json\/wp\/v2\/tags?post=7910"}],"curies":[{"name":"wp","href":"https:\/\/api.w.org\/{rel}","templated":true}]}}