{"id":7308,"date":"2017-02-11T07:41:06","date_gmt":"2017-02-11T07:41:06","guid":{"rendered":"https:\/\/blogs.futura-sciences.com\/feldmann\/?p=7308"},"modified":"2017-02-16T13:00:24","modified_gmt":"2017-02-16T13:00:24","slug":"voile-sombre-sur-la-pleine-lune-des-neiges","status":"publish","type":"post","link":"https:\/\/blogs.futura-sciences.com\/feldmann\/2017\/02\/11\/voile-sombre-sur-la-pleine-lune-des-neiges\/","title":{"rendered":"Voile sombre sur la Pleine Lune des neiges"},"content":{"rendered":"<p><strong>Retour sur l&#8217;\u00e9clipse partielle par la p\u00e9nombre qui a assombri l\u00e9g\u00e8rement la Pleine Lune des neiges dans la nuit du 10 au 11 f\u00e9vrier.\u00a0<\/strong><\/p>\n<p>Le 11 f\u00e9vrier \u00e0 0 h 44 TU avait lieu la Pleine Lune des neiges, la seconde de l\u2019ann\u00e9e apr\u00e8s la <a href=\"https:\/\/blogs.futura-sciences.com\/feldmann\/2017\/01\/14\/pleine-lune-loups-a-murrays-bay\/\" target=\"_blank\">Pleine Lune des loups<\/a> du 12 janvier dernier. Pour ceux qui ont eu la chance d&#8217;avoir un ciel d\u00e9gag\u00e9, c&#8217;\u00e9tait l\u2019occasion d\u2019assister \u00e0 une discr\u00e8te \u00e9clipse partielle de Lune par la p\u00e9nombre en raison d\u2019un alignement Soleil-Terre-Lune presque parfait, 15 jours avant une <a href=\"https:\/\/blogs.futura-sciences.com\/feldmann\/2016\/09\/03\/video-leclipse-annulaire-de-soleil-1er-septembre\/\" target=\"_blank\">\u00e9clipse annulaire de Soleil<\/a> visible de la Patagonie \u00e0 la Zambie, la plus grande partie de l&#8217;\u00e9clipse \u00e9tant observable depuis l&#8217;Atlantique sud.<\/p>\n<p><a href=\"https:\/\/blogs.futura-sciences.com\/feldmann\/wp-content\/uploads\/sites\/9\/2017\/02\/eclipse-1.jpg\" rel=\"lightbox[7308]\"><img loading=\"lazy\" decoding=\"async\" class=\"alignnone size-medium wp-image-7311\" src=\"https:\/\/blogs.futura-sciences.com\/feldmann\/wp-content\/uploads\/sites\/9\/2017\/02\/eclipse-1-450x299.jpg\" alt=\"\" width=\"450\" height=\"299\" srcset=\"https:\/\/blogs.futura-sciences.com\/feldmann\/wp-content\/uploads\/sites\/9\/2017\/02\/eclipse-1-450x299.jpg 450w, https:\/\/blogs.futura-sciences.com\/feldmann\/wp-content\/uploads\/sites\/9\/2017\/02\/eclipse-1-768x511.jpg 768w, https:\/\/blogs.futura-sciences.com\/feldmann\/wp-content\/uploads\/sites\/9\/2017\/02\/eclipse-1-1024x681.jpg 1024w, https:\/\/blogs.futura-sciences.com\/feldmann\/wp-content\/uploads\/sites\/9\/2017\/02\/eclipse-1.jpg 1353w\" sizes=\"auto, (max-width: 450px) 100vw, 450px\" \/><\/a><\/p>\n<p>Au cours de l&#8217;\u00e9clipse lunaire du 11 f\u00e9vrier, notre satellite naturel n&#8217;a fait qu&#8217;effleurer le c\u00f4ne d&#8217;ombre terrestre comme le montre ce montage, qui associe deux images prises avec un bo\u00eetier Finepix HS20 et son zoom de 720 mm de focale : 2 poses au 1\/400\u00e8me de sec (ouverture 5,6), celle de gauche avant l&#8217;\u00e9clipse et celle de droite au moment du maximum.\u00a0<!--more--><\/p>\n<p>Rien de comparable avec une \u00e9clipse totale de Lune (on se souvient de celle majestueuse du <a href=\"https:\/\/blogs.futura-sciences.com\/feldmann\/2015\/09\/30\/28-septembre-les-terriens-ont-admire-leclipse-de-lune\/\" target=\"_blank\">28 septembre 2015<\/a>) : dans ce cas uniquement la Lune, lorsqu&#8217;elle traverse le c\u00f4ne d&#8217;ombre terrestre, se pare de magnifiques couleurs\u00a0qui vont de l\u2019orange au rouge sang (la teinte d\u00e9pend de la quantit\u00e9 de poussi\u00e8res pr\u00e9sentes dans l\u2019atmosph\u00e8re terrestre) en raison de la d\u00e9viation par l&#8217;atmosph\u00e8re terrestre de la partie la plus rouge du rayonnement solaire.<\/p>\n<p>Le 7 ao\u00fbt 2017 aura lieu une nouvelle \u00e9clipse partielle de Lune au cours de laquelle le quart de notre satellite naturel p\u00e9n\u00e9trera dans le c\u00f4ne d&#8217;ombre de la Terre, provoquant un assombrissement bien plus important que le 11 f\u00e9vrier. Pour la prochaine \u00e9clipse totale de Lune il faudra attendre le 31 janvier 2018.<\/p>\n<!-- AddThis Advanced Settings generic via filter on the_content --><!-- AddThis Share Buttons generic via filter on the_content -->","protected":false},"excerpt":{"rendered":"<p>Retour sur l&#8217;\u00e9clipse partielle par la p\u00e9nombre qui a assombri l\u00e9g\u00e8rement la Pleine Lune des neiges dans la nuit du 10 au 11 f\u00e9vrier.\u00a0 Le 11 f\u00e9vrier \u00e0 0 h 44 TU avait lieu la Pleine Lune des neiges, la seconde de l\u2019ann\u00e9e apr\u00e8s la Pleine Lune des loups du 12 janvier dernier. Pour ceux &hellip; <a href=\"https:\/\/blogs.futura-sciences.com\/feldmann\/2017\/02\/11\/voile-sombre-sur-la-pleine-lune-des-neiges\/\" class=\"more-link\">Continuer la lecture de <span class=\"screen-reader-text\">Voile sombre sur la Pleine Lune des neiges<\/span>  <span class=\"meta-nav\">&rarr;<\/span><\/a><!-- AddThis Advanced Settings generic via filter on get_the_excerpt --><!-- AddThis Share Buttons generic via filter on get_the_excerpt --><\/p>\n","protected":false},"author":8,"featured_media":7311,"comment_status":"open","ping_status":"open","sticky":false,"template":"","format":"standard","meta":{"footnotes":"","_links_to":"","_links_to_target":""},"categories":[83],"tags":[2068,1517],"class_list":["post-7308","post","type-post","status-publish","format-standard","has-post-thumbnail","hentry","category-la-lune","tag-eclipse-partielle-de-lune","tag-pleine-lune-des-neiges"],"yoast_head":"<!-- This site is optimized with the Yoast SEO plugin v24.1 - https:\/\/yoast.com\/wordpress\/plugins\/seo\/ -->\n<title>Voile sombre sur la Pleine Lune des neiges<\/title>\n<meta name=\"description\" content=\"Retour sur l&#039;\u00e9clipse partielle par la p\u00e9nombre qui a assombri l\u00e9g\u00e8rement la Pleine Lune des neiges dans la nuit du 10 au 11 f\u00e9vrier.\" \/>\n<meta name=\"robots\" content=\"index, follow, max-snippet:-1, max-image-preview:large, max-video-preview:-1\" \/>\n<link rel=\"canonical\" href=\"https:\/\/blogs.futura-sciences.com\/feldmann\/2017\/02\/11\/voile-sombre-sur-la-pleine-lune-des-neiges\/\" \/>\n<meta property=\"og:locale\" content=\"fr_FR\" \/>\n<meta property=\"og:type\" content=\"article\" \/>\n<meta property=\"og:title\" content=\"Voile sombre sur la Pleine Lune des neiges\" \/>\n<meta property=\"og:description\" content=\"Retour sur l&#039;\u00e9clipse partielle par la p\u00e9nombre qui a assombri l\u00e9g\u00e8rement la Pleine Lune des neiges dans la nuit du 10 au 11 f\u00e9vrier.\" \/>\n<meta property=\"og:url\" content=\"https:\/\/blogs.futura-sciences.com\/feldmann\/2017\/02\/11\/voile-sombre-sur-la-pleine-lune-des-neiges\/\" \/>\n<meta property=\"og:site_name\" content=\"CIELMANIA : le blog de Jean-Baptiste FELDMANN, photographe du ciel\" \/>\n<meta property=\"article:published_time\" content=\"2017-02-11T07:41:06+00:00\" \/>\n<meta property=\"article:modified_time\" content=\"2017-02-16T13:00:24+00:00\" \/>\n<meta property=\"og:image\" content=\"https:\/\/blogs.futura-sciences.com\/feldmann\/wp-content\/uploads\/sites\/9\/2017\/02\/eclipse-1.jpg\" \/>\n\t<meta property=\"og:image:width\" content=\"1353\" \/>\n\t<meta property=\"og:image:height\" content=\"900\" \/>\n\t<meta property=\"og:image:type\" content=\"image\/jpeg\" \/>\n<meta name=\"author\" content=\"Jean-Baptiste FELDMANN\" \/>\n<meta name=\"twitter:card\" content=\"summary_large_image\" \/>\n<meta name=\"twitter:label1\" content=\"\u00c9crit par\" \/>\n\t<meta name=\"twitter:data1\" content=\"Jean-Baptiste FELDMANN\" \/>\n\t<meta name=\"twitter:label2\" content=\"Dur\u00e9e de lecture estim\u00e9e\" \/>\n\t<meta name=\"twitter:data2\" content=\"2 minutes\" \/>\n<script type=\"application\/ld+json\" class=\"yoast-schema-graph\">{\"@context\":\"https:\/\/schema.org\",\"@graph\":[{\"@type\":\"WebPage\",\"@id\":\"https:\/\/blogs.futura-sciences.com\/feldmann\/2017\/02\/11\/voile-sombre-sur-la-pleine-lune-des-neiges\/\",\"url\":\"https:\/\/blogs.futura-sciences.com\/feldmann\/2017\/02\/11\/voile-sombre-sur-la-pleine-lune-des-neiges\/\",\"name\":\"Voile sombre sur la Pleine Lune des neiges\",\"isPartOf\":{\"@id\":\"https:\/\/blogs.futura-sciences.com\/feldmann\/#website\"},\"primaryImageOfPage\":{\"@id\":\"https:\/\/blogs.futura-sciences.com\/feldmann\/2017\/02\/11\/voile-sombre-sur-la-pleine-lune-des-neiges\/#primaryimage\"},\"image\":{\"@id\":\"https:\/\/blogs.futura-sciences.com\/feldmann\/2017\/02\/11\/voile-sombre-sur-la-pleine-lune-des-neiges\/#primaryimage\"},\"thumbnailUrl\":\"https:\/\/blogs.futura-sciences.com\/feldmann\/wp-content\/uploads\/sites\/9\/2017\/02\/eclipse-1.jpg\",\"datePublished\":\"2017-02-11T07:41:06+00:00\",\"dateModified\":\"2017-02-16T13:00:24+00:00\",\"author\":{\"@id\":\"https:\/\/blogs.futura-sciences.com\/feldmann\/#\/schema\/person\/62b391b709c307783237b759b62731ea\"},\"description\":\"Retour sur l'\u00e9clipse partielle par la p\u00e9nombre qui a assombri l\u00e9g\u00e8rement la Pleine Lune des neiges dans la nuit du 10 au 11 f\u00e9vrier.\",\"inLanguage\":\"fr-FR\",\"potentialAction\":[{\"@type\":\"ReadAction\",\"target\":[\"https:\/\/blogs.futura-sciences.com\/feldmann\/2017\/02\/11\/voile-sombre-sur-la-pleine-lune-des-neiges\/\"]}]},{\"@type\":\"ImageObject\",\"inLanguage\":\"fr-FR\",\"@id\":\"https:\/\/blogs.futura-sciences.com\/feldmann\/2017\/02\/11\/voile-sombre-sur-la-pleine-lune-des-neiges\/#primaryimage\",\"url\":\"https:\/\/blogs.futura-sciences.com\/feldmann\/wp-content\/uploads\/sites\/9\/2017\/02\/eclipse-1.jpg\",\"contentUrl\":\"https:\/\/blogs.futura-sciences.com\/feldmann\/wp-content\/uploads\/sites\/9\/2017\/02\/eclipse-1.jpg\",\"width\":1353,\"height\":900,\"caption\":\"Voile sombre sur la Pleine Lune des neiges\"},{\"@type\":\"WebSite\",\"@id\":\"https:\/\/blogs.futura-sciences.com\/feldmann\/#website\",\"url\":\"https:\/\/blogs.futura-sciences.com\/feldmann\/\",\"name\":\"CIELMANIA : le blog de Jean-Baptiste FELDMANN, photographe du ciel\",\"description\":\"&quot;J&#039;ai en moi un besoin terrible. Dirais-je le mot? La religion. Alors, je sors la nuit et je peins des \u00e9toiles.&quot;  Vincent van Gogh\",\"potentialAction\":[{\"@type\":\"SearchAction\",\"target\":{\"@type\":\"EntryPoint\",\"urlTemplate\":\"https:\/\/blogs.futura-sciences.com\/feldmann\/?s={search_term_string}\"},\"query-input\":{\"@type\":\"PropertyValueSpecification\",\"valueRequired\":true,\"valueName\":\"search_term_string\"}}],\"inLanguage\":\"fr-FR\"},{\"@type\":\"Person\",\"@id\":\"https:\/\/blogs.futura-sciences.com\/feldmann\/#\/schema\/person\/62b391b709c307783237b759b62731ea\",\"name\":\"Jean-Baptiste FELDMANN\",\"image\":{\"@type\":\"ImageObject\",\"inLanguage\":\"fr-FR\",\"@id\":\"https:\/\/blogs.futura-sciences.com\/feldmann\/#\/schema\/person\/image\/\",\"url\":\"https:\/\/secure.gravatar.com\/avatar\/41f96607fde7a81a14570eec74177c42?s=96&d=mm&r=g\",\"contentUrl\":\"https:\/\/secure.gravatar.com\/avatar\/41f96607fde7a81a14570eec74177c42?s=96&d=mm&r=g\",\"caption\":\"Jean-Baptiste FELDMANN\"},\"url\":\"https:\/\/blogs.futura-sciences.com\/feldmann\/author\/jbfe\/\"}]}<\/script>\n<!-- \/ Yoast SEO plugin. -->","yoast_head_json":{"title":"Voile sombre sur la Pleine Lune des neiges","description":"Retour sur l'\u00e9clipse partielle par la p\u00e9nombre qui a assombri l\u00e9g\u00e8rement la Pleine Lune des neiges dans la nuit du 10 au 11 f\u00e9vrier.","robots":{"index":"index","follow":"follow","max-snippet":"max-snippet:-1","max-image-preview":"max-image-preview:large","max-video-preview":"max-video-preview:-1"},"canonical":"https:\/\/blogs.futura-sciences.com\/feldmann\/2017\/02\/11\/voile-sombre-sur-la-pleine-lune-des-neiges\/","og_locale":"fr_FR","og_type":"article","og_title":"Voile sombre sur la Pleine Lune des neiges","og_description":"Retour sur l'\u00e9clipse partielle par la p\u00e9nombre qui a assombri l\u00e9g\u00e8rement la Pleine Lune des neiges dans la nuit du 10 au 11 f\u00e9vrier.","og_url":"https:\/\/blogs.futura-sciences.com\/feldmann\/2017\/02\/11\/voile-sombre-sur-la-pleine-lune-des-neiges\/","og_site_name":"CIELMANIA : le blog de Jean-Baptiste FELDMANN, photographe du ciel","article_published_time":"2017-02-11T07:41:06+00:00","article_modified_time":"2017-02-16T13:00:24+00:00","og_image":[{"width":1353,"height":900,"url":"https:\/\/blogs.futura-sciences.com\/feldmann\/wp-content\/uploads\/sites\/9\/2017\/02\/eclipse-1.jpg","type":"image\/jpeg"}],"author":"Jean-Baptiste FELDMANN","twitter_card":"summary_large_image","twitter_misc":{"\u00c9crit par":"Jean-Baptiste FELDMANN","Dur\u00e9e de lecture estim\u00e9e":"2 minutes"},"schema":{"@context":"https:\/\/schema.org","@graph":[{"@type":"WebPage","@id":"https:\/\/blogs.futura-sciences.com\/feldmann\/2017\/02\/11\/voile-sombre-sur-la-pleine-lune-des-neiges\/","url":"https:\/\/blogs.futura-sciences.com\/feldmann\/2017\/02\/11\/voile-sombre-sur-la-pleine-lune-des-neiges\/","name":"Voile sombre sur la Pleine Lune des neiges","isPartOf":{"@id":"https:\/\/blogs.futura-sciences.com\/feldmann\/#website"},"primaryImageOfPage":{"@id":"https:\/\/blogs.futura-sciences.com\/feldmann\/2017\/02\/11\/voile-sombre-sur-la-pleine-lune-des-neiges\/#primaryimage"},"image":{"@id":"https:\/\/blogs.futura-sciences.com\/feldmann\/2017\/02\/11\/voile-sombre-sur-la-pleine-lune-des-neiges\/#primaryimage"},"thumbnailUrl":"https:\/\/blogs.futura-sciences.com\/feldmann\/wp-content\/uploads\/sites\/9\/2017\/02\/eclipse-1.jpg","datePublished":"2017-02-11T07:41:06+00:00","dateModified":"2017-02-16T13:00:24+00:00","author":{"@id":"https:\/\/blogs.futura-sciences.com\/feldmann\/#\/schema\/person\/62b391b709c307783237b759b62731ea"},"description":"Retour sur l'\u00e9clipse partielle par la p\u00e9nombre qui a assombri l\u00e9g\u00e8rement la Pleine Lune des neiges dans la nuit du 10 au 11 f\u00e9vrier.","inLanguage":"fr-FR","potentialAction":[{"@type":"ReadAction","target":["https:\/\/blogs.futura-sciences.com\/feldmann\/2017\/02\/11\/voile-sombre-sur-la-pleine-lune-des-neiges\/"]}]},{"@type":"ImageObject","inLanguage":"fr-FR","@id":"https:\/\/blogs.futura-sciences.com\/feldmann\/2017\/02\/11\/voile-sombre-sur-la-pleine-lune-des-neiges\/#primaryimage","url":"https:\/\/blogs.futura-sciences.com\/feldmann\/wp-content\/uploads\/sites\/9\/2017\/02\/eclipse-1.jpg","contentUrl":"https:\/\/blogs.futura-sciences.com\/feldmann\/wp-content\/uploads\/sites\/9\/2017\/02\/eclipse-1.jpg","width":1353,"height":900,"caption":"Voile sombre sur la Pleine Lune des neiges"},{"@type":"WebSite","@id":"https:\/\/blogs.futura-sciences.com\/feldmann\/#website","url":"https:\/\/blogs.futura-sciences.com\/feldmann\/","name":"CIELMANIA : le blog de Jean-Baptiste FELDMANN, photographe du ciel","description":"&quot;J&#039;ai en moi un besoin terrible. Dirais-je le mot? La religion. Alors, je sors la nuit et je peins des \u00e9toiles.&quot;  Vincent van Gogh","potentialAction":[{"@type":"SearchAction","target":{"@type":"EntryPoint","urlTemplate":"https:\/\/blogs.futura-sciences.com\/feldmann\/?s={search_term_string}"},"query-input":{"@type":"PropertyValueSpecification","valueRequired":true,"valueName":"search_term_string"}}],"inLanguage":"fr-FR"},{"@type":"Person","@id":"https:\/\/blogs.futura-sciences.com\/feldmann\/#\/schema\/person\/62b391b709c307783237b759b62731ea","name":"Jean-Baptiste FELDMANN","image":{"@type":"ImageObject","inLanguage":"fr-FR","@id":"https:\/\/blogs.futura-sciences.com\/feldmann\/#\/schema\/person\/image\/","url":"https:\/\/secure.gravatar.com\/avatar\/41f96607fde7a81a14570eec74177c42?s=96&d=mm&r=g","contentUrl":"https:\/\/secure.gravatar.com\/avatar\/41f96607fde7a81a14570eec74177c42?s=96&d=mm&r=g","caption":"Jean-Baptiste FELDMANN"},"url":"https:\/\/blogs.futura-sciences.com\/feldmann\/author\/jbfe\/"}]}},"_links":{"self":[{"href":"https:\/\/blogs.futura-sciences.com\/feldmann\/wp-json\/wp\/v2\/posts\/7308","targetHints":{"allow":["GET"]}}],"collection":[{"href":"https:\/\/blogs.futura-sciences.com\/feldmann\/wp-json\/wp\/v2\/posts"}],"about":[{"href":"https:\/\/blogs.futura-sciences.com\/feldmann\/wp-json\/wp\/v2\/types\/post"}],"author":[{"embeddable":true,"href":"https:\/\/blogs.futura-sciences.com\/feldmann\/wp-json\/wp\/v2\/users\/8"}],"replies":[{"embeddable":true,"href":"https:\/\/blogs.futura-sciences.com\/feldmann\/wp-json\/wp\/v2\/comments?post=7308"}],"version-history":[{"count":4,"href":"https:\/\/blogs.futura-sciences.com\/feldmann\/wp-json\/wp\/v2\/posts\/7308\/revisions"}],"predecessor-version":[{"id":7313,"href":"https:\/\/blogs.futura-sciences.com\/feldmann\/wp-json\/wp\/v2\/posts\/7308\/revisions\/7313"}],"wp:featuredmedia":[{"embeddable":true,"href":"https:\/\/blogs.futura-sciences.com\/feldmann\/wp-json\/wp\/v2\/media\/7311"}],"wp:attachment":[{"href":"https:\/\/blogs.futura-sciences.com\/feldmann\/wp-json\/wp\/v2\/media?parent=7308"}],"wp:term":[{"taxonomy":"category","embeddable":true,"href":"https:\/\/blogs.futura-sciences.com\/feldmann\/wp-json\/wp\/v2\/categories?post=7308"},{"taxonomy":"post_tag","embeddable":true,"href":"https:\/\/blogs.futura-sciences.com\/feldmann\/wp-json\/wp\/v2\/tags?post=7308"}],"curies":[{"name":"wp","href":"https:\/\/api.w.org\/{rel}","templated":true}]}}