{"id":6974,"date":"2016-12-15T17:24:29","date_gmt":"2016-12-15T17:24:29","guid":{"rendered":"https:\/\/blogs.futura-sciences.com\/feldmann\/?p=6974"},"modified":"2016-12-30T08:35:20","modified_gmt":"2016-12-30T08:35:20","slug":"pleine-lune-de-decembre-se-leve-rome","status":"publish","type":"post","link":"https:\/\/blogs.futura-sciences.com\/feldmann\/2016\/12\/15\/pleine-lune-de-decembre-se-leve-rome\/","title":{"rendered":"La Pleine Lune de d\u00e9cembre se l\u00e8ve sur Rome"},"content":{"rendered":"<p><strong>La derni\u00e8re Pleine Lune de l&#8217;ann\u00e9e a une nouvelle fois inspir\u00e9 les photographes comme en t\u00e9moigne cette image prise \u00e0 Rome, la ville aux sept collines.<\/strong><\/p>\n<p>Rome n&#8217;est la capitale de l&#8217;Italie que depuis 1871 mais\u00a0L&#8217;histoire de la Ville \u00e9ternelle s&#8217;\u00e9tend sur plus de vingt-huit si\u00e8cles depuis sa fondation mythique par Romulus le 21 avril 753 avant J.-C.<\/p>\n<p>Selon la l\u00e9gende latine, Romulus et son fr\u00e8re jumeau R\u00e9mus, fruits d&#8217;une liaison interdite entre le dieu <a href=\"https:\/\/blogs.futura-sciences.com\/feldmann\/2016\/09\/22\/exercice-de-calligraphie-surface-de-mars\/\" target=\"_blank\">Mars<\/a> et une pr\u00eatresse, furent abandonn\u00e9s sur les bords du Tibre et recueillis par une louve. Une fois adulte, Romulus fut d\u00e9sign\u00e9 pour fonder la ville qui allait prendre son nom (il en profita au passage pour tuer son fr\u00e8re).<\/p>\n<p><a href=\"https:\/\/blogs.futura-sciences.com\/feldmann\/wp-content\/uploads\/sites\/9\/2016\/12\/rome2.jpg\" rel=\"lightbox[6974]\"><img loading=\"lazy\" decoding=\"async\" class=\"alignnone size-medium wp-image-6976\" src=\"https:\/\/blogs.futura-sciences.com\/feldmann\/wp-content\/uploads\/sites\/9\/2016\/12\/rome2-450x300.jpg\" alt=\"rome2\" width=\"450\" height=\"300\" srcset=\"https:\/\/blogs.futura-sciences.com\/feldmann\/wp-content\/uploads\/sites\/9\/2016\/12\/rome2-450x300.jpg 450w, https:\/\/blogs.futura-sciences.com\/feldmann\/wp-content\/uploads\/sites\/9\/2016\/12\/rome2-768x512.jpg 768w, https:\/\/blogs.futura-sciences.com\/feldmann\/wp-content\/uploads\/sites\/9\/2016\/12\/rome2-1024x683.jpg 1024w, https:\/\/blogs.futura-sciences.com\/feldmann\/wp-content\/uploads\/sites\/9\/2016\/12\/rome2.jpg 1350w\" sizes=\"auto, (max-width: 450px) 100vw, 450px\" \/><\/a><\/p>\n<p>Il suffit d&#8217;admirer la photographie r\u00e9alis\u00e9e le 13 d\u00e9cembre par <a href=\"http:\/\/www.virtualtelescope.eu\/2016\/12\/13\/december-2016-supermoon-another-great-show-13-dec-2016\/\" target=\"_blank\">Gianluca Masi<\/a>\u00a0(qui ne cherchait pas \u00e0 voir <a href=\"https:\/\/blogs.futura-sciences.com\/feldmann\/2016\/12\/13\/14-decembre-cherchez-lapin-pleine-lune\/\" target=\"_blank\">le lapin sur la Pleine Lune<\/a>) pour avoir un petit aper\u00e7u de la riche histoire de Rome. \u00a0<!--more--><\/p>\n<p>Le b\u00e2timent blanc au premier plan est le Monument \u00e0 Victor-Emmanuel II con\u00e7u \u00e0 la fin du XIXe si\u00e8cle en l&#8217;honneur du premier roi de l&#8217;Italie unifi\u00e9e en 1861. La partie la plus \u00e9lev\u00e9e du b\u00e2timent est surmont\u00e9e de deux statues de la d\u00e9esse Victoria conduisant un quadrige.<\/p>\n<p>\u00c0 droite du Monument on distingue une partie de l&#8217;\u00e9glise construite au sommet de la colline du Capitole, la basilique Sainte-Marie d&#8217;Arac\u0153li (en poursuivant toujours \u00e0 droite on arrive \u00e0 l&#8217;immense amphith\u00e9\u00e2tre ovo\u00efde du Colis\u00e9e).<\/p>\n<p>Au centre en bas de l&#8217;image la statue \u00e9questre de Victor-Emmanuel II et derri\u00e8re dans l&#8217;axe la Tour des Milices d&#8217;o\u00f9 la l\u00e9gende voudrait que l&#8217;empereur N\u00e9ron ait contempl\u00e9 le grand incendie qui ravagea la ville pendant une semaine en juillet 64.<\/p>\n<p>Cette derni\u00e8re Pleine Lune de l&#8217;ann\u00e9e faisait suite \u00e0 la<a href=\"https:\/\/blogs.futura-sciences.com\/feldmann\/2016\/11\/14\/images-terriens-admire-super-lune\/\" target=\"_blank\"> Super Lune de novembre<\/a>, la plus grosse depuis le 26 janvier 1948.<\/p>\n\n<!-- iframe plugin v.5.1 wordpress.org\/plugins\/iframe\/ -->\n<iframe loading=\"lazy\" src=\"https:\/\/player.vimeo.com\/video\/160503656\" width=\"640\" height=\"480\" frameborder=\"0\" 0=\"webkitallowfullscreen\" 1=\"mozallowfullscreen\" 2=\"allowfullscreen&gt;&lt;\/iframe\" scrolling=\"yes\" class=\"iframe-class\"><\/iframe>\n\n<!-- AddThis Advanced Settings generic via filter on the_content --><!-- AddThis Share Buttons generic via filter on the_content -->","protected":false},"excerpt":{"rendered":"<p>La derni\u00e8re Pleine Lune de l&#8217;ann\u00e9e a une nouvelle fois inspir\u00e9 les photographes comme en t\u00e9moigne cette image prise \u00e0 Rome, la ville aux sept collines. Rome n&#8217;est la capitale de l&#8217;Italie que depuis 1871 mais\u00a0L&#8217;histoire de la Ville \u00e9ternelle s&#8217;\u00e9tend sur plus de vingt-huit si\u00e8cles depuis sa fondation mythique par Romulus le 21 avril &hellip; <a href=\"https:\/\/blogs.futura-sciences.com\/feldmann\/2016\/12\/15\/pleine-lune-de-decembre-se-leve-rome\/\" class=\"more-link\">Continuer la lecture de <span class=\"screen-reader-text\">La Pleine Lune de d\u00e9cembre se l\u00e8ve sur Rome<\/span>  <span class=\"meta-nav\">&rarr;<\/span><\/a><!-- AddThis Advanced Settings generic via filter on get_the_excerpt --><!-- AddThis Share Buttons generic via filter on get_the_excerpt --><\/p>\n","protected":false},"author":8,"featured_media":6975,"comment_status":"open","ping_status":"open","sticky":false,"template":"","format":"standard","meta":{"footnotes":"","_links_to":"","_links_to_target":""},"categories":[83],"tags":[1977,1978,1976,1979,1980,109,1975,1981],"class_list":["post-6974","post","type-post","status-publish","format-standard","has-post-thumbnail","hentry","category-la-lune","tag-basilique-sainte-marie-daracoeli","tag-capitole","tag-gianluca-masi","tag-monument-a-victor-emmanuel-ii","tag-neron","tag-pleine-lune","tag-rome","tag-tour-des-milices"],"yoast_head":"<!-- This site is optimized with the Yoast SEO plugin v24.1 - https:\/\/yoast.com\/wordpress\/plugins\/seo\/ -->\n<title>La Pleine Lune de d\u00e9cembre se l\u00e8ve sur Rome<\/title>\n<meta name=\"description\" content=\"La derni\u00e8re Pleine Lune de l&#039;ann\u00e9e a une nouvelle fois inspir\u00e9 les photographes comme en t\u00e9moigne cette image prise \u00e0 Rome, la ville aux sept collines.\" \/>\n<meta name=\"robots\" content=\"index, follow, max-snippet:-1, max-image-preview:large, max-video-preview:-1\" \/>\n<link rel=\"canonical\" href=\"https:\/\/blogs.futura-sciences.com\/feldmann\/2016\/12\/15\/pleine-lune-de-decembre-se-leve-rome\/\" \/>\n<meta property=\"og:locale\" content=\"fr_FR\" \/>\n<meta property=\"og:type\" content=\"article\" \/>\n<meta property=\"og:title\" content=\"La Pleine Lune de d\u00e9cembre se l\u00e8ve sur Rome\" \/>\n<meta property=\"og:description\" content=\"La derni\u00e8re Pleine Lune de l&#039;ann\u00e9e a une nouvelle fois inspir\u00e9 les photographes comme en t\u00e9moigne cette image prise \u00e0 Rome, la ville aux sept collines.\" \/>\n<meta property=\"og:url\" content=\"https:\/\/blogs.futura-sciences.com\/feldmann\/2016\/12\/15\/pleine-lune-de-decembre-se-leve-rome\/\" \/>\n<meta property=\"og:site_name\" content=\"CIELMANIA : le blog de Jean-Baptiste FELDMANN, photographe du ciel\" \/>\n<meta property=\"article:published_time\" content=\"2016-12-15T17:24:29+00:00\" \/>\n<meta property=\"article:modified_time\" content=\"2016-12-30T08:35:20+00:00\" \/>\n<meta property=\"og:image\" content=\"https:\/\/blogs.futura-sciences.com\/feldmann\/wp-content\/uploads\/sites\/9\/2016\/12\/rome1.jpg\" \/>\n\t<meta property=\"og:image:width\" content=\"1330\" \/>\n\t<meta property=\"og:image:height\" content=\"895\" \/>\n\t<meta property=\"og:image:type\" content=\"image\/jpeg\" \/>\n<meta name=\"author\" content=\"Jean-Baptiste FELDMANN\" \/>\n<meta name=\"twitter:card\" content=\"summary_large_image\" \/>\n<meta name=\"twitter:label1\" content=\"\u00c9crit par\" \/>\n\t<meta name=\"twitter:data1\" content=\"Jean-Baptiste FELDMANN\" \/>\n\t<meta name=\"twitter:label2\" content=\"Dur\u00e9e de lecture estim\u00e9e\" \/>\n\t<meta name=\"twitter:data2\" content=\"2 minutes\" \/>\n<script type=\"application\/ld+json\" class=\"yoast-schema-graph\">{\"@context\":\"https:\/\/schema.org\",\"@graph\":[{\"@type\":\"WebPage\",\"@id\":\"https:\/\/blogs.futura-sciences.com\/feldmann\/2016\/12\/15\/pleine-lune-de-decembre-se-leve-rome\/\",\"url\":\"https:\/\/blogs.futura-sciences.com\/feldmann\/2016\/12\/15\/pleine-lune-de-decembre-se-leve-rome\/\",\"name\":\"La Pleine Lune de d\u00e9cembre se l\u00e8ve sur Rome\",\"isPartOf\":{\"@id\":\"https:\/\/blogs.futura-sciences.com\/feldmann\/#website\"},\"primaryImageOfPage\":{\"@id\":\"https:\/\/blogs.futura-sciences.com\/feldmann\/2016\/12\/15\/pleine-lune-de-decembre-se-leve-rome\/#primaryimage\"},\"image\":{\"@id\":\"https:\/\/blogs.futura-sciences.com\/feldmann\/2016\/12\/15\/pleine-lune-de-decembre-se-leve-rome\/#primaryimage\"},\"thumbnailUrl\":\"https:\/\/blogs.futura-sciences.com\/feldmann\/wp-content\/uploads\/sites\/9\/2016\/12\/rome1.jpg\",\"datePublished\":\"2016-12-15T17:24:29+00:00\",\"dateModified\":\"2016-12-30T08:35:20+00:00\",\"author\":{\"@id\":\"https:\/\/blogs.futura-sciences.com\/feldmann\/#\/schema\/person\/62b391b709c307783237b759b62731ea\"},\"description\":\"La derni\u00e8re Pleine Lune de l'ann\u00e9e a une nouvelle fois inspir\u00e9 les photographes comme en t\u00e9moigne cette image prise \u00e0 Rome, la ville aux sept collines.\",\"inLanguage\":\"fr-FR\",\"potentialAction\":[{\"@type\":\"ReadAction\",\"target\":[\"https:\/\/blogs.futura-sciences.com\/feldmann\/2016\/12\/15\/pleine-lune-de-decembre-se-leve-rome\/\"]}]},{\"@type\":\"ImageObject\",\"inLanguage\":\"fr-FR\",\"@id\":\"https:\/\/blogs.futura-sciences.com\/feldmann\/2016\/12\/15\/pleine-lune-de-decembre-se-leve-rome\/#primaryimage\",\"url\":\"https:\/\/blogs.futura-sciences.com\/feldmann\/wp-content\/uploads\/sites\/9\/2016\/12\/rome1.jpg\",\"contentUrl\":\"https:\/\/blogs.futura-sciences.com\/feldmann\/wp-content\/uploads\/sites\/9\/2016\/12\/rome1.jpg\",\"width\":1330,\"height\":895},{\"@type\":\"WebSite\",\"@id\":\"https:\/\/blogs.futura-sciences.com\/feldmann\/#website\",\"url\":\"https:\/\/blogs.futura-sciences.com\/feldmann\/\",\"name\":\"CIELMANIA : le blog de Jean-Baptiste FELDMANN, photographe du ciel\",\"description\":\"&quot;J&#039;ai en moi un besoin terrible. Dirais-je le mot? La religion. Alors, je sors la nuit et je peins des \u00e9toiles.&quot;  Vincent van Gogh\",\"potentialAction\":[{\"@type\":\"SearchAction\",\"target\":{\"@type\":\"EntryPoint\",\"urlTemplate\":\"https:\/\/blogs.futura-sciences.com\/feldmann\/?s={search_term_string}\"},\"query-input\":{\"@type\":\"PropertyValueSpecification\",\"valueRequired\":true,\"valueName\":\"search_term_string\"}}],\"inLanguage\":\"fr-FR\"},{\"@type\":\"Person\",\"@id\":\"https:\/\/blogs.futura-sciences.com\/feldmann\/#\/schema\/person\/62b391b709c307783237b759b62731ea\",\"name\":\"Jean-Baptiste FELDMANN\",\"image\":{\"@type\":\"ImageObject\",\"inLanguage\":\"fr-FR\",\"@id\":\"https:\/\/blogs.futura-sciences.com\/feldmann\/#\/schema\/person\/image\/\",\"url\":\"https:\/\/secure.gravatar.com\/avatar\/41f96607fde7a81a14570eec74177c42?s=96&d=mm&r=g\",\"contentUrl\":\"https:\/\/secure.gravatar.com\/avatar\/41f96607fde7a81a14570eec74177c42?s=96&d=mm&r=g\",\"caption\":\"Jean-Baptiste FELDMANN\"},\"url\":\"https:\/\/blogs.futura-sciences.com\/feldmann\/author\/jbfe\/\"}]}<\/script>\n<!-- \/ Yoast SEO plugin. -->","yoast_head_json":{"title":"La Pleine Lune de d\u00e9cembre se l\u00e8ve sur Rome","description":"La derni\u00e8re Pleine Lune de l'ann\u00e9e a une nouvelle fois inspir\u00e9 les photographes comme en t\u00e9moigne cette image prise \u00e0 Rome, la ville aux sept collines.","robots":{"index":"index","follow":"follow","max-snippet":"max-snippet:-1","max-image-preview":"max-image-preview:large","max-video-preview":"max-video-preview:-1"},"canonical":"https:\/\/blogs.futura-sciences.com\/feldmann\/2016\/12\/15\/pleine-lune-de-decembre-se-leve-rome\/","og_locale":"fr_FR","og_type":"article","og_title":"La Pleine Lune de d\u00e9cembre se l\u00e8ve sur Rome","og_description":"La derni\u00e8re Pleine Lune de l'ann\u00e9e a une nouvelle fois inspir\u00e9 les photographes comme en t\u00e9moigne cette image prise \u00e0 Rome, la ville aux sept collines.","og_url":"https:\/\/blogs.futura-sciences.com\/feldmann\/2016\/12\/15\/pleine-lune-de-decembre-se-leve-rome\/","og_site_name":"CIELMANIA : le blog de Jean-Baptiste FELDMANN, photographe du ciel","article_published_time":"2016-12-15T17:24:29+00:00","article_modified_time":"2016-12-30T08:35:20+00:00","og_image":[{"width":1330,"height":895,"url":"https:\/\/blogs.futura-sciences.com\/feldmann\/wp-content\/uploads\/sites\/9\/2016\/12\/rome1.jpg","type":"image\/jpeg"}],"author":"Jean-Baptiste FELDMANN","twitter_card":"summary_large_image","twitter_misc":{"\u00c9crit par":"Jean-Baptiste FELDMANN","Dur\u00e9e de lecture estim\u00e9e":"2 minutes"},"schema":{"@context":"https:\/\/schema.org","@graph":[{"@type":"WebPage","@id":"https:\/\/blogs.futura-sciences.com\/feldmann\/2016\/12\/15\/pleine-lune-de-decembre-se-leve-rome\/","url":"https:\/\/blogs.futura-sciences.com\/feldmann\/2016\/12\/15\/pleine-lune-de-decembre-se-leve-rome\/","name":"La Pleine Lune de d\u00e9cembre se l\u00e8ve sur Rome","isPartOf":{"@id":"https:\/\/blogs.futura-sciences.com\/feldmann\/#website"},"primaryImageOfPage":{"@id":"https:\/\/blogs.futura-sciences.com\/feldmann\/2016\/12\/15\/pleine-lune-de-decembre-se-leve-rome\/#primaryimage"},"image":{"@id":"https:\/\/blogs.futura-sciences.com\/feldmann\/2016\/12\/15\/pleine-lune-de-decembre-se-leve-rome\/#primaryimage"},"thumbnailUrl":"https:\/\/blogs.futura-sciences.com\/feldmann\/wp-content\/uploads\/sites\/9\/2016\/12\/rome1.jpg","datePublished":"2016-12-15T17:24:29+00:00","dateModified":"2016-12-30T08:35:20+00:00","author":{"@id":"https:\/\/blogs.futura-sciences.com\/feldmann\/#\/schema\/person\/62b391b709c307783237b759b62731ea"},"description":"La derni\u00e8re Pleine Lune de l'ann\u00e9e a une nouvelle fois inspir\u00e9 les photographes comme en t\u00e9moigne cette image prise \u00e0 Rome, la ville aux sept collines.","inLanguage":"fr-FR","potentialAction":[{"@type":"ReadAction","target":["https:\/\/blogs.futura-sciences.com\/feldmann\/2016\/12\/15\/pleine-lune-de-decembre-se-leve-rome\/"]}]},{"@type":"ImageObject","inLanguage":"fr-FR","@id":"https:\/\/blogs.futura-sciences.com\/feldmann\/2016\/12\/15\/pleine-lune-de-decembre-se-leve-rome\/#primaryimage","url":"https:\/\/blogs.futura-sciences.com\/feldmann\/wp-content\/uploads\/sites\/9\/2016\/12\/rome1.jpg","contentUrl":"https:\/\/blogs.futura-sciences.com\/feldmann\/wp-content\/uploads\/sites\/9\/2016\/12\/rome1.jpg","width":1330,"height":895},{"@type":"WebSite","@id":"https:\/\/blogs.futura-sciences.com\/feldmann\/#website","url":"https:\/\/blogs.futura-sciences.com\/feldmann\/","name":"CIELMANIA : le blog de Jean-Baptiste FELDMANN, photographe du ciel","description":"&quot;J&#039;ai en moi un besoin terrible. Dirais-je le mot? La religion. Alors, je sors la nuit et je peins des \u00e9toiles.&quot;  Vincent van Gogh","potentialAction":[{"@type":"SearchAction","target":{"@type":"EntryPoint","urlTemplate":"https:\/\/blogs.futura-sciences.com\/feldmann\/?s={search_term_string}"},"query-input":{"@type":"PropertyValueSpecification","valueRequired":true,"valueName":"search_term_string"}}],"inLanguage":"fr-FR"},{"@type":"Person","@id":"https:\/\/blogs.futura-sciences.com\/feldmann\/#\/schema\/person\/62b391b709c307783237b759b62731ea","name":"Jean-Baptiste FELDMANN","image":{"@type":"ImageObject","inLanguage":"fr-FR","@id":"https:\/\/blogs.futura-sciences.com\/feldmann\/#\/schema\/person\/image\/","url":"https:\/\/secure.gravatar.com\/avatar\/41f96607fde7a81a14570eec74177c42?s=96&d=mm&r=g","contentUrl":"https:\/\/secure.gravatar.com\/avatar\/41f96607fde7a81a14570eec74177c42?s=96&d=mm&r=g","caption":"Jean-Baptiste FELDMANN"},"url":"https:\/\/blogs.futura-sciences.com\/feldmann\/author\/jbfe\/"}]}},"_links":{"self":[{"href":"https:\/\/blogs.futura-sciences.com\/feldmann\/wp-json\/wp\/v2\/posts\/6974","targetHints":{"allow":["GET"]}}],"collection":[{"href":"https:\/\/blogs.futura-sciences.com\/feldmann\/wp-json\/wp\/v2\/posts"}],"about":[{"href":"https:\/\/blogs.futura-sciences.com\/feldmann\/wp-json\/wp\/v2\/types\/post"}],"author":[{"embeddable":true,"href":"https:\/\/blogs.futura-sciences.com\/feldmann\/wp-json\/wp\/v2\/users\/8"}],"replies":[{"embeddable":true,"href":"https:\/\/blogs.futura-sciences.com\/feldmann\/wp-json\/wp\/v2\/comments?post=6974"}],"version-history":[{"count":2,"href":"https:\/\/blogs.futura-sciences.com\/feldmann\/wp-json\/wp\/v2\/posts\/6974\/revisions"}],"predecessor-version":[{"id":6978,"href":"https:\/\/blogs.futura-sciences.com\/feldmann\/wp-json\/wp\/v2\/posts\/6974\/revisions\/6978"}],"wp:featuredmedia":[{"embeddable":true,"href":"https:\/\/blogs.futura-sciences.com\/feldmann\/wp-json\/wp\/v2\/media\/6975"}],"wp:attachment":[{"href":"https:\/\/blogs.futura-sciences.com\/feldmann\/wp-json\/wp\/v2\/media?parent=6974"}],"wp:term":[{"taxonomy":"category","embeddable":true,"href":"https:\/\/blogs.futura-sciences.com\/feldmann\/wp-json\/wp\/v2\/categories?post=6974"},{"taxonomy":"post_tag","embeddable":true,"href":"https:\/\/blogs.futura-sciences.com\/feldmann\/wp-json\/wp\/v2\/tags?post=6974"}],"curies":[{"name":"wp","href":"https:\/\/api.w.org\/{rel}","templated":true}]}}