{"id":6903,"date":"2016-12-04T19:43:07","date_gmt":"2016-12-04T19:43:07","guid":{"rendered":"https:\/\/blogs.futura-sciences.com\/feldmann\/?p=6903"},"modified":"2016-12-07T14:02:21","modified_gmt":"2016-12-07T14:02:21","slug":"soiree-contempler-mars-lune-venus-liss","status":"publish","type":"post","link":"https:\/\/blogs.futura-sciences.com\/feldmann\/2016\/12\/04\/soiree-contempler-mars-lune-venus-liss\/","title":{"rendered":"Une soir\u00e9e pour contempler Mars, la Lune, V\u00e9nus et l&#8217;ISS"},"content":{"rendered":"<p><strong>Rendez-vous \u00e0 ne pas manquer le dimanche soir 4 d\u00e9cembre : la Station spatiale internationale (ISS) traversait le ciel au-dessus de Mars, la Lune et V\u00e9nus.\u00a0<\/strong><\/p>\n<p>Parfois les astres semblent se donner rendez-vous pour notre plus grand plaisir. C&#8217;\u00e9tait le cas ce soir : on pouvait admirer d&#8217;OUEST en EST la brillante <a href=\"https:\/\/blogs.futura-sciences.com\/feldmann\/2016\/12\/03\/venus-jeune-lune-soiree-2-decembre\/\" target=\"_blank\">V\u00e9nus <\/a>(dont la magnitude est actuellement de -4,2) ainsi qu&#8217;un gros croissant de Lune \u00e2g\u00e9 de 5 jours avec \u00e0 ses c\u00f4t\u00e9s la <a href=\"https:\/\/blogs.futura-sciences.com\/feldmann\/2016\/09\/22\/exercice-de-calligraphie-surface-de-mars\/\" target=\"_blank\">Plan\u00e8te rouge<\/a>.\u00a0Ce spectacle \u00e9tait d\u00e9j\u00e0 superbe \u00e0 lui tout seul mais il a \u00e9t\u00e9 rehauss\u00e9 par un passage de la Station spatiale internationale vers 18h15.<\/p>\n<p><a href=\"https:\/\/blogs.futura-sciences.com\/feldmann\/wp-content\/uploads\/sites\/9\/2016\/12\/iss_lune_venus2.jpeg\" rel=\"lightbox[6903]\"><img loading=\"lazy\" decoding=\"async\" class=\"alignnone size-medium wp-image-6909\" src=\"https:\/\/blogs.futura-sciences.com\/feldmann\/wp-content\/uploads\/sites\/9\/2016\/12\/iss_lune_venus2-450x299.jpeg\" alt=\"iss_lune_venus2\" width=\"450\" height=\"299\" srcset=\"https:\/\/blogs.futura-sciences.com\/feldmann\/wp-content\/uploads\/sites\/9\/2016\/12\/iss_lune_venus2-450x299.jpeg 450w, https:\/\/blogs.futura-sciences.com\/feldmann\/wp-content\/uploads\/sites\/9\/2016\/12\/iss_lune_venus2-768x511.jpeg 768w, https:\/\/blogs.futura-sciences.com\/feldmann\/wp-content\/uploads\/sites\/9\/2016\/12\/iss_lune_venus2-1024x681.jpeg 1024w, https:\/\/blogs.futura-sciences.com\/feldmann\/wp-content\/uploads\/sites\/9\/2016\/12\/iss_lune_venus2.jpeg 1353w\" sizes=\"auto, (max-width: 450px) 100vw, 450px\" \/><\/a><\/p>\n<p>L&#8217;ISS a poursuivi sa course en traversant le <a href=\"https:\/\/blogs.futura-sciences.com\/feldmann\/2014\/08\/22\/andromede-pegase\/\" target=\"_blank\">carr\u00e9 de P\u00e9gase<\/a> pour sembler s&#8217;\u00e9teindre du c\u00f4t\u00e9 de l&#8217;amas d&#8217;\u00e9toiles des <a href=\"https:\/\/blogs.futura-sciences.com\/feldmann\/2016\/11\/19\/lamas-des-pleiades-seleve-au-dessus-du-brouillard\/\" target=\"_blank\">Pl\u00e9iades<\/a> (une extinction produite par l&#8217;entr\u00e9e de la Station dans le c\u00f4ne d&#8217;ombre de la Terre).<!--more--><\/p>\n<p>Le site <a href=\"http:\/\/www.heavens-above.com\/\" target=\"_blank\">Heavens-Above<\/a> fournissait la carte d\u00e9taill\u00e9e de ce survol particuli\u00e8rement attendu dans notre pays puisque depuis le 17 novembre le dixi\u00e8me spationaute fran\u00e7ais <a href=\"https:\/\/blogs.futura-sciences.com\/feldmann\/2016\/11\/30\/suivez-passages-de-thomas-pesquet-a-bord-de-liss\/\" target=\"_blank\">Thomas Pesquet<\/a> est \u00e0 bord de ce complexe orbital international. Il y s\u00e9journera pendant six mois (comme commandant de bord des exp\u00e9ditions 50 et 51) pour y r\u00e9aliser une soixantaine d\u2019exp\u00e9riences (physiologie humaine, physique, biologie, nouvelles technologies\u2026) \u00a0dans le cadre de la <a href=\"https:\/\/proxima.cnes.fr\/\" target=\"_blank\">mission Proxima<\/a>.<\/p>\n<p><a href=\"https:\/\/blogs.futura-sciences.com\/feldmann\/wp-content\/uploads\/sites\/9\/2016\/12\/ha.jpg\" rel=\"lightbox[6903]\"><img loading=\"lazy\" decoding=\"async\" class=\"alignnone size-medium wp-image-6904\" src=\"https:\/\/blogs.futura-sciences.com\/feldmann\/wp-content\/uploads\/sites\/9\/2016\/12\/ha-450x450.jpg\" alt=\"ha\" width=\"450\" height=\"450\" srcset=\"https:\/\/blogs.futura-sciences.com\/feldmann\/wp-content\/uploads\/sites\/9\/2016\/12\/ha-450x450.jpg 450w, https:\/\/blogs.futura-sciences.com\/feldmann\/wp-content\/uploads\/sites\/9\/2016\/12\/ha-150x150.jpg 150w, https:\/\/blogs.futura-sciences.com\/feldmann\/wp-content\/uploads\/sites\/9\/2016\/12\/ha-768x768.jpg 768w, https:\/\/blogs.futura-sciences.com\/feldmann\/wp-content\/uploads\/sites\/9\/2016\/12\/ha.jpg 800w\" sizes=\"auto, (max-width: 450px) 100vw, 450px\" \/><\/a><\/p>\n<p>Le 11 octobre dernier j&#8217;avais photographi\u00e9 <a href=\"https:\/\/blogs.futura-sciences.com\/feldmann\/2016\/10\/12\/vignes-aux-couleurs-de-lautomne-liss\/\" target=\"_blank\">des vignes aux couleurs de l&#8217;automne<\/a> sous l&#8217;ISS. Cette fois-ci j&#8217;avais besoin d&#8217;un large panorama d\u00e9gag\u00e9 plein SUD pour capturer la plus grande partie de la trajectoire de la Station devant les constellations.<\/p>\n<p>Le clich\u00e9 ci-dessus est l\u2019addition de plusieurs poses de 30 secondes \u00e0 800 iso avec un objectif Samyang de 8 millim\u00e8tres de focale ouvert \u00e0 5,6 : une image du paysage sans la Station prise un peu plus t\u00f4t pour avoir de belles couleurs cr\u00e9pusculaires et plusieurs clich\u00e9s du passage de l&#8217;ISS en ne gardant que la trace lumineuse de la Station.<\/p>\n<p>M\u00eame en encha\u00eenant les clich\u00e9s les uns apr\u00e8s les autres on note des coupures dans la trace lumineuse laiss\u00e9e par l\u2019ISS en raison de son d\u00e9placement rapide : n&#8217;oubliez pas que Thomas Pesquet file \u00e0 28.000 km\/h \u00e0 bord de l&#8217;ISS ce qui lui permet de faire presque 16 fois le tour de notre plan\u00e8te en 24 heures !<\/p>\n<!-- AddThis Advanced Settings generic via filter on the_content --><!-- AddThis Share Buttons generic via filter on the_content -->","protected":false},"excerpt":{"rendered":"<p>Rendez-vous \u00e0 ne pas manquer le dimanche soir 4 d\u00e9cembre : la Station spatiale internationale (ISS) traversait le ciel au-dessus de Mars, la Lune et V\u00e9nus.\u00a0 Parfois les astres semblent se donner rendez-vous pour notre plus grand plaisir. C&#8217;\u00e9tait le cas ce soir : on pouvait admirer d&#8217;OUEST en EST la brillante V\u00e9nus (dont la &hellip; <a href=\"https:\/\/blogs.futura-sciences.com\/feldmann\/2016\/12\/04\/soiree-contempler-mars-lune-venus-liss\/\" class=\"more-link\">Continuer la lecture de <span class=\"screen-reader-text\">Une soir\u00e9e pour contempler Mars, la Lune, V\u00e9nus et l&#8217;ISS<\/span>  <span class=\"meta-nav\">&rarr;<\/span><\/a><!-- AddThis Advanced Settings generic via filter on get_the_excerpt --><!-- AddThis Share Buttons generic via filter on get_the_excerpt --><\/p>\n","protected":false},"author":8,"featured_media":6908,"comment_status":"open","ping_status":"open","sticky":false,"template":"","format":"standard","meta":{"footnotes":"","_links_to":"","_links_to_target":""},"categories":[87],"tags":[332,308,196,1154,116,1809,1495,159],"class_list":["post-6903","post","type-post","status-publish","format-standard","has-post-thumbnail","hentry","category-les-hommes-et-le-ciel","tag-carre-de-pegase","tag-heavens-above","tag-iss","tag-jeune-lune","tag-mars","tag-mission-proxima","tag-thomas-pesquet","tag-venus"],"yoast_head":"<!-- This site is optimized with the Yoast SEO plugin v24.1 - https:\/\/yoast.com\/wordpress\/plugins\/seo\/ -->\n<title>Une soir\u00e9e pour contempler Mars, la Lune, V\u00e9nus et l&#039;ISS<\/title>\n<meta name=\"description\" content=\"Rendez-vous \u00e0 ne pas manquer le dimanche soir 4 d\u00e9cembre : la Station spatiale internationale (ISS) traversait le ciel au-dessus de Mars, la Lune et V\u00e9nus.\" \/>\n<meta name=\"robots\" content=\"index, follow, max-snippet:-1, max-image-preview:large, max-video-preview:-1\" \/>\n<link rel=\"canonical\" href=\"https:\/\/blogs.futura-sciences.com\/feldmann\/2016\/12\/04\/soiree-contempler-mars-lune-venus-liss\/\" \/>\n<meta property=\"og:locale\" content=\"fr_FR\" \/>\n<meta property=\"og:type\" content=\"article\" \/>\n<meta property=\"og:title\" content=\"Une soir\u00e9e pour contempler Mars, la Lune, V\u00e9nus et l&#039;ISS\" \/>\n<meta property=\"og:description\" content=\"Rendez-vous \u00e0 ne pas manquer le dimanche soir 4 d\u00e9cembre : la Station spatiale internationale (ISS) traversait le ciel au-dessus de Mars, la Lune et V\u00e9nus.\" \/>\n<meta property=\"og:url\" content=\"https:\/\/blogs.futura-sciences.com\/feldmann\/2016\/12\/04\/soiree-contempler-mars-lune-venus-liss\/\" \/>\n<meta property=\"og:site_name\" content=\"CIELMANIA : le blog de Jean-Baptiste FELDMANN, photographe du ciel\" \/>\n<meta property=\"article:published_time\" content=\"2016-12-04T19:43:07+00:00\" \/>\n<meta property=\"article:modified_time\" content=\"2016-12-07T14:02:21+00:00\" \/>\n<meta property=\"og:image\" content=\"https:\/\/blogs.futura-sciences.com\/feldmann\/wp-content\/uploads\/sites\/9\/2016\/12\/iss_lune_venus.jpeg\" \/>\n\t<meta property=\"og:image:width\" content=\"1353\" \/>\n\t<meta property=\"og:image:height\" content=\"900\" \/>\n\t<meta property=\"og:image:type\" content=\"image\/jpeg\" \/>\n<meta name=\"author\" content=\"Jean-Baptiste FELDMANN\" \/>\n<meta name=\"twitter:card\" content=\"summary_large_image\" \/>\n<meta name=\"twitter:label1\" content=\"\u00c9crit par\" \/>\n\t<meta name=\"twitter:data1\" content=\"Jean-Baptiste FELDMANN\" \/>\n\t<meta name=\"twitter:label2\" content=\"Dur\u00e9e de lecture estim\u00e9e\" \/>\n\t<meta name=\"twitter:data2\" content=\"2 minutes\" \/>\n<script type=\"application\/ld+json\" class=\"yoast-schema-graph\">{\"@context\":\"https:\/\/schema.org\",\"@graph\":[{\"@type\":\"WebPage\",\"@id\":\"https:\/\/blogs.futura-sciences.com\/feldmann\/2016\/12\/04\/soiree-contempler-mars-lune-venus-liss\/\",\"url\":\"https:\/\/blogs.futura-sciences.com\/feldmann\/2016\/12\/04\/soiree-contempler-mars-lune-venus-liss\/\",\"name\":\"Une soir\u00e9e pour contempler Mars, la Lune, V\u00e9nus et l'ISS\",\"isPartOf\":{\"@id\":\"https:\/\/blogs.futura-sciences.com\/feldmann\/#website\"},\"primaryImageOfPage\":{\"@id\":\"https:\/\/blogs.futura-sciences.com\/feldmann\/2016\/12\/04\/soiree-contempler-mars-lune-venus-liss\/#primaryimage\"},\"image\":{\"@id\":\"https:\/\/blogs.futura-sciences.com\/feldmann\/2016\/12\/04\/soiree-contempler-mars-lune-venus-liss\/#primaryimage\"},\"thumbnailUrl\":\"https:\/\/blogs.futura-sciences.com\/feldmann\/wp-content\/uploads\/sites\/9\/2016\/12\/iss_lune_venus.jpeg\",\"datePublished\":\"2016-12-04T19:43:07+00:00\",\"dateModified\":\"2016-12-07T14:02:21+00:00\",\"author\":{\"@id\":\"https:\/\/blogs.futura-sciences.com\/feldmann\/#\/schema\/person\/62b391b709c307783237b759b62731ea\"},\"description\":\"Rendez-vous \u00e0 ne pas manquer le dimanche soir 4 d\u00e9cembre : la Station spatiale internationale (ISS) traversait le ciel au-dessus de Mars, la Lune et V\u00e9nus.\",\"inLanguage\":\"fr-FR\",\"potentialAction\":[{\"@type\":\"ReadAction\",\"target\":[\"https:\/\/blogs.futura-sciences.com\/feldmann\/2016\/12\/04\/soiree-contempler-mars-lune-venus-liss\/\"]}]},{\"@type\":\"ImageObject\",\"inLanguage\":\"fr-FR\",\"@id\":\"https:\/\/blogs.futura-sciences.com\/feldmann\/2016\/12\/04\/soiree-contempler-mars-lune-venus-liss\/#primaryimage\",\"url\":\"https:\/\/blogs.futura-sciences.com\/feldmann\/wp-content\/uploads\/sites\/9\/2016\/12\/iss_lune_venus.jpeg\",\"contentUrl\":\"https:\/\/blogs.futura-sciences.com\/feldmann\/wp-content\/uploads\/sites\/9\/2016\/12\/iss_lune_venus.jpeg\",\"width\":1353,\"height\":900,\"caption\":\"Une soir\u00e9e pour contempler Mars, la Lune, V\u00e9nus et l'ISS\"},{\"@type\":\"WebSite\",\"@id\":\"https:\/\/blogs.futura-sciences.com\/feldmann\/#website\",\"url\":\"https:\/\/blogs.futura-sciences.com\/feldmann\/\",\"name\":\"CIELMANIA : le blog de Jean-Baptiste FELDMANN, photographe du ciel\",\"description\":\"&quot;J&#039;ai en moi un besoin terrible. Dirais-je le mot? La religion. Alors, je sors la nuit et je peins des \u00e9toiles.&quot;  Vincent van Gogh\",\"potentialAction\":[{\"@type\":\"SearchAction\",\"target\":{\"@type\":\"EntryPoint\",\"urlTemplate\":\"https:\/\/blogs.futura-sciences.com\/feldmann\/?s={search_term_string}\"},\"query-input\":{\"@type\":\"PropertyValueSpecification\",\"valueRequired\":true,\"valueName\":\"search_term_string\"}}],\"inLanguage\":\"fr-FR\"},{\"@type\":\"Person\",\"@id\":\"https:\/\/blogs.futura-sciences.com\/feldmann\/#\/schema\/person\/62b391b709c307783237b759b62731ea\",\"name\":\"Jean-Baptiste FELDMANN\",\"image\":{\"@type\":\"ImageObject\",\"inLanguage\":\"fr-FR\",\"@id\":\"https:\/\/blogs.futura-sciences.com\/feldmann\/#\/schema\/person\/image\/\",\"url\":\"https:\/\/secure.gravatar.com\/avatar\/41f96607fde7a81a14570eec74177c42?s=96&d=mm&r=g\",\"contentUrl\":\"https:\/\/secure.gravatar.com\/avatar\/41f96607fde7a81a14570eec74177c42?s=96&d=mm&r=g\",\"caption\":\"Jean-Baptiste FELDMANN\"},\"url\":\"https:\/\/blogs.futura-sciences.com\/feldmann\/author\/jbfe\/\"}]}<\/script>\n<!-- \/ Yoast SEO plugin. -->","yoast_head_json":{"title":"Une soir\u00e9e pour contempler Mars, la Lune, V\u00e9nus et l'ISS","description":"Rendez-vous \u00e0 ne pas manquer le dimanche soir 4 d\u00e9cembre : la Station spatiale internationale (ISS) traversait le ciel au-dessus de Mars, la Lune et V\u00e9nus.","robots":{"index":"index","follow":"follow","max-snippet":"max-snippet:-1","max-image-preview":"max-image-preview:large","max-video-preview":"max-video-preview:-1"},"canonical":"https:\/\/blogs.futura-sciences.com\/feldmann\/2016\/12\/04\/soiree-contempler-mars-lune-venus-liss\/","og_locale":"fr_FR","og_type":"article","og_title":"Une soir\u00e9e pour contempler Mars, la Lune, V\u00e9nus et l'ISS","og_description":"Rendez-vous \u00e0 ne pas manquer le dimanche soir 4 d\u00e9cembre : la Station spatiale internationale (ISS) traversait le ciel au-dessus de Mars, la Lune et V\u00e9nus.","og_url":"https:\/\/blogs.futura-sciences.com\/feldmann\/2016\/12\/04\/soiree-contempler-mars-lune-venus-liss\/","og_site_name":"CIELMANIA : le blog de Jean-Baptiste FELDMANN, photographe du ciel","article_published_time":"2016-12-04T19:43:07+00:00","article_modified_time":"2016-12-07T14:02:21+00:00","og_image":[{"width":1353,"height":900,"url":"https:\/\/blogs.futura-sciences.com\/feldmann\/wp-content\/uploads\/sites\/9\/2016\/12\/iss_lune_venus.jpeg","type":"image\/jpeg"}],"author":"Jean-Baptiste FELDMANN","twitter_card":"summary_large_image","twitter_misc":{"\u00c9crit par":"Jean-Baptiste FELDMANN","Dur\u00e9e de lecture estim\u00e9e":"2 minutes"},"schema":{"@context":"https:\/\/schema.org","@graph":[{"@type":"WebPage","@id":"https:\/\/blogs.futura-sciences.com\/feldmann\/2016\/12\/04\/soiree-contempler-mars-lune-venus-liss\/","url":"https:\/\/blogs.futura-sciences.com\/feldmann\/2016\/12\/04\/soiree-contempler-mars-lune-venus-liss\/","name":"Une soir\u00e9e pour contempler Mars, la Lune, V\u00e9nus et l'ISS","isPartOf":{"@id":"https:\/\/blogs.futura-sciences.com\/feldmann\/#website"},"primaryImageOfPage":{"@id":"https:\/\/blogs.futura-sciences.com\/feldmann\/2016\/12\/04\/soiree-contempler-mars-lune-venus-liss\/#primaryimage"},"image":{"@id":"https:\/\/blogs.futura-sciences.com\/feldmann\/2016\/12\/04\/soiree-contempler-mars-lune-venus-liss\/#primaryimage"},"thumbnailUrl":"https:\/\/blogs.futura-sciences.com\/feldmann\/wp-content\/uploads\/sites\/9\/2016\/12\/iss_lune_venus.jpeg","datePublished":"2016-12-04T19:43:07+00:00","dateModified":"2016-12-07T14:02:21+00:00","author":{"@id":"https:\/\/blogs.futura-sciences.com\/feldmann\/#\/schema\/person\/62b391b709c307783237b759b62731ea"},"description":"Rendez-vous \u00e0 ne pas manquer le dimanche soir 4 d\u00e9cembre : la Station spatiale internationale (ISS) traversait le ciel au-dessus de Mars, la Lune et V\u00e9nus.","inLanguage":"fr-FR","potentialAction":[{"@type":"ReadAction","target":["https:\/\/blogs.futura-sciences.com\/feldmann\/2016\/12\/04\/soiree-contempler-mars-lune-venus-liss\/"]}]},{"@type":"ImageObject","inLanguage":"fr-FR","@id":"https:\/\/blogs.futura-sciences.com\/feldmann\/2016\/12\/04\/soiree-contempler-mars-lune-venus-liss\/#primaryimage","url":"https:\/\/blogs.futura-sciences.com\/feldmann\/wp-content\/uploads\/sites\/9\/2016\/12\/iss_lune_venus.jpeg","contentUrl":"https:\/\/blogs.futura-sciences.com\/feldmann\/wp-content\/uploads\/sites\/9\/2016\/12\/iss_lune_venus.jpeg","width":1353,"height":900,"caption":"Une soir\u00e9e pour contempler Mars, la Lune, V\u00e9nus et l'ISS"},{"@type":"WebSite","@id":"https:\/\/blogs.futura-sciences.com\/feldmann\/#website","url":"https:\/\/blogs.futura-sciences.com\/feldmann\/","name":"CIELMANIA : le blog de Jean-Baptiste FELDMANN, photographe du ciel","description":"&quot;J&#039;ai en moi un besoin terrible. Dirais-je le mot? La religion. Alors, je sors la nuit et je peins des \u00e9toiles.&quot;  Vincent van Gogh","potentialAction":[{"@type":"SearchAction","target":{"@type":"EntryPoint","urlTemplate":"https:\/\/blogs.futura-sciences.com\/feldmann\/?s={search_term_string}"},"query-input":{"@type":"PropertyValueSpecification","valueRequired":true,"valueName":"search_term_string"}}],"inLanguage":"fr-FR"},{"@type":"Person","@id":"https:\/\/blogs.futura-sciences.com\/feldmann\/#\/schema\/person\/62b391b709c307783237b759b62731ea","name":"Jean-Baptiste FELDMANN","image":{"@type":"ImageObject","inLanguage":"fr-FR","@id":"https:\/\/blogs.futura-sciences.com\/feldmann\/#\/schema\/person\/image\/","url":"https:\/\/secure.gravatar.com\/avatar\/41f96607fde7a81a14570eec74177c42?s=96&d=mm&r=g","contentUrl":"https:\/\/secure.gravatar.com\/avatar\/41f96607fde7a81a14570eec74177c42?s=96&d=mm&r=g","caption":"Jean-Baptiste FELDMANN"},"url":"https:\/\/blogs.futura-sciences.com\/feldmann\/author\/jbfe\/"}]}},"_links":{"self":[{"href":"https:\/\/blogs.futura-sciences.com\/feldmann\/wp-json\/wp\/v2\/posts\/6903","targetHints":{"allow":["GET"]}}],"collection":[{"href":"https:\/\/blogs.futura-sciences.com\/feldmann\/wp-json\/wp\/v2\/posts"}],"about":[{"href":"https:\/\/blogs.futura-sciences.com\/feldmann\/wp-json\/wp\/v2\/types\/post"}],"author":[{"embeddable":true,"href":"https:\/\/blogs.futura-sciences.com\/feldmann\/wp-json\/wp\/v2\/users\/8"}],"replies":[{"embeddable":true,"href":"https:\/\/blogs.futura-sciences.com\/feldmann\/wp-json\/wp\/v2\/comments?post=6903"}],"version-history":[{"count":6,"href":"https:\/\/blogs.futura-sciences.com\/feldmann\/wp-json\/wp\/v2\/posts\/6903\/revisions"}],"predecessor-version":[{"id":6913,"href":"https:\/\/blogs.futura-sciences.com\/feldmann\/wp-json\/wp\/v2\/posts\/6903\/revisions\/6913"}],"wp:featuredmedia":[{"embeddable":true,"href":"https:\/\/blogs.futura-sciences.com\/feldmann\/wp-json\/wp\/v2\/media\/6908"}],"wp:attachment":[{"href":"https:\/\/blogs.futura-sciences.com\/feldmann\/wp-json\/wp\/v2\/media?parent=6903"}],"wp:term":[{"taxonomy":"category","embeddable":true,"href":"https:\/\/blogs.futura-sciences.com\/feldmann\/wp-json\/wp\/v2\/categories?post=6903"},{"taxonomy":"post_tag","embeddable":true,"href":"https:\/\/blogs.futura-sciences.com\/feldmann\/wp-json\/wp\/v2\/tags?post=6903"}],"curies":[{"name":"wp","href":"https:\/\/api.w.org\/{rel}","templated":true}]}}