{"id":6853,"date":"2016-12-10T13:18:24","date_gmt":"2016-12-10T13:18:24","guid":{"rendered":"https:\/\/blogs.futura-sciences.com\/feldmann\/?p=6853"},"modified":"2016-12-17T08:23:32","modified_gmt":"2016-12-17T08:23:32","slug":"quand-la-pleine-lune-chapeaute-le-mont-saint-michel","status":"publish","type":"post","link":"https:\/\/blogs.futura-sciences.com\/feldmann\/2016\/12\/10\/quand-la-pleine-lune-chapeaute-le-mont-saint-michel\/","title":{"rendered":"Quand la Pleine Lune chapeaute le Mont Saint-Michel"},"content":{"rendered":"<p><strong>Chaque Pleine Lune est un nouvel \u00e9merveillement. La voici mise en valeur lors de son coucher en septembre 2015 au-dessus du Mont Saint-Michel.<\/strong><\/p>\n<p>Il suffit de consulter la <a href=\"https:\/\/www.facebook.com\/refletsduciel\/\" target=\"_blank\">page Facebook<\/a> de\u00a0Matthieu Jeanson\u00a0pour s&#8217;en convaincre : ce photographe est un amoureux de la Normandie et tout particuli\u00e8rement du Mont Saint-Michel qu&#8217;il immortalise de jour comme de nuit. Le 28 septembre 2015 Matthieu Jeanson \u00e9tait en poste pour photographier le coucher de la <a href=\"https:\/\/blogs.futura-sciences.com\/feldmann\/2016\/10\/21\/pleine-lune-lombre-mauna-kea\/\" target=\"_blank\">Pleine Lune<\/a> dans l&#8217;axe du Mont.<\/p>\n<p><a href=\"https:\/\/blogs.futura-sciences.com\/feldmann\/wp-content\/uploads\/sites\/9\/2016\/11\/super_lune.jpg\" rel=\"lightbox[6853]\"><img loading=\"lazy\" decoding=\"async\" class=\"alignnone size-medium wp-image-6854\" src=\"https:\/\/blogs.futura-sciences.com\/feldmann\/wp-content\/uploads\/sites\/9\/2016\/11\/super_lune-450x300.jpg\" alt=\"super_lune\" width=\"450\" height=\"300\" srcset=\"https:\/\/blogs.futura-sciences.com\/feldmann\/wp-content\/uploads\/sites\/9\/2016\/11\/super_lune-450x300.jpg 450w, https:\/\/blogs.futura-sciences.com\/feldmann\/wp-content\/uploads\/sites\/9\/2016\/11\/super_lune-768x512.jpg 768w, https:\/\/blogs.futura-sciences.com\/feldmann\/wp-content\/uploads\/sites\/9\/2016\/11\/super_lune-1024x682.jpg 1024w, https:\/\/blogs.futura-sciences.com\/feldmann\/wp-content\/uploads\/sites\/9\/2016\/11\/super_lune.jpg 1201w\" sizes=\"auto, (max-width: 450px) 100vw, 450px\" \/><\/a><\/p>\n<p>Il s&#8217;agissait de la Pleine Lune des r\u00e9coltes (<em>Harvest Moon<\/em>), surnom que l\u2019on donne \u00e0 la Pleine Lune la plus proche de l\u2019<a href=\"https:\/\/blogs.futura-sciences.com\/feldmann\/2016\/09\/21\/changement-de-saison-22-septembre-jour-de-lequinoxe\/\" target=\"_blank\">\u00e9quinoxe d\u2019automne<\/a> dans l\u2019h\u00e9misph\u00e8re nord (qui s&#8217;est produit cette ann\u00e9e le 22 septembre).<!--more--><\/p>\n<p>En 2016 la Pleine Lune de septembre \u00e9tait accompagn\u00e9e d&#8217;une <a href=\"https:\/\/blogs.futura-sciences.com\/feldmann\/2016\/09\/15\/discrete-eclipse-pleine-lune-16-septembre\/\" target=\"_blank\">discr\u00e8te \u00e9clipse par la p\u00e9nombre<\/a>\u00a0mais le 28 septembre 2015 le spectacle \u00e9tait bien plus int\u00e9ressant puisque nous avions eu droit \u00e0 une superbe <a href=\"https:\/\/blogs.futura-sciences.com\/feldmann\/2015\/09\/28\/retour-en-images-sur-leclipse-de-lune-du-28-septembre\/\" target=\"_blank\">\u00e9clipse totale de Lune<\/a>\u00a0(notre satellite naturel avait alors travers\u00e9 le c\u00f4ne d&#8217;ombre terrestre). C&#8217;est d&#8217;ailleurs \u00e0 la fin de cette \u00e9clipse que Matthieu a r\u00e9alis\u00e9 cette image.<\/p>\n\n<!-- iframe plugin v.5.1 wordpress.org\/plugins\/iframe\/ -->\n<iframe loading=\"lazy\" src=\"https:\/\/player.vimeo.com\/video\/160503656\" width=\"640\" height=\"480\" frameborder=\"0\" 0=\"webkitallowfullscreen\" 1=\"mozallowfullscreen\" 2=\"allowfullscreen&gt;&lt;\/iframe\" scrolling=\"yes\" class=\"iframe-class\"><\/iframe>\n\n<p>Rappelons que le Mont Saint-Michel, l&#8217;un des premiers sites touristiques fran\u00e7ais en terme de fr\u00e9quentation, doit sa c\u00e9l\u00e9brit\u00e9 \u00e0 son abbaye (dont la fondation remonte au Xe si\u00e8cle) construite sur un \u00eelot rocheux granitique qui s\u2019\u00e9l\u00e8ve \u00e0 90 m\u00e8tres d\u2019altitude dans la Manche \u00e0 l\u2019est de l\u2019embouchure d&#8217;un petit fleuve, le Couesnon.<\/p>\n<!-- AddThis Advanced Settings generic via filter on the_content --><!-- AddThis Share Buttons generic via filter on the_content -->","protected":false},"excerpt":{"rendered":"<p>Chaque Pleine Lune est un nouvel \u00e9merveillement. La voici mise en valeur lors de son coucher en septembre 2015 au-dessus du Mont Saint-Michel. Il suffit de consulter la page Facebook de\u00a0Matthieu Jeanson\u00a0pour s&#8217;en convaincre : ce photographe est un amoureux de la Normandie et tout particuli\u00e8rement du Mont Saint-Michel qu&#8217;il immortalise de jour comme de &hellip; <a href=\"https:\/\/blogs.futura-sciences.com\/feldmann\/2016\/12\/10\/quand-la-pleine-lune-chapeaute-le-mont-saint-michel\/\" class=\"more-link\">Continuer la lecture de <span class=\"screen-reader-text\">Quand la Pleine Lune chapeaute le Mont Saint-Michel<\/span>  <span class=\"meta-nav\">&rarr;<\/span><\/a><!-- AddThis Advanced Settings generic via filter on get_the_excerpt --><!-- AddThis Share Buttons generic via filter on get_the_excerpt --><\/p>\n","protected":false},"author":8,"featured_media":6854,"comment_status":"open","ping_status":"open","sticky":false,"template":"","format":"standard","meta":{"footnotes":"","_links_to":"","_links_to_target":""},"categories":[83],"tags":[1958,1831,1960,1956,1957,1959,109,1830],"class_list":["post-6853","post","type-post","status-publish","format-standard","has-post-thumbnail","hentry","category-la-lune","tag-couesnon","tag-harvest-moon","tag-manche","tag-matthieu-jeanson","tag-mont-saint-michel","tag-normandie","tag-pleine-lune","tag-pleine-lune-des-recoltes"],"yoast_head":"<!-- This site is optimized with the Yoast SEO plugin v24.1 - https:\/\/yoast.com\/wordpress\/plugins\/seo\/ -->\n<title>Quand la Pleine Lune chapeaute le Mont Saint-Michel<\/title>\n<meta name=\"description\" content=\"Chaque Pleine Lune est un nouvel \u00e9merveillement. La voici mise en valeur lors de son coucher en septembre 2015 au-dessus du Mont Saint-Michel.\" \/>\n<meta name=\"robots\" content=\"index, follow, max-snippet:-1, max-image-preview:large, max-video-preview:-1\" \/>\n<link rel=\"canonical\" href=\"https:\/\/blogs.futura-sciences.com\/feldmann\/2016\/12\/10\/quand-la-pleine-lune-chapeaute-le-mont-saint-michel\/\" \/>\n<meta property=\"og:locale\" content=\"fr_FR\" \/>\n<meta property=\"og:type\" content=\"article\" \/>\n<meta property=\"og:title\" content=\"Quand la Pleine Lune chapeaute le Mont Saint-Michel\" \/>\n<meta property=\"og:description\" content=\"Chaque Pleine Lune est un nouvel \u00e9merveillement. La voici mise en valeur lors de son coucher en septembre 2015 au-dessus du Mont Saint-Michel.\" \/>\n<meta property=\"og:url\" content=\"https:\/\/blogs.futura-sciences.com\/feldmann\/2016\/12\/10\/quand-la-pleine-lune-chapeaute-le-mont-saint-michel\/\" \/>\n<meta property=\"og:site_name\" content=\"CIELMANIA : le blog de Jean-Baptiste FELDMANN, photographe du ciel\" \/>\n<meta property=\"article:published_time\" content=\"2016-12-10T13:18:24+00:00\" \/>\n<meta property=\"article:modified_time\" content=\"2016-12-17T08:23:32+00:00\" \/>\n<meta property=\"og:image\" content=\"https:\/\/blogs.futura-sciences.com\/feldmann\/wp-content\/uploads\/sites\/9\/2016\/11\/super_lune.jpg\" \/>\n\t<meta property=\"og:image:width\" content=\"1201\" \/>\n\t<meta property=\"og:image:height\" content=\"800\" \/>\n\t<meta property=\"og:image:type\" content=\"image\/jpeg\" \/>\n<meta name=\"author\" content=\"Jean-Baptiste FELDMANN\" \/>\n<meta name=\"twitter:card\" content=\"summary_large_image\" \/>\n<meta name=\"twitter:label1\" content=\"\u00c9crit par\" \/>\n\t<meta name=\"twitter:data1\" content=\"Jean-Baptiste FELDMANN\" \/>\n\t<meta name=\"twitter:label2\" content=\"Dur\u00e9e de lecture estim\u00e9e\" \/>\n\t<meta name=\"twitter:data2\" content=\"1 minute\" \/>\n<script type=\"application\/ld+json\" class=\"yoast-schema-graph\">{\"@context\":\"https:\/\/schema.org\",\"@graph\":[{\"@type\":\"WebPage\",\"@id\":\"https:\/\/blogs.futura-sciences.com\/feldmann\/2016\/12\/10\/quand-la-pleine-lune-chapeaute-le-mont-saint-michel\/\",\"url\":\"https:\/\/blogs.futura-sciences.com\/feldmann\/2016\/12\/10\/quand-la-pleine-lune-chapeaute-le-mont-saint-michel\/\",\"name\":\"Quand la Pleine Lune chapeaute le Mont Saint-Michel\",\"isPartOf\":{\"@id\":\"https:\/\/blogs.futura-sciences.com\/feldmann\/#website\"},\"primaryImageOfPage\":{\"@id\":\"https:\/\/blogs.futura-sciences.com\/feldmann\/2016\/12\/10\/quand-la-pleine-lune-chapeaute-le-mont-saint-michel\/#primaryimage\"},\"image\":{\"@id\":\"https:\/\/blogs.futura-sciences.com\/feldmann\/2016\/12\/10\/quand-la-pleine-lune-chapeaute-le-mont-saint-michel\/#primaryimage\"},\"thumbnailUrl\":\"https:\/\/blogs.futura-sciences.com\/feldmann\/wp-content\/uploads\/sites\/9\/2016\/11\/super_lune.jpg\",\"datePublished\":\"2016-12-10T13:18:24+00:00\",\"dateModified\":\"2016-12-17T08:23:32+00:00\",\"author\":{\"@id\":\"https:\/\/blogs.futura-sciences.com\/feldmann\/#\/schema\/person\/62b391b709c307783237b759b62731ea\"},\"description\":\"Chaque Pleine Lune est un nouvel \u00e9merveillement. La voici mise en valeur lors de son coucher en septembre 2015 au-dessus du Mont Saint-Michel.\",\"inLanguage\":\"fr-FR\",\"potentialAction\":[{\"@type\":\"ReadAction\",\"target\":[\"https:\/\/blogs.futura-sciences.com\/feldmann\/2016\/12\/10\/quand-la-pleine-lune-chapeaute-le-mont-saint-michel\/\"]}]},{\"@type\":\"ImageObject\",\"inLanguage\":\"fr-FR\",\"@id\":\"https:\/\/blogs.futura-sciences.com\/feldmann\/2016\/12\/10\/quand-la-pleine-lune-chapeaute-le-mont-saint-michel\/#primaryimage\",\"url\":\"https:\/\/blogs.futura-sciences.com\/feldmann\/wp-content\/uploads\/sites\/9\/2016\/11\/super_lune.jpg\",\"contentUrl\":\"https:\/\/blogs.futura-sciences.com\/feldmann\/wp-content\/uploads\/sites\/9\/2016\/11\/super_lune.jpg\",\"width\":1201,\"height\":800},{\"@type\":\"WebSite\",\"@id\":\"https:\/\/blogs.futura-sciences.com\/feldmann\/#website\",\"url\":\"https:\/\/blogs.futura-sciences.com\/feldmann\/\",\"name\":\"CIELMANIA : le blog de Jean-Baptiste FELDMANN, photographe du ciel\",\"description\":\"&quot;J&#039;ai en moi un besoin terrible. Dirais-je le mot? La religion. Alors, je sors la nuit et je peins des \u00e9toiles.&quot;  Vincent van Gogh\",\"potentialAction\":[{\"@type\":\"SearchAction\",\"target\":{\"@type\":\"EntryPoint\",\"urlTemplate\":\"https:\/\/blogs.futura-sciences.com\/feldmann\/?s={search_term_string}\"},\"query-input\":{\"@type\":\"PropertyValueSpecification\",\"valueRequired\":true,\"valueName\":\"search_term_string\"}}],\"inLanguage\":\"fr-FR\"},{\"@type\":\"Person\",\"@id\":\"https:\/\/blogs.futura-sciences.com\/feldmann\/#\/schema\/person\/62b391b709c307783237b759b62731ea\",\"name\":\"Jean-Baptiste FELDMANN\",\"image\":{\"@type\":\"ImageObject\",\"inLanguage\":\"fr-FR\",\"@id\":\"https:\/\/blogs.futura-sciences.com\/feldmann\/#\/schema\/person\/image\/\",\"url\":\"https:\/\/secure.gravatar.com\/avatar\/41f96607fde7a81a14570eec74177c42?s=96&d=mm&r=g\",\"contentUrl\":\"https:\/\/secure.gravatar.com\/avatar\/41f96607fde7a81a14570eec74177c42?s=96&d=mm&r=g\",\"caption\":\"Jean-Baptiste FELDMANN\"},\"url\":\"https:\/\/blogs.futura-sciences.com\/feldmann\/author\/jbfe\/\"}]}<\/script>\n<!-- \/ Yoast SEO plugin. -->","yoast_head_json":{"title":"Quand la Pleine Lune chapeaute le Mont Saint-Michel","description":"Chaque Pleine Lune est un nouvel \u00e9merveillement. La voici mise en valeur lors de son coucher en septembre 2015 au-dessus du Mont Saint-Michel.","robots":{"index":"index","follow":"follow","max-snippet":"max-snippet:-1","max-image-preview":"max-image-preview:large","max-video-preview":"max-video-preview:-1"},"canonical":"https:\/\/blogs.futura-sciences.com\/feldmann\/2016\/12\/10\/quand-la-pleine-lune-chapeaute-le-mont-saint-michel\/","og_locale":"fr_FR","og_type":"article","og_title":"Quand la Pleine Lune chapeaute le Mont Saint-Michel","og_description":"Chaque Pleine Lune est un nouvel \u00e9merveillement. La voici mise en valeur lors de son coucher en septembre 2015 au-dessus du Mont Saint-Michel.","og_url":"https:\/\/blogs.futura-sciences.com\/feldmann\/2016\/12\/10\/quand-la-pleine-lune-chapeaute-le-mont-saint-michel\/","og_site_name":"CIELMANIA : le blog de Jean-Baptiste FELDMANN, photographe du ciel","article_published_time":"2016-12-10T13:18:24+00:00","article_modified_time":"2016-12-17T08:23:32+00:00","og_image":[{"width":1201,"height":800,"url":"https:\/\/blogs.futura-sciences.com\/feldmann\/wp-content\/uploads\/sites\/9\/2016\/11\/super_lune.jpg","type":"image\/jpeg"}],"author":"Jean-Baptiste FELDMANN","twitter_card":"summary_large_image","twitter_misc":{"\u00c9crit par":"Jean-Baptiste FELDMANN","Dur\u00e9e de lecture estim\u00e9e":"1 minute"},"schema":{"@context":"https:\/\/schema.org","@graph":[{"@type":"WebPage","@id":"https:\/\/blogs.futura-sciences.com\/feldmann\/2016\/12\/10\/quand-la-pleine-lune-chapeaute-le-mont-saint-michel\/","url":"https:\/\/blogs.futura-sciences.com\/feldmann\/2016\/12\/10\/quand-la-pleine-lune-chapeaute-le-mont-saint-michel\/","name":"Quand la Pleine Lune chapeaute le Mont Saint-Michel","isPartOf":{"@id":"https:\/\/blogs.futura-sciences.com\/feldmann\/#website"},"primaryImageOfPage":{"@id":"https:\/\/blogs.futura-sciences.com\/feldmann\/2016\/12\/10\/quand-la-pleine-lune-chapeaute-le-mont-saint-michel\/#primaryimage"},"image":{"@id":"https:\/\/blogs.futura-sciences.com\/feldmann\/2016\/12\/10\/quand-la-pleine-lune-chapeaute-le-mont-saint-michel\/#primaryimage"},"thumbnailUrl":"https:\/\/blogs.futura-sciences.com\/feldmann\/wp-content\/uploads\/sites\/9\/2016\/11\/super_lune.jpg","datePublished":"2016-12-10T13:18:24+00:00","dateModified":"2016-12-17T08:23:32+00:00","author":{"@id":"https:\/\/blogs.futura-sciences.com\/feldmann\/#\/schema\/person\/62b391b709c307783237b759b62731ea"},"description":"Chaque Pleine Lune est un nouvel \u00e9merveillement. La voici mise en valeur lors de son coucher en septembre 2015 au-dessus du Mont Saint-Michel.","inLanguage":"fr-FR","potentialAction":[{"@type":"ReadAction","target":["https:\/\/blogs.futura-sciences.com\/feldmann\/2016\/12\/10\/quand-la-pleine-lune-chapeaute-le-mont-saint-michel\/"]}]},{"@type":"ImageObject","inLanguage":"fr-FR","@id":"https:\/\/blogs.futura-sciences.com\/feldmann\/2016\/12\/10\/quand-la-pleine-lune-chapeaute-le-mont-saint-michel\/#primaryimage","url":"https:\/\/blogs.futura-sciences.com\/feldmann\/wp-content\/uploads\/sites\/9\/2016\/11\/super_lune.jpg","contentUrl":"https:\/\/blogs.futura-sciences.com\/feldmann\/wp-content\/uploads\/sites\/9\/2016\/11\/super_lune.jpg","width":1201,"height":800},{"@type":"WebSite","@id":"https:\/\/blogs.futura-sciences.com\/feldmann\/#website","url":"https:\/\/blogs.futura-sciences.com\/feldmann\/","name":"CIELMANIA : le blog de Jean-Baptiste FELDMANN, photographe du ciel","description":"&quot;J&#039;ai en moi un besoin terrible. Dirais-je le mot? La religion. Alors, je sors la nuit et je peins des \u00e9toiles.&quot;  Vincent van Gogh","potentialAction":[{"@type":"SearchAction","target":{"@type":"EntryPoint","urlTemplate":"https:\/\/blogs.futura-sciences.com\/feldmann\/?s={search_term_string}"},"query-input":{"@type":"PropertyValueSpecification","valueRequired":true,"valueName":"search_term_string"}}],"inLanguage":"fr-FR"},{"@type":"Person","@id":"https:\/\/blogs.futura-sciences.com\/feldmann\/#\/schema\/person\/62b391b709c307783237b759b62731ea","name":"Jean-Baptiste FELDMANN","image":{"@type":"ImageObject","inLanguage":"fr-FR","@id":"https:\/\/blogs.futura-sciences.com\/feldmann\/#\/schema\/person\/image\/","url":"https:\/\/secure.gravatar.com\/avatar\/41f96607fde7a81a14570eec74177c42?s=96&d=mm&r=g","contentUrl":"https:\/\/secure.gravatar.com\/avatar\/41f96607fde7a81a14570eec74177c42?s=96&d=mm&r=g","caption":"Jean-Baptiste FELDMANN"},"url":"https:\/\/blogs.futura-sciences.com\/feldmann\/author\/jbfe\/"}]}},"_links":{"self":[{"href":"https:\/\/blogs.futura-sciences.com\/feldmann\/wp-json\/wp\/v2\/posts\/6853","targetHints":{"allow":["GET"]}}],"collection":[{"href":"https:\/\/blogs.futura-sciences.com\/feldmann\/wp-json\/wp\/v2\/posts"}],"about":[{"href":"https:\/\/blogs.futura-sciences.com\/feldmann\/wp-json\/wp\/v2\/types\/post"}],"author":[{"embeddable":true,"href":"https:\/\/blogs.futura-sciences.com\/feldmann\/wp-json\/wp\/v2\/users\/8"}],"replies":[{"embeddable":true,"href":"https:\/\/blogs.futura-sciences.com\/feldmann\/wp-json\/wp\/v2\/comments?post=6853"}],"version-history":[{"count":8,"href":"https:\/\/blogs.futura-sciences.com\/feldmann\/wp-json\/wp\/v2\/posts\/6853\/revisions"}],"predecessor-version":[{"id":6960,"href":"https:\/\/blogs.futura-sciences.com\/feldmann\/wp-json\/wp\/v2\/posts\/6853\/revisions\/6960"}],"wp:featuredmedia":[{"embeddable":true,"href":"https:\/\/blogs.futura-sciences.com\/feldmann\/wp-json\/wp\/v2\/media\/6854"}],"wp:attachment":[{"href":"https:\/\/blogs.futura-sciences.com\/feldmann\/wp-json\/wp\/v2\/media?parent=6853"}],"wp:term":[{"taxonomy":"category","embeddable":true,"href":"https:\/\/blogs.futura-sciences.com\/feldmann\/wp-json\/wp\/v2\/categories?post=6853"},{"taxonomy":"post_tag","embeddable":true,"href":"https:\/\/blogs.futura-sciences.com\/feldmann\/wp-json\/wp\/v2\/tags?post=6853"}],"curies":[{"name":"wp","href":"https:\/\/api.w.org\/{rel}","templated":true}]}}