{"id":665,"date":"2014-07-15T06:26:03","date_gmt":"2014-07-15T06:26:03","guid":{"rendered":"https:\/\/blogs.futura-sciences.com\/feldmann\/?p=665"},"modified":"2014-08-01T08:05:18","modified_gmt":"2014-08-01T08:05:18","slug":"planetes-du-soir","status":"publish","type":"post","link":"https:\/\/blogs.futura-sciences.com\/feldmann\/2014\/07\/15\/planetes-du-soir\/","title":{"rendered":"Plan\u00e8tes du soir"},"content":{"rendered":"<p>Actuellement deux plan\u00e8tes occupent le ciel du soir, Saturne et Mars (d&#8217;est en ouest).<\/p>\n<p>Mars, dont le dernier <a title=\"Rapprochement Mars-Lune\" href=\"https:\/\/blogs.futura-sciences.com\/feldmann\/2014\/07\/06\/rapprochement-mars-lune\/\" target=\"_blank\">rapprochement avec la Lune<\/a> s&#8217;est produit le 5 juillet, est actuellement \u00e0 c\u00f4t\u00e9 de Spica (<em>Alpha Virginis<\/em>), l&#8217;\u00e9toile la plus lumineuse de la constellation de la Vierge.<\/p>\n<p><a href=\"https:\/\/blogs.futura-sciences.com\/feldmann\/wp-content\/uploads\/sites\/9\/2014\/07\/mars21.jpg\" rel=\"lightbox[665]\"><img loading=\"lazy\" decoding=\"async\" class=\"alignnone size-medium wp-image-666\" src=\"https:\/\/blogs.futura-sciences.com\/feldmann\/wp-content\/uploads\/sites\/9\/2014\/07\/mars21-450x337.jpg\" alt=\"mars2\" width=\"450\" height=\"337\" srcset=\"https:\/\/blogs.futura-sciences.com\/feldmann\/wp-content\/uploads\/sites\/9\/2014\/07\/mars21-450x337.jpg 450w, https:\/\/blogs.futura-sciences.com\/feldmann\/wp-content\/uploads\/sites\/9\/2014\/07\/mars21-1024x768.jpg 1024w, https:\/\/blogs.futura-sciences.com\/feldmann\/wp-content\/uploads\/sites\/9\/2014\/07\/mars21.jpg 1200w\" sizes=\"auto, (max-width: 450px) 100vw, 450px\" \/><\/a><\/p>\n<p>Saturne ( <a title=\"Saturne au plus pr\u00e8s\" href=\"https:\/\/blogs.futura-sciences.com\/feldmann\/2014\/05\/19\/saturne-au-pres\/\" target=\"_blank\">au plus pr\u00e8s de la Terre<\/a> au mois de mai) est elle aussi accompagn\u00e9e par une \u00e9toile assez brillante, Zubenelgenubi, l&#8217;\u00e9toile la plus lumineuse de la constellation de la Balance.<\/p>\n<p><!--more-->Ces couples c\u00e9lestes ne sont qu&#8217;apparents : alors que la distance entre les plan\u00e8tes et nous se compte en centaines de millions de kilom\u00e8tres, ces deux \u00e9toiles sont \u00e0 des dizaines d&#8217;ann\u00e9es-lumi\u00e8re !<\/p>\n<p>Les mouvements respectifs de Saturne et Mars vont maintenant les conduire lentement dans d&#8217;autres r\u00e9gions du ciel.<\/p>\n<p><a href=\"https:\/\/blogs.futura-sciences.com\/feldmann\/wp-content\/uploads\/sites\/9\/2014\/07\/mars11.jpg\" rel=\"lightbox[665]\"><img loading=\"lazy\" decoding=\"async\" class=\"alignnone size-medium wp-image-667\" src=\"https:\/\/blogs.futura-sciences.com\/feldmann\/wp-content\/uploads\/sites\/9\/2014\/07\/mars11-450x337.jpg\" alt=\"mars1\" width=\"450\" height=\"337\" srcset=\"https:\/\/blogs.futura-sciences.com\/feldmann\/wp-content\/uploads\/sites\/9\/2014\/07\/mars11-450x337.jpg 450w, https:\/\/blogs.futura-sciences.com\/feldmann\/wp-content\/uploads\/sites\/9\/2014\/07\/mars11-1024x768.jpg 1024w, https:\/\/blogs.futura-sciences.com\/feldmann\/wp-content\/uploads\/sites\/9\/2014\/07\/mars11.jpg 1200w\" sizes=\"auto, (max-width: 450px) 100vw, 450px\" \/><\/a><\/p>\n<p>Sur cette image les astres sont repr\u00e9sent\u00e9s par de petits traits occasionn\u00e9s par la rotation terrestre pendant une pose photographique de 3 minutes.<\/p>\n<!-- AddThis Advanced Settings generic via filter on the_content --><!-- AddThis Share Buttons generic via filter on the_content -->","protected":false},"excerpt":{"rendered":"<p>Actuellement deux plan\u00e8tes occupent le ciel du soir, Saturne et Mars (d&#8217;est en ouest). Mars, dont le dernier rapprochement avec la Lune s&#8217;est produit le 5 juillet, est actuellement \u00e0 c\u00f4t\u00e9 de Spica (Alpha Virginis), l&#8217;\u00e9toile la plus lumineuse de la constellation de la Vierge. Saturne ( au plus pr\u00e8s de la Terre au mois &hellip; <a href=\"https:\/\/blogs.futura-sciences.com\/feldmann\/2014\/07\/15\/planetes-du-soir\/\" class=\"more-link\">Continuer la lecture de <span class=\"screen-reader-text\">Plan\u00e8tes du soir<\/span>  <span class=\"meta-nav\">&rarr;<\/span><\/a><!-- AddThis Advanced Settings generic via filter on get_the_excerpt --><!-- AddThis Share Buttons generic via filter on get_the_excerpt --><\/p>\n","protected":false},"author":8,"featured_media":666,"comment_status":"open","ping_status":"open","sticky":false,"template":"","format":"standard","meta":{"footnotes":"","_links_to":"","_links_to_target":""},"categories":[86],"tags":[277,279,135,113,89,82,116,281,136,258,280],"class_list":["post-665","post","type-post","status-publish","format-standard","has-post-thumbnail","hentry","category-soleil-et-planetes","tag-alpha-virginis","tag-annee-lumiere","tag-constellation-de-la-balance","tag-constellation-de-la-vierge","tag-etoile","tag-lune","tag-mars","tag-rotation-terrestre","tag-saturne","tag-spica","tag-zubenelgenubi"],"yoast_head":"<!-- This site is optimized with the Yoast SEO plugin v24.1 - https:\/\/yoast.com\/wordpress\/plugins\/seo\/ -->\n<title>planete<\/title>\n<meta name=\"robots\" content=\"index, follow, max-snippet:-1, max-image-preview:large, max-video-preview:-1\" \/>\n<link rel=\"canonical\" href=\"https:\/\/blogs.futura-sciences.com\/feldmann\/2014\/07\/15\/planetes-du-soir\/\" \/>\n<meta property=\"og:locale\" content=\"fr_FR\" \/>\n<meta property=\"og:type\" content=\"article\" \/>\n<meta property=\"og:title\" content=\"planete\" \/>\n<meta property=\"og:description\" content=\"Actuellement deux plan\u00e8tes occupent le ciel du soir, Saturne et Mars (d&#8217;est en ouest). Mars, dont le dernier rapprochement avec la Lune s&#8217;est produit le 5 juillet, est actuellement \u00e0 c\u00f4t\u00e9 de Spica (Alpha Virginis), l&#8217;\u00e9toile la plus lumineuse de la constellation de la Vierge. Saturne ( au plus pr\u00e8s de la Terre au mois &hellip; Continuer la lecture de Plan\u00e8tes du soir &rarr;\" \/>\n<meta property=\"og:url\" content=\"https:\/\/blogs.futura-sciences.com\/feldmann\/2014\/07\/15\/planetes-du-soir\/\" \/>\n<meta property=\"og:site_name\" content=\"CIELMANIA : le blog de Jean-Baptiste FELDMANN, photographe du ciel\" \/>\n<meta property=\"article:published_time\" content=\"2014-07-15T06:26:03+00:00\" \/>\n<meta property=\"article:modified_time\" content=\"2014-08-01T08:05:18+00:00\" \/>\n<meta property=\"og:image\" content=\"https:\/\/blogs.futura-sciences.com\/feldmann\/wp-content\/uploads\/sites\/9\/2014\/07\/mars21.jpg\" \/>\n\t<meta property=\"og:image:width\" content=\"1200\" \/>\n\t<meta property=\"og:image:height\" content=\"900\" \/>\n\t<meta property=\"og:image:type\" content=\"image\/jpeg\" \/>\n<meta name=\"author\" content=\"Jean-Baptiste FELDMANN\" \/>\n<meta name=\"twitter:card\" content=\"summary_large_image\" \/>\n<meta name=\"twitter:label1\" content=\"\u00c9crit par\" \/>\n\t<meta name=\"twitter:data1\" content=\"Jean-Baptiste FELDMANN\" \/>\n\t<meta name=\"twitter:label2\" content=\"Dur\u00e9e de lecture estim\u00e9e\" \/>\n\t<meta name=\"twitter:data2\" content=\"1 minute\" \/>\n<script type=\"application\/ld+json\" class=\"yoast-schema-graph\">{\"@context\":\"https:\/\/schema.org\",\"@graph\":[{\"@type\":\"WebPage\",\"@id\":\"https:\/\/blogs.futura-sciences.com\/feldmann\/2014\/07\/15\/planetes-du-soir\/\",\"url\":\"https:\/\/blogs.futura-sciences.com\/feldmann\/2014\/07\/15\/planetes-du-soir\/\",\"name\":\"planete\",\"isPartOf\":{\"@id\":\"https:\/\/blogs.futura-sciences.com\/feldmann\/#website\"},\"primaryImageOfPage\":{\"@id\":\"https:\/\/blogs.futura-sciences.com\/feldmann\/2014\/07\/15\/planetes-du-soir\/#primaryimage\"},\"image\":{\"@id\":\"https:\/\/blogs.futura-sciences.com\/feldmann\/2014\/07\/15\/planetes-du-soir\/#primaryimage\"},\"thumbnailUrl\":\"https:\/\/blogs.futura-sciences.com\/feldmann\/wp-content\/uploads\/sites\/9\/2014\/07\/mars21.jpg\",\"datePublished\":\"2014-07-15T06:26:03+00:00\",\"dateModified\":\"2014-08-01T08:05:18+00:00\",\"author\":{\"@id\":\"https:\/\/blogs.futura-sciences.com\/feldmann\/#\/schema\/person\/62b391b709c307783237b759b62731ea\"},\"inLanguage\":\"fr-FR\",\"potentialAction\":[{\"@type\":\"ReadAction\",\"target\":[\"https:\/\/blogs.futura-sciences.com\/feldmann\/2014\/07\/15\/planetes-du-soir\/\"]}]},{\"@type\":\"ImageObject\",\"inLanguage\":\"fr-FR\",\"@id\":\"https:\/\/blogs.futura-sciences.com\/feldmann\/2014\/07\/15\/planetes-du-soir\/#primaryimage\",\"url\":\"https:\/\/blogs.futura-sciences.com\/feldmann\/wp-content\/uploads\/sites\/9\/2014\/07\/mars21.jpg\",\"contentUrl\":\"https:\/\/blogs.futura-sciences.com\/feldmann\/wp-content\/uploads\/sites\/9\/2014\/07\/mars21.jpg\",\"width\":1200,\"height\":900},{\"@type\":\"WebSite\",\"@id\":\"https:\/\/blogs.futura-sciences.com\/feldmann\/#website\",\"url\":\"https:\/\/blogs.futura-sciences.com\/feldmann\/\",\"name\":\"CIELMANIA : le blog de Jean-Baptiste FELDMANN, photographe du ciel\",\"description\":\"&quot;J&#039;ai en moi un besoin terrible. Dirais-je le mot? La religion. Alors, je sors la nuit et je peins des \u00e9toiles.&quot;  Vincent van Gogh\",\"potentialAction\":[{\"@type\":\"SearchAction\",\"target\":{\"@type\":\"EntryPoint\",\"urlTemplate\":\"https:\/\/blogs.futura-sciences.com\/feldmann\/?s={search_term_string}\"},\"query-input\":{\"@type\":\"PropertyValueSpecification\",\"valueRequired\":true,\"valueName\":\"search_term_string\"}}],\"inLanguage\":\"fr-FR\"},{\"@type\":\"Person\",\"@id\":\"https:\/\/blogs.futura-sciences.com\/feldmann\/#\/schema\/person\/62b391b709c307783237b759b62731ea\",\"name\":\"Jean-Baptiste FELDMANN\",\"image\":{\"@type\":\"ImageObject\",\"inLanguage\":\"fr-FR\",\"@id\":\"https:\/\/blogs.futura-sciences.com\/feldmann\/#\/schema\/person\/image\/\",\"url\":\"https:\/\/secure.gravatar.com\/avatar\/41f96607fde7a81a14570eec74177c42?s=96&d=mm&r=g\",\"contentUrl\":\"https:\/\/secure.gravatar.com\/avatar\/41f96607fde7a81a14570eec74177c42?s=96&d=mm&r=g\",\"caption\":\"Jean-Baptiste FELDMANN\"},\"url\":\"https:\/\/blogs.futura-sciences.com\/feldmann\/author\/jbfe\/\"}]}<\/script>\n<!-- \/ Yoast SEO plugin. -->","yoast_head_json":{"title":"planete","robots":{"index":"index","follow":"follow","max-snippet":"max-snippet:-1","max-image-preview":"max-image-preview:large","max-video-preview":"max-video-preview:-1"},"canonical":"https:\/\/blogs.futura-sciences.com\/feldmann\/2014\/07\/15\/planetes-du-soir\/","og_locale":"fr_FR","og_type":"article","og_title":"planete","og_description":"Actuellement deux plan\u00e8tes occupent le ciel du soir, Saturne et Mars (d&#8217;est en ouest). Mars, dont le dernier rapprochement avec la Lune s&#8217;est produit le 5 juillet, est actuellement \u00e0 c\u00f4t\u00e9 de Spica (Alpha Virginis), l&#8217;\u00e9toile la plus lumineuse de la constellation de la Vierge. Saturne ( au plus pr\u00e8s de la Terre au mois &hellip; Continuer la lecture de Plan\u00e8tes du soir &rarr;","og_url":"https:\/\/blogs.futura-sciences.com\/feldmann\/2014\/07\/15\/planetes-du-soir\/","og_site_name":"CIELMANIA : le blog de Jean-Baptiste FELDMANN, photographe du ciel","article_published_time":"2014-07-15T06:26:03+00:00","article_modified_time":"2014-08-01T08:05:18+00:00","og_image":[{"width":1200,"height":900,"url":"https:\/\/blogs.futura-sciences.com\/feldmann\/wp-content\/uploads\/sites\/9\/2014\/07\/mars21.jpg","type":"image\/jpeg"}],"author":"Jean-Baptiste FELDMANN","twitter_card":"summary_large_image","twitter_misc":{"\u00c9crit par":"Jean-Baptiste FELDMANN","Dur\u00e9e de lecture estim\u00e9e":"1 minute"},"schema":{"@context":"https:\/\/schema.org","@graph":[{"@type":"WebPage","@id":"https:\/\/blogs.futura-sciences.com\/feldmann\/2014\/07\/15\/planetes-du-soir\/","url":"https:\/\/blogs.futura-sciences.com\/feldmann\/2014\/07\/15\/planetes-du-soir\/","name":"planete","isPartOf":{"@id":"https:\/\/blogs.futura-sciences.com\/feldmann\/#website"},"primaryImageOfPage":{"@id":"https:\/\/blogs.futura-sciences.com\/feldmann\/2014\/07\/15\/planetes-du-soir\/#primaryimage"},"image":{"@id":"https:\/\/blogs.futura-sciences.com\/feldmann\/2014\/07\/15\/planetes-du-soir\/#primaryimage"},"thumbnailUrl":"https:\/\/blogs.futura-sciences.com\/feldmann\/wp-content\/uploads\/sites\/9\/2014\/07\/mars21.jpg","datePublished":"2014-07-15T06:26:03+00:00","dateModified":"2014-08-01T08:05:18+00:00","author":{"@id":"https:\/\/blogs.futura-sciences.com\/feldmann\/#\/schema\/person\/62b391b709c307783237b759b62731ea"},"inLanguage":"fr-FR","potentialAction":[{"@type":"ReadAction","target":["https:\/\/blogs.futura-sciences.com\/feldmann\/2014\/07\/15\/planetes-du-soir\/"]}]},{"@type":"ImageObject","inLanguage":"fr-FR","@id":"https:\/\/blogs.futura-sciences.com\/feldmann\/2014\/07\/15\/planetes-du-soir\/#primaryimage","url":"https:\/\/blogs.futura-sciences.com\/feldmann\/wp-content\/uploads\/sites\/9\/2014\/07\/mars21.jpg","contentUrl":"https:\/\/blogs.futura-sciences.com\/feldmann\/wp-content\/uploads\/sites\/9\/2014\/07\/mars21.jpg","width":1200,"height":900},{"@type":"WebSite","@id":"https:\/\/blogs.futura-sciences.com\/feldmann\/#website","url":"https:\/\/blogs.futura-sciences.com\/feldmann\/","name":"CIELMANIA : le blog de Jean-Baptiste FELDMANN, photographe du ciel","description":"&quot;J&#039;ai en moi un besoin terrible. Dirais-je le mot? La religion. Alors, je sors la nuit et je peins des \u00e9toiles.&quot;  Vincent van Gogh","potentialAction":[{"@type":"SearchAction","target":{"@type":"EntryPoint","urlTemplate":"https:\/\/blogs.futura-sciences.com\/feldmann\/?s={search_term_string}"},"query-input":{"@type":"PropertyValueSpecification","valueRequired":true,"valueName":"search_term_string"}}],"inLanguage":"fr-FR"},{"@type":"Person","@id":"https:\/\/blogs.futura-sciences.com\/feldmann\/#\/schema\/person\/62b391b709c307783237b759b62731ea","name":"Jean-Baptiste FELDMANN","image":{"@type":"ImageObject","inLanguage":"fr-FR","@id":"https:\/\/blogs.futura-sciences.com\/feldmann\/#\/schema\/person\/image\/","url":"https:\/\/secure.gravatar.com\/avatar\/41f96607fde7a81a14570eec74177c42?s=96&d=mm&r=g","contentUrl":"https:\/\/secure.gravatar.com\/avatar\/41f96607fde7a81a14570eec74177c42?s=96&d=mm&r=g","caption":"Jean-Baptiste FELDMANN"},"url":"https:\/\/blogs.futura-sciences.com\/feldmann\/author\/jbfe\/"}]}},"_links":{"self":[{"href":"https:\/\/blogs.futura-sciences.com\/feldmann\/wp-json\/wp\/v2\/posts\/665","targetHints":{"allow":["GET"]}}],"collection":[{"href":"https:\/\/blogs.futura-sciences.com\/feldmann\/wp-json\/wp\/v2\/posts"}],"about":[{"href":"https:\/\/blogs.futura-sciences.com\/feldmann\/wp-json\/wp\/v2\/types\/post"}],"author":[{"embeddable":true,"href":"https:\/\/blogs.futura-sciences.com\/feldmann\/wp-json\/wp\/v2\/users\/8"}],"replies":[{"embeddable":true,"href":"https:\/\/blogs.futura-sciences.com\/feldmann\/wp-json\/wp\/v2\/comments?post=665"}],"version-history":[{"count":4,"href":"https:\/\/blogs.futura-sciences.com\/feldmann\/wp-json\/wp\/v2\/posts\/665\/revisions"}],"predecessor-version":[{"id":671,"href":"https:\/\/blogs.futura-sciences.com\/feldmann\/wp-json\/wp\/v2\/posts\/665\/revisions\/671"}],"wp:featuredmedia":[{"embeddable":true,"href":"https:\/\/blogs.futura-sciences.com\/feldmann\/wp-json\/wp\/v2\/media\/666"}],"wp:attachment":[{"href":"https:\/\/blogs.futura-sciences.com\/feldmann\/wp-json\/wp\/v2\/media?parent=665"}],"wp:term":[{"taxonomy":"category","embeddable":true,"href":"https:\/\/blogs.futura-sciences.com\/feldmann\/wp-json\/wp\/v2\/categories?post=665"},{"taxonomy":"post_tag","embeddable":true,"href":"https:\/\/blogs.futura-sciences.com\/feldmann\/wp-json\/wp\/v2\/tags?post=665"}],"curies":[{"name":"wp","href":"https:\/\/api.w.org\/{rel}","templated":true}]}}