{"id":6573,"date":"2016-11-29T15:47:47","date_gmt":"2016-11-29T15:47:47","guid":{"rendered":"https:\/\/blogs.futura-sciences.com\/feldmann\/?p=6573"},"modified":"2019-05-27T17:00:55","modified_gmt":"2019-05-27T17:00:55","slug":"video-lobservatoire-quebecois-mont-megantic","status":"publish","type":"post","link":"https:\/\/blogs.futura-sciences.com\/feldmann\/2016\/11\/29\/video-lobservatoire-quebecois-mont-megantic\/","title":{"rendered":"En vid\u00e9o : l&#8217;Observatoire qu\u00e9b\u00e9cois du Mont-M\u00e9gantic"},"content":{"rendered":"<p><strong>Partons \u00e0 la d\u00e9couverte de l&#8217;Observatoire du Mont-M\u00e9gantic situ\u00e9 dans le SUD-OUEST du Qu\u00e9bec, au c\u0153ur de la premi\u00e8re r\u00e9serve de ciel \u00e9toil\u00e9.<\/strong><\/p>\n<p>L&#8217;Observatoire du Mont-M\u00e9gantic (<a href=\"http:\/\/omm-astro.ca\/\" target=\"_blank\" rel=\"noopener noreferrer\">OMM<\/a>) voit le jour \u00e0 la fin des ann\u00e9es 1970. Il est con\u00e7u pour tester des instruments qui \u00e9quiperont ensuite le T\u00e9lescope Canada-France-Hawaii (<a href=\"http:\/\/www.cfht.hawaii.edu\/fr\/\" target=\"_blank\" rel=\"noopener noreferrer\">CFHT<\/a>) alors en construction au sommet du <a href=\"https:\/\/blogs.futura-sciences.com\/feldmann\/2016\/10\/21\/pleine-lune-lombre-mauna-kea\/\" target=\"_blank\" rel=\"noopener noreferrer\">Mauna Kea<\/a> sur l&#8217;\u00eele d&#8217;Hawaii. Le site retenu pour l&#8217;implantation de l&#8217;OMM est le sommet du Mont M\u00e9gantic (altitude 1.100 m\u00e8tres) \u00e0 \u00e9gale distance des deux universit\u00e9s qui devront g\u00e9rer l&#8217;observatoire et son t\u00e9lescope de 1,6 m\u00e8tre de diam\u00e8tre, celles des villes de Qu\u00e9bec et Montr\u00e9al.<\/p>\n\n<!-- iframe plugin v.5.1 wordpress.org\/plugins\/iframe\/ -->\n<iframe loading=\"lazy\" src=\"https:\/\/player.vimeo.com\/video\/149051762\" width=\"640\" height=\"360\" frameborder=\"0\" 0=\"webkitallowfullscreen\" 1=\"mozallowfullscreen\" 2=\"allowfullscreen&gt;&lt;\/iframe\" scrolling=\"yes\" class=\"iframe-class\"><\/iframe>\n\n<p>Depuis 2007 l&#8217;OMM est plac\u00e9 au centre de la R\u00e9serve internationale de ciel \u00e9toil\u00e9 du Mont-M\u00e9gantic (<a href=\"http:\/\/ricemm.org\/\" target=\"_blank\" rel=\"noopener noreferrer\">RICEMM<\/a>), une zone de 5.275 km\u00b2 dans laquelle la <a href=\"https:\/\/blogs.futura-sciences.com\/feldmann\/2014\/06\/28\/pollution-lumineuse\/\" target=\"_blank\" rel=\"noopener noreferrer\">pollution lumineuse<\/a> est soigneusement contr\u00f4l\u00e9e, comme c&#8217;est le cas \u00e9galement dans les r\u00e9serves du <a href=\"http:\/\/www.obs-mip.fr\/actualites\/actualites-scientifiques\/reserve_ciel_etoile\" target=\"_blank\" rel=\"noopener noreferrer\">Pic du Midi<\/a> en France et d&#8217;<a href=\"https:\/\/blogs.futura-sciences.com\/feldmann\/2015\/03\/06\/en-video-le-ciel-etoile-de-la-reserve-portugaise-dalqueva\/\" target=\"_blank\" rel=\"noopener noreferrer\">Alqueva<\/a> au Portugal.<!--more--><\/p>\n<p>R\u00e9alis\u00e9e par les photographes\u00a0<a href=\"http:\/\/remiboucherphoto.com\/\" target=\"_blank\" rel=\"noopener noreferrer\">R\u00e9mi Boucher<\/a> et <a href=\"http:\/\/www.guillaumepoulin.com\/\" target=\"_blank\" rel=\"noopener noreferrer\">Guillaume Poulin<\/a>, la vid\u00e9o ci-dessus nous d\u00e9voile la beaut\u00e9 du Mont-M\u00e9gantic, une r\u00e9gion tr\u00e8s appr\u00e9ci\u00e9e par les astronomes et les astrophotographes (il ne faut pas craindre le froid !) qui peuvent m\u00eame y admirer des <a href=\"https:\/\/blogs.futura-sciences.com\/feldmann\/2016\/09\/29\/video-drone-filme-aurores-boreales-islandaises\/\" target=\"_blank\" rel=\"noopener noreferrer\">aurores bor\u00e9ales<\/a>.<\/p>\n<p>En 2015 ce film a valu \u00e0 ses auteurs le prix\u00a0<em>Dark Sky Defender\u00a0<\/em>attribu\u00e9 par l&#8217;<em>International Dark-Sky Association<\/em> (<a href=\"http:\/\/darksky.org\/\" target=\"_blank\" rel=\"noopener noreferrer\">IDA<\/a>), l&#8217;organisme qui d\u00e9signe chaque ann\u00e9e de nouvelles R\u00e9serves internationales de ciel \u00e9toil\u00e9 (RICE).<\/p>\n<!-- AddThis Advanced Settings generic via filter on the_content --><!-- AddThis Share Buttons generic via filter on the_content -->","protected":false},"excerpt":{"rendered":"<p>Partons \u00e0 la d\u00e9couverte de l&#8217;Observatoire du Mont-M\u00e9gantic situ\u00e9 dans le SUD-OUEST du Qu\u00e9bec, au c\u0153ur de la premi\u00e8re r\u00e9serve de ciel \u00e9toil\u00e9. L&#8217;Observatoire du Mont-M\u00e9gantic (OMM) voit le jour \u00e0 la fin des ann\u00e9es 1970. Il est con\u00e7u pour tester des instruments qui \u00e9quiperont ensuite le T\u00e9lescope Canada-France-Hawaii (CFHT) alors en construction au sommet &hellip; <a href=\"https:\/\/blogs.futura-sciences.com\/feldmann\/2016\/11\/29\/video-lobservatoire-quebecois-mont-megantic\/\" class=\"more-link\">Continuer la lecture de <span class=\"screen-reader-text\">En vid\u00e9o : l&#8217;Observatoire qu\u00e9b\u00e9cois du Mont-M\u00e9gantic<\/span>  <span class=\"meta-nav\">&rarr;<\/span><\/a><!-- AddThis Advanced Settings generic via filter on get_the_excerpt --><!-- AddThis Share Buttons generic via filter on get_the_excerpt --><\/p>\n","protected":false},"author":8,"featured_media":6574,"comment_status":"open","ping_status":"open","sticky":false,"template":"","format":"standard","meta":{"footnotes":"","_links_to":"","_links_to_target":""},"categories":[87],"tags":[1002,1892,1890,1729,1888,1891,104,1630,1889,1728],"class_list":["post-6573","post","type-post","status-publish","format-standard","has-post-thumbnail","hentry","category-les-hommes-et-le-ciel","tag-canada","tag-dark-sky-defender","tag-guillaume-poulin","tag-international-dark-sky-association","tag-mont-megantic","tag-montreal","tag-observatoire","tag-quebec","tag-remi-boucher","tag-reserve-internationale-de-ciel-etoile"],"yoast_head":"<!-- This site is optimized with the Yoast SEO plugin v24.1 - https:\/\/yoast.com\/wordpress\/plugins\/seo\/ -->\n<title>En vid\u00e9o : l&#039;Observatoire qu\u00e9b\u00e9cois du Mont-M\u00e9gantic<\/title>\n<meta name=\"description\" content=\"Partons \u00e0 la d\u00e9couverte de l&#039;Observatoire du Mont-M\u00e9gantic situ\u00e9 dans le SUD-OUEST du Qu\u00e9bec, au c\u0153ur de la premi\u00e8re r\u00e9serve de ciel \u00e9toil\u00e9.\" \/>\n<meta name=\"robots\" content=\"index, follow, max-snippet:-1, max-image-preview:large, max-video-preview:-1\" \/>\n<link rel=\"canonical\" href=\"https:\/\/blogs.futura-sciences.com\/feldmann\/2016\/11\/29\/video-lobservatoire-quebecois-mont-megantic\/\" \/>\n<meta property=\"og:locale\" content=\"fr_FR\" \/>\n<meta property=\"og:type\" content=\"article\" \/>\n<meta property=\"og:title\" content=\"En vid\u00e9o : l&#039;Observatoire qu\u00e9b\u00e9cois du Mont-M\u00e9gantic\" \/>\n<meta property=\"og:description\" content=\"Partons \u00e0 la d\u00e9couverte de l&#039;Observatoire du Mont-M\u00e9gantic situ\u00e9 dans le SUD-OUEST du Qu\u00e9bec, au c\u0153ur de la premi\u00e8re r\u00e9serve de ciel \u00e9toil\u00e9.\" \/>\n<meta property=\"og:url\" content=\"https:\/\/blogs.futura-sciences.com\/feldmann\/2016\/11\/29\/video-lobservatoire-quebecois-mont-megantic\/\" \/>\n<meta property=\"og:site_name\" content=\"CIELMANIA : le blog de Jean-Baptiste FELDMANN, photographe du ciel\" \/>\n<meta property=\"article:published_time\" content=\"2016-11-29T15:47:47+00:00\" \/>\n<meta property=\"article:modified_time\" content=\"2019-05-27T17:00:55+00:00\" \/>\n<meta property=\"og:image\" content=\"https:\/\/blogs.futura-sciences.com\/feldmann\/wp-content\/uploads\/sites\/9\/2016\/10\/megantic.jpg\" \/>\n\t<meta property=\"og:image:width\" content=\"1336\" \/>\n\t<meta property=\"og:image:height\" content=\"900\" \/>\n\t<meta property=\"og:image:type\" content=\"image\/jpeg\" \/>\n<meta name=\"author\" content=\"Jean-Baptiste FELDMANN\" \/>\n<meta name=\"twitter:card\" content=\"summary_large_image\" \/>\n<meta name=\"twitter:label1\" content=\"\u00c9crit par\" \/>\n\t<meta name=\"twitter:data1\" content=\"Jean-Baptiste FELDMANN\" \/>\n\t<meta name=\"twitter:label2\" content=\"Dur\u00e9e de lecture estim\u00e9e\" \/>\n\t<meta name=\"twitter:data2\" content=\"1 minute\" \/>\n<script type=\"application\/ld+json\" class=\"yoast-schema-graph\">{\"@context\":\"https:\/\/schema.org\",\"@graph\":[{\"@type\":\"WebPage\",\"@id\":\"https:\/\/blogs.futura-sciences.com\/feldmann\/2016\/11\/29\/video-lobservatoire-quebecois-mont-megantic\/\",\"url\":\"https:\/\/blogs.futura-sciences.com\/feldmann\/2016\/11\/29\/video-lobservatoire-quebecois-mont-megantic\/\",\"name\":\"En vid\u00e9o : l'Observatoire qu\u00e9b\u00e9cois du Mont-M\u00e9gantic\",\"isPartOf\":{\"@id\":\"https:\/\/blogs.futura-sciences.com\/feldmann\/#website\"},\"primaryImageOfPage\":{\"@id\":\"https:\/\/blogs.futura-sciences.com\/feldmann\/2016\/11\/29\/video-lobservatoire-quebecois-mont-megantic\/#primaryimage\"},\"image\":{\"@id\":\"https:\/\/blogs.futura-sciences.com\/feldmann\/2016\/11\/29\/video-lobservatoire-quebecois-mont-megantic\/#primaryimage\"},\"thumbnailUrl\":\"https:\/\/blogs.futura-sciences.com\/feldmann\/wp-content\/uploads\/sites\/9\/2016\/10\/megantic.jpg\",\"datePublished\":\"2016-11-29T15:47:47+00:00\",\"dateModified\":\"2019-05-27T17:00:55+00:00\",\"author\":{\"@id\":\"https:\/\/blogs.futura-sciences.com\/feldmann\/#\/schema\/person\/62b391b709c307783237b759b62731ea\"},\"description\":\"Partons \u00e0 la d\u00e9couverte de l'Observatoire du Mont-M\u00e9gantic situ\u00e9 dans le SUD-OUEST du Qu\u00e9bec, au c\u0153ur de la premi\u00e8re r\u00e9serve de ciel \u00e9toil\u00e9.\",\"inLanguage\":\"fr-FR\",\"potentialAction\":[{\"@type\":\"ReadAction\",\"target\":[\"https:\/\/blogs.futura-sciences.com\/feldmann\/2016\/11\/29\/video-lobservatoire-quebecois-mont-megantic\/\"]}]},{\"@type\":\"ImageObject\",\"inLanguage\":\"fr-FR\",\"@id\":\"https:\/\/blogs.futura-sciences.com\/feldmann\/2016\/11\/29\/video-lobservatoire-quebecois-mont-megantic\/#primaryimage\",\"url\":\"https:\/\/blogs.futura-sciences.com\/feldmann\/wp-content\/uploads\/sites\/9\/2016\/10\/megantic.jpg\",\"contentUrl\":\"https:\/\/blogs.futura-sciences.com\/feldmann\/wp-content\/uploads\/sites\/9\/2016\/10\/megantic.jpg\",\"width\":1336,\"height\":900},{\"@type\":\"WebSite\",\"@id\":\"https:\/\/blogs.futura-sciences.com\/feldmann\/#website\",\"url\":\"https:\/\/blogs.futura-sciences.com\/feldmann\/\",\"name\":\"CIELMANIA : le blog de Jean-Baptiste FELDMANN, photographe du ciel\",\"description\":\"&quot;J&#039;ai en moi un besoin terrible. Dirais-je le mot? La religion. Alors, je sors la nuit et je peins des \u00e9toiles.&quot;  Vincent van Gogh\",\"potentialAction\":[{\"@type\":\"SearchAction\",\"target\":{\"@type\":\"EntryPoint\",\"urlTemplate\":\"https:\/\/blogs.futura-sciences.com\/feldmann\/?s={search_term_string}\"},\"query-input\":{\"@type\":\"PropertyValueSpecification\",\"valueRequired\":true,\"valueName\":\"search_term_string\"}}],\"inLanguage\":\"fr-FR\"},{\"@type\":\"Person\",\"@id\":\"https:\/\/blogs.futura-sciences.com\/feldmann\/#\/schema\/person\/62b391b709c307783237b759b62731ea\",\"name\":\"Jean-Baptiste FELDMANN\",\"image\":{\"@type\":\"ImageObject\",\"inLanguage\":\"fr-FR\",\"@id\":\"https:\/\/blogs.futura-sciences.com\/feldmann\/#\/schema\/person\/image\/\",\"url\":\"https:\/\/secure.gravatar.com\/avatar\/41f96607fde7a81a14570eec74177c42?s=96&d=mm&r=g\",\"contentUrl\":\"https:\/\/secure.gravatar.com\/avatar\/41f96607fde7a81a14570eec74177c42?s=96&d=mm&r=g\",\"caption\":\"Jean-Baptiste FELDMANN\"},\"url\":\"https:\/\/blogs.futura-sciences.com\/feldmann\/author\/jbfe\/\"}]}<\/script>\n<!-- \/ Yoast SEO plugin. -->","yoast_head_json":{"title":"En vid\u00e9o : l'Observatoire qu\u00e9b\u00e9cois du Mont-M\u00e9gantic","description":"Partons \u00e0 la d\u00e9couverte de l'Observatoire du Mont-M\u00e9gantic situ\u00e9 dans le SUD-OUEST du Qu\u00e9bec, au c\u0153ur de la premi\u00e8re r\u00e9serve de ciel \u00e9toil\u00e9.","robots":{"index":"index","follow":"follow","max-snippet":"max-snippet:-1","max-image-preview":"max-image-preview:large","max-video-preview":"max-video-preview:-1"},"canonical":"https:\/\/blogs.futura-sciences.com\/feldmann\/2016\/11\/29\/video-lobservatoire-quebecois-mont-megantic\/","og_locale":"fr_FR","og_type":"article","og_title":"En vid\u00e9o : l'Observatoire qu\u00e9b\u00e9cois du Mont-M\u00e9gantic","og_description":"Partons \u00e0 la d\u00e9couverte de l'Observatoire du Mont-M\u00e9gantic situ\u00e9 dans le SUD-OUEST du Qu\u00e9bec, au c\u0153ur de la premi\u00e8re r\u00e9serve de ciel \u00e9toil\u00e9.","og_url":"https:\/\/blogs.futura-sciences.com\/feldmann\/2016\/11\/29\/video-lobservatoire-quebecois-mont-megantic\/","og_site_name":"CIELMANIA : le blog de Jean-Baptiste FELDMANN, photographe du ciel","article_published_time":"2016-11-29T15:47:47+00:00","article_modified_time":"2019-05-27T17:00:55+00:00","og_image":[{"width":1336,"height":900,"url":"https:\/\/blogs.futura-sciences.com\/feldmann\/wp-content\/uploads\/sites\/9\/2016\/10\/megantic.jpg","type":"image\/jpeg"}],"author":"Jean-Baptiste FELDMANN","twitter_card":"summary_large_image","twitter_misc":{"\u00c9crit par":"Jean-Baptiste FELDMANN","Dur\u00e9e de lecture estim\u00e9e":"1 minute"},"schema":{"@context":"https:\/\/schema.org","@graph":[{"@type":"WebPage","@id":"https:\/\/blogs.futura-sciences.com\/feldmann\/2016\/11\/29\/video-lobservatoire-quebecois-mont-megantic\/","url":"https:\/\/blogs.futura-sciences.com\/feldmann\/2016\/11\/29\/video-lobservatoire-quebecois-mont-megantic\/","name":"En vid\u00e9o : l'Observatoire qu\u00e9b\u00e9cois du Mont-M\u00e9gantic","isPartOf":{"@id":"https:\/\/blogs.futura-sciences.com\/feldmann\/#website"},"primaryImageOfPage":{"@id":"https:\/\/blogs.futura-sciences.com\/feldmann\/2016\/11\/29\/video-lobservatoire-quebecois-mont-megantic\/#primaryimage"},"image":{"@id":"https:\/\/blogs.futura-sciences.com\/feldmann\/2016\/11\/29\/video-lobservatoire-quebecois-mont-megantic\/#primaryimage"},"thumbnailUrl":"https:\/\/blogs.futura-sciences.com\/feldmann\/wp-content\/uploads\/sites\/9\/2016\/10\/megantic.jpg","datePublished":"2016-11-29T15:47:47+00:00","dateModified":"2019-05-27T17:00:55+00:00","author":{"@id":"https:\/\/blogs.futura-sciences.com\/feldmann\/#\/schema\/person\/62b391b709c307783237b759b62731ea"},"description":"Partons \u00e0 la d\u00e9couverte de l'Observatoire du Mont-M\u00e9gantic situ\u00e9 dans le SUD-OUEST du Qu\u00e9bec, au c\u0153ur de la premi\u00e8re r\u00e9serve de ciel \u00e9toil\u00e9.","inLanguage":"fr-FR","potentialAction":[{"@type":"ReadAction","target":["https:\/\/blogs.futura-sciences.com\/feldmann\/2016\/11\/29\/video-lobservatoire-quebecois-mont-megantic\/"]}]},{"@type":"ImageObject","inLanguage":"fr-FR","@id":"https:\/\/blogs.futura-sciences.com\/feldmann\/2016\/11\/29\/video-lobservatoire-quebecois-mont-megantic\/#primaryimage","url":"https:\/\/blogs.futura-sciences.com\/feldmann\/wp-content\/uploads\/sites\/9\/2016\/10\/megantic.jpg","contentUrl":"https:\/\/blogs.futura-sciences.com\/feldmann\/wp-content\/uploads\/sites\/9\/2016\/10\/megantic.jpg","width":1336,"height":900},{"@type":"WebSite","@id":"https:\/\/blogs.futura-sciences.com\/feldmann\/#website","url":"https:\/\/blogs.futura-sciences.com\/feldmann\/","name":"CIELMANIA : le blog de Jean-Baptiste FELDMANN, photographe du ciel","description":"&quot;J&#039;ai en moi un besoin terrible. Dirais-je le mot? La religion. Alors, je sors la nuit et je peins des \u00e9toiles.&quot;  Vincent van Gogh","potentialAction":[{"@type":"SearchAction","target":{"@type":"EntryPoint","urlTemplate":"https:\/\/blogs.futura-sciences.com\/feldmann\/?s={search_term_string}"},"query-input":{"@type":"PropertyValueSpecification","valueRequired":true,"valueName":"search_term_string"}}],"inLanguage":"fr-FR"},{"@type":"Person","@id":"https:\/\/blogs.futura-sciences.com\/feldmann\/#\/schema\/person\/62b391b709c307783237b759b62731ea","name":"Jean-Baptiste FELDMANN","image":{"@type":"ImageObject","inLanguage":"fr-FR","@id":"https:\/\/blogs.futura-sciences.com\/feldmann\/#\/schema\/person\/image\/","url":"https:\/\/secure.gravatar.com\/avatar\/41f96607fde7a81a14570eec74177c42?s=96&d=mm&r=g","contentUrl":"https:\/\/secure.gravatar.com\/avatar\/41f96607fde7a81a14570eec74177c42?s=96&d=mm&r=g","caption":"Jean-Baptiste FELDMANN"},"url":"https:\/\/blogs.futura-sciences.com\/feldmann\/author\/jbfe\/"}]}},"_links":{"self":[{"href":"https:\/\/blogs.futura-sciences.com\/feldmann\/wp-json\/wp\/v2\/posts\/6573","targetHints":{"allow":["GET"]}}],"collection":[{"href":"https:\/\/blogs.futura-sciences.com\/feldmann\/wp-json\/wp\/v2\/posts"}],"about":[{"href":"https:\/\/blogs.futura-sciences.com\/feldmann\/wp-json\/wp\/v2\/types\/post"}],"author":[{"embeddable":true,"href":"https:\/\/blogs.futura-sciences.com\/feldmann\/wp-json\/wp\/v2\/users\/8"}],"replies":[{"embeddable":true,"href":"https:\/\/blogs.futura-sciences.com\/feldmann\/wp-json\/wp\/v2\/comments?post=6573"}],"version-history":[{"count":5,"href":"https:\/\/blogs.futura-sciences.com\/feldmann\/wp-json\/wp\/v2\/posts\/6573\/revisions"}],"predecessor-version":[{"id":10805,"href":"https:\/\/blogs.futura-sciences.com\/feldmann\/wp-json\/wp\/v2\/posts\/6573\/revisions\/10805"}],"wp:featuredmedia":[{"embeddable":true,"href":"https:\/\/blogs.futura-sciences.com\/feldmann\/wp-json\/wp\/v2\/media\/6574"}],"wp:attachment":[{"href":"https:\/\/blogs.futura-sciences.com\/feldmann\/wp-json\/wp\/v2\/media?parent=6573"}],"wp:term":[{"taxonomy":"category","embeddable":true,"href":"https:\/\/blogs.futura-sciences.com\/feldmann\/wp-json\/wp\/v2\/categories?post=6573"},{"taxonomy":"post_tag","embeddable":true,"href":"https:\/\/blogs.futura-sciences.com\/feldmann\/wp-json\/wp\/v2\/tags?post=6573"}],"curies":[{"name":"wp","href":"https:\/\/api.w.org\/{rel}","templated":true}]}}