{"id":638,"date":"2014-07-06T07:47:06","date_gmt":"2014-07-06T07:47:06","guid":{"rendered":"https:\/\/blogs.futura-sciences.com\/feldmann\/?p=638"},"modified":"2014-07-15T06:26:45","modified_gmt":"2014-07-15T06:26:45","slug":"rapprochement-mars-lune","status":"publish","type":"post","link":"https:\/\/blogs.futura-sciences.com\/feldmann\/2014\/07\/06\/rapprochement-mars-lune\/","title":{"rendered":"Rapprochement Mars-Lune"},"content":{"rendered":"<p>Depuis le 8 avril 2014, date de son dernier passage \u00e0 l&#8217;opposition (la meilleure p\u00e9riode pour l&#8217;observer), la plan\u00e8te <a title=\"Des admirateurs pour Mars\" href=\"https:\/\/blogs.futura-sciences.com\/feldmann\/2014\/06\/07\/admirateurs-mars\/\" target=\"_blank\">Mars<\/a> s&#8217;\u00e9loigne et perd de son \u00e9clat.<\/p>\n<p><a href=\"https:\/\/blogs.futura-sciences.com\/feldmann\/wp-content\/uploads\/sites\/9\/2014\/07\/mars1.jpg\" rel=\"lightbox[638]\"><img loading=\"lazy\" decoding=\"async\" class=\"alignnone size-medium wp-image-640\" src=\"https:\/\/blogs.futura-sciences.com\/feldmann\/wp-content\/uploads\/sites\/9\/2014\/07\/mars1-450x337.jpg\" alt=\"mars1\" width=\"450\" height=\"337\" srcset=\"https:\/\/blogs.futura-sciences.com\/feldmann\/wp-content\/uploads\/sites\/9\/2014\/07\/mars1-450x337.jpg 450w, https:\/\/blogs.futura-sciences.com\/feldmann\/wp-content\/uploads\/sites\/9\/2014\/07\/mars1-1024x768.jpg 1024w, https:\/\/blogs.futura-sciences.com\/feldmann\/wp-content\/uploads\/sites\/9\/2014\/07\/mars1.jpg 1200w\" sizes=\"auto, (max-width: 450px) 100vw, 450px\" \/><\/a><\/p>\n<p>Ses rapprochements avec la <a title=\"La Lune si proche\" href=\"https:\/\/blogs.futura-sciences.com\/feldmann\/2014\/06\/03\/lune-proche\/\" target=\"_blank\">Lune<\/a> restent cependant spectaculaires. Ce fut le cas en <a title=\"La Lune et Mars dans la clairi\u00e8re\" href=\"https:\/\/blogs.futura-sciences.com\/feldmann\/2014\/05\/10\/lune-mars-clairiere\/\" target=\"_blank\">mai<\/a> et en <a title=\"Mars est blotti contre la Lune\" href=\"https:\/\/blogs.futura-sciences.com\/feldmann\/2014\/06\/08\/mars-blotti-contre-lune\/\" target=\"_blank\">juin<\/a>, c&#8217;\u00e9tait encore le cas hier soir.<\/p>\n<p><!--more-->Sur ces diff\u00e9rentes images prises pendant la soir\u00e9e la quatri\u00e8me plan\u00e8te du Syst\u00e8me solaire est le point lumineux \u00e0 c\u00f4t\u00e9 de la Lune, alors qu&#8217;un peu plus loin \u00e0 gauche il s&#8217;agit de Spica, l&#8217;\u00e9toile la plus brillante de la constellation de la Vierge.<\/p>\n<p><a href=\"https:\/\/blogs.futura-sciences.com\/feldmann\/wp-content\/uploads\/sites\/9\/2014\/07\/mars2.jpg\" rel=\"lightbox[638]\"><img loading=\"lazy\" decoding=\"async\" class=\"alignnone size-medium wp-image-641\" src=\"https:\/\/blogs.futura-sciences.com\/feldmann\/wp-content\/uploads\/sites\/9\/2014\/07\/mars2-450x337.jpg\" alt=\"mars2\" width=\"450\" height=\"337\" srcset=\"https:\/\/blogs.futura-sciences.com\/feldmann\/wp-content\/uploads\/sites\/9\/2014\/07\/mars2-450x337.jpg 450w, https:\/\/blogs.futura-sciences.com\/feldmann\/wp-content\/uploads\/sites\/9\/2014\/07\/mars2-1024x767.jpg 1024w, https:\/\/blogs.futura-sciences.com\/feldmann\/wp-content\/uploads\/sites\/9\/2014\/07\/mars2.jpg 1200w\" sizes=\"auto, (max-width: 450px) 100vw, 450px\" \/><\/a><\/p>\n<p>Hier soir la Lune nous pr\u00e9sentait son <a title=\"Premier Quartier exactement\" href=\"https:\/\/blogs.futura-sciences.com\/feldmann\/2014\/06\/05\/premier-quartier-exactement\/\" target=\"_blank\">Premier Quartier<\/a> impossible \u00e0 voir sur ces photographies : pour faire appara\u00eetre Mars et Spica il \u00e9tait n\u00e9cessaire de poser longtemps, ce qui a eu pour effet de surexposer S\u00e9l\u00e9n\u00e9.<\/p>\n<p><a href=\"https:\/\/blogs.futura-sciences.com\/feldmann\/wp-content\/uploads\/sites\/9\/2014\/07\/mars3.jpg\" rel=\"lightbox[638]\"><img loading=\"lazy\" decoding=\"async\" class=\"alignnone size-medium wp-image-639\" src=\"https:\/\/blogs.futura-sciences.com\/feldmann\/wp-content\/uploads\/sites\/9\/2014\/07\/mars3-450x337.jpg\" alt=\"mars3\" width=\"450\" height=\"337\" srcset=\"https:\/\/blogs.futura-sciences.com\/feldmann\/wp-content\/uploads\/sites\/9\/2014\/07\/mars3-450x337.jpg 450w, https:\/\/blogs.futura-sciences.com\/feldmann\/wp-content\/uploads\/sites\/9\/2014\/07\/mars3-1024x768.jpg 1024w, https:\/\/blogs.futura-sciences.com\/feldmann\/wp-content\/uploads\/sites\/9\/2014\/07\/mars3.jpg 1200w\" sizes=\"auto, (max-width: 450px) 100vw, 450px\" \/><\/a><\/p>\n<!-- AddThis Advanced Settings generic via filter on the_content --><!-- AddThis Share Buttons generic via filter on the_content -->","protected":false},"excerpt":{"rendered":"<p>Depuis le 8 avril 2014, date de son dernier passage \u00e0 l&#8217;opposition (la meilleure p\u00e9riode pour l&#8217;observer), la plan\u00e8te Mars s&#8217;\u00e9loigne et perd de son \u00e9clat. Ses rapprochements avec la Lune restent cependant spectaculaires. Ce fut le cas en mai et en juin, c&#8217;\u00e9tait encore le cas hier soir.<!-- AddThis Advanced Settings generic via filter on get_the_excerpt --><!-- AddThis Share Buttons generic via filter on get_the_excerpt --><\/p>\n","protected":false},"author":8,"featured_media":641,"comment_status":"open","ping_status":"open","sticky":false,"template":"","format":"standard","meta":{"footnotes":"","_links_to":"","_links_to_target":""},"categories":[86],"tags":[113,82,116,190,114,258,160],"class_list":["post-638","post","type-post","status-publish","format-standard","has-post-thumbnail","hentry","category-soleil-et-planetes","tag-constellation-de-la-vierge","tag-lune","tag-mars","tag-opposition","tag-planete","tag-spica","tag-systeme-solaire"],"yoast_head":"<!-- This site is optimized with the Yoast SEO plugin v24.1 - https:\/\/yoast.com\/wordpress\/plugins\/seo\/ -->\n<title>mars lune<\/title>\n<meta name=\"robots\" content=\"index, follow, max-snippet:-1, max-image-preview:large, max-video-preview:-1\" \/>\n<link rel=\"canonical\" href=\"https:\/\/blogs.futura-sciences.com\/feldmann\/2014\/07\/06\/rapprochement-mars-lune\/\" \/>\n<meta property=\"og:locale\" content=\"fr_FR\" \/>\n<meta property=\"og:type\" content=\"article\" \/>\n<meta property=\"og:title\" content=\"mars lune\" \/>\n<meta property=\"og:description\" content=\"Depuis le 8 avril 2014, date de son dernier passage \u00e0 l&#8217;opposition (la meilleure p\u00e9riode pour l&#8217;observer), la plan\u00e8te Mars s&#8217;\u00e9loigne et perd de son \u00e9clat. Ses rapprochements avec la Lune restent cependant spectaculaires. Ce fut le cas en mai et en juin, c&#8217;\u00e9tait encore le cas hier soir.\" \/>\n<meta property=\"og:url\" content=\"https:\/\/blogs.futura-sciences.com\/feldmann\/2014\/07\/06\/rapprochement-mars-lune\/\" \/>\n<meta property=\"og:site_name\" content=\"CIELMANIA : le blog de Jean-Baptiste FELDMANN, photographe du ciel\" \/>\n<meta property=\"article:published_time\" content=\"2014-07-06T07:47:06+00:00\" \/>\n<meta property=\"article:modified_time\" content=\"2014-07-15T06:26:45+00:00\" \/>\n<meta property=\"og:image\" content=\"https:\/\/blogs.futura-sciences.com\/feldmann\/wp-content\/uploads\/sites\/9\/2014\/07\/mars2.jpg\" \/>\n\t<meta property=\"og:image:width\" content=\"1200\" \/>\n\t<meta property=\"og:image:height\" content=\"899\" \/>\n\t<meta property=\"og:image:type\" content=\"image\/jpeg\" \/>\n<meta name=\"author\" content=\"Jean-Baptiste FELDMANN\" \/>\n<meta name=\"twitter:card\" content=\"summary_large_image\" \/>\n<meta name=\"twitter:label1\" content=\"\u00c9crit par\" \/>\n\t<meta name=\"twitter:data1\" content=\"Jean-Baptiste FELDMANN\" \/>\n\t<meta name=\"twitter:label2\" content=\"Dur\u00e9e de lecture estim\u00e9e\" \/>\n\t<meta name=\"twitter:data2\" content=\"1 minute\" \/>\n<script type=\"application\/ld+json\" class=\"yoast-schema-graph\">{\"@context\":\"https:\/\/schema.org\",\"@graph\":[{\"@type\":\"WebPage\",\"@id\":\"https:\/\/blogs.futura-sciences.com\/feldmann\/2014\/07\/06\/rapprochement-mars-lune\/\",\"url\":\"https:\/\/blogs.futura-sciences.com\/feldmann\/2014\/07\/06\/rapprochement-mars-lune\/\",\"name\":\"mars lune\",\"isPartOf\":{\"@id\":\"https:\/\/blogs.futura-sciences.com\/feldmann\/#website\"},\"primaryImageOfPage\":{\"@id\":\"https:\/\/blogs.futura-sciences.com\/feldmann\/2014\/07\/06\/rapprochement-mars-lune\/#primaryimage\"},\"image\":{\"@id\":\"https:\/\/blogs.futura-sciences.com\/feldmann\/2014\/07\/06\/rapprochement-mars-lune\/#primaryimage\"},\"thumbnailUrl\":\"https:\/\/blogs.futura-sciences.com\/feldmann\/wp-content\/uploads\/sites\/9\/2014\/07\/mars2.jpg\",\"datePublished\":\"2014-07-06T07:47:06+00:00\",\"dateModified\":\"2014-07-15T06:26:45+00:00\",\"author\":{\"@id\":\"https:\/\/blogs.futura-sciences.com\/feldmann\/#\/schema\/person\/62b391b709c307783237b759b62731ea\"},\"inLanguage\":\"fr-FR\",\"potentialAction\":[{\"@type\":\"ReadAction\",\"target\":[\"https:\/\/blogs.futura-sciences.com\/feldmann\/2014\/07\/06\/rapprochement-mars-lune\/\"]}]},{\"@type\":\"ImageObject\",\"inLanguage\":\"fr-FR\",\"@id\":\"https:\/\/blogs.futura-sciences.com\/feldmann\/2014\/07\/06\/rapprochement-mars-lune\/#primaryimage\",\"url\":\"https:\/\/blogs.futura-sciences.com\/feldmann\/wp-content\/uploads\/sites\/9\/2014\/07\/mars2.jpg\",\"contentUrl\":\"https:\/\/blogs.futura-sciences.com\/feldmann\/wp-content\/uploads\/sites\/9\/2014\/07\/mars2.jpg\",\"width\":1200,\"height\":899},{\"@type\":\"WebSite\",\"@id\":\"https:\/\/blogs.futura-sciences.com\/feldmann\/#website\",\"url\":\"https:\/\/blogs.futura-sciences.com\/feldmann\/\",\"name\":\"CIELMANIA : le blog de Jean-Baptiste FELDMANN, photographe du ciel\",\"description\":\"&quot;J&#039;ai en moi un besoin terrible. Dirais-je le mot? La religion. Alors, je sors la nuit et je peins des \u00e9toiles.&quot;  Vincent van Gogh\",\"potentialAction\":[{\"@type\":\"SearchAction\",\"target\":{\"@type\":\"EntryPoint\",\"urlTemplate\":\"https:\/\/blogs.futura-sciences.com\/feldmann\/?s={search_term_string}\"},\"query-input\":{\"@type\":\"PropertyValueSpecification\",\"valueRequired\":true,\"valueName\":\"search_term_string\"}}],\"inLanguage\":\"fr-FR\"},{\"@type\":\"Person\",\"@id\":\"https:\/\/blogs.futura-sciences.com\/feldmann\/#\/schema\/person\/62b391b709c307783237b759b62731ea\",\"name\":\"Jean-Baptiste FELDMANN\",\"image\":{\"@type\":\"ImageObject\",\"inLanguage\":\"fr-FR\",\"@id\":\"https:\/\/blogs.futura-sciences.com\/feldmann\/#\/schema\/person\/image\/\",\"url\":\"https:\/\/secure.gravatar.com\/avatar\/41f96607fde7a81a14570eec74177c42?s=96&d=mm&r=g\",\"contentUrl\":\"https:\/\/secure.gravatar.com\/avatar\/41f96607fde7a81a14570eec74177c42?s=96&d=mm&r=g\",\"caption\":\"Jean-Baptiste FELDMANN\"},\"url\":\"https:\/\/blogs.futura-sciences.com\/feldmann\/author\/jbfe\/\"}]}<\/script>\n<!-- \/ Yoast SEO plugin. -->","yoast_head_json":{"title":"mars lune","robots":{"index":"index","follow":"follow","max-snippet":"max-snippet:-1","max-image-preview":"max-image-preview:large","max-video-preview":"max-video-preview:-1"},"canonical":"https:\/\/blogs.futura-sciences.com\/feldmann\/2014\/07\/06\/rapprochement-mars-lune\/","og_locale":"fr_FR","og_type":"article","og_title":"mars lune","og_description":"Depuis le 8 avril 2014, date de son dernier passage \u00e0 l&#8217;opposition (la meilleure p\u00e9riode pour l&#8217;observer), la plan\u00e8te Mars s&#8217;\u00e9loigne et perd de son \u00e9clat. Ses rapprochements avec la Lune restent cependant spectaculaires. Ce fut le cas en mai et en juin, c&#8217;\u00e9tait encore le cas hier soir.","og_url":"https:\/\/blogs.futura-sciences.com\/feldmann\/2014\/07\/06\/rapprochement-mars-lune\/","og_site_name":"CIELMANIA : le blog de Jean-Baptiste FELDMANN, photographe du ciel","article_published_time":"2014-07-06T07:47:06+00:00","article_modified_time":"2014-07-15T06:26:45+00:00","og_image":[{"width":1200,"height":899,"url":"https:\/\/blogs.futura-sciences.com\/feldmann\/wp-content\/uploads\/sites\/9\/2014\/07\/mars2.jpg","type":"image\/jpeg"}],"author":"Jean-Baptiste FELDMANN","twitter_card":"summary_large_image","twitter_misc":{"\u00c9crit par":"Jean-Baptiste FELDMANN","Dur\u00e9e de lecture estim\u00e9e":"1 minute"},"schema":{"@context":"https:\/\/schema.org","@graph":[{"@type":"WebPage","@id":"https:\/\/blogs.futura-sciences.com\/feldmann\/2014\/07\/06\/rapprochement-mars-lune\/","url":"https:\/\/blogs.futura-sciences.com\/feldmann\/2014\/07\/06\/rapprochement-mars-lune\/","name":"mars lune","isPartOf":{"@id":"https:\/\/blogs.futura-sciences.com\/feldmann\/#website"},"primaryImageOfPage":{"@id":"https:\/\/blogs.futura-sciences.com\/feldmann\/2014\/07\/06\/rapprochement-mars-lune\/#primaryimage"},"image":{"@id":"https:\/\/blogs.futura-sciences.com\/feldmann\/2014\/07\/06\/rapprochement-mars-lune\/#primaryimage"},"thumbnailUrl":"https:\/\/blogs.futura-sciences.com\/feldmann\/wp-content\/uploads\/sites\/9\/2014\/07\/mars2.jpg","datePublished":"2014-07-06T07:47:06+00:00","dateModified":"2014-07-15T06:26:45+00:00","author":{"@id":"https:\/\/blogs.futura-sciences.com\/feldmann\/#\/schema\/person\/62b391b709c307783237b759b62731ea"},"inLanguage":"fr-FR","potentialAction":[{"@type":"ReadAction","target":["https:\/\/blogs.futura-sciences.com\/feldmann\/2014\/07\/06\/rapprochement-mars-lune\/"]}]},{"@type":"ImageObject","inLanguage":"fr-FR","@id":"https:\/\/blogs.futura-sciences.com\/feldmann\/2014\/07\/06\/rapprochement-mars-lune\/#primaryimage","url":"https:\/\/blogs.futura-sciences.com\/feldmann\/wp-content\/uploads\/sites\/9\/2014\/07\/mars2.jpg","contentUrl":"https:\/\/blogs.futura-sciences.com\/feldmann\/wp-content\/uploads\/sites\/9\/2014\/07\/mars2.jpg","width":1200,"height":899},{"@type":"WebSite","@id":"https:\/\/blogs.futura-sciences.com\/feldmann\/#website","url":"https:\/\/blogs.futura-sciences.com\/feldmann\/","name":"CIELMANIA : le blog de Jean-Baptiste FELDMANN, photographe du ciel","description":"&quot;J&#039;ai en moi un besoin terrible. Dirais-je le mot? La religion. Alors, je sors la nuit et je peins des \u00e9toiles.&quot;  Vincent van Gogh","potentialAction":[{"@type":"SearchAction","target":{"@type":"EntryPoint","urlTemplate":"https:\/\/blogs.futura-sciences.com\/feldmann\/?s={search_term_string}"},"query-input":{"@type":"PropertyValueSpecification","valueRequired":true,"valueName":"search_term_string"}}],"inLanguage":"fr-FR"},{"@type":"Person","@id":"https:\/\/blogs.futura-sciences.com\/feldmann\/#\/schema\/person\/62b391b709c307783237b759b62731ea","name":"Jean-Baptiste FELDMANN","image":{"@type":"ImageObject","inLanguage":"fr-FR","@id":"https:\/\/blogs.futura-sciences.com\/feldmann\/#\/schema\/person\/image\/","url":"https:\/\/secure.gravatar.com\/avatar\/41f96607fde7a81a14570eec74177c42?s=96&d=mm&r=g","contentUrl":"https:\/\/secure.gravatar.com\/avatar\/41f96607fde7a81a14570eec74177c42?s=96&d=mm&r=g","caption":"Jean-Baptiste FELDMANN"},"url":"https:\/\/blogs.futura-sciences.com\/feldmann\/author\/jbfe\/"}]}},"_links":{"self":[{"href":"https:\/\/blogs.futura-sciences.com\/feldmann\/wp-json\/wp\/v2\/posts\/638","targetHints":{"allow":["GET"]}}],"collection":[{"href":"https:\/\/blogs.futura-sciences.com\/feldmann\/wp-json\/wp\/v2\/posts"}],"about":[{"href":"https:\/\/blogs.futura-sciences.com\/feldmann\/wp-json\/wp\/v2\/types\/post"}],"author":[{"embeddable":true,"href":"https:\/\/blogs.futura-sciences.com\/feldmann\/wp-json\/wp\/v2\/users\/8"}],"replies":[{"embeddable":true,"href":"https:\/\/blogs.futura-sciences.com\/feldmann\/wp-json\/wp\/v2\/comments?post=638"}],"version-history":[{"count":1,"href":"https:\/\/blogs.futura-sciences.com\/feldmann\/wp-json\/wp\/v2\/posts\/638\/revisions"}],"predecessor-version":[{"id":642,"href":"https:\/\/blogs.futura-sciences.com\/feldmann\/wp-json\/wp\/v2\/posts\/638\/revisions\/642"}],"wp:featuredmedia":[{"embeddable":true,"href":"https:\/\/blogs.futura-sciences.com\/feldmann\/wp-json\/wp\/v2\/media\/641"}],"wp:attachment":[{"href":"https:\/\/blogs.futura-sciences.com\/feldmann\/wp-json\/wp\/v2\/media?parent=638"}],"wp:term":[{"taxonomy":"category","embeddable":true,"href":"https:\/\/blogs.futura-sciences.com\/feldmann\/wp-json\/wp\/v2\/categories?post=638"},{"taxonomy":"post_tag","embeddable":true,"href":"https:\/\/blogs.futura-sciences.com\/feldmann\/wp-json\/wp\/v2\/tags?post=638"}],"curies":[{"name":"wp","href":"https:\/\/api.w.org\/{rel}","templated":true}]}}