{"id":5552,"date":"2016-05-02T11:58:07","date_gmt":"2016-05-02T11:58:07","guid":{"rendered":"https:\/\/blogs.futura-sciences.com\/feldmann\/?p=5552"},"modified":"2016-05-08T15:51:16","modified_gmt":"2016-05-08T15:51:16","slug":"rencontres-astronomiques-de-printemps-5-8-mai-2016","status":"publish","type":"post","link":"https:\/\/blogs.futura-sciences.com\/feldmann\/2016\/05\/02\/rencontres-astronomiques-de-printemps-5-8-mai-2016\/","title":{"rendered":"Rencontres Astronomiques de Printemps du 5 au 8 mai 2016"},"content":{"rendered":"<p><strong>Plus de 200 astronomes amateurs vont participer \u00e0 la dix-huiti\u00e8me \u00e9dition des Rencontres Astronomiques de Printemps du 5 au 8 mai en Haute-Loire.<\/strong><\/p>\n<p>Les habitants de la petite commune de Craponne sur Arzon en Haute-Loire (900 m d&#8217;altitude) s&#8217;y sont habitu\u00e9s : chaque ann\u00e9e, \u00e0 l&#8217;occasion du weekend de l&#8217;Ascension, ils voient affluer les amoureux des \u00e9toiles et leurs dr\u00f4les d&#8217;instruments. Pendant 4 jours et 3 nuits, <a href=\"https:\/\/blogs.futura-sciences.com\/feldmann\/2014\/05\/14\/en-images-les-telescopes-amateurs\/\" target=\"_blank\">t\u00e9lescopes <\/a>et <a href=\"https:\/\/blogs.futura-sciences.com\/feldmann\/2015\/05\/05\/bien-choisir-sa-premiere-lunette-astronomique\/\" target=\"_blank\">lunettes astronomiques<\/a> scrutent le ciel \u00e0 condition que la m\u00e9t\u00e9o soit cl\u00e9mente, le tout dans une ambiance joyeuse et d\u00e9contract\u00e9e comme le montre cette vid\u00e9o des RAP 2007.<\/p>\n\n<!-- iframe plugin v.5.1 wordpress.org\/plugins\/iframe\/ -->\n<iframe loading=\"lazy\" frameborder=\"0\" width=\"480\" height=\"270\" src=\"\/\/www.dailymotion.com\/embed\/video\/x25bj0\" 0=\"allowfullscreen&gt;&lt;\/iframe\" scrolling=\"yes\" class=\"iframe-class\"><\/iframe>\n\n<p>Dans un site pr\u00e9serv\u00e9 de la <a href=\"https:\/\/blogs.futura-sciences.com\/feldmann\/2014\/06\/28\/pollution-lumineuse\/\" target=\"_blank\">pollution lumineuse<\/a> (la commune de Craponne sur Arzon \u00e9teint l&#8217;\u00e9clairage public pendant ces 3 nuits) au moment de la Nouvelle Lune (elle se produit le 6 mai), les <a href=\"https:\/\/blogs.futura-sciences.com\/feldmann\/2015\/03\/12\/3-astronomes-amateurs-decouvrent-une-nebuleuse-planetaire\/\" target=\"_blank\">astronomes amateurs<\/a> viennent non seulement observer le ciel (le <a href=\"https:\/\/blogs.futura-sciences.com\/feldmann\/2016\/04\/14\/suivez-ar-2529-belle-tache-solaire-forme-de-coeur\/\" target=\"_blank\">Soleil<\/a> en journ\u00e9e et la vo\u00fbte \u00e9toil\u00e9e la nuit) mais \u00e9galement \u00e9changer sur leur passion \u00e0 l&#8217;occasion d&#8217;ateliers, de conf\u00e9rences et de discussions informelles.<!--more--><\/p>\n<p>Au programme de ces Rencontres Astronomiques de Printemps on pourra citer des conf\u00e9rences sur la r\u00e9alisation de t\u00e9lescopes, l&#8217;imagerie astronomique et la d\u00e9tection des transits d<a href=\"https:\/\/blogs.futura-sciences.com\/feldmann\/2015\/06\/16\/tom-wagg-decouvreur-dune-exoplanete-a-lage-de-15-ans\/\" target=\"_blank\">&#8216;exoplan\u00e8tes<\/a> ainsi que des ateliers sur les fus\u00e9es \u00e0 eau et le r\u00e9glage d&#8217;une monture astronomique. L&#8217;ensemble du programme de cette dix-huiti\u00e8me \u00e9dition est disponible sur le site des <a href=\"http:\/\/astrorap.fr\/\" target=\"_blank\">RAP<\/a>.<\/p>\n<p><a href=\"https:\/\/blogs.futura-sciences.com\/feldmann\/wp-content\/uploads\/sites\/9\/2016\/04\/rap.jpg\"  rel=\"lightbox[5552] attachment wp-att-5553\"><img loading=\"lazy\" decoding=\"async\" class=\"alignnone size-medium wp-image-5553\" src=\"https:\/\/blogs.futura-sciences.com\/feldmann\/wp-content\/uploads\/sites\/9\/2016\/04\/rap-450x300.jpg\" alt=\"rap\" width=\"450\" height=\"300\" srcset=\"https:\/\/blogs.futura-sciences.com\/feldmann\/wp-content\/uploads\/sites\/9\/2016\/04\/rap-450x300.jpg 450w, https:\/\/blogs.futura-sciences.com\/feldmann\/wp-content\/uploads\/sites\/9\/2016\/04\/rap-768x513.jpg 768w, https:\/\/blogs.futura-sciences.com\/feldmann\/wp-content\/uploads\/sites\/9\/2016\/04\/rap-1024x684.jpg 1024w, https:\/\/blogs.futura-sciences.com\/feldmann\/wp-content\/uploads\/sites\/9\/2016\/04\/rap.jpg 1348w\" sizes=\"auto, (max-width: 450px) 100vw, 450px\" \/><\/a><\/p>\n<p>De tr\u00e8s nombreux instruments dont une vingtaine de t\u00e9lescopes d&#8217;un diam\u00e8tre compris entre 380 et 600 mm permettront de plonger dans la <a href=\"https:\/\/blogs.futura-sciences.com\/feldmann\/2016\/02\/10\/voie-lactee-depuis-le-desert-des-pinnacles-en-australie\/\" target=\"_blank\">Voie lact\u00e9e<\/a>, de traquer de lointaines galaxies ou d&#8217;observer <a href=\"https:\/\/blogs.futura-sciences.com\/feldmann\/2016\/03\/07\/8-mars-la-planete-jupiter-est-au-plus-pres-de-la-terre\/\" target=\"_blank\">Jupiter<\/a>, <a href=\"https:\/\/blogs.futura-sciences.com\/feldmann\/2016\/03\/29\/dame-lune-se-glisse-entre-saturne-antares-et-mars\/\" target=\"_blank\">Mars et Saturne<\/a>, les 3 plan\u00e8tes les mieux observables actuellement.<\/p>\n<p>Sachez enfin que je serai pr\u00e9sent \u00e0 ces Rencontres et que je vous les ferai revivre dans un prochain article !<\/p>\n<!-- AddThis Advanced Settings generic via filter on the_content --><!-- AddThis Share Buttons generic via filter on the_content -->","protected":false},"excerpt":{"rendered":"<p>Plus de 200 astronomes amateurs vont participer \u00e0 la dix-huiti\u00e8me \u00e9dition des Rencontres Astronomiques de Printemps du 5 au 8 mai en Haute-Loire. Les habitants de la petite commune de Craponne sur Arzon en Haute-Loire (900 m d&#8217;altitude) s&#8217;y sont habitu\u00e9s : chaque ann\u00e9e, \u00e0 l&#8217;occasion du weekend de l&#8217;Ascension, ils voient affluer les amoureux &hellip; <a href=\"https:\/\/blogs.futura-sciences.com\/feldmann\/2016\/05\/02\/rencontres-astronomiques-de-printemps-5-8-mai-2016\/\" class=\"more-link\">Continuer la lecture de <span class=\"screen-reader-text\">Rencontres Astronomiques de Printemps du 5 au 8 mai 2016<\/span>  <span class=\"meta-nav\">&rarr;<\/span><\/a><!-- AddThis Advanced Settings generic via filter on get_the_excerpt --><!-- AddThis Share Buttons generic via filter on get_the_excerpt --><\/p>\n","protected":false},"author":8,"featured_media":5553,"comment_status":"open","ping_status":"open","sticky":false,"template":"","format":"standard","meta":{"footnotes":"","_links_to":"","_links_to_target":""},"categories":[87],"tags":[1026,148,114,167,1024,97,96],"class_list":["post-5552","post","type-post","status-publish","format-standard","has-post-thumbnail","hentry","category-les-hommes-et-le-ciel","tag-craponne-sur-arzon","tag-lunette-astronomique","tag-planete","tag-pollution-lumineuse","tag-rencontres-astronomiques-de-printemps","tag-soleil","tag-telescope"],"yoast_head":"<!-- This site is optimized with the Yoast SEO plugin v24.1 - https:\/\/yoast.com\/wordpress\/plugins\/seo\/ -->\n<title>Rencontres Astronomiques de Printemps du 5 au 8 mai 2016<\/title>\n<meta name=\"description\" content=\"Plus de 200 astronomes amateurs vont participer \u00e0 la dix-huiti\u00e8me \u00e9dition des Rencontres Astronomiques de Printemps du 5 au 8 mai en Haute-Loire.\" \/>\n<meta name=\"robots\" content=\"index, follow, max-snippet:-1, max-image-preview:large, max-video-preview:-1\" \/>\n<link rel=\"canonical\" href=\"https:\/\/blogs.futura-sciences.com\/feldmann\/2016\/05\/02\/rencontres-astronomiques-de-printemps-5-8-mai-2016\/\" \/>\n<meta property=\"og:locale\" content=\"fr_FR\" \/>\n<meta property=\"og:type\" content=\"article\" \/>\n<meta property=\"og:title\" content=\"Rencontres Astronomiques de Printemps du 5 au 8 mai 2016\" \/>\n<meta property=\"og:description\" content=\"Plus de 200 astronomes amateurs vont participer \u00e0 la dix-huiti\u00e8me \u00e9dition des Rencontres Astronomiques de Printemps du 5 au 8 mai en Haute-Loire.\" \/>\n<meta property=\"og:url\" content=\"https:\/\/blogs.futura-sciences.com\/feldmann\/2016\/05\/02\/rencontres-astronomiques-de-printemps-5-8-mai-2016\/\" \/>\n<meta property=\"og:site_name\" content=\"CIELMANIA : le blog de Jean-Baptiste FELDMANN, photographe du ciel\" \/>\n<meta property=\"article:published_time\" content=\"2016-05-02T11:58:07+00:00\" \/>\n<meta property=\"article:modified_time\" content=\"2016-05-08T15:51:16+00:00\" \/>\n<meta property=\"og:image\" content=\"https:\/\/blogs.futura-sciences.com\/feldmann\/wp-content\/uploads\/sites\/9\/2016\/04\/rap.jpg\" \/>\n\t<meta property=\"og:image:width\" content=\"1348\" \/>\n\t<meta property=\"og:image:height\" content=\"900\" \/>\n\t<meta property=\"og:image:type\" content=\"image\/jpeg\" \/>\n<meta name=\"author\" content=\"Jean-Baptiste FELDMANN\" \/>\n<meta name=\"twitter:card\" content=\"summary_large_image\" \/>\n<meta name=\"twitter:label1\" content=\"\u00c9crit par\" \/>\n\t<meta name=\"twitter:data1\" content=\"Jean-Baptiste FELDMANN\" \/>\n\t<meta name=\"twitter:label2\" content=\"Dur\u00e9e de lecture estim\u00e9e\" \/>\n\t<meta name=\"twitter:data2\" content=\"2 minutes\" \/>\n<script type=\"application\/ld+json\" class=\"yoast-schema-graph\">{\"@context\":\"https:\/\/schema.org\",\"@graph\":[{\"@type\":\"WebPage\",\"@id\":\"https:\/\/blogs.futura-sciences.com\/feldmann\/2016\/05\/02\/rencontres-astronomiques-de-printemps-5-8-mai-2016\/\",\"url\":\"https:\/\/blogs.futura-sciences.com\/feldmann\/2016\/05\/02\/rencontres-astronomiques-de-printemps-5-8-mai-2016\/\",\"name\":\"Rencontres Astronomiques de Printemps du 5 au 8 mai 2016\",\"isPartOf\":{\"@id\":\"https:\/\/blogs.futura-sciences.com\/feldmann\/#website\"},\"primaryImageOfPage\":{\"@id\":\"https:\/\/blogs.futura-sciences.com\/feldmann\/2016\/05\/02\/rencontres-astronomiques-de-printemps-5-8-mai-2016\/#primaryimage\"},\"image\":{\"@id\":\"https:\/\/blogs.futura-sciences.com\/feldmann\/2016\/05\/02\/rencontres-astronomiques-de-printemps-5-8-mai-2016\/#primaryimage\"},\"thumbnailUrl\":\"https:\/\/blogs.futura-sciences.com\/feldmann\/wp-content\/uploads\/sites\/9\/2016\/04\/rap.jpg\",\"datePublished\":\"2016-05-02T11:58:07+00:00\",\"dateModified\":\"2016-05-08T15:51:16+00:00\",\"author\":{\"@id\":\"https:\/\/blogs.futura-sciences.com\/feldmann\/#\/schema\/person\/62b391b709c307783237b759b62731ea\"},\"description\":\"Plus de 200 astronomes amateurs vont participer \u00e0 la dix-huiti\u00e8me \u00e9dition des Rencontres Astronomiques de Printemps du 5 au 8 mai en Haute-Loire.\",\"inLanguage\":\"fr-FR\",\"potentialAction\":[{\"@type\":\"ReadAction\",\"target\":[\"https:\/\/blogs.futura-sciences.com\/feldmann\/2016\/05\/02\/rencontres-astronomiques-de-printemps-5-8-mai-2016\/\"]}]},{\"@type\":\"ImageObject\",\"inLanguage\":\"fr-FR\",\"@id\":\"https:\/\/blogs.futura-sciences.com\/feldmann\/2016\/05\/02\/rencontres-astronomiques-de-printemps-5-8-mai-2016\/#primaryimage\",\"url\":\"https:\/\/blogs.futura-sciences.com\/feldmann\/wp-content\/uploads\/sites\/9\/2016\/04\/rap.jpg\",\"contentUrl\":\"https:\/\/blogs.futura-sciences.com\/feldmann\/wp-content\/uploads\/sites\/9\/2016\/04\/rap.jpg\",\"width\":1348,\"height\":900},{\"@type\":\"WebSite\",\"@id\":\"https:\/\/blogs.futura-sciences.com\/feldmann\/#website\",\"url\":\"https:\/\/blogs.futura-sciences.com\/feldmann\/\",\"name\":\"CIELMANIA : le blog de Jean-Baptiste FELDMANN, photographe du ciel\",\"description\":\"&quot;J&#039;ai en moi un besoin terrible. Dirais-je le mot? La religion. Alors, je sors la nuit et je peins des \u00e9toiles.&quot;  Vincent van Gogh\",\"potentialAction\":[{\"@type\":\"SearchAction\",\"target\":{\"@type\":\"EntryPoint\",\"urlTemplate\":\"https:\/\/blogs.futura-sciences.com\/feldmann\/?s={search_term_string}\"},\"query-input\":{\"@type\":\"PropertyValueSpecification\",\"valueRequired\":true,\"valueName\":\"search_term_string\"}}],\"inLanguage\":\"fr-FR\"},{\"@type\":\"Person\",\"@id\":\"https:\/\/blogs.futura-sciences.com\/feldmann\/#\/schema\/person\/62b391b709c307783237b759b62731ea\",\"name\":\"Jean-Baptiste FELDMANN\",\"image\":{\"@type\":\"ImageObject\",\"inLanguage\":\"fr-FR\",\"@id\":\"https:\/\/blogs.futura-sciences.com\/feldmann\/#\/schema\/person\/image\/\",\"url\":\"https:\/\/secure.gravatar.com\/avatar\/41f96607fde7a81a14570eec74177c42?s=96&d=mm&r=g\",\"contentUrl\":\"https:\/\/secure.gravatar.com\/avatar\/41f96607fde7a81a14570eec74177c42?s=96&d=mm&r=g\",\"caption\":\"Jean-Baptiste FELDMANN\"},\"url\":\"https:\/\/blogs.futura-sciences.com\/feldmann\/author\/jbfe\/\"}]}<\/script>\n<!-- \/ Yoast SEO plugin. -->","yoast_head_json":{"title":"Rencontres Astronomiques de Printemps du 5 au 8 mai 2016","description":"Plus de 200 astronomes amateurs vont participer \u00e0 la dix-huiti\u00e8me \u00e9dition des Rencontres Astronomiques de Printemps du 5 au 8 mai en Haute-Loire.","robots":{"index":"index","follow":"follow","max-snippet":"max-snippet:-1","max-image-preview":"max-image-preview:large","max-video-preview":"max-video-preview:-1"},"canonical":"https:\/\/blogs.futura-sciences.com\/feldmann\/2016\/05\/02\/rencontres-astronomiques-de-printemps-5-8-mai-2016\/","og_locale":"fr_FR","og_type":"article","og_title":"Rencontres Astronomiques de Printemps du 5 au 8 mai 2016","og_description":"Plus de 200 astronomes amateurs vont participer \u00e0 la dix-huiti\u00e8me \u00e9dition des Rencontres Astronomiques de Printemps du 5 au 8 mai en Haute-Loire.","og_url":"https:\/\/blogs.futura-sciences.com\/feldmann\/2016\/05\/02\/rencontres-astronomiques-de-printemps-5-8-mai-2016\/","og_site_name":"CIELMANIA : le blog de Jean-Baptiste FELDMANN, photographe du ciel","article_published_time":"2016-05-02T11:58:07+00:00","article_modified_time":"2016-05-08T15:51:16+00:00","og_image":[{"width":1348,"height":900,"url":"https:\/\/blogs.futura-sciences.com\/feldmann\/wp-content\/uploads\/sites\/9\/2016\/04\/rap.jpg","type":"image\/jpeg"}],"author":"Jean-Baptiste FELDMANN","twitter_card":"summary_large_image","twitter_misc":{"\u00c9crit par":"Jean-Baptiste FELDMANN","Dur\u00e9e de lecture estim\u00e9e":"2 minutes"},"schema":{"@context":"https:\/\/schema.org","@graph":[{"@type":"WebPage","@id":"https:\/\/blogs.futura-sciences.com\/feldmann\/2016\/05\/02\/rencontres-astronomiques-de-printemps-5-8-mai-2016\/","url":"https:\/\/blogs.futura-sciences.com\/feldmann\/2016\/05\/02\/rencontres-astronomiques-de-printemps-5-8-mai-2016\/","name":"Rencontres Astronomiques de Printemps du 5 au 8 mai 2016","isPartOf":{"@id":"https:\/\/blogs.futura-sciences.com\/feldmann\/#website"},"primaryImageOfPage":{"@id":"https:\/\/blogs.futura-sciences.com\/feldmann\/2016\/05\/02\/rencontres-astronomiques-de-printemps-5-8-mai-2016\/#primaryimage"},"image":{"@id":"https:\/\/blogs.futura-sciences.com\/feldmann\/2016\/05\/02\/rencontres-astronomiques-de-printemps-5-8-mai-2016\/#primaryimage"},"thumbnailUrl":"https:\/\/blogs.futura-sciences.com\/feldmann\/wp-content\/uploads\/sites\/9\/2016\/04\/rap.jpg","datePublished":"2016-05-02T11:58:07+00:00","dateModified":"2016-05-08T15:51:16+00:00","author":{"@id":"https:\/\/blogs.futura-sciences.com\/feldmann\/#\/schema\/person\/62b391b709c307783237b759b62731ea"},"description":"Plus de 200 astronomes amateurs vont participer \u00e0 la dix-huiti\u00e8me \u00e9dition des Rencontres Astronomiques de Printemps du 5 au 8 mai en Haute-Loire.","inLanguage":"fr-FR","potentialAction":[{"@type":"ReadAction","target":["https:\/\/blogs.futura-sciences.com\/feldmann\/2016\/05\/02\/rencontres-astronomiques-de-printemps-5-8-mai-2016\/"]}]},{"@type":"ImageObject","inLanguage":"fr-FR","@id":"https:\/\/blogs.futura-sciences.com\/feldmann\/2016\/05\/02\/rencontres-astronomiques-de-printemps-5-8-mai-2016\/#primaryimage","url":"https:\/\/blogs.futura-sciences.com\/feldmann\/wp-content\/uploads\/sites\/9\/2016\/04\/rap.jpg","contentUrl":"https:\/\/blogs.futura-sciences.com\/feldmann\/wp-content\/uploads\/sites\/9\/2016\/04\/rap.jpg","width":1348,"height":900},{"@type":"WebSite","@id":"https:\/\/blogs.futura-sciences.com\/feldmann\/#website","url":"https:\/\/blogs.futura-sciences.com\/feldmann\/","name":"CIELMANIA : le blog de Jean-Baptiste FELDMANN, photographe du ciel","description":"&quot;J&#039;ai en moi un besoin terrible. Dirais-je le mot? La religion. Alors, je sors la nuit et je peins des \u00e9toiles.&quot;  Vincent van Gogh","potentialAction":[{"@type":"SearchAction","target":{"@type":"EntryPoint","urlTemplate":"https:\/\/blogs.futura-sciences.com\/feldmann\/?s={search_term_string}"},"query-input":{"@type":"PropertyValueSpecification","valueRequired":true,"valueName":"search_term_string"}}],"inLanguage":"fr-FR"},{"@type":"Person","@id":"https:\/\/blogs.futura-sciences.com\/feldmann\/#\/schema\/person\/62b391b709c307783237b759b62731ea","name":"Jean-Baptiste FELDMANN","image":{"@type":"ImageObject","inLanguage":"fr-FR","@id":"https:\/\/blogs.futura-sciences.com\/feldmann\/#\/schema\/person\/image\/","url":"https:\/\/secure.gravatar.com\/avatar\/41f96607fde7a81a14570eec74177c42?s=96&d=mm&r=g","contentUrl":"https:\/\/secure.gravatar.com\/avatar\/41f96607fde7a81a14570eec74177c42?s=96&d=mm&r=g","caption":"Jean-Baptiste FELDMANN"},"url":"https:\/\/blogs.futura-sciences.com\/feldmann\/author\/jbfe\/"}]}},"_links":{"self":[{"href":"https:\/\/blogs.futura-sciences.com\/feldmann\/wp-json\/wp\/v2\/posts\/5552","targetHints":{"allow":["GET"]}}],"collection":[{"href":"https:\/\/blogs.futura-sciences.com\/feldmann\/wp-json\/wp\/v2\/posts"}],"about":[{"href":"https:\/\/blogs.futura-sciences.com\/feldmann\/wp-json\/wp\/v2\/types\/post"}],"author":[{"embeddable":true,"href":"https:\/\/blogs.futura-sciences.com\/feldmann\/wp-json\/wp\/v2\/users\/8"}],"replies":[{"embeddable":true,"href":"https:\/\/blogs.futura-sciences.com\/feldmann\/wp-json\/wp\/v2\/comments?post=5552"}],"version-history":[{"count":4,"href":"https:\/\/blogs.futura-sciences.com\/feldmann\/wp-json\/wp\/v2\/posts\/5552\/revisions"}],"predecessor-version":[{"id":5557,"href":"https:\/\/blogs.futura-sciences.com\/feldmann\/wp-json\/wp\/v2\/posts\/5552\/revisions\/5557"}],"wp:featuredmedia":[{"embeddable":true,"href":"https:\/\/blogs.futura-sciences.com\/feldmann\/wp-json\/wp\/v2\/media\/5553"}],"wp:attachment":[{"href":"https:\/\/blogs.futura-sciences.com\/feldmann\/wp-json\/wp\/v2\/media?parent=5552"}],"wp:term":[{"taxonomy":"category","embeddable":true,"href":"https:\/\/blogs.futura-sciences.com\/feldmann\/wp-json\/wp\/v2\/categories?post=5552"},{"taxonomy":"post_tag","embeddable":true,"href":"https:\/\/blogs.futura-sciences.com\/feldmann\/wp-json\/wp\/v2\/tags?post=5552"}],"curies":[{"name":"wp","href":"https:\/\/api.w.org\/{rel}","templated":true}]}}