{"id":5457,"date":"2016-04-17T13:29:04","date_gmt":"2016-04-17T13:29:04","guid":{"rendered":"https:\/\/blogs.futura-sciences.com\/feldmann\/?p=5457"},"modified":"2016-04-24T10:10:13","modified_gmt":"2016-04-24T10:10:13","slug":"volcan-de-fuego-eruption-voie-lactee","status":"publish","type":"post","link":"https:\/\/blogs.futura-sciences.com\/feldmann\/2016\/04\/17\/volcan-de-fuego-eruption-voie-lactee\/","title":{"rendered":"Le volcan de Fuego en \u00e9ruption sous la Voie lact\u00e9e"},"content":{"rendered":"<p><strong>Vu de nuit sous les \u00e9toiles, l&#8217;un des volcans les plus actifs d&#8217;Am\u00e9rique centrale, le volcan de Fuego au Guatemala, est particuli\u00e8rement photog\u00e9nique. \u00a0<\/strong><\/p>\n<p>C&#8217;est un g\u00e9ant qui ne s&#8217;endort jamais ; culminant \u00e0 3763 m d&#8217;altitude dans la Sierra Madre de Chiapas (une cha\u00eene montagneuse qui borde le Mexique, le Guatemala, le Salvador et le Honduras), le volcan de Fuego est entr\u00e9 15 fois en \u00e9ruption l&#8217;an pass\u00e9 et d\u00e9j\u00e0 5 fois depuis le d\u00e9but de l&#8217;ann\u00e9e 2016.<\/p>\n\n<!-- iframe plugin v.5.1 wordpress.org\/plugins\/iframe\/ -->\n<iframe loading=\"lazy\" frameborder=\"0\" width=\"480\" height=\"270\" src=\"\/\/www.dailymotion.com\/embed\/video\/x339ecj\" 0=\"allowfullscreen&gt;&lt;\/iframe\" scrolling=\"yes\" class=\"iframe-class\"><\/iframe>\n\n<p style=\"text-align: center\"><strong>En vid\u00e9o :\u00a0quels sont les diff\u00e9rents types d\u2019\u00e9ruptions volcaniques ?<\/strong><\/p>\n<p>Sa plus grosse \u00e9ruption depuis 35 ans a eu lieu le 8 f\u00e9vrier 2015 avec des colonnes de cendres jusqu&#8217;\u00e0 5.000 m d&#8217;altitude qui ont n\u00e9cessit\u00e9\u00a0la fermeture de l&#8217;a\u00e9roport de Guatemala, la capitale situ\u00e9e \u00e0 une cinquantaine de km, et de plusieurs \u00e9coles, alors que les villes et les plantations de caf\u00e9 aux alentours se retrouvaient sous une \u00e9paisse couche de cendres.<\/p>\n<p><a href=\"https:\/\/blogs.futura-sciences.com\/feldmann\/wp-content\/uploads\/sites\/9\/2016\/04\/fuego1.jpg\"  rel=\"lightbox[5457] attachment wp-att-5458\"><img loading=\"lazy\" decoding=\"async\" class=\"alignnone size-medium wp-image-5458\" src=\"https:\/\/blogs.futura-sciences.com\/feldmann\/wp-content\/uploads\/sites\/9\/2016\/04\/fuego1-450x300.jpg\" alt=\"fuego1\" width=\"450\" height=\"300\" srcset=\"https:\/\/blogs.futura-sciences.com\/feldmann\/wp-content\/uploads\/sites\/9\/2016\/04\/fuego1-450x300.jpg 450w, https:\/\/blogs.futura-sciences.com\/feldmann\/wp-content\/uploads\/sites\/9\/2016\/04\/fuego1-768x512.jpg 768w, https:\/\/blogs.futura-sciences.com\/feldmann\/wp-content\/uploads\/sites\/9\/2016\/04\/fuego1-1024x683.jpg 1024w, https:\/\/blogs.futura-sciences.com\/feldmann\/wp-content\/uploads\/sites\/9\/2016\/04\/fuego1.jpg 1350w\" sizes=\"auto, (max-width: 450px) 100vw, 450px\" \/><\/a><\/p>\n<p>Cette superbe image nocturne a \u00e9t\u00e9 r\u00e9alis\u00e9e le 18 mars par le photographe <a href=\"https:\/\/www.flickr.com\/photos\/jonathanschiralli\" target=\"_blank\">Jonathan Schiralli<\/a>. Le volcan connaissait alors une activit\u00e9 \u00e9ruptive de type strombolienne avec de fortes explosions (accompagn\u00e9es de secousses sismiques ressenties jusqu&#8217;\u00e0 une quinzaine de km), un panache de fum\u00e9e et plusieurs coul\u00e9es de lave.<\/p>\n<p>Situ\u00e9 \u00e0 moins de 15\u00b0 au nord de l&#8217;\u00e9quateur, le Guatemala permet d&#8217;admirer la plupart des constellations de l&#8217;h\u00e9misph\u00e8re sud. La <a href=\"https:\/\/blogs.futura-sciences.com\/feldmann\/2016\/02\/10\/voie-lactee-depuis-le-desert-des-pinnacles-en-australie\/\" target=\"_blank\">Voie lact\u00e9e<\/a> se d\u00e9ploie au-dessus de la Sierra Madre de Chiapas loin de toute <a href=\"https:\/\/blogs.futura-sciences.com\/feldmann\/2014\/06\/28\/pollution-lumineuse\/\" target=\"_blank\">pollution lumineuse<\/a>. Les lumi\u00e8res que l&#8217;on devine au loin sous les nuages sont celles des villes situ\u00e9es dans la plaine.<\/p>\n<!-- AddThis Advanced Settings generic via filter on the_content --><!-- AddThis Share Buttons generic via filter on the_content -->","protected":false},"excerpt":{"rendered":"<p>Vu de nuit sous les \u00e9toiles, l&#8217;un des volcans les plus actifs d&#8217;Am\u00e9rique centrale, le volcan de Fuego au Guatemala, est particuli\u00e8rement photog\u00e9nique. \u00a0 C&#8217;est un g\u00e9ant qui ne s&#8217;endort jamais ; culminant \u00e0 3763 m d&#8217;altitude dans la Sierra Madre de Chiapas (une cha\u00eene montagneuse qui borde le Mexique, le Guatemala, le Salvador et &hellip; <a href=\"https:\/\/blogs.futura-sciences.com\/feldmann\/2016\/04\/17\/volcan-de-fuego-eruption-voie-lactee\/\" class=\"more-link\">Continuer la lecture de <span class=\"screen-reader-text\">Le volcan de Fuego en \u00e9ruption sous la Voie lact\u00e9e<\/span>  <span class=\"meta-nav\">&rarr;<\/span><\/a><!-- AddThis Advanced Settings generic via filter on get_the_excerpt --><!-- AddThis Share Buttons generic via filter on get_the_excerpt --><\/p>\n","protected":false},"author":8,"featured_media":5459,"comment_status":"open","ping_status":"open","sticky":false,"template":"","format":"standard","meta":{"footnotes":"","_links_to":"","_links_to_target":""},"categories":[84],"tags":[56,1585,1586,166,1584],"class_list":["post-5457","post","type-post","status-publish","format-standard","has-post-thumbnail","hentry","category-ciel-etoile","tag-guatemala","tag-jonathan-schiralli","tag-sierra-madre-de-chiapas","tag-voie-lactee","tag-volcan-de-fuego"],"yoast_head":"<!-- This site is optimized with the Yoast SEO plugin v24.1 - https:\/\/yoast.com\/wordpress\/plugins\/seo\/ -->\n<title>Le volcan de Fuego en \u00e9ruption sous la Voie lact\u00e9e<\/title>\n<meta name=\"description\" content=\"Vu de nuit sous les \u00e9toiles, l&#039;un des volcans les plus actifs d&#039;Am\u00e9rique centrale, le volcan de Fuego au Guatemala, est particuli\u00e8rement photog\u00e9nique.\" \/>\n<meta name=\"robots\" content=\"index, follow, max-snippet:-1, max-image-preview:large, max-video-preview:-1\" \/>\n<link rel=\"canonical\" href=\"https:\/\/blogs.futura-sciences.com\/feldmann\/2016\/04\/17\/volcan-de-fuego-eruption-voie-lactee\/\" \/>\n<meta property=\"og:locale\" content=\"fr_FR\" \/>\n<meta property=\"og:type\" content=\"article\" \/>\n<meta property=\"og:title\" content=\"Le volcan de Fuego en \u00e9ruption sous la Voie lact\u00e9e\" \/>\n<meta property=\"og:description\" content=\"Vu de nuit sous les \u00e9toiles, l&#039;un des volcans les plus actifs d&#039;Am\u00e9rique centrale, le volcan de Fuego au Guatemala, est particuli\u00e8rement photog\u00e9nique.\" \/>\n<meta property=\"og:url\" content=\"https:\/\/blogs.futura-sciences.com\/feldmann\/2016\/04\/17\/volcan-de-fuego-eruption-voie-lactee\/\" \/>\n<meta property=\"og:site_name\" content=\"CIELMANIA : le blog de Jean-Baptiste FELDMANN, photographe du ciel\" \/>\n<meta property=\"article:published_time\" content=\"2016-04-17T13:29:04+00:00\" \/>\n<meta property=\"article:modified_time\" content=\"2016-04-24T10:10:13+00:00\" \/>\n<meta property=\"og:image\" content=\"https:\/\/blogs.futura-sciences.com\/feldmann\/wp-content\/uploads\/sites\/9\/2016\/04\/fuego2.jpg\" \/>\n\t<meta property=\"og:image:width\" content=\"1379\" \/>\n\t<meta property=\"og:image:height\" content=\"900\" \/>\n\t<meta property=\"og:image:type\" content=\"image\/jpeg\" \/>\n<meta name=\"author\" content=\"Jean-Baptiste FELDMANN\" \/>\n<meta name=\"twitter:card\" content=\"summary_large_image\" \/>\n<meta name=\"twitter:label1\" content=\"\u00c9crit par\" \/>\n\t<meta name=\"twitter:data1\" content=\"Jean-Baptiste FELDMANN\" \/>\n\t<meta name=\"twitter:label2\" content=\"Dur\u00e9e de lecture estim\u00e9e\" \/>\n\t<meta name=\"twitter:data2\" content=\"1 minute\" \/>\n<script type=\"application\/ld+json\" class=\"yoast-schema-graph\">{\"@context\":\"https:\/\/schema.org\",\"@graph\":[{\"@type\":\"WebPage\",\"@id\":\"https:\/\/blogs.futura-sciences.com\/feldmann\/2016\/04\/17\/volcan-de-fuego-eruption-voie-lactee\/\",\"url\":\"https:\/\/blogs.futura-sciences.com\/feldmann\/2016\/04\/17\/volcan-de-fuego-eruption-voie-lactee\/\",\"name\":\"Le volcan de Fuego en \u00e9ruption sous la Voie lact\u00e9e\",\"isPartOf\":{\"@id\":\"https:\/\/blogs.futura-sciences.com\/feldmann\/#website\"},\"primaryImageOfPage\":{\"@id\":\"https:\/\/blogs.futura-sciences.com\/feldmann\/2016\/04\/17\/volcan-de-fuego-eruption-voie-lactee\/#primaryimage\"},\"image\":{\"@id\":\"https:\/\/blogs.futura-sciences.com\/feldmann\/2016\/04\/17\/volcan-de-fuego-eruption-voie-lactee\/#primaryimage\"},\"thumbnailUrl\":\"https:\/\/blogs.futura-sciences.com\/feldmann\/wp-content\/uploads\/sites\/9\/2016\/04\/fuego2.jpg\",\"datePublished\":\"2016-04-17T13:29:04+00:00\",\"dateModified\":\"2016-04-24T10:10:13+00:00\",\"author\":{\"@id\":\"https:\/\/blogs.futura-sciences.com\/feldmann\/#\/schema\/person\/62b391b709c307783237b759b62731ea\"},\"description\":\"Vu de nuit sous les \u00e9toiles, l'un des volcans les plus actifs d'Am\u00e9rique centrale, le volcan de Fuego au Guatemala, est particuli\u00e8rement photog\u00e9nique.\",\"inLanguage\":\"fr-FR\",\"potentialAction\":[{\"@type\":\"ReadAction\",\"target\":[\"https:\/\/blogs.futura-sciences.com\/feldmann\/2016\/04\/17\/volcan-de-fuego-eruption-voie-lactee\/\"]}]},{\"@type\":\"ImageObject\",\"inLanguage\":\"fr-FR\",\"@id\":\"https:\/\/blogs.futura-sciences.com\/feldmann\/2016\/04\/17\/volcan-de-fuego-eruption-voie-lactee\/#primaryimage\",\"url\":\"https:\/\/blogs.futura-sciences.com\/feldmann\/wp-content\/uploads\/sites\/9\/2016\/04\/fuego2.jpg\",\"contentUrl\":\"https:\/\/blogs.futura-sciences.com\/feldmann\/wp-content\/uploads\/sites\/9\/2016\/04\/fuego2.jpg\",\"width\":1379,\"height\":900},{\"@type\":\"WebSite\",\"@id\":\"https:\/\/blogs.futura-sciences.com\/feldmann\/#website\",\"url\":\"https:\/\/blogs.futura-sciences.com\/feldmann\/\",\"name\":\"CIELMANIA : le blog de Jean-Baptiste FELDMANN, photographe du ciel\",\"description\":\"&quot;J&#039;ai en moi un besoin terrible. Dirais-je le mot? La religion. Alors, je sors la nuit et je peins des \u00e9toiles.&quot;  Vincent van Gogh\",\"potentialAction\":[{\"@type\":\"SearchAction\",\"target\":{\"@type\":\"EntryPoint\",\"urlTemplate\":\"https:\/\/blogs.futura-sciences.com\/feldmann\/?s={search_term_string}\"},\"query-input\":{\"@type\":\"PropertyValueSpecification\",\"valueRequired\":true,\"valueName\":\"search_term_string\"}}],\"inLanguage\":\"fr-FR\"},{\"@type\":\"Person\",\"@id\":\"https:\/\/blogs.futura-sciences.com\/feldmann\/#\/schema\/person\/62b391b709c307783237b759b62731ea\",\"name\":\"Jean-Baptiste FELDMANN\",\"image\":{\"@type\":\"ImageObject\",\"inLanguage\":\"fr-FR\",\"@id\":\"https:\/\/blogs.futura-sciences.com\/feldmann\/#\/schema\/person\/image\/\",\"url\":\"https:\/\/secure.gravatar.com\/avatar\/41f96607fde7a81a14570eec74177c42?s=96&d=mm&r=g\",\"contentUrl\":\"https:\/\/secure.gravatar.com\/avatar\/41f96607fde7a81a14570eec74177c42?s=96&d=mm&r=g\",\"caption\":\"Jean-Baptiste FELDMANN\"},\"url\":\"https:\/\/blogs.futura-sciences.com\/feldmann\/author\/jbfe\/\"}]}<\/script>\n<!-- \/ Yoast SEO plugin. -->","yoast_head_json":{"title":"Le volcan de Fuego en \u00e9ruption sous la Voie lact\u00e9e","description":"Vu de nuit sous les \u00e9toiles, l'un des volcans les plus actifs d'Am\u00e9rique centrale, le volcan de Fuego au Guatemala, est particuli\u00e8rement photog\u00e9nique.","robots":{"index":"index","follow":"follow","max-snippet":"max-snippet:-1","max-image-preview":"max-image-preview:large","max-video-preview":"max-video-preview:-1"},"canonical":"https:\/\/blogs.futura-sciences.com\/feldmann\/2016\/04\/17\/volcan-de-fuego-eruption-voie-lactee\/","og_locale":"fr_FR","og_type":"article","og_title":"Le volcan de Fuego en \u00e9ruption sous la Voie lact\u00e9e","og_description":"Vu de nuit sous les \u00e9toiles, l'un des volcans les plus actifs d'Am\u00e9rique centrale, le volcan de Fuego au Guatemala, est particuli\u00e8rement photog\u00e9nique.","og_url":"https:\/\/blogs.futura-sciences.com\/feldmann\/2016\/04\/17\/volcan-de-fuego-eruption-voie-lactee\/","og_site_name":"CIELMANIA : le blog de Jean-Baptiste FELDMANN, photographe du ciel","article_published_time":"2016-04-17T13:29:04+00:00","article_modified_time":"2016-04-24T10:10:13+00:00","og_image":[{"width":1379,"height":900,"url":"https:\/\/blogs.futura-sciences.com\/feldmann\/wp-content\/uploads\/sites\/9\/2016\/04\/fuego2.jpg","type":"image\/jpeg"}],"author":"Jean-Baptiste FELDMANN","twitter_card":"summary_large_image","twitter_misc":{"\u00c9crit par":"Jean-Baptiste FELDMANN","Dur\u00e9e de lecture estim\u00e9e":"1 minute"},"schema":{"@context":"https:\/\/schema.org","@graph":[{"@type":"WebPage","@id":"https:\/\/blogs.futura-sciences.com\/feldmann\/2016\/04\/17\/volcan-de-fuego-eruption-voie-lactee\/","url":"https:\/\/blogs.futura-sciences.com\/feldmann\/2016\/04\/17\/volcan-de-fuego-eruption-voie-lactee\/","name":"Le volcan de Fuego en \u00e9ruption sous la Voie lact\u00e9e","isPartOf":{"@id":"https:\/\/blogs.futura-sciences.com\/feldmann\/#website"},"primaryImageOfPage":{"@id":"https:\/\/blogs.futura-sciences.com\/feldmann\/2016\/04\/17\/volcan-de-fuego-eruption-voie-lactee\/#primaryimage"},"image":{"@id":"https:\/\/blogs.futura-sciences.com\/feldmann\/2016\/04\/17\/volcan-de-fuego-eruption-voie-lactee\/#primaryimage"},"thumbnailUrl":"https:\/\/blogs.futura-sciences.com\/feldmann\/wp-content\/uploads\/sites\/9\/2016\/04\/fuego2.jpg","datePublished":"2016-04-17T13:29:04+00:00","dateModified":"2016-04-24T10:10:13+00:00","author":{"@id":"https:\/\/blogs.futura-sciences.com\/feldmann\/#\/schema\/person\/62b391b709c307783237b759b62731ea"},"description":"Vu de nuit sous les \u00e9toiles, l'un des volcans les plus actifs d'Am\u00e9rique centrale, le volcan de Fuego au Guatemala, est particuli\u00e8rement photog\u00e9nique.","inLanguage":"fr-FR","potentialAction":[{"@type":"ReadAction","target":["https:\/\/blogs.futura-sciences.com\/feldmann\/2016\/04\/17\/volcan-de-fuego-eruption-voie-lactee\/"]}]},{"@type":"ImageObject","inLanguage":"fr-FR","@id":"https:\/\/blogs.futura-sciences.com\/feldmann\/2016\/04\/17\/volcan-de-fuego-eruption-voie-lactee\/#primaryimage","url":"https:\/\/blogs.futura-sciences.com\/feldmann\/wp-content\/uploads\/sites\/9\/2016\/04\/fuego2.jpg","contentUrl":"https:\/\/blogs.futura-sciences.com\/feldmann\/wp-content\/uploads\/sites\/9\/2016\/04\/fuego2.jpg","width":1379,"height":900},{"@type":"WebSite","@id":"https:\/\/blogs.futura-sciences.com\/feldmann\/#website","url":"https:\/\/blogs.futura-sciences.com\/feldmann\/","name":"CIELMANIA : le blog de Jean-Baptiste FELDMANN, photographe du ciel","description":"&quot;J&#039;ai en moi un besoin terrible. Dirais-je le mot? La religion. Alors, je sors la nuit et je peins des \u00e9toiles.&quot;  Vincent van Gogh","potentialAction":[{"@type":"SearchAction","target":{"@type":"EntryPoint","urlTemplate":"https:\/\/blogs.futura-sciences.com\/feldmann\/?s={search_term_string}"},"query-input":{"@type":"PropertyValueSpecification","valueRequired":true,"valueName":"search_term_string"}}],"inLanguage":"fr-FR"},{"@type":"Person","@id":"https:\/\/blogs.futura-sciences.com\/feldmann\/#\/schema\/person\/62b391b709c307783237b759b62731ea","name":"Jean-Baptiste FELDMANN","image":{"@type":"ImageObject","inLanguage":"fr-FR","@id":"https:\/\/blogs.futura-sciences.com\/feldmann\/#\/schema\/person\/image\/","url":"https:\/\/secure.gravatar.com\/avatar\/41f96607fde7a81a14570eec74177c42?s=96&d=mm&r=g","contentUrl":"https:\/\/secure.gravatar.com\/avatar\/41f96607fde7a81a14570eec74177c42?s=96&d=mm&r=g","caption":"Jean-Baptiste FELDMANN"},"url":"https:\/\/blogs.futura-sciences.com\/feldmann\/author\/jbfe\/"}]}},"_links":{"self":[{"href":"https:\/\/blogs.futura-sciences.com\/feldmann\/wp-json\/wp\/v2\/posts\/5457","targetHints":{"allow":["GET"]}}],"collection":[{"href":"https:\/\/blogs.futura-sciences.com\/feldmann\/wp-json\/wp\/v2\/posts"}],"about":[{"href":"https:\/\/blogs.futura-sciences.com\/feldmann\/wp-json\/wp\/v2\/types\/post"}],"author":[{"embeddable":true,"href":"https:\/\/blogs.futura-sciences.com\/feldmann\/wp-json\/wp\/v2\/users\/8"}],"replies":[{"embeddable":true,"href":"https:\/\/blogs.futura-sciences.com\/feldmann\/wp-json\/wp\/v2\/comments?post=5457"}],"version-history":[{"count":5,"href":"https:\/\/blogs.futura-sciences.com\/feldmann\/wp-json\/wp\/v2\/posts\/5457\/revisions"}],"predecessor-version":[{"id":5464,"href":"https:\/\/blogs.futura-sciences.com\/feldmann\/wp-json\/wp\/v2\/posts\/5457\/revisions\/5464"}],"wp:featuredmedia":[{"embeddable":true,"href":"https:\/\/blogs.futura-sciences.com\/feldmann\/wp-json\/wp\/v2\/media\/5459"}],"wp:attachment":[{"href":"https:\/\/blogs.futura-sciences.com\/feldmann\/wp-json\/wp\/v2\/media?parent=5457"}],"wp:term":[{"taxonomy":"category","embeddable":true,"href":"https:\/\/blogs.futura-sciences.com\/feldmann\/wp-json\/wp\/v2\/categories?post=5457"},{"taxonomy":"post_tag","embeddable":true,"href":"https:\/\/blogs.futura-sciences.com\/feldmann\/wp-json\/wp\/v2\/tags?post=5457"}],"curies":[{"name":"wp","href":"https:\/\/api.w.org\/{rel}","templated":true}]}}