{"id":5438,"date":"2016-04-03T13:56:02","date_gmt":"2016-04-03T13:56:02","guid":{"rendered":"https:\/\/blogs.futura-sciences.com\/feldmann\/?p=5438"},"modified":"2016-04-14T16:28:13","modified_gmt":"2016-04-14T16:28:13","slug":"252p-linear-la-comete-qui-a-surpris-les-astronomes","status":"publish","type":"post","link":"https:\/\/blogs.futura-sciences.com\/feldmann\/2016\/04\/03\/252p-linear-la-comete-qui-a-surpris-les-astronomes\/","title":{"rendered":"252P\/Linear, la com\u00e8te qui a surpris les astronomes"},"content":{"rendered":"<p><strong>Pass\u00e9e a un peu plus de 5 millions de km de notre plan\u00e8te le 21 mars, la com\u00e8te 252P Linear a vu son \u00e9clat augmenter de 200 fois en quelques jours.\u00a0<\/strong><\/p>\n<p>La com\u00e8te 252P\/Linear est une com\u00e8te p\u00e9riodique qui a \u00e9t\u00e9 d\u00e9couverte le 7 avril 2000 dans le cadre du programme\u00a0<em>Lincoln Near-Earth Asteroid Research<\/em> (<a href=\"http:\/\/www.ll.mit.edu\/mission\/space\/linear\/\" target=\"_blank\">LINEAR<\/a>) destin\u00e9 \u00e0 traquer les ast\u00e9ro\u00efdes qui s&#8217;aventurent un peu trop pr\u00e8s de la Terre.<\/p>\n\n<!-- iframe plugin v.5.1 wordpress.org\/plugins\/iframe\/ -->\n<iframe loading=\"lazy\" frameborder=\"0\" width=\"480\" height=\"270\" src=\"\/\/www.dailymotion.com\/embed\/video\/x35chpc\" 0=\"allowfullscreen&gt;&lt;\/iframe\" scrolling=\"yes\" class=\"iframe-class\"><\/iframe>\n\n<p style=\"text-align: center\"><strong>En vid\u00e9o : Hedgehog, le robot explorateur de com\u00e8tes<\/strong><\/p>\n<p>Circulant autour du <a href=\"https:\/\/blogs.futura-sciences.com\/feldmann\/2015\/08\/15\/dans-la-mer-le-soleil-est-encore-plus-beau\/\" target=\"_blank\">Soleil <\/a>sur une orbite elliptique en 5,3 ans, 252P\/Linear devait normalement passer discr\u00e8tement au plus pr\u00e8s de nous le <a href=\"https:\/\/blogs.futura-sciences.com\/feldmann\/2016\/03\/19\/20-mars-le-printemps-debute-dans-lhemisphere-nord\/\" target=\"_blank\">jour du printemps<\/a> avec une magnitude pr\u00e9visionnelle d&#8217;environ 10, n\u00e9cessitant au moins un bon <a href=\"https:\/\/blogs.futura-sciences.com\/feldmann\/2014\/05\/14\/en-images-les-telescopes-amateurs\/\" target=\"_blank\">t\u00e9lescope d&#8217;amateur<\/a> pour l&#8217;observer. Mais aux alentours du 19 mars des observateurs l&#8217;ont aper\u00e7ue \u00e0 l&#8217;\u0153il nu sous un ciel d\u00e9nu\u00e9 de <a href=\"https:\/\/blogs.futura-sciences.com\/feldmann\/2014\/06\/28\/pollution-lumineuse\/\" target=\"_blank\">pollution lumineuse<\/a>. Elle \u00e9tait alors de magnitude 5, ce qui la rendait <a href=\"http:\/\/www.futura-sciences.com\/magazines\/espace\/infos\/actu\/d\/astronomie-jamais-vu-246-ans-deux-cometes-visibles-vont-nous-froler-ce-soir-62083\/\" target=\"_blank\">200 fois plus brillante que l&#8217;\u00e9clat qui \u00e9tait attendu<\/a>.<\/p>\n<p><a href=\"https:\/\/blogs.futura-sciences.com\/feldmann\/wp-content\/uploads\/sites\/9\/2016\/04\/252p_linear_comete.jpg\"  rel=\"lightbox[5438] attachment wp-att-5439\"><img loading=\"lazy\" decoding=\"async\" class=\"alignnone size-medium wp-image-5439\" src=\"https:\/\/blogs.futura-sciences.com\/feldmann\/wp-content\/uploads\/sites\/9\/2016\/04\/252p_linear_comete-297x450.jpg\" alt=\"252p_linear_comete\" width=\"297\" height=\"450\" srcset=\"https:\/\/blogs.futura-sciences.com\/feldmann\/wp-content\/uploads\/sites\/9\/2016\/04\/252p_linear_comete-297x450.jpg 297w, https:\/\/blogs.futura-sciences.com\/feldmann\/wp-content\/uploads\/sites\/9\/2016\/04\/252p_linear_comete-768x1164.jpg 768w, https:\/\/blogs.futura-sciences.com\/feldmann\/wp-content\/uploads\/sites\/9\/2016\/04\/252p_linear_comete-676x1024.jpg 676w, https:\/\/blogs.futura-sciences.com\/feldmann\/wp-content\/uploads\/sites\/9\/2016\/04\/252p_linear_comete.jpg 858w\" sizes=\"auto, (max-width: 297px) 100vw, 297px\" \/><\/a><\/p>\n<p>Ce n&#8217;est pas la premi\u00e8re fois qu&#8217;une com\u00e8te d\u00e9joue les pronostics et devient beaucoup plus lumineuse. On doit le sursaut d&#8217;\u00e9clat le plus impressionnant \u00e0\u00a0<a href=\"http:\/\/www.futura-sciences.com\/magazines\/espace\/infos\/actu\/d\/astronomie-images-comete-holmes-dejoue-tous-pronostics-13515\/\" target=\"_blank\">17P\/Holmes<\/a>, \u00a0un astre chevelu qui circule autour du Soleil avec une p\u00e9riode de 6,9 ans et qui brille en g\u00e9n\u00e9ral faiblement autour de la 15\u00e8me magnitude.<!--more--><\/p>\n<p>Pourtant le 24 octobre 2007 l&#8217;\u00e9clat de 17P\/Holmes a \u00e9t\u00e9 multipli\u00e9 par un million en quelques heures seulement, rendant la com\u00e8te visible \u00e0 l&#8217;\u0153il nu dans la <a href=\"https:\/\/blogs.futura-sciences.com\/feldmann\/2015\/04\/15\/liss-passe-entre-persee-et-cassiopee\/\" target=\"_blank\">constellation de Pers\u00e9e<\/a> comme une \u00e9toile suppl\u00e9mentaire de magnitude 2,8 (17P\/Holmes ne pr\u00e9sente pas vraiment de queue com\u00e9taire, tout comme 252P\/Linear).<\/p>\n<p>Pour les astronomes, ces sursauts de luminosit\u00e9 apparaissent peut-\u00eatre quand une portion de la surface d&#8217;une com\u00e8te se d\u00e9tache, exposant au Soleil une nouvelle zone du noyau riche en eau et en poussi\u00e8re.<\/p>\n<p>L&#8217;image ci-dessus a \u00e9t\u00e9 prise le 31 mars par l&#8217;astronome amateur autrichien <a href=\"http:\/\/spaceweathergallery.com\/indiv_upload.php?upload_id=124066&amp;PHPSESSID=rfppgjhjdn97naj9jpdsa6ji35\" target=\"_blank\">Michael J\u00e4ger<\/a>, un sp\u00e9cialiste de la photographie com\u00e9taire. La com\u00e8te 252P\/Linear perd maintenant rapidement de son \u00e9clat en traversant la constellation d&#8217;Ophiuchus au nord-est du trio <a href=\"https:\/\/blogs.futura-sciences.com\/feldmann\/2016\/03\/29\/dame-lune-se-glisse-entre-saturne-antares-et-mars\/\" target=\"_blank\">Saturne-Mars-Antar\u00e8s<\/a>.<\/p>\n<!-- AddThis Advanced Settings generic via filter on the_content --><!-- AddThis Share Buttons generic via filter on the_content -->","protected":false},"excerpt":{"rendered":"<p>Pass\u00e9e a un peu plus de 5 millions de km de notre plan\u00e8te le 21 mars, la com\u00e8te 252P Linear a vu son \u00e9clat augmenter de 200 fois en quelques jours.\u00a0 La com\u00e8te 252P\/Linear est une com\u00e8te p\u00e9riodique qui a \u00e9t\u00e9 d\u00e9couverte le 7 avril 2000 dans le cadre du programme\u00a0Lincoln Near-Earth Asteroid Research (LINEAR) &hellip; <a href=\"https:\/\/blogs.futura-sciences.com\/feldmann\/2016\/04\/03\/252p-linear-la-comete-qui-a-surpris-les-astronomes\/\" class=\"more-link\">Continuer la lecture de <span class=\"screen-reader-text\">252P\/Linear, la com\u00e8te qui a surpris les astronomes<\/span>  <span class=\"meta-nav\">&rarr;<\/span><\/a><!-- AddThis Advanced Settings generic via filter on get_the_excerpt --><!-- AddThis Share Buttons generic via filter on get_the_excerpt --><\/p>\n","protected":false},"author":8,"featured_media":5440,"comment_status":"open","ping_status":"open","sticky":false,"template":"","format":"standard","meta":{"footnotes":"","_links_to":"","_links_to_target":""},"categories":[84],"tags":[1582,1581,666,1583,895],"class_list":["post-5438","post","type-post","status-publish","format-standard","has-post-thumbnail","hentry","category-ciel-etoile","tag-comete-17pholmes","tag-comete-252plinear","tag-constellation-dophiuchus","tag-linear","tag-michael-jager"],"yoast_head":"<!-- This site is optimized with the Yoast SEO plugin v24.1 - https:\/\/yoast.com\/wordpress\/plugins\/seo\/ -->\n<title>252P\/Linear, la com\u00e8te qui a surpris les astronomes<\/title>\n<meta name=\"description\" content=\"Pass\u00e9e a un peu plus de 5 millions de km de notre plan\u00e8te le 21 mars, la com\u00e8te 252P\/Linear a vu son \u00e9clat augmenter de 200 fois en quelques jours.\" \/>\n<meta name=\"robots\" content=\"index, follow, max-snippet:-1, max-image-preview:large, max-video-preview:-1\" \/>\n<link rel=\"canonical\" href=\"https:\/\/blogs.futura-sciences.com\/feldmann\/2016\/04\/03\/252p-linear-la-comete-qui-a-surpris-les-astronomes\/\" \/>\n<meta property=\"og:locale\" content=\"fr_FR\" \/>\n<meta property=\"og:type\" content=\"article\" \/>\n<meta property=\"og:title\" content=\"252P\/Linear, la com\u00e8te qui a surpris les astronomes\" \/>\n<meta property=\"og:description\" content=\"Pass\u00e9e a un peu plus de 5 millions de km de notre plan\u00e8te le 21 mars, la com\u00e8te 252P\/Linear a vu son \u00e9clat augmenter de 200 fois en quelques jours.\" \/>\n<meta property=\"og:url\" content=\"https:\/\/blogs.futura-sciences.com\/feldmann\/2016\/04\/03\/252p-linear-la-comete-qui-a-surpris-les-astronomes\/\" \/>\n<meta property=\"og:site_name\" content=\"CIELMANIA : le blog de Jean-Baptiste FELDMANN, photographe du ciel\" \/>\n<meta property=\"article:published_time\" content=\"2016-04-03T13:56:02+00:00\" \/>\n<meta property=\"article:modified_time\" content=\"2016-04-14T16:28:13+00:00\" \/>\n<meta property=\"og:image\" content=\"https:\/\/blogs.futura-sciences.com\/feldmann\/wp-content\/uploads\/sites\/9\/2016\/04\/252p_linear_comete2.jpg\" \/>\n\t<meta property=\"og:image:width\" content=\"1331\" \/>\n\t<meta property=\"og:image:height\" content=\"1030\" \/>\n\t<meta property=\"og:image:type\" content=\"image\/jpeg\" \/>\n<meta name=\"author\" content=\"Jean-Baptiste FELDMANN\" \/>\n<meta name=\"twitter:card\" content=\"summary_large_image\" \/>\n<meta name=\"twitter:label1\" content=\"\u00c9crit par\" \/>\n\t<meta name=\"twitter:data1\" content=\"Jean-Baptiste FELDMANN\" \/>\n\t<meta name=\"twitter:label2\" content=\"Dur\u00e9e de lecture estim\u00e9e\" \/>\n\t<meta name=\"twitter:data2\" content=\"2 minutes\" \/>\n<script type=\"application\/ld+json\" class=\"yoast-schema-graph\">{\"@context\":\"https:\/\/schema.org\",\"@graph\":[{\"@type\":\"WebPage\",\"@id\":\"https:\/\/blogs.futura-sciences.com\/feldmann\/2016\/04\/03\/252p-linear-la-comete-qui-a-surpris-les-astronomes\/\",\"url\":\"https:\/\/blogs.futura-sciences.com\/feldmann\/2016\/04\/03\/252p-linear-la-comete-qui-a-surpris-les-astronomes\/\",\"name\":\"252P\/Linear, la com\u00e8te qui a surpris les astronomes\",\"isPartOf\":{\"@id\":\"https:\/\/blogs.futura-sciences.com\/feldmann\/#website\"},\"primaryImageOfPage\":{\"@id\":\"https:\/\/blogs.futura-sciences.com\/feldmann\/2016\/04\/03\/252p-linear-la-comete-qui-a-surpris-les-astronomes\/#primaryimage\"},\"image\":{\"@id\":\"https:\/\/blogs.futura-sciences.com\/feldmann\/2016\/04\/03\/252p-linear-la-comete-qui-a-surpris-les-astronomes\/#primaryimage\"},\"thumbnailUrl\":\"https:\/\/blogs.futura-sciences.com\/feldmann\/wp-content\/uploads\/sites\/9\/2016\/04\/252p_linear_comete2.jpg\",\"datePublished\":\"2016-04-03T13:56:02+00:00\",\"dateModified\":\"2016-04-14T16:28:13+00:00\",\"author\":{\"@id\":\"https:\/\/blogs.futura-sciences.com\/feldmann\/#\/schema\/person\/62b391b709c307783237b759b62731ea\"},\"description\":\"Pass\u00e9e a un peu plus de 5 millions de km de notre plan\u00e8te le 21 mars, la com\u00e8te 252P\/Linear a vu son \u00e9clat augmenter de 200 fois en quelques jours.\",\"inLanguage\":\"fr-FR\",\"potentialAction\":[{\"@type\":\"ReadAction\",\"target\":[\"https:\/\/blogs.futura-sciences.com\/feldmann\/2016\/04\/03\/252p-linear-la-comete-qui-a-surpris-les-astronomes\/\"]}]},{\"@type\":\"ImageObject\",\"inLanguage\":\"fr-FR\",\"@id\":\"https:\/\/blogs.futura-sciences.com\/feldmann\/2016\/04\/03\/252p-linear-la-comete-qui-a-surpris-les-astronomes\/#primaryimage\",\"url\":\"https:\/\/blogs.futura-sciences.com\/feldmann\/wp-content\/uploads\/sites\/9\/2016\/04\/252p_linear_comete2.jpg\",\"contentUrl\":\"https:\/\/blogs.futura-sciences.com\/feldmann\/wp-content\/uploads\/sites\/9\/2016\/04\/252p_linear_comete2.jpg\",\"width\":1331,\"height\":1030},{\"@type\":\"WebSite\",\"@id\":\"https:\/\/blogs.futura-sciences.com\/feldmann\/#website\",\"url\":\"https:\/\/blogs.futura-sciences.com\/feldmann\/\",\"name\":\"CIELMANIA : le blog de Jean-Baptiste FELDMANN, photographe du ciel\",\"description\":\"&quot;J&#039;ai en moi un besoin terrible. Dirais-je le mot? La religion. Alors, je sors la nuit et je peins des \u00e9toiles.&quot;  Vincent van Gogh\",\"potentialAction\":[{\"@type\":\"SearchAction\",\"target\":{\"@type\":\"EntryPoint\",\"urlTemplate\":\"https:\/\/blogs.futura-sciences.com\/feldmann\/?s={search_term_string}\"},\"query-input\":{\"@type\":\"PropertyValueSpecification\",\"valueRequired\":true,\"valueName\":\"search_term_string\"}}],\"inLanguage\":\"fr-FR\"},{\"@type\":\"Person\",\"@id\":\"https:\/\/blogs.futura-sciences.com\/feldmann\/#\/schema\/person\/62b391b709c307783237b759b62731ea\",\"name\":\"Jean-Baptiste FELDMANN\",\"image\":{\"@type\":\"ImageObject\",\"inLanguage\":\"fr-FR\",\"@id\":\"https:\/\/blogs.futura-sciences.com\/feldmann\/#\/schema\/person\/image\/\",\"url\":\"https:\/\/secure.gravatar.com\/avatar\/41f96607fde7a81a14570eec74177c42?s=96&d=mm&r=g\",\"contentUrl\":\"https:\/\/secure.gravatar.com\/avatar\/41f96607fde7a81a14570eec74177c42?s=96&d=mm&r=g\",\"caption\":\"Jean-Baptiste FELDMANN\"},\"url\":\"https:\/\/blogs.futura-sciences.com\/feldmann\/author\/jbfe\/\"}]}<\/script>\n<!-- \/ Yoast SEO plugin. -->","yoast_head_json":{"title":"252P\/Linear, la com\u00e8te qui a surpris les astronomes","description":"Pass\u00e9e a un peu plus de 5 millions de km de notre plan\u00e8te le 21 mars, la com\u00e8te 252P\/Linear a vu son \u00e9clat augmenter de 200 fois en quelques jours.","robots":{"index":"index","follow":"follow","max-snippet":"max-snippet:-1","max-image-preview":"max-image-preview:large","max-video-preview":"max-video-preview:-1"},"canonical":"https:\/\/blogs.futura-sciences.com\/feldmann\/2016\/04\/03\/252p-linear-la-comete-qui-a-surpris-les-astronomes\/","og_locale":"fr_FR","og_type":"article","og_title":"252P\/Linear, la com\u00e8te qui a surpris les astronomes","og_description":"Pass\u00e9e a un peu plus de 5 millions de km de notre plan\u00e8te le 21 mars, la com\u00e8te 252P\/Linear a vu son \u00e9clat augmenter de 200 fois en quelques jours.","og_url":"https:\/\/blogs.futura-sciences.com\/feldmann\/2016\/04\/03\/252p-linear-la-comete-qui-a-surpris-les-astronomes\/","og_site_name":"CIELMANIA : le blog de Jean-Baptiste FELDMANN, photographe du ciel","article_published_time":"2016-04-03T13:56:02+00:00","article_modified_time":"2016-04-14T16:28:13+00:00","og_image":[{"width":1331,"height":1030,"url":"https:\/\/blogs.futura-sciences.com\/feldmann\/wp-content\/uploads\/sites\/9\/2016\/04\/252p_linear_comete2.jpg","type":"image\/jpeg"}],"author":"Jean-Baptiste FELDMANN","twitter_card":"summary_large_image","twitter_misc":{"\u00c9crit par":"Jean-Baptiste FELDMANN","Dur\u00e9e de lecture estim\u00e9e":"2 minutes"},"schema":{"@context":"https:\/\/schema.org","@graph":[{"@type":"WebPage","@id":"https:\/\/blogs.futura-sciences.com\/feldmann\/2016\/04\/03\/252p-linear-la-comete-qui-a-surpris-les-astronomes\/","url":"https:\/\/blogs.futura-sciences.com\/feldmann\/2016\/04\/03\/252p-linear-la-comete-qui-a-surpris-les-astronomes\/","name":"252P\/Linear, la com\u00e8te qui a surpris les astronomes","isPartOf":{"@id":"https:\/\/blogs.futura-sciences.com\/feldmann\/#website"},"primaryImageOfPage":{"@id":"https:\/\/blogs.futura-sciences.com\/feldmann\/2016\/04\/03\/252p-linear-la-comete-qui-a-surpris-les-astronomes\/#primaryimage"},"image":{"@id":"https:\/\/blogs.futura-sciences.com\/feldmann\/2016\/04\/03\/252p-linear-la-comete-qui-a-surpris-les-astronomes\/#primaryimage"},"thumbnailUrl":"https:\/\/blogs.futura-sciences.com\/feldmann\/wp-content\/uploads\/sites\/9\/2016\/04\/252p_linear_comete2.jpg","datePublished":"2016-04-03T13:56:02+00:00","dateModified":"2016-04-14T16:28:13+00:00","author":{"@id":"https:\/\/blogs.futura-sciences.com\/feldmann\/#\/schema\/person\/62b391b709c307783237b759b62731ea"},"description":"Pass\u00e9e a un peu plus de 5 millions de km de notre plan\u00e8te le 21 mars, la com\u00e8te 252P\/Linear a vu son \u00e9clat augmenter de 200 fois en quelques jours.","inLanguage":"fr-FR","potentialAction":[{"@type":"ReadAction","target":["https:\/\/blogs.futura-sciences.com\/feldmann\/2016\/04\/03\/252p-linear-la-comete-qui-a-surpris-les-astronomes\/"]}]},{"@type":"ImageObject","inLanguage":"fr-FR","@id":"https:\/\/blogs.futura-sciences.com\/feldmann\/2016\/04\/03\/252p-linear-la-comete-qui-a-surpris-les-astronomes\/#primaryimage","url":"https:\/\/blogs.futura-sciences.com\/feldmann\/wp-content\/uploads\/sites\/9\/2016\/04\/252p_linear_comete2.jpg","contentUrl":"https:\/\/blogs.futura-sciences.com\/feldmann\/wp-content\/uploads\/sites\/9\/2016\/04\/252p_linear_comete2.jpg","width":1331,"height":1030},{"@type":"WebSite","@id":"https:\/\/blogs.futura-sciences.com\/feldmann\/#website","url":"https:\/\/blogs.futura-sciences.com\/feldmann\/","name":"CIELMANIA : le blog de Jean-Baptiste FELDMANN, photographe du ciel","description":"&quot;J&#039;ai en moi un besoin terrible. Dirais-je le mot? La religion. Alors, je sors la nuit et je peins des \u00e9toiles.&quot;  Vincent van Gogh","potentialAction":[{"@type":"SearchAction","target":{"@type":"EntryPoint","urlTemplate":"https:\/\/blogs.futura-sciences.com\/feldmann\/?s={search_term_string}"},"query-input":{"@type":"PropertyValueSpecification","valueRequired":true,"valueName":"search_term_string"}}],"inLanguage":"fr-FR"},{"@type":"Person","@id":"https:\/\/blogs.futura-sciences.com\/feldmann\/#\/schema\/person\/62b391b709c307783237b759b62731ea","name":"Jean-Baptiste FELDMANN","image":{"@type":"ImageObject","inLanguage":"fr-FR","@id":"https:\/\/blogs.futura-sciences.com\/feldmann\/#\/schema\/person\/image\/","url":"https:\/\/secure.gravatar.com\/avatar\/41f96607fde7a81a14570eec74177c42?s=96&d=mm&r=g","contentUrl":"https:\/\/secure.gravatar.com\/avatar\/41f96607fde7a81a14570eec74177c42?s=96&d=mm&r=g","caption":"Jean-Baptiste FELDMANN"},"url":"https:\/\/blogs.futura-sciences.com\/feldmann\/author\/jbfe\/"}]}},"_links":{"self":[{"href":"https:\/\/blogs.futura-sciences.com\/feldmann\/wp-json\/wp\/v2\/posts\/5438","targetHints":{"allow":["GET"]}}],"collection":[{"href":"https:\/\/blogs.futura-sciences.com\/feldmann\/wp-json\/wp\/v2\/posts"}],"about":[{"href":"https:\/\/blogs.futura-sciences.com\/feldmann\/wp-json\/wp\/v2\/types\/post"}],"author":[{"embeddable":true,"href":"https:\/\/blogs.futura-sciences.com\/feldmann\/wp-json\/wp\/v2\/users\/8"}],"replies":[{"embeddable":true,"href":"https:\/\/blogs.futura-sciences.com\/feldmann\/wp-json\/wp\/v2\/comments?post=5438"}],"version-history":[{"count":5,"href":"https:\/\/blogs.futura-sciences.com\/feldmann\/wp-json\/wp\/v2\/posts\/5438\/revisions"}],"predecessor-version":[{"id":5445,"href":"https:\/\/blogs.futura-sciences.com\/feldmann\/wp-json\/wp\/v2\/posts\/5438\/revisions\/5445"}],"wp:featuredmedia":[{"embeddable":true,"href":"https:\/\/blogs.futura-sciences.com\/feldmann\/wp-json\/wp\/v2\/media\/5440"}],"wp:attachment":[{"href":"https:\/\/blogs.futura-sciences.com\/feldmann\/wp-json\/wp\/v2\/media?parent=5438"}],"wp:term":[{"taxonomy":"category","embeddable":true,"href":"https:\/\/blogs.futura-sciences.com\/feldmann\/wp-json\/wp\/v2\/categories?post=5438"},{"taxonomy":"post_tag","embeddable":true,"href":"https:\/\/blogs.futura-sciences.com\/feldmann\/wp-json\/wp\/v2\/tags?post=5438"}],"curies":[{"name":"wp","href":"https:\/\/api.w.org\/{rel}","templated":true}]}}