{"id":5179,"date":"2016-03-03T17:46:32","date_gmt":"2016-03-03T17:46:32","guid":{"rendered":"https:\/\/blogs.futura-sciences.com\/feldmann\/?p=5179"},"modified":"2016-03-13T09:36:09","modified_gmt":"2016-03-13T09:36:09","slug":"curiosite-un-mirage-lunaire-sur-locean-arctique","status":"publish","type":"post","link":"https:\/\/blogs.futura-sciences.com\/feldmann\/2016\/03\/03\/curiosite-un-mirage-lunaire-sur-locean-arctique\/","title":{"rendered":"Curiosit\u00e9 : un mirage lunaire sur l&#8217;oc\u00e9an Arctique"},"content":{"rendered":"<p><strong>Le 23 f\u00e9vrier un photographe install\u00e9 dans le Grand Nord canadien a saisi un spectaculaire mirage lunaire lors du lever de la Pleine Lune des neiges.<\/strong><\/p>\n<p>Alert est le nom d&#8217;une base militaire canadienne situ\u00e9e dans le territoire du Nunavut, dans l&#8217;Arctique canadien. C&#8217;est aussi le lieu habit\u00e9 le plus septentrional de la plan\u00e8te \u00e0 seulement 817 km du p\u00f4le Nord, \u00e0 l&#8217;extr\u00eame nord de l&#8217;\u00eele d&#8217;Ellesmere. Outre la base militaire, le site compte \u00e9galement une station du service m\u00e9t\u00e9orologique canadien membre du GAW (<a href=\"http:\/\/www.wmo.int\/pages\/prog\/arep\/gaw\/measurements.html\" target=\"_blank\"><em>Global Atmosphere Watch<\/em><\/a>), un service qui recueille les donn\u00e9es m\u00e9t\u00e9orologiques en provenance de nombreuses stations r\u00e9parties sur la plan\u00e8te.<\/p>\n<p><a href=\"https:\/\/blogs.futura-sciences.com\/feldmann\/wp-content\/uploads\/sites\/9\/2016\/03\/mirage_lune.jpg\"  rel=\"lightbox[5179] attachment wp-att-5180\"><img loading=\"lazy\" decoding=\"async\" class=\"alignnone size-medium wp-image-5180\" src=\"https:\/\/blogs.futura-sciences.com\/feldmann\/wp-content\/uploads\/sites\/9\/2016\/03\/mirage_lune-450x338.jpg\" alt=\"mirage_lune\" width=\"450\" height=\"338\" srcset=\"https:\/\/blogs.futura-sciences.com\/feldmann\/wp-content\/uploads\/sites\/9\/2016\/03\/mirage_lune-450x338.jpg 450w, https:\/\/blogs.futura-sciences.com\/feldmann\/wp-content\/uploads\/sites\/9\/2016\/03\/mirage_lune-768x576.jpg 768w, https:\/\/blogs.futura-sciences.com\/feldmann\/wp-content\/uploads\/sites\/9\/2016\/03\/mirage_lune-1024x768.jpg 1024w, https:\/\/blogs.futura-sciences.com\/feldmann\/wp-content\/uploads\/sites\/9\/2016\/03\/mirage_lune.jpg 1200w\" sizes=\"auto, (max-width: 450px) 100vw, 450px\" \/><\/a><\/p>\n<p>C&#8217;est depuis la station d&#8217;Alert que Kevin Rawlings a photographi\u00e9 le 23 f\u00e9vrier le lever de la <a href=\"https:\/\/blogs.futura-sciences.com\/feldmann\/2016\/02\/24\/23-fevrier-jupiter-avait-rendez-vous-avec-la-lune\/\" target=\"_blank\">Pleine Lune des neiges<\/a>. Pourquoi la Lune a-t-elle cet \u00e9trange aspect\u00a0?<\/p>\n<p><!--more-->Normalement la temp\u00e9rature de l&#8217;air diminue avec l&#8217;altitude, mais comme le raconte le photographe sur <a href=\"http:\/\/earthsky.org\/todays-image\/moonrise-over-arctic-ocean\" target=\"_blank\"><em>EarthSky<\/em><\/a>, une couche d&#8217;inversion thermique \u00e9tait pr\u00e9sente, puisque la station avait enregistr\u00e9 -26 \u00b0 C au niveau du sol et -4 \u00b0 C \u00e0 700 m d&#8217;altitude.<\/p>\n<p>C&#8217;est cette couche d&#8217;inversion qui est \u00e0 l&#8217;origine de la distorsion du disque lunaire, un ph\u00e9nom\u00e8ne comparable \u00e0 celui qu&#8217;on observe dans le cas d&#8217;un <a href=\"https:\/\/blogs.futura-sciences.com\/feldmann\/2015\/12\/17\/en-video-leffet-novaya-zemlya-un-etonnant-mirage-solaire\/\" target=\"_blank\">mirage solaire<\/a> et qui vient agrandir l&#8217;\u00e9tonnante famille des <a href=\"https:\/\/blogs.futura-sciences.com\/feldmann\/2016\/02\/22\/en-images-les-phenomenes-lumineux-atmospheriques\/\" target=\"_blank\">ph\u00e9nom\u00e8nes lumineux atmosph\u00e9riques<\/a>.<\/p>\n<!-- AddThis Advanced Settings generic via filter on the_content --><!-- AddThis Share Buttons generic via filter on the_content -->","protected":false},"excerpt":{"rendered":"<p>Le 23 f\u00e9vrier un photographe install\u00e9 dans le Grand Nord canadien a saisi un spectaculaire mirage lunaire lors du lever de la Pleine Lune des neiges. Alert est le nom d&#8217;une base militaire canadienne situ\u00e9e dans le territoire du Nunavut, dans l&#8217;Arctique canadien. C&#8217;est aussi le lieu habit\u00e9 le plus septentrional de la plan\u00e8te \u00e0 &hellip; <a href=\"https:\/\/blogs.futura-sciences.com\/feldmann\/2016\/03\/03\/curiosite-un-mirage-lunaire-sur-locean-arctique\/\" class=\"more-link\">Continuer la lecture de <span class=\"screen-reader-text\">Curiosit\u00e9 : un mirage lunaire sur l&#8217;oc\u00e9an Arctique<\/span>  <span class=\"meta-nav\">&rarr;<\/span><\/a><!-- AddThis Advanced Settings generic via filter on get_the_excerpt --><!-- AddThis Share Buttons generic via filter on get_the_excerpt --><\/p>\n","protected":false},"author":8,"featured_media":5180,"comment_status":"open","ping_status":"open","sticky":false,"template":"","format":"standard","meta":{"footnotes":"","_links_to":"","_links_to_target":""},"categories":[85],"tags":[1542,1537,1538,1541,1539,1536,1543,1540,1517],"class_list":["post-5179","post","type-post","status-publish","format-standard","has-post-thumbnail","hentry","category-meteores","tag-alert","tag-couche-dinversion","tag-earthsky","tag-gaw","tag-kevin-rawlings","tag-mirage-lunaire","tag-nuvanut","tag-ocean-arctique","tag-pleine-lune-des-neiges"],"yoast_head":"<!-- This site is optimized with the Yoast SEO plugin v24.1 - https:\/\/yoast.com\/wordpress\/plugins\/seo\/ -->\n<title>Curiosit\u00e9 : un mirage lunaire sur l&#039;oc\u00e9an Arctique<\/title>\n<meta name=\"description\" content=\"Le 23 f\u00e9vrier un photographe install\u00e9 dans le Grand Nord canadien a saisi un spectaculaire mirage lunaire lors du lever de la Pleine Lune des neiges.\" \/>\n<meta name=\"robots\" content=\"index, follow, max-snippet:-1, max-image-preview:large, max-video-preview:-1\" \/>\n<link rel=\"canonical\" href=\"https:\/\/blogs.futura-sciences.com\/feldmann\/2016\/03\/03\/curiosite-un-mirage-lunaire-sur-locean-arctique\/\" \/>\n<meta property=\"og:locale\" content=\"fr_FR\" \/>\n<meta property=\"og:type\" content=\"article\" \/>\n<meta property=\"og:title\" content=\"Curiosit\u00e9 : un mirage lunaire sur l&#039;oc\u00e9an Arctique\" \/>\n<meta property=\"og:description\" content=\"Le 23 f\u00e9vrier un photographe install\u00e9 dans le Grand Nord canadien a saisi un spectaculaire mirage lunaire lors du lever de la Pleine Lune des neiges.\" \/>\n<meta property=\"og:url\" content=\"https:\/\/blogs.futura-sciences.com\/feldmann\/2016\/03\/03\/curiosite-un-mirage-lunaire-sur-locean-arctique\/\" \/>\n<meta property=\"og:site_name\" content=\"CIELMANIA : le blog de Jean-Baptiste FELDMANN, photographe du ciel\" \/>\n<meta property=\"article:published_time\" content=\"2016-03-03T17:46:32+00:00\" \/>\n<meta property=\"article:modified_time\" content=\"2016-03-13T09:36:09+00:00\" \/>\n<meta property=\"og:image\" content=\"https:\/\/blogs.futura-sciences.com\/feldmann\/wp-content\/uploads\/sites\/9\/2016\/03\/mirage_lune.jpg\" \/>\n\t<meta property=\"og:image:width\" content=\"1200\" \/>\n\t<meta property=\"og:image:height\" content=\"900\" \/>\n\t<meta property=\"og:image:type\" content=\"image\/jpeg\" \/>\n<meta name=\"author\" content=\"Jean-Baptiste FELDMANN\" \/>\n<meta name=\"twitter:card\" content=\"summary_large_image\" \/>\n<meta name=\"twitter:label1\" content=\"\u00c9crit par\" \/>\n\t<meta name=\"twitter:data1\" content=\"Jean-Baptiste FELDMANN\" \/>\n\t<meta name=\"twitter:label2\" content=\"Dur\u00e9e de lecture estim\u00e9e\" \/>\n\t<meta name=\"twitter:data2\" content=\"1 minute\" \/>\n<script type=\"application\/ld+json\" class=\"yoast-schema-graph\">{\"@context\":\"https:\/\/schema.org\",\"@graph\":[{\"@type\":\"WebPage\",\"@id\":\"https:\/\/blogs.futura-sciences.com\/feldmann\/2016\/03\/03\/curiosite-un-mirage-lunaire-sur-locean-arctique\/\",\"url\":\"https:\/\/blogs.futura-sciences.com\/feldmann\/2016\/03\/03\/curiosite-un-mirage-lunaire-sur-locean-arctique\/\",\"name\":\"Curiosit\u00e9 : un mirage lunaire sur l'oc\u00e9an Arctique\",\"isPartOf\":{\"@id\":\"https:\/\/blogs.futura-sciences.com\/feldmann\/#website\"},\"primaryImageOfPage\":{\"@id\":\"https:\/\/blogs.futura-sciences.com\/feldmann\/2016\/03\/03\/curiosite-un-mirage-lunaire-sur-locean-arctique\/#primaryimage\"},\"image\":{\"@id\":\"https:\/\/blogs.futura-sciences.com\/feldmann\/2016\/03\/03\/curiosite-un-mirage-lunaire-sur-locean-arctique\/#primaryimage\"},\"thumbnailUrl\":\"https:\/\/blogs.futura-sciences.com\/feldmann\/wp-content\/uploads\/sites\/9\/2016\/03\/mirage_lune.jpg\",\"datePublished\":\"2016-03-03T17:46:32+00:00\",\"dateModified\":\"2016-03-13T09:36:09+00:00\",\"author\":{\"@id\":\"https:\/\/blogs.futura-sciences.com\/feldmann\/#\/schema\/person\/62b391b709c307783237b759b62731ea\"},\"description\":\"Le 23 f\u00e9vrier un photographe install\u00e9 dans le Grand Nord canadien a saisi un spectaculaire mirage lunaire lors du lever de la Pleine Lune des neiges.\",\"inLanguage\":\"fr-FR\",\"potentialAction\":[{\"@type\":\"ReadAction\",\"target\":[\"https:\/\/blogs.futura-sciences.com\/feldmann\/2016\/03\/03\/curiosite-un-mirage-lunaire-sur-locean-arctique\/\"]}]},{\"@type\":\"ImageObject\",\"inLanguage\":\"fr-FR\",\"@id\":\"https:\/\/blogs.futura-sciences.com\/feldmann\/2016\/03\/03\/curiosite-un-mirage-lunaire-sur-locean-arctique\/#primaryimage\",\"url\":\"https:\/\/blogs.futura-sciences.com\/feldmann\/wp-content\/uploads\/sites\/9\/2016\/03\/mirage_lune.jpg\",\"contentUrl\":\"https:\/\/blogs.futura-sciences.com\/feldmann\/wp-content\/uploads\/sites\/9\/2016\/03\/mirage_lune.jpg\",\"width\":1200,\"height\":900},{\"@type\":\"WebSite\",\"@id\":\"https:\/\/blogs.futura-sciences.com\/feldmann\/#website\",\"url\":\"https:\/\/blogs.futura-sciences.com\/feldmann\/\",\"name\":\"CIELMANIA : le blog de Jean-Baptiste FELDMANN, photographe du ciel\",\"description\":\"&quot;J&#039;ai en moi un besoin terrible. Dirais-je le mot? La religion. Alors, je sors la nuit et je peins des \u00e9toiles.&quot;  Vincent van Gogh\",\"potentialAction\":[{\"@type\":\"SearchAction\",\"target\":{\"@type\":\"EntryPoint\",\"urlTemplate\":\"https:\/\/blogs.futura-sciences.com\/feldmann\/?s={search_term_string}\"},\"query-input\":{\"@type\":\"PropertyValueSpecification\",\"valueRequired\":true,\"valueName\":\"search_term_string\"}}],\"inLanguage\":\"fr-FR\"},{\"@type\":\"Person\",\"@id\":\"https:\/\/blogs.futura-sciences.com\/feldmann\/#\/schema\/person\/62b391b709c307783237b759b62731ea\",\"name\":\"Jean-Baptiste FELDMANN\",\"image\":{\"@type\":\"ImageObject\",\"inLanguage\":\"fr-FR\",\"@id\":\"https:\/\/blogs.futura-sciences.com\/feldmann\/#\/schema\/person\/image\/\",\"url\":\"https:\/\/secure.gravatar.com\/avatar\/41f96607fde7a81a14570eec74177c42?s=96&d=mm&r=g\",\"contentUrl\":\"https:\/\/secure.gravatar.com\/avatar\/41f96607fde7a81a14570eec74177c42?s=96&d=mm&r=g\",\"caption\":\"Jean-Baptiste FELDMANN\"},\"url\":\"https:\/\/blogs.futura-sciences.com\/feldmann\/author\/jbfe\/\"}]}<\/script>\n<!-- \/ Yoast SEO plugin. -->","yoast_head_json":{"title":"Curiosit\u00e9 : un mirage lunaire sur l'oc\u00e9an Arctique","description":"Le 23 f\u00e9vrier un photographe install\u00e9 dans le Grand Nord canadien a saisi un spectaculaire mirage lunaire lors du lever de la Pleine Lune des neiges.","robots":{"index":"index","follow":"follow","max-snippet":"max-snippet:-1","max-image-preview":"max-image-preview:large","max-video-preview":"max-video-preview:-1"},"canonical":"https:\/\/blogs.futura-sciences.com\/feldmann\/2016\/03\/03\/curiosite-un-mirage-lunaire-sur-locean-arctique\/","og_locale":"fr_FR","og_type":"article","og_title":"Curiosit\u00e9 : un mirage lunaire sur l'oc\u00e9an Arctique","og_description":"Le 23 f\u00e9vrier un photographe install\u00e9 dans le Grand Nord canadien a saisi un spectaculaire mirage lunaire lors du lever de la Pleine Lune des neiges.","og_url":"https:\/\/blogs.futura-sciences.com\/feldmann\/2016\/03\/03\/curiosite-un-mirage-lunaire-sur-locean-arctique\/","og_site_name":"CIELMANIA : le blog de Jean-Baptiste FELDMANN, photographe du ciel","article_published_time":"2016-03-03T17:46:32+00:00","article_modified_time":"2016-03-13T09:36:09+00:00","og_image":[{"width":1200,"height":900,"url":"https:\/\/blogs.futura-sciences.com\/feldmann\/wp-content\/uploads\/sites\/9\/2016\/03\/mirage_lune.jpg","type":"image\/jpeg"}],"author":"Jean-Baptiste FELDMANN","twitter_card":"summary_large_image","twitter_misc":{"\u00c9crit par":"Jean-Baptiste FELDMANN","Dur\u00e9e de lecture estim\u00e9e":"1 minute"},"schema":{"@context":"https:\/\/schema.org","@graph":[{"@type":"WebPage","@id":"https:\/\/blogs.futura-sciences.com\/feldmann\/2016\/03\/03\/curiosite-un-mirage-lunaire-sur-locean-arctique\/","url":"https:\/\/blogs.futura-sciences.com\/feldmann\/2016\/03\/03\/curiosite-un-mirage-lunaire-sur-locean-arctique\/","name":"Curiosit\u00e9 : un mirage lunaire sur l'oc\u00e9an Arctique","isPartOf":{"@id":"https:\/\/blogs.futura-sciences.com\/feldmann\/#website"},"primaryImageOfPage":{"@id":"https:\/\/blogs.futura-sciences.com\/feldmann\/2016\/03\/03\/curiosite-un-mirage-lunaire-sur-locean-arctique\/#primaryimage"},"image":{"@id":"https:\/\/blogs.futura-sciences.com\/feldmann\/2016\/03\/03\/curiosite-un-mirage-lunaire-sur-locean-arctique\/#primaryimage"},"thumbnailUrl":"https:\/\/blogs.futura-sciences.com\/feldmann\/wp-content\/uploads\/sites\/9\/2016\/03\/mirage_lune.jpg","datePublished":"2016-03-03T17:46:32+00:00","dateModified":"2016-03-13T09:36:09+00:00","author":{"@id":"https:\/\/blogs.futura-sciences.com\/feldmann\/#\/schema\/person\/62b391b709c307783237b759b62731ea"},"description":"Le 23 f\u00e9vrier un photographe install\u00e9 dans le Grand Nord canadien a saisi un spectaculaire mirage lunaire lors du lever de la Pleine Lune des neiges.","inLanguage":"fr-FR","potentialAction":[{"@type":"ReadAction","target":["https:\/\/blogs.futura-sciences.com\/feldmann\/2016\/03\/03\/curiosite-un-mirage-lunaire-sur-locean-arctique\/"]}]},{"@type":"ImageObject","inLanguage":"fr-FR","@id":"https:\/\/blogs.futura-sciences.com\/feldmann\/2016\/03\/03\/curiosite-un-mirage-lunaire-sur-locean-arctique\/#primaryimage","url":"https:\/\/blogs.futura-sciences.com\/feldmann\/wp-content\/uploads\/sites\/9\/2016\/03\/mirage_lune.jpg","contentUrl":"https:\/\/blogs.futura-sciences.com\/feldmann\/wp-content\/uploads\/sites\/9\/2016\/03\/mirage_lune.jpg","width":1200,"height":900},{"@type":"WebSite","@id":"https:\/\/blogs.futura-sciences.com\/feldmann\/#website","url":"https:\/\/blogs.futura-sciences.com\/feldmann\/","name":"CIELMANIA : le blog de Jean-Baptiste FELDMANN, photographe du ciel","description":"&quot;J&#039;ai en moi un besoin terrible. Dirais-je le mot? La religion. Alors, je sors la nuit et je peins des \u00e9toiles.&quot;  Vincent van Gogh","potentialAction":[{"@type":"SearchAction","target":{"@type":"EntryPoint","urlTemplate":"https:\/\/blogs.futura-sciences.com\/feldmann\/?s={search_term_string}"},"query-input":{"@type":"PropertyValueSpecification","valueRequired":true,"valueName":"search_term_string"}}],"inLanguage":"fr-FR"},{"@type":"Person","@id":"https:\/\/blogs.futura-sciences.com\/feldmann\/#\/schema\/person\/62b391b709c307783237b759b62731ea","name":"Jean-Baptiste FELDMANN","image":{"@type":"ImageObject","inLanguage":"fr-FR","@id":"https:\/\/blogs.futura-sciences.com\/feldmann\/#\/schema\/person\/image\/","url":"https:\/\/secure.gravatar.com\/avatar\/41f96607fde7a81a14570eec74177c42?s=96&d=mm&r=g","contentUrl":"https:\/\/secure.gravatar.com\/avatar\/41f96607fde7a81a14570eec74177c42?s=96&d=mm&r=g","caption":"Jean-Baptiste FELDMANN"},"url":"https:\/\/blogs.futura-sciences.com\/feldmann\/author\/jbfe\/"}]}},"_links":{"self":[{"href":"https:\/\/blogs.futura-sciences.com\/feldmann\/wp-json\/wp\/v2\/posts\/5179","targetHints":{"allow":["GET"]}}],"collection":[{"href":"https:\/\/blogs.futura-sciences.com\/feldmann\/wp-json\/wp\/v2\/posts"}],"about":[{"href":"https:\/\/blogs.futura-sciences.com\/feldmann\/wp-json\/wp\/v2\/types\/post"}],"author":[{"embeddable":true,"href":"https:\/\/blogs.futura-sciences.com\/feldmann\/wp-json\/wp\/v2\/users\/8"}],"replies":[{"embeddable":true,"href":"https:\/\/blogs.futura-sciences.com\/feldmann\/wp-json\/wp\/v2\/comments?post=5179"}],"version-history":[{"count":3,"href":"https:\/\/blogs.futura-sciences.com\/feldmann\/wp-json\/wp\/v2\/posts\/5179\/revisions"}],"predecessor-version":[{"id":5184,"href":"https:\/\/blogs.futura-sciences.com\/feldmann\/wp-json\/wp\/v2\/posts\/5179\/revisions\/5184"}],"wp:featuredmedia":[{"embeddable":true,"href":"https:\/\/blogs.futura-sciences.com\/feldmann\/wp-json\/wp\/v2\/media\/5180"}],"wp:attachment":[{"href":"https:\/\/blogs.futura-sciences.com\/feldmann\/wp-json\/wp\/v2\/media?parent=5179"}],"wp:term":[{"taxonomy":"category","embeddable":true,"href":"https:\/\/blogs.futura-sciences.com\/feldmann\/wp-json\/wp\/v2\/categories?post=5179"},{"taxonomy":"post_tag","embeddable":true,"href":"https:\/\/blogs.futura-sciences.com\/feldmann\/wp-json\/wp\/v2\/tags?post=5179"}],"curies":[{"name":"wp","href":"https:\/\/api.w.org\/{rel}","templated":true}]}}