{"id":4790,"date":"2016-01-26T05:42:00","date_gmt":"2016-01-26T05:42:00","guid":{"rendered":"https:\/\/blogs.futura-sciences.com\/feldmann\/?p=4790"},"modified":"2019-01-15T17:53:08","modified_gmt":"2019-01-15T17:53:08","slug":"26-janvier-2015-feerie-cosmique-dans-le-ciel-de-la-silla","status":"publish","type":"post","link":"https:\/\/blogs.futura-sciences.com\/feldmann\/2016\/01\/26\/26-janvier-2015-feerie-cosmique-dans-le-ciel-de-la-silla\/","title":{"rendered":"26 janvier 2015 : f\u00e9erie cosmique dans le ciel de La Silla"},"content":{"rendered":"<p><strong>Retour sur une incroyable image r\u00e9alis\u00e9e en janvier 2015 par le photographe \u00a0Petr Hor\u00e1lek depuis l&#8217;Observatoire de La Silla dans les Andes chiliennes.<\/strong><\/p>\n<p>Tout comme \u00a0<a href=\"https:\/\/blogs.futura-sciences.com\/feldmann\/2016\/01\/14\/petroglyphes-sous-les-etoiles-dans-le-desert-datacama\/\" target=\"_blank\" rel=\"noopener\">Babak Tafreshi<\/a>, <a href=\"https:\/\/blogs.futura-sciences.com\/feldmann\/2015\/10\/28\/en-video-le-centre-galactique-passe-au-zenith-du-vlt\/\" target=\"_blank\" rel=\"noopener\">St\u00e9phane Guisard<\/a>, <a href=\"https:\/\/blogs.futura-sciences.com\/feldmann\/2015\/12\/16\/pluie-de-geminides-dans-le-ciel-du-desert-datacama\/\" target=\"_blank\" rel=\"noopener\">Yuri Beletsky<\/a> ou encore\u00a0<a href=\"https:\/\/blogs.futura-sciences.com\/feldmann\/2015\/03\/06\/en-video-le-ciel-etoile-de-la-reserve-portugaise-dalqueva\/\" target=\"_blank\" rel=\"noopener\">Miguel Claro<\/a>,\u00a0<a href=\"https:\/\/blogs.futura-sciences.com\/feldmann\/2016\/01\/09\/les-beautes-du-ciel-nocturne-dans-le-desert-du-kalahari\/\" target=\"_blank\" rel=\"noopener\">Petr Hor\u00e1lek<\/a> est l&#8217;un des ambassadeurs de l&#8217;ESO, un groupe de photographes qui r\u00e9alisent des images destin\u00e9es \u00e0 mettre en valeur les diff\u00e9rents sites astronomiques de l&#8217;Observatoire Europ\u00e9en Austral et les recherches qui y sont men\u00e9es.<\/p>\n\n<!-- iframe plugin v.5.1 wordpress.org\/plugins\/iframe\/ -->\n<iframe loading=\"lazy\" frameborder=\"0\" width=\"480\" height=\"270\" src=\"\/\/www.dailymotion.com\/embed\/video\/x3hhnlv\" 0=\"allowfullscreen&gt;&lt;\/iframe\" scrolling=\"yes\" class=\"iframe-class\"><\/iframe>\n\n<p style=\"text-align: center\"><strong>En vid\u00e9o : un myst\u00e9rieux ph\u00e9nom\u00e8ne lumineux brouille les observations des t\u00e9lescopes de l\u2019ESO<\/strong><\/p>\n<p>En janvier 2015 Petr Hor\u00e1lek se trouvait \u00e0 l&#8217;<a href=\"https:\/\/blogs.futura-sciences.com\/feldmann\/2015\/03\/12\/insolite-il-neige-lobservatoire-de-la-silla\/\" target=\"_blank\" rel=\"noopener\">Observatoire de La Silla<\/a>, un sommet des Andes Chiliennes (2400 m\u00e8tres d\u2019altitude) \u00e0 600 kilom\u00e8tres au nord de Santiago o\u00f9 l&#8217;ESO a implant\u00e9 ses premi\u00e8res coupoles dans les ann\u00e9es 1960 (le plus gros t\u00e9lescope a un diam\u00e8tre de 3,6 m\u00e8tres).<\/p>\n<p><!--more-->L\u2019ESO a poursuivi depuis le d\u00e9veloppement de ses infrastructures avec un site au Paranal (toujours au Chili, \u00e0 2600 m\u00e8tres d\u2019altitude et 130 km au sud d\u2019Antofagasta) qui h\u00e9berge ses 4 t\u00e9lescopes g\u00e9ants <a href=\"https:\/\/blogs.futura-sciences.com\/feldmann\/2015\/03\/10\/avec-muse-le-vlt-surpasse-le-telescope-spatial-hubble\/\" target=\"_blank\" rel=\"noopener\">VLT<\/a>.<\/p>\n<p><a href=\"https:\/\/blogs.futura-sciences.com\/feldmann\/wp-content\/uploads\/sites\/9\/2016\/01\/eso.jpg\"  rel=\"lightbox[4790] attachment wp-att-4791\"><img loading=\"lazy\" decoding=\"async\" class=\"alignnone size-medium wp-image-4791\" src=\"https:\/\/blogs.futura-sciences.com\/feldmann\/wp-content\/uploads\/sites\/9\/2016\/01\/eso-450x321.jpg\" alt=\"eso\" width=\"450\" height=\"321\" srcset=\"https:\/\/blogs.futura-sciences.com\/feldmann\/wp-content\/uploads\/sites\/9\/2016\/01\/eso-450x321.jpg 450w, https:\/\/blogs.futura-sciences.com\/feldmann\/wp-content\/uploads\/sites\/9\/2016\/01\/eso-768x549.jpg 768w, https:\/\/blogs.futura-sciences.com\/feldmann\/wp-content\/uploads\/sites\/9\/2016\/01\/eso-1024x731.jpg 1024w, https:\/\/blogs.futura-sciences.com\/feldmann\/wp-content\/uploads\/sites\/9\/2016\/01\/eso.jpg 1260w\" sizes=\"auto, (max-width: 450px) 100vw, 450px\" \/><\/a><\/p>\n<p>Sur cette photographie de\u00a0Petr Hor\u00e1lek (un montage de plusieurs images avec diff\u00e9rents temps de pose) publi\u00e9e sur le site de l&#8217;<a href=\"http:\/\/www.eso.org\/public\/france\/images\/potw1504a\/?lang\" target=\"_blank\" rel=\"noopener\">ESO<\/a>, on remarque au milieu des \u00e9toiles :<\/p>\n<ul>\n<li>\u00a0la com\u00e8te\u00a0<a href=\"https:\/\/blogs.futura-sciences.com\/feldmann\/2015\/03\/04\/une-image-epoustouflante-de-la-comete-c2014-q2-lovejoy\/\" target=\"_blank\" rel=\"noopener\">C\/2014 Q2 Lovejoy<\/a> (d\u00e9couverte le 17 ao\u00fbt 2014 par l\u2019astronome amateur australien Terry Lovejoy) dont\u00a0la belle couleur verte provient de la fluorescence des mol\u00e9cules de carbone diatomique (C2) sous l\u2019action du rayonnement solaire ultraviolet<\/li>\n<li>l&#8217;amas ouvert des <a href=\"https:\/\/blogs.futura-sciences.com\/feldmann\/2015\/12\/23\/lamas-des-pleiades-nargue-la-lune-gibbeuse\/\" target=\"_blank\" rel=\"noopener\">Pl\u00e9iades<\/a> (Messier 45), un groupe de jeunes\u00a0\u00e9toiles qui sont n\u00e9es ensemble il y a une centaine de millions d\u2019ann\u00e9es et dont certaines sont encore entour\u00e9es de n\u00e9bulosit\u00e9s qui s\u2019effilochent peu \u00e0 peu<\/li>\n<li>des n\u00e9buleuses rouges (la couleur caract\u00e9ristique de l\u2019hydrog\u00e8ne ionis\u00e9) ; celle en arc de cercle \u00e0 droite de la com\u00e8te est NGC 1499, la n\u00e9buleuse Californie dans la <a href=\"https:\/\/blogs.futura-sciences.com\/feldmann\/2015\/04\/15\/liss-passe-entre-persee-et-cassiopee\/\" target=\"_blank\" rel=\"noopener\">constellation de Pers\u00e9e<\/a><\/li>\n<li>une brillante <a href=\"https:\/\/blogs.futura-sciences.com\/feldmann\/2014\/05\/30\/etoile-filante\/\" target=\"_blank\" rel=\"noopener\">\u00e9toile filante<\/a>\u00a0dont le passage \u00e9tait totalement impr\u00e9visible<\/li>\n<\/ul>\n<p>Les lumi\u00e8res visibles dans le brouillard loin derri\u00e8re l&#8217;Observatoire de La Silla sont celles de la Route panam\u00e9ricaine, un r\u00e9seau de voies rapides qui permet de relier les deux Am\u00e9riques du nord au sud depuis\u00a0Prudhoe Bay en Alaska jusqu&#8217;\u00e0 Ushua\u00efa en Terre de Feu.<\/p>\n<!-- AddThis Advanced Settings generic via filter on the_content --><!-- AddThis Share Buttons generic via filter on the_content -->","protected":false},"excerpt":{"rendered":"<p>Retour sur une incroyable image r\u00e9alis\u00e9e en janvier 2015 par le photographe \u00a0Petr Hor\u00e1lek depuis l&#8217;Observatoire de La Silla dans les Andes chiliennes. Tout comme \u00a0Babak Tafreshi, St\u00e9phane Guisard, Yuri Beletsky ou encore\u00a0Miguel Claro,\u00a0Petr Hor\u00e1lek est l&#8217;un des ambassadeurs de l&#8217;ESO, un groupe de photographes qui r\u00e9alisent des images destin\u00e9es \u00e0 mettre en valeur les &hellip; <a href=\"https:\/\/blogs.futura-sciences.com\/feldmann\/2016\/01\/26\/26-janvier-2015-feerie-cosmique-dans-le-ciel-de-la-silla\/\" class=\"more-link\">Continuer la lecture de <span class=\"screen-reader-text\">26 janvier 2015 : f\u00e9erie cosmique dans le ciel de La Silla<\/span>  <span class=\"meta-nav\">&rarr;<\/span><\/a><!-- AddThis Advanced Settings generic via filter on get_the_excerpt --><!-- AddThis Share Buttons generic via filter on get_the_excerpt --><\/p>\n","protected":false},"author":8,"featured_media":4791,"comment_status":"open","ping_status":"open","sticky":false,"template":"","format":"standard","meta":{"footnotes":"","_links_to":"","_links_to_target":""},"categories":[84],"tags":[713,701,633,296,892,1420],"class_list":["post-4790","post","type-post","status-publish","format-standard","has-post-thumbnail","hentry","category-ciel-etoile","tag-amas-des-pleiades","tag-comete-c2014-q2-lovejoy","tag-eso","tag-etoile-filante","tag-observatoire-de-la-silla","tag-petr-horalek"],"yoast_head":"<!-- This site is optimized with the Yoast SEO plugin v24.1 - https:\/\/yoast.com\/wordpress\/plugins\/seo\/ -->\n<title>26 janvier 2015 : f\u00e9erie cosmique dans le ciel de La Silla<\/title>\n<meta name=\"description\" content=\"Retour sur une incroyable image r\u00e9alis\u00e9e en janvier 2015 par le photographe \u00a0Petr Hor\u00e1lek depuis l&#039;Observatoire de La Silla dans les Andes chiliennes.\" \/>\n<meta name=\"robots\" content=\"index, follow, max-snippet:-1, max-image-preview:large, max-video-preview:-1\" \/>\n<link rel=\"canonical\" href=\"https:\/\/blogs.futura-sciences.com\/feldmann\/2016\/01\/26\/26-janvier-2015-feerie-cosmique-dans-le-ciel-de-la-silla\/\" \/>\n<meta property=\"og:locale\" content=\"fr_FR\" \/>\n<meta property=\"og:type\" content=\"article\" \/>\n<meta property=\"og:title\" content=\"26 janvier 2015 : f\u00e9erie cosmique dans le ciel de La Silla\" \/>\n<meta property=\"og:description\" content=\"Retour sur une incroyable image r\u00e9alis\u00e9e en janvier 2015 par le photographe \u00a0Petr Hor\u00e1lek depuis l&#039;Observatoire de La Silla dans les Andes chiliennes.\" \/>\n<meta property=\"og:url\" content=\"https:\/\/blogs.futura-sciences.com\/feldmann\/2016\/01\/26\/26-janvier-2015-feerie-cosmique-dans-le-ciel-de-la-silla\/\" \/>\n<meta property=\"og:site_name\" content=\"CIELMANIA : le blog de Jean-Baptiste FELDMANN, photographe du ciel\" \/>\n<meta property=\"article:published_time\" content=\"2016-01-26T05:42:00+00:00\" \/>\n<meta property=\"article:modified_time\" content=\"2019-01-15T17:53:08+00:00\" \/>\n<meta property=\"og:image\" content=\"https:\/\/blogs.futura-sciences.com\/feldmann\/wp-content\/uploads\/sites\/9\/2016\/01\/eso.jpg\" \/>\n\t<meta property=\"og:image:width\" content=\"1260\" \/>\n\t<meta property=\"og:image:height\" content=\"900\" \/>\n\t<meta property=\"og:image:type\" content=\"image\/jpeg\" \/>\n<meta name=\"author\" content=\"Jean-Baptiste FELDMANN\" \/>\n<meta name=\"twitter:card\" content=\"summary_large_image\" \/>\n<meta name=\"twitter:label1\" content=\"\u00c9crit par\" \/>\n\t<meta name=\"twitter:data1\" content=\"Jean-Baptiste FELDMANN\" \/>\n\t<meta name=\"twitter:label2\" content=\"Dur\u00e9e de lecture estim\u00e9e\" \/>\n\t<meta name=\"twitter:data2\" content=\"2 minutes\" \/>\n<script type=\"application\/ld+json\" class=\"yoast-schema-graph\">{\"@context\":\"https:\/\/schema.org\",\"@graph\":[{\"@type\":\"WebPage\",\"@id\":\"https:\/\/blogs.futura-sciences.com\/feldmann\/2016\/01\/26\/26-janvier-2015-feerie-cosmique-dans-le-ciel-de-la-silla\/\",\"url\":\"https:\/\/blogs.futura-sciences.com\/feldmann\/2016\/01\/26\/26-janvier-2015-feerie-cosmique-dans-le-ciel-de-la-silla\/\",\"name\":\"26 janvier 2015 : f\u00e9erie cosmique dans le ciel de La Silla\",\"isPartOf\":{\"@id\":\"https:\/\/blogs.futura-sciences.com\/feldmann\/#website\"},\"primaryImageOfPage\":{\"@id\":\"https:\/\/blogs.futura-sciences.com\/feldmann\/2016\/01\/26\/26-janvier-2015-feerie-cosmique-dans-le-ciel-de-la-silla\/#primaryimage\"},\"image\":{\"@id\":\"https:\/\/blogs.futura-sciences.com\/feldmann\/2016\/01\/26\/26-janvier-2015-feerie-cosmique-dans-le-ciel-de-la-silla\/#primaryimage\"},\"thumbnailUrl\":\"https:\/\/blogs.futura-sciences.com\/feldmann\/wp-content\/uploads\/sites\/9\/2016\/01\/eso.jpg\",\"datePublished\":\"2016-01-26T05:42:00+00:00\",\"dateModified\":\"2019-01-15T17:53:08+00:00\",\"author\":{\"@id\":\"https:\/\/blogs.futura-sciences.com\/feldmann\/#\/schema\/person\/62b391b709c307783237b759b62731ea\"},\"description\":\"Retour sur une incroyable image r\u00e9alis\u00e9e en janvier 2015 par le photographe \u00a0Petr Hor\u00e1lek depuis l'Observatoire de La Silla dans les Andes chiliennes.\",\"inLanguage\":\"fr-FR\",\"potentialAction\":[{\"@type\":\"ReadAction\",\"target\":[\"https:\/\/blogs.futura-sciences.com\/feldmann\/2016\/01\/26\/26-janvier-2015-feerie-cosmique-dans-le-ciel-de-la-silla\/\"]}]},{\"@type\":\"ImageObject\",\"inLanguage\":\"fr-FR\",\"@id\":\"https:\/\/blogs.futura-sciences.com\/feldmann\/2016\/01\/26\/26-janvier-2015-feerie-cosmique-dans-le-ciel-de-la-silla\/#primaryimage\",\"url\":\"https:\/\/blogs.futura-sciences.com\/feldmann\/wp-content\/uploads\/sites\/9\/2016\/01\/eso.jpg\",\"contentUrl\":\"https:\/\/blogs.futura-sciences.com\/feldmann\/wp-content\/uploads\/sites\/9\/2016\/01\/eso.jpg\",\"width\":1260,\"height\":900},{\"@type\":\"WebSite\",\"@id\":\"https:\/\/blogs.futura-sciences.com\/feldmann\/#website\",\"url\":\"https:\/\/blogs.futura-sciences.com\/feldmann\/\",\"name\":\"CIELMANIA : le blog de Jean-Baptiste FELDMANN, photographe du ciel\",\"description\":\"&quot;J&#039;ai en moi un besoin terrible. Dirais-je le mot? La religion. Alors, je sors la nuit et je peins des \u00e9toiles.&quot;  Vincent van Gogh\",\"potentialAction\":[{\"@type\":\"SearchAction\",\"target\":{\"@type\":\"EntryPoint\",\"urlTemplate\":\"https:\/\/blogs.futura-sciences.com\/feldmann\/?s={search_term_string}\"},\"query-input\":{\"@type\":\"PropertyValueSpecification\",\"valueRequired\":true,\"valueName\":\"search_term_string\"}}],\"inLanguage\":\"fr-FR\"},{\"@type\":\"Person\",\"@id\":\"https:\/\/blogs.futura-sciences.com\/feldmann\/#\/schema\/person\/62b391b709c307783237b759b62731ea\",\"name\":\"Jean-Baptiste FELDMANN\",\"image\":{\"@type\":\"ImageObject\",\"inLanguage\":\"fr-FR\",\"@id\":\"https:\/\/blogs.futura-sciences.com\/feldmann\/#\/schema\/person\/image\/\",\"url\":\"https:\/\/secure.gravatar.com\/avatar\/41f96607fde7a81a14570eec74177c42?s=96&d=mm&r=g\",\"contentUrl\":\"https:\/\/secure.gravatar.com\/avatar\/41f96607fde7a81a14570eec74177c42?s=96&d=mm&r=g\",\"caption\":\"Jean-Baptiste FELDMANN\"},\"url\":\"https:\/\/blogs.futura-sciences.com\/feldmann\/author\/jbfe\/\"}]}<\/script>\n<!-- \/ Yoast SEO plugin. -->","yoast_head_json":{"title":"26 janvier 2015 : f\u00e9erie cosmique dans le ciel de La Silla","description":"Retour sur une incroyable image r\u00e9alis\u00e9e en janvier 2015 par le photographe \u00a0Petr Hor\u00e1lek depuis l'Observatoire de La Silla dans les Andes chiliennes.","robots":{"index":"index","follow":"follow","max-snippet":"max-snippet:-1","max-image-preview":"max-image-preview:large","max-video-preview":"max-video-preview:-1"},"canonical":"https:\/\/blogs.futura-sciences.com\/feldmann\/2016\/01\/26\/26-janvier-2015-feerie-cosmique-dans-le-ciel-de-la-silla\/","og_locale":"fr_FR","og_type":"article","og_title":"26 janvier 2015 : f\u00e9erie cosmique dans le ciel de La Silla","og_description":"Retour sur une incroyable image r\u00e9alis\u00e9e en janvier 2015 par le photographe \u00a0Petr Hor\u00e1lek depuis l'Observatoire de La Silla dans les Andes chiliennes.","og_url":"https:\/\/blogs.futura-sciences.com\/feldmann\/2016\/01\/26\/26-janvier-2015-feerie-cosmique-dans-le-ciel-de-la-silla\/","og_site_name":"CIELMANIA : le blog de Jean-Baptiste FELDMANN, photographe du ciel","article_published_time":"2016-01-26T05:42:00+00:00","article_modified_time":"2019-01-15T17:53:08+00:00","og_image":[{"width":1260,"height":900,"url":"https:\/\/blogs.futura-sciences.com\/feldmann\/wp-content\/uploads\/sites\/9\/2016\/01\/eso.jpg","type":"image\/jpeg"}],"author":"Jean-Baptiste FELDMANN","twitter_card":"summary_large_image","twitter_misc":{"\u00c9crit par":"Jean-Baptiste FELDMANN","Dur\u00e9e de lecture estim\u00e9e":"2 minutes"},"schema":{"@context":"https:\/\/schema.org","@graph":[{"@type":"WebPage","@id":"https:\/\/blogs.futura-sciences.com\/feldmann\/2016\/01\/26\/26-janvier-2015-feerie-cosmique-dans-le-ciel-de-la-silla\/","url":"https:\/\/blogs.futura-sciences.com\/feldmann\/2016\/01\/26\/26-janvier-2015-feerie-cosmique-dans-le-ciel-de-la-silla\/","name":"26 janvier 2015 : f\u00e9erie cosmique dans le ciel de La Silla","isPartOf":{"@id":"https:\/\/blogs.futura-sciences.com\/feldmann\/#website"},"primaryImageOfPage":{"@id":"https:\/\/blogs.futura-sciences.com\/feldmann\/2016\/01\/26\/26-janvier-2015-feerie-cosmique-dans-le-ciel-de-la-silla\/#primaryimage"},"image":{"@id":"https:\/\/blogs.futura-sciences.com\/feldmann\/2016\/01\/26\/26-janvier-2015-feerie-cosmique-dans-le-ciel-de-la-silla\/#primaryimage"},"thumbnailUrl":"https:\/\/blogs.futura-sciences.com\/feldmann\/wp-content\/uploads\/sites\/9\/2016\/01\/eso.jpg","datePublished":"2016-01-26T05:42:00+00:00","dateModified":"2019-01-15T17:53:08+00:00","author":{"@id":"https:\/\/blogs.futura-sciences.com\/feldmann\/#\/schema\/person\/62b391b709c307783237b759b62731ea"},"description":"Retour sur une incroyable image r\u00e9alis\u00e9e en janvier 2015 par le photographe \u00a0Petr Hor\u00e1lek depuis l'Observatoire de La Silla dans les Andes chiliennes.","inLanguage":"fr-FR","potentialAction":[{"@type":"ReadAction","target":["https:\/\/blogs.futura-sciences.com\/feldmann\/2016\/01\/26\/26-janvier-2015-feerie-cosmique-dans-le-ciel-de-la-silla\/"]}]},{"@type":"ImageObject","inLanguage":"fr-FR","@id":"https:\/\/blogs.futura-sciences.com\/feldmann\/2016\/01\/26\/26-janvier-2015-feerie-cosmique-dans-le-ciel-de-la-silla\/#primaryimage","url":"https:\/\/blogs.futura-sciences.com\/feldmann\/wp-content\/uploads\/sites\/9\/2016\/01\/eso.jpg","contentUrl":"https:\/\/blogs.futura-sciences.com\/feldmann\/wp-content\/uploads\/sites\/9\/2016\/01\/eso.jpg","width":1260,"height":900},{"@type":"WebSite","@id":"https:\/\/blogs.futura-sciences.com\/feldmann\/#website","url":"https:\/\/blogs.futura-sciences.com\/feldmann\/","name":"CIELMANIA : le blog de Jean-Baptiste FELDMANN, photographe du ciel","description":"&quot;J&#039;ai en moi un besoin terrible. Dirais-je le mot? La religion. Alors, je sors la nuit et je peins des \u00e9toiles.&quot;  Vincent van Gogh","potentialAction":[{"@type":"SearchAction","target":{"@type":"EntryPoint","urlTemplate":"https:\/\/blogs.futura-sciences.com\/feldmann\/?s={search_term_string}"},"query-input":{"@type":"PropertyValueSpecification","valueRequired":true,"valueName":"search_term_string"}}],"inLanguage":"fr-FR"},{"@type":"Person","@id":"https:\/\/blogs.futura-sciences.com\/feldmann\/#\/schema\/person\/62b391b709c307783237b759b62731ea","name":"Jean-Baptiste FELDMANN","image":{"@type":"ImageObject","inLanguage":"fr-FR","@id":"https:\/\/blogs.futura-sciences.com\/feldmann\/#\/schema\/person\/image\/","url":"https:\/\/secure.gravatar.com\/avatar\/41f96607fde7a81a14570eec74177c42?s=96&d=mm&r=g","contentUrl":"https:\/\/secure.gravatar.com\/avatar\/41f96607fde7a81a14570eec74177c42?s=96&d=mm&r=g","caption":"Jean-Baptiste FELDMANN"},"url":"https:\/\/blogs.futura-sciences.com\/feldmann\/author\/jbfe\/"}]}},"_links":{"self":[{"href":"https:\/\/blogs.futura-sciences.com\/feldmann\/wp-json\/wp\/v2\/posts\/4790","targetHints":{"allow":["GET"]}}],"collection":[{"href":"https:\/\/blogs.futura-sciences.com\/feldmann\/wp-json\/wp\/v2\/posts"}],"about":[{"href":"https:\/\/blogs.futura-sciences.com\/feldmann\/wp-json\/wp\/v2\/types\/post"}],"author":[{"embeddable":true,"href":"https:\/\/blogs.futura-sciences.com\/feldmann\/wp-json\/wp\/v2\/users\/8"}],"replies":[{"embeddable":true,"href":"https:\/\/blogs.futura-sciences.com\/feldmann\/wp-json\/wp\/v2\/comments?post=4790"}],"version-history":[{"count":18,"href":"https:\/\/blogs.futura-sciences.com\/feldmann\/wp-json\/wp\/v2\/posts\/4790\/revisions"}],"predecessor-version":[{"id":10141,"href":"https:\/\/blogs.futura-sciences.com\/feldmann\/wp-json\/wp\/v2\/posts\/4790\/revisions\/10141"}],"wp:featuredmedia":[{"embeddable":true,"href":"https:\/\/blogs.futura-sciences.com\/feldmann\/wp-json\/wp\/v2\/media\/4791"}],"wp:attachment":[{"href":"https:\/\/blogs.futura-sciences.com\/feldmann\/wp-json\/wp\/v2\/media?parent=4790"}],"wp:term":[{"taxonomy":"category","embeddable":true,"href":"https:\/\/blogs.futura-sciences.com\/feldmann\/wp-json\/wp\/v2\/categories?post=4790"},{"taxonomy":"post_tag","embeddable":true,"href":"https:\/\/blogs.futura-sciences.com\/feldmann\/wp-json\/wp\/v2\/tags?post=4790"}],"curies":[{"name":"wp","href":"https:\/\/api.w.org\/{rel}","templated":true}]}}