{"id":4403,"date":"2016-12-21T05:48:08","date_gmt":"2016-12-21T05:48:08","guid":{"rendered":"https:\/\/blogs.futura-sciences.com\/feldmann\/?p=4403"},"modified":"2019-02-02T17:00:56","modified_gmt":"2019-02-02T17:00:56","slug":"c2011-w3-lovejoy-letonnante-comete-de-decembre-2011","status":"publish","type":"post","link":"https:\/\/blogs.futura-sciences.com\/feldmann\/2016\/12\/21\/c2011-w3-lovejoy-letonnante-comete-de-decembre-2011\/","title":{"rendered":"C\/2011 W3 Lovejoy, l&#8217;\u00e9tonnante com\u00e8te de d\u00e9cembre 2011"},"content":{"rendered":"<p><strong>Parmi les com\u00e8tes qui ont marqu\u00e9 les esprits ces vingt derni\u00e8res ann\u00e9es, C\/2011 W3 Lovejoy est la plus \u00e9tonnante. Retour sur son passage en d\u00e9cembre 2011.<\/strong><\/p>\n<p>C\/2011 W3 a \u00e9t\u00e9 d\u00e9couverte le 2 d\u00e9cembre 2011 par l&#8217;astronome amateur australien Terry Lovejoy (qui a \u00e9galement d\u00e9busqu\u00e9 <a href=\"https:\/\/blogs.futura-sciences.com\/feldmann\/2014\/12\/18\/la-comete-c2014-q2-lovejoy-arrive\/\" target=\"_blank\" rel=\"noopener\">C\/2014 Q2<\/a>). Elle fait partie du groupe de Kreutz du nom de l\u2019astronome allemand Heinrich Kreutz qui en confirma l\u2019existence en 1901. Ce groupe est constitu\u00e9 de petits astres chevelus (restes de la dislocation probable d&#8217;une com\u00e8te g\u00e9ante au XIIe si\u00e8cle) qui s&#8217;aventurent r\u00e9guli\u00e8rement \u00e0 proximit\u00e9 du <a href=\"https:\/\/blogs.futura-sciences.com\/feldmann\/2015\/05\/11\/un-avion-de-ligne-passe-devant-le-soleil-tache\/\" target=\"_blank\" rel=\"noopener\">Soleil<\/a>.<\/p>\n<p><a href=\"https:\/\/blogs.futura-sciences.com\/feldmann\/wp-content\/uploads\/sites\/9\/2015\/12\/eso2.jpg\" rel=\"lightbox[4403]\"><img loading=\"lazy\" decoding=\"async\" class=\"alignnone size-medium wp-image-4404\" src=\"https:\/\/blogs.futura-sciences.com\/feldmann\/wp-content\/uploads\/sites\/9\/2015\/12\/eso2-450x270.jpg\" alt=\"eso2\" width=\"450\" height=\"270\" srcset=\"https:\/\/blogs.futura-sciences.com\/feldmann\/wp-content\/uploads\/sites\/9\/2015\/12\/eso2-450x270.jpg 450w, https:\/\/blogs.futura-sciences.com\/feldmann\/wp-content\/uploads\/sites\/9\/2015\/12\/eso2-1024x614.jpg 1024w, https:\/\/blogs.futura-sciences.com\/feldmann\/wp-content\/uploads\/sites\/9\/2015\/12\/eso2.jpg 1280w\" sizes=\"auto, (max-width: 450px) 100vw, 450px\" \/><\/a><\/p>\n<p>Dans la nuit du 14 au 15 d\u00e9cembre 2011 la com\u00e8te C\/2011 W3 Lovejoy est pass\u00e9e \u00e0 140.000 km seulement de la surface du Soleil, ce qui lui laissait tr\u00e8s peu de change de survivre. Mais contre toute attente la com\u00e8te est r\u00e9apparue quelques heures plus tard sur les images fournies par le coronographe de l&#8217;observatoire solaire SOHO.<\/p>\n<p><!--more-->Puis C\/2011 W3 a repris de la vigueur, d\u00e9ployant dans les jours suivants une majestueuse queue de poussi\u00e8re photographi\u00e9e par les astronomes de l&#8217;h\u00e9misph\u00e8re sud mais \u00e9galement depuis l&#8217;espace par <a href=\"http:\/\/www.futura-sciences.com\/magazines\/espace\/infos\/actu\/d\/astronomie-video-spectaculaires-images-comete-lovejoy-depuis-iss-35516\/\" target=\"_blank\" rel=\"noopener\">Dan Burbank<\/a>, alors commandant de la <a href=\"https:\/\/blogs.futura-sciences.com\/feldmann\/2015\/11\/22\/les-incroyables-images-dun-transit-de-liss-devant-la-lune\/\" target=\"_blank\" rel=\"noopener\">Station spatiale internationale<\/a>.<\/p>\n\n<!-- iframe plugin v.5.1 wordpress.org\/plugins\/iframe\/ -->\n<iframe loading=\"lazy\" src=\"https:\/\/player.vimeo.com\/video\/34314682\" width=\"500\" height=\"281\" frameborder=\"0\" 0=\"webkitallowfullscreen\" 1=\"mozallowfullscreen\" 2=\"allowfullscreen\" scrolling=\"yes\" class=\"iframe-class\"><\/iframe>\n\n<p style=\"text-align: center\"><strong>En vid\u00e9o : le lever de la com\u00e8te C\/2011 W3 Lovejoy en Australie le 27 d\u00e9cembre 2011<\/strong><\/p>\n<p>Les scientifiques se sont beaucoup interrog\u00e9s sur la r\u00e9sistance du noyau de C\/2011 W3 lorsqu&#8217;il a travers\u00e9 la fournaise solaire. Une \u00e9quipe de chercheurs allemands du <a href=\"http:\/\/www.mpg.de\/institutes\" target=\"_blank\" rel=\"noopener\"><em>Max Planck Institute<\/em><\/a> a sugg\u00e9r\u00e9 que le noyau (qui devait mesurer entre 0,2 et 10 km de diam\u00e8tre) avait gard\u00e9 sa coh\u00e9sion gr\u00e2ce aux jets de gaz qui s&#8217;en \u00e9chappaient\u00a0de tous c\u00f4t\u00e9s\u00a0: ils ont agi comme une multitude de petits r\u00e9acteurs produisant une pouss\u00e9e inverse au processus de fragmentation de la com\u00e8te.<\/p>\n<!-- AddThis Advanced Settings generic via filter on the_content --><!-- AddThis Share Buttons generic via filter on the_content -->","protected":false},"excerpt":{"rendered":"<p>Parmi les com\u00e8tes qui ont marqu\u00e9 les esprits ces vingt derni\u00e8res ann\u00e9es, C\/2011 W3 Lovejoy est la plus \u00e9tonnante. Retour sur son passage en d\u00e9cembre 2011. C\/2011 W3 a \u00e9t\u00e9 d\u00e9couverte le 2 d\u00e9cembre 2011 par l&#8217;astronome amateur australien Terry Lovejoy (qui a \u00e9galement d\u00e9busqu\u00e9 C\/2014 Q2). Elle fait partie du groupe de Kreutz du &hellip; <a href=\"https:\/\/blogs.futura-sciences.com\/feldmann\/2016\/12\/21\/c2011-w3-lovejoy-letonnante-comete-de-decembre-2011\/\" class=\"more-link\">Continuer la lecture de <span class=\"screen-reader-text\">C\/2011 W3 Lovejoy, l&#8217;\u00e9tonnante com\u00e8te de d\u00e9cembre 2011<\/span>  <span class=\"meta-nav\">&rarr;<\/span><\/a><!-- AddThis Advanced Settings generic via filter on get_the_excerpt --><!-- AddThis Share Buttons generic via filter on get_the_excerpt --><\/p>\n","protected":false},"author":8,"featured_media":4405,"comment_status":"open","ping_status":"open","sticky":false,"template":"","format":"standard","meta":{"footnotes":"","_links_to":"","_links_to_target":""},"categories":[84],"tags":[1387,93,1388,869,1386,196,1389,197],"class_list":["post-4403","post","type-post","status-publish","format-standard","has-post-thumbnail","hentry","category-ciel-etoile","tag-c2011-w3-lovejoy","tag-comete","tag-dan-burbank","tag-groupe-de-kreutz","tag-heinrich-kreutz","tag-iss","tag-max-plank-institute","tag-station-spatiale-internationale"],"yoast_head":"<!-- This site is optimized with the Yoast SEO plugin v24.1 - https:\/\/yoast.com\/wordpress\/plugins\/seo\/ -->\n<title>C\/2011 W3 Lovejoy, l&#039;\u00e9tonnante com\u00e8te de d\u00e9cembre 2011<\/title>\n<meta name=\"description\" content=\"Parmi les com\u00e8tes qui ont marqu\u00e9 les esprits ces vingt derni\u00e8res ann\u00e9es, C\/2011 W3 Lovejoy est la plus \u00e9tonnante. Retour sur son passage en d\u00e9cembre 2011.\" \/>\n<meta name=\"robots\" content=\"index, follow, max-snippet:-1, max-image-preview:large, max-video-preview:-1\" \/>\n<link rel=\"canonical\" href=\"https:\/\/blogs.futura-sciences.com\/feldmann\/2016\/12\/21\/c2011-w3-lovejoy-letonnante-comete-de-decembre-2011\/\" \/>\n<meta property=\"og:locale\" content=\"fr_FR\" \/>\n<meta property=\"og:type\" content=\"article\" \/>\n<meta property=\"og:title\" content=\"C\/2011 W3 Lovejoy, l&#039;\u00e9tonnante com\u00e8te de d\u00e9cembre 2011\" \/>\n<meta property=\"og:description\" content=\"Parmi les com\u00e8tes qui ont marqu\u00e9 les esprits ces vingt derni\u00e8res ann\u00e9es, C\/2011 W3 Lovejoy est la plus \u00e9tonnante. Retour sur son passage en d\u00e9cembre 2011.\" \/>\n<meta property=\"og:url\" content=\"https:\/\/blogs.futura-sciences.com\/feldmann\/2016\/12\/21\/c2011-w3-lovejoy-letonnante-comete-de-decembre-2011\/\" \/>\n<meta property=\"og:site_name\" content=\"CIELMANIA : le blog de Jean-Baptiste FELDMANN, photographe du ciel\" \/>\n<meta property=\"article:published_time\" content=\"2016-12-21T05:48:08+00:00\" \/>\n<meta property=\"article:modified_time\" content=\"2019-02-02T17:00:56+00:00\" \/>\n<meta property=\"og:image\" content=\"https:\/\/blogs.futura-sciences.com\/feldmann\/wp-content\/uploads\/sites\/9\/2015\/12\/eso1.jpg\" \/>\n\t<meta property=\"og:image:width\" content=\"1280\" \/>\n\t<meta property=\"og:image:height\" content=\"768\" \/>\n\t<meta property=\"og:image:type\" content=\"image\/jpeg\" \/>\n<meta name=\"author\" content=\"Jean-Baptiste FELDMANN\" \/>\n<meta name=\"twitter:card\" content=\"summary_large_image\" \/>\n<meta name=\"twitter:label1\" content=\"\u00c9crit par\" \/>\n\t<meta name=\"twitter:data1\" content=\"Jean-Baptiste FELDMANN\" \/>\n\t<meta name=\"twitter:label2\" content=\"Dur\u00e9e de lecture estim\u00e9e\" \/>\n\t<meta name=\"twitter:data2\" content=\"2 minutes\" \/>\n<script type=\"application\/ld+json\" class=\"yoast-schema-graph\">{\"@context\":\"https:\/\/schema.org\",\"@graph\":[{\"@type\":\"WebPage\",\"@id\":\"https:\/\/blogs.futura-sciences.com\/feldmann\/2016\/12\/21\/c2011-w3-lovejoy-letonnante-comete-de-decembre-2011\/\",\"url\":\"https:\/\/blogs.futura-sciences.com\/feldmann\/2016\/12\/21\/c2011-w3-lovejoy-letonnante-comete-de-decembre-2011\/\",\"name\":\"C\/2011 W3 Lovejoy, l'\u00e9tonnante com\u00e8te de d\u00e9cembre 2011\",\"isPartOf\":{\"@id\":\"https:\/\/blogs.futura-sciences.com\/feldmann\/#website\"},\"primaryImageOfPage\":{\"@id\":\"https:\/\/blogs.futura-sciences.com\/feldmann\/2016\/12\/21\/c2011-w3-lovejoy-letonnante-comete-de-decembre-2011\/#primaryimage\"},\"image\":{\"@id\":\"https:\/\/blogs.futura-sciences.com\/feldmann\/2016\/12\/21\/c2011-w3-lovejoy-letonnante-comete-de-decembre-2011\/#primaryimage\"},\"thumbnailUrl\":\"https:\/\/blogs.futura-sciences.com\/feldmann\/wp-content\/uploads\/sites\/9\/2015\/12\/eso1.jpg\",\"datePublished\":\"2016-12-21T05:48:08+00:00\",\"dateModified\":\"2019-02-02T17:00:56+00:00\",\"author\":{\"@id\":\"https:\/\/blogs.futura-sciences.com\/feldmann\/#\/schema\/person\/62b391b709c307783237b759b62731ea\"},\"description\":\"Parmi les com\u00e8tes qui ont marqu\u00e9 les esprits ces vingt derni\u00e8res ann\u00e9es, C\/2011 W3 Lovejoy est la plus \u00e9tonnante. Retour sur son passage en d\u00e9cembre 2011.\",\"inLanguage\":\"fr-FR\",\"potentialAction\":[{\"@type\":\"ReadAction\",\"target\":[\"https:\/\/blogs.futura-sciences.com\/feldmann\/2016\/12\/21\/c2011-w3-lovejoy-letonnante-comete-de-decembre-2011\/\"]}]},{\"@type\":\"ImageObject\",\"inLanguage\":\"fr-FR\",\"@id\":\"https:\/\/blogs.futura-sciences.com\/feldmann\/2016\/12\/21\/c2011-w3-lovejoy-letonnante-comete-de-decembre-2011\/#primaryimage\",\"url\":\"https:\/\/blogs.futura-sciences.com\/feldmann\/wp-content\/uploads\/sites\/9\/2015\/12\/eso1.jpg\",\"contentUrl\":\"https:\/\/blogs.futura-sciences.com\/feldmann\/wp-content\/uploads\/sites\/9\/2015\/12\/eso1.jpg\",\"width\":1280,\"height\":768},{\"@type\":\"WebSite\",\"@id\":\"https:\/\/blogs.futura-sciences.com\/feldmann\/#website\",\"url\":\"https:\/\/blogs.futura-sciences.com\/feldmann\/\",\"name\":\"CIELMANIA : le blog de Jean-Baptiste FELDMANN, photographe du ciel\",\"description\":\"&quot;J&#039;ai en moi un besoin terrible. Dirais-je le mot? La religion. Alors, je sors la nuit et je peins des \u00e9toiles.&quot;  Vincent van Gogh\",\"potentialAction\":[{\"@type\":\"SearchAction\",\"target\":{\"@type\":\"EntryPoint\",\"urlTemplate\":\"https:\/\/blogs.futura-sciences.com\/feldmann\/?s={search_term_string}\"},\"query-input\":{\"@type\":\"PropertyValueSpecification\",\"valueRequired\":true,\"valueName\":\"search_term_string\"}}],\"inLanguage\":\"fr-FR\"},{\"@type\":\"Person\",\"@id\":\"https:\/\/blogs.futura-sciences.com\/feldmann\/#\/schema\/person\/62b391b709c307783237b759b62731ea\",\"name\":\"Jean-Baptiste FELDMANN\",\"image\":{\"@type\":\"ImageObject\",\"inLanguage\":\"fr-FR\",\"@id\":\"https:\/\/blogs.futura-sciences.com\/feldmann\/#\/schema\/person\/image\/\",\"url\":\"https:\/\/secure.gravatar.com\/avatar\/41f96607fde7a81a14570eec74177c42?s=96&d=mm&r=g\",\"contentUrl\":\"https:\/\/secure.gravatar.com\/avatar\/41f96607fde7a81a14570eec74177c42?s=96&d=mm&r=g\",\"caption\":\"Jean-Baptiste FELDMANN\"},\"url\":\"https:\/\/blogs.futura-sciences.com\/feldmann\/author\/jbfe\/\"}]}<\/script>\n<!-- \/ Yoast SEO plugin. -->","yoast_head_json":{"title":"C\/2011 W3 Lovejoy, l'\u00e9tonnante com\u00e8te de d\u00e9cembre 2011","description":"Parmi les com\u00e8tes qui ont marqu\u00e9 les esprits ces vingt derni\u00e8res ann\u00e9es, C\/2011 W3 Lovejoy est la plus \u00e9tonnante. Retour sur son passage en d\u00e9cembre 2011.","robots":{"index":"index","follow":"follow","max-snippet":"max-snippet:-1","max-image-preview":"max-image-preview:large","max-video-preview":"max-video-preview:-1"},"canonical":"https:\/\/blogs.futura-sciences.com\/feldmann\/2016\/12\/21\/c2011-w3-lovejoy-letonnante-comete-de-decembre-2011\/","og_locale":"fr_FR","og_type":"article","og_title":"C\/2011 W3 Lovejoy, l'\u00e9tonnante com\u00e8te de d\u00e9cembre 2011","og_description":"Parmi les com\u00e8tes qui ont marqu\u00e9 les esprits ces vingt derni\u00e8res ann\u00e9es, C\/2011 W3 Lovejoy est la plus \u00e9tonnante. Retour sur son passage en d\u00e9cembre 2011.","og_url":"https:\/\/blogs.futura-sciences.com\/feldmann\/2016\/12\/21\/c2011-w3-lovejoy-letonnante-comete-de-decembre-2011\/","og_site_name":"CIELMANIA : le blog de Jean-Baptiste FELDMANN, photographe du ciel","article_published_time":"2016-12-21T05:48:08+00:00","article_modified_time":"2019-02-02T17:00:56+00:00","og_image":[{"width":1280,"height":768,"url":"https:\/\/blogs.futura-sciences.com\/feldmann\/wp-content\/uploads\/sites\/9\/2015\/12\/eso1.jpg","type":"image\/jpeg"}],"author":"Jean-Baptiste FELDMANN","twitter_card":"summary_large_image","twitter_misc":{"\u00c9crit par":"Jean-Baptiste FELDMANN","Dur\u00e9e de lecture estim\u00e9e":"2 minutes"},"schema":{"@context":"https:\/\/schema.org","@graph":[{"@type":"WebPage","@id":"https:\/\/blogs.futura-sciences.com\/feldmann\/2016\/12\/21\/c2011-w3-lovejoy-letonnante-comete-de-decembre-2011\/","url":"https:\/\/blogs.futura-sciences.com\/feldmann\/2016\/12\/21\/c2011-w3-lovejoy-letonnante-comete-de-decembre-2011\/","name":"C\/2011 W3 Lovejoy, l'\u00e9tonnante com\u00e8te de d\u00e9cembre 2011","isPartOf":{"@id":"https:\/\/blogs.futura-sciences.com\/feldmann\/#website"},"primaryImageOfPage":{"@id":"https:\/\/blogs.futura-sciences.com\/feldmann\/2016\/12\/21\/c2011-w3-lovejoy-letonnante-comete-de-decembre-2011\/#primaryimage"},"image":{"@id":"https:\/\/blogs.futura-sciences.com\/feldmann\/2016\/12\/21\/c2011-w3-lovejoy-letonnante-comete-de-decembre-2011\/#primaryimage"},"thumbnailUrl":"https:\/\/blogs.futura-sciences.com\/feldmann\/wp-content\/uploads\/sites\/9\/2015\/12\/eso1.jpg","datePublished":"2016-12-21T05:48:08+00:00","dateModified":"2019-02-02T17:00:56+00:00","author":{"@id":"https:\/\/blogs.futura-sciences.com\/feldmann\/#\/schema\/person\/62b391b709c307783237b759b62731ea"},"description":"Parmi les com\u00e8tes qui ont marqu\u00e9 les esprits ces vingt derni\u00e8res ann\u00e9es, C\/2011 W3 Lovejoy est la plus \u00e9tonnante. Retour sur son passage en d\u00e9cembre 2011.","inLanguage":"fr-FR","potentialAction":[{"@type":"ReadAction","target":["https:\/\/blogs.futura-sciences.com\/feldmann\/2016\/12\/21\/c2011-w3-lovejoy-letonnante-comete-de-decembre-2011\/"]}]},{"@type":"ImageObject","inLanguage":"fr-FR","@id":"https:\/\/blogs.futura-sciences.com\/feldmann\/2016\/12\/21\/c2011-w3-lovejoy-letonnante-comete-de-decembre-2011\/#primaryimage","url":"https:\/\/blogs.futura-sciences.com\/feldmann\/wp-content\/uploads\/sites\/9\/2015\/12\/eso1.jpg","contentUrl":"https:\/\/blogs.futura-sciences.com\/feldmann\/wp-content\/uploads\/sites\/9\/2015\/12\/eso1.jpg","width":1280,"height":768},{"@type":"WebSite","@id":"https:\/\/blogs.futura-sciences.com\/feldmann\/#website","url":"https:\/\/blogs.futura-sciences.com\/feldmann\/","name":"CIELMANIA : le blog de Jean-Baptiste FELDMANN, photographe du ciel","description":"&quot;J&#039;ai en moi un besoin terrible. Dirais-je le mot? La religion. Alors, je sors la nuit et je peins des \u00e9toiles.&quot;  Vincent van Gogh","potentialAction":[{"@type":"SearchAction","target":{"@type":"EntryPoint","urlTemplate":"https:\/\/blogs.futura-sciences.com\/feldmann\/?s={search_term_string}"},"query-input":{"@type":"PropertyValueSpecification","valueRequired":true,"valueName":"search_term_string"}}],"inLanguage":"fr-FR"},{"@type":"Person","@id":"https:\/\/blogs.futura-sciences.com\/feldmann\/#\/schema\/person\/62b391b709c307783237b759b62731ea","name":"Jean-Baptiste FELDMANN","image":{"@type":"ImageObject","inLanguage":"fr-FR","@id":"https:\/\/blogs.futura-sciences.com\/feldmann\/#\/schema\/person\/image\/","url":"https:\/\/secure.gravatar.com\/avatar\/41f96607fde7a81a14570eec74177c42?s=96&d=mm&r=g","contentUrl":"https:\/\/secure.gravatar.com\/avatar\/41f96607fde7a81a14570eec74177c42?s=96&d=mm&r=g","caption":"Jean-Baptiste FELDMANN"},"url":"https:\/\/blogs.futura-sciences.com\/feldmann\/author\/jbfe\/"}]}},"_links":{"self":[{"href":"https:\/\/blogs.futura-sciences.com\/feldmann\/wp-json\/wp\/v2\/posts\/4403","targetHints":{"allow":["GET"]}}],"collection":[{"href":"https:\/\/blogs.futura-sciences.com\/feldmann\/wp-json\/wp\/v2\/posts"}],"about":[{"href":"https:\/\/blogs.futura-sciences.com\/feldmann\/wp-json\/wp\/v2\/types\/post"}],"author":[{"embeddable":true,"href":"https:\/\/blogs.futura-sciences.com\/feldmann\/wp-json\/wp\/v2\/users\/8"}],"replies":[{"embeddable":true,"href":"https:\/\/blogs.futura-sciences.com\/feldmann\/wp-json\/wp\/v2\/comments?post=4403"}],"version-history":[{"count":9,"href":"https:\/\/blogs.futura-sciences.com\/feldmann\/wp-json\/wp\/v2\/posts\/4403\/revisions"}],"predecessor-version":[{"id":20229,"href":"https:\/\/blogs.futura-sciences.com\/feldmann\/wp-json\/wp\/v2\/posts\/4403\/revisions\/20229"}],"wp:featuredmedia":[{"embeddable":true,"href":"https:\/\/blogs.futura-sciences.com\/feldmann\/wp-json\/wp\/v2\/media\/4405"}],"wp:attachment":[{"href":"https:\/\/blogs.futura-sciences.com\/feldmann\/wp-json\/wp\/v2\/media?parent=4403"}],"wp:term":[{"taxonomy":"category","embeddable":true,"href":"https:\/\/blogs.futura-sciences.com\/feldmann\/wp-json\/wp\/v2\/categories?post=4403"},{"taxonomy":"post_tag","embeddable":true,"href":"https:\/\/blogs.futura-sciences.com\/feldmann\/wp-json\/wp\/v2\/tags?post=4403"}],"curies":[{"name":"wp","href":"https:\/\/api.w.org\/{rel}","templated":true}]}}