{"id":4380,"date":"2015-12-04T05:42:45","date_gmt":"2015-12-04T05:42:45","guid":{"rendered":"https:\/\/blogs.futura-sciences.com\/feldmann\/?p=4380"},"modified":"2015-12-11T05:45:35","modified_gmt":"2015-12-11T05:45:35","slug":"c-2013-us10-catalina-une-jolie-comete-de-fin-dannee","status":"publish","type":"post","link":"https:\/\/blogs.futura-sciences.com\/feldmann\/2015\/12\/04\/c-2013-us10-catalina-une-jolie-comete-de-fin-dannee\/","title":{"rendered":"C \/ 2013 US10 Catalina, une jolie com\u00e8te de fin d&#8217;ann\u00e9e"},"content":{"rendered":"<p><strong>Apr\u00e8s son passage au plus pr\u00e8s du Soleil le 15 novembre, la com\u00e8te C \/ 2013 US10 Catalina est d\u00e9sormais observable depuis l&#8217;h\u00e9misph\u00e8re nord.<\/strong><\/p>\n<p>Une com\u00e8te pour les f\u00eates de No\u00ebl, voil\u00e0 un joli cadeau pour les astronomes ! Celle que tout le monde surveille dans le ciel en fin de nuit s&#8217;appelle C \/ 2013 US10 Catalina : elle a \u00e9t\u00e9 d\u00e9couverte le 31 octobre 2013 \u00e0 la magnitude 19 par un t\u00e9lescope automatis\u00e9 de 68 cm de diam\u00e8tre dans le cadre du <a href=\"http:\/\/www.lpl.arizona.edu\/css\/\" target=\"_blank\"><em>Catalina Sky Survey <\/em><\/a>et son \u00e9clat a r\u00e9guli\u00e8rement augment\u00e9 depuis.<\/p>\n\n<!-- iframe plugin v.5.1 wordpress.org\/plugins\/iframe\/ -->\n<iframe loading=\"lazy\" width=\"560\" height=\"315\" src=\"https:\/\/www.youtube.com\/embed\/jqGtUfauKAM\" frameborder=\"0\" 0=\"allowfullscreen\" scrolling=\"yes\" class=\"iframe-class\"><\/iframe>\n\n<p style=\"text-align: center\"><strong>En vid\u00e9o : Hedgehog, le robot explorateur de com\u00e8tes<\/strong><\/p>\n<p>Jusqu&#8217;\u00e0 pr\u00e9sent elle n&#8217;\u00e9tait visible que depuis l&#8217;h\u00e9misph\u00e8re sud mais la situation a chang\u00e9 depuis que la com\u00e8te a coup\u00e9 le plan de l&#8217;\u00e9cliptique le 15 novembre dernier. Elle circule d\u00e9sormais dans les constellations bor\u00e9ales comme nous le montre la carte du magazine <a href=\"http:\/\/www.skyandtelescope.com\/observing\/comet-catalina-sails-into-northern-skies111120151111\/\" target=\"_blank\"><em>Sky and Telescope<\/em><\/a>.<\/p>\n<p><a href=\"https:\/\/blogs.futura-sciences.com\/feldmann\/wp-content\/uploads\/sites\/9\/2015\/11\/carte_catalina.jpg\" rel=\"lightbox[4380]\"><img loading=\"lazy\" decoding=\"async\" class=\"alignnone size-medium wp-image-4382\" src=\"https:\/\/blogs.futura-sciences.com\/feldmann\/wp-content\/uploads\/sites\/9\/2015\/11\/carte_catalina-424x450.jpg\" alt=\"carte_catalina\" width=\"424\" height=\"450\" srcset=\"https:\/\/blogs.futura-sciences.com\/feldmann\/wp-content\/uploads\/sites\/9\/2015\/11\/carte_catalina-424x450.jpg 424w, https:\/\/blogs.futura-sciences.com\/feldmann\/wp-content\/uploads\/sites\/9\/2015\/11\/carte_catalina.jpg 585w\" sizes=\"auto, (max-width: 424px) 100vw, 424px\" \/><\/a><\/p>\n<p>Actuellement aux alentours de magnitude 6, la com\u00e8te\u00a0C \/ 2013 US10 Catalina pourrait devenir un peu plus brillante dans les jours qui viennent mais il vaudra mieux la suivre avec une paire de jumelles ou une petite <a href=\"https:\/\/blogs.futura-sciences.com\/feldmann\/2015\/05\/05\/bien-choisir-sa-premiere-lunette-astronomique\/\" target=\"_blank\">lunette astronomique<\/a>. Elle sera\u00a0\u00a0peut-\u00eatre accessible \u00e0 l\u2019\u0153il nu pour les observateurs disposant d&#8217;un ciel exempt de toute <a href=\"https:\/\/blogs.futura-sciences.com\/feldmann\/2014\/06\/28\/pollution-lumineuse\/\" target=\"_blank\">pollution lumineuse<\/a>.<\/p>\n<p><a href=\"https:\/\/blogs.futura-sciences.com\/feldmann\/wp-content\/uploads\/sites\/9\/2015\/12\/cannat1.jpg\" rel=\"lightbox[4380]\"><img loading=\"lazy\" decoding=\"async\" class=\"alignnone size-medium wp-image-4412\" src=\"https:\/\/blogs.futura-sciences.com\/feldmann\/wp-content\/uploads\/sites\/9\/2015\/12\/cannat1-450x448.jpg\" alt=\"cannat\" width=\"450\" height=\"448\" srcset=\"https:\/\/blogs.futura-sciences.com\/feldmann\/wp-content\/uploads\/sites\/9\/2015\/12\/cannat1-450x448.jpg 450w, https:\/\/blogs.futura-sciences.com\/feldmann\/wp-content\/uploads\/sites\/9\/2015\/12\/cannat1-150x150.jpg 150w, https:\/\/blogs.futura-sciences.com\/feldmann\/wp-content\/uploads\/sites\/9\/2015\/12\/cannat1.jpg 497w\" sizes=\"auto, (max-width: 450px) 100vw, 450px\" \/><\/a><\/p>\n<p><!--more-->Les 7 d\u00e9cembre la com\u00e8te\u00a0C \/ 2013 US10 Catalina passera \u00e0 5\u00b0 apparents de V\u00e9nus, la <a href=\"https:\/\/blogs.futura-sciences.com\/feldmann\/2015\/10\/12\/9-octobre-trois-planetes-accompagnent-la-vieille-lune\/\" target=\"_blank\">vieille Lune<\/a> accompagn\u00e9e de <a href=\"https:\/\/blogs.futura-sciences.com\/feldmann\/2015\/09\/17\/en-video-un-saisissant-coucher-de-lumiere-cendree\/\" target=\"_blank\">lumi\u00e8re cendr\u00e9e<\/a> se trouvant \u00e0 proximit\u00e9 : l&#8217;occasion de r\u00e9aliser de belles images si la m\u00e9t\u00e9o est cl\u00e9mente (voir ci-dessus le sch\u00e9ma propos\u00e9 par <a href=\"http:\/\/autourduciel.blog.lemonde.fr\/2015\/12\/01\/les-plus-beaux-rendez-vous-astronomiques-en-decembre\/\" target=\"_blank\">Guillaume Cannat<\/a>). Le 1er janvier 2016 la com\u00e8te passera \u00e0 0,5\u00b0 apparent d&#8217;Arcturus, l&#8217;\u00e9toile la plus brillante de la constellation du Bouvier.<\/p>\n<p><a href=\"https:\/\/blogs.futura-sciences.com\/feldmann\/wp-content\/uploads\/sites\/9\/2015\/12\/comet.jpg\" rel=\"lightbox[4380]\"><img loading=\"lazy\" decoding=\"async\" class=\"alignnone size-medium wp-image-4414\" src=\"https:\/\/blogs.futura-sciences.com\/feldmann\/wp-content\/uploads\/sites\/9\/2015\/12\/comet-450x251.jpg\" alt=\"comet\" width=\"450\" height=\"251\" srcset=\"https:\/\/blogs.futura-sciences.com\/feldmann\/wp-content\/uploads\/sites\/9\/2015\/12\/comet-450x251.jpg 450w, https:\/\/blogs.futura-sciences.com\/feldmann\/wp-content\/uploads\/sites\/9\/2015\/12\/comet-1024x571.jpg 1024w, https:\/\/blogs.futura-sciences.com\/feldmann\/wp-content\/uploads\/sites\/9\/2015\/12\/comet-1038x576.jpg 1038w, https:\/\/blogs.futura-sciences.com\/feldmann\/wp-content\/uploads\/sites\/9\/2015\/12\/comet.jpg 1098w\" sizes=\"auto, (max-width: 450px) 100vw, 450px\" \/><\/a><\/p>\n<p>Sur l&#8217;image ci-dessus r\u00e9alis\u00e9e le 2 d\u00e9cembre par <a href=\"https:\/\/www.flickr.com\/photos\/fhhemmerich\/23365590472\/\" target=\"_blank\">Fritz Helmut Hemmerich<\/a> \u00e0 1800 m d&#8217;altitude depuis l&#8217;\u00eele de Tenerife, on remarque l&#8217;\u00e9tonnante orientation des deux queues,\u00a0celle de gaz en bas \u00e0 droite et celle de poussi\u00e8re.\u00a0La premi\u00e8re, la plus t\u00e9nue, est repouss\u00e9e \u00e0 l&#8217;oppos\u00e9 du Soleil par le vent solaire et la pression de radiation. La seconde est compos\u00e9e de grains abandonn\u00e9s par la com\u00e8te le long de son orbite. Plus massifs, ces grains sont peu sensibles \u00e0\u00a0la pression de radiation solaire.<\/p>\n<p>Le 12 janvier 2016 la com\u00e8te sera \u00e0 sa plus courte distance de la Terre (107,7 millions de km).<\/p>\n<!-- AddThis Advanced Settings generic via filter on the_content --><!-- AddThis Share Buttons generic via filter on the_content -->","protected":false},"excerpt":{"rendered":"<p>Apr\u00e8s son passage au plus pr\u00e8s du Soleil le 15 novembre, la com\u00e8te C \/ 2013 US10 Catalina est d\u00e9sormais observable depuis l&#8217;h\u00e9misph\u00e8re nord. Une com\u00e8te pour les f\u00eates de No\u00ebl, voil\u00e0 un joli cadeau pour les astronomes ! Celle que tout le monde surveille dans le ciel en fin de nuit s&#8217;appelle C \/ &hellip; <a href=\"https:\/\/blogs.futura-sciences.com\/feldmann\/2015\/12\/04\/c-2013-us10-catalina-une-jolie-comete-de-fin-dannee\/\" class=\"more-link\">Continuer la lecture de <span class=\"screen-reader-text\">C \/ 2013 US10 Catalina, une jolie com\u00e8te de fin d&#8217;ann\u00e9e<\/span>  <span class=\"meta-nav\">&rarr;<\/span><\/a><!-- AddThis Advanced Settings generic via filter on get_the_excerpt --><!-- AddThis Share Buttons generic via filter on get_the_excerpt --><\/p>\n","protected":false},"author":8,"featured_media":4415,"comment_status":"open","ping_status":"open","sticky":false,"template":"","format":"standard","meta":{"footnotes":"","_links_to":"","_links_to_target":""},"categories":[84],"tags":[1384,1267,727,1390,159,1032],"class_list":["post-4380","post","type-post","status-publish","format-standard","has-post-thumbnail","hentry","category-ciel-etoile","tag-arcturus","tag-comete-c2013-us10-catalina","tag-constellation-du-bouvier","tag-fritz-helmut-hemmerich","tag-venus","tag-vieille-lune"],"yoast_head":"<!-- This site is optimized with the Yoast SEO plugin v24.1 - https:\/\/yoast.com\/wordpress\/plugins\/seo\/ -->\n<title>C \/ 2013 US10 Catalina, une jolie com\u00e8te de fin d&#039;ann\u00e9e<\/title>\n<meta name=\"description\" content=\"Apr\u00e8s son passage au plus pr\u00e8s du Soleil le 15 novembre, la com\u00e8te C \/ 2013 US10 Catalina est d\u00e9sormais observable depuis l&#039;h\u00e9misph\u00e8re nord.\" \/>\n<meta name=\"robots\" content=\"index, follow, max-snippet:-1, max-image-preview:large, max-video-preview:-1\" \/>\n<link rel=\"canonical\" href=\"https:\/\/blogs.futura-sciences.com\/feldmann\/2015\/12\/04\/c-2013-us10-catalina-une-jolie-comete-de-fin-dannee\/\" \/>\n<meta property=\"og:locale\" content=\"fr_FR\" \/>\n<meta property=\"og:type\" content=\"article\" \/>\n<meta property=\"og:title\" content=\"C \/ 2013 US10 Catalina, une jolie com\u00e8te de fin d&#039;ann\u00e9e\" \/>\n<meta property=\"og:description\" content=\"Apr\u00e8s son passage au plus pr\u00e8s du Soleil le 15 novembre, la com\u00e8te C \/ 2013 US10 Catalina est d\u00e9sormais observable depuis l&#039;h\u00e9misph\u00e8re nord.\" \/>\n<meta property=\"og:url\" content=\"https:\/\/blogs.futura-sciences.com\/feldmann\/2015\/12\/04\/c-2013-us10-catalina-une-jolie-comete-de-fin-dannee\/\" \/>\n<meta property=\"og:site_name\" content=\"CIELMANIA : le blog de Jean-Baptiste FELDMANN, photographe du ciel\" \/>\n<meta property=\"article:published_time\" content=\"2015-12-04T05:42:45+00:00\" \/>\n<meta property=\"article:modified_time\" content=\"2015-12-11T05:45:35+00:00\" \/>\n<meta property=\"og:image\" content=\"https:\/\/blogs.futura-sciences.com\/feldmann\/wp-content\/uploads\/sites\/9\/2015\/12\/comet2.jpg\" \/>\n\t<meta property=\"og:image:width\" content=\"961\" \/>\n\t<meta property=\"og:image:height\" content=\"603\" \/>\n\t<meta property=\"og:image:type\" content=\"image\/jpeg\" \/>\n<meta name=\"author\" content=\"Jean-Baptiste FELDMANN\" \/>\n<meta name=\"twitter:card\" content=\"summary_large_image\" \/>\n<meta name=\"twitter:label1\" content=\"\u00c9crit par\" \/>\n\t<meta name=\"twitter:data1\" content=\"Jean-Baptiste FELDMANN\" \/>\n\t<meta name=\"twitter:label2\" content=\"Dur\u00e9e de lecture estim\u00e9e\" \/>\n\t<meta name=\"twitter:data2\" content=\"2 minutes\" \/>\n<script type=\"application\/ld+json\" class=\"yoast-schema-graph\">{\"@context\":\"https:\/\/schema.org\",\"@graph\":[{\"@type\":\"WebPage\",\"@id\":\"https:\/\/blogs.futura-sciences.com\/feldmann\/2015\/12\/04\/c-2013-us10-catalina-une-jolie-comete-de-fin-dannee\/\",\"url\":\"https:\/\/blogs.futura-sciences.com\/feldmann\/2015\/12\/04\/c-2013-us10-catalina-une-jolie-comete-de-fin-dannee\/\",\"name\":\"C \/ 2013 US10 Catalina, une jolie com\u00e8te de fin d'ann\u00e9e\",\"isPartOf\":{\"@id\":\"https:\/\/blogs.futura-sciences.com\/feldmann\/#website\"},\"primaryImageOfPage\":{\"@id\":\"https:\/\/blogs.futura-sciences.com\/feldmann\/2015\/12\/04\/c-2013-us10-catalina-une-jolie-comete-de-fin-dannee\/#primaryimage\"},\"image\":{\"@id\":\"https:\/\/blogs.futura-sciences.com\/feldmann\/2015\/12\/04\/c-2013-us10-catalina-une-jolie-comete-de-fin-dannee\/#primaryimage\"},\"thumbnailUrl\":\"https:\/\/blogs.futura-sciences.com\/feldmann\/wp-content\/uploads\/sites\/9\/2015\/12\/comet2.jpg\",\"datePublished\":\"2015-12-04T05:42:45+00:00\",\"dateModified\":\"2015-12-11T05:45:35+00:00\",\"author\":{\"@id\":\"https:\/\/blogs.futura-sciences.com\/feldmann\/#\/schema\/person\/62b391b709c307783237b759b62731ea\"},\"description\":\"Apr\u00e8s son passage au plus pr\u00e8s du Soleil le 15 novembre, la com\u00e8te C \/ 2013 US10 Catalina est d\u00e9sormais observable depuis l'h\u00e9misph\u00e8re nord.\",\"inLanguage\":\"fr-FR\",\"potentialAction\":[{\"@type\":\"ReadAction\",\"target\":[\"https:\/\/blogs.futura-sciences.com\/feldmann\/2015\/12\/04\/c-2013-us10-catalina-une-jolie-comete-de-fin-dannee\/\"]}]},{\"@type\":\"ImageObject\",\"inLanguage\":\"fr-FR\",\"@id\":\"https:\/\/blogs.futura-sciences.com\/feldmann\/2015\/12\/04\/c-2013-us10-catalina-une-jolie-comete-de-fin-dannee\/#primaryimage\",\"url\":\"https:\/\/blogs.futura-sciences.com\/feldmann\/wp-content\/uploads\/sites\/9\/2015\/12\/comet2.jpg\",\"contentUrl\":\"https:\/\/blogs.futura-sciences.com\/feldmann\/wp-content\/uploads\/sites\/9\/2015\/12\/comet2.jpg\",\"width\":961,\"height\":603},{\"@type\":\"WebSite\",\"@id\":\"https:\/\/blogs.futura-sciences.com\/feldmann\/#website\",\"url\":\"https:\/\/blogs.futura-sciences.com\/feldmann\/\",\"name\":\"CIELMANIA : le blog de Jean-Baptiste FELDMANN, photographe du ciel\",\"description\":\"&quot;J&#039;ai en moi un besoin terrible. Dirais-je le mot? La religion. Alors, je sors la nuit et je peins des \u00e9toiles.&quot;  Vincent van Gogh\",\"potentialAction\":[{\"@type\":\"SearchAction\",\"target\":{\"@type\":\"EntryPoint\",\"urlTemplate\":\"https:\/\/blogs.futura-sciences.com\/feldmann\/?s={search_term_string}\"},\"query-input\":{\"@type\":\"PropertyValueSpecification\",\"valueRequired\":true,\"valueName\":\"search_term_string\"}}],\"inLanguage\":\"fr-FR\"},{\"@type\":\"Person\",\"@id\":\"https:\/\/blogs.futura-sciences.com\/feldmann\/#\/schema\/person\/62b391b709c307783237b759b62731ea\",\"name\":\"Jean-Baptiste FELDMANN\",\"image\":{\"@type\":\"ImageObject\",\"inLanguage\":\"fr-FR\",\"@id\":\"https:\/\/blogs.futura-sciences.com\/feldmann\/#\/schema\/person\/image\/\",\"url\":\"https:\/\/secure.gravatar.com\/avatar\/41f96607fde7a81a14570eec74177c42?s=96&d=mm&r=g\",\"contentUrl\":\"https:\/\/secure.gravatar.com\/avatar\/41f96607fde7a81a14570eec74177c42?s=96&d=mm&r=g\",\"caption\":\"Jean-Baptiste FELDMANN\"},\"url\":\"https:\/\/blogs.futura-sciences.com\/feldmann\/author\/jbfe\/\"}]}<\/script>\n<!-- \/ Yoast SEO plugin. -->","yoast_head_json":{"title":"C \/ 2013 US10 Catalina, une jolie com\u00e8te de fin d'ann\u00e9e","description":"Apr\u00e8s son passage au plus pr\u00e8s du Soleil le 15 novembre, la com\u00e8te C \/ 2013 US10 Catalina est d\u00e9sormais observable depuis l'h\u00e9misph\u00e8re nord.","robots":{"index":"index","follow":"follow","max-snippet":"max-snippet:-1","max-image-preview":"max-image-preview:large","max-video-preview":"max-video-preview:-1"},"canonical":"https:\/\/blogs.futura-sciences.com\/feldmann\/2015\/12\/04\/c-2013-us10-catalina-une-jolie-comete-de-fin-dannee\/","og_locale":"fr_FR","og_type":"article","og_title":"C \/ 2013 US10 Catalina, une jolie com\u00e8te de fin d'ann\u00e9e","og_description":"Apr\u00e8s son passage au plus pr\u00e8s du Soleil le 15 novembre, la com\u00e8te C \/ 2013 US10 Catalina est d\u00e9sormais observable depuis l'h\u00e9misph\u00e8re nord.","og_url":"https:\/\/blogs.futura-sciences.com\/feldmann\/2015\/12\/04\/c-2013-us10-catalina-une-jolie-comete-de-fin-dannee\/","og_site_name":"CIELMANIA : le blog de Jean-Baptiste FELDMANN, photographe du ciel","article_published_time":"2015-12-04T05:42:45+00:00","article_modified_time":"2015-12-11T05:45:35+00:00","og_image":[{"width":961,"height":603,"url":"https:\/\/blogs.futura-sciences.com\/feldmann\/wp-content\/uploads\/sites\/9\/2015\/12\/comet2.jpg","type":"image\/jpeg"}],"author":"Jean-Baptiste FELDMANN","twitter_card":"summary_large_image","twitter_misc":{"\u00c9crit par":"Jean-Baptiste FELDMANN","Dur\u00e9e de lecture estim\u00e9e":"2 minutes"},"schema":{"@context":"https:\/\/schema.org","@graph":[{"@type":"WebPage","@id":"https:\/\/blogs.futura-sciences.com\/feldmann\/2015\/12\/04\/c-2013-us10-catalina-une-jolie-comete-de-fin-dannee\/","url":"https:\/\/blogs.futura-sciences.com\/feldmann\/2015\/12\/04\/c-2013-us10-catalina-une-jolie-comete-de-fin-dannee\/","name":"C \/ 2013 US10 Catalina, une jolie com\u00e8te de fin d'ann\u00e9e","isPartOf":{"@id":"https:\/\/blogs.futura-sciences.com\/feldmann\/#website"},"primaryImageOfPage":{"@id":"https:\/\/blogs.futura-sciences.com\/feldmann\/2015\/12\/04\/c-2013-us10-catalina-une-jolie-comete-de-fin-dannee\/#primaryimage"},"image":{"@id":"https:\/\/blogs.futura-sciences.com\/feldmann\/2015\/12\/04\/c-2013-us10-catalina-une-jolie-comete-de-fin-dannee\/#primaryimage"},"thumbnailUrl":"https:\/\/blogs.futura-sciences.com\/feldmann\/wp-content\/uploads\/sites\/9\/2015\/12\/comet2.jpg","datePublished":"2015-12-04T05:42:45+00:00","dateModified":"2015-12-11T05:45:35+00:00","author":{"@id":"https:\/\/blogs.futura-sciences.com\/feldmann\/#\/schema\/person\/62b391b709c307783237b759b62731ea"},"description":"Apr\u00e8s son passage au plus pr\u00e8s du Soleil le 15 novembre, la com\u00e8te C \/ 2013 US10 Catalina est d\u00e9sormais observable depuis l'h\u00e9misph\u00e8re nord.","inLanguage":"fr-FR","potentialAction":[{"@type":"ReadAction","target":["https:\/\/blogs.futura-sciences.com\/feldmann\/2015\/12\/04\/c-2013-us10-catalina-une-jolie-comete-de-fin-dannee\/"]}]},{"@type":"ImageObject","inLanguage":"fr-FR","@id":"https:\/\/blogs.futura-sciences.com\/feldmann\/2015\/12\/04\/c-2013-us10-catalina-une-jolie-comete-de-fin-dannee\/#primaryimage","url":"https:\/\/blogs.futura-sciences.com\/feldmann\/wp-content\/uploads\/sites\/9\/2015\/12\/comet2.jpg","contentUrl":"https:\/\/blogs.futura-sciences.com\/feldmann\/wp-content\/uploads\/sites\/9\/2015\/12\/comet2.jpg","width":961,"height":603},{"@type":"WebSite","@id":"https:\/\/blogs.futura-sciences.com\/feldmann\/#website","url":"https:\/\/blogs.futura-sciences.com\/feldmann\/","name":"CIELMANIA : le blog de Jean-Baptiste FELDMANN, photographe du ciel","description":"&quot;J&#039;ai en moi un besoin terrible. Dirais-je le mot? La religion. Alors, je sors la nuit et je peins des \u00e9toiles.&quot;  Vincent van Gogh","potentialAction":[{"@type":"SearchAction","target":{"@type":"EntryPoint","urlTemplate":"https:\/\/blogs.futura-sciences.com\/feldmann\/?s={search_term_string}"},"query-input":{"@type":"PropertyValueSpecification","valueRequired":true,"valueName":"search_term_string"}}],"inLanguage":"fr-FR"},{"@type":"Person","@id":"https:\/\/blogs.futura-sciences.com\/feldmann\/#\/schema\/person\/62b391b709c307783237b759b62731ea","name":"Jean-Baptiste FELDMANN","image":{"@type":"ImageObject","inLanguage":"fr-FR","@id":"https:\/\/blogs.futura-sciences.com\/feldmann\/#\/schema\/person\/image\/","url":"https:\/\/secure.gravatar.com\/avatar\/41f96607fde7a81a14570eec74177c42?s=96&d=mm&r=g","contentUrl":"https:\/\/secure.gravatar.com\/avatar\/41f96607fde7a81a14570eec74177c42?s=96&d=mm&r=g","caption":"Jean-Baptiste FELDMANN"},"url":"https:\/\/blogs.futura-sciences.com\/feldmann\/author\/jbfe\/"}]}},"_links":{"self":[{"href":"https:\/\/blogs.futura-sciences.com\/feldmann\/wp-json\/wp\/v2\/posts\/4380","targetHints":{"allow":["GET"]}}],"collection":[{"href":"https:\/\/blogs.futura-sciences.com\/feldmann\/wp-json\/wp\/v2\/posts"}],"about":[{"href":"https:\/\/blogs.futura-sciences.com\/feldmann\/wp-json\/wp\/v2\/types\/post"}],"author":[{"embeddable":true,"href":"https:\/\/blogs.futura-sciences.com\/feldmann\/wp-json\/wp\/v2\/users\/8"}],"replies":[{"embeddable":true,"href":"https:\/\/blogs.futura-sciences.com\/feldmann\/wp-json\/wp\/v2\/comments?post=4380"}],"version-history":[{"count":7,"href":"https:\/\/blogs.futura-sciences.com\/feldmann\/wp-json\/wp\/v2\/posts\/4380\/revisions"}],"predecessor-version":[{"id":4416,"href":"https:\/\/blogs.futura-sciences.com\/feldmann\/wp-json\/wp\/v2\/posts\/4380\/revisions\/4416"}],"wp:featuredmedia":[{"embeddable":true,"href":"https:\/\/blogs.futura-sciences.com\/feldmann\/wp-json\/wp\/v2\/media\/4415"}],"wp:attachment":[{"href":"https:\/\/blogs.futura-sciences.com\/feldmann\/wp-json\/wp\/v2\/media?parent=4380"}],"wp:term":[{"taxonomy":"category","embeddable":true,"href":"https:\/\/blogs.futura-sciences.com\/feldmann\/wp-json\/wp\/v2\/categories?post=4380"},{"taxonomy":"post_tag","embeddable":true,"href":"https:\/\/blogs.futura-sciences.com\/feldmann\/wp-json\/wp\/v2\/tags?post=4380"}],"curies":[{"name":"wp","href":"https:\/\/api.w.org\/{rel}","templated":true}]}}