{"id":3972,"date":"2015-10-26T05:58:38","date_gmt":"2015-10-26T05:58:38","guid":{"rendered":"https:\/\/blogs.futura-sciences.com\/feldmann\/?p=3972"},"modified":"2015-10-29T05:56:53","modified_gmt":"2015-10-29T05:56:53","slug":"le-27-octobre-cest-la-derniere-super-lune-de-lannee","status":"publish","type":"post","link":"https:\/\/blogs.futura-sciences.com\/feldmann\/2015\/10\/26\/le-27-octobre-cest-la-derniere-super-lune-de-lannee\/","title":{"rendered":"Le 27 octobre, c&#8217;est la derni\u00e8re Super Lune de l&#8217;ann\u00e9e"},"content":{"rendered":"<p><strong>Troisi\u00e8me et derni\u00e8re Super Lune de l&#8217;ann\u00e9e, la Pleine Lune du 27 octobre illuminera le ciel \u00e0 quelques encablures de l&#8217;amas d&#8217;\u00e9toiles des Pl\u00e9iades.\u00a0<\/strong><\/p>\n<p>Lorsque le diam\u00e8tre apparent de la <a href=\"https:\/\/blogs.futura-sciences.com\/feldmann\/2015\/07\/10\/pleine-lune-le-2-juillet-derriere-le-temple-de-poseidon\/\" target=\"_blank\">Pleine Lune<\/a> d\u00e9passe 33 minutes d&#8217;arc, on parle de <a href=\"https:\/\/blogs.futura-sciences.com\/feldmann\/2014\/12\/01\/super-lune-les-rendez-jusquen-2020\/\" target=\"_blank\">Super Lune<\/a>. Cette ann\u00e9e il y en a 3 ! La premi\u00e8re a eu lieu le <a href=\"https:\/\/blogs.futura-sciences.com\/feldmann\/2015\/08\/31\/retour-sur-la-super-lune-du-29-aout\/\" target=\"_blank\">29 ao\u00fbt<\/a> :\u00a0S\u00e9l\u00e9n\u00e9 se trouvait alors \u00e0 358 674 km de la Terre, soit un diam\u00e8tre apparent de 33\u201919 et il s&#8217;agissait de la\u00a0Pleine Lune de l\u2019esturgeon (appel\u00e9e aussi Pleine Lune du ma\u00efs vert ou encore Pleine Lune rouge).<\/p>\n<p><a href=\"https:\/\/blogs.futura-sciences.com\/feldmann\/wp-content\/uploads\/sites\/9\/2015\/10\/super_lune1.jpg\" rel=\"lightbox[3972]\"><img loading=\"lazy\" decoding=\"async\" class=\"alignnone size-medium wp-image-3978\" src=\"https:\/\/blogs.futura-sciences.com\/feldmann\/wp-content\/uploads\/sites\/9\/2015\/10\/super_lune1-450x312.jpg\" alt=\"super_lune\" width=\"450\" height=\"312\" srcset=\"https:\/\/blogs.futura-sciences.com\/feldmann\/wp-content\/uploads\/sites\/9\/2015\/10\/super_lune1-450x312.jpg 450w, https:\/\/blogs.futura-sciences.com\/feldmann\/wp-content\/uploads\/sites\/9\/2015\/10\/super_lune1-1024x709.jpg 1024w, https:\/\/blogs.futura-sciences.com\/feldmann\/wp-content\/uploads\/sites\/9\/2015\/10\/super_lune1.jpg 1300w\" sizes=\"auto, (max-width: 450px) 100vw, 450px\" \/><\/a><\/p>\n<p>La seconde Super Lune, la plus grosse (distance\u00a0356 884 km, soit un diam\u00e8tre apparent de 33\u201929), s&#8217;est produite le 28 septembre, en m\u00eame temps qu&#8217;une superbe <a href=\"https:\/\/blogs.futura-sciences.com\/feldmann\/2015\/09\/30\/28-septembre-les-terriens-ont-admire-leclipse-de-lune\/\" target=\"_blank\">\u00e9clipse de Lune<\/a>.<\/p>\n\n<!-- iframe plugin v.5.1 wordpress.org\/plugins\/iframe\/ -->\n<iframe loading=\"lazy\" src=\"https:\/\/player.vimeo.com\/video\/134736291\" width=\"500\" height=\"375\" frameborder=\"0\" 0=\"webkitallowfullscreen\" 1=\"mozallowfullscreen\" 2=\"allowfullscreen\" scrolling=\"yes\" class=\"iframe-class\"><\/iframe>\n\n<p><!--more-->Nous arrivons \u00e0 la derni\u00e8re Super Lune, celle du 27 octobre :\u00a0la Pleine Lune des chasseurs se produira \u00e0 358 660 km, soit un diam\u00e8tre apparent de 33\u201919. Apr\u00e8s son lever aux alentours de 18 h heure locale, S\u00e9l\u00e9n\u00e9 passera la nuit dans la constellation des Poissons. Si son \u00e9clat n&#8217;est pas trop \u00e9blouissant vous pourrez tenter de localiser l&#8217;<a href=\"https:\/\/blogs.futura-sciences.com\/feldmann\/2015\/03\/26\/la-constellation-dorion-et-lamas-des-pleiades\/\" target=\"_blank\">amas des Pl\u00e9iades<\/a>\u00a0au nord-est de notre satellite naturel.<\/p>\n<p>Cette derni\u00e8re Super Lune de l&#8217;ann\u00e9e se couchera le 28 octobre peu apr\u00e8s 7 heures du matin ; si vous avez rat\u00e9 son lever la veille au soir, vous pourrez la photographier sur l&#8217;horizon ouest dans un ciel d\u00e9j\u00e0 bien \u00e9clair\u00e9, le <a href=\"https:\/\/blogs.futura-sciences.com\/feldmann\/2015\/05\/04\/en-video-la-station-spatiale-passe-devant-le-soleil\/\" target=\"_blank\">Soleil <\/a>se levant \u00e0 l&#8217;oppos\u00e9 une vingtaine de minutes plus tard.<\/p>\n<!-- AddThis Advanced Settings generic via filter on the_content --><!-- AddThis Share Buttons generic via filter on the_content -->","protected":false},"excerpt":{"rendered":"<p>Troisi\u00e8me et derni\u00e8re Super Lune de l&#8217;ann\u00e9e, la Pleine Lune du 27 octobre illuminera le ciel \u00e0 quelques encablures de l&#8217;amas d&#8217;\u00e9toiles des Pl\u00e9iades.\u00a0 Lorsque le diam\u00e8tre apparent de la Pleine Lune d\u00e9passe 33 minutes d&#8217;arc, on parle de Super Lune. Cette ann\u00e9e il y en a 3 ! La premi\u00e8re a eu lieu le &hellip; <a href=\"https:\/\/blogs.futura-sciences.com\/feldmann\/2015\/10\/26\/le-27-octobre-cest-la-derniere-super-lune-de-lannee\/\" class=\"more-link\">Continuer la lecture de <span class=\"screen-reader-text\">Le 27 octobre, c&#8217;est la derni\u00e8re Super Lune de l&#8217;ann\u00e9e<\/span>  <span class=\"meta-nav\">&rarr;<\/span><\/a><!-- AddThis Advanced Settings generic via filter on get_the_excerpt --><!-- AddThis Share Buttons generic via filter on get_the_excerpt --><\/p>\n","protected":false},"author":8,"featured_media":3978,"comment_status":"open","ping_status":"open","sticky":false,"template":"","format":"standard","meta":{"footnotes":"","_links_to":"","_links_to_target":""},"categories":[509],"tags":[713,1317,437,109,322],"class_list":["post-3972","post","type-post","status-publish","format-standard","has-post-thumbnail","hentry","category-actualites","tag-amas-des-pleiades","tag-constellation-des-poissons","tag-messier-45","tag-pleine-lune","tag-super-lune"],"yoast_head":"<!-- This site is optimized with the Yoast SEO plugin v24.1 - https:\/\/yoast.com\/wordpress\/plugins\/seo\/ -->\n<title>Le 27 octobre, c&#039;est la derni\u00e8re Super Lune de l&#039;ann\u00e9e<\/title>\n<meta name=\"description\" content=\"Troisi\u00e8me et derni\u00e8re Super Lune de l&#039;ann\u00e9e, la Pleine Lune du 27 octobre illuminera le ciel \u00e0 quelques encablures de l&#039;amas d&#039;\u00e9toiles des Pl\u00e9iades.\" \/>\n<meta name=\"robots\" content=\"index, follow, max-snippet:-1, max-image-preview:large, max-video-preview:-1\" \/>\n<link rel=\"canonical\" href=\"https:\/\/blogs.futura-sciences.com\/feldmann\/2015\/10\/26\/le-27-octobre-cest-la-derniere-super-lune-de-lannee\/\" \/>\n<meta property=\"og:locale\" content=\"fr_FR\" \/>\n<meta property=\"og:type\" content=\"article\" \/>\n<meta property=\"og:title\" content=\"Le 27 octobre, c&#039;est la derni\u00e8re Super Lune de l&#039;ann\u00e9e\" \/>\n<meta property=\"og:description\" content=\"Troisi\u00e8me et derni\u00e8re Super Lune de l&#039;ann\u00e9e, la Pleine Lune du 27 octobre illuminera le ciel \u00e0 quelques encablures de l&#039;amas d&#039;\u00e9toiles des Pl\u00e9iades.\" \/>\n<meta property=\"og:url\" content=\"https:\/\/blogs.futura-sciences.com\/feldmann\/2015\/10\/26\/le-27-octobre-cest-la-derniere-super-lune-de-lannee\/\" \/>\n<meta property=\"og:site_name\" content=\"CIELMANIA : le blog de Jean-Baptiste FELDMANN, photographe du ciel\" \/>\n<meta property=\"article:published_time\" content=\"2015-10-26T05:58:38+00:00\" \/>\n<meta property=\"article:modified_time\" content=\"2015-10-29T05:56:53+00:00\" \/>\n<meta property=\"og:image\" content=\"https:\/\/blogs.futura-sciences.com\/feldmann\/wp-content\/uploads\/sites\/9\/2015\/10\/super_lune1.jpg\" \/>\n\t<meta property=\"og:image:width\" content=\"1300\" \/>\n\t<meta property=\"og:image:height\" content=\"900\" \/>\n\t<meta property=\"og:image:type\" content=\"image\/jpeg\" \/>\n<meta name=\"author\" content=\"Jean-Baptiste FELDMANN\" \/>\n<meta name=\"twitter:card\" content=\"summary_large_image\" \/>\n<meta name=\"twitter:label1\" content=\"\u00c9crit par\" \/>\n\t<meta name=\"twitter:data1\" content=\"Jean-Baptiste FELDMANN\" \/>\n\t<meta name=\"twitter:label2\" content=\"Dur\u00e9e de lecture estim\u00e9e\" \/>\n\t<meta name=\"twitter:data2\" content=\"1 minute\" \/>\n<script type=\"application\/ld+json\" class=\"yoast-schema-graph\">{\"@context\":\"https:\/\/schema.org\",\"@graph\":[{\"@type\":\"WebPage\",\"@id\":\"https:\/\/blogs.futura-sciences.com\/feldmann\/2015\/10\/26\/le-27-octobre-cest-la-derniere-super-lune-de-lannee\/\",\"url\":\"https:\/\/blogs.futura-sciences.com\/feldmann\/2015\/10\/26\/le-27-octobre-cest-la-derniere-super-lune-de-lannee\/\",\"name\":\"Le 27 octobre, c'est la derni\u00e8re Super Lune de l'ann\u00e9e\",\"isPartOf\":{\"@id\":\"https:\/\/blogs.futura-sciences.com\/feldmann\/#website\"},\"primaryImageOfPage\":{\"@id\":\"https:\/\/blogs.futura-sciences.com\/feldmann\/2015\/10\/26\/le-27-octobre-cest-la-derniere-super-lune-de-lannee\/#primaryimage\"},\"image\":{\"@id\":\"https:\/\/blogs.futura-sciences.com\/feldmann\/2015\/10\/26\/le-27-octobre-cest-la-derniere-super-lune-de-lannee\/#primaryimage\"},\"thumbnailUrl\":\"https:\/\/blogs.futura-sciences.com\/feldmann\/wp-content\/uploads\/sites\/9\/2015\/10\/super_lune1.jpg\",\"datePublished\":\"2015-10-26T05:58:38+00:00\",\"dateModified\":\"2015-10-29T05:56:53+00:00\",\"author\":{\"@id\":\"https:\/\/blogs.futura-sciences.com\/feldmann\/#\/schema\/person\/62b391b709c307783237b759b62731ea\"},\"description\":\"Troisi\u00e8me et derni\u00e8re Super Lune de l'ann\u00e9e, la Pleine Lune du 27 octobre illuminera le ciel \u00e0 quelques encablures de l'amas d'\u00e9toiles des Pl\u00e9iades.\",\"inLanguage\":\"fr-FR\",\"potentialAction\":[{\"@type\":\"ReadAction\",\"target\":[\"https:\/\/blogs.futura-sciences.com\/feldmann\/2015\/10\/26\/le-27-octobre-cest-la-derniere-super-lune-de-lannee\/\"]}]},{\"@type\":\"ImageObject\",\"inLanguage\":\"fr-FR\",\"@id\":\"https:\/\/blogs.futura-sciences.com\/feldmann\/2015\/10\/26\/le-27-octobre-cest-la-derniere-super-lune-de-lannee\/#primaryimage\",\"url\":\"https:\/\/blogs.futura-sciences.com\/feldmann\/wp-content\/uploads\/sites\/9\/2015\/10\/super_lune1.jpg\",\"contentUrl\":\"https:\/\/blogs.futura-sciences.com\/feldmann\/wp-content\/uploads\/sites\/9\/2015\/10\/super_lune1.jpg\",\"width\":1300,\"height\":900,\"caption\":\"En f\u00e9vrier\"},{\"@type\":\"WebSite\",\"@id\":\"https:\/\/blogs.futura-sciences.com\/feldmann\/#website\",\"url\":\"https:\/\/blogs.futura-sciences.com\/feldmann\/\",\"name\":\"CIELMANIA : le blog de Jean-Baptiste FELDMANN, photographe du ciel\",\"description\":\"&quot;J&#039;ai en moi un besoin terrible. Dirais-je le mot? La religion. Alors, je sors la nuit et je peins des \u00e9toiles.&quot;  Vincent van Gogh\",\"potentialAction\":[{\"@type\":\"SearchAction\",\"target\":{\"@type\":\"EntryPoint\",\"urlTemplate\":\"https:\/\/blogs.futura-sciences.com\/feldmann\/?s={search_term_string}\"},\"query-input\":{\"@type\":\"PropertyValueSpecification\",\"valueRequired\":true,\"valueName\":\"search_term_string\"}}],\"inLanguage\":\"fr-FR\"},{\"@type\":\"Person\",\"@id\":\"https:\/\/blogs.futura-sciences.com\/feldmann\/#\/schema\/person\/62b391b709c307783237b759b62731ea\",\"name\":\"Jean-Baptiste FELDMANN\",\"image\":{\"@type\":\"ImageObject\",\"inLanguage\":\"fr-FR\",\"@id\":\"https:\/\/blogs.futura-sciences.com\/feldmann\/#\/schema\/person\/image\/\",\"url\":\"https:\/\/secure.gravatar.com\/avatar\/41f96607fde7a81a14570eec74177c42?s=96&d=mm&r=g\",\"contentUrl\":\"https:\/\/secure.gravatar.com\/avatar\/41f96607fde7a81a14570eec74177c42?s=96&d=mm&r=g\",\"caption\":\"Jean-Baptiste FELDMANN\"},\"url\":\"https:\/\/blogs.futura-sciences.com\/feldmann\/author\/jbfe\/\"}]}<\/script>\n<!-- \/ Yoast SEO plugin. -->","yoast_head_json":{"title":"Le 27 octobre, c'est la derni\u00e8re Super Lune de l'ann\u00e9e","description":"Troisi\u00e8me et derni\u00e8re Super Lune de l'ann\u00e9e, la Pleine Lune du 27 octobre illuminera le ciel \u00e0 quelques encablures de l'amas d'\u00e9toiles des Pl\u00e9iades.","robots":{"index":"index","follow":"follow","max-snippet":"max-snippet:-1","max-image-preview":"max-image-preview:large","max-video-preview":"max-video-preview:-1"},"canonical":"https:\/\/blogs.futura-sciences.com\/feldmann\/2015\/10\/26\/le-27-octobre-cest-la-derniere-super-lune-de-lannee\/","og_locale":"fr_FR","og_type":"article","og_title":"Le 27 octobre, c'est la derni\u00e8re Super Lune de l'ann\u00e9e","og_description":"Troisi\u00e8me et derni\u00e8re Super Lune de l'ann\u00e9e, la Pleine Lune du 27 octobre illuminera le ciel \u00e0 quelques encablures de l'amas d'\u00e9toiles des Pl\u00e9iades.","og_url":"https:\/\/blogs.futura-sciences.com\/feldmann\/2015\/10\/26\/le-27-octobre-cest-la-derniere-super-lune-de-lannee\/","og_site_name":"CIELMANIA : le blog de Jean-Baptiste FELDMANN, photographe du ciel","article_published_time":"2015-10-26T05:58:38+00:00","article_modified_time":"2015-10-29T05:56:53+00:00","og_image":[{"width":1300,"height":900,"url":"https:\/\/blogs.futura-sciences.com\/feldmann\/wp-content\/uploads\/sites\/9\/2015\/10\/super_lune1.jpg","type":"image\/jpeg"}],"author":"Jean-Baptiste FELDMANN","twitter_card":"summary_large_image","twitter_misc":{"\u00c9crit par":"Jean-Baptiste FELDMANN","Dur\u00e9e de lecture estim\u00e9e":"1 minute"},"schema":{"@context":"https:\/\/schema.org","@graph":[{"@type":"WebPage","@id":"https:\/\/blogs.futura-sciences.com\/feldmann\/2015\/10\/26\/le-27-octobre-cest-la-derniere-super-lune-de-lannee\/","url":"https:\/\/blogs.futura-sciences.com\/feldmann\/2015\/10\/26\/le-27-octobre-cest-la-derniere-super-lune-de-lannee\/","name":"Le 27 octobre, c'est la derni\u00e8re Super Lune de l'ann\u00e9e","isPartOf":{"@id":"https:\/\/blogs.futura-sciences.com\/feldmann\/#website"},"primaryImageOfPage":{"@id":"https:\/\/blogs.futura-sciences.com\/feldmann\/2015\/10\/26\/le-27-octobre-cest-la-derniere-super-lune-de-lannee\/#primaryimage"},"image":{"@id":"https:\/\/blogs.futura-sciences.com\/feldmann\/2015\/10\/26\/le-27-octobre-cest-la-derniere-super-lune-de-lannee\/#primaryimage"},"thumbnailUrl":"https:\/\/blogs.futura-sciences.com\/feldmann\/wp-content\/uploads\/sites\/9\/2015\/10\/super_lune1.jpg","datePublished":"2015-10-26T05:58:38+00:00","dateModified":"2015-10-29T05:56:53+00:00","author":{"@id":"https:\/\/blogs.futura-sciences.com\/feldmann\/#\/schema\/person\/62b391b709c307783237b759b62731ea"},"description":"Troisi\u00e8me et derni\u00e8re Super Lune de l'ann\u00e9e, la Pleine Lune du 27 octobre illuminera le ciel \u00e0 quelques encablures de l'amas d'\u00e9toiles des Pl\u00e9iades.","inLanguage":"fr-FR","potentialAction":[{"@type":"ReadAction","target":["https:\/\/blogs.futura-sciences.com\/feldmann\/2015\/10\/26\/le-27-octobre-cest-la-derniere-super-lune-de-lannee\/"]}]},{"@type":"ImageObject","inLanguage":"fr-FR","@id":"https:\/\/blogs.futura-sciences.com\/feldmann\/2015\/10\/26\/le-27-octobre-cest-la-derniere-super-lune-de-lannee\/#primaryimage","url":"https:\/\/blogs.futura-sciences.com\/feldmann\/wp-content\/uploads\/sites\/9\/2015\/10\/super_lune1.jpg","contentUrl":"https:\/\/blogs.futura-sciences.com\/feldmann\/wp-content\/uploads\/sites\/9\/2015\/10\/super_lune1.jpg","width":1300,"height":900,"caption":"En f\u00e9vrier"},{"@type":"WebSite","@id":"https:\/\/blogs.futura-sciences.com\/feldmann\/#website","url":"https:\/\/blogs.futura-sciences.com\/feldmann\/","name":"CIELMANIA : le blog de Jean-Baptiste FELDMANN, photographe du ciel","description":"&quot;J&#039;ai en moi un besoin terrible. Dirais-je le mot? La religion. Alors, je sors la nuit et je peins des \u00e9toiles.&quot;  Vincent van Gogh","potentialAction":[{"@type":"SearchAction","target":{"@type":"EntryPoint","urlTemplate":"https:\/\/blogs.futura-sciences.com\/feldmann\/?s={search_term_string}"},"query-input":{"@type":"PropertyValueSpecification","valueRequired":true,"valueName":"search_term_string"}}],"inLanguage":"fr-FR"},{"@type":"Person","@id":"https:\/\/blogs.futura-sciences.com\/feldmann\/#\/schema\/person\/62b391b709c307783237b759b62731ea","name":"Jean-Baptiste FELDMANN","image":{"@type":"ImageObject","inLanguage":"fr-FR","@id":"https:\/\/blogs.futura-sciences.com\/feldmann\/#\/schema\/person\/image\/","url":"https:\/\/secure.gravatar.com\/avatar\/41f96607fde7a81a14570eec74177c42?s=96&d=mm&r=g","contentUrl":"https:\/\/secure.gravatar.com\/avatar\/41f96607fde7a81a14570eec74177c42?s=96&d=mm&r=g","caption":"Jean-Baptiste FELDMANN"},"url":"https:\/\/blogs.futura-sciences.com\/feldmann\/author\/jbfe\/"}]}},"_links":{"self":[{"href":"https:\/\/blogs.futura-sciences.com\/feldmann\/wp-json\/wp\/v2\/posts\/3972","targetHints":{"allow":["GET"]}}],"collection":[{"href":"https:\/\/blogs.futura-sciences.com\/feldmann\/wp-json\/wp\/v2\/posts"}],"about":[{"href":"https:\/\/blogs.futura-sciences.com\/feldmann\/wp-json\/wp\/v2\/types\/post"}],"author":[{"embeddable":true,"href":"https:\/\/blogs.futura-sciences.com\/feldmann\/wp-json\/wp\/v2\/users\/8"}],"replies":[{"embeddable":true,"href":"https:\/\/blogs.futura-sciences.com\/feldmann\/wp-json\/wp\/v2\/comments?post=3972"}],"version-history":[{"count":6,"href":"https:\/\/blogs.futura-sciences.com\/feldmann\/wp-json\/wp\/v2\/posts\/3972\/revisions"}],"predecessor-version":[{"id":3990,"href":"https:\/\/blogs.futura-sciences.com\/feldmann\/wp-json\/wp\/v2\/posts\/3972\/revisions\/3990"}],"wp:featuredmedia":[{"embeddable":true,"href":"https:\/\/blogs.futura-sciences.com\/feldmann\/wp-json\/wp\/v2\/media\/3978"}],"wp:attachment":[{"href":"https:\/\/blogs.futura-sciences.com\/feldmann\/wp-json\/wp\/v2\/media?parent=3972"}],"wp:term":[{"taxonomy":"category","embeddable":true,"href":"https:\/\/blogs.futura-sciences.com\/feldmann\/wp-json\/wp\/v2\/categories?post=3972"},{"taxonomy":"post_tag","embeddable":true,"href":"https:\/\/blogs.futura-sciences.com\/feldmann\/wp-json\/wp\/v2\/tags?post=3972"}],"curies":[{"name":"wp","href":"https:\/\/api.w.org\/{rel}","templated":true}]}}