{"id":315,"date":"2026-03-25T11:42:06","date_gmt":"2026-03-25T11:42:06","guid":{"rendered":"https:\/\/blogs.futura-sciences.com\/feldmann\/?p=315"},"modified":"2026-04-07T09:44:46","modified_gmt":"2026-04-07T09:44:46","slug":"printemps-1996-la-comete-hyakutake-fait-le-spectacle","status":"publish","type":"post","link":"https:\/\/blogs.futura-sciences.com\/feldmann\/2026\/03\/25\/printemps-1996-la-comete-hyakutake-fait-le-spectacle\/","title":{"rendered":"Mars 1996 : la com\u00e8te Hyakutake illumine le ciel nocturne"},"content":{"rendered":"<p><strong>Le mois de mars 1996 fut marqu\u00e9 par l&#8217;arriv\u00e9e rapide de la somptueuse com\u00e8te Hyakutake qui fit un passage remarqu\u00e9.<\/strong><\/p>\n<h5>D\u00e9couverte inattendue :<\/h5>\n<p>Les plus anciens s&#8217;en souviennent : au d\u00e9but de l&#8217;ann\u00e9e 1996, les astronomes surveillaient l&#8217;arriv\u00e9e de la com\u00e8te <a href=\"https:\/\/fr.wikipedia.org\/wiki\/C\/1995_O1_(Hale-Bopp)\" target=\"_blank\" rel=\"noopener\">Hale-Bopp<\/a>, rep\u00e9r\u00e9e six mois plus t\u00f4t par deux observateurs am\u00e9ricains. Les calculs laissaient pr\u00e9sager d&#8217;un beau spectacle au printemps 1997, ce qui fut bien le cas. Mais le 30 janvier 1996, un astronome amateur japonais, Yuji Hyakutake, rep\u00e8re une nouvelle com\u00e8te avec une paire de jumelles <a href=\"https:\/\/www.astroshop.de\/fr\/instruments\/jumelles-fujinon-lb-25x150-mt-sx\/p,23647\" target=\"_blank\" rel=\"noopener\">Fujinon 25X150<\/a>. La com\u00e8te prend son nom et fait un passage aussi rapide que remarqu\u00e9 :<\/p>\n<p><a href=\"https:\/\/blogs.futura-sciences.com\/feldmann\/wp-content\/uploads\/sites\/9\/2014\/05\/comet.jpg\" rel=\"lightbox[315]\"><img loading=\"lazy\" decoding=\"async\" class=\"alignnone size-medium wp-image-316\" src=\"https:\/\/blogs.futura-sciences.com\/feldmann\/wp-content\/uploads\/sites\/9\/2014\/05\/comet-450x337.jpg\" alt=\"comet\" width=\"450\" height=\"337\" srcset=\"https:\/\/blogs.futura-sciences.com\/feldmann\/wp-content\/uploads\/sites\/9\/2014\/05\/comet-450x337.jpg 450w, https:\/\/blogs.futura-sciences.com\/feldmann\/wp-content\/uploads\/sites\/9\/2014\/05\/comet-1024x768.jpg 1024w, https:\/\/blogs.futura-sciences.com\/feldmann\/wp-content\/uploads\/sites\/9\/2014\/05\/comet.jpg 1200w\" sizes=\"auto, (max-width: 450px) 100vw, 450px\" \/><\/a><\/p>\n<p>Voici l&#8217;image que j&#8217;avais r\u00e9alis\u00e9e \u00e0 l&#8217;\u00e9poque. C&#8217;est en r\u00e9alit\u00e9 l&#8217;assemblage de deux clich\u00e9s. Sur l&#8217;un, la com\u00e8te prise avec un objectif de 50 millim\u00e8tres de focale. La pose (sur diapo)\u00a0 \u00e9tait de 5 minutes, le bo\u00eetier \u00e9tant install\u00e9 sur une monture \u00e9quatoriale. Sur l&#8217;autre, un observateur \u00e0 l&#8217;oculaire du <a href=\"http:\/\/puimichel.obs.free.fr\/\" target=\"_blank\" rel=\"noopener\">t\u00e9lescope de 1 m\u00e8tre de diam\u00e8tre de Puimichel<\/a>.<!--more--><\/p>\n<h5>Spectacle c\u00e9leste :<\/h5>\n<p>Le 27 mars, moins de deux mois apr\u00e8s sa d\u00e9couverte, la com\u00e8te Hyakutake passe \u00e0 15 millions de kilom\u00e8tres de la Terre. Ce n&#8217;est que le dixi\u00e8me de la distance qui nous s\u00e9pare du <a href=\"https:\/\/cnes.fr\/dossiers\/soleil\" target=\"_blank\" rel=\"noopener\">Soleil<\/a> ! Sa trajectoire au voisinage de notre plan\u00e8te est l&#8217;une des plus rasantes des deux cent derni\u00e8res ann\u00e9es. L&#8217;astre chevelu a une <a href=\"https:\/\/blogs.futura-sciences.com\/feldmann\/2017\/05\/06\/quest-lechelle-magnitudes-astronomie\/\" target=\"_blank\" rel=\"noopener\">magnitude<\/a> de -1 et sa queue s&#8217;\u00e9tire sur 70 degr\u00e9s dans le ciel. C&#8217;est alors la plus belle com\u00e8te observable depuis la <a href=\"https:\/\/fr.wikipedia.org\/wiki\/C\/1975_V1_(West)\" target=\"_blank\" rel=\"noopener\">com\u00e8te West<\/a>, vingt ans plus t\u00f4t. Yuji Hyakutake d\u00e9c\u00e8dera malheureusement six ans plus tard :<\/p>\n<p><a href=\"https:\/\/blogs.futura-sciences.com\/feldmann\/wp-content\/uploads\/sites\/9\/2016\/03\/hyak.jpg\" rel=\"lightbox[315]\"><img loading=\"lazy\" decoding=\"async\" class=\"alignnone size-medium wp-image-22597\" src=\"https:\/\/blogs.futura-sciences.com\/feldmann\/wp-content\/uploads\/sites\/9\/2016\/03\/hyak-450x361.jpg\" alt=\"\" width=\"450\" height=\"361\" srcset=\"https:\/\/blogs.futura-sciences.com\/feldmann\/wp-content\/uploads\/sites\/9\/2016\/03\/hyak-450x361.jpg 450w, https:\/\/blogs.futura-sciences.com\/feldmann\/wp-content\/uploads\/sites\/9\/2016\/03\/hyak-768x616.jpg 768w, https:\/\/blogs.futura-sciences.com\/feldmann\/wp-content\/uploads\/sites\/9\/2016\/03\/hyak.jpg 800w\" sizes=\"auto, (max-width: 450px) 100vw, 450px\" \/><\/a><\/p>\n<p>Victime d&#8217;un an\u00e9vrisme, il n&#8217;avait que 52 ans. Mais son nom reste \u00e0 jamais associ\u00e9 \u00e0 cette com\u00e8te, ainsi qu&#8217;\u00e0 un ast\u00e9ro\u00efde, (7291) Hyakutake, nomm\u00e9 en son honneur.<\/p>\n<h5>Vous pourriez aimer :<\/h5>\n<ul>\n<li><a href=\"https:\/\/blogs.futura-sciences.com\/feldmann\/2026\/03\/11\/la-sonde-giotto-survolait-la-comete-de-halley-il-y-a-40-ans\/\" target=\"_blank\" rel=\"noopener\">La sonde Giotto survolait la com\u00e8te de Halley il y a 40 ans<\/a><\/li>\n<li><a href=\"https:\/\/blogs.futura-sciences.com\/feldmann\/2026\/03\/05\/en-image-leruption-de-la-comete-29p-schwassmann-wachmann\/\" target=\"_blank\" rel=\"noopener\">L\u2019\u00e9ruption de la com\u00e8te 29P\/S-W se confirme<\/a><\/li>\n<li><a href=\"https:\/\/blogs.futura-sciences.com\/feldmann\/2026\/01\/18\/6ac4721-une-comete-decouverte-par-des-amateurs\/\" target=\"_blank\" rel=\"noopener\">C\/2026 A1 (MAPS), une com\u00e8te d\u00e9couverte par des amateurs<\/a><\/li>\n<\/ul>\n<p>Suivez l\u2019actualit\u00e9 astronomique et d\u00e9couvrez mes images du ciel en vous abonnant \u00e0 Cielmania sur\u00a0<a href=\"https:\/\/www.facebook.com\/cielmania\/\" target=\"_blank\" rel=\"noopener noreferrer\">Facebook<\/a>.<\/p>\n<!-- AddThis Advanced Settings generic via filter on the_content --><!-- AddThis Share Buttons generic via filter on the_content -->","protected":false},"excerpt":{"rendered":"<p>Le mois de mars 1996 fut marqu\u00e9 par l&#8217;arriv\u00e9e rapide de la somptueuse com\u00e8te Hyakutake qui fit un passage remarqu\u00e9. D\u00e9couverte inattendue : Les plus anciens s&#8217;en souviennent : au d\u00e9but de l&#8217;ann\u00e9e 1996, les astronomes surveillaient l&#8217;arriv\u00e9e de la com\u00e8te Hale-Bopp, rep\u00e9r\u00e9e six mois plus t\u00f4t par deux observateurs am\u00e9ricains. Les calculs laissaient pr\u00e9sager &hellip; <a href=\"https:\/\/blogs.futura-sciences.com\/feldmann\/2026\/03\/25\/printemps-1996-la-comete-hyakutake-fait-le-spectacle\/\" class=\"more-link\">Continuer la lecture de <span class=\"screen-reader-text\">Mars 1996 : la com\u00e8te Hyakutake illumine le ciel nocturne<\/span>  <span class=\"meta-nav\">&rarr;<\/span><\/a><!-- AddThis Advanced Settings generic via filter on get_the_excerpt --><!-- AddThis Share Buttons generic via filter on get_the_excerpt --><\/p>\n","protected":false},"author":8,"featured_media":316,"comment_status":"open","ping_status":"open","sticky":false,"template":"","format":"standard","meta":{"footnotes":"","_links_to":"","_links_to_target":""},"categories":[84],"tags":[94,1573,1394,89,1572,95,2275,96],"class_list":["post-315","post","type-post","status-publish","format-standard","has-post-thumbnail","hentry","category-ciel-etoile","tag-astronome","tag-c1996-b2","tag-comete-hyakutake","tag-etoile","tag-grande-comete-de-1996","tag-jumelles","tag-observatoire-de-puimichel","tag-telescope"],"yoast_head":"<!-- This site is optimized with the Yoast SEO plugin v24.1 - https:\/\/yoast.com\/wordpress\/plugins\/seo\/ -->\n<title>Mars 1996 : la com\u00e8te Hyakutake illumine le ciel nocturne<\/title>\n<meta name=\"description\" content=\"Le mois de mars 1996 fut marqu\u00e9 par l&#039;arriv\u00e9e rapide de la somptueuse com\u00e8te Hyakutake qui fit un passage remarqu\u00e9.\" \/>\n<meta name=\"robots\" content=\"index, follow, max-snippet:-1, max-image-preview:large, max-video-preview:-1\" \/>\n<link rel=\"canonical\" href=\"https:\/\/blogs.futura-sciences.com\/feldmann\/2026\/03\/25\/printemps-1996-la-comete-hyakutake-fait-le-spectacle\/\" \/>\n<meta property=\"og:locale\" content=\"fr_FR\" \/>\n<meta property=\"og:type\" content=\"article\" \/>\n<meta property=\"og:title\" content=\"Mars 1996 : la com\u00e8te Hyakutake illumine le ciel nocturne\" \/>\n<meta property=\"og:description\" content=\"Le mois de mars 1996 fut marqu\u00e9 par l&#039;arriv\u00e9e rapide de la somptueuse com\u00e8te Hyakutake qui fit un passage remarqu\u00e9.\" \/>\n<meta property=\"og:url\" content=\"https:\/\/blogs.futura-sciences.com\/feldmann\/2026\/03\/25\/printemps-1996-la-comete-hyakutake-fait-le-spectacle\/\" \/>\n<meta property=\"og:site_name\" content=\"CIELMANIA : le blog de Jean-Baptiste FELDMANN, photographe du ciel\" \/>\n<meta property=\"article:published_time\" content=\"2026-03-25T11:42:06+00:00\" \/>\n<meta property=\"article:modified_time\" content=\"2026-04-07T09:44:46+00:00\" \/>\n<meta property=\"og:image\" content=\"https:\/\/blogs.futura-sciences.com\/feldmann\/wp-content\/uploads\/sites\/9\/2014\/05\/comet.jpg\" \/>\n\t<meta property=\"og:image:width\" content=\"1200\" \/>\n\t<meta property=\"og:image:height\" content=\"900\" \/>\n\t<meta property=\"og:image:type\" content=\"image\/jpeg\" \/>\n<meta name=\"author\" content=\"Jean-Baptiste FELDMANN\" \/>\n<meta name=\"twitter:card\" content=\"summary_large_image\" \/>\n<meta name=\"twitter:label1\" content=\"\u00c9crit par\" \/>\n\t<meta name=\"twitter:data1\" content=\"Jean-Baptiste FELDMANN\" \/>\n\t<meta name=\"twitter:label2\" content=\"Dur\u00e9e de lecture estim\u00e9e\" \/>\n\t<meta name=\"twitter:data2\" content=\"3 minutes\" \/>\n<script type=\"application\/ld+json\" class=\"yoast-schema-graph\">{\"@context\":\"https:\/\/schema.org\",\"@graph\":[{\"@type\":\"WebPage\",\"@id\":\"https:\/\/blogs.futura-sciences.com\/feldmann\/2026\/03\/25\/printemps-1996-la-comete-hyakutake-fait-le-spectacle\/\",\"url\":\"https:\/\/blogs.futura-sciences.com\/feldmann\/2026\/03\/25\/printemps-1996-la-comete-hyakutake-fait-le-spectacle\/\",\"name\":\"Mars 1996 : la com\u00e8te Hyakutake illumine le ciel nocturne\",\"isPartOf\":{\"@id\":\"https:\/\/blogs.futura-sciences.com\/feldmann\/#website\"},\"primaryImageOfPage\":{\"@id\":\"https:\/\/blogs.futura-sciences.com\/feldmann\/2026\/03\/25\/printemps-1996-la-comete-hyakutake-fait-le-spectacle\/#primaryimage\"},\"image\":{\"@id\":\"https:\/\/blogs.futura-sciences.com\/feldmann\/2026\/03\/25\/printemps-1996-la-comete-hyakutake-fait-le-spectacle\/#primaryimage\"},\"thumbnailUrl\":\"https:\/\/blogs.futura-sciences.com\/feldmann\/wp-content\/uploads\/sites\/9\/2014\/05\/comet.jpg\",\"datePublished\":\"2026-03-25T11:42:06+00:00\",\"dateModified\":\"2026-04-07T09:44:46+00:00\",\"author\":{\"@id\":\"https:\/\/blogs.futura-sciences.com\/feldmann\/#\/schema\/person\/62b391b709c307783237b759b62731ea\"},\"description\":\"Le mois de mars 1996 fut marqu\u00e9 par l'arriv\u00e9e rapide de la somptueuse com\u00e8te Hyakutake qui fit un passage remarqu\u00e9.\",\"inLanguage\":\"fr-FR\",\"potentialAction\":[{\"@type\":\"ReadAction\",\"target\":[\"https:\/\/blogs.futura-sciences.com\/feldmann\/2026\/03\/25\/printemps-1996-la-comete-hyakutake-fait-le-spectacle\/\"]}]},{\"@type\":\"ImageObject\",\"inLanguage\":\"fr-FR\",\"@id\":\"https:\/\/blogs.futura-sciences.com\/feldmann\/2026\/03\/25\/printemps-1996-la-comete-hyakutake-fait-le-spectacle\/#primaryimage\",\"url\":\"https:\/\/blogs.futura-sciences.com\/feldmann\/wp-content\/uploads\/sites\/9\/2014\/05\/comet.jpg\",\"contentUrl\":\"https:\/\/blogs.futura-sciences.com\/feldmann\/wp-content\/uploads\/sites\/9\/2014\/05\/comet.jpg\",\"width\":1200,\"height\":900,\"caption\":\"La com\u00e8te Hyakutake au printemps 1996, avec au premier plan un observateur au t\u00e9lescope de 1 m\u00e8tre de Puimichel. \u00a9 Jean-Baptiste Feldmann\"},{\"@type\":\"WebSite\",\"@id\":\"https:\/\/blogs.futura-sciences.com\/feldmann\/#website\",\"url\":\"https:\/\/blogs.futura-sciences.com\/feldmann\/\",\"name\":\"CIELMANIA : le blog de Jean-Baptiste FELDMANN, photographe du ciel\",\"description\":\"&quot;J&#039;ai en moi un besoin terrible. Dirais-je le mot? La religion. Alors, je sors la nuit et je peins des \u00e9toiles.&quot;  Vincent van Gogh\",\"potentialAction\":[{\"@type\":\"SearchAction\",\"target\":{\"@type\":\"EntryPoint\",\"urlTemplate\":\"https:\/\/blogs.futura-sciences.com\/feldmann\/?s={search_term_string}\"},\"query-input\":{\"@type\":\"PropertyValueSpecification\",\"valueRequired\":true,\"valueName\":\"search_term_string\"}}],\"inLanguage\":\"fr-FR\"},{\"@type\":\"Person\",\"@id\":\"https:\/\/blogs.futura-sciences.com\/feldmann\/#\/schema\/person\/62b391b709c307783237b759b62731ea\",\"name\":\"Jean-Baptiste FELDMANN\",\"image\":{\"@type\":\"ImageObject\",\"inLanguage\":\"fr-FR\",\"@id\":\"https:\/\/blogs.futura-sciences.com\/feldmann\/#\/schema\/person\/image\/\",\"url\":\"https:\/\/secure.gravatar.com\/avatar\/41f96607fde7a81a14570eec74177c42?s=96&d=mm&r=g\",\"contentUrl\":\"https:\/\/secure.gravatar.com\/avatar\/41f96607fde7a81a14570eec74177c42?s=96&d=mm&r=g\",\"caption\":\"Jean-Baptiste FELDMANN\"},\"url\":\"https:\/\/blogs.futura-sciences.com\/feldmann\/author\/jbfe\/\"}]}<\/script>\n<!-- \/ Yoast SEO plugin. -->","yoast_head_json":{"title":"Mars 1996 : la com\u00e8te Hyakutake illumine le ciel nocturne","description":"Le mois de mars 1996 fut marqu\u00e9 par l'arriv\u00e9e rapide de la somptueuse com\u00e8te Hyakutake qui fit un passage remarqu\u00e9.","robots":{"index":"index","follow":"follow","max-snippet":"max-snippet:-1","max-image-preview":"max-image-preview:large","max-video-preview":"max-video-preview:-1"},"canonical":"https:\/\/blogs.futura-sciences.com\/feldmann\/2026\/03\/25\/printemps-1996-la-comete-hyakutake-fait-le-spectacle\/","og_locale":"fr_FR","og_type":"article","og_title":"Mars 1996 : la com\u00e8te Hyakutake illumine le ciel nocturne","og_description":"Le mois de mars 1996 fut marqu\u00e9 par l'arriv\u00e9e rapide de la somptueuse com\u00e8te Hyakutake qui fit un passage remarqu\u00e9.","og_url":"https:\/\/blogs.futura-sciences.com\/feldmann\/2026\/03\/25\/printemps-1996-la-comete-hyakutake-fait-le-spectacle\/","og_site_name":"CIELMANIA : le blog de Jean-Baptiste FELDMANN, photographe du ciel","article_published_time":"2026-03-25T11:42:06+00:00","article_modified_time":"2026-04-07T09:44:46+00:00","og_image":[{"width":1200,"height":900,"url":"https:\/\/blogs.futura-sciences.com\/feldmann\/wp-content\/uploads\/sites\/9\/2014\/05\/comet.jpg","type":"image\/jpeg"}],"author":"Jean-Baptiste FELDMANN","twitter_card":"summary_large_image","twitter_misc":{"\u00c9crit par":"Jean-Baptiste FELDMANN","Dur\u00e9e de lecture estim\u00e9e":"3 minutes"},"schema":{"@context":"https:\/\/schema.org","@graph":[{"@type":"WebPage","@id":"https:\/\/blogs.futura-sciences.com\/feldmann\/2026\/03\/25\/printemps-1996-la-comete-hyakutake-fait-le-spectacle\/","url":"https:\/\/blogs.futura-sciences.com\/feldmann\/2026\/03\/25\/printemps-1996-la-comete-hyakutake-fait-le-spectacle\/","name":"Mars 1996 : la com\u00e8te Hyakutake illumine le ciel nocturne","isPartOf":{"@id":"https:\/\/blogs.futura-sciences.com\/feldmann\/#website"},"primaryImageOfPage":{"@id":"https:\/\/blogs.futura-sciences.com\/feldmann\/2026\/03\/25\/printemps-1996-la-comete-hyakutake-fait-le-spectacle\/#primaryimage"},"image":{"@id":"https:\/\/blogs.futura-sciences.com\/feldmann\/2026\/03\/25\/printemps-1996-la-comete-hyakutake-fait-le-spectacle\/#primaryimage"},"thumbnailUrl":"https:\/\/blogs.futura-sciences.com\/feldmann\/wp-content\/uploads\/sites\/9\/2014\/05\/comet.jpg","datePublished":"2026-03-25T11:42:06+00:00","dateModified":"2026-04-07T09:44:46+00:00","author":{"@id":"https:\/\/blogs.futura-sciences.com\/feldmann\/#\/schema\/person\/62b391b709c307783237b759b62731ea"},"description":"Le mois de mars 1996 fut marqu\u00e9 par l'arriv\u00e9e rapide de la somptueuse com\u00e8te Hyakutake qui fit un passage remarqu\u00e9.","inLanguage":"fr-FR","potentialAction":[{"@type":"ReadAction","target":["https:\/\/blogs.futura-sciences.com\/feldmann\/2026\/03\/25\/printemps-1996-la-comete-hyakutake-fait-le-spectacle\/"]}]},{"@type":"ImageObject","inLanguage":"fr-FR","@id":"https:\/\/blogs.futura-sciences.com\/feldmann\/2026\/03\/25\/printemps-1996-la-comete-hyakutake-fait-le-spectacle\/#primaryimage","url":"https:\/\/blogs.futura-sciences.com\/feldmann\/wp-content\/uploads\/sites\/9\/2014\/05\/comet.jpg","contentUrl":"https:\/\/blogs.futura-sciences.com\/feldmann\/wp-content\/uploads\/sites\/9\/2014\/05\/comet.jpg","width":1200,"height":900,"caption":"La com\u00e8te Hyakutake au printemps 1996, avec au premier plan un observateur au t\u00e9lescope de 1 m\u00e8tre de Puimichel. \u00a9 Jean-Baptiste Feldmann"},{"@type":"WebSite","@id":"https:\/\/blogs.futura-sciences.com\/feldmann\/#website","url":"https:\/\/blogs.futura-sciences.com\/feldmann\/","name":"CIELMANIA : le blog de Jean-Baptiste FELDMANN, photographe du ciel","description":"&quot;J&#039;ai en moi un besoin terrible. Dirais-je le mot? La religion. Alors, je sors la nuit et je peins des \u00e9toiles.&quot;  Vincent van Gogh","potentialAction":[{"@type":"SearchAction","target":{"@type":"EntryPoint","urlTemplate":"https:\/\/blogs.futura-sciences.com\/feldmann\/?s={search_term_string}"},"query-input":{"@type":"PropertyValueSpecification","valueRequired":true,"valueName":"search_term_string"}}],"inLanguage":"fr-FR"},{"@type":"Person","@id":"https:\/\/blogs.futura-sciences.com\/feldmann\/#\/schema\/person\/62b391b709c307783237b759b62731ea","name":"Jean-Baptiste FELDMANN","image":{"@type":"ImageObject","inLanguage":"fr-FR","@id":"https:\/\/blogs.futura-sciences.com\/feldmann\/#\/schema\/person\/image\/","url":"https:\/\/secure.gravatar.com\/avatar\/41f96607fde7a81a14570eec74177c42?s=96&d=mm&r=g","contentUrl":"https:\/\/secure.gravatar.com\/avatar\/41f96607fde7a81a14570eec74177c42?s=96&d=mm&r=g","caption":"Jean-Baptiste FELDMANN"},"url":"https:\/\/blogs.futura-sciences.com\/feldmann\/author\/jbfe\/"}]}},"_links":{"self":[{"href":"https:\/\/blogs.futura-sciences.com\/feldmann\/wp-json\/wp\/v2\/posts\/315","targetHints":{"allow":["GET"]}}],"collection":[{"href":"https:\/\/blogs.futura-sciences.com\/feldmann\/wp-json\/wp\/v2\/posts"}],"about":[{"href":"https:\/\/blogs.futura-sciences.com\/feldmann\/wp-json\/wp\/v2\/types\/post"}],"author":[{"embeddable":true,"href":"https:\/\/blogs.futura-sciences.com\/feldmann\/wp-json\/wp\/v2\/users\/8"}],"replies":[{"embeddable":true,"href":"https:\/\/blogs.futura-sciences.com\/feldmann\/wp-json\/wp\/v2\/comments?post=315"}],"version-history":[{"count":21,"href":"https:\/\/blogs.futura-sciences.com\/feldmann\/wp-json\/wp\/v2\/posts\/315\/revisions"}],"predecessor-version":[{"id":22599,"href":"https:\/\/blogs.futura-sciences.com\/feldmann\/wp-json\/wp\/v2\/posts\/315\/revisions\/22599"}],"wp:featuredmedia":[{"embeddable":true,"href":"https:\/\/blogs.futura-sciences.com\/feldmann\/wp-json\/wp\/v2\/media\/316"}],"wp:attachment":[{"href":"https:\/\/blogs.futura-sciences.com\/feldmann\/wp-json\/wp\/v2\/media?parent=315"}],"wp:term":[{"taxonomy":"category","embeddable":true,"href":"https:\/\/blogs.futura-sciences.com\/feldmann\/wp-json\/wp\/v2\/categories?post=315"},{"taxonomy":"post_tag","embeddable":true,"href":"https:\/\/blogs.futura-sciences.com\/feldmann\/wp-json\/wp\/v2\/tags?post=315"}],"curies":[{"name":"wp","href":"https:\/\/api.w.org\/{rel}","templated":true}]}}