{"id":2971,"date":"2015-06-12T04:48:51","date_gmt":"2015-06-12T04:48:51","guid":{"rendered":"https:\/\/blogs.futura-sciences.com\/feldmann\/?p=2971"},"modified":"2015-06-13T04:36:25","modified_gmt":"2015-06-13T04:36:25","slug":"ce-soir-venus-sapproche-de-lamas-de-la-creche","status":"publish","type":"post","link":"https:\/\/blogs.futura-sciences.com\/feldmann\/2015\/06\/12\/ce-soir-venus-sapproche-de-lamas-de-la-creche\/","title":{"rendered":"Ce soir V\u00e9nus s&#8217;approche de l&#8217;amas de la Cr\u00e8che"},"content":{"rendered":"<p><strong>V\u00e9nus, la plus brillante plan\u00e8te du Syst\u00e8me solaire, sera ce soir \u00e0 moins de 1\u00b0 de Messier 44, le c\u00e9l\u00e8bre amas de la Cr\u00e8che dans la constellation du Cancer.<\/strong><\/p>\n<p>C&#8217;est \u00e0 un nouveau rendez-vous c\u00e9leste que nous convie l&#8217;\u00e9clatante <a href=\"https:\/\/blogs.futura-sciences.com\/feldmann\/2015\/03\/29\/venus-une-planete-bien-inhospitaliere\/\" target=\"_blank\">V\u00e9nus <\/a>(magnitude -4)\u00a0: vers 23 h (heure locale), lorsque le ciel sera assez sombre, vous retrouverez la seconde plan\u00e8te du Syst\u00e8me solaire juste \u00e0 c\u00f4t\u00e9 de l&#8217;<a href=\"https:\/\/blogs.futura-sciences.com\/feldmann\/2015\/06\/04\/les-etoiles-scintillent-dans-lamas-de-la-creche\/\" target=\"_blank\">amas de la Cr\u00e8che<\/a>, au-dessus de l&#8217;horizon ouest.<\/p>\n<p><a href=\"https:\/\/blogs.futura-sciences.com\/feldmann\/wp-content\/uploads\/sites\/9\/2015\/06\/venus_amascreche.jpg\" rel=\"lightbox[2971]\"><img loading=\"lazy\" decoding=\"async\" class=\"alignnone size-medium wp-image-2972\" src=\"https:\/\/blogs.futura-sciences.com\/feldmann\/wp-content\/uploads\/sites\/9\/2015\/06\/venus_amascreche-450x340.jpg\" alt=\"venus_amascreche\" width=\"450\" height=\"340\" srcset=\"https:\/\/blogs.futura-sciences.com\/feldmann\/wp-content\/uploads\/sites\/9\/2015\/06\/venus_amascreche-450x340.jpg 450w, https:\/\/blogs.futura-sciences.com\/feldmann\/wp-content\/uploads\/sites\/9\/2015\/06\/venus_amascreche.jpg 886w\" sizes=\"auto, (max-width: 450px) 100vw, 450px\" \/><\/a><\/p>\n<p>Depuis le d\u00e9but de l&#8217;ann\u00e9e V\u00e9nus remonte dans le ciel le long de l&#8217;\u00e9cliptique, ce qui lui donne l&#8217;occasion de croiser au plus pr\u00e8s de nombreux astres\u00a0: ce fut d&#8217;abord <a href=\"https:\/\/blogs.futura-sciences.com\/feldmann\/2015\/01\/13\/venus-et-mercure-au-crepuscule\/\" target=\"_blank\">Mercure <\/a>en janvier, puis la <a href=\"https:\/\/blogs.futura-sciences.com\/feldmann\/2015\/02\/16\/un-selfie-avec-les-planetes-mars-et-venus\/\" target=\"_blank\">Plan\u00e8te rouge<\/a> en f\u00e9vrier, <a href=\"https:\/\/blogs.futura-sciences.com\/feldmann\/2015\/03\/09\/discrete-la-planete-uranus-glisse-entre-venus-et-mars\/\" target=\"_blank\">Uranus <\/a>au mois de mars, l&#8217;amas d&#8217;\u00e9toiles des <a href=\"https:\/\/blogs.futura-sciences.com\/feldmann\/2015\/04\/09\/en-images-venus-sapproche-de-lamas-des-pleiades\/\" target=\"_blank\">Pl\u00e9iades <\/a>en avril et enfin <a href=\"https:\/\/blogs.futura-sciences.com\/feldmann\/2015\/05\/10\/venus-croise-lamas-detoiles-messier-35\/\" target=\"_blank\">Messier 35<\/a> courant mai.<\/p>\n<p><!--more-->Ce soir c&#8217;est au tour de Messier 44, l&#8217;amas de la Cr\u00e8che, de recevoir la visite de V\u00e9nus, plus d&#8217;un mois apr\u00e8s celle de <a href=\"https:\/\/blogs.futura-sciences.com\/feldmann\/2015\/04\/30\/jupiter-en-compagnie-de-lamas-de-la-creche\/\" target=\"_blank\">Jupiter<\/a>.<\/p>\n<p>Le montage ci-dessus repr\u00e9sente le champ stellaire que vous verrez dans une paire de jumelles ou une petite <a href=\"https:\/\/blogs.futura-sciences.com\/feldmann\/2015\/05\/05\/bien-choisir-sa-premiere-lunette-astronomique\/\" target=\"_blank\">lunette astronomique<\/a>, mais les observateurs install\u00e9s loin de toute <a href=\"https:\/\/blogs.futura-sciences.com\/feldmann\/2014\/06\/28\/pollution-lumineuse\/\" target=\"_blank\">pollution lumineuse<\/a> devineront sans peine l&#8217;amas de la Cr\u00e8che \u00e0 l&#8217;\u0153il nu (sa magnitude moyenne est estim\u00e9e \u00e0 3,7).<\/p>\n<p>V\u00e9nus va ensuite s&#8217;\u00e9loigner de l&#8217;amas mais nous promet d&#8217;autres belles rencontres\u00a0: les 19 et 20 juin ce sera avec le croissant de Lune et Jupiter, et 10 jours plus tard <a href=\"https:\/\/blogs.futura-sciences.com\/feldmann\/2015\/05\/19\/jupiter-et-venus-preparent-leur-rendez-vous-du-30-juin\/\" target=\"_blank\">Jupiter et V\u00e9nus<\/a> ne seront plus qu&#8217;\u00e0 22 minutes d&#8217;arc l&#8217;une de l&#8217;autre.<\/p>\n<p>Je vous rappelle que tous ces rapprochements ne sont qu&#8217;apparents\u00a0: si nous voyons depuis notre observatoire terrestre des astres serr\u00e9s l&#8217;un contre l&#8217;autre c&#8217;est qu&#8217;ils sont dans la m\u00eame direction, mais la distance qui les s\u00e9pare est \u00e9norme\u00a0!<\/p>\n<!-- AddThis Advanced Settings generic via filter on the_content --><!-- AddThis Share Buttons generic via filter on the_content -->","protected":false},"excerpt":{"rendered":"<p>V\u00e9nus, la plus brillante plan\u00e8te du Syst\u00e8me solaire, sera ce soir \u00e0 moins de 1\u00b0 de Messier 44, le c\u00e9l\u00e8bre amas de la Cr\u00e8che dans la constellation du Cancer. C&#8217;est \u00e0 un nouveau rendez-vous c\u00e9leste que nous convie l&#8217;\u00e9clatante V\u00e9nus (magnitude -4)\u00a0: vers 23 h (heure locale), lorsque le ciel sera assez sombre, vous retrouverez &hellip; <a href=\"https:\/\/blogs.futura-sciences.com\/feldmann\/2015\/06\/12\/ce-soir-venus-sapproche-de-lamas-de-la-creche\/\" class=\"more-link\">Continuer la lecture de <span class=\"screen-reader-text\">Ce soir V\u00e9nus s&#8217;approche de l&#8217;amas de la Cr\u00e8che<\/span>  <span class=\"meta-nav\">&rarr;<\/span><\/a><!-- AddThis Advanced Settings generic via filter on get_the_excerpt --><!-- AddThis Share Buttons generic via filter on get_the_excerpt --><\/p>\n","protected":false},"author":8,"featured_media":2972,"comment_status":"open","ping_status":"open","sticky":false,"template":"","format":"standard","meta":{"footnotes":"","_links_to":"","_links_to_target":""},"categories":[509],"tags":[434,438,433,114,159],"class_list":["post-2971","post","type-post","status-publish","format-standard","has-post-thumbnail","hentry","category-actualites","tag-amas-de-la-creche","tag-constellation-du-cancer","tag-messier-44","tag-planete","tag-venus"],"yoast_head":"<!-- This site is optimized with the Yoast SEO plugin v24.1 - https:\/\/yoast.com\/wordpress\/plugins\/seo\/ -->\n<title>Ce soir V\u00e9nus s&#039;approche de l&#039;amas de la Cr\u00e8che<\/title>\n<meta name=\"description\" content=\"V\u00e9nus, la plus brillante plan\u00e8te du Syst\u00e8me solaire, sera ce soir \u00e0 moins de 1\u00b0 de Messier 44, le c\u00e9l\u00e8bre amas de la Cr\u00e8che dans la constellation du Cancer.\" \/>\n<meta name=\"robots\" content=\"index, follow, max-snippet:-1, max-image-preview:large, max-video-preview:-1\" \/>\n<link rel=\"canonical\" href=\"https:\/\/blogs.futura-sciences.com\/feldmann\/2015\/06\/12\/ce-soir-venus-sapproche-de-lamas-de-la-creche\/\" \/>\n<meta property=\"og:locale\" content=\"fr_FR\" \/>\n<meta property=\"og:type\" content=\"article\" \/>\n<meta property=\"og:title\" content=\"Ce soir V\u00e9nus s&#039;approche de l&#039;amas de la Cr\u00e8che\" \/>\n<meta property=\"og:description\" content=\"V\u00e9nus, la plus brillante plan\u00e8te du Syst\u00e8me solaire, sera ce soir \u00e0 moins de 1\u00b0 de Messier 44, le c\u00e9l\u00e8bre amas de la Cr\u00e8che dans la constellation du Cancer.\" \/>\n<meta property=\"og:url\" content=\"https:\/\/blogs.futura-sciences.com\/feldmann\/2015\/06\/12\/ce-soir-venus-sapproche-de-lamas-de-la-creche\/\" \/>\n<meta property=\"og:site_name\" content=\"CIELMANIA : le blog de Jean-Baptiste FELDMANN, photographe du ciel\" \/>\n<meta property=\"article:published_time\" content=\"2015-06-12T04:48:51+00:00\" \/>\n<meta property=\"article:modified_time\" content=\"2015-06-13T04:36:25+00:00\" \/>\n<meta property=\"og:image\" content=\"https:\/\/blogs.futura-sciences.com\/feldmann\/wp-content\/uploads\/sites\/9\/2015\/06\/venus_amascreche.jpg\" \/>\n\t<meta property=\"og:image:width\" content=\"886\" \/>\n\t<meta property=\"og:image:height\" content=\"670\" \/>\n\t<meta property=\"og:image:type\" content=\"image\/jpeg\" \/>\n<meta name=\"author\" content=\"Jean-Baptiste FELDMANN\" \/>\n<meta name=\"twitter:card\" content=\"summary_large_image\" \/>\n<meta name=\"twitter:label1\" content=\"\u00c9crit par\" \/>\n\t<meta name=\"twitter:data1\" content=\"Jean-Baptiste FELDMANN\" \/>\n\t<meta name=\"twitter:label2\" content=\"Dur\u00e9e de lecture estim\u00e9e\" \/>\n\t<meta name=\"twitter:data2\" content=\"2 minutes\" \/>\n<script type=\"application\/ld+json\" class=\"yoast-schema-graph\">{\"@context\":\"https:\/\/schema.org\",\"@graph\":[{\"@type\":\"WebPage\",\"@id\":\"https:\/\/blogs.futura-sciences.com\/feldmann\/2015\/06\/12\/ce-soir-venus-sapproche-de-lamas-de-la-creche\/\",\"url\":\"https:\/\/blogs.futura-sciences.com\/feldmann\/2015\/06\/12\/ce-soir-venus-sapproche-de-lamas-de-la-creche\/\",\"name\":\"Ce soir V\u00e9nus s'approche de l'amas de la Cr\u00e8che\",\"isPartOf\":{\"@id\":\"https:\/\/blogs.futura-sciences.com\/feldmann\/#website\"},\"primaryImageOfPage\":{\"@id\":\"https:\/\/blogs.futura-sciences.com\/feldmann\/2015\/06\/12\/ce-soir-venus-sapproche-de-lamas-de-la-creche\/#primaryimage\"},\"image\":{\"@id\":\"https:\/\/blogs.futura-sciences.com\/feldmann\/2015\/06\/12\/ce-soir-venus-sapproche-de-lamas-de-la-creche\/#primaryimage\"},\"thumbnailUrl\":\"https:\/\/blogs.futura-sciences.com\/feldmann\/wp-content\/uploads\/sites\/9\/2015\/06\/venus_amascreche.jpg\",\"datePublished\":\"2015-06-12T04:48:51+00:00\",\"dateModified\":\"2015-06-13T04:36:25+00:00\",\"author\":{\"@id\":\"https:\/\/blogs.futura-sciences.com\/feldmann\/#\/schema\/person\/62b391b709c307783237b759b62731ea\"},\"description\":\"V\u00e9nus, la plus brillante plan\u00e8te du Syst\u00e8me solaire, sera ce soir \u00e0 moins de 1\u00b0 de Messier 44, le c\u00e9l\u00e8bre amas de la Cr\u00e8che dans la constellation du Cancer.\",\"inLanguage\":\"fr-FR\",\"potentialAction\":[{\"@type\":\"ReadAction\",\"target\":[\"https:\/\/blogs.futura-sciences.com\/feldmann\/2015\/06\/12\/ce-soir-venus-sapproche-de-lamas-de-la-creche\/\"]}]},{\"@type\":\"ImageObject\",\"inLanguage\":\"fr-FR\",\"@id\":\"https:\/\/blogs.futura-sciences.com\/feldmann\/2015\/06\/12\/ce-soir-venus-sapproche-de-lamas-de-la-creche\/#primaryimage\",\"url\":\"https:\/\/blogs.futura-sciences.com\/feldmann\/wp-content\/uploads\/sites\/9\/2015\/06\/venus_amascreche.jpg\",\"contentUrl\":\"https:\/\/blogs.futura-sciences.com\/feldmann\/wp-content\/uploads\/sites\/9\/2015\/06\/venus_amascreche.jpg\",\"width\":886,\"height\":670,\"caption\":\"Dessin d'un passage de V\u00e9nus \u00e0 proximit\u00e9 de l'amas de la Cr\u00e8che. \u00a9 Jean-Baptiste Feldmann\"},{\"@type\":\"WebSite\",\"@id\":\"https:\/\/blogs.futura-sciences.com\/feldmann\/#website\",\"url\":\"https:\/\/blogs.futura-sciences.com\/feldmann\/\",\"name\":\"CIELMANIA : le blog de Jean-Baptiste FELDMANN, photographe du ciel\",\"description\":\"&quot;J&#039;ai en moi un besoin terrible. Dirais-je le mot? La religion. Alors, je sors la nuit et je peins des \u00e9toiles.&quot;  Vincent van Gogh\",\"potentialAction\":[{\"@type\":\"SearchAction\",\"target\":{\"@type\":\"EntryPoint\",\"urlTemplate\":\"https:\/\/blogs.futura-sciences.com\/feldmann\/?s={search_term_string}\"},\"query-input\":{\"@type\":\"PropertyValueSpecification\",\"valueRequired\":true,\"valueName\":\"search_term_string\"}}],\"inLanguage\":\"fr-FR\"},{\"@type\":\"Person\",\"@id\":\"https:\/\/blogs.futura-sciences.com\/feldmann\/#\/schema\/person\/62b391b709c307783237b759b62731ea\",\"name\":\"Jean-Baptiste FELDMANN\",\"image\":{\"@type\":\"ImageObject\",\"inLanguage\":\"fr-FR\",\"@id\":\"https:\/\/blogs.futura-sciences.com\/feldmann\/#\/schema\/person\/image\/\",\"url\":\"https:\/\/secure.gravatar.com\/avatar\/41f96607fde7a81a14570eec74177c42?s=96&d=mm&r=g\",\"contentUrl\":\"https:\/\/secure.gravatar.com\/avatar\/41f96607fde7a81a14570eec74177c42?s=96&d=mm&r=g\",\"caption\":\"Jean-Baptiste FELDMANN\"},\"url\":\"https:\/\/blogs.futura-sciences.com\/feldmann\/author\/jbfe\/\"}]}<\/script>\n<!-- \/ Yoast SEO plugin. -->","yoast_head_json":{"title":"Ce soir V\u00e9nus s'approche de l'amas de la Cr\u00e8che","description":"V\u00e9nus, la plus brillante plan\u00e8te du Syst\u00e8me solaire, sera ce soir \u00e0 moins de 1\u00b0 de Messier 44, le c\u00e9l\u00e8bre amas de la Cr\u00e8che dans la constellation du Cancer.","robots":{"index":"index","follow":"follow","max-snippet":"max-snippet:-1","max-image-preview":"max-image-preview:large","max-video-preview":"max-video-preview:-1"},"canonical":"https:\/\/blogs.futura-sciences.com\/feldmann\/2015\/06\/12\/ce-soir-venus-sapproche-de-lamas-de-la-creche\/","og_locale":"fr_FR","og_type":"article","og_title":"Ce soir V\u00e9nus s'approche de l'amas de la Cr\u00e8che","og_description":"V\u00e9nus, la plus brillante plan\u00e8te du Syst\u00e8me solaire, sera ce soir \u00e0 moins de 1\u00b0 de Messier 44, le c\u00e9l\u00e8bre amas de la Cr\u00e8che dans la constellation du Cancer.","og_url":"https:\/\/blogs.futura-sciences.com\/feldmann\/2015\/06\/12\/ce-soir-venus-sapproche-de-lamas-de-la-creche\/","og_site_name":"CIELMANIA : le blog de Jean-Baptiste FELDMANN, photographe du ciel","article_published_time":"2015-06-12T04:48:51+00:00","article_modified_time":"2015-06-13T04:36:25+00:00","og_image":[{"width":886,"height":670,"url":"https:\/\/blogs.futura-sciences.com\/feldmann\/wp-content\/uploads\/sites\/9\/2015\/06\/venus_amascreche.jpg","type":"image\/jpeg"}],"author":"Jean-Baptiste FELDMANN","twitter_card":"summary_large_image","twitter_misc":{"\u00c9crit par":"Jean-Baptiste FELDMANN","Dur\u00e9e de lecture estim\u00e9e":"2 minutes"},"schema":{"@context":"https:\/\/schema.org","@graph":[{"@type":"WebPage","@id":"https:\/\/blogs.futura-sciences.com\/feldmann\/2015\/06\/12\/ce-soir-venus-sapproche-de-lamas-de-la-creche\/","url":"https:\/\/blogs.futura-sciences.com\/feldmann\/2015\/06\/12\/ce-soir-venus-sapproche-de-lamas-de-la-creche\/","name":"Ce soir V\u00e9nus s'approche de l'amas de la Cr\u00e8che","isPartOf":{"@id":"https:\/\/blogs.futura-sciences.com\/feldmann\/#website"},"primaryImageOfPage":{"@id":"https:\/\/blogs.futura-sciences.com\/feldmann\/2015\/06\/12\/ce-soir-venus-sapproche-de-lamas-de-la-creche\/#primaryimage"},"image":{"@id":"https:\/\/blogs.futura-sciences.com\/feldmann\/2015\/06\/12\/ce-soir-venus-sapproche-de-lamas-de-la-creche\/#primaryimage"},"thumbnailUrl":"https:\/\/blogs.futura-sciences.com\/feldmann\/wp-content\/uploads\/sites\/9\/2015\/06\/venus_amascreche.jpg","datePublished":"2015-06-12T04:48:51+00:00","dateModified":"2015-06-13T04:36:25+00:00","author":{"@id":"https:\/\/blogs.futura-sciences.com\/feldmann\/#\/schema\/person\/62b391b709c307783237b759b62731ea"},"description":"V\u00e9nus, la plus brillante plan\u00e8te du Syst\u00e8me solaire, sera ce soir \u00e0 moins de 1\u00b0 de Messier 44, le c\u00e9l\u00e8bre amas de la Cr\u00e8che dans la constellation du Cancer.","inLanguage":"fr-FR","potentialAction":[{"@type":"ReadAction","target":["https:\/\/blogs.futura-sciences.com\/feldmann\/2015\/06\/12\/ce-soir-venus-sapproche-de-lamas-de-la-creche\/"]}]},{"@type":"ImageObject","inLanguage":"fr-FR","@id":"https:\/\/blogs.futura-sciences.com\/feldmann\/2015\/06\/12\/ce-soir-venus-sapproche-de-lamas-de-la-creche\/#primaryimage","url":"https:\/\/blogs.futura-sciences.com\/feldmann\/wp-content\/uploads\/sites\/9\/2015\/06\/venus_amascreche.jpg","contentUrl":"https:\/\/blogs.futura-sciences.com\/feldmann\/wp-content\/uploads\/sites\/9\/2015\/06\/venus_amascreche.jpg","width":886,"height":670,"caption":"Dessin d'un passage de V\u00e9nus \u00e0 proximit\u00e9 de l'amas de la Cr\u00e8che. \u00a9 Jean-Baptiste Feldmann"},{"@type":"WebSite","@id":"https:\/\/blogs.futura-sciences.com\/feldmann\/#website","url":"https:\/\/blogs.futura-sciences.com\/feldmann\/","name":"CIELMANIA : le blog de Jean-Baptiste FELDMANN, photographe du ciel","description":"&quot;J&#039;ai en moi un besoin terrible. Dirais-je le mot? La religion. Alors, je sors la nuit et je peins des \u00e9toiles.&quot;  Vincent van Gogh","potentialAction":[{"@type":"SearchAction","target":{"@type":"EntryPoint","urlTemplate":"https:\/\/blogs.futura-sciences.com\/feldmann\/?s={search_term_string}"},"query-input":{"@type":"PropertyValueSpecification","valueRequired":true,"valueName":"search_term_string"}}],"inLanguage":"fr-FR"},{"@type":"Person","@id":"https:\/\/blogs.futura-sciences.com\/feldmann\/#\/schema\/person\/62b391b709c307783237b759b62731ea","name":"Jean-Baptiste FELDMANN","image":{"@type":"ImageObject","inLanguage":"fr-FR","@id":"https:\/\/blogs.futura-sciences.com\/feldmann\/#\/schema\/person\/image\/","url":"https:\/\/secure.gravatar.com\/avatar\/41f96607fde7a81a14570eec74177c42?s=96&d=mm&r=g","contentUrl":"https:\/\/secure.gravatar.com\/avatar\/41f96607fde7a81a14570eec74177c42?s=96&d=mm&r=g","caption":"Jean-Baptiste FELDMANN"},"url":"https:\/\/blogs.futura-sciences.com\/feldmann\/author\/jbfe\/"}]}},"_links":{"self":[{"href":"https:\/\/blogs.futura-sciences.com\/feldmann\/wp-json\/wp\/v2\/posts\/2971","targetHints":{"allow":["GET"]}}],"collection":[{"href":"https:\/\/blogs.futura-sciences.com\/feldmann\/wp-json\/wp\/v2\/posts"}],"about":[{"href":"https:\/\/blogs.futura-sciences.com\/feldmann\/wp-json\/wp\/v2\/types\/post"}],"author":[{"embeddable":true,"href":"https:\/\/blogs.futura-sciences.com\/feldmann\/wp-json\/wp\/v2\/users\/8"}],"replies":[{"embeddable":true,"href":"https:\/\/blogs.futura-sciences.com\/feldmann\/wp-json\/wp\/v2\/comments?post=2971"}],"version-history":[{"count":1,"href":"https:\/\/blogs.futura-sciences.com\/feldmann\/wp-json\/wp\/v2\/posts\/2971\/revisions"}],"predecessor-version":[{"id":2973,"href":"https:\/\/blogs.futura-sciences.com\/feldmann\/wp-json\/wp\/v2\/posts\/2971\/revisions\/2973"}],"wp:featuredmedia":[{"embeddable":true,"href":"https:\/\/blogs.futura-sciences.com\/feldmann\/wp-json\/wp\/v2\/media\/2972"}],"wp:attachment":[{"href":"https:\/\/blogs.futura-sciences.com\/feldmann\/wp-json\/wp\/v2\/media?parent=2971"}],"wp:term":[{"taxonomy":"category","embeddable":true,"href":"https:\/\/blogs.futura-sciences.com\/feldmann\/wp-json\/wp\/v2\/categories?post=2971"},{"taxonomy":"post_tag","embeddable":true,"href":"https:\/\/blogs.futura-sciences.com\/feldmann\/wp-json\/wp\/v2\/tags?post=2971"}],"curies":[{"name":"wp","href":"https:\/\/api.w.org\/{rel}","templated":true}]}}