{"id":2918,"date":"2015-06-03T04:49:53","date_gmt":"2015-06-03T04:49:53","guid":{"rendered":"https:\/\/blogs.futura-sciences.com\/feldmann\/?p=2918"},"modified":"2015-06-09T04:55:59","modified_gmt":"2015-06-09T04:55:59","slug":"retour-sur-la-pleine-lune-des-fraises-en-images","status":"publish","type":"post","link":"https:\/\/blogs.futura-sciences.com\/feldmann\/2015\/06\/03\/retour-sur-la-pleine-lune-des-fraises-en-images\/","title":{"rendered":"Retour sur la Pleine Lune des fraises en images"},"content":{"rendered":"<p><strong>Hier soir s&#8217;est produite la sixi\u00e8me Pleine Lune de l&#8217;ann\u00e9e, la Pleine Lune des fraises. La chaleur de la journ\u00e9e lui a donn\u00e9 une belle couleur.<\/strong><\/p>\n<p>Dans l&#8217;h\u00e9misph\u00e8re nord, la <a href=\"https:\/\/blogs.futura-sciences.com\/feldmann\/2015\/04\/18\/la-pleine-lune-influence-t-elle-la-vie-des-terriens\/\" target=\"_blank\">Pleine Lune<\/a> du mois de juin est parfois surnomm\u00e9e la Pleine Lune de la chaleur, et celle d&#8217;hier soir m\u00e9ritait bien ce titre apr\u00e8s une chaude journ\u00e9e sur une grande partie du territoire fran\u00e7ais.<\/p>\n<p><a href=\"https:\/\/blogs.futura-sciences.com\/feldmann\/wp-content\/uploads\/sites\/9\/2015\/06\/pleine_lune11.jpg\" rel=\"lightbox[2918]\"><img loading=\"lazy\" decoding=\"async\" class=\"alignnone size-medium wp-image-2920\" src=\"https:\/\/blogs.futura-sciences.com\/feldmann\/wp-content\/uploads\/sites\/9\/2015\/06\/pleine_lune11-450x336.jpg\" alt=\"pleine_lune11\" width=\"450\" height=\"336\" srcset=\"https:\/\/blogs.futura-sciences.com\/feldmann\/wp-content\/uploads\/sites\/9\/2015\/06\/pleine_lune11-450x336.jpg 450w, https:\/\/blogs.futura-sciences.com\/feldmann\/wp-content\/uploads\/sites\/9\/2015\/06\/pleine_lune11-1024x765.jpg 1024w, https:\/\/blogs.futura-sciences.com\/feldmann\/wp-content\/uploads\/sites\/9\/2015\/06\/pleine_lune11.jpg 1204w\" sizes=\"auto, (max-width: 450px) 100vw, 450px\" \/><\/a><\/p>\n<p>Notre satellite naturel s&#8217;est \u00e9lev\u00e9 peu apr\u00e8s 21 h (heure locale), par\u00e9 d&#8217;une jolie teinte cuivr\u00e9e, puis il a travers\u00e9 le ciel tout au long de la nuit, survolant l&#8217;horizon sud \u00e0 moins de 30\u00b0 de hauteur.<\/p>\n<p><!--more-->L&#8217;ann\u00e9e derni\u00e8re nous avions eu droit \u00e9galement \u00e0 une belle couleur de la Lune \u00e0 son lever qui avait peut-\u00eatre inqui\u00e9t\u00e9 certaines personnes superstitieuses, puisque la Pleine Lune des fraises tombait un <a href=\"https:\/\/blogs.futura-sciences.com\/feldmann\/2014\/06\/13\/pleine-lune-du-vendredi-13\/\" target=\"_blank\">vendredi 13<\/a> !<\/p>\n<p><a href=\"https:\/\/blogs.futura-sciences.com\/feldmann\/wp-content\/uploads\/sites\/9\/2015\/06\/pleine_lune13.jpg\" rel=\"lightbox[2918]\"><img loading=\"lazy\" decoding=\"async\" class=\"alignnone size-medium wp-image-2922\" src=\"https:\/\/blogs.futura-sciences.com\/feldmann\/wp-content\/uploads\/sites\/9\/2015\/06\/pleine_lune13-450x264.jpg\" alt=\"pleine_lune13\" width=\"450\" height=\"264\" srcset=\"https:\/\/blogs.futura-sciences.com\/feldmann\/wp-content\/uploads\/sites\/9\/2015\/06\/pleine_lune13-450x264.jpg 450w, https:\/\/blogs.futura-sciences.com\/feldmann\/wp-content\/uploads\/sites\/9\/2015\/06\/pleine_lune13-1024x602.jpg 1024w, https:\/\/blogs.futura-sciences.com\/feldmann\/wp-content\/uploads\/sites\/9\/2015\/06\/pleine_lune13.jpg 1532w\" sizes=\"auto, (max-width: 450px) 100vw, 450px\" \/><\/a><\/p>\n<p>Le mois prochain aura la particularit\u00e9 de comporter 2 Pleines Lunes, les 2 et 31 juillet.<\/p>\n<p><a href=\"https:\/\/blogs.futura-sciences.com\/feldmann\/wp-content\/uploads\/sites\/9\/2015\/06\/pleine_lune12.jpg\" rel=\"lightbox[2918]\"><img loading=\"lazy\" decoding=\"async\" class=\"alignnone size-medium wp-image-2921\" src=\"https:\/\/blogs.futura-sciences.com\/feldmann\/wp-content\/uploads\/sites\/9\/2015\/06\/pleine_lune12-450x338.jpg\" alt=\"pleine_lune12\" width=\"450\" height=\"338\" srcset=\"https:\/\/blogs.futura-sciences.com\/feldmann\/wp-content\/uploads\/sites\/9\/2015\/06\/pleine_lune12-450x338.jpg 450w, https:\/\/blogs.futura-sciences.com\/feldmann\/wp-content\/uploads\/sites\/9\/2015\/06\/pleine_lune12-1024x768.jpg 1024w, https:\/\/blogs.futura-sciences.com\/feldmann\/wp-content\/uploads\/sites\/9\/2015\/06\/pleine_lune12.jpg 1200w\" sizes=\"auto, (max-width: 450px) 100vw, 450px\" \/><\/a><\/p>\n<p>En attendant ces rendez-vous notre satellite naturel va d\u00e9cro\u00eetre dans les jours qui viennent jusqu&#8217;\u00e0 la Nouvelle Lune le 16 juin. 4 jours plus tard un jeune croissant s&#8217;approchera du couple plan\u00e9taire <a href=\"https:\/\/blogs.futura-sciences.com\/feldmann\/2015\/05\/19\/jupiter-et-venus-preparent-leur-rendez-vous-du-30-juin\/\" target=\"_blank\">Jupiter-V\u00e9nus<\/a>.<\/p>\n<p><a href=\"https:\/\/blogs.futura-sciences.com\/feldmann\/wp-content\/uploads\/sites\/9\/2015\/06\/pleine_lune14.jpg\" rel=\"lightbox[2918]\"><img loading=\"lazy\" decoding=\"async\" class=\" size-medium wp-image-2923 aligncenter\" src=\"https:\/\/blogs.futura-sciences.com\/feldmann\/wp-content\/uploads\/sites\/9\/2015\/06\/pleine_lune14-321x450.jpg\" alt=\"pleine_lune14\" width=\"321\" height=\"450\" srcset=\"https:\/\/blogs.futura-sciences.com\/feldmann\/wp-content\/uploads\/sites\/9\/2015\/06\/pleine_lune14-321x450.jpg 321w, https:\/\/blogs.futura-sciences.com\/feldmann\/wp-content\/uploads\/sites\/9\/2015\/06\/pleine_lune14-730x1024.jpg 730w, https:\/\/blogs.futura-sciences.com\/feldmann\/wp-content\/uploads\/sites\/9\/2015\/06\/pleine_lune14.jpg 856w\" sizes=\"auto, (max-width: 321px) 100vw, 321px\" \/><\/a><\/p>\n<!-- AddThis Advanced Settings generic via filter on the_content --><!-- AddThis Share Buttons generic via filter on the_content -->","protected":false},"excerpt":{"rendered":"<p>Hier soir s&#8217;est produite la sixi\u00e8me Pleine Lune de l&#8217;ann\u00e9e, la Pleine Lune des fraises. La chaleur de la journ\u00e9e lui a donn\u00e9 une belle couleur. Dans l&#8217;h\u00e9misph\u00e8re nord, la Pleine Lune du mois de juin est parfois surnomm\u00e9e la Pleine Lune de la chaleur, et celle d&#8217;hier soir m\u00e9ritait bien ce titre apr\u00e8s une &hellip; <a href=\"https:\/\/blogs.futura-sciences.com\/feldmann\/2015\/06\/03\/retour-sur-la-pleine-lune-des-fraises-en-images\/\" class=\"more-link\">Continuer la lecture de <span class=\"screen-reader-text\">Retour sur la Pleine Lune des fraises en images<\/span>  <span class=\"meta-nav\">&rarr;<\/span><\/a><!-- AddThis Advanced Settings generic via filter on get_the_excerpt --><!-- AddThis Share Buttons generic via filter on get_the_excerpt --><\/p>\n","protected":false},"author":8,"featured_media":2920,"comment_status":"open","ping_status":"open","sticky":false,"template":"","format":"standard","meta":{"footnotes":"","_links_to":"","_links_to_target":""},"categories":[83],"tags":[90,109,159],"class_list":["post-2918","post","type-post","status-publish","format-standard","has-post-thumbnail","hentry","category-la-lune","tag-jupiter","tag-pleine-lune","tag-venus"],"yoast_head":"<!-- This site is optimized with the Yoast SEO plugin v24.1 - https:\/\/yoast.com\/wordpress\/plugins\/seo\/ -->\n<title>Retour sur la Pleine Lune des fraises en images<\/title>\n<meta name=\"description\" content=\"Hier soir s&#039;est produite la sixi\u00e8me Pleine Lune de l&#039;ann\u00e9e, la Pleine Lune des fraises. La chaleur de la journ\u00e9e lui a donn\u00e9 une belle couleur.\" \/>\n<meta name=\"robots\" content=\"index, follow, max-snippet:-1, max-image-preview:large, max-video-preview:-1\" \/>\n<link rel=\"canonical\" href=\"https:\/\/blogs.futura-sciences.com\/feldmann\/2015\/06\/03\/retour-sur-la-pleine-lune-des-fraises-en-images\/\" \/>\n<meta property=\"og:locale\" content=\"fr_FR\" \/>\n<meta property=\"og:type\" content=\"article\" \/>\n<meta property=\"og:title\" content=\"Retour sur la Pleine Lune des fraises en images\" \/>\n<meta property=\"og:description\" content=\"Hier soir s&#039;est produite la sixi\u00e8me Pleine Lune de l&#039;ann\u00e9e, la Pleine Lune des fraises. La chaleur de la journ\u00e9e lui a donn\u00e9 une belle couleur.\" \/>\n<meta property=\"og:url\" content=\"https:\/\/blogs.futura-sciences.com\/feldmann\/2015\/06\/03\/retour-sur-la-pleine-lune-des-fraises-en-images\/\" \/>\n<meta property=\"og:site_name\" content=\"CIELMANIA : le blog de Jean-Baptiste FELDMANN, photographe du ciel\" \/>\n<meta property=\"article:published_time\" content=\"2015-06-03T04:49:53+00:00\" \/>\n<meta property=\"article:modified_time\" content=\"2015-06-09T04:55:59+00:00\" \/>\n<meta property=\"og:image\" content=\"https:\/\/blogs.futura-sciences.com\/feldmann\/wp-content\/uploads\/sites\/9\/2015\/06\/pleine_lune11.jpg\" \/>\n\t<meta property=\"og:image:width\" content=\"1204\" \/>\n\t<meta property=\"og:image:height\" content=\"900\" \/>\n\t<meta property=\"og:image:type\" content=\"image\/jpeg\" \/>\n<meta name=\"author\" content=\"Jean-Baptiste FELDMANN\" \/>\n<meta name=\"twitter:card\" content=\"summary_large_image\" \/>\n<meta name=\"twitter:label1\" content=\"\u00c9crit par\" \/>\n\t<meta name=\"twitter:data1\" content=\"Jean-Baptiste FELDMANN\" \/>\n\t<meta name=\"twitter:label2\" content=\"Dur\u00e9e de lecture estim\u00e9e\" \/>\n\t<meta name=\"twitter:data2\" content=\"1 minute\" \/>\n<script type=\"application\/ld+json\" class=\"yoast-schema-graph\">{\"@context\":\"https:\/\/schema.org\",\"@graph\":[{\"@type\":\"WebPage\",\"@id\":\"https:\/\/blogs.futura-sciences.com\/feldmann\/2015\/06\/03\/retour-sur-la-pleine-lune-des-fraises-en-images\/\",\"url\":\"https:\/\/blogs.futura-sciences.com\/feldmann\/2015\/06\/03\/retour-sur-la-pleine-lune-des-fraises-en-images\/\",\"name\":\"Retour sur la Pleine Lune des fraises en images\",\"isPartOf\":{\"@id\":\"https:\/\/blogs.futura-sciences.com\/feldmann\/#website\"},\"primaryImageOfPage\":{\"@id\":\"https:\/\/blogs.futura-sciences.com\/feldmann\/2015\/06\/03\/retour-sur-la-pleine-lune-des-fraises-en-images\/#primaryimage\"},\"image\":{\"@id\":\"https:\/\/blogs.futura-sciences.com\/feldmann\/2015\/06\/03\/retour-sur-la-pleine-lune-des-fraises-en-images\/#primaryimage\"},\"thumbnailUrl\":\"https:\/\/blogs.futura-sciences.com\/feldmann\/wp-content\/uploads\/sites\/9\/2015\/06\/pleine_lune11.jpg\",\"datePublished\":\"2015-06-03T04:49:53+00:00\",\"dateModified\":\"2015-06-09T04:55:59+00:00\",\"author\":{\"@id\":\"https:\/\/blogs.futura-sciences.com\/feldmann\/#\/schema\/person\/62b391b709c307783237b759b62731ea\"},\"description\":\"Hier soir s'est produite la sixi\u00e8me Pleine Lune de l'ann\u00e9e, la Pleine Lune des fraises. La chaleur de la journ\u00e9e lui a donn\u00e9 une belle couleur.\",\"inLanguage\":\"fr-FR\",\"potentialAction\":[{\"@type\":\"ReadAction\",\"target\":[\"https:\/\/blogs.futura-sciences.com\/feldmann\/2015\/06\/03\/retour-sur-la-pleine-lune-des-fraises-en-images\/\"]}]},{\"@type\":\"ImageObject\",\"inLanguage\":\"fr-FR\",\"@id\":\"https:\/\/blogs.futura-sciences.com\/feldmann\/2015\/06\/03\/retour-sur-la-pleine-lune-des-fraises-en-images\/#primaryimage\",\"url\":\"https:\/\/blogs.futura-sciences.com\/feldmann\/wp-content\/uploads\/sites\/9\/2015\/06\/pleine_lune11.jpg\",\"contentUrl\":\"https:\/\/blogs.futura-sciences.com\/feldmann\/wp-content\/uploads\/sites\/9\/2015\/06\/pleine_lune11.jpg\",\"width\":1204,\"height\":900},{\"@type\":\"WebSite\",\"@id\":\"https:\/\/blogs.futura-sciences.com\/feldmann\/#website\",\"url\":\"https:\/\/blogs.futura-sciences.com\/feldmann\/\",\"name\":\"CIELMANIA : le blog de Jean-Baptiste FELDMANN, photographe du ciel\",\"description\":\"&quot;J&#039;ai en moi un besoin terrible. Dirais-je le mot? La religion. Alors, je sors la nuit et je peins des \u00e9toiles.&quot;  Vincent van Gogh\",\"potentialAction\":[{\"@type\":\"SearchAction\",\"target\":{\"@type\":\"EntryPoint\",\"urlTemplate\":\"https:\/\/blogs.futura-sciences.com\/feldmann\/?s={search_term_string}\"},\"query-input\":{\"@type\":\"PropertyValueSpecification\",\"valueRequired\":true,\"valueName\":\"search_term_string\"}}],\"inLanguage\":\"fr-FR\"},{\"@type\":\"Person\",\"@id\":\"https:\/\/blogs.futura-sciences.com\/feldmann\/#\/schema\/person\/62b391b709c307783237b759b62731ea\",\"name\":\"Jean-Baptiste FELDMANN\",\"image\":{\"@type\":\"ImageObject\",\"inLanguage\":\"fr-FR\",\"@id\":\"https:\/\/blogs.futura-sciences.com\/feldmann\/#\/schema\/person\/image\/\",\"url\":\"https:\/\/secure.gravatar.com\/avatar\/41f96607fde7a81a14570eec74177c42?s=96&d=mm&r=g\",\"contentUrl\":\"https:\/\/secure.gravatar.com\/avatar\/41f96607fde7a81a14570eec74177c42?s=96&d=mm&r=g\",\"caption\":\"Jean-Baptiste FELDMANN\"},\"url\":\"https:\/\/blogs.futura-sciences.com\/feldmann\/author\/jbfe\/\"}]}<\/script>\n<!-- \/ Yoast SEO plugin. -->","yoast_head_json":{"title":"Retour sur la Pleine Lune des fraises en images","description":"Hier soir s'est produite la sixi\u00e8me Pleine Lune de l'ann\u00e9e, la Pleine Lune des fraises. La chaleur de la journ\u00e9e lui a donn\u00e9 une belle couleur.","robots":{"index":"index","follow":"follow","max-snippet":"max-snippet:-1","max-image-preview":"max-image-preview:large","max-video-preview":"max-video-preview:-1"},"canonical":"https:\/\/blogs.futura-sciences.com\/feldmann\/2015\/06\/03\/retour-sur-la-pleine-lune-des-fraises-en-images\/","og_locale":"fr_FR","og_type":"article","og_title":"Retour sur la Pleine Lune des fraises en images","og_description":"Hier soir s'est produite la sixi\u00e8me Pleine Lune de l'ann\u00e9e, la Pleine Lune des fraises. La chaleur de la journ\u00e9e lui a donn\u00e9 une belle couleur.","og_url":"https:\/\/blogs.futura-sciences.com\/feldmann\/2015\/06\/03\/retour-sur-la-pleine-lune-des-fraises-en-images\/","og_site_name":"CIELMANIA : le blog de Jean-Baptiste FELDMANN, photographe du ciel","article_published_time":"2015-06-03T04:49:53+00:00","article_modified_time":"2015-06-09T04:55:59+00:00","og_image":[{"width":1204,"height":900,"url":"https:\/\/blogs.futura-sciences.com\/feldmann\/wp-content\/uploads\/sites\/9\/2015\/06\/pleine_lune11.jpg","type":"image\/jpeg"}],"author":"Jean-Baptiste FELDMANN","twitter_card":"summary_large_image","twitter_misc":{"\u00c9crit par":"Jean-Baptiste FELDMANN","Dur\u00e9e de lecture estim\u00e9e":"1 minute"},"schema":{"@context":"https:\/\/schema.org","@graph":[{"@type":"WebPage","@id":"https:\/\/blogs.futura-sciences.com\/feldmann\/2015\/06\/03\/retour-sur-la-pleine-lune-des-fraises-en-images\/","url":"https:\/\/blogs.futura-sciences.com\/feldmann\/2015\/06\/03\/retour-sur-la-pleine-lune-des-fraises-en-images\/","name":"Retour sur la Pleine Lune des fraises en images","isPartOf":{"@id":"https:\/\/blogs.futura-sciences.com\/feldmann\/#website"},"primaryImageOfPage":{"@id":"https:\/\/blogs.futura-sciences.com\/feldmann\/2015\/06\/03\/retour-sur-la-pleine-lune-des-fraises-en-images\/#primaryimage"},"image":{"@id":"https:\/\/blogs.futura-sciences.com\/feldmann\/2015\/06\/03\/retour-sur-la-pleine-lune-des-fraises-en-images\/#primaryimage"},"thumbnailUrl":"https:\/\/blogs.futura-sciences.com\/feldmann\/wp-content\/uploads\/sites\/9\/2015\/06\/pleine_lune11.jpg","datePublished":"2015-06-03T04:49:53+00:00","dateModified":"2015-06-09T04:55:59+00:00","author":{"@id":"https:\/\/blogs.futura-sciences.com\/feldmann\/#\/schema\/person\/62b391b709c307783237b759b62731ea"},"description":"Hier soir s'est produite la sixi\u00e8me Pleine Lune de l'ann\u00e9e, la Pleine Lune des fraises. La chaleur de la journ\u00e9e lui a donn\u00e9 une belle couleur.","inLanguage":"fr-FR","potentialAction":[{"@type":"ReadAction","target":["https:\/\/blogs.futura-sciences.com\/feldmann\/2015\/06\/03\/retour-sur-la-pleine-lune-des-fraises-en-images\/"]}]},{"@type":"ImageObject","inLanguage":"fr-FR","@id":"https:\/\/blogs.futura-sciences.com\/feldmann\/2015\/06\/03\/retour-sur-la-pleine-lune-des-fraises-en-images\/#primaryimage","url":"https:\/\/blogs.futura-sciences.com\/feldmann\/wp-content\/uploads\/sites\/9\/2015\/06\/pleine_lune11.jpg","contentUrl":"https:\/\/blogs.futura-sciences.com\/feldmann\/wp-content\/uploads\/sites\/9\/2015\/06\/pleine_lune11.jpg","width":1204,"height":900},{"@type":"WebSite","@id":"https:\/\/blogs.futura-sciences.com\/feldmann\/#website","url":"https:\/\/blogs.futura-sciences.com\/feldmann\/","name":"CIELMANIA : le blog de Jean-Baptiste FELDMANN, photographe du ciel","description":"&quot;J&#039;ai en moi un besoin terrible. Dirais-je le mot? La religion. Alors, je sors la nuit et je peins des \u00e9toiles.&quot;  Vincent van Gogh","potentialAction":[{"@type":"SearchAction","target":{"@type":"EntryPoint","urlTemplate":"https:\/\/blogs.futura-sciences.com\/feldmann\/?s={search_term_string}"},"query-input":{"@type":"PropertyValueSpecification","valueRequired":true,"valueName":"search_term_string"}}],"inLanguage":"fr-FR"},{"@type":"Person","@id":"https:\/\/blogs.futura-sciences.com\/feldmann\/#\/schema\/person\/62b391b709c307783237b759b62731ea","name":"Jean-Baptiste FELDMANN","image":{"@type":"ImageObject","inLanguage":"fr-FR","@id":"https:\/\/blogs.futura-sciences.com\/feldmann\/#\/schema\/person\/image\/","url":"https:\/\/secure.gravatar.com\/avatar\/41f96607fde7a81a14570eec74177c42?s=96&d=mm&r=g","contentUrl":"https:\/\/secure.gravatar.com\/avatar\/41f96607fde7a81a14570eec74177c42?s=96&d=mm&r=g","caption":"Jean-Baptiste FELDMANN"},"url":"https:\/\/blogs.futura-sciences.com\/feldmann\/author\/jbfe\/"}]}},"_links":{"self":[{"href":"https:\/\/blogs.futura-sciences.com\/feldmann\/wp-json\/wp\/v2\/posts\/2918","targetHints":{"allow":["GET"]}}],"collection":[{"href":"https:\/\/blogs.futura-sciences.com\/feldmann\/wp-json\/wp\/v2\/posts"}],"about":[{"href":"https:\/\/blogs.futura-sciences.com\/feldmann\/wp-json\/wp\/v2\/types\/post"}],"author":[{"embeddable":true,"href":"https:\/\/blogs.futura-sciences.com\/feldmann\/wp-json\/wp\/v2\/users\/8"}],"replies":[{"embeddable":true,"href":"https:\/\/blogs.futura-sciences.com\/feldmann\/wp-json\/wp\/v2\/comments?post=2918"}],"version-history":[{"count":4,"href":"https:\/\/blogs.futura-sciences.com\/feldmann\/wp-json\/wp\/v2\/posts\/2918\/revisions"}],"predecessor-version":[{"id":2926,"href":"https:\/\/blogs.futura-sciences.com\/feldmann\/wp-json\/wp\/v2\/posts\/2918\/revisions\/2926"}],"wp:featuredmedia":[{"embeddable":true,"href":"https:\/\/blogs.futura-sciences.com\/feldmann\/wp-json\/wp\/v2\/media\/2920"}],"wp:attachment":[{"href":"https:\/\/blogs.futura-sciences.com\/feldmann\/wp-json\/wp\/v2\/media?parent=2918"}],"wp:term":[{"taxonomy":"category","embeddable":true,"href":"https:\/\/blogs.futura-sciences.com\/feldmann\/wp-json\/wp\/v2\/categories?post=2918"},{"taxonomy":"post_tag","embeddable":true,"href":"https:\/\/blogs.futura-sciences.com\/feldmann\/wp-json\/wp\/v2\/tags?post=2918"}],"curies":[{"name":"wp","href":"https:\/\/api.w.org\/{rel}","templated":true}]}}