{"id":2406,"date":"2015-04-04T06:01:37","date_gmt":"2015-04-04T06:01:37","guid":{"rendered":"https:\/\/blogs.futura-sciences.com\/feldmann\/?p=2406"},"modified":"2015-04-11T05:08:10","modified_gmt":"2015-04-11T05:08:10","slug":"le-volcan-mexicain-colima-en-eruption-sous-les-etoiles","status":"publish","type":"post","link":"https:\/\/blogs.futura-sciences.com\/feldmann\/2015\/04\/04\/le-volcan-mexicain-colima-en-eruption-sous-les-etoiles\/","title":{"rendered":"Le volcan mexicain Colima en \u00e9ruption sous les \u00e9toiles"},"content":{"rendered":"<p>C&#8217;est dans l&#8217;ouest du Mexique, au nord de la ville de Colima, que se dresse le Fuego de Colima, un jeune volcan qui culmine \u00e0 3850 m d&#8217;altitude. Le Fuego de Colima est tr\u00e8s actif puisqu&#8217;on d\u00e9nombre une bonne quarantaine d&#8217;\u00e9ruptions depuis 1576, date de la premi\u00e8re \u00e9ruption mentionn\u00e9e dans un texte. Les \u00e9pisodes \u00e9ruptifs sont g\u00e9n\u00e9ralement suivis de longues coul\u00e9es de lave visqueuse.<\/p>\n<p><a href=\"https:\/\/blogs.futura-sciences.com\/feldmann\/wp-content\/uploads\/sites\/9\/2015\/04\/volcan.jpg\" rel=\"lightbox[2406]\"><img loading=\"lazy\" decoding=\"async\" class=\"alignnone size-medium wp-image-2407\" src=\"https:\/\/blogs.futura-sciences.com\/feldmann\/wp-content\/uploads\/sites\/9\/2015\/04\/volcan-450x300.jpg\" alt=\"volcan\" width=\"450\" height=\"300\" srcset=\"https:\/\/blogs.futura-sciences.com\/feldmann\/wp-content\/uploads\/sites\/9\/2015\/04\/volcan-450x300.jpg 450w, https:\/\/blogs.futura-sciences.com\/feldmann\/wp-content\/uploads\/sites\/9\/2015\/04\/volcan-1024x682.jpg 1024w, https:\/\/blogs.futura-sciences.com\/feldmann\/wp-content\/uploads\/sites\/9\/2015\/04\/volcan.jpg 1350w\" sizes=\"auto, (max-width: 450px) 100vw, 450px\" \/><\/a><\/p>\n<p>L&#8217;activit\u00e9 du Colima conna\u00eet un net regain depuis le d\u00e9but de l&#8217;ann\u00e9e avec des colonnes de cendre et de fum\u00e9e qui montent dans l&#8217;atmosph\u00e8re \u00e0 plus de 3000 m.<\/p>\n<p><!--more-->C&#8217;est un tel spectacle qu&#8217;a pu immortaliser l&#8217;astrophotographe <a title=\"C\u00e9sar Cant\u00fa\" href=\"http:\/\/www.astrophoto.com.mx\/index.php?\" target=\"_blank\">C\u00e9sar Cant\u00fa<\/a> dans la nuit du 29 mars. Il a eu la chance de saisir \u00e9galement un \u00e9clair \u00e0 l&#8217;int\u00e9rieur du nuage de cendre.<\/p>\n<p>De tels \u00e9clairs volcaniques naissent \u00e0 la suite des d\u00e9charges \u00e9lectriques g\u00e9n\u00e9r\u00e9es par le frottement des particules de cendre entre elles, un ph\u00e9nom\u00e8ne que les volcanologues appellent la tribo\u00e9lectrification.<\/p>\n<p>Cette \u00e9ruption se produit sur fond de ciel \u00e9toil\u00e9, une image qui rappelle celle r\u00e9alis\u00e9e il y a peu de temps par <a title=\"Volcano of fire erupts under the stars\" href=\"http:\/\/apod.nasa.gov\/apod\/ap150311.html\" target=\"_blank\">Dieggo Rizzo<\/a> avec le volcan de Fuego au Guatemala.<\/p>\n<p>Bien que le volcan Colima soit \u00e0 une latitude plus \u00e9lev\u00e9e que le <a title=\"En vid\u00e9o : le Kilimanjaro sous les \u00e9toiles\" href=\"https:\/\/blogs.futura-sciences.com\/feldmann\/2015\/02\/13\/en-video-le-kilimanjaro-sous-les-etoiles\/\" target=\"_blank\">Kilimanjaro<\/a>, on y observe une bonne partie des objets c\u00e9lestes de l&#8217;h\u00e9misph\u00e8re sud, comme les c\u00e9l\u00e8bres <a title=\"Les Nuages de Magellan dans le ciel du Chili\" href=\"https:\/\/blogs.futura-sciences.com\/feldmann\/2015\/04\/02\/les-nuages-de-magellan-dans-le-ciel-du-chili\/\" target=\"_blank\">Nuages de Magellan<\/a>.<\/p>\n<!-- AddThis Advanced Settings generic via filter on the_content --><!-- AddThis Share Buttons generic via filter on the_content -->","protected":false},"excerpt":{"rendered":"<p>C&#8217;est dans l&#8217;ouest du Mexique, au nord de la ville de Colima, que se dresse le Fuego de Colima, un jeune volcan qui culmine \u00e0 3850 m d&#8217;altitude. Le Fuego de Colima est tr\u00e8s actif puisqu&#8217;on d\u00e9nombre une bonne quarantaine d&#8217;\u00e9ruptions depuis 1576, date de la premi\u00e8re \u00e9ruption mentionn\u00e9e dans un texte. Les \u00e9pisodes \u00e9ruptifs &hellip; <a href=\"https:\/\/blogs.futura-sciences.com\/feldmann\/2015\/04\/04\/le-volcan-mexicain-colima-en-eruption-sous-les-etoiles\/\" class=\"more-link\">Continuer la lecture de <span class=\"screen-reader-text\">Le volcan mexicain Colima en \u00e9ruption sous les \u00e9toiles<\/span>  <span class=\"meta-nav\">&rarr;<\/span><\/a><!-- AddThis Advanced Settings generic via filter on get_the_excerpt --><!-- AddThis Share Buttons generic via filter on get_the_excerpt --><\/p>\n","protected":false},"author":8,"featured_media":2407,"comment_status":"open","ping_status":"open","sticky":false,"template":"","format":"standard","meta":{"footnotes":"","_links_to":"","_links_to_target":""},"categories":[509],"tags":[940,942,941,3,13],"class_list":["post-2406","post","type-post","status-publish","format-standard","has-post-thumbnail","hentry","category-actualites","tag-cesar-cantu","tag-eclair-volcanique","tag-fuego-de-colima","tag-volcan","tag-volcanologue"],"yoast_head":"<!-- This site is optimized with the Yoast SEO plugin v24.1 - https:\/\/yoast.com\/wordpress\/plugins\/seo\/ -->\n<title>Le volcan mexicain Colima en \u00e9ruption sous les \u00e9toiles<\/title>\n<meta name=\"robots\" content=\"index, follow, max-snippet:-1, max-image-preview:large, max-video-preview:-1\" \/>\n<link rel=\"canonical\" href=\"https:\/\/blogs.futura-sciences.com\/feldmann\/2015\/04\/04\/le-volcan-mexicain-colima-en-eruption-sous-les-etoiles\/\" \/>\n<meta property=\"og:locale\" content=\"fr_FR\" \/>\n<meta property=\"og:type\" content=\"article\" \/>\n<meta property=\"og:title\" content=\"Le volcan mexicain Colima en \u00e9ruption sous les \u00e9toiles\" \/>\n<meta property=\"og:description\" content=\"C&#8217;est dans l&#8217;ouest du Mexique, au nord de la ville de Colima, que se dresse le Fuego de Colima, un jeune volcan qui culmine \u00e0 3850 m d&#8217;altitude. Le Fuego de Colima est tr\u00e8s actif puisqu&#8217;on d\u00e9nombre une bonne quarantaine d&#8217;\u00e9ruptions depuis 1576, date de la premi\u00e8re \u00e9ruption mentionn\u00e9e dans un texte. Les \u00e9pisodes \u00e9ruptifs &hellip; Continuer la lecture de Le volcan mexicain Colima en \u00e9ruption sous les \u00e9toiles &rarr;\" \/>\n<meta property=\"og:url\" content=\"https:\/\/blogs.futura-sciences.com\/feldmann\/2015\/04\/04\/le-volcan-mexicain-colima-en-eruption-sous-les-etoiles\/\" \/>\n<meta property=\"og:site_name\" content=\"CIELMANIA : le blog de Jean-Baptiste FELDMANN, photographe du ciel\" \/>\n<meta property=\"article:published_time\" content=\"2015-04-04T06:01:37+00:00\" \/>\n<meta property=\"article:modified_time\" content=\"2015-04-11T05:08:10+00:00\" \/>\n<meta property=\"og:image\" content=\"https:\/\/blogs.futura-sciences.com\/feldmann\/wp-content\/uploads\/sites\/9\/2015\/04\/volcan.jpg\" \/>\n\t<meta property=\"og:image:width\" content=\"1350\" \/>\n\t<meta property=\"og:image:height\" content=\"900\" \/>\n\t<meta property=\"og:image:type\" content=\"image\/jpeg\" \/>\n<meta name=\"author\" content=\"Jean-Baptiste FELDMANN\" \/>\n<meta name=\"twitter:card\" content=\"summary_large_image\" \/>\n<meta name=\"twitter:label1\" content=\"\u00c9crit par\" \/>\n\t<meta name=\"twitter:data1\" content=\"Jean-Baptiste FELDMANN\" \/>\n\t<meta name=\"twitter:label2\" content=\"Dur\u00e9e de lecture estim\u00e9e\" \/>\n\t<meta name=\"twitter:data2\" content=\"1 minute\" \/>\n<script type=\"application\/ld+json\" class=\"yoast-schema-graph\">{\"@context\":\"https:\/\/schema.org\",\"@graph\":[{\"@type\":\"WebPage\",\"@id\":\"https:\/\/blogs.futura-sciences.com\/feldmann\/2015\/04\/04\/le-volcan-mexicain-colima-en-eruption-sous-les-etoiles\/\",\"url\":\"https:\/\/blogs.futura-sciences.com\/feldmann\/2015\/04\/04\/le-volcan-mexicain-colima-en-eruption-sous-les-etoiles\/\",\"name\":\"Le volcan mexicain Colima en \u00e9ruption sous les \u00e9toiles\",\"isPartOf\":{\"@id\":\"https:\/\/blogs.futura-sciences.com\/feldmann\/#website\"},\"primaryImageOfPage\":{\"@id\":\"https:\/\/blogs.futura-sciences.com\/feldmann\/2015\/04\/04\/le-volcan-mexicain-colima-en-eruption-sous-les-etoiles\/#primaryimage\"},\"image\":{\"@id\":\"https:\/\/blogs.futura-sciences.com\/feldmann\/2015\/04\/04\/le-volcan-mexicain-colima-en-eruption-sous-les-etoiles\/#primaryimage\"},\"thumbnailUrl\":\"https:\/\/blogs.futura-sciences.com\/feldmann\/wp-content\/uploads\/sites\/9\/2015\/04\/volcan.jpg\",\"datePublished\":\"2015-04-04T06:01:37+00:00\",\"dateModified\":\"2015-04-11T05:08:10+00:00\",\"author\":{\"@id\":\"https:\/\/blogs.futura-sciences.com\/feldmann\/#\/schema\/person\/62b391b709c307783237b759b62731ea\"},\"inLanguage\":\"fr-FR\",\"potentialAction\":[{\"@type\":\"ReadAction\",\"target\":[\"https:\/\/blogs.futura-sciences.com\/feldmann\/2015\/04\/04\/le-volcan-mexicain-colima-en-eruption-sous-les-etoiles\/\"]}]},{\"@type\":\"ImageObject\",\"inLanguage\":\"fr-FR\",\"@id\":\"https:\/\/blogs.futura-sciences.com\/feldmann\/2015\/04\/04\/le-volcan-mexicain-colima-en-eruption-sous-les-etoiles\/#primaryimage\",\"url\":\"https:\/\/blogs.futura-sciences.com\/feldmann\/wp-content\/uploads\/sites\/9\/2015\/04\/volcan.jpg\",\"contentUrl\":\"https:\/\/blogs.futura-sciences.com\/feldmann\/wp-content\/uploads\/sites\/9\/2015\/04\/volcan.jpg\",\"width\":1350,\"height\":900},{\"@type\":\"WebSite\",\"@id\":\"https:\/\/blogs.futura-sciences.com\/feldmann\/#website\",\"url\":\"https:\/\/blogs.futura-sciences.com\/feldmann\/\",\"name\":\"CIELMANIA : le blog de Jean-Baptiste FELDMANN, photographe du ciel\",\"description\":\"&quot;J&#039;ai en moi un besoin terrible. Dirais-je le mot? La religion. Alors, je sors la nuit et je peins des \u00e9toiles.&quot;  Vincent van Gogh\",\"potentialAction\":[{\"@type\":\"SearchAction\",\"target\":{\"@type\":\"EntryPoint\",\"urlTemplate\":\"https:\/\/blogs.futura-sciences.com\/feldmann\/?s={search_term_string}\"},\"query-input\":{\"@type\":\"PropertyValueSpecification\",\"valueRequired\":true,\"valueName\":\"search_term_string\"}}],\"inLanguage\":\"fr-FR\"},{\"@type\":\"Person\",\"@id\":\"https:\/\/blogs.futura-sciences.com\/feldmann\/#\/schema\/person\/62b391b709c307783237b759b62731ea\",\"name\":\"Jean-Baptiste FELDMANN\",\"image\":{\"@type\":\"ImageObject\",\"inLanguage\":\"fr-FR\",\"@id\":\"https:\/\/blogs.futura-sciences.com\/feldmann\/#\/schema\/person\/image\/\",\"url\":\"https:\/\/secure.gravatar.com\/avatar\/41f96607fde7a81a14570eec74177c42?s=96&d=mm&r=g\",\"contentUrl\":\"https:\/\/secure.gravatar.com\/avatar\/41f96607fde7a81a14570eec74177c42?s=96&d=mm&r=g\",\"caption\":\"Jean-Baptiste FELDMANN\"},\"url\":\"https:\/\/blogs.futura-sciences.com\/feldmann\/author\/jbfe\/\"}]}<\/script>\n<!-- \/ Yoast SEO plugin. -->","yoast_head_json":{"title":"Le volcan mexicain Colima en \u00e9ruption sous les \u00e9toiles","robots":{"index":"index","follow":"follow","max-snippet":"max-snippet:-1","max-image-preview":"max-image-preview:large","max-video-preview":"max-video-preview:-1"},"canonical":"https:\/\/blogs.futura-sciences.com\/feldmann\/2015\/04\/04\/le-volcan-mexicain-colima-en-eruption-sous-les-etoiles\/","og_locale":"fr_FR","og_type":"article","og_title":"Le volcan mexicain Colima en \u00e9ruption sous les \u00e9toiles","og_description":"C&#8217;est dans l&#8217;ouest du Mexique, au nord de la ville de Colima, que se dresse le Fuego de Colima, un jeune volcan qui culmine \u00e0 3850 m d&#8217;altitude. Le Fuego de Colima est tr\u00e8s actif puisqu&#8217;on d\u00e9nombre une bonne quarantaine d&#8217;\u00e9ruptions depuis 1576, date de la premi\u00e8re \u00e9ruption mentionn\u00e9e dans un texte. Les \u00e9pisodes \u00e9ruptifs &hellip; Continuer la lecture de Le volcan mexicain Colima en \u00e9ruption sous les \u00e9toiles &rarr;","og_url":"https:\/\/blogs.futura-sciences.com\/feldmann\/2015\/04\/04\/le-volcan-mexicain-colima-en-eruption-sous-les-etoiles\/","og_site_name":"CIELMANIA : le blog de Jean-Baptiste FELDMANN, photographe du ciel","article_published_time":"2015-04-04T06:01:37+00:00","article_modified_time":"2015-04-11T05:08:10+00:00","og_image":[{"width":1350,"height":900,"url":"https:\/\/blogs.futura-sciences.com\/feldmann\/wp-content\/uploads\/sites\/9\/2015\/04\/volcan.jpg","type":"image\/jpeg"}],"author":"Jean-Baptiste FELDMANN","twitter_card":"summary_large_image","twitter_misc":{"\u00c9crit par":"Jean-Baptiste FELDMANN","Dur\u00e9e de lecture estim\u00e9e":"1 minute"},"schema":{"@context":"https:\/\/schema.org","@graph":[{"@type":"WebPage","@id":"https:\/\/blogs.futura-sciences.com\/feldmann\/2015\/04\/04\/le-volcan-mexicain-colima-en-eruption-sous-les-etoiles\/","url":"https:\/\/blogs.futura-sciences.com\/feldmann\/2015\/04\/04\/le-volcan-mexicain-colima-en-eruption-sous-les-etoiles\/","name":"Le volcan mexicain Colima en \u00e9ruption sous les \u00e9toiles","isPartOf":{"@id":"https:\/\/blogs.futura-sciences.com\/feldmann\/#website"},"primaryImageOfPage":{"@id":"https:\/\/blogs.futura-sciences.com\/feldmann\/2015\/04\/04\/le-volcan-mexicain-colima-en-eruption-sous-les-etoiles\/#primaryimage"},"image":{"@id":"https:\/\/blogs.futura-sciences.com\/feldmann\/2015\/04\/04\/le-volcan-mexicain-colima-en-eruption-sous-les-etoiles\/#primaryimage"},"thumbnailUrl":"https:\/\/blogs.futura-sciences.com\/feldmann\/wp-content\/uploads\/sites\/9\/2015\/04\/volcan.jpg","datePublished":"2015-04-04T06:01:37+00:00","dateModified":"2015-04-11T05:08:10+00:00","author":{"@id":"https:\/\/blogs.futura-sciences.com\/feldmann\/#\/schema\/person\/62b391b709c307783237b759b62731ea"},"inLanguage":"fr-FR","potentialAction":[{"@type":"ReadAction","target":["https:\/\/blogs.futura-sciences.com\/feldmann\/2015\/04\/04\/le-volcan-mexicain-colima-en-eruption-sous-les-etoiles\/"]}]},{"@type":"ImageObject","inLanguage":"fr-FR","@id":"https:\/\/blogs.futura-sciences.com\/feldmann\/2015\/04\/04\/le-volcan-mexicain-colima-en-eruption-sous-les-etoiles\/#primaryimage","url":"https:\/\/blogs.futura-sciences.com\/feldmann\/wp-content\/uploads\/sites\/9\/2015\/04\/volcan.jpg","contentUrl":"https:\/\/blogs.futura-sciences.com\/feldmann\/wp-content\/uploads\/sites\/9\/2015\/04\/volcan.jpg","width":1350,"height":900},{"@type":"WebSite","@id":"https:\/\/blogs.futura-sciences.com\/feldmann\/#website","url":"https:\/\/blogs.futura-sciences.com\/feldmann\/","name":"CIELMANIA : le blog de Jean-Baptiste FELDMANN, photographe du ciel","description":"&quot;J&#039;ai en moi un besoin terrible. Dirais-je le mot? La religion. Alors, je sors la nuit et je peins des \u00e9toiles.&quot;  Vincent van Gogh","potentialAction":[{"@type":"SearchAction","target":{"@type":"EntryPoint","urlTemplate":"https:\/\/blogs.futura-sciences.com\/feldmann\/?s={search_term_string}"},"query-input":{"@type":"PropertyValueSpecification","valueRequired":true,"valueName":"search_term_string"}}],"inLanguage":"fr-FR"},{"@type":"Person","@id":"https:\/\/blogs.futura-sciences.com\/feldmann\/#\/schema\/person\/62b391b709c307783237b759b62731ea","name":"Jean-Baptiste FELDMANN","image":{"@type":"ImageObject","inLanguage":"fr-FR","@id":"https:\/\/blogs.futura-sciences.com\/feldmann\/#\/schema\/person\/image\/","url":"https:\/\/secure.gravatar.com\/avatar\/41f96607fde7a81a14570eec74177c42?s=96&d=mm&r=g","contentUrl":"https:\/\/secure.gravatar.com\/avatar\/41f96607fde7a81a14570eec74177c42?s=96&d=mm&r=g","caption":"Jean-Baptiste FELDMANN"},"url":"https:\/\/blogs.futura-sciences.com\/feldmann\/author\/jbfe\/"}]}},"_links":{"self":[{"href":"https:\/\/blogs.futura-sciences.com\/feldmann\/wp-json\/wp\/v2\/posts\/2406","targetHints":{"allow":["GET"]}}],"collection":[{"href":"https:\/\/blogs.futura-sciences.com\/feldmann\/wp-json\/wp\/v2\/posts"}],"about":[{"href":"https:\/\/blogs.futura-sciences.com\/feldmann\/wp-json\/wp\/v2\/types\/post"}],"author":[{"embeddable":true,"href":"https:\/\/blogs.futura-sciences.com\/feldmann\/wp-json\/wp\/v2\/users\/8"}],"replies":[{"embeddable":true,"href":"https:\/\/blogs.futura-sciences.com\/feldmann\/wp-json\/wp\/v2\/comments?post=2406"}],"version-history":[{"count":3,"href":"https:\/\/blogs.futura-sciences.com\/feldmann\/wp-json\/wp\/v2\/posts\/2406\/revisions"}],"predecessor-version":[{"id":2410,"href":"https:\/\/blogs.futura-sciences.com\/feldmann\/wp-json\/wp\/v2\/posts\/2406\/revisions\/2410"}],"wp:featuredmedia":[{"embeddable":true,"href":"https:\/\/blogs.futura-sciences.com\/feldmann\/wp-json\/wp\/v2\/media\/2407"}],"wp:attachment":[{"href":"https:\/\/blogs.futura-sciences.com\/feldmann\/wp-json\/wp\/v2\/media?parent=2406"}],"wp:term":[{"taxonomy":"category","embeddable":true,"href":"https:\/\/blogs.futura-sciences.com\/feldmann\/wp-json\/wp\/v2\/categories?post=2406"},{"taxonomy":"post_tag","embeddable":true,"href":"https:\/\/blogs.futura-sciences.com\/feldmann\/wp-json\/wp\/v2\/tags?post=2406"}],"curies":[{"name":"wp","href":"https:\/\/api.w.org\/{rel}","templated":true}]}}