{"id":22741,"date":"2026-05-01T08:28:37","date_gmt":"2026-05-01T08:28:37","guid":{"rendered":"https:\/\/blogs.futura-sciences.com\/feldmann\/?p=22741"},"modified":"2026-05-01T08:41:41","modified_gmt":"2026-05-01T08:41:41","slug":"ephemerides-le-ciel-du-mois-de-mai-2026","status":"publish","type":"post","link":"https:\/\/blogs.futura-sciences.com\/feldmann\/2026\/05\/01\/ephemerides-le-ciel-du-mois-de-mai-2026\/","title":{"rendered":"\u00c9ph\u00e9m\u00e9rides : le ciel du mois de mai 2026"},"content":{"rendered":"<p><strong>Au cours de ce mois de mai 2026, traditionnellement riche en rencontres astronomiques, Saturne sera de retour \u00e0 l&#8217;aube.\u00a0<\/strong><\/p>\n<h5>Rencontres entre passionn\u00e9s :<\/h5>\n<p>Comme les ann\u00e9es pr\u00e9c\u00e9dentes, mai 2026 sera l\u2019occasion pour les astronomes amateurs de se rencontrer. En effet, le pont de l\u2019Ascension offre quatre jours et trois nuits sans Lune, une aubaine si la m\u00e9t\u00e9o est cl\u00e9mente. Les astronomes amateurs se retrouveront durant les <a href=\"https:\/\/www.astrorap.fr\/\" target=\"_blank\" rel=\"noopener\">Rencontres Astronomiques de Printemps<\/a> (RAP, 28\u00e8me \u00e9dition) ou les <a href=\"https:\/\/www.astrotouraine.fr\/les-nuits-astronomiques-de-touraine\/\" target=\"_blank\" rel=\"noopener\">Nuits Astronomiques de Touraine<\/a> (NAT, 14\u00e8me \u00e9dition). Notez \u00e9galement que dans le Sud de la France se d\u00e9roulera la seconde \u00e9dition des <a href=\"https:\/\/www.nav.astroverdon.fr\/\" target=\"_blank\" rel=\"noopener\">Nuits Astronomiques du Verdon<\/a>\u00a0(NAV) :<\/p>\n<figure id=\"attachment_529\" aria-describedby=\"caption-attachment-529\" style=\"width: 450px\" class=\"wp-caption alignnone\"><a href=\"https:\/\/blogs.futura-sciences.com\/feldmann\/wp-content\/uploads\/sites\/9\/2014\/05\/rap3.jpg\" rel=\"lightbox[22741]\"><img loading=\"lazy\" decoding=\"async\" class=\"size-medium wp-image-529\" src=\"https:\/\/blogs.futura-sciences.com\/feldmann\/wp-content\/uploads\/sites\/9\/2014\/05\/rap3-450x337.jpg\" alt=\"\" width=\"450\" height=\"337\" srcset=\"https:\/\/blogs.futura-sciences.com\/feldmann\/wp-content\/uploads\/sites\/9\/2014\/05\/rap3-450x337.jpg 450w, https:\/\/blogs.futura-sciences.com\/feldmann\/wp-content\/uploads\/sites\/9\/2014\/05\/rap3-1024x768.jpg 1024w, https:\/\/blogs.futura-sciences.com\/feldmann\/wp-content\/uploads\/sites\/9\/2014\/05\/rap3.jpg 1200w\" sizes=\"auto, (max-width: 450px) 100vw, 450px\" \/><\/a><figcaption id=\"caption-attachment-529\" class=\"wp-caption-text\">En mai, les astronomes se retrouvent pour observer ensemble. \u00a9 Jean-Baptiste Feldmann<\/figcaption><\/figure>\n<p>Ces rencontres seront une belle occasion pour observer et \u00e9changer entre passionn\u00e9s. En outre, de nombreux ateliers et conf\u00e9rences permettront de s\u2019initier ou de se perfectionner dans diff\u00e9rents domaines comme\u00a0<a href=\"https:\/\/blogs.futura-sciences.com\/feldmann\/2023\/09\/29\/dessin-astronomique-la-lune-a-la-craie\/\" target=\"_blank\" rel=\"noopener\">le dessin<\/a> ou encore <a href=\"https:\/\/blogs.futura-sciences.com\/feldmann\/2023\/07\/06\/astrophoto-le-systeme-solaire-selon-tom-williams\/\" target=\"_blank\" rel=\"noopener\">l\u2019astrophoto<\/a>. Quant aux <a href=\"https:\/\/blogs.futura-sciences.com\/feldmann\/2022\/04\/23\/un-grand-groupe-de-taches-solaires-devient-visible-a-loeil-nu\/\" target=\"_blank\" rel=\"noopener\">observations solaires<\/a>, elles auront une saveur toute particuli\u00e8re, \u00e0 trois mois de la grande <a href=\"https:\/\/blogs.futura-sciences.com\/feldmann\/2026\/02\/07\/tout-savoir-sur-leclipse-solaire-du-12-aout-2026\/\" target=\"_blank\" rel=\"noopener\">\u00e9clipse solaire du 12 ao\u00fbt<\/a>\u2026<!--more--><\/p>\n<h5>Le ciel en mai 2026 :<\/h5>\n<ul>\n<li>Le 1er, c&#8217;est la Pleine Lune, qui passe la nuit dans la <a href=\"https:\/\/fr.wikipedia.org\/wiki\/Balance_(constellation)\" target=\"_blank\" rel=\"noopener\">Balance<\/a>.<\/li>\n<li>Le 4 avant l&#8217;aube, la Lune gibbeuse d\u00e9croissante vogue du c\u00f4t\u00e9 d&#8217;<a href=\"https:\/\/fr.wikipedia.org\/wiki\/Antar%C3%A8s\" target=\"_blank\" rel=\"noopener\">Antar\u00e8s<\/a>.<\/li>\n<\/ul>\n<p><a href=\"https:\/\/blogs.futura-sciences.com\/feldmann\/wp-content\/uploads\/sites\/9\/2026\/04\/st1.jpg\" rel=\"lightbox[22741]\"><img loading=\"lazy\" decoding=\"async\" class=\"alignnone size-medium wp-image-22743\" src=\"https:\/\/blogs.futura-sciences.com\/feldmann\/wp-content\/uploads\/sites\/9\/2026\/04\/st1-450x221.jpg\" alt=\"\" width=\"450\" height=\"221\" srcset=\"https:\/\/blogs.futura-sciences.com\/feldmann\/wp-content\/uploads\/sites\/9\/2026\/04\/st1-450x221.jpg 450w, https:\/\/blogs.futura-sciences.com\/feldmann\/wp-content\/uploads\/sites\/9\/2026\/04\/st1-1024x503.jpg 1024w, https:\/\/blogs.futura-sciences.com\/feldmann\/wp-content\/uploads\/sites\/9\/2026\/04\/st1-768x377.jpg 768w, https:\/\/blogs.futura-sciences.com\/feldmann\/wp-content\/uploads\/sites\/9\/2026\/04\/st1.jpg 1062w\" sizes=\"auto, (max-width: 450px) 100vw, 450px\" \/><\/a><\/p>\n<ul>\n<li>Le 9, c&#8217;est le Dernier quartier de Lune, dans le <a href=\"https:\/\/fr.wikipedia.org\/wiki\/Capricorne_(constellation)\" target=\"_blank\" rel=\"noopener\">Capricorne<\/a>.<\/li>\n<li>Le 13 et le 14 \u00e0 l&#8217;aube,\u00a0 rep\u00e9rez le fin croissant au-dessus de l&#8217;horizon Est. <a href=\"https:\/\/cnes.fr\/dossiers\/planete-saturne\" target=\"_blank\" rel=\"noopener\">Saturne<\/a> n&#8217;est pas loin et <a href=\"https:\/\/cnes.fr\/dossiers\/planete-mars\" target=\"_blank\" rel=\"noopener\">Mars<\/a> se perd encore dans la lueur du Soleil levant.<\/li>\n<\/ul>\n<p><a href=\"https:\/\/blogs.futura-sciences.com\/feldmann\/wp-content\/uploads\/sites\/9\/2026\/04\/st2.jpg\" rel=\"lightbox[22741]\"><img loading=\"lazy\" decoding=\"async\" class=\"alignnone size-medium wp-image-22745\" src=\"https:\/\/blogs.futura-sciences.com\/feldmann\/wp-content\/uploads\/sites\/9\/2026\/04\/st2-450x220.jpg\" alt=\"\" width=\"450\" height=\"220\" srcset=\"https:\/\/blogs.futura-sciences.com\/feldmann\/wp-content\/uploads\/sites\/9\/2026\/04\/st2-450x220.jpg 450w, https:\/\/blogs.futura-sciences.com\/feldmann\/wp-content\/uploads\/sites\/9\/2026\/04\/st2-1024x499.jpg 1024w, https:\/\/blogs.futura-sciences.com\/feldmann\/wp-content\/uploads\/sites\/9\/2026\/04\/st2-768x375.jpg 768w, https:\/\/blogs.futura-sciences.com\/feldmann\/wp-content\/uploads\/sites\/9\/2026\/04\/st2.jpg 1064w\" sizes=\"auto, (max-width: 450px) 100vw, 450px\" \/><\/a><\/p>\n<ul>\n<li>Le 16, c&#8217;est la Nouvelle Lune.<\/li>\n<li>Le 18 en soir\u00e9e, la jeune Lune retrouve l&#8217;\u00e9clatante <a href=\"https:\/\/cnes.fr\/dossiers\/planete-venus\" target=\"_blank\" rel=\"noopener\">V\u00e9nus<\/a>. Les deux soirs suivants, le croissant s&#8217;\u00e9l\u00e8ve en direction de <a href=\"https:\/\/cnes.fr\/dossiers\/planete-jupiter\" target=\"_blank\" rel=\"noopener\">Jupiter<\/a>.<\/li>\n<\/ul>\n<p><a href=\"https:\/\/blogs.futura-sciences.com\/feldmann\/wp-content\/uploads\/sites\/9\/2026\/04\/st3.jpg\" rel=\"lightbox[22741]\"><img loading=\"lazy\" decoding=\"async\" class=\"alignnone size-medium wp-image-22746\" src=\"https:\/\/blogs.futura-sciences.com\/feldmann\/wp-content\/uploads\/sites\/9\/2026\/04\/st3-450x227.jpg\" alt=\"\" width=\"450\" height=\"227\" srcset=\"https:\/\/blogs.futura-sciences.com\/feldmann\/wp-content\/uploads\/sites\/9\/2026\/04\/st3-450x227.jpg 450w, https:\/\/blogs.futura-sciences.com\/feldmann\/wp-content\/uploads\/sites\/9\/2026\/04\/st3-1024x517.jpg 1024w, https:\/\/blogs.futura-sciences.com\/feldmann\/wp-content\/uploads\/sites\/9\/2026\/04\/st3-768x388.jpg 768w, https:\/\/blogs.futura-sciences.com\/feldmann\/wp-content\/uploads\/sites\/9\/2026\/04\/st3.jpg 1063w\" sizes=\"auto, (max-width: 450px) 100vw, 450px\" \/><\/a><\/p>\n<ul>\n<li>Le 21 au soir, armez-vous d&#8217;une paire de jumelles pour admirer V\u00e9nus aux c\u00f4t\u00e9s de l&#8217;amas <a href=\"https:\/\/fr.wikipedia.org\/wiki\/M35_(amas_ouvert)\" target=\"_blank\" rel=\"noopener\">Messier 35<\/a> et le croissant de Lune qui c\u00f4toie <a href=\"https:\/\/fr.wikipedia.org\/wiki\/M44_(amas_ouvert)\" target=\"_blank\" rel=\"noopener\">l&#8217;amas de la Cr\u00e8che<\/a>.<\/li>\n<\/ul>\n<p><a href=\"https:\/\/blogs.futura-sciences.com\/feldmann\/wp-content\/uploads\/sites\/9\/2026\/04\/st4.jpg\" rel=\"lightbox[22741]\"><img loading=\"lazy\" decoding=\"async\" class=\"alignnone size-medium wp-image-22747\" src=\"https:\/\/blogs.futura-sciences.com\/feldmann\/wp-content\/uploads\/sites\/9\/2026\/04\/st4-450x222.jpg\" alt=\"\" width=\"450\" height=\"222\" srcset=\"https:\/\/blogs.futura-sciences.com\/feldmann\/wp-content\/uploads\/sites\/9\/2026\/04\/st4-450x222.jpg 450w, https:\/\/blogs.futura-sciences.com\/feldmann\/wp-content\/uploads\/sites\/9\/2026\/04\/st4-1024x506.jpg 1024w, https:\/\/blogs.futura-sciences.com\/feldmann\/wp-content\/uploads\/sites\/9\/2026\/04\/st4-768x379.jpg 768w, https:\/\/blogs.futura-sciences.com\/feldmann\/wp-content\/uploads\/sites\/9\/2026\/04\/st4.jpg 1057w\" sizes=\"auto, (max-width: 450px) 100vw, 450px\" \/><\/a> <a href=\"https:\/\/blogs.futura-sciences.com\/feldmann\/wp-content\/uploads\/sites\/9\/2026\/04\/st5.jpg\" rel=\"lightbox[22741]\"><img loading=\"lazy\" decoding=\"async\" class=\"alignnone size-medium wp-image-22748\" src=\"https:\/\/blogs.futura-sciences.com\/feldmann\/wp-content\/uploads\/sites\/9\/2026\/04\/st5-450x223.jpg\" alt=\"\" width=\"450\" height=\"223\" srcset=\"https:\/\/blogs.futura-sciences.com\/feldmann\/wp-content\/uploads\/sites\/9\/2026\/04\/st5-450x223.jpg 450w, https:\/\/blogs.futura-sciences.com\/feldmann\/wp-content\/uploads\/sites\/9\/2026\/04\/st5-1024x507.jpg 1024w, https:\/\/blogs.futura-sciences.com\/feldmann\/wp-content\/uploads\/sites\/9\/2026\/04\/st5-768x380.jpg 768w, https:\/\/blogs.futura-sciences.com\/feldmann\/wp-content\/uploads\/sites\/9\/2026\/04\/st5.jpg 1059w\" sizes=\"auto, (max-width: 450px) 100vw, 450px\" \/><\/a><\/p>\n<ul>\n<li>Le 23, c&#8217;est le Premier quartier de Lune, dans le <a href=\"https:\/\/fr.wikipedia.org\/wiki\/Lion_(constellation)\" target=\"_blank\" rel=\"noopener\">Lion<\/a>.<\/li>\n<li>Le 31, c&#8217;est la seconde Pleine Lune du mois, dans le <a href=\"https:\/\/fr.wikipedia.org\/wiki\/Scorpion_(constellation)\" target=\"_blank\" rel=\"noopener\">Scorpion<\/a>.<\/li>\n<\/ul>\n<p><em>Les captures d\u2019\u00e9cran qui illustrent ces \u00e9ph\u00e9m\u00e9rides ont \u00e9t\u00e9 r\u00e9alis\u00e9es \u00e0 l\u2019aide du logiciel\u00a0<a href=\"https:\/\/stellarium.org\/fr\/\" target=\"_blank\" rel=\"noopener\">Stellarium<\/a>, indispensable pour vos soir\u00e9es d\u2019astronomie.<\/em><\/p>\n<h5>Vous pourriez aimer :<\/h5>\n<ul>\n<li><a href=\"https:\/\/blogs.futura-sciences.com\/feldmann\/2023\/01\/11\/peut-on-choisir-son-premier-telescope-sans-se-tromper\/\" target=\"_blank\" rel=\"noopener\">Peut-on choisir son premier t\u00e9lescope sans se tromper ?<\/a><\/li>\n<li><a href=\"https:\/\/blogs.futura-sciences.com\/feldmann\/2017\/10\/30\/ciel-aux-jumelles-guide-decouvrir-ciel-nocturne\/\" target=\"_blank\" rel=\"noopener\">Le ciel aux jumelles, un guide pour d\u00e9couvrir le ciel nocturne<\/a><\/li>\n<li><a href=\"https:\/\/blogs.futura-sciences.com\/feldmann\/2023\/11\/13\/les-yeux-de-hibou-detonnantes-jumelles\/\" target=\"_blank\" rel=\"noopener\">Les \u201cYeux de hibou\u201d, d\u2019\u00e9tonnantes jumelles<\/a><\/li>\n<\/ul>\n<p>Suivez l\u2019actualit\u00e9 astronomique et d\u00e9couvrez mes images du ciel en vous abonnant \u00e0 Cielmania sur\u00a0<a href=\"https:\/\/www.facebook.com\/cielmania\/\" target=\"_blank\" rel=\"noopener noreferrer\">Facebook<\/a>.<\/p>\n<!-- AddThis Advanced Settings generic via filter on the_content --><!-- AddThis Share Buttons generic via filter on the_content -->","protected":false},"excerpt":{"rendered":"<p>Au cours de ce mois de mai 2026, traditionnellement riche en rencontres astronomiques, Saturne sera de retour \u00e0 l&#8217;aube.\u00a0 Rencontres entre passionn\u00e9s : Comme les ann\u00e9es pr\u00e9c\u00e9dentes, mai 2026 sera l\u2019occasion pour les astronomes amateurs de se rencontrer. En effet, le pont de l\u2019Ascension offre quatre jours et trois nuits sans Lune, une aubaine si &hellip; <a href=\"https:\/\/blogs.futura-sciences.com\/feldmann\/2026\/05\/01\/ephemerides-le-ciel-du-mois-de-mai-2026\/\" class=\"more-link\">Continuer la lecture de <span class=\"screen-reader-text\">\u00c9ph\u00e9m\u00e9rides : le ciel du mois de mai 2026<\/span>  <span class=\"meta-nav\">&rarr;<\/span><\/a><!-- AddThis Advanced Settings generic via filter on get_the_excerpt --><!-- AddThis Share Buttons generic via filter on get_the_excerpt --><\/p>\n","protected":false},"author":8,"featured_media":22742,"comment_status":"open","ping_status":"open","sticky":true,"template":"","format":"standard","meta":{"footnotes":"","_links_to":"","_links_to_target":""},"categories":[509],"tags":[3637,434,149,90,82,3955,1021,159],"class_list":["post-22741","post","type-post","status-publish","format-standard","has-post-thumbnail","hentry","category-actualites","tag-12-aout-2026","tag-amas-de-la-creche","tag-ephemerides","tag-jupiter","tag-lune","tag-mai-2026","tag-messier-35","tag-venus"],"yoast_head":"<!-- This site is optimized with the Yoast SEO plugin v24.1 - https:\/\/yoast.com\/wordpress\/plugins\/seo\/ -->\n<title>\u00c9ph\u00e9m\u00e9rides : le ciel du mois de mai 2026<\/title>\n<meta name=\"description\" content=\"Au cours de ce mois de mai 2026, traditionnellement riche en rencontres astronomiques, Saturne sera de retour \u00e0 l&#039;aube.\u00a0\" \/>\n<meta name=\"robots\" content=\"index, follow, max-snippet:-1, max-image-preview:large, max-video-preview:-1\" \/>\n<link rel=\"canonical\" href=\"https:\/\/blogs.futura-sciences.com\/feldmann\/2026\/05\/01\/ephemerides-le-ciel-du-mois-de-mai-2026\/\" \/>\n<meta property=\"og:locale\" content=\"fr_FR\" \/>\n<meta property=\"og:type\" content=\"article\" \/>\n<meta property=\"og:title\" content=\"\u00c9ph\u00e9m\u00e9rides : le ciel du mois de mai 2026\" \/>\n<meta property=\"og:description\" content=\"Au cours de ce mois de mai 2026, traditionnellement riche en rencontres astronomiques, Saturne sera de retour \u00e0 l&#039;aube.\u00a0\" \/>\n<meta property=\"og:url\" content=\"https:\/\/blogs.futura-sciences.com\/feldmann\/2026\/05\/01\/ephemerides-le-ciel-du-mois-de-mai-2026\/\" \/>\n<meta property=\"og:site_name\" content=\"CIELMANIA : le blog de Jean-Baptiste FELDMANN, photographe du ciel\" \/>\n<meta property=\"article:published_time\" content=\"2026-05-01T08:28:37+00:00\" \/>\n<meta property=\"article:modified_time\" content=\"2026-05-01T08:41:41+00:00\" \/>\n<meta property=\"og:image\" content=\"https:\/\/blogs.futura-sciences.com\/feldmann\/wp-content\/uploads\/sites\/9\/2026\/04\/ephemerides2.jpg\" \/>\n\t<meta property=\"og:image:width\" content=\"1500\" \/>\n\t<meta property=\"og:image:height\" content=\"900\" \/>\n\t<meta property=\"og:image:type\" content=\"image\/jpeg\" \/>\n<meta name=\"author\" content=\"Jean-Baptiste FELDMANN\" \/>\n<meta name=\"twitter:card\" content=\"summary_large_image\" \/>\n<meta name=\"twitter:label1\" content=\"\u00c9crit par\" \/>\n\t<meta name=\"twitter:data1\" content=\"Jean-Baptiste FELDMANN\" \/>\n\t<meta name=\"twitter:label2\" content=\"Dur\u00e9e de lecture estim\u00e9e\" \/>\n\t<meta name=\"twitter:data2\" content=\"4 minutes\" \/>\n<script type=\"application\/ld+json\" class=\"yoast-schema-graph\">{\"@context\":\"https:\/\/schema.org\",\"@graph\":[{\"@type\":\"WebPage\",\"@id\":\"https:\/\/blogs.futura-sciences.com\/feldmann\/2026\/05\/01\/ephemerides-le-ciel-du-mois-de-mai-2026\/\",\"url\":\"https:\/\/blogs.futura-sciences.com\/feldmann\/2026\/05\/01\/ephemerides-le-ciel-du-mois-de-mai-2026\/\",\"name\":\"\u00c9ph\u00e9m\u00e9rides : le ciel du mois de mai 2026\",\"isPartOf\":{\"@id\":\"https:\/\/blogs.futura-sciences.com\/feldmann\/#website\"},\"primaryImageOfPage\":{\"@id\":\"https:\/\/blogs.futura-sciences.com\/feldmann\/2026\/05\/01\/ephemerides-le-ciel-du-mois-de-mai-2026\/#primaryimage\"},\"image\":{\"@id\":\"https:\/\/blogs.futura-sciences.com\/feldmann\/2026\/05\/01\/ephemerides-le-ciel-du-mois-de-mai-2026\/#primaryimage\"},\"thumbnailUrl\":\"https:\/\/blogs.futura-sciences.com\/feldmann\/wp-content\/uploads\/sites\/9\/2026\/04\/ephemerides2.jpg\",\"datePublished\":\"2026-05-01T08:28:37+00:00\",\"dateModified\":\"2026-05-01T08:41:41+00:00\",\"author\":{\"@id\":\"https:\/\/blogs.futura-sciences.com\/feldmann\/#\/schema\/person\/62b391b709c307783237b759b62731ea\"},\"description\":\"Au cours de ce mois de mai 2026, traditionnellement riche en rencontres astronomiques, Saturne sera de retour \u00e0 l'aube.\u00a0\",\"inLanguage\":\"fr-FR\",\"potentialAction\":[{\"@type\":\"ReadAction\",\"target\":[\"https:\/\/blogs.futura-sciences.com\/feldmann\/2026\/05\/01\/ephemerides-le-ciel-du-mois-de-mai-2026\/\"]}]},{\"@type\":\"ImageObject\",\"inLanguage\":\"fr-FR\",\"@id\":\"https:\/\/blogs.futura-sciences.com\/feldmann\/2026\/05\/01\/ephemerides-le-ciel-du-mois-de-mai-2026\/#primaryimage\",\"url\":\"https:\/\/blogs.futura-sciences.com\/feldmann\/wp-content\/uploads\/sites\/9\/2026\/04\/ephemerides2.jpg\",\"contentUrl\":\"https:\/\/blogs.futura-sciences.com\/feldmann\/wp-content\/uploads\/sites\/9\/2026\/04\/ephemerides2.jpg\",\"width\":1500,\"height\":900},{\"@type\":\"WebSite\",\"@id\":\"https:\/\/blogs.futura-sciences.com\/feldmann\/#website\",\"url\":\"https:\/\/blogs.futura-sciences.com\/feldmann\/\",\"name\":\"CIELMANIA : le blog de Jean-Baptiste FELDMANN, photographe du ciel\",\"description\":\"&quot;J&#039;ai en moi un besoin terrible. Dirais-je le mot? La religion. Alors, je sors la nuit et je peins des \u00e9toiles.&quot;  Vincent van Gogh\",\"potentialAction\":[{\"@type\":\"SearchAction\",\"target\":{\"@type\":\"EntryPoint\",\"urlTemplate\":\"https:\/\/blogs.futura-sciences.com\/feldmann\/?s={search_term_string}\"},\"query-input\":{\"@type\":\"PropertyValueSpecification\",\"valueRequired\":true,\"valueName\":\"search_term_string\"}}],\"inLanguage\":\"fr-FR\"},{\"@type\":\"Person\",\"@id\":\"https:\/\/blogs.futura-sciences.com\/feldmann\/#\/schema\/person\/62b391b709c307783237b759b62731ea\",\"name\":\"Jean-Baptiste FELDMANN\",\"image\":{\"@type\":\"ImageObject\",\"inLanguage\":\"fr-FR\",\"@id\":\"https:\/\/blogs.futura-sciences.com\/feldmann\/#\/schema\/person\/image\/\",\"url\":\"https:\/\/secure.gravatar.com\/avatar\/41f96607fde7a81a14570eec74177c42?s=96&d=mm&r=g\",\"contentUrl\":\"https:\/\/secure.gravatar.com\/avatar\/41f96607fde7a81a14570eec74177c42?s=96&d=mm&r=g\",\"caption\":\"Jean-Baptiste FELDMANN\"},\"url\":\"https:\/\/blogs.futura-sciences.com\/feldmann\/author\/jbfe\/\"}]}<\/script>\n<!-- \/ Yoast SEO plugin. -->","yoast_head_json":{"title":"\u00c9ph\u00e9m\u00e9rides : le ciel du mois de mai 2026","description":"Au cours de ce mois de mai 2026, traditionnellement riche en rencontres astronomiques, Saturne sera de retour \u00e0 l'aube.\u00a0","robots":{"index":"index","follow":"follow","max-snippet":"max-snippet:-1","max-image-preview":"max-image-preview:large","max-video-preview":"max-video-preview:-1"},"canonical":"https:\/\/blogs.futura-sciences.com\/feldmann\/2026\/05\/01\/ephemerides-le-ciel-du-mois-de-mai-2026\/","og_locale":"fr_FR","og_type":"article","og_title":"\u00c9ph\u00e9m\u00e9rides : le ciel du mois de mai 2026","og_description":"Au cours de ce mois de mai 2026, traditionnellement riche en rencontres astronomiques, Saturne sera de retour \u00e0 l'aube.\u00a0","og_url":"https:\/\/blogs.futura-sciences.com\/feldmann\/2026\/05\/01\/ephemerides-le-ciel-du-mois-de-mai-2026\/","og_site_name":"CIELMANIA : le blog de Jean-Baptiste FELDMANN, photographe du ciel","article_published_time":"2026-05-01T08:28:37+00:00","article_modified_time":"2026-05-01T08:41:41+00:00","og_image":[{"width":1500,"height":900,"url":"https:\/\/blogs.futura-sciences.com\/feldmann\/wp-content\/uploads\/sites\/9\/2026\/04\/ephemerides2.jpg","type":"image\/jpeg"}],"author":"Jean-Baptiste FELDMANN","twitter_card":"summary_large_image","twitter_misc":{"\u00c9crit par":"Jean-Baptiste FELDMANN","Dur\u00e9e de lecture estim\u00e9e":"4 minutes"},"schema":{"@context":"https:\/\/schema.org","@graph":[{"@type":"WebPage","@id":"https:\/\/blogs.futura-sciences.com\/feldmann\/2026\/05\/01\/ephemerides-le-ciel-du-mois-de-mai-2026\/","url":"https:\/\/blogs.futura-sciences.com\/feldmann\/2026\/05\/01\/ephemerides-le-ciel-du-mois-de-mai-2026\/","name":"\u00c9ph\u00e9m\u00e9rides : le ciel du mois de mai 2026","isPartOf":{"@id":"https:\/\/blogs.futura-sciences.com\/feldmann\/#website"},"primaryImageOfPage":{"@id":"https:\/\/blogs.futura-sciences.com\/feldmann\/2026\/05\/01\/ephemerides-le-ciel-du-mois-de-mai-2026\/#primaryimage"},"image":{"@id":"https:\/\/blogs.futura-sciences.com\/feldmann\/2026\/05\/01\/ephemerides-le-ciel-du-mois-de-mai-2026\/#primaryimage"},"thumbnailUrl":"https:\/\/blogs.futura-sciences.com\/feldmann\/wp-content\/uploads\/sites\/9\/2026\/04\/ephemerides2.jpg","datePublished":"2026-05-01T08:28:37+00:00","dateModified":"2026-05-01T08:41:41+00:00","author":{"@id":"https:\/\/blogs.futura-sciences.com\/feldmann\/#\/schema\/person\/62b391b709c307783237b759b62731ea"},"description":"Au cours de ce mois de mai 2026, traditionnellement riche en rencontres astronomiques, Saturne sera de retour \u00e0 l'aube.\u00a0","inLanguage":"fr-FR","potentialAction":[{"@type":"ReadAction","target":["https:\/\/blogs.futura-sciences.com\/feldmann\/2026\/05\/01\/ephemerides-le-ciel-du-mois-de-mai-2026\/"]}]},{"@type":"ImageObject","inLanguage":"fr-FR","@id":"https:\/\/blogs.futura-sciences.com\/feldmann\/2026\/05\/01\/ephemerides-le-ciel-du-mois-de-mai-2026\/#primaryimage","url":"https:\/\/blogs.futura-sciences.com\/feldmann\/wp-content\/uploads\/sites\/9\/2026\/04\/ephemerides2.jpg","contentUrl":"https:\/\/blogs.futura-sciences.com\/feldmann\/wp-content\/uploads\/sites\/9\/2026\/04\/ephemerides2.jpg","width":1500,"height":900},{"@type":"WebSite","@id":"https:\/\/blogs.futura-sciences.com\/feldmann\/#website","url":"https:\/\/blogs.futura-sciences.com\/feldmann\/","name":"CIELMANIA : le blog de Jean-Baptiste FELDMANN, photographe du ciel","description":"&quot;J&#039;ai en moi un besoin terrible. Dirais-je le mot? La religion. Alors, je sors la nuit et je peins des \u00e9toiles.&quot;  Vincent van Gogh","potentialAction":[{"@type":"SearchAction","target":{"@type":"EntryPoint","urlTemplate":"https:\/\/blogs.futura-sciences.com\/feldmann\/?s={search_term_string}"},"query-input":{"@type":"PropertyValueSpecification","valueRequired":true,"valueName":"search_term_string"}}],"inLanguage":"fr-FR"},{"@type":"Person","@id":"https:\/\/blogs.futura-sciences.com\/feldmann\/#\/schema\/person\/62b391b709c307783237b759b62731ea","name":"Jean-Baptiste FELDMANN","image":{"@type":"ImageObject","inLanguage":"fr-FR","@id":"https:\/\/blogs.futura-sciences.com\/feldmann\/#\/schema\/person\/image\/","url":"https:\/\/secure.gravatar.com\/avatar\/41f96607fde7a81a14570eec74177c42?s=96&d=mm&r=g","contentUrl":"https:\/\/secure.gravatar.com\/avatar\/41f96607fde7a81a14570eec74177c42?s=96&d=mm&r=g","caption":"Jean-Baptiste FELDMANN"},"url":"https:\/\/blogs.futura-sciences.com\/feldmann\/author\/jbfe\/"}]}},"_links":{"self":[{"href":"https:\/\/blogs.futura-sciences.com\/feldmann\/wp-json\/wp\/v2\/posts\/22741","targetHints":{"allow":["GET"]}}],"collection":[{"href":"https:\/\/blogs.futura-sciences.com\/feldmann\/wp-json\/wp\/v2\/posts"}],"about":[{"href":"https:\/\/blogs.futura-sciences.com\/feldmann\/wp-json\/wp\/v2\/types\/post"}],"author":[{"embeddable":true,"href":"https:\/\/blogs.futura-sciences.com\/feldmann\/wp-json\/wp\/v2\/users\/8"}],"replies":[{"embeddable":true,"href":"https:\/\/blogs.futura-sciences.com\/feldmann\/wp-json\/wp\/v2\/comments?post=22741"}],"version-history":[{"count":6,"href":"https:\/\/blogs.futura-sciences.com\/feldmann\/wp-json\/wp\/v2\/posts\/22741\/revisions"}],"predecessor-version":[{"id":22756,"href":"https:\/\/blogs.futura-sciences.com\/feldmann\/wp-json\/wp\/v2\/posts\/22741\/revisions\/22756"}],"wp:featuredmedia":[{"embeddable":true,"href":"https:\/\/blogs.futura-sciences.com\/feldmann\/wp-json\/wp\/v2\/media\/22742"}],"wp:attachment":[{"href":"https:\/\/blogs.futura-sciences.com\/feldmann\/wp-json\/wp\/v2\/media?parent=22741"}],"wp:term":[{"taxonomy":"category","embeddable":true,"href":"https:\/\/blogs.futura-sciences.com\/feldmann\/wp-json\/wp\/v2\/categories?post=22741"},{"taxonomy":"post_tag","embeddable":true,"href":"https:\/\/blogs.futura-sciences.com\/feldmann\/wp-json\/wp\/v2\/tags?post=22741"}],"curies":[{"name":"wp","href":"https:\/\/api.w.org\/{rel}","templated":true}]}}