{"id":22326,"date":"2026-01-25T12:46:58","date_gmt":"2026-01-25T12:46:58","guid":{"rendered":"https:\/\/blogs.futura-sciences.com\/feldmann\/?p=22326"},"modified":"2026-02-07T12:40:53","modified_gmt":"2026-02-07T12:40:53","slug":"en-video-aurores-boreales-depuis-les-hauts-de-france","status":"publish","type":"post","link":"https:\/\/blogs.futura-sciences.com\/feldmann\/2026\/01\/25\/en-video-aurores-boreales-depuis-les-hauts-de-france\/","title":{"rendered":"En vid\u00e9o : aurores bor\u00e9ales depuis les Hauts-de-France"},"content":{"rendered":"<p><strong>Depuis 2024, l&#8217;astrophotographe Pierre-Olivier Castille traque les aurores bor\u00e9ales dans le ciel des Hauts-de-France.<\/strong><\/p>\n<h5>Au plus pr\u00e8s des aurores bor\u00e9ales :<\/h5>\n<p>\u00c0 premi\u00e8re vue, la r\u00e9gion des Hauts-de-France (compos\u00e9e du Nord-Pas-de-Calais et de la Picardie) n&#8217;est pas forc\u00e9ment la meilleure pour les amoureux des \u00e9toiles. Ceux qui recherchent des ciels clairs pour assouvir leur passion vont naturellement privil\u00e9gier le sud du pays. Mais vivre dans le Nord-Pas-de-Calais pr\u00e9sente un int\u00e9r\u00eat certain pour celui qui chasse les <a href=\"https:\/\/fr.wikipedia.org\/wiki\/Aurore_polaire\" target=\"_blank\" rel=\"noopener\">aurores bor\u00e9ales<\/a>. Rappelons que ces draperies lumineuses se forment lorsque des particules solaires entrent dans la haute atmosph\u00e8re. Ces particules p\u00e9n\u00e9trant par les p\u00f4les magn\u00e9tiques, on les admire logiquement depuis les r\u00e9gions polaires. Le Nord de la France devient donc un belv\u00e9d\u00e8re id\u00e9al, pour peu que les aurores descendent un peu en latitude :<\/p>\n<p><iframe loading=\"lazy\" title=\"Quand le ciel du Nord s&#039;embrase ! Aurores bor\u00e9ales 2024-2026\" width=\"474\" height=\"267\" src=\"https:\/\/www.youtube.com\/embed\/fpPUMUjPgfo?feature=oembed\" frameborder=\"0\" allow=\"accelerometer; autoplay; clipboard-write; encrypted-media; gyroscope; picture-in-picture; web-share\" referrerpolicy=\"strict-origin-when-cross-origin\" allowfullscreen><\/iframe><\/p>\n<p>Les ann\u00e9es 2024 et 2025 viennent de conna\u00eetre un maximum <a href=\"https:\/\/blogs.futura-sciences.com\/feldmann\/2025\/03\/06\/visualisez-lintense-activite-solaire-de-lannee-2024\/\" target=\"_blank\" rel=\"noopener\">d\u2019activit\u00e9 solaire<\/a>, ce qui a favoris\u00e9 l&#8217;apparition de ces aurores. Et 2026 a bien d\u00e9marr\u00e9, puisqu&#8217;une nouvelle temp\u00eate solaire s&#8217;est produite le 19 janvier. L&#8217;astrophotographe Pierre-Olivier Castille (<a href=\"https:\/\/www.youtube.com\/@astropassion6419\" target=\"_blank\" rel=\"noopener\">Astropassion<\/a>) a regroup\u00e9 dans une vid\u00e9o ses plus belles images, preuve que le ciel des Hauts-de-France n&#8217;est pas toujours envahi par les nuages !<!--more--><\/p>\n<h5>Un guide pour chasser les aurores :<\/h5>\n<p>Je vous recommande le dernier ouvrage \u00e9crit par Emmanuel Beaudoin : <a href=\"https:\/\/www.dunod.com\/sciences-techniques\/decouverte-aurores-boreales-en-france-tout-pour-se-preparer-observer-et\" target=\"_blank\" rel=\"noopener\">\u00c0 la d\u00e9couverte des aurores bor\u00e9ales en France, tout pour se pr\u00e9parer, les observer et les photographier<\/a>, aux \u00e9ditions Dunod :<\/p>\n<p><a href=\"https:\/\/blogs.futura-sciences.com\/feldmann\/wp-content\/uploads\/sites\/9\/2025\/10\/auror3.jpg\" rel=\"lightbox[22326]\"><img loading=\"lazy\" decoding=\"async\" class=\"alignnone size-medium wp-image-21813\" src=\"https:\/\/blogs.futura-sciences.com\/feldmann\/wp-content\/uploads\/sites\/9\/2025\/10\/auror3-321x450.jpg\" alt=\"\" width=\"321\" height=\"450\" srcset=\"https:\/\/blogs.futura-sciences.com\/feldmann\/wp-content\/uploads\/sites\/9\/2025\/10\/auror3-321x450.jpg 321w, https:\/\/blogs.futura-sciences.com\/feldmann\/wp-content\/uploads\/sites\/9\/2025\/10\/auror3.jpg 428w\" sizes=\"auto, (max-width: 321px) 100vw, 321px\" \/><\/a><\/p>\n<p>Illustr\u00e9 de plus d\u2019une centaine de tr\u00e8s beaux clich\u00e9s, l\u2019ouvrage guide le lecteur pas \u00e0 pas pour comprendre, observer et photographier ces superbes draperies lumineuses. Un livre \u00e0 mettre dans toutes les biblioth\u00e8ques !<\/p>\n<h5>Vous pourriez aimer :<\/h5>\n<ul>\n<li><a href=\"https:\/\/blogs.futura-sciences.com\/feldmann\/2023\/11\/06\/en-video-aurores-boreales-au-plateau-de-calern\/\" target=\"_blank\" rel=\"noopener\">En vid\u00e9o : aurores bor\u00e9ales au Plateau de Calern<\/a><\/li>\n<li><a href=\"https:\/\/blogs.futura-sciences.com\/feldmann\/2021\/01\/27\/en-suede-une-aurore-boreale-danse-derriere-un-halo-lunaire\/\" target=\"_blank\" rel=\"noopener\">En Su\u00e8de, une aurore bor\u00e9ale danse derri\u00e8re un halo lunaire<\/a><\/li>\n<li><a href=\"https:\/\/blogs.futura-sciences.com\/feldmann\/2021\/11\/05\/la-plus-grande-tempete-solaire-a-frappe-la-terre-en-1859\/\" target=\"_blank\" rel=\"noopener\">La plus grande temp\u00eate solaire a frapp\u00e9 la Terre en 1859<\/a><\/li>\n<\/ul>\n<p>Suivez l\u2019actualit\u00e9 astronomique et d\u00e9couvrez mes images du ciel en vous abonnant \u00e0 Cielmania sur\u00a0<a href=\"https:\/\/www.facebook.com\/cielmania\/\" target=\"_blank\" rel=\"noopener\">Facebook<\/a>.<\/p>\n<!-- AddThis Advanced Settings generic via filter on the_content --><!-- AddThis Share Buttons generic via filter on the_content -->","protected":false},"excerpt":{"rendered":"<p>Depuis 2024, l&#8217;astrophotographe Pierre-Olivier Castille traque les aurores bor\u00e9ales dans le ciel des Hauts-de-France. Au plus pr\u00e8s des aurores bor\u00e9ales : \u00c0 premi\u00e8re vue, la r\u00e9gion des Hauts-de-France (compos\u00e9e du Nord-Pas-de-Calais et de la Picardie) n&#8217;est pas forc\u00e9ment la meilleure pour les amoureux des \u00e9toiles. Ceux qui recherchent des ciels clairs pour assouvir leur passion &hellip; <a href=\"https:\/\/blogs.futura-sciences.com\/feldmann\/2026\/01\/25\/en-video-aurores-boreales-depuis-les-hauts-de-france\/\" class=\"more-link\">Continuer la lecture de <span class=\"screen-reader-text\">En vid\u00e9o : aurores bor\u00e9ales depuis les Hauts-de-France<\/span>  <span class=\"meta-nav\">&rarr;<\/span><\/a><!-- AddThis Advanced Settings generic via filter on get_the_excerpt --><!-- AddThis Share Buttons generic via filter on get_the_excerpt --><\/p>\n","protected":false},"author":8,"featured_media":22327,"comment_status":"open","ping_status":"open","sticky":false,"template":"","format":"standard","meta":{"footnotes":"","_links_to":"","_links_to_target":""},"categories":[85],"tags":[3911,3909,3910,3209],"class_list":["post-22326","post","type-post","status-publish","format-standard","has-post-thumbnail","hentry","category-meteores","tag-astropassion","tag-hauts-de-france","tag-nord-pas-de-calais","tag-pierre-olivier-castille"],"yoast_head":"<!-- This site is optimized with the Yoast SEO plugin v24.1 - https:\/\/yoast.com\/wordpress\/plugins\/seo\/ -->\n<title>En vid\u00e9o : aurores bor\u00e9ales depuis les Hauts-de-France<\/title>\n<meta name=\"description\" content=\"Depuis 2024, l&#039;astrophotographe Pierre-Olivier Castille traque les aurores bor\u00e9ales dans le ciel des Hauts-de-France.\" \/>\n<meta name=\"robots\" content=\"index, follow, max-snippet:-1, max-image-preview:large, max-video-preview:-1\" \/>\n<link rel=\"canonical\" href=\"https:\/\/blogs.futura-sciences.com\/feldmann\/2026\/01\/25\/en-video-aurores-boreales-depuis-les-hauts-de-france\/\" \/>\n<meta property=\"og:locale\" content=\"fr_FR\" \/>\n<meta property=\"og:type\" content=\"article\" \/>\n<meta property=\"og:title\" content=\"En vid\u00e9o : aurores bor\u00e9ales depuis les Hauts-de-France\" \/>\n<meta property=\"og:description\" content=\"Depuis 2024, l&#039;astrophotographe Pierre-Olivier Castille traque les aurores bor\u00e9ales dans le ciel des Hauts-de-France.\" \/>\n<meta property=\"og:url\" content=\"https:\/\/blogs.futura-sciences.com\/feldmann\/2026\/01\/25\/en-video-aurores-boreales-depuis-les-hauts-de-france\/\" \/>\n<meta property=\"og:site_name\" content=\"CIELMANIA : le blog de Jean-Baptiste FELDMANN, photographe du ciel\" \/>\n<meta property=\"article:published_time\" content=\"2026-01-25T12:46:58+00:00\" \/>\n<meta property=\"article:modified_time\" content=\"2026-02-07T12:40:53+00:00\" \/>\n<meta property=\"og:image\" content=\"https:\/\/blogs.futura-sciences.com\/feldmann\/wp-content\/uploads\/sites\/9\/2026\/01\/aurore.jpg\" \/>\n\t<meta property=\"og:image:width\" content=\"1200\" \/>\n\t<meta property=\"og:image:height\" content=\"719\" \/>\n\t<meta property=\"og:image:type\" content=\"image\/jpeg\" \/>\n<meta name=\"author\" content=\"Jean-Baptiste FELDMANN\" \/>\n<meta name=\"twitter:card\" content=\"summary_large_image\" \/>\n<meta name=\"twitter:label1\" content=\"\u00c9crit par\" \/>\n\t<meta name=\"twitter:data1\" content=\"Jean-Baptiste FELDMANN\" \/>\n\t<meta name=\"twitter:label2\" content=\"Dur\u00e9e de lecture estim\u00e9e\" \/>\n\t<meta name=\"twitter:data2\" content=\"2 minutes\" \/>\n<script type=\"application\/ld+json\" class=\"yoast-schema-graph\">{\"@context\":\"https:\/\/schema.org\",\"@graph\":[{\"@type\":\"WebPage\",\"@id\":\"https:\/\/blogs.futura-sciences.com\/feldmann\/2026\/01\/25\/en-video-aurores-boreales-depuis-les-hauts-de-france\/\",\"url\":\"https:\/\/blogs.futura-sciences.com\/feldmann\/2026\/01\/25\/en-video-aurores-boreales-depuis-les-hauts-de-france\/\",\"name\":\"En vid\u00e9o : aurores bor\u00e9ales depuis les Hauts-de-France\",\"isPartOf\":{\"@id\":\"https:\/\/blogs.futura-sciences.com\/feldmann\/#website\"},\"primaryImageOfPage\":{\"@id\":\"https:\/\/blogs.futura-sciences.com\/feldmann\/2026\/01\/25\/en-video-aurores-boreales-depuis-les-hauts-de-france\/#primaryimage\"},\"image\":{\"@id\":\"https:\/\/blogs.futura-sciences.com\/feldmann\/2026\/01\/25\/en-video-aurores-boreales-depuis-les-hauts-de-france\/#primaryimage\"},\"thumbnailUrl\":\"https:\/\/blogs.futura-sciences.com\/feldmann\/wp-content\/uploads\/sites\/9\/2026\/01\/aurore.jpg\",\"datePublished\":\"2026-01-25T12:46:58+00:00\",\"dateModified\":\"2026-02-07T12:40:53+00:00\",\"author\":{\"@id\":\"https:\/\/blogs.futura-sciences.com\/feldmann\/#\/schema\/person\/62b391b709c307783237b759b62731ea\"},\"description\":\"Depuis 2024, l'astrophotographe Pierre-Olivier Castille traque les aurores bor\u00e9ales dans le ciel des Hauts-de-France.\",\"inLanguage\":\"fr-FR\",\"potentialAction\":[{\"@type\":\"ReadAction\",\"target\":[\"https:\/\/blogs.futura-sciences.com\/feldmann\/2026\/01\/25\/en-video-aurores-boreales-depuis-les-hauts-de-france\/\"]}]},{\"@type\":\"ImageObject\",\"inLanguage\":\"fr-FR\",\"@id\":\"https:\/\/blogs.futura-sciences.com\/feldmann\/2026\/01\/25\/en-video-aurores-boreales-depuis-les-hauts-de-france\/#primaryimage\",\"url\":\"https:\/\/blogs.futura-sciences.com\/feldmann\/wp-content\/uploads\/sites\/9\/2026\/01\/aurore.jpg\",\"contentUrl\":\"https:\/\/blogs.futura-sciences.com\/feldmann\/wp-content\/uploads\/sites\/9\/2026\/01\/aurore.jpg\",\"width\":1200,\"height\":719},{\"@type\":\"WebSite\",\"@id\":\"https:\/\/blogs.futura-sciences.com\/feldmann\/#website\",\"url\":\"https:\/\/blogs.futura-sciences.com\/feldmann\/\",\"name\":\"CIELMANIA : le blog de Jean-Baptiste FELDMANN, photographe du ciel\",\"description\":\"&quot;J&#039;ai en moi un besoin terrible. Dirais-je le mot? La religion. Alors, je sors la nuit et je peins des \u00e9toiles.&quot;  Vincent van Gogh\",\"potentialAction\":[{\"@type\":\"SearchAction\",\"target\":{\"@type\":\"EntryPoint\",\"urlTemplate\":\"https:\/\/blogs.futura-sciences.com\/feldmann\/?s={search_term_string}\"},\"query-input\":{\"@type\":\"PropertyValueSpecification\",\"valueRequired\":true,\"valueName\":\"search_term_string\"}}],\"inLanguage\":\"fr-FR\"},{\"@type\":\"Person\",\"@id\":\"https:\/\/blogs.futura-sciences.com\/feldmann\/#\/schema\/person\/62b391b709c307783237b759b62731ea\",\"name\":\"Jean-Baptiste FELDMANN\",\"image\":{\"@type\":\"ImageObject\",\"inLanguage\":\"fr-FR\",\"@id\":\"https:\/\/blogs.futura-sciences.com\/feldmann\/#\/schema\/person\/image\/\",\"url\":\"https:\/\/secure.gravatar.com\/avatar\/41f96607fde7a81a14570eec74177c42?s=96&d=mm&r=g\",\"contentUrl\":\"https:\/\/secure.gravatar.com\/avatar\/41f96607fde7a81a14570eec74177c42?s=96&d=mm&r=g\",\"caption\":\"Jean-Baptiste FELDMANN\"},\"url\":\"https:\/\/blogs.futura-sciences.com\/feldmann\/author\/jbfe\/\"}]}<\/script>\n<!-- \/ Yoast SEO plugin. -->","yoast_head_json":{"title":"En vid\u00e9o : aurores bor\u00e9ales depuis les Hauts-de-France","description":"Depuis 2024, l'astrophotographe Pierre-Olivier Castille traque les aurores bor\u00e9ales dans le ciel des Hauts-de-France.","robots":{"index":"index","follow":"follow","max-snippet":"max-snippet:-1","max-image-preview":"max-image-preview:large","max-video-preview":"max-video-preview:-1"},"canonical":"https:\/\/blogs.futura-sciences.com\/feldmann\/2026\/01\/25\/en-video-aurores-boreales-depuis-les-hauts-de-france\/","og_locale":"fr_FR","og_type":"article","og_title":"En vid\u00e9o : aurores bor\u00e9ales depuis les Hauts-de-France","og_description":"Depuis 2024, l'astrophotographe Pierre-Olivier Castille traque les aurores bor\u00e9ales dans le ciel des Hauts-de-France.","og_url":"https:\/\/blogs.futura-sciences.com\/feldmann\/2026\/01\/25\/en-video-aurores-boreales-depuis-les-hauts-de-france\/","og_site_name":"CIELMANIA : le blog de Jean-Baptiste FELDMANN, photographe du ciel","article_published_time":"2026-01-25T12:46:58+00:00","article_modified_time":"2026-02-07T12:40:53+00:00","og_image":[{"width":1200,"height":719,"url":"https:\/\/blogs.futura-sciences.com\/feldmann\/wp-content\/uploads\/sites\/9\/2026\/01\/aurore.jpg","type":"image\/jpeg"}],"author":"Jean-Baptiste FELDMANN","twitter_card":"summary_large_image","twitter_misc":{"\u00c9crit par":"Jean-Baptiste FELDMANN","Dur\u00e9e de lecture estim\u00e9e":"2 minutes"},"schema":{"@context":"https:\/\/schema.org","@graph":[{"@type":"WebPage","@id":"https:\/\/blogs.futura-sciences.com\/feldmann\/2026\/01\/25\/en-video-aurores-boreales-depuis-les-hauts-de-france\/","url":"https:\/\/blogs.futura-sciences.com\/feldmann\/2026\/01\/25\/en-video-aurores-boreales-depuis-les-hauts-de-france\/","name":"En vid\u00e9o : aurores bor\u00e9ales depuis les Hauts-de-France","isPartOf":{"@id":"https:\/\/blogs.futura-sciences.com\/feldmann\/#website"},"primaryImageOfPage":{"@id":"https:\/\/blogs.futura-sciences.com\/feldmann\/2026\/01\/25\/en-video-aurores-boreales-depuis-les-hauts-de-france\/#primaryimage"},"image":{"@id":"https:\/\/blogs.futura-sciences.com\/feldmann\/2026\/01\/25\/en-video-aurores-boreales-depuis-les-hauts-de-france\/#primaryimage"},"thumbnailUrl":"https:\/\/blogs.futura-sciences.com\/feldmann\/wp-content\/uploads\/sites\/9\/2026\/01\/aurore.jpg","datePublished":"2026-01-25T12:46:58+00:00","dateModified":"2026-02-07T12:40:53+00:00","author":{"@id":"https:\/\/blogs.futura-sciences.com\/feldmann\/#\/schema\/person\/62b391b709c307783237b759b62731ea"},"description":"Depuis 2024, l'astrophotographe Pierre-Olivier Castille traque les aurores bor\u00e9ales dans le ciel des Hauts-de-France.","inLanguage":"fr-FR","potentialAction":[{"@type":"ReadAction","target":["https:\/\/blogs.futura-sciences.com\/feldmann\/2026\/01\/25\/en-video-aurores-boreales-depuis-les-hauts-de-france\/"]}]},{"@type":"ImageObject","inLanguage":"fr-FR","@id":"https:\/\/blogs.futura-sciences.com\/feldmann\/2026\/01\/25\/en-video-aurores-boreales-depuis-les-hauts-de-france\/#primaryimage","url":"https:\/\/blogs.futura-sciences.com\/feldmann\/wp-content\/uploads\/sites\/9\/2026\/01\/aurore.jpg","contentUrl":"https:\/\/blogs.futura-sciences.com\/feldmann\/wp-content\/uploads\/sites\/9\/2026\/01\/aurore.jpg","width":1200,"height":719},{"@type":"WebSite","@id":"https:\/\/blogs.futura-sciences.com\/feldmann\/#website","url":"https:\/\/blogs.futura-sciences.com\/feldmann\/","name":"CIELMANIA : le blog de Jean-Baptiste FELDMANN, photographe du ciel","description":"&quot;J&#039;ai en moi un besoin terrible. Dirais-je le mot? La religion. Alors, je sors la nuit et je peins des \u00e9toiles.&quot;  Vincent van Gogh","potentialAction":[{"@type":"SearchAction","target":{"@type":"EntryPoint","urlTemplate":"https:\/\/blogs.futura-sciences.com\/feldmann\/?s={search_term_string}"},"query-input":{"@type":"PropertyValueSpecification","valueRequired":true,"valueName":"search_term_string"}}],"inLanguage":"fr-FR"},{"@type":"Person","@id":"https:\/\/blogs.futura-sciences.com\/feldmann\/#\/schema\/person\/62b391b709c307783237b759b62731ea","name":"Jean-Baptiste FELDMANN","image":{"@type":"ImageObject","inLanguage":"fr-FR","@id":"https:\/\/blogs.futura-sciences.com\/feldmann\/#\/schema\/person\/image\/","url":"https:\/\/secure.gravatar.com\/avatar\/41f96607fde7a81a14570eec74177c42?s=96&d=mm&r=g","contentUrl":"https:\/\/secure.gravatar.com\/avatar\/41f96607fde7a81a14570eec74177c42?s=96&d=mm&r=g","caption":"Jean-Baptiste FELDMANN"},"url":"https:\/\/blogs.futura-sciences.com\/feldmann\/author\/jbfe\/"}]}},"_links":{"self":[{"href":"https:\/\/blogs.futura-sciences.com\/feldmann\/wp-json\/wp\/v2\/posts\/22326","targetHints":{"allow":["GET"]}}],"collection":[{"href":"https:\/\/blogs.futura-sciences.com\/feldmann\/wp-json\/wp\/v2\/posts"}],"about":[{"href":"https:\/\/blogs.futura-sciences.com\/feldmann\/wp-json\/wp\/v2\/types\/post"}],"author":[{"embeddable":true,"href":"https:\/\/blogs.futura-sciences.com\/feldmann\/wp-json\/wp\/v2\/users\/8"}],"replies":[{"embeddable":true,"href":"https:\/\/blogs.futura-sciences.com\/feldmann\/wp-json\/wp\/v2\/comments?post=22326"}],"version-history":[{"count":6,"href":"https:\/\/blogs.futura-sciences.com\/feldmann\/wp-json\/wp\/v2\/posts\/22326\/revisions"}],"predecessor-version":[{"id":22333,"href":"https:\/\/blogs.futura-sciences.com\/feldmann\/wp-json\/wp\/v2\/posts\/22326\/revisions\/22333"}],"wp:featuredmedia":[{"embeddable":true,"href":"https:\/\/blogs.futura-sciences.com\/feldmann\/wp-json\/wp\/v2\/media\/22327"}],"wp:attachment":[{"href":"https:\/\/blogs.futura-sciences.com\/feldmann\/wp-json\/wp\/v2\/media?parent=22326"}],"wp:term":[{"taxonomy":"category","embeddable":true,"href":"https:\/\/blogs.futura-sciences.com\/feldmann\/wp-json\/wp\/v2\/categories?post=22326"},{"taxonomy":"post_tag","embeddable":true,"href":"https:\/\/blogs.futura-sciences.com\/feldmann\/wp-json\/wp\/v2\/tags?post=22326"}],"curies":[{"name":"wp","href":"https:\/\/api.w.org\/{rel}","templated":true}]}}