{"id":21142,"date":"2025-04-25T09:01:14","date_gmt":"2025-04-25T09:01:14","guid":{"rendered":"https:\/\/blogs.futura-sciences.com\/feldmann\/?p=21142"},"modified":"2025-05-11T08:49:12","modified_gmt":"2025-05-11T08:49:12","slug":"a-laube-la-lune-et-venus-saluent-le-timide-retour-de-saturne","status":"publish","type":"post","link":"https:\/\/blogs.futura-sciences.com\/feldmann\/2025\/04\/25\/a-laube-la-lune-et-venus-saluent-le-timide-retour-de-saturne\/","title":{"rendered":"\u00c0 l&#8217;aube, la Lune et V\u00e9nus saluent le timide retour de Saturne"},"content":{"rendered":"<p><strong>Quelques semaines apr\u00e8s V\u00e9nus, c&#8217;est au tour de Saturne de prendre place discr\u00e8tement dans le ciel de l&#8217;aube.<\/strong><\/p>\n<h5>Timide apparition :<\/h5>\n<p>Saturne redevient observable ! La plan\u00e8te pr\u00e9f\u00e9r\u00e9e des astronomes est de retour \u00e0 l&#8217;aube, apr\u00e8s sa conjonction avec le <a href=\"https:\/\/fr.wikipedia.org\/wiki\/Soleil\" target=\"_blank\" rel=\"noopener\">Soleil<\/a> le 12 mars dernier. Oh bien s\u00fbr, il va falloir patienter pour l&#8217;observer. Encore tr\u00e8s basse, la plan\u00e8te aux anneaux affiche une modeste <a href=\"https:\/\/blogs.futura-sciences.com\/feldmann\/2017\/05\/06\/quest-lechelle-magnitudes-astronomie\/\" target=\"_blank\" rel=\"noopener\">magnitude<\/a> de 1,2. Rien de comparable avec l&#8217;\u00e9clat de <a href=\"https:\/\/blogs.futura-sciences.com\/feldmann\/2025\/04\/12\/venus-entame-sa-longue-periode-de-visibilite-matinale\/\" target=\"_blank\" rel=\"noopener\">V\u00e9nus<\/a> (magnitude -4,6). D&#8217;ailleurs, l&#8217;astre n&#8217;appara\u00eet que sur les photographies, et en cherchant bien. Le ciel est encore trop lumineux pour d\u00e9nicher la plan\u00e8te \u00e0 l&#8217;\u0153il nu :<\/p>\n<figure id=\"attachment_21143\" aria-describedby=\"caption-attachment-21143\" style=\"width: 450px\" class=\"wp-caption alignnone\"><a href=\"https:\/\/blogs.futura-sciences.com\/feldmann\/wp-content\/uploads\/sites\/9\/2025\/04\/venus_saturne.jpg\" rel=\"lightbox[21142]\"><img loading=\"lazy\" decoding=\"async\" class=\"size-medium wp-image-21143\" src=\"https:\/\/blogs.futura-sciences.com\/feldmann\/wp-content\/uploads\/sites\/9\/2025\/04\/venus_saturne-450x270.jpg\" alt=\"\" width=\"450\" height=\"270\" srcset=\"https:\/\/blogs.futura-sciences.com\/feldmann\/wp-content\/uploads\/sites\/9\/2025\/04\/venus_saturne-450x270.jpg 450w, https:\/\/blogs.futura-sciences.com\/feldmann\/wp-content\/uploads\/sites\/9\/2025\/04\/venus_saturne-1024x614.jpg 1024w, https:\/\/blogs.futura-sciences.com\/feldmann\/wp-content\/uploads\/sites\/9\/2025\/04\/venus_saturne-768x460.jpg 768w, https:\/\/blogs.futura-sciences.com\/feldmann\/wp-content\/uploads\/sites\/9\/2025\/04\/venus_saturne.jpg 1501w\" sizes=\"auto, (max-width: 450px) 100vw, 450px\" \/><\/a><figcaption id=\"caption-attachment-21143\" class=\"wp-caption-text\">V\u00e9nus, la Lune et la discr\u00e8te Saturne \u00e0 l&#8217;aube du 25 avril 2025. \u00a9 Jean-Baptiste Feldmann<\/figcaption><\/figure>\n<p>Saturne va s&#8217;\u00e9lever progressivement, et sera une cible de choix cet \u00e9t\u00e9, avant son opposition le 21 septembre 2025. C&#8217;est d\u00e9sormais la face Sud des anneaux que nous allons contempler, apr\u00e8s le passage de la Terre dans leur plan le 23 mars dernier. Si V\u00e9nus et Saturne ont pris place dans le ciel du matin, <a href=\"https:\/\/blogs.futura-sciences.com\/feldmann\/2025\/04\/02\/mars-derriere-la-lune-depuis-lobservatoire-de-kitt-peak\/\" target=\"_blank\" rel=\"noopener\">Mars<\/a> et <a href=\"https:\/\/blogs.futura-sciences.com\/feldmann\/2024\/11\/29\/jupiter-tres-en-beaute-une-semaine-avant-son-opposition\/\" target=\"_blank\" rel=\"noopener\">Jupiter<\/a> sont encore un peu observables en soir\u00e9e. N\u2019oubliez pas de consulter les <a href=\"https:\/\/blogs.futura-sciences.com\/feldmann\/tag\/ephemerides\/\" target=\"_blank\" rel=\"noopener\">\u00e9ph\u00e9m\u00e9rides<\/a> \u00a0au fil des mois pour en savoir plus !<\/p>\n<h5>Une plan\u00e8te bien entour\u00e9e :<\/h5>\n<p>274 lunes au compteur : Saturne compte presque deux fois plus de satellites que toutes les plan\u00e8tes r\u00e9unies ! Une\u00a0<a href=\"https:\/\/phas.ubc.ca\/2025-discovery-more-saturnian-moons\" target=\"_blank\" rel=\"noopener\">publication de l\u2019UBC<\/a>\u00a0rapporte qu\u2019une premi\u00e8re campagne men\u00e9e entre 2019 et 2021 avait permis de d\u00e9tecter 62 lunes suppl\u00e9mentaires (la plan\u00e8te aux anneaux en comptait 146 jusque-l\u00e0). Pour leurs recherches, les astronomes avaient utilis\u00e9 le Canada-France-Hawaii-Telescope (<a href=\"https:\/\/www.cfht.hawaii.edu\/\" target=\"_blank\" rel=\"noopener\">CFHT<\/a>). Ils ont r\u00e9cidiv\u00e9 en 2023 avec le m\u00eame instrument, portant le total de leurs d\u00e9couvertes \u00e0 128. Mais seuls <a href=\"https:\/\/blogs.futura-sciences.com\/feldmann\/2025\/01\/14\/il-y-a-vingt-ans-la-sonde-huygens-se-posait-sur-titan\/\" target=\"_blank\" rel=\"noopener\">Titan<\/a>, <a href=\"https:\/\/blogs.futura-sciences.com\/feldmann\/2016\/09\/26\/autour-de-saturne-titan-eclipse-rhea\/\" target=\"_blank\" rel=\"noopener\">Rh\u00e9a<\/a>, <a href=\"https:\/\/blogs.futura-sciences.com\/feldmann\/2020\/06\/27\/toledo-montes-la-mysterieuse-crete-equatoriale-de-japet\/\" target=\"_blank\" rel=\"noopener\">Japet<\/a>, <a href=\"https:\/\/blogs.futura-sciences.com\/feldmann\/2017\/03\/04\/lumiere-cendree-dione-satellites-de-saturne\/\" target=\"_blank\" rel=\"noopener\">Dion\u00e9<\/a> et <a href=\"https:\/\/blogs.futura-sciences.com\/feldmann\/2015\/08\/10\/de-mysterieuses-lignes-rouges-sur-le-satellite-tethys\/\" target=\"_blank\" rel=\"noopener\">T\u00e9thys<\/a> sont observables dans un <a href=\"https:\/\/blogs.futura-sciences.com\/feldmann\/2023\/01\/11\/peut-on-choisir-son-premier-telescope-sans-se-tromper\/\" target=\"_blank\" rel=\"noopener\">t\u00e9lescope d&#8217;amateur<\/a>.<\/p>\n<h5>Vous pourriez aimer :<\/h5>\n<ul>\n<li><a href=\"https:\/\/blogs.futura-sciences.com\/feldmann\/2023\/01\/11\/peut-on-choisir-son-premier-telescope-sans-se-tromper\/\" target=\"_blank\" rel=\"noopener\">Peut-on choisir son premier t\u00e9lescope sans se tromper ?<\/a><\/li>\n<li><a href=\"https:\/\/blogs.futura-sciences.com\/feldmann\/2021\/08\/19\/on-peut-photographier-les-planetes-avec-un-petit-telescope\/\" target=\"_blank\" rel=\"noopener\">Comment photographier les plan\u00e8tes avec un petit t\u00e9lescope<\/a><\/li>\n<li><a href=\"https:\/\/blogs.futura-sciences.com\/feldmann\/2023\/11\/13\/les-yeux-de-hibou-detonnantes-jumelles\/\" target=\"_blank\" rel=\"noopener\">Les \u201cYeux de hibou\u201d, d\u2019\u00e9tonnantes jumelles<\/a><\/li>\n<\/ul>\n<p>Suivez l\u2019actualit\u00e9 astronomique et d\u00e9couvrez mes images du ciel en vous abonnant \u00e0 Cielmania sur\u00a0<a href=\"https:\/\/www.facebook.com\/cielmania\/\" target=\"_blank\" rel=\"noopener noreferrer\">Facebook<\/a>\u00a0et sur\u00a0<a href=\"https:\/\/bsky.app\/profile\/cielmania.bsky.social\" target=\"_blank\" rel=\"noopener\">Bluesky<\/a>.<\/p>\n<!-- AddThis Advanced Settings generic via filter on the_content --><!-- AddThis Share Buttons generic via filter on the_content -->","protected":false},"excerpt":{"rendered":"<p>Quelques semaines apr\u00e8s V\u00e9nus, c&#8217;est au tour de Saturne de prendre place discr\u00e8tement dans le ciel de l&#8217;aube. Timide apparition : Saturne redevient observable ! La plan\u00e8te pr\u00e9f\u00e9r\u00e9e des astronomes est de retour \u00e0 l&#8217;aube, apr\u00e8s sa conjonction avec le Soleil le 12 mars dernier. Oh bien s\u00fbr, il va falloir patienter pour l&#8217;observer. Encore &hellip; <a href=\"https:\/\/blogs.futura-sciences.com\/feldmann\/2025\/04\/25\/a-laube-la-lune-et-venus-saluent-le-timide-retour-de-saturne\/\" class=\"more-link\">Continuer la lecture de <span class=\"screen-reader-text\">\u00c0 l&#8217;aube, la Lune et V\u00e9nus saluent le timide retour de Saturne<\/span>  <span class=\"meta-nav\">&rarr;<\/span><\/a><!-- AddThis Advanced Settings generic via filter on get_the_excerpt --><!-- AddThis Share Buttons generic via filter on get_the_excerpt --><\/p>\n","protected":false},"author":8,"featured_media":21143,"comment_status":"open","ping_status":"open","sticky":false,"template":"","format":"standard","meta":{"footnotes":"","_links_to":"","_links_to_target":""},"categories":[509],"tags":[82,136,159],"class_list":["post-21142","post","type-post","status-publish","format-standard","has-post-thumbnail","hentry","category-actualites","tag-lune","tag-saturne","tag-venus"],"yoast_head":"<!-- This site is optimized with the Yoast SEO plugin v24.1 - https:\/\/yoast.com\/wordpress\/plugins\/seo\/ -->\n<title>\u00c0 l&#039;aube, la Lune et V\u00e9nus saluent le timide retour de Saturne<\/title>\n<meta name=\"description\" content=\"Quelques semaines apr\u00e8s V\u00e9nus, c&#039;est au tour de Saturne de prendre place discr\u00e8tement dans le ciel de l&#039;aube.\" \/>\n<meta name=\"robots\" content=\"index, follow, max-snippet:-1, max-image-preview:large, max-video-preview:-1\" \/>\n<link rel=\"canonical\" href=\"https:\/\/blogs.futura-sciences.com\/feldmann\/2025\/04\/25\/a-laube-la-lune-et-venus-saluent-le-timide-retour-de-saturne\/\" \/>\n<meta property=\"og:locale\" content=\"fr_FR\" \/>\n<meta property=\"og:type\" content=\"article\" \/>\n<meta property=\"og:title\" content=\"\u00c0 l&#039;aube, la Lune et V\u00e9nus saluent le timide retour de Saturne\" \/>\n<meta property=\"og:description\" content=\"Quelques semaines apr\u00e8s V\u00e9nus, c&#039;est au tour de Saturne de prendre place discr\u00e8tement dans le ciel de l&#039;aube.\" \/>\n<meta property=\"og:url\" content=\"https:\/\/blogs.futura-sciences.com\/feldmann\/2025\/04\/25\/a-laube-la-lune-et-venus-saluent-le-timide-retour-de-saturne\/\" \/>\n<meta property=\"og:site_name\" content=\"CIELMANIA : le blog de Jean-Baptiste FELDMANN, photographe du ciel\" \/>\n<meta property=\"article:published_time\" content=\"2025-04-25T09:01:14+00:00\" \/>\n<meta property=\"article:modified_time\" content=\"2025-05-11T08:49:12+00:00\" \/>\n<meta property=\"og:image\" content=\"https:\/\/blogs.futura-sciences.com\/feldmann\/wp-content\/uploads\/sites\/9\/2025\/04\/venus_saturne.jpg\" \/>\n\t<meta property=\"og:image:width\" content=\"1501\" \/>\n\t<meta property=\"og:image:height\" content=\"900\" \/>\n\t<meta property=\"og:image:type\" content=\"image\/jpeg\" \/>\n<meta name=\"author\" content=\"Jean-Baptiste FELDMANN\" \/>\n<meta name=\"twitter:card\" content=\"summary_large_image\" \/>\n<meta name=\"twitter:label1\" content=\"\u00c9crit par\" \/>\n\t<meta name=\"twitter:data1\" content=\"Jean-Baptiste FELDMANN\" \/>\n\t<meta name=\"twitter:label2\" content=\"Dur\u00e9e de lecture estim\u00e9e\" \/>\n\t<meta name=\"twitter:data2\" content=\"3 minutes\" \/>\n<script type=\"application\/ld+json\" class=\"yoast-schema-graph\">{\"@context\":\"https:\/\/schema.org\",\"@graph\":[{\"@type\":\"WebPage\",\"@id\":\"https:\/\/blogs.futura-sciences.com\/feldmann\/2025\/04\/25\/a-laube-la-lune-et-venus-saluent-le-timide-retour-de-saturne\/\",\"url\":\"https:\/\/blogs.futura-sciences.com\/feldmann\/2025\/04\/25\/a-laube-la-lune-et-venus-saluent-le-timide-retour-de-saturne\/\",\"name\":\"\u00c0 l'aube, la Lune et V\u00e9nus saluent le timide retour de Saturne\",\"isPartOf\":{\"@id\":\"https:\/\/blogs.futura-sciences.com\/feldmann\/#website\"},\"primaryImageOfPage\":{\"@id\":\"https:\/\/blogs.futura-sciences.com\/feldmann\/2025\/04\/25\/a-laube-la-lune-et-venus-saluent-le-timide-retour-de-saturne\/#primaryimage\"},\"image\":{\"@id\":\"https:\/\/blogs.futura-sciences.com\/feldmann\/2025\/04\/25\/a-laube-la-lune-et-venus-saluent-le-timide-retour-de-saturne\/#primaryimage\"},\"thumbnailUrl\":\"https:\/\/blogs.futura-sciences.com\/feldmann\/wp-content\/uploads\/sites\/9\/2025\/04\/venus_saturne.jpg\",\"datePublished\":\"2025-04-25T09:01:14+00:00\",\"dateModified\":\"2025-05-11T08:49:12+00:00\",\"author\":{\"@id\":\"https:\/\/blogs.futura-sciences.com\/feldmann\/#\/schema\/person\/62b391b709c307783237b759b62731ea\"},\"description\":\"Quelques semaines apr\u00e8s V\u00e9nus, c'est au tour de Saturne de prendre place discr\u00e8tement dans le ciel de l'aube.\",\"inLanguage\":\"fr-FR\",\"potentialAction\":[{\"@type\":\"ReadAction\",\"target\":[\"https:\/\/blogs.futura-sciences.com\/feldmann\/2025\/04\/25\/a-laube-la-lune-et-venus-saluent-le-timide-retour-de-saturne\/\"]}]},{\"@type\":\"ImageObject\",\"inLanguage\":\"fr-FR\",\"@id\":\"https:\/\/blogs.futura-sciences.com\/feldmann\/2025\/04\/25\/a-laube-la-lune-et-venus-saluent-le-timide-retour-de-saturne\/#primaryimage\",\"url\":\"https:\/\/blogs.futura-sciences.com\/feldmann\/wp-content\/uploads\/sites\/9\/2025\/04\/venus_saturne.jpg\",\"contentUrl\":\"https:\/\/blogs.futura-sciences.com\/feldmann\/wp-content\/uploads\/sites\/9\/2025\/04\/venus_saturne.jpg\",\"width\":1501,\"height\":900,\"caption\":\"V\u00e9nus, le croissant de Lune et la discr\u00e8te Saturne \u00e0 l'aube du 25 avril 2025. \u00a9 Jean-Baptiste Feldmann\"},{\"@type\":\"WebSite\",\"@id\":\"https:\/\/blogs.futura-sciences.com\/feldmann\/#website\",\"url\":\"https:\/\/blogs.futura-sciences.com\/feldmann\/\",\"name\":\"CIELMANIA : le blog de Jean-Baptiste FELDMANN, photographe du ciel\",\"description\":\"&quot;J&#039;ai en moi un besoin terrible. Dirais-je le mot? La religion. Alors, je sors la nuit et je peins des \u00e9toiles.&quot;  Vincent van Gogh\",\"potentialAction\":[{\"@type\":\"SearchAction\",\"target\":{\"@type\":\"EntryPoint\",\"urlTemplate\":\"https:\/\/blogs.futura-sciences.com\/feldmann\/?s={search_term_string}\"},\"query-input\":{\"@type\":\"PropertyValueSpecification\",\"valueRequired\":true,\"valueName\":\"search_term_string\"}}],\"inLanguage\":\"fr-FR\"},{\"@type\":\"Person\",\"@id\":\"https:\/\/blogs.futura-sciences.com\/feldmann\/#\/schema\/person\/62b391b709c307783237b759b62731ea\",\"name\":\"Jean-Baptiste FELDMANN\",\"image\":{\"@type\":\"ImageObject\",\"inLanguage\":\"fr-FR\",\"@id\":\"https:\/\/blogs.futura-sciences.com\/feldmann\/#\/schema\/person\/image\/\",\"url\":\"https:\/\/secure.gravatar.com\/avatar\/41f96607fde7a81a14570eec74177c42?s=96&d=mm&r=g\",\"contentUrl\":\"https:\/\/secure.gravatar.com\/avatar\/41f96607fde7a81a14570eec74177c42?s=96&d=mm&r=g\",\"caption\":\"Jean-Baptiste FELDMANN\"},\"url\":\"https:\/\/blogs.futura-sciences.com\/feldmann\/author\/jbfe\/\"}]}<\/script>\n<!-- \/ Yoast SEO plugin. -->","yoast_head_json":{"title":"\u00c0 l'aube, la Lune et V\u00e9nus saluent le timide retour de Saturne","description":"Quelques semaines apr\u00e8s V\u00e9nus, c'est au tour de Saturne de prendre place discr\u00e8tement dans le ciel de l'aube.","robots":{"index":"index","follow":"follow","max-snippet":"max-snippet:-1","max-image-preview":"max-image-preview:large","max-video-preview":"max-video-preview:-1"},"canonical":"https:\/\/blogs.futura-sciences.com\/feldmann\/2025\/04\/25\/a-laube-la-lune-et-venus-saluent-le-timide-retour-de-saturne\/","og_locale":"fr_FR","og_type":"article","og_title":"\u00c0 l'aube, la Lune et V\u00e9nus saluent le timide retour de Saturne","og_description":"Quelques semaines apr\u00e8s V\u00e9nus, c'est au tour de Saturne de prendre place discr\u00e8tement dans le ciel de l'aube.","og_url":"https:\/\/blogs.futura-sciences.com\/feldmann\/2025\/04\/25\/a-laube-la-lune-et-venus-saluent-le-timide-retour-de-saturne\/","og_site_name":"CIELMANIA : le blog de Jean-Baptiste FELDMANN, photographe du ciel","article_published_time":"2025-04-25T09:01:14+00:00","article_modified_time":"2025-05-11T08:49:12+00:00","og_image":[{"width":1501,"height":900,"url":"https:\/\/blogs.futura-sciences.com\/feldmann\/wp-content\/uploads\/sites\/9\/2025\/04\/venus_saturne.jpg","type":"image\/jpeg"}],"author":"Jean-Baptiste FELDMANN","twitter_card":"summary_large_image","twitter_misc":{"\u00c9crit par":"Jean-Baptiste FELDMANN","Dur\u00e9e de lecture estim\u00e9e":"3 minutes"},"schema":{"@context":"https:\/\/schema.org","@graph":[{"@type":"WebPage","@id":"https:\/\/blogs.futura-sciences.com\/feldmann\/2025\/04\/25\/a-laube-la-lune-et-venus-saluent-le-timide-retour-de-saturne\/","url":"https:\/\/blogs.futura-sciences.com\/feldmann\/2025\/04\/25\/a-laube-la-lune-et-venus-saluent-le-timide-retour-de-saturne\/","name":"\u00c0 l'aube, la Lune et V\u00e9nus saluent le timide retour de Saturne","isPartOf":{"@id":"https:\/\/blogs.futura-sciences.com\/feldmann\/#website"},"primaryImageOfPage":{"@id":"https:\/\/blogs.futura-sciences.com\/feldmann\/2025\/04\/25\/a-laube-la-lune-et-venus-saluent-le-timide-retour-de-saturne\/#primaryimage"},"image":{"@id":"https:\/\/blogs.futura-sciences.com\/feldmann\/2025\/04\/25\/a-laube-la-lune-et-venus-saluent-le-timide-retour-de-saturne\/#primaryimage"},"thumbnailUrl":"https:\/\/blogs.futura-sciences.com\/feldmann\/wp-content\/uploads\/sites\/9\/2025\/04\/venus_saturne.jpg","datePublished":"2025-04-25T09:01:14+00:00","dateModified":"2025-05-11T08:49:12+00:00","author":{"@id":"https:\/\/blogs.futura-sciences.com\/feldmann\/#\/schema\/person\/62b391b709c307783237b759b62731ea"},"description":"Quelques semaines apr\u00e8s V\u00e9nus, c'est au tour de Saturne de prendre place discr\u00e8tement dans le ciel de l'aube.","inLanguage":"fr-FR","potentialAction":[{"@type":"ReadAction","target":["https:\/\/blogs.futura-sciences.com\/feldmann\/2025\/04\/25\/a-laube-la-lune-et-venus-saluent-le-timide-retour-de-saturne\/"]}]},{"@type":"ImageObject","inLanguage":"fr-FR","@id":"https:\/\/blogs.futura-sciences.com\/feldmann\/2025\/04\/25\/a-laube-la-lune-et-venus-saluent-le-timide-retour-de-saturne\/#primaryimage","url":"https:\/\/blogs.futura-sciences.com\/feldmann\/wp-content\/uploads\/sites\/9\/2025\/04\/venus_saturne.jpg","contentUrl":"https:\/\/blogs.futura-sciences.com\/feldmann\/wp-content\/uploads\/sites\/9\/2025\/04\/venus_saturne.jpg","width":1501,"height":900,"caption":"V\u00e9nus, le croissant de Lune et la discr\u00e8te Saturne \u00e0 l'aube du 25 avril 2025. \u00a9 Jean-Baptiste Feldmann"},{"@type":"WebSite","@id":"https:\/\/blogs.futura-sciences.com\/feldmann\/#website","url":"https:\/\/blogs.futura-sciences.com\/feldmann\/","name":"CIELMANIA : le blog de Jean-Baptiste FELDMANN, photographe du ciel","description":"&quot;J&#039;ai en moi un besoin terrible. Dirais-je le mot? La religion. Alors, je sors la nuit et je peins des \u00e9toiles.&quot;  Vincent van Gogh","potentialAction":[{"@type":"SearchAction","target":{"@type":"EntryPoint","urlTemplate":"https:\/\/blogs.futura-sciences.com\/feldmann\/?s={search_term_string}"},"query-input":{"@type":"PropertyValueSpecification","valueRequired":true,"valueName":"search_term_string"}}],"inLanguage":"fr-FR"},{"@type":"Person","@id":"https:\/\/blogs.futura-sciences.com\/feldmann\/#\/schema\/person\/62b391b709c307783237b759b62731ea","name":"Jean-Baptiste FELDMANN","image":{"@type":"ImageObject","inLanguage":"fr-FR","@id":"https:\/\/blogs.futura-sciences.com\/feldmann\/#\/schema\/person\/image\/","url":"https:\/\/secure.gravatar.com\/avatar\/41f96607fde7a81a14570eec74177c42?s=96&d=mm&r=g","contentUrl":"https:\/\/secure.gravatar.com\/avatar\/41f96607fde7a81a14570eec74177c42?s=96&d=mm&r=g","caption":"Jean-Baptiste FELDMANN"},"url":"https:\/\/blogs.futura-sciences.com\/feldmann\/author\/jbfe\/"}]}},"_links":{"self":[{"href":"https:\/\/blogs.futura-sciences.com\/feldmann\/wp-json\/wp\/v2\/posts\/21142","targetHints":{"allow":["GET"]}}],"collection":[{"href":"https:\/\/blogs.futura-sciences.com\/feldmann\/wp-json\/wp\/v2\/posts"}],"about":[{"href":"https:\/\/blogs.futura-sciences.com\/feldmann\/wp-json\/wp\/v2\/types\/post"}],"author":[{"embeddable":true,"href":"https:\/\/blogs.futura-sciences.com\/feldmann\/wp-json\/wp\/v2\/users\/8"}],"replies":[{"embeddable":true,"href":"https:\/\/blogs.futura-sciences.com\/feldmann\/wp-json\/wp\/v2\/comments?post=21142"}],"version-history":[{"count":2,"href":"https:\/\/blogs.futura-sciences.com\/feldmann\/wp-json\/wp\/v2\/posts\/21142\/revisions"}],"predecessor-version":[{"id":21145,"href":"https:\/\/blogs.futura-sciences.com\/feldmann\/wp-json\/wp\/v2\/posts\/21142\/revisions\/21145"}],"wp:featuredmedia":[{"embeddable":true,"href":"https:\/\/blogs.futura-sciences.com\/feldmann\/wp-json\/wp\/v2\/media\/21143"}],"wp:attachment":[{"href":"https:\/\/blogs.futura-sciences.com\/feldmann\/wp-json\/wp\/v2\/media?parent=21142"}],"wp:term":[{"taxonomy":"category","embeddable":true,"href":"https:\/\/blogs.futura-sciences.com\/feldmann\/wp-json\/wp\/v2\/categories?post=21142"},{"taxonomy":"post_tag","embeddable":true,"href":"https:\/\/blogs.futura-sciences.com\/feldmann\/wp-json\/wp\/v2\/tags?post=21142"}],"curies":[{"name":"wp","href":"https:\/\/api.w.org\/{rel}","templated":true}]}}