{"id":20291,"date":"2024-10-14T19:13:31","date_gmt":"2024-10-14T19:13:31","guid":{"rendered":"https:\/\/blogs.futura-sciences.com\/feldmann\/?p=20291"},"modified":"2024-10-23T09:08:31","modified_gmt":"2024-10-23T09:08:31","slug":"la-comete-tsuchinshan-atlas-au-dessus-du-village-d-oingt","status":"publish","type":"post","link":"https:\/\/blogs.futura-sciences.com\/feldmann\/2024\/10\/14\/la-comete-tsuchinshan-atlas-au-dessus-du-village-d-oingt\/","title":{"rendered":"La com\u00e8te Tsuchinshan-ATLAS au-dessus du village d&#8217;Oingt"},"content":{"rendered":"<p><strong>On l&#8217;attendait, la voici ! La com\u00e8te C\/2023 A3 Tsuchinshan-ATLAS est d\u00e9sormais observable en soir\u00e9e. R\u00e9cit depuis Oingt en Beaujolais.<\/strong><\/p>\n<h5>Village m\u00e9di\u00e9val :<\/h5>\n<p>Oingt, l\u2019un des\u00a0<a href=\"https:\/\/www.les-plus-beaux-villages-de-france.org\/fr\/nos-villages\/oingt\/\" target=\"_blank\" rel=\"noopener\">plus beaux villages de France<\/a>, est situ\u00e9 dans le Beaujolais, \u00e0 une trentaine de kilom\u00e8tres de Lyon. C\u2019est l\u2019embl\u00e8me du Pays des Pierres Dor\u00e9es, amusant surnom que l\u2019on doit aux fa\u00e7ades jaune ocre des maisons. Juch\u00e9 sur sa colline, Oingt a longtemps eu pour r\u00f4le de surveiller le passage entre Sa\u00f4ne et Loire. Il ne reste plus aucune trace de la motte f\u00e9odale \u00e9difi\u00e9e par les premiers seigneurs d\u2019Oingt, mais le village a gard\u00e9 son caract\u00e8re m\u00e9di\u00e9val. Parcourir ses ruelles aux noms imag\u00e9s \u2013 rues \u201cTyre-laine\u201d, \u201cCoupe-jarret\u201d ou \u201cTraine-cul\u201d \u2013 permet d\u2019admirer les hautes fa\u00e7ades aux teintes chaudes, les vo\u00fbtes en plein cintre et autres linteaux en double accolade :<\/p>\n<p><a href=\"https:\/\/blogs.futura-sciences.com\/feldmann\/wp-content\/uploads\/sites\/9\/2024\/10\/comet_ambiance2.jpg\" rel=\"lightbox[20291]\"><img loading=\"lazy\" decoding=\"async\" class=\"alignnone size-medium wp-image-20293\" src=\"https:\/\/blogs.futura-sciences.com\/feldmann\/wp-content\/uploads\/sites\/9\/2024\/10\/comet_ambiance2-450x270.jpg\" alt=\"\" width=\"450\" height=\"270\" srcset=\"https:\/\/blogs.futura-sciences.com\/feldmann\/wp-content\/uploads\/sites\/9\/2024\/10\/comet_ambiance2-450x270.jpg 450w, https:\/\/blogs.futura-sciences.com\/feldmann\/wp-content\/uploads\/sites\/9\/2024\/10\/comet_ambiance2-1024x614.jpg 1024w, https:\/\/blogs.futura-sciences.com\/feldmann\/wp-content\/uploads\/sites\/9\/2024\/10\/comet_ambiance2-768x461.jpg 768w, https:\/\/blogs.futura-sciences.com\/feldmann\/wp-content\/uploads\/sites\/9\/2024\/10\/comet_ambiance2.jpg 1500w\" sizes=\"auto, (max-width: 450px) 100vw, 450px\" \/><\/a><\/p>\n<p>C&#8217;est face au village que je me suis post\u00e9 dans la soir\u00e9e du 13 octobre pour attendre la com\u00e8te C\/2023 A3 Tsuchinshan-ATLAS. Apr\u00e8s un cr\u00e9puscule flamboyant, l&#8217;astre chevelu a fini par se montrer. Je l&#8217;ai immortalis\u00e9 avec un bo\u00eetier Nikon D7100 et une focale de 100 millim\u00e8tres. Pose de 6 secondes \u00e0 3200 iso :<\/p>\n<p><a href=\"https:\/\/blogs.futura-sciences.com\/feldmann\/wp-content\/uploads\/sites\/9\/2024\/10\/comet2.jpg\" rel=\"lightbox[20291]\"><img loading=\"lazy\" decoding=\"async\" class=\"alignnone size-medium wp-image-20292\" src=\"https:\/\/blogs.futura-sciences.com\/feldmann\/wp-content\/uploads\/sites\/9\/2024\/10\/comet2-450x270.jpg\" alt=\"\" width=\"450\" height=\"270\" srcset=\"https:\/\/blogs.futura-sciences.com\/feldmann\/wp-content\/uploads\/sites\/9\/2024\/10\/comet2-450x270.jpg 450w, https:\/\/blogs.futura-sciences.com\/feldmann\/wp-content\/uploads\/sites\/9\/2024\/10\/comet2-1024x615.jpg 1024w, https:\/\/blogs.futura-sciences.com\/feldmann\/wp-content\/uploads\/sites\/9\/2024\/10\/comet2-768x461.jpg 768w, https:\/\/blogs.futura-sciences.com\/feldmann\/wp-content\/uploads\/sites\/9\/2024\/10\/comet2.jpg 1500w\" sizes=\"auto, (max-width: 450px) 100vw, 450px\" \/><\/a><\/p>\n<p>Peut-on vraiment parler de &#8220;com\u00e8te du si\u00e8cle&#8221; ? Pour ma part, je trouve C\/2023 A3 moins lumineuse que <a href=\"https:\/\/blogs.futura-sciences.com\/feldmann\/2020\/07\/19\/la-comete-neowise-dans-le-parc-naturel-regional-du-morvan\/\" target=\"_blank\" rel=\"noopener\">Neowise<\/a> il y a quatre ans. Il faut dire qu&#8217;il est difficile d&#8217;avoir actuellement des ciels vraiment purs. Esp\u00e9rons que les soir\u00e9es \u00e0 venir seront meilleures. Malgr\u00e9 la Lune de plus en plus brillante, il sera alors possible de profiter du passage de cet astre chevelu. Dans mes jumelles 12X80, j&#8217;imagine sans peine que le spectacle sera au rendez-vous !<\/p>\n<p><a href=\"https:\/\/blogs.futura-sciences.com\/feldmann\/wp-content\/uploads\/sites\/9\/2024\/09\/comet-1.jpg\" rel=\"lightbox[20291]\"><img loading=\"lazy\" decoding=\"async\" class=\"alignnone size-medium wp-image-20239\" src=\"https:\/\/blogs.futura-sciences.com\/feldmann\/wp-content\/uploads\/sites\/9\/2024\/09\/comet-1-450x413.jpg\" alt=\"\" width=\"450\" height=\"413\" srcset=\"https:\/\/blogs.futura-sciences.com\/feldmann\/wp-content\/uploads\/sites\/9\/2024\/09\/comet-1-450x413.jpg 450w, https:\/\/blogs.futura-sciences.com\/feldmann\/wp-content\/uploads\/sites\/9\/2024\/09\/comet-1.jpg 552w\" sizes=\"auto, (max-width: 450px) 100vw, 450px\" \/><\/a><\/p>\n<h5>Vous pourriez aimer :<\/h5>\n<ul>\n<li><a href=\"https:\/\/blogs.futura-sciences.com\/feldmann\/2024\/10\/09\/comment-immortaliser-la-comete-tsuchinshan-atlas\/\" target=\"_blank\" rel=\"noopener\">Comment immortaliser la com\u00e8te Tsuchinshan-ATLAS<\/a><\/li>\n<li><a href=\"https:\/\/blogs.futura-sciences.com\/feldmann\/2024\/10\/01\/surprise-une-nouvelle-comete-sannonce-spectaculaire\/\" target=\"_blank\" rel=\"noopener\">Surprise ! Une nouvelle com\u00e8te s\u2019annonce spectaculaire !<\/a><\/li>\n<li><a href=\"https:\/\/blogs.futura-sciences.com\/feldmann\/2024\/06\/26\/la-comete-13p-olbers-revient-nous-rendre-visite\/\" target=\"_blank\" rel=\"noopener\">La com\u00e8te 13P\/Olbers revient nous rendre visite<\/a><\/li>\n<\/ul>\n<p>Suivez l\u2019actualit\u00e9 astronomique et d\u00e9couvrez mes images du ciel en vous abonnant \u00e0 Cielmania sur\u00a0<a href=\"https:\/\/www.facebook.com\/cielmania\/\" target=\"_blank\" rel=\"noopener noreferrer\">Facebook<\/a>.<\/p>\n<!-- AddThis Advanced Settings generic via filter on the_content --><!-- AddThis Share Buttons generic via filter on the_content -->","protected":false},"excerpt":{"rendered":"<p>On l&#8217;attendait, la voici ! La com\u00e8te C\/2023 A3 Tsuchinshan-ATLAS est d\u00e9sormais observable en soir\u00e9e. R\u00e9cit depuis Oingt en Beaujolais. Village m\u00e9di\u00e9val : Oingt, l\u2019un des\u00a0plus beaux villages de France, est situ\u00e9 dans le Beaujolais, \u00e0 une trentaine de kilom\u00e8tres de Lyon. C\u2019est l\u2019embl\u00e8me du Pays des Pierres Dor\u00e9es, amusant surnom que l\u2019on doit aux &hellip; <a href=\"https:\/\/blogs.futura-sciences.com\/feldmann\/2024\/10\/14\/la-comete-tsuchinshan-atlas-au-dessus-du-village-d-oingt\/\" class=\"more-link\">Continuer la lecture de <span class=\"screen-reader-text\">La com\u00e8te Tsuchinshan-ATLAS au-dessus du village d&#8217;Oingt<\/span>  <span class=\"meta-nav\">&rarr;<\/span><\/a><!-- AddThis Advanced Settings generic via filter on get_the_excerpt --><!-- AddThis Share Buttons generic via filter on get_the_excerpt --><\/p>\n","protected":false},"author":8,"featured_media":20292,"comment_status":"open","ping_status":"open","sticky":false,"template":"","format":"standard","meta":{"footnotes":"","_links_to":"","_links_to_target":""},"categories":[509],"tags":[2906,3636,3347],"class_list":["post-20291","post","type-post","status-publish","format-standard","has-post-thumbnail","hentry","category-actualites","tag-beaujolais","tag-comete-c-2023-a3-tsuchinshan-atlas","tag-oingt"],"yoast_head":"<!-- This site is optimized with the Yoast SEO plugin v24.1 - https:\/\/yoast.com\/wordpress\/plugins\/seo\/ -->\n<title>La com\u00e8te Tsuchinshan-ATLAS au-dessus du village d&#039;Oingt<\/title>\n<meta name=\"description\" content=\"On l&#039;attendait, la voici ! La com\u00e8te C\/2023 A3 Tsuchinshan-ATLAS est d\u00e9sormais observable en soir\u00e9e. R\u00e9cit depuis Oingt en Beaujolais.\" \/>\n<meta name=\"robots\" content=\"index, follow, max-snippet:-1, max-image-preview:large, max-video-preview:-1\" \/>\n<link rel=\"canonical\" href=\"https:\/\/blogs.futura-sciences.com\/feldmann\/2024\/10\/14\/la-comete-tsuchinshan-atlas-au-dessus-du-village-d-oingt\/\" \/>\n<meta property=\"og:locale\" content=\"fr_FR\" \/>\n<meta property=\"og:type\" content=\"article\" \/>\n<meta property=\"og:title\" content=\"La com\u00e8te Tsuchinshan-ATLAS au-dessus du village d&#039;Oingt\" \/>\n<meta property=\"og:description\" content=\"On l&#039;attendait, la voici ! La com\u00e8te C\/2023 A3 Tsuchinshan-ATLAS est d\u00e9sormais observable en soir\u00e9e. R\u00e9cit depuis Oingt en Beaujolais.\" \/>\n<meta property=\"og:url\" content=\"https:\/\/blogs.futura-sciences.com\/feldmann\/2024\/10\/14\/la-comete-tsuchinshan-atlas-au-dessus-du-village-d-oingt\/\" \/>\n<meta property=\"og:site_name\" content=\"CIELMANIA : le blog de Jean-Baptiste FELDMANN, photographe du ciel\" \/>\n<meta property=\"article:published_time\" content=\"2024-10-14T19:13:31+00:00\" \/>\n<meta property=\"article:modified_time\" content=\"2024-10-23T09:08:31+00:00\" \/>\n<meta property=\"og:image\" content=\"https:\/\/blogs.futura-sciences.com\/feldmann\/wp-content\/uploads\/sites\/9\/2024\/10\/comet2.jpg\" \/>\n\t<meta property=\"og:image:width\" content=\"1500\" \/>\n\t<meta property=\"og:image:height\" content=\"901\" \/>\n\t<meta property=\"og:image:type\" content=\"image\/jpeg\" \/>\n<meta name=\"author\" content=\"Jean-Baptiste FELDMANN\" \/>\n<meta name=\"twitter:card\" content=\"summary_large_image\" \/>\n<meta name=\"twitter:label1\" content=\"\u00c9crit par\" \/>\n\t<meta name=\"twitter:data1\" content=\"Jean-Baptiste FELDMANN\" \/>\n\t<meta name=\"twitter:label2\" content=\"Dur\u00e9e de lecture estim\u00e9e\" \/>\n\t<meta name=\"twitter:data2\" content=\"3 minutes\" \/>\n<script type=\"application\/ld+json\" class=\"yoast-schema-graph\">{\"@context\":\"https:\/\/schema.org\",\"@graph\":[{\"@type\":\"WebPage\",\"@id\":\"https:\/\/blogs.futura-sciences.com\/feldmann\/2024\/10\/14\/la-comete-tsuchinshan-atlas-au-dessus-du-village-d-oingt\/\",\"url\":\"https:\/\/blogs.futura-sciences.com\/feldmann\/2024\/10\/14\/la-comete-tsuchinshan-atlas-au-dessus-du-village-d-oingt\/\",\"name\":\"La com\u00e8te Tsuchinshan-ATLAS au-dessus du village d'Oingt\",\"isPartOf\":{\"@id\":\"https:\/\/blogs.futura-sciences.com\/feldmann\/#website\"},\"primaryImageOfPage\":{\"@id\":\"https:\/\/blogs.futura-sciences.com\/feldmann\/2024\/10\/14\/la-comete-tsuchinshan-atlas-au-dessus-du-village-d-oingt\/#primaryimage\"},\"image\":{\"@id\":\"https:\/\/blogs.futura-sciences.com\/feldmann\/2024\/10\/14\/la-comete-tsuchinshan-atlas-au-dessus-du-village-d-oingt\/#primaryimage\"},\"thumbnailUrl\":\"https:\/\/blogs.futura-sciences.com\/feldmann\/wp-content\/uploads\/sites\/9\/2024\/10\/comet2.jpg\",\"datePublished\":\"2024-10-14T19:13:31+00:00\",\"dateModified\":\"2024-10-23T09:08:31+00:00\",\"author\":{\"@id\":\"https:\/\/blogs.futura-sciences.com\/feldmann\/#\/schema\/person\/62b391b709c307783237b759b62731ea\"},\"description\":\"On l'attendait, la voici ! La com\u00e8te C\/2023 A3 Tsuchinshan-ATLAS est d\u00e9sormais observable en soir\u00e9e. R\u00e9cit depuis Oingt en Beaujolais.\",\"inLanguage\":\"fr-FR\",\"potentialAction\":[{\"@type\":\"ReadAction\",\"target\":[\"https:\/\/blogs.futura-sciences.com\/feldmann\/2024\/10\/14\/la-comete-tsuchinshan-atlas-au-dessus-du-village-d-oingt\/\"]}]},{\"@type\":\"ImageObject\",\"inLanguage\":\"fr-FR\",\"@id\":\"https:\/\/blogs.futura-sciences.com\/feldmann\/2024\/10\/14\/la-comete-tsuchinshan-atlas-au-dessus-du-village-d-oingt\/#primaryimage\",\"url\":\"https:\/\/blogs.futura-sciences.com\/feldmann\/wp-content\/uploads\/sites\/9\/2024\/10\/comet2.jpg\",\"contentUrl\":\"https:\/\/blogs.futura-sciences.com\/feldmann\/wp-content\/uploads\/sites\/9\/2024\/10\/comet2.jpg\",\"width\":1500,\"height\":901,\"caption\":\"La com\u00e8te C\/2023 A3 Tsuchinshan-ATLAS le 13 octobre 2024 en train de glisser derri\u00e8re Oingt en Beaujolais, l'un des plus beaux villages de France. \u00a9 Jean-Baptiste Feldmann\"},{\"@type\":\"WebSite\",\"@id\":\"https:\/\/blogs.futura-sciences.com\/feldmann\/#website\",\"url\":\"https:\/\/blogs.futura-sciences.com\/feldmann\/\",\"name\":\"CIELMANIA : le blog de Jean-Baptiste FELDMANN, photographe du ciel\",\"description\":\"&quot;J&#039;ai en moi un besoin terrible. Dirais-je le mot? La religion. Alors, je sors la nuit et je peins des \u00e9toiles.&quot;  Vincent van Gogh\",\"potentialAction\":[{\"@type\":\"SearchAction\",\"target\":{\"@type\":\"EntryPoint\",\"urlTemplate\":\"https:\/\/blogs.futura-sciences.com\/feldmann\/?s={search_term_string}\"},\"query-input\":{\"@type\":\"PropertyValueSpecification\",\"valueRequired\":true,\"valueName\":\"search_term_string\"}}],\"inLanguage\":\"fr-FR\"},{\"@type\":\"Person\",\"@id\":\"https:\/\/blogs.futura-sciences.com\/feldmann\/#\/schema\/person\/62b391b709c307783237b759b62731ea\",\"name\":\"Jean-Baptiste FELDMANN\",\"image\":{\"@type\":\"ImageObject\",\"inLanguage\":\"fr-FR\",\"@id\":\"https:\/\/blogs.futura-sciences.com\/feldmann\/#\/schema\/person\/image\/\",\"url\":\"https:\/\/secure.gravatar.com\/avatar\/41f96607fde7a81a14570eec74177c42?s=96&d=mm&r=g\",\"contentUrl\":\"https:\/\/secure.gravatar.com\/avatar\/41f96607fde7a81a14570eec74177c42?s=96&d=mm&r=g\",\"caption\":\"Jean-Baptiste FELDMANN\"},\"url\":\"https:\/\/blogs.futura-sciences.com\/feldmann\/author\/jbfe\/\"}]}<\/script>\n<!-- \/ Yoast SEO plugin. -->","yoast_head_json":{"title":"La com\u00e8te Tsuchinshan-ATLAS au-dessus du village d'Oingt","description":"On l'attendait, la voici ! La com\u00e8te C\/2023 A3 Tsuchinshan-ATLAS est d\u00e9sormais observable en soir\u00e9e. R\u00e9cit depuis Oingt en Beaujolais.","robots":{"index":"index","follow":"follow","max-snippet":"max-snippet:-1","max-image-preview":"max-image-preview:large","max-video-preview":"max-video-preview:-1"},"canonical":"https:\/\/blogs.futura-sciences.com\/feldmann\/2024\/10\/14\/la-comete-tsuchinshan-atlas-au-dessus-du-village-d-oingt\/","og_locale":"fr_FR","og_type":"article","og_title":"La com\u00e8te Tsuchinshan-ATLAS au-dessus du village d'Oingt","og_description":"On l'attendait, la voici ! La com\u00e8te C\/2023 A3 Tsuchinshan-ATLAS est d\u00e9sormais observable en soir\u00e9e. R\u00e9cit depuis Oingt en Beaujolais.","og_url":"https:\/\/blogs.futura-sciences.com\/feldmann\/2024\/10\/14\/la-comete-tsuchinshan-atlas-au-dessus-du-village-d-oingt\/","og_site_name":"CIELMANIA : le blog de Jean-Baptiste FELDMANN, photographe du ciel","article_published_time":"2024-10-14T19:13:31+00:00","article_modified_time":"2024-10-23T09:08:31+00:00","og_image":[{"width":1500,"height":901,"url":"https:\/\/blogs.futura-sciences.com\/feldmann\/wp-content\/uploads\/sites\/9\/2024\/10\/comet2.jpg","type":"image\/jpeg"}],"author":"Jean-Baptiste FELDMANN","twitter_card":"summary_large_image","twitter_misc":{"\u00c9crit par":"Jean-Baptiste FELDMANN","Dur\u00e9e de lecture estim\u00e9e":"3 minutes"},"schema":{"@context":"https:\/\/schema.org","@graph":[{"@type":"WebPage","@id":"https:\/\/blogs.futura-sciences.com\/feldmann\/2024\/10\/14\/la-comete-tsuchinshan-atlas-au-dessus-du-village-d-oingt\/","url":"https:\/\/blogs.futura-sciences.com\/feldmann\/2024\/10\/14\/la-comete-tsuchinshan-atlas-au-dessus-du-village-d-oingt\/","name":"La com\u00e8te Tsuchinshan-ATLAS au-dessus du village d'Oingt","isPartOf":{"@id":"https:\/\/blogs.futura-sciences.com\/feldmann\/#website"},"primaryImageOfPage":{"@id":"https:\/\/blogs.futura-sciences.com\/feldmann\/2024\/10\/14\/la-comete-tsuchinshan-atlas-au-dessus-du-village-d-oingt\/#primaryimage"},"image":{"@id":"https:\/\/blogs.futura-sciences.com\/feldmann\/2024\/10\/14\/la-comete-tsuchinshan-atlas-au-dessus-du-village-d-oingt\/#primaryimage"},"thumbnailUrl":"https:\/\/blogs.futura-sciences.com\/feldmann\/wp-content\/uploads\/sites\/9\/2024\/10\/comet2.jpg","datePublished":"2024-10-14T19:13:31+00:00","dateModified":"2024-10-23T09:08:31+00:00","author":{"@id":"https:\/\/blogs.futura-sciences.com\/feldmann\/#\/schema\/person\/62b391b709c307783237b759b62731ea"},"description":"On l'attendait, la voici ! La com\u00e8te C\/2023 A3 Tsuchinshan-ATLAS est d\u00e9sormais observable en soir\u00e9e. R\u00e9cit depuis Oingt en Beaujolais.","inLanguage":"fr-FR","potentialAction":[{"@type":"ReadAction","target":["https:\/\/blogs.futura-sciences.com\/feldmann\/2024\/10\/14\/la-comete-tsuchinshan-atlas-au-dessus-du-village-d-oingt\/"]}]},{"@type":"ImageObject","inLanguage":"fr-FR","@id":"https:\/\/blogs.futura-sciences.com\/feldmann\/2024\/10\/14\/la-comete-tsuchinshan-atlas-au-dessus-du-village-d-oingt\/#primaryimage","url":"https:\/\/blogs.futura-sciences.com\/feldmann\/wp-content\/uploads\/sites\/9\/2024\/10\/comet2.jpg","contentUrl":"https:\/\/blogs.futura-sciences.com\/feldmann\/wp-content\/uploads\/sites\/9\/2024\/10\/comet2.jpg","width":1500,"height":901,"caption":"La com\u00e8te C\/2023 A3 Tsuchinshan-ATLAS le 13 octobre 2024 en train de glisser derri\u00e8re Oingt en Beaujolais, l'un des plus beaux villages de France. \u00a9 Jean-Baptiste Feldmann"},{"@type":"WebSite","@id":"https:\/\/blogs.futura-sciences.com\/feldmann\/#website","url":"https:\/\/blogs.futura-sciences.com\/feldmann\/","name":"CIELMANIA : le blog de Jean-Baptiste FELDMANN, photographe du ciel","description":"&quot;J&#039;ai en moi un besoin terrible. Dirais-je le mot? La religion. Alors, je sors la nuit et je peins des \u00e9toiles.&quot;  Vincent van Gogh","potentialAction":[{"@type":"SearchAction","target":{"@type":"EntryPoint","urlTemplate":"https:\/\/blogs.futura-sciences.com\/feldmann\/?s={search_term_string}"},"query-input":{"@type":"PropertyValueSpecification","valueRequired":true,"valueName":"search_term_string"}}],"inLanguage":"fr-FR"},{"@type":"Person","@id":"https:\/\/blogs.futura-sciences.com\/feldmann\/#\/schema\/person\/62b391b709c307783237b759b62731ea","name":"Jean-Baptiste FELDMANN","image":{"@type":"ImageObject","inLanguage":"fr-FR","@id":"https:\/\/blogs.futura-sciences.com\/feldmann\/#\/schema\/person\/image\/","url":"https:\/\/secure.gravatar.com\/avatar\/41f96607fde7a81a14570eec74177c42?s=96&d=mm&r=g","contentUrl":"https:\/\/secure.gravatar.com\/avatar\/41f96607fde7a81a14570eec74177c42?s=96&d=mm&r=g","caption":"Jean-Baptiste FELDMANN"},"url":"https:\/\/blogs.futura-sciences.com\/feldmann\/author\/jbfe\/"}]}},"_links":{"self":[{"href":"https:\/\/blogs.futura-sciences.com\/feldmann\/wp-json\/wp\/v2\/posts\/20291","targetHints":{"allow":["GET"]}}],"collection":[{"href":"https:\/\/blogs.futura-sciences.com\/feldmann\/wp-json\/wp\/v2\/posts"}],"about":[{"href":"https:\/\/blogs.futura-sciences.com\/feldmann\/wp-json\/wp\/v2\/types\/post"}],"author":[{"embeddable":true,"href":"https:\/\/blogs.futura-sciences.com\/feldmann\/wp-json\/wp\/v2\/users\/8"}],"replies":[{"embeddable":true,"href":"https:\/\/blogs.futura-sciences.com\/feldmann\/wp-json\/wp\/v2\/comments?post=20291"}],"version-history":[{"count":4,"href":"https:\/\/blogs.futura-sciences.com\/feldmann\/wp-json\/wp\/v2\/posts\/20291\/revisions"}],"predecessor-version":[{"id":20297,"href":"https:\/\/blogs.futura-sciences.com\/feldmann\/wp-json\/wp\/v2\/posts\/20291\/revisions\/20297"}],"wp:featuredmedia":[{"embeddable":true,"href":"https:\/\/blogs.futura-sciences.com\/feldmann\/wp-json\/wp\/v2\/media\/20292"}],"wp:attachment":[{"href":"https:\/\/blogs.futura-sciences.com\/feldmann\/wp-json\/wp\/v2\/media?parent=20291"}],"wp:term":[{"taxonomy":"category","embeddable":true,"href":"https:\/\/blogs.futura-sciences.com\/feldmann\/wp-json\/wp\/v2\/categories?post=20291"},{"taxonomy":"post_tag","embeddable":true,"href":"https:\/\/blogs.futura-sciences.com\/feldmann\/wp-json\/wp\/v2\/tags?post=20291"}],"curies":[{"name":"wp","href":"https:\/\/api.w.org\/{rel}","templated":true}]}}