{"id":1948,"date":"2015-02-27T06:05:23","date_gmt":"2015-02-27T06:05:23","guid":{"rendered":"https:\/\/blogs.futura-sciences.com\/feldmann\/?p=1948"},"modified":"2015-03-01T10:20:06","modified_gmt":"2015-03-01T10:20:06","slug":"les-etonnants-nuages-geants-de-la-planete-mars","status":"publish","type":"post","link":"https:\/\/blogs.futura-sciences.com\/feldmann\/2015\/02\/27\/les-etonnants-nuages-geants-de-la-planete-mars\/","title":{"rendered":"Les \u00e9tonnants nuages g\u00e9ants de la plan\u00e8te Mars"},"content":{"rendered":"<p>La plan\u00e8te <a title=\"Un selfie avec les plan\u00e8tes Mars et V\u00e9nus\" href=\"https:\/\/blogs.futura-sciences.com\/feldmann\/2015\/02\/16\/un-selfie-avec-les-planetes-mars-et-venus\/\" target=\"_blank\">Mars <\/a>a toujours fascin\u00e9 les hommes tant elle leur rappelle la Terre, avec ses saisons, ses <a title=\"Mars : des chutes de neige carbonique sur la Plan\u00e8te rouge !\" href=\"http:\/\/www.futura-sciences.com\/magazines\/espace\/infos\/actu\/d\/astronomie-mars-chutes-neige-carbonique-planete-rouge-41202\/\" target=\"_blank\">calottes polaires<\/a> et sa rotation en un peu plus de 24 heures. Les humains ont report\u00e9 tous leurs fantasmes sur la quatri\u00e8me plan\u00e8te du Syst\u00e8me solaire\u00a0: ils ont cru y voir des canaux artificiels \u00e0 la fin du dix-neuvi\u00e8me si\u00e8cle puis ils l&#8217;ont peupl\u00e9e de cr\u00e9atures hostiles pendant les d\u00e9cennies suivantes, de terribles martiens ou petits hommes verts qui n&#8217;h\u00e9sitaient pas \u00e0 venir nous an\u00e9antir.<\/p>\n<p><a href=\"https:\/\/blogs.futura-sciences.com\/feldmann\/wp-content\/uploads\/sites\/9\/2015\/02\/mars1.jpg\" rel=\"lightbox[1948]\"><img loading=\"lazy\" decoding=\"async\" class=\"alignnone size-medium wp-image-1950\" src=\"https:\/\/blogs.futura-sciences.com\/feldmann\/wp-content\/uploads\/sites\/9\/2015\/02\/mars1-450x350.jpg\" alt=\"mars1\" width=\"450\" height=\"350\" srcset=\"https:\/\/blogs.futura-sciences.com\/feldmann\/wp-content\/uploads\/sites\/9\/2015\/02\/mars1-450x350.jpg 450w, https:\/\/blogs.futura-sciences.com\/feldmann\/wp-content\/uploads\/sites\/9\/2015\/02\/mars1-1024x797.jpg 1024w, https:\/\/blogs.futura-sciences.com\/feldmann\/wp-content\/uploads\/sites\/9\/2015\/02\/mars1.jpg 1200w\" sizes=\"auto, (max-width: 450px) 100vw, 450px\" \/><\/a><\/p>\n<p>Encore aujourd&#8217;hui certains interpr\u00e8tent de fa\u00e7on fantaisiste les images envoy\u00e9es par les rovers comme Opportunity, qui aurait m\u00eame photographi\u00e9 un <a title=\"Le cercueil sur Mars, une par\u00e9idolie\" href=\"https:\/\/blogs.futura-sciences.com\/feldmann\/2015\/01\/06\/le-cercueil-sur-mars-une-pareidolie\/\" target=\"_blank\">cercueil sur Mars<\/a>\u00a0!<\/p>\n<p><!--more-->Oublions ce folklore et reconnaissons cependant que la Plan\u00e8te rouge n&#8217;a pas encore livr\u00e9 tous ses secrets, malgr\u00e9 l&#8217;armada de sondes et de robots qui l&#8217;auscultent depuis les d\u00e9buts de la conqu\u00eate de l&#8217;espace et les nombreux <a title=\"En images : les t\u00e9lescopes des amateurs\" href=\"https:\/\/blogs.futura-sciences.com\/feldmann\/2014\/05\/14\/en-images-les-telescopes-amateurs\/\" target=\"_blank\">t\u00e9lescopes <\/a>terrestres qui la pointent en permanence. C&#8217;est \u00e0 ces derniers que l&#8217;on doit la d\u00e9tection d&#8217;\u00e9tranges nuages g\u00e9ants.<\/p>\n<p>Comme le rapporte un article r\u00e9cent publi\u00e9 par la revue <a title=\"Martian mystery cloud defies explanation\" href=\"http:\/\/www.nature.com\/news\/martian-mystery-cloud-defies-explanation-1.16924\" target=\"_blank\">Nature<\/a>, tout a commenc\u00e9 en 2012 lorsque des <a title=\"Lumi\u00e8re rouge pour les astronomes\" href=\"https:\/\/blogs.futura-sciences.com\/feldmann\/2014\/12\/14\/lumiere-rouge-les-astronomes\/\" target=\"_blank\">astronomes<\/a> amateurs ont photographi\u00e9 une immense temp\u00eate, ph\u00e9nom\u00e8ne assez courant sur la plan\u00e8te <a title=\"Le crat\u00e8re Gale, sur Mars, est un ancien lac\" href=\"https:\/\/blogs.futura-sciences.com\/feldmann\/2014\/12\/15\/le-cratere-gale-sur-mars-est-un-ancien-lac\/\" target=\"_blank\">Mars<\/a>. Mais c&#8217;est la hauteur de ces nuages qui a stup\u00e9fait tout le monde\u00a0: entre 200 et 250 km d&#8217;altitude, l\u00e0 o\u00f9 l&#8217;atmosph\u00e8re martienne est beaucoup trop t\u00e9nue pour que se forment des nuages. En fouillant dans les archives du <a title=\"Hubble Site\" href=\"http:\/\/hubblesite.org\/\" target=\"_blank\">t\u00e9lescope spatial Hubble<\/a> les scientifiques ont retrouv\u00e9 trace d&#8217;autres apparitions de nuages aussi \u00e9lev\u00e9s dont personne ne peut actuellement expliquer l&#8217;existence.<\/p>\n<p>Les chercheurs esp\u00e8rent que les r\u00e9cents orbiteurs Mangalyaan et <a title=\"La sonde spatiale Maven est arriv\u00e9e autour de Mars\" href=\"http:\/\/www.futura-sciences.com\/magazines\/espace\/infos\/actu\/d\/maven-sonde-spatiale-maven-arrivee-autour-mars-55332\/\" target=\"_blank\">Maven <\/a>pourront contribuer \u00e0 r\u00e9soudre cette nouvelle \u00e9nigme martienne. En attendant je vous invite \u00e0 suivre l&#8217;actualit\u00e9 de la Plan\u00e8te rouge sur le blog du g\u00e9ologue Charles Frankel, <a title=\"Carnets de bord d'un martien\" href=\"https:\/\/blogs.futura-sciences.com\/frankel\/\" target=\"_blank\">carnets de bord d&#8217;un martien<\/a>.<\/p>\n<!-- AddThis Advanced Settings generic via filter on the_content --><!-- AddThis Share Buttons generic via filter on the_content -->","protected":false},"excerpt":{"rendered":"<p>La plan\u00e8te Mars a toujours fascin\u00e9 les hommes tant elle leur rappelle la Terre, avec ses saisons, ses calottes polaires et sa rotation en un peu plus de 24 heures. Les humains ont report\u00e9 tous leurs fantasmes sur la quatri\u00e8me plan\u00e8te du Syst\u00e8me solaire\u00a0: ils ont cru y voir des canaux artificiels \u00e0 la fin &hellip; <a href=\"https:\/\/blogs.futura-sciences.com\/feldmann\/2015\/02\/27\/les-etonnants-nuages-geants-de-la-planete-mars\/\" class=\"more-link\">Continuer la lecture de <span class=\"screen-reader-text\">Les \u00e9tonnants nuages g\u00e9ants de la plan\u00e8te Mars<\/span>  <span class=\"meta-nav\">&rarr;<\/span><\/a><!-- AddThis Advanced Settings generic via filter on get_the_excerpt --><!-- AddThis Share Buttons generic via filter on get_the_excerpt --><\/p>\n","protected":false},"author":8,"featured_media":1950,"comment_status":"open","ping_status":"open","sticky":false,"template":"","format":"standard","meta":{"footnotes":"","_links_to":"","_links_to_target":""},"categories":[509],"tags":[125,855,856,116,857,155,776,534,115,96,544,545],"class_list":["post-1948","post","type-post","status-publish","format-standard","has-post-thumbnail","hentry","category-actualites","tag-atmosphere","tag-calotte-polaire","tag-mangalyaan","tag-mars","tag-maven","tag-nuage","tag-opportunity","tag-orbiteur","tag-planete-rouge","tag-telescope","tag-telescope-spatial-hubble","tag-tempete"],"yoast_head":"<!-- This site is optimized with the Yoast SEO plugin v24.1 - https:\/\/yoast.com\/wordpress\/plugins\/seo\/ -->\n<title>Les \u00e9tonnants nuages g\u00e9ants de la plan\u00e8te Mars<\/title>\n<meta name=\"robots\" content=\"index, follow, max-snippet:-1, max-image-preview:large, max-video-preview:-1\" \/>\n<link rel=\"canonical\" href=\"https:\/\/blogs.futura-sciences.com\/feldmann\/2015\/02\/27\/les-etonnants-nuages-geants-de-la-planete-mars\/\" \/>\n<meta property=\"og:locale\" content=\"fr_FR\" \/>\n<meta property=\"og:type\" content=\"article\" \/>\n<meta property=\"og:title\" content=\"Les \u00e9tonnants nuages g\u00e9ants de la plan\u00e8te Mars\" \/>\n<meta property=\"og:description\" content=\"La plan\u00e8te Mars a toujours fascin\u00e9 les hommes tant elle leur rappelle la Terre, avec ses saisons, ses calottes polaires et sa rotation en un peu plus de 24 heures. Les humains ont report\u00e9 tous leurs fantasmes sur la quatri\u00e8me plan\u00e8te du Syst\u00e8me solaire\u00a0: ils ont cru y voir des canaux artificiels \u00e0 la fin &hellip; Continuer la lecture de Les \u00e9tonnants nuages g\u00e9ants de la plan\u00e8te Mars &rarr;\" \/>\n<meta property=\"og:url\" content=\"https:\/\/blogs.futura-sciences.com\/feldmann\/2015\/02\/27\/les-etonnants-nuages-geants-de-la-planete-mars\/\" \/>\n<meta property=\"og:site_name\" content=\"CIELMANIA : le blog de Jean-Baptiste FELDMANN, photographe du ciel\" \/>\n<meta property=\"article:published_time\" content=\"2015-02-27T06:05:23+00:00\" \/>\n<meta property=\"article:modified_time\" content=\"2015-03-01T10:20:06+00:00\" \/>\n<meta property=\"og:image\" content=\"https:\/\/blogs.futura-sciences.com\/feldmann\/wp-content\/uploads\/sites\/9\/2015\/02\/mars1.jpg\" \/>\n\t<meta property=\"og:image:width\" content=\"1200\" \/>\n\t<meta property=\"og:image:height\" content=\"935\" \/>\n\t<meta property=\"og:image:type\" content=\"image\/jpeg\" \/>\n<meta name=\"author\" content=\"Jean-Baptiste FELDMANN\" \/>\n<meta name=\"twitter:card\" content=\"summary_large_image\" \/>\n<meta name=\"twitter:label1\" content=\"\u00c9crit par\" \/>\n\t<meta name=\"twitter:data1\" content=\"Jean-Baptiste FELDMANN\" \/>\n\t<meta name=\"twitter:label2\" content=\"Dur\u00e9e de lecture estim\u00e9e\" \/>\n\t<meta name=\"twitter:data2\" content=\"2 minutes\" \/>\n<script type=\"application\/ld+json\" class=\"yoast-schema-graph\">{\"@context\":\"https:\/\/schema.org\",\"@graph\":[{\"@type\":\"WebPage\",\"@id\":\"https:\/\/blogs.futura-sciences.com\/feldmann\/2015\/02\/27\/les-etonnants-nuages-geants-de-la-planete-mars\/\",\"url\":\"https:\/\/blogs.futura-sciences.com\/feldmann\/2015\/02\/27\/les-etonnants-nuages-geants-de-la-planete-mars\/\",\"name\":\"Les \u00e9tonnants nuages g\u00e9ants de la plan\u00e8te Mars\",\"isPartOf\":{\"@id\":\"https:\/\/blogs.futura-sciences.com\/feldmann\/#website\"},\"primaryImageOfPage\":{\"@id\":\"https:\/\/blogs.futura-sciences.com\/feldmann\/2015\/02\/27\/les-etonnants-nuages-geants-de-la-planete-mars\/#primaryimage\"},\"image\":{\"@id\":\"https:\/\/blogs.futura-sciences.com\/feldmann\/2015\/02\/27\/les-etonnants-nuages-geants-de-la-planete-mars\/#primaryimage\"},\"thumbnailUrl\":\"https:\/\/blogs.futura-sciences.com\/feldmann\/wp-content\/uploads\/sites\/9\/2015\/02\/mars1.jpg\",\"datePublished\":\"2015-02-27T06:05:23+00:00\",\"dateModified\":\"2015-03-01T10:20:06+00:00\",\"author\":{\"@id\":\"https:\/\/blogs.futura-sciences.com\/feldmann\/#\/schema\/person\/62b391b709c307783237b759b62731ea\"},\"inLanguage\":\"fr-FR\",\"potentialAction\":[{\"@type\":\"ReadAction\",\"target\":[\"https:\/\/blogs.futura-sciences.com\/feldmann\/2015\/02\/27\/les-etonnants-nuages-geants-de-la-planete-mars\/\"]}]},{\"@type\":\"ImageObject\",\"inLanguage\":\"fr-FR\",\"@id\":\"https:\/\/blogs.futura-sciences.com\/feldmann\/2015\/02\/27\/les-etonnants-nuages-geants-de-la-planete-mars\/#primaryimage\",\"url\":\"https:\/\/blogs.futura-sciences.com\/feldmann\/wp-content\/uploads\/sites\/9\/2015\/02\/mars1.jpg\",\"contentUrl\":\"https:\/\/blogs.futura-sciences.com\/feldmann\/wp-content\/uploads\/sites\/9\/2015\/02\/mars1.jpg\",\"width\":1200,\"height\":935},{\"@type\":\"WebSite\",\"@id\":\"https:\/\/blogs.futura-sciences.com\/feldmann\/#website\",\"url\":\"https:\/\/blogs.futura-sciences.com\/feldmann\/\",\"name\":\"CIELMANIA : le blog de Jean-Baptiste FELDMANN, photographe du ciel\",\"description\":\"&quot;J&#039;ai en moi un besoin terrible. Dirais-je le mot? La religion. Alors, je sors la nuit et je peins des \u00e9toiles.&quot;  Vincent van Gogh\",\"potentialAction\":[{\"@type\":\"SearchAction\",\"target\":{\"@type\":\"EntryPoint\",\"urlTemplate\":\"https:\/\/blogs.futura-sciences.com\/feldmann\/?s={search_term_string}\"},\"query-input\":{\"@type\":\"PropertyValueSpecification\",\"valueRequired\":true,\"valueName\":\"search_term_string\"}}],\"inLanguage\":\"fr-FR\"},{\"@type\":\"Person\",\"@id\":\"https:\/\/blogs.futura-sciences.com\/feldmann\/#\/schema\/person\/62b391b709c307783237b759b62731ea\",\"name\":\"Jean-Baptiste FELDMANN\",\"image\":{\"@type\":\"ImageObject\",\"inLanguage\":\"fr-FR\",\"@id\":\"https:\/\/blogs.futura-sciences.com\/feldmann\/#\/schema\/person\/image\/\",\"url\":\"https:\/\/secure.gravatar.com\/avatar\/41f96607fde7a81a14570eec74177c42?s=96&d=mm&r=g\",\"contentUrl\":\"https:\/\/secure.gravatar.com\/avatar\/41f96607fde7a81a14570eec74177c42?s=96&d=mm&r=g\",\"caption\":\"Jean-Baptiste FELDMANN\"},\"url\":\"https:\/\/blogs.futura-sciences.com\/feldmann\/author\/jbfe\/\"}]}<\/script>\n<!-- \/ Yoast SEO plugin. -->","yoast_head_json":{"title":"Les \u00e9tonnants nuages g\u00e9ants de la plan\u00e8te Mars","robots":{"index":"index","follow":"follow","max-snippet":"max-snippet:-1","max-image-preview":"max-image-preview:large","max-video-preview":"max-video-preview:-1"},"canonical":"https:\/\/blogs.futura-sciences.com\/feldmann\/2015\/02\/27\/les-etonnants-nuages-geants-de-la-planete-mars\/","og_locale":"fr_FR","og_type":"article","og_title":"Les \u00e9tonnants nuages g\u00e9ants de la plan\u00e8te Mars","og_description":"La plan\u00e8te Mars a toujours fascin\u00e9 les hommes tant elle leur rappelle la Terre, avec ses saisons, ses calottes polaires et sa rotation en un peu plus de 24 heures. Les humains ont report\u00e9 tous leurs fantasmes sur la quatri\u00e8me plan\u00e8te du Syst\u00e8me solaire\u00a0: ils ont cru y voir des canaux artificiels \u00e0 la fin &hellip; Continuer la lecture de Les \u00e9tonnants nuages g\u00e9ants de la plan\u00e8te Mars &rarr;","og_url":"https:\/\/blogs.futura-sciences.com\/feldmann\/2015\/02\/27\/les-etonnants-nuages-geants-de-la-planete-mars\/","og_site_name":"CIELMANIA : le blog de Jean-Baptiste FELDMANN, photographe du ciel","article_published_time":"2015-02-27T06:05:23+00:00","article_modified_time":"2015-03-01T10:20:06+00:00","og_image":[{"width":1200,"height":935,"url":"https:\/\/blogs.futura-sciences.com\/feldmann\/wp-content\/uploads\/sites\/9\/2015\/02\/mars1.jpg","type":"image\/jpeg"}],"author":"Jean-Baptiste FELDMANN","twitter_card":"summary_large_image","twitter_misc":{"\u00c9crit par":"Jean-Baptiste FELDMANN","Dur\u00e9e de lecture estim\u00e9e":"2 minutes"},"schema":{"@context":"https:\/\/schema.org","@graph":[{"@type":"WebPage","@id":"https:\/\/blogs.futura-sciences.com\/feldmann\/2015\/02\/27\/les-etonnants-nuages-geants-de-la-planete-mars\/","url":"https:\/\/blogs.futura-sciences.com\/feldmann\/2015\/02\/27\/les-etonnants-nuages-geants-de-la-planete-mars\/","name":"Les \u00e9tonnants nuages g\u00e9ants de la plan\u00e8te Mars","isPartOf":{"@id":"https:\/\/blogs.futura-sciences.com\/feldmann\/#website"},"primaryImageOfPage":{"@id":"https:\/\/blogs.futura-sciences.com\/feldmann\/2015\/02\/27\/les-etonnants-nuages-geants-de-la-planete-mars\/#primaryimage"},"image":{"@id":"https:\/\/blogs.futura-sciences.com\/feldmann\/2015\/02\/27\/les-etonnants-nuages-geants-de-la-planete-mars\/#primaryimage"},"thumbnailUrl":"https:\/\/blogs.futura-sciences.com\/feldmann\/wp-content\/uploads\/sites\/9\/2015\/02\/mars1.jpg","datePublished":"2015-02-27T06:05:23+00:00","dateModified":"2015-03-01T10:20:06+00:00","author":{"@id":"https:\/\/blogs.futura-sciences.com\/feldmann\/#\/schema\/person\/62b391b709c307783237b759b62731ea"},"inLanguage":"fr-FR","potentialAction":[{"@type":"ReadAction","target":["https:\/\/blogs.futura-sciences.com\/feldmann\/2015\/02\/27\/les-etonnants-nuages-geants-de-la-planete-mars\/"]}]},{"@type":"ImageObject","inLanguage":"fr-FR","@id":"https:\/\/blogs.futura-sciences.com\/feldmann\/2015\/02\/27\/les-etonnants-nuages-geants-de-la-planete-mars\/#primaryimage","url":"https:\/\/blogs.futura-sciences.com\/feldmann\/wp-content\/uploads\/sites\/9\/2015\/02\/mars1.jpg","contentUrl":"https:\/\/blogs.futura-sciences.com\/feldmann\/wp-content\/uploads\/sites\/9\/2015\/02\/mars1.jpg","width":1200,"height":935},{"@type":"WebSite","@id":"https:\/\/blogs.futura-sciences.com\/feldmann\/#website","url":"https:\/\/blogs.futura-sciences.com\/feldmann\/","name":"CIELMANIA : le blog de Jean-Baptiste FELDMANN, photographe du ciel","description":"&quot;J&#039;ai en moi un besoin terrible. Dirais-je le mot? La religion. Alors, je sors la nuit et je peins des \u00e9toiles.&quot;  Vincent van Gogh","potentialAction":[{"@type":"SearchAction","target":{"@type":"EntryPoint","urlTemplate":"https:\/\/blogs.futura-sciences.com\/feldmann\/?s={search_term_string}"},"query-input":{"@type":"PropertyValueSpecification","valueRequired":true,"valueName":"search_term_string"}}],"inLanguage":"fr-FR"},{"@type":"Person","@id":"https:\/\/blogs.futura-sciences.com\/feldmann\/#\/schema\/person\/62b391b709c307783237b759b62731ea","name":"Jean-Baptiste FELDMANN","image":{"@type":"ImageObject","inLanguage":"fr-FR","@id":"https:\/\/blogs.futura-sciences.com\/feldmann\/#\/schema\/person\/image\/","url":"https:\/\/secure.gravatar.com\/avatar\/41f96607fde7a81a14570eec74177c42?s=96&d=mm&r=g","contentUrl":"https:\/\/secure.gravatar.com\/avatar\/41f96607fde7a81a14570eec74177c42?s=96&d=mm&r=g","caption":"Jean-Baptiste FELDMANN"},"url":"https:\/\/blogs.futura-sciences.com\/feldmann\/author\/jbfe\/"}]}},"_links":{"self":[{"href":"https:\/\/blogs.futura-sciences.com\/feldmann\/wp-json\/wp\/v2\/posts\/1948","targetHints":{"allow":["GET"]}}],"collection":[{"href":"https:\/\/blogs.futura-sciences.com\/feldmann\/wp-json\/wp\/v2\/posts"}],"about":[{"href":"https:\/\/blogs.futura-sciences.com\/feldmann\/wp-json\/wp\/v2\/types\/post"}],"author":[{"embeddable":true,"href":"https:\/\/blogs.futura-sciences.com\/feldmann\/wp-json\/wp\/v2\/users\/8"}],"replies":[{"embeddable":true,"href":"https:\/\/blogs.futura-sciences.com\/feldmann\/wp-json\/wp\/v2\/comments?post=1948"}],"version-history":[{"count":3,"href":"https:\/\/blogs.futura-sciences.com\/feldmann\/wp-json\/wp\/v2\/posts\/1948\/revisions"}],"predecessor-version":[{"id":1953,"href":"https:\/\/blogs.futura-sciences.com\/feldmann\/wp-json\/wp\/v2\/posts\/1948\/revisions\/1953"}],"wp:featuredmedia":[{"embeddable":true,"href":"https:\/\/blogs.futura-sciences.com\/feldmann\/wp-json\/wp\/v2\/media\/1950"}],"wp:attachment":[{"href":"https:\/\/blogs.futura-sciences.com\/feldmann\/wp-json\/wp\/v2\/media?parent=1948"}],"wp:term":[{"taxonomy":"category","embeddable":true,"href":"https:\/\/blogs.futura-sciences.com\/feldmann\/wp-json\/wp\/v2\/categories?post=1948"},{"taxonomy":"post_tag","embeddable":true,"href":"https:\/\/blogs.futura-sciences.com\/feldmann\/wp-json\/wp\/v2\/tags?post=1948"}],"curies":[{"name":"wp","href":"https:\/\/api.w.org\/{rel}","templated":true}]}}